{"id":246366,"date":"2022-05-25T17:23:15","date_gmt":"2022-05-25T13:23:15","guid":{"rendered":"https:\/\/www.meydan.tv\/?p=246366"},"modified":"2022-05-26T00:50:10","modified_gmt":"2022-05-25T20:50:10","slug":"azerbaycanda-referenduma-gizli-hazirligin-getdiyi-bildirilir","status":"publish","type":"post","link":"https:\/\/www.meydan.tv\/az\/article\/azerbaycanda-referenduma-gizli-hazirligin-getdiyi-bildirilir\/","title":{"rendered":"Az\u0259rbaycanda referenduma gizli haz\u0131rl\u0131\u011f\u0131n getdiyi bildirilir"},"content":{"rendered":"\n<p><em>&#8220;Bu m\u0259s\u0259l\u0259 &#8220;h\u00f6kum\u0259tin yuxar\u0131 t\u0259b\u0259q\u0259si&#8221;nin ilkin m\u00fczakir\u0259sind\u0259n ke\u00e7ib&#8221;<\/em><\/p>\n\n\n\n<p>\u201cBBC News Az\u0259rbaycanca\u201d Az\u0259rbaycanda h\u00f6kum\u0259tin konstitusiyada d\u0259yi\u015fiklik edilm\u0259si \u00fc\u00e7\u00fcn referendum s\u0259sverm\u0259sin\u0259 haz\u0131rla\u015fmas\u0131 il\u0259 ba\u011fl\u0131 b\u0259zi iddialardan <a href=\"https:\/\/www.bbc.com\/azeri\/articles\/cz9v3wx303po\" target=\"_blank\" rel=\"noreferrer noopener\">yaz\u0131b<\/a>.<\/p>\n\n\n\n<p>Media qurumu yaz\u0131r ki, Bak\u0131, G\u0259nc\u0259, \u015eamax\u0131 v\u0259 Ming\u0259\u00e7evir \u015f\u0259h\u0259rl\u0259rind\u0259 olan m\u0259nb\u0259l\u0259rin yerli icra orqanlar\u0131 t\u0259r\u0259find\u0259n \u00fcmumxalq s\u0259sverm\u0259sin\u0259 haz\u0131rla\u015fd\u0131\u011f\u0131 bildirilir.<\/p>\n\n\n\n<p>\u201cYeni M\u00fcsavat\u201d Media Qrupunun t\u0259sis\u00e7isi Rauf Arifo\u011flu da \u201cBBC News Az\u0259rbaycanca\u201dya deyib ki, h\u00f6kum\u0259td\u0259 t\u0259msil olunan m\u0259nb\u0259l\u0259ri ona n\u00f6vb\u0259ti aylarda referendumun ke\u00e7iril\u0259c\u0259yini bildirib. Onun s\u00f6zl\u0259rin\u0259 g\u00f6r\u0259, konstitusiyaya d\u0259yi\u015fiklik layih\u0259si h\u0259tta \u201ch\u00f6kum\u0259tin yuxar\u0131 t\u0259b\u0259q\u0259si&#8221;nin ilkin m\u00fczakir\u0259l\u0259rind\u0259n ke\u00e7ib.<\/p>\n\n\n\n<p>R.Arifo\u011flu bildirib ki, Qaraba\u011f m\u00fcharib\u0259sind\u0259n sonra Az\u0259rbaycan\u0131n \u00f6z \u0259razi b\u00fct\u00f6vl\u00fcy\u00fcn\u00fc b\u0259rpa etm\u0259si, el\u0259c\u0259 d\u0259 se\u00e7ki v\u0259 siyasi partiyalarla ba\u011fl\u0131 b\u0259zi bo\u015fluqlar\u0131n olmas\u0131 h\u00f6kum\u0259ti konstitusiyada d\u0259yi\u015fiklik aparma\u011fa m\u0259cbur edir:<\/p>\n\n\n\n<div class=\"wp-block-image\"><figure class=\"alignleft size-full is-resized\"><img decoding=\"async\" data-src=\"https:\/\/www.meydan.tv\/wp-content\/uploads\/sddefault-1.jpg\" alt=\"\" class=\"wp-image-246370 lazyload\" width=\"353\" height=\"247\" src=\"data:image\/svg+xml;base64,PHN2ZyB3aWR0aD0iMSIgaGVpZ2h0PSIxIiB4bWxucz0iaHR0cDovL3d3dy53My5vcmcvMjAwMC9zdmciPjwvc3ZnPg==\" style=\"--smush-placeholder-width: 353px; --smush-placeholder-aspect-ratio: 353\/247;\" \/><figcaption>Rauf Arifo\u011flu. Foto: APA<\/figcaption><\/figure><\/div>\n\n\n\n<p>\u201cBildiyim q\u0259d\u0259ri il\u0259 parlamentd\u0259 t\u0259msil olunan mill\u0259t v\u0259kill\u0259rinin say\u0131 125 n\u0259f\u0259r majoritar qaydada saxlan\u0131lmaqla, proporsional se\u00e7ki il\u0259 \u0259lav\u0259 50 n\u0259f\u0259r art\u0131r\u0131lacaq. Bel\u0259likl\u0259, deputatlar\u0131n say\u0131n\u0131n qanun layih\u0259sind\u0259 175 n\u0259f\u0259r\u0259 \u00e7atd\u0131r\u0131lmas\u0131 n\u0259z\u0259rd\u0259 tutulub\u201d.<\/p>\n\n\n\n<p>Rauf Arifo\u011flu deyib ki, haz\u0131rda Az\u0259rbaycan referenduma d\u00f6vl\u0259t olaraq haz\u0131rla\u015f\u0131r v\u0259 bu istiqam\u0259td\u0259 Erm\u0259nistan t\u0259r\u0259finin d\u0259 i\u015ftirak\u0131 il\u0259 Br\u00fcssell\u0259 dan\u0131\u015f\u0131qlar apar\u0131r.<\/p>\n\n\n\n<p>May\u0131n 22-d\u0259 Avropa \u0130ttifaq\u0131 \u015euras\u0131n\u0131n Prezidenti \u015earl Mi\u015fel Az\u0259rbaycan v\u0259 Erm\u0259nistan liderl\u0259ri aras\u0131nda Br\u00fcsseld\u0259 ba\u015f tutan g\u00f6r\u00fc\u015f \u00e7\u0259r\u00e7iv\u0259sind\u0259 Qaraba\u011fdak\u0131 etnik erm\u0259ni \u0259halinin h\u00fcquqlar\u0131 v\u0259 t\u0259hl\u00fck\u0259sizliyi m\u0259s\u0259l\u0259sinin h\u0259ll olunmas\u0131n\u0131n vacibliyin\u0259 toxunub.<\/p>\n\n\n\n<p>Arifo\u011flunun fikrinc\u0259, \u0259g\u0259r prioritetl\u0259r d\u0259yi\u015fm\u0259zs\u0259, x\u00fcsusi il\u0259 d\u0259 yax\u0131n aylarda \u201cS\u0259rs\u0259ng, Xocav\u0259nd v\u0259 Xocal\u0131 istiqam\u0259tl\u0259rind\u0259 h\u0259rbi \u0259m\u0259liyyatlar olmazsa\u201d, pay\u0131zda Az\u0259rbaycanda referendum ke\u00e7iril\u0259c\u0259k v\u0259 konstitusiyaya d\u0259yi\u015fiklik edil\u0259c\u0259k.<\/p>\n\n\n\n<p>Politoloq Az\u0259r Qas\u0131ml\u0131 is\u0259 deyib ki, h\u00f6kum\u0259tin n\u0259z\u0259rd\u0259 tutdu\u011fu d\u0259yi\u015fiklik Qaraba\u011fla ba\u011fl\u0131 deyil, siyasi sistemin \u00f6z\u00fcnd\u0259 d\u0259yi\u015fiklik aparma\u011fa hesablan\u0131b: bura \u00f6lk\u0259d\u0259 proporsional se\u00e7ki sistemini b\u0259rpa etm\u0259k kimi m\u0259s\u0259l\u0259l\u0259r daxildir.<\/p>\n\n\n\n<div class=\"wp-block-image\"><figure class=\"alignright size-large is-resized\"><img decoding=\"async\" data-src=\"https:\/\/www.meydan.tv\/wp-content\/uploads\/img_7646-1200x800.jpg\" alt=\"Az\u0259r Qas\u0131ml\u0131\" class=\"wp-image-210058 lazyload\" width=\"418\" height=\"278\" src=\"data:image\/svg+xml;base64,PHN2ZyB3aWR0aD0iMSIgaGVpZ2h0PSIxIiB4bWxucz0iaHR0cDovL3d3dy53My5vcmcvMjAwMC9zdmciPjwvc3ZnPg==\" style=\"--smush-placeholder-width: 418px; --smush-placeholder-aspect-ratio: 418\/278;\" \/><figcaption>Az\u0259r Qas\u0131ml\u0131, Foto: Meydan Tv<\/figcaption><\/figure><\/div>\n\n\n\n<p>Deputat Fazil Mustafa referendumun ke\u00e7irilm\u0259sin\u0259 yaln\u0131z Erm\u0259nistanla yekun s\u00fclh sazi\u015finin imzalanmas\u0131ndan sonra ehtiyac yarana bil\u0259c\u0259yini deyib: <\/p>\n\n\n\n<p>\u201cS\u00fclh m\u00fcqavil\u0259si ba\u011flanandan v\u0259 m\u00fcharib\u0259 riski azalandan sonra bu kimi m\u00fcdd\u0259alarda m\u00fc\u0259yy\u0259n yum\u015falmalara gedil\u0259 v\u0259 ya azsayl\u0131 xalqlarla ba\u011fl\u0131 m\u00fcdd\u0259alar geni\u015fl\u0259ndiril\u0259 bil\u0259r\u201d.<\/p>\n\n\n\n<p>Az\u0259rbaycan Xalq C\u0259bh\u0259si Partiyas\u0131n\u0131n (AXCP) s\u0259dri \u018fli K\u0259rimli referenduma gizli haz\u0131rl\u0131\u011f\u0131 pisl\u0259yib. O hesab edir ki, bel\u0259 bir m\u0259s\u0259l\u0259 varsa, d\u0259rhal ictimail\u0259\u015fdirilm\u0259lidir. O da hesab edib ki, konstitusiyada k\u00f6kl\u00fc d\u0259yi\u015fiklik apar\u0131lmas\u0131 z\u0259ruridir. <\/p>\n\n\n\n<p>AXCP s\u0259drinin fikrinc\u0259, prezident hakimiyy\u0259tinin s\u0259lahiyy\u0259tl\u0259rinin m\u00fc\u0259yy\u0259n hiss\u0259si parlament\u0259 verilm\u0259lidir. Bundan \u0259lav\u0259, m\u0259hk\u0259m\u0259 hakimiyy\u0259tinin m\u00fcst\u0259qilliyi \u00fc\u00e7\u00fcn konstitusiyada h\u00fcquqi t\u0259minatlar yarad\u0131lmal\u0131, se\u00e7ki sistemind\u0259 d\u0259yi\u015fiklik apar\u0131lmal\u0131 v\u0259 qar\u0131\u015f\u0131q se\u00e7ki sistemi \u0259sas g\u00f6t\u00fcr\u00fclm\u0259lidir.<\/p>\n\n\n\n<div class=\"wp-block-image\"><figure class=\"alignleft size-large is-resized\"><img decoding=\"async\" data-src=\"https:\/\/www.meydan.tv\/wp-content\/uploads\/ali_kerimli-scaled-e1649235488318-1200x675.jpg\" alt=\"\u018fli K\u0259rimli\" class=\"wp-image-210019 lazyload\" width=\"435\" height=\"245\" src=\"data:image\/svg+xml;base64,PHN2ZyB3aWR0aD0iMSIgaGVpZ2h0PSIxIiB4bWxucz0iaHR0cDovL3d3dy53My5vcmcvMjAwMC9zdmciPjwvc3ZnPg==\" style=\"--smush-placeholder-width: 435px; --smush-placeholder-aspect-ratio: 435\/245;\" \/><figcaption>Foto: Meydan TV<\/figcaption><\/figure><\/div>\n\n\n\n<p><\/p>\n\n\n\n<p><\/p>\n\n\n\n<p><\/p>\n\n\n\n<p><\/p>\n\n\n\n<p><\/p>\n\n\n\n<p><\/p>\n\n\n\n<p>REAL Partiyas\u0131n\u0131n s\u0259dri \u0130lqar M\u0259mm\u0259dov da referendumdan m\u0259lumats\u0131z oldu\u011funu deyib.<\/p>\n\n\n\n<p><\/p>\n\n\n\n<p>&#8220;Haz\u0131rda biz parlamentd\u0259 bo\u015f qalan 7 yer \u00fc\u00e7\u00fcn se\u00e7kil\u0259rin ke\u00e7irilm\u0259sini ist\u0259yirik v\u0259 bu yerl\u0259r u\u011frunda imza kampaniyas\u0131 apar\u0131r\u0131q. Lakin qeyd etdiyiniz m\u0259qamlar bar\u0259d\u0259 he\u00e7 bir ciddi m\u0259lumat\u0131m olmad\u0131\u011f\u0131 \u00fc\u00e7\u00fcn fikir bildirm\u0259k ist\u0259mir\u0259m\u201d, &#8211; REAL s\u0259dri \u0259lav\u0259 edib.<\/p>\n\n\n\n<div class=\"wp-block-image\"><figure class=\"alignright size-large is-resized\"><img decoding=\"async\" data-src=\"https:\/\/www.meydan.tv\/wp-content\/uploads\/ilqar_memmedov-1200x800.jpg\" alt=\"\u0130lqar M\u0259mm\u0259dov\" class=\"wp-image-210088 lazyload\" width=\"409\" height=\"272\" src=\"data:image\/svg+xml;base64,PHN2ZyB3aWR0aD0iMSIgaGVpZ2h0PSIxIiB4bWxucz0iaHR0cDovL3d3dy53My5vcmcvMjAwMC9zdmciPjwvc3ZnPg==\" style=\"--smush-placeholder-width: 409px; --smush-placeholder-aspect-ratio: 409\/272;\" \/><figcaption>Foto: Meydan TV<\/figcaption><\/figure><\/div>\n\n\n\n<p><\/p>\n\n\n\n<p>Hakim partiyan\u0131n parlamentd\u0259 t\u0259msil olunan \u00fczvl\u0259ri S\u0259m\u0259d Seyidov v\u0259 Ayd\u0131n Mirz\u0259zad\u0259 d\u0259 referendum se\u00e7kisi il\u0259 ba\u011fl\u0131 m\u0259lumats\u0131z olduqlar\u0131n\u0131 deyibl\u0259r.<\/p>\n\n\n\n<p>M\u0259rk\u0259zi Se\u00e7ki Komissiyas\u0131 s\u0259sl\u0259n\u0259n iddialarla ba\u011fl\u0131 m\u00fcnasib\u0259t bildirm\u0259yib.<\/p>\n\n\n\n<p>Az\u0259rbaycanda konstitusiyaya d\u0259yi\u015fiklik etm\u0259k m\u0259qs\u0259dil\u0259 2016-c\u0131 il sentyabr\u0131n 26-da referendum ke\u00e7irilib.<\/p>\n\n\n\n<p>Konstitusiyaya edil\u0259n d\u0259yi\u015fiklik n\u0259tic\u0259sind\u0259 Az\u0259rbaycanda prezidentin s\u0259lahiyy\u0259t m\u00fcdd\u0259ti 5 ild\u0259n 7 il\u0259 q\u0259d\u0259r uzad\u0131l\u0131b.<\/p>\n\n\n\n<p>H\u0259m\u00e7inin prezident\u0259 n\u00f6vb\u0259d\u0259nk\u0259nar d\u00f6vl\u0259t ba\u015f\u00e7\u0131s\u0131 se\u00e7kisini elan etm\u0259k s\u0259lahiyy\u0259ti verilib v\u0259 prezidentlik v\u0259zif\u0259si \u00fc\u00e7\u00fcn t\u0259l\u0259b olunan minimal [35 ya\u015f] ya\u015f h\u0259ddi aradan qald\u0131r\u0131l\u0131b.<\/p>\n\n\n\n<p>Bundan \u0259lav\u0259, d\u0259yi\u015fiklik n\u0259tic\u0259sind\u0259 Az\u0259rbaycanda vitse-prezidentlik postu yarad\u0131l\u0131b.<\/p>\n","protected":false},"excerpt":{"rendered":"<p>&#8220;Bu m\u0259s\u0259l\u0259 &#8220;h\u00f6kum\u0259tin yuxar\u0131 t\u0259b\u0259q\u0259si&#8221;nin ilkin m\u00fczakir\u0259sind\u0259n ke\u00e7ib&#8221; \u201cBBC News &#8230; <\/p>\n<p class=\"read-more-container\"><a title=\"Az\u0259rbaycanda referenduma gizli haz\u0131rl\u0131\u011f\u0131n getdiyi bildirilir\" class=\"read-more button\" href=\"https:\/\/www.meydan.tv\/az\/article\/azerbaycanda-referenduma-gizli-hazirligin-getdiyi-bildirilir\/#more-246366\" aria-label=\"Read more about Az\u0259rbaycanda referenduma gizli haz\u0131rl\u0131\u011f\u0131n getdiyi bildirilir\">Davam\u0131<\/a><\/p>\n","protected":false},"author":8,"featured_media":246367,"comment_status":"closed","ping_status":"closed","sticky":false,"template":"","format":"standard","meta":{"_acf_changed":false,"_sitemap_exclude":false,"_sitemap_priority":"","_sitemap_frequency":"","footnotes":""},"categories":[59,79,56],"tags":[],"class_list":["post-246366","post","type-post","status-publish","format-standard","has-post-thumbnail","hentry","category-siyaset","category-featured","category-xeberler","infinite-scroll-item","generate-columns","tablet-grid-50","mobile-grid-100","grid-parent","grid-33","no-featured-image-padding"],"acf":[],"yoast_head":"<!-- This site is optimized with the Yoast SEO plugin v27.4 - https:\/\/yoast.com\/product\/yoast-seo-wordpress\/ -->\n<title>Az\u0259rbaycanda referenduma gizli haz\u0131rl\u0131\u011f\u0131n getdiyi bildirilir - MEYDAN.TV<\/title>\n<meta name=\"robots\" content=\"index, follow, max-snippet:-1, max-image-preview:large, max-video-preview:-1\" \/>\n<link rel=\"canonical\" href=\"https:\/\/www.meydan.tv\/az\/article\/azerbaycanda-referenduma-gizli-hazirligin-getdiyi-bildirilir\/\" \/>\n<meta property=\"og:locale\" content=\"az_AZ\" \/>\n<meta property=\"og:type\" content=\"article\" \/>\n<meta property=\"og:title\" content=\"Az\u0259rbaycanda referenduma gizli haz\u0131rl\u0131\u011f\u0131n getdiyi bildirilir - MEYDAN.TV\" \/>\n<meta property=\"og:description\" content=\"&#8220;Bu m\u0259s\u0259l\u0259 &#8220;h\u00f6kum\u0259tin yuxar\u0131 t\u0259b\u0259q\u0259si&#8221;nin ilkin m\u00fczakir\u0259sind\u0259n ke\u00e7ib&#8221; \u201cBBC News ... Davam\u0131\" \/>\n<meta property=\"og:url\" content=\"https:\/\/www.meydan.tv\/az\/article\/azerbaycanda-referenduma-gizli-hazirligin-getdiyi-bildirilir\/\" \/>\n<meta property=\"og:site_name\" content=\"MEYDAN.TV\" \/>\n<meta property=\"article:published_time\" content=\"2022-05-25T13:23:15+00:00\" \/>\n<meta property=\"article:modified_time\" content=\"2022-05-25T20:50:10+00:00\" \/>\n<meta property=\"og:image\" content=\"https:\/\/www.meydan.tv\/wp-content\/uploads\/shutterstock_2129355689-1-scaled.jpg\" \/>\n\t<meta property=\"og:image:width\" content=\"2560\" \/>\n\t<meta property=\"og:image:height\" content=\"1671\" \/>\n\t<meta property=\"og:image:type\" content=\"image\/jpeg\" \/>\n<meta name=\"author\" content=\"elli\" \/>\n<meta name=\"twitter:card\" content=\"summary_large_image\" \/>\n<meta name=\"twitter:creator\" content=\"@elli\" \/>\n<script type=\"application\/ld+json\" class=\"yoast-schema-graph\">{\"@context\":\"https:\\\/\\\/schema.org\",\"@graph\":[{\"@type\":\"Article\",\"@id\":\"https:\\\/\\\/www.meydan.tv\\\/az\\\/article\\\/azerbaycanda-referenduma-gizli-hazirligin-getdiyi-bildirilir\\\/#article\",\"isPartOf\":{\"@id\":\"https:\\\/\\\/www.meydan.tv\\\/az\\\/article\\\/azerbaycanda-referenduma-gizli-hazirligin-getdiyi-bildirilir\\\/\"},\"author\":{\"name\":\"elli\",\"@id\":\"https:\\\/\\\/www.meydan.tv\\\/az\\\/#\\\/schema\\\/person\\\/9cdbecf90d17180ce1dfbd95b08dcf47\"},\"headline\":\"Az\u0259rbaycanda referenduma gizli haz\u0131rl\u0131\u011f\u0131n getdiyi bildirilir\",\"datePublished\":\"2022-05-25T13:23:15+00:00\",\"dateModified\":\"2022-05-25T20:50:10+00:00\",\"mainEntityOfPage\":{\"@id\":\"https:\\\/\\\/www.meydan.tv\\\/az\\\/article\\\/azerbaycanda-referenduma-gizli-hazirligin-getdiyi-bildirilir\\\/\"},\"wordCount\":880,\"publisher\":{\"@id\":\"https:\\\/\\\/www.meydan.tv\\\/az\\\/#organization\"},\"image\":{\"@id\":\"https:\\\/\\\/www.meydan.tv\\\/az\\\/article\\\/azerbaycanda-referenduma-gizli-hazirligin-getdiyi-bildirilir\\\/#primaryimage\"},\"thumbnailUrl\":\"https:\\\/\\\/www.meydan.tv\\\/wp-content\\\/uploads\\\/shutterstock_2129355689-1-scaled.jpg\",\"articleSection\":[\"Siyas\u0259t\",\"T\u00f6vsiy\u0259\",\"X\u0259b\u0259rl\u0259r\"],\"inLanguage\":\"az\"},{\"@type\":\"WebPage\",\"@id\":\"https:\\\/\\\/www.meydan.tv\\\/az\\\/article\\\/azerbaycanda-referenduma-gizli-hazirligin-getdiyi-bildirilir\\\/\",\"url\":\"https:\\\/\\\/www.meydan.tv\\\/az\\\/article\\\/azerbaycanda-referenduma-gizli-hazirligin-getdiyi-bildirilir\\\/\",\"name\":\"Az\u0259rbaycanda referenduma gizli haz\u0131rl\u0131\u011f\u0131n getdiyi bildirilir - MEYDAN.TV\",\"isPartOf\":{\"@id\":\"https:\\\/\\\/www.meydan.tv\\\/az\\\/#website\"},\"primaryImageOfPage\":{\"@id\":\"https:\\\/\\\/www.meydan.tv\\\/az\\\/article\\\/azerbaycanda-referenduma-gizli-hazirligin-getdiyi-bildirilir\\\/#primaryimage\"},\"image\":{\"@id\":\"https:\\\/\\\/www.meydan.tv\\\/az\\\/article\\\/azerbaycanda-referenduma-gizli-hazirligin-getdiyi-bildirilir\\\/#primaryimage\"},\"thumbnailUrl\":\"https:\\\/\\\/www.meydan.tv\\\/wp-content\\\/uploads\\\/shutterstock_2129355689-1-scaled.jpg\",\"datePublished\":\"2022-05-25T13:23:15+00:00\",\"dateModified\":\"2022-05-25T20:50:10+00:00\",\"breadcrumb\":{\"@id\":\"https:\\\/\\\/www.meydan.tv\\\/az\\\/article\\\/azerbaycanda-referenduma-gizli-hazirligin-getdiyi-bildirilir\\\/#breadcrumb\"},\"inLanguage\":\"az\",\"potentialAction\":[{\"@type\":\"ReadAction\",\"target\":[\"https:\\\/\\\/www.meydan.tv\\\/az\\\/article\\\/azerbaycanda-referenduma-gizli-hazirligin-getdiyi-bildirilir\\\/\"]}]},{\"@type\":\"ImageObject\",\"inLanguage\":\"az\",\"@id\":\"https:\\\/\\\/www.meydan.tv\\\/az\\\/article\\\/azerbaycanda-referenduma-gizli-hazirligin-getdiyi-bildirilir\\\/#primaryimage\",\"url\":\"https:\\\/\\\/www.meydan.tv\\\/wp-content\\\/uploads\\\/shutterstock_2129355689-1-scaled.jpg\",\"contentUrl\":\"https:\\\/\\\/www.meydan.tv\\\/wp-content\\\/uploads\\\/shutterstock_2129355689-1-scaled.jpg\",\"width\":2560,\"height\":1671,\"caption\":\"Referendum. Foto: GagoDesign\\\/shutterstock\"},{\"@type\":\"BreadcrumbList\",\"@id\":\"https:\\\/\\\/www.meydan.tv\\\/az\\\/article\\\/azerbaycanda-referenduma-gizli-hazirligin-getdiyi-bildirilir\\\/#breadcrumb\",\"itemListElement\":[{\"@type\":\"ListItem\",\"position\":1,\"name\":\"Ana s\u0259hif\u0259\",\"item\":\"https:\\\/\\\/www.meydan.tv\\\/az\\\/\"},{\"@type\":\"ListItem\",\"position\":2,\"name\":\"Siyas\u0259t\",\"item\":\"https:\\\/\\\/www.meydan.tv\\\/az\\\/section\\\/siyaset\\\/\"},{\"@type\":\"ListItem\",\"position\":3,\"name\":\"Az\u0259rbaycanda referenduma gizli haz\u0131rl\u0131\u011f\u0131n getdiyi bildirilir\"}]},{\"@type\":\"WebSite\",\"@id\":\"https:\\\/\\\/www.meydan.tv\\\/az\\\/#website\",\"url\":\"https:\\\/\\\/www.meydan.tv\\\/az\\\/\",\"name\":\"MEYDAN.TV\",\"description\":\"Meydan TV Az\u0259rbaycan\u0131n media m\u0259kan\u0131ndak\u0131 alternativ s\u0259sidir\",\"publisher\":{\"@id\":\"https:\\\/\\\/www.meydan.tv\\\/az\\\/#organization\"},\"potentialAction\":[{\"@type\":\"SearchAction\",\"target\":{\"@type\":\"EntryPoint\",\"urlTemplate\":\"https:\\\/\\\/www.meydan.tv\\\/az\\\/?s={search_term_string}\"},\"query-input\":{\"@type\":\"PropertyValueSpecification\",\"valueRequired\":true,\"valueName\":\"search_term_string\"}}],\"inLanguage\":\"az\"},{\"@type\":\"Organization\",\"@id\":\"https:\\\/\\\/www.meydan.tv\\\/az\\\/#organization\",\"name\":\"Meydan TV\",\"url\":\"https:\\\/\\\/www.meydan.tv\\\/az\\\/\",\"logo\":{\"@type\":\"ImageObject\",\"inLanguage\":\"az\",\"@id\":\"https:\\\/\\\/www.meydan.tv\\\/az\\\/#\\\/schema\\\/logo\\\/image\\\/\",\"url\":\"https:\\\/\\\/www.meydan.tv\\\/wp-content\\\/uploads\\\/2021\\\/07\\\/meydan-logo.svg\",\"contentUrl\":\"https:\\\/\\\/www.meydan.tv\\\/wp-content\\\/uploads\\\/2021\\\/07\\\/meydan-logo.svg\",\"width\":195,\"height\":46,\"caption\":\"Meydan TV\"},\"image\":{\"@id\":\"https:\\\/\\\/www.meydan.tv\\\/az\\\/#\\\/schema\\\/logo\\\/image\\\/\"}},{\"@type\":\"Person\",\"@id\":\"https:\\\/\\\/www.meydan.tv\\\/az\\\/#\\\/schema\\\/person\\\/9cdbecf90d17180ce1dfbd95b08dcf47\",\"name\":\"elli\",\"sameAs\":[\"https:\\\/\\\/x.com\\\/elli\"]}]}<\/script>\n<!-- \/ Yoast SEO plugin. -->","yoast_head_json":{"title":"Az\u0259rbaycanda referenduma gizli haz\u0131rl\u0131\u011f\u0131n getdiyi bildirilir - MEYDAN.TV","robots":{"index":"index","follow":"follow","max-snippet":"max-snippet:-1","max-image-preview":"max-image-preview:large","max-video-preview":"max-video-preview:-1"},"canonical":"https:\/\/www.meydan.tv\/az\/article\/azerbaycanda-referenduma-gizli-hazirligin-getdiyi-bildirilir\/","og_locale":"az_AZ","og_type":"article","og_title":"Az\u0259rbaycanda referenduma gizli haz\u0131rl\u0131\u011f\u0131n getdiyi bildirilir - MEYDAN.TV","og_description":"&#8220;Bu m\u0259s\u0259l\u0259 &#8220;h\u00f6kum\u0259tin yuxar\u0131 t\u0259b\u0259q\u0259si&#8221;nin ilkin m\u00fczakir\u0259sind\u0259n ke\u00e7ib&#8221; \u201cBBC News ... Davam\u0131","og_url":"https:\/\/www.meydan.tv\/az\/article\/azerbaycanda-referenduma-gizli-hazirligin-getdiyi-bildirilir\/","og_site_name":"MEYDAN.TV","article_published_time":"2022-05-25T13:23:15+00:00","article_modified_time":"2022-05-25T20:50:10+00:00","og_image":[{"width":2560,"height":1671,"url":"https:\/\/www.meydan.tv\/wp-content\/uploads\/shutterstock_2129355689-1-scaled.jpg","type":"image\/jpeg"}],"author":"elli","twitter_card":"summary_large_image","twitter_creator":"@elli","schema":{"@context":"https:\/\/schema.org","@graph":[{"@type":"Article","@id":"https:\/\/www.meydan.tv\/az\/article\/azerbaycanda-referenduma-gizli-hazirligin-getdiyi-bildirilir\/#article","isPartOf":{"@id":"https:\/\/www.meydan.tv\/az\/article\/azerbaycanda-referenduma-gizli-hazirligin-getdiyi-bildirilir\/"},"author":{"name":"elli","@id":"https:\/\/www.meydan.tv\/az\/#\/schema\/person\/9cdbecf90d17180ce1dfbd95b08dcf47"},"headline":"Az\u0259rbaycanda referenduma gizli haz\u0131rl\u0131\u011f\u0131n getdiyi bildirilir","datePublished":"2022-05-25T13:23:15+00:00","dateModified":"2022-05-25T20:50:10+00:00","mainEntityOfPage":{"@id":"https:\/\/www.meydan.tv\/az\/article\/azerbaycanda-referenduma-gizli-hazirligin-getdiyi-bildirilir\/"},"wordCount":880,"publisher":{"@id":"https:\/\/www.meydan.tv\/az\/#organization"},"image":{"@id":"https:\/\/www.meydan.tv\/az\/article\/azerbaycanda-referenduma-gizli-hazirligin-getdiyi-bildirilir\/#primaryimage"},"thumbnailUrl":"https:\/\/www.meydan.tv\/wp-content\/uploads\/shutterstock_2129355689-1-scaled.jpg","articleSection":["Siyas\u0259t","T\u00f6vsiy\u0259","X\u0259b\u0259rl\u0259r"],"inLanguage":"az"},{"@type":"WebPage","@id":"https:\/\/www.meydan.tv\/az\/article\/azerbaycanda-referenduma-gizli-hazirligin-getdiyi-bildirilir\/","url":"https:\/\/www.meydan.tv\/az\/article\/azerbaycanda-referenduma-gizli-hazirligin-getdiyi-bildirilir\/","name":"Az\u0259rbaycanda referenduma gizli haz\u0131rl\u0131\u011f\u0131n getdiyi bildirilir - MEYDAN.TV","isPartOf":{"@id":"https:\/\/www.meydan.tv\/az\/#website"},"primaryImageOfPage":{"@id":"https:\/\/www.meydan.tv\/az\/article\/azerbaycanda-referenduma-gizli-hazirligin-getdiyi-bildirilir\/#primaryimage"},"image":{"@id":"https:\/\/www.meydan.tv\/az\/article\/azerbaycanda-referenduma-gizli-hazirligin-getdiyi-bildirilir\/#primaryimage"},"thumbnailUrl":"https:\/\/www.meydan.tv\/wp-content\/uploads\/shutterstock_2129355689-1-scaled.jpg","datePublished":"2022-05-25T13:23:15+00:00","dateModified":"2022-05-25T20:50:10+00:00","breadcrumb":{"@id":"https:\/\/www.meydan.tv\/az\/article\/azerbaycanda-referenduma-gizli-hazirligin-getdiyi-bildirilir\/#breadcrumb"},"inLanguage":"az","potentialAction":[{"@type":"ReadAction","target":["https:\/\/www.meydan.tv\/az\/article\/azerbaycanda-referenduma-gizli-hazirligin-getdiyi-bildirilir\/"]}]},{"@type":"ImageObject","inLanguage":"az","@id":"https:\/\/www.meydan.tv\/az\/article\/azerbaycanda-referenduma-gizli-hazirligin-getdiyi-bildirilir\/#primaryimage","url":"https:\/\/www.meydan.tv\/wp-content\/uploads\/shutterstock_2129355689-1-scaled.jpg","contentUrl":"https:\/\/www.meydan.tv\/wp-content\/uploads\/shutterstock_2129355689-1-scaled.jpg","width":2560,"height":1671,"caption":"Referendum. Foto: GagoDesign\/shutterstock"},{"@type":"BreadcrumbList","@id":"https:\/\/www.meydan.tv\/az\/article\/azerbaycanda-referenduma-gizli-hazirligin-getdiyi-bildirilir\/#breadcrumb","itemListElement":[{"@type":"ListItem","position":1,"name":"Ana s\u0259hif\u0259","item":"https:\/\/www.meydan.tv\/az\/"},{"@type":"ListItem","position":2,"name":"Siyas\u0259t","item":"https:\/\/www.meydan.tv\/az\/section\/siyaset\/"},{"@type":"ListItem","position":3,"name":"Az\u0259rbaycanda referenduma gizli haz\u0131rl\u0131\u011f\u0131n getdiyi bildirilir"}]},{"@type":"WebSite","@id":"https:\/\/www.meydan.tv\/az\/#website","url":"https:\/\/www.meydan.tv\/az\/","name":"MEYDAN.TV","description":"Meydan TV Az\u0259rbaycan\u0131n media m\u0259kan\u0131ndak\u0131 alternativ s\u0259sidir","publisher":{"@id":"https:\/\/www.meydan.tv\/az\/#organization"},"potentialAction":[{"@type":"SearchAction","target":{"@type":"EntryPoint","urlTemplate":"https:\/\/www.meydan.tv\/az\/?s={search_term_string}"},"query-input":{"@type":"PropertyValueSpecification","valueRequired":true,"valueName":"search_term_string"}}],"inLanguage":"az"},{"@type":"Organization","@id":"https:\/\/www.meydan.tv\/az\/#organization","name":"Meydan TV","url":"https:\/\/www.meydan.tv\/az\/","logo":{"@type":"ImageObject","inLanguage":"az","@id":"https:\/\/www.meydan.tv\/az\/#\/schema\/logo\/image\/","url":"https:\/\/www.meydan.tv\/wp-content\/uploads\/2021\/07\/meydan-logo.svg","contentUrl":"https:\/\/www.meydan.tv\/wp-content\/uploads\/2021\/07\/meydan-logo.svg","width":195,"height":46,"caption":"Meydan TV"},"image":{"@id":"https:\/\/www.meydan.tv\/az\/#\/schema\/logo\/image\/"}},{"@type":"Person","@id":"https:\/\/www.meydan.tv\/az\/#\/schema\/person\/9cdbecf90d17180ce1dfbd95b08dcf47","name":"elli","sameAs":["https:\/\/x.com\/elli"]}]}},"_links":{"self":[{"href":"https:\/\/www.meydan.tv\/az\/wp-json\/wp\/v2\/posts\/246366","targetHints":{"allow":["GET"]}}],"collection":[{"href":"https:\/\/www.meydan.tv\/az\/wp-json\/wp\/v2\/posts"}],"about":[{"href":"https:\/\/www.meydan.tv\/az\/wp-json\/wp\/v2\/types\/post"}],"author":[{"embeddable":true,"href":"https:\/\/www.meydan.tv\/az\/wp-json\/wp\/v2\/users\/8"}],"replies":[{"embeddable":true,"href":"https:\/\/www.meydan.tv\/az\/wp-json\/wp\/v2\/comments?post=246366"}],"version-history":[{"count":3,"href":"https:\/\/www.meydan.tv\/az\/wp-json\/wp\/v2\/posts\/246366\/revisions"}],"predecessor-version":[{"id":246411,"href":"https:\/\/www.meydan.tv\/az\/wp-json\/wp\/v2\/posts\/246366\/revisions\/246411"}],"wp:featuredmedia":[{"embeddable":true,"href":"https:\/\/www.meydan.tv\/az\/wp-json\/wp\/v2\/media\/246367"}],"wp:attachment":[{"href":"https:\/\/www.meydan.tv\/az\/wp-json\/wp\/v2\/media?parent=246366"}],"wp:term":[{"taxonomy":"category","embeddable":true,"href":"https:\/\/www.meydan.tv\/az\/wp-json\/wp\/v2\/categories?post=246366"},{"taxonomy":"post_tag","embeddable":true,"href":"https:\/\/www.meydan.tv\/az\/wp-json\/wp\/v2\/tags?post=246366"}],"curies":[{"name":"wp","href":"https:\/\/api.w.org\/{rel}","templated":true}]}}