{"id":246313,"date":"2022-05-25T12:32:43","date_gmt":"2022-05-25T08:32:43","guid":{"rendered":"https:\/\/www.meydan.tv\/?p=246313"},"modified":"2022-05-25T12:32:45","modified_gmt":"2022-05-25T08:32:45","slug":"itv-de-novbeti-secki-tamasasi","status":"publish","type":"post","link":"https:\/\/www.meydan.tv\/az\/article\/itv-de-novbeti-secki-tamasasi\/","title":{"rendered":"\u0130TV-d\u0259 n\u00f6vb\u0259ti se\u00e7ki tama\u015fas\u0131"},"content":{"rendered":"\n<p><\/p>\n\n\n\n<p><em>Ba\u015f rolda oyuncaq Yay\u0131m \u015euras\u0131d\u0131r\u2026<\/em><br><\/p>\n\n\n\n<p>\u0130ctimai Televiziya v\u0259 Radio Yay\u0131mlar\u0131 \u015eirk\u0259tinin ba\u015f direktoru v\u0259zif\u0259sin\u0259 se\u00e7kil\u0259r ke\u00e7irilib. 24 may\u0131n \u0259sas x\u0259b\u0259r ba\u015fl\u0131qlar\u0131ndan biri bu se\u00e7kiyl\u0259 ba\u011fl\u0131 olmal\u0131yd\u0131. Olmad\u0131. \u00c7\u00fcnki h\u0259r k\u0259s bu \u201cse\u00e7kid\u0259\u201d kimin qalib olaca\u011f\u0131n\u0131 ba\u015flan\u011f\u0131cdan, se\u00e7ki elan olunmazdan qabaq bilirdi; se\u00e7kiy\u0259 qat\u0131lan namiz\u0259dl\u0259r bel\u0259. Yaran\u0131\u015fdan \u0130TV-nin b\u0259xti g\u0259tirm\u0259yib, se\u00e7kili qurumda h\u0259mi\u015f\u0259 yuxar\u0131n\u0131n t\u0259yin etdiyi adam qalib olub. \u0130lk s\u0259dr \u0130smay\u0131l \u00d6m\u0259rov da, onun yerin\u0259 g\u0259l\u0259n C\u0259mil Quliyev d\u0259, Mikay\u0131l Cabbarovun xalas\u0131 o\u011flu oldu\u011fu deyil\u0259n Balaki\u015fi Qas\u0131mov da t\u0259yinatla oturub o postda. Ham\u0131s\u0131 da qanunu yox, hakimiyy\u0259tin, bir ail\u0259nin maraqlar\u0131n\u0131 m\u00fcdafi\u0259 edib. <\/p>\n\n\n\n<p>Yaran\u0131\u015f\u0131ndan oyuncaq qurum olan Yay\u0131m \u015euras\u0131 da ictimaiyy\u0259tin g\u00f6z\u00fc qar\u015f\u0131s\u0131nda ba\u015f ver\u0259n b\u00fct\u00fcn bu qanunsuzluqlara susub. Balaki\u015fi Qas\u0131movun t\u0259yinat\u0131nda is\u0259 tap\u015f\u0131r\u0131q nec\u0259 ciddi olubsa, Yay\u0131m \u015euras\u0131 b\u00fct\u00fcn h\u0259dl\u0259ri a\u015f\u0131b\u2026<\/p>\n\n\n\n<p>M\u0259nz\u0259r\u0259 ayd\u0131n olsun dey\u0259, yax\u0131n ke\u00e7mi\u015f\u0259 qay\u0131daq, 2018-ci il may\u0131n 11-d\u0259 bir \u00e7ox saytlarda yay\u0131lm\u0131\u015f x\u0259b\u0259r\u0259 baxaq: \u201cBak\u0131, 11 may, AZ\u018fRTAC. \u0130ctimai Televiziya v\u0259 Radio Yay\u0131mlar\u0131 \u015eirk\u0259tinin Yay\u0131m \u015euras\u0131ndan AZ\u018fRTAC-a daxil olan m\u0259lumata g\u00f6r\u0259, \u0130TV Yay\u0131m \u015euras\u0131n\u0131n bug\u00fcnk\u00fc iclas\u0131nda telekanal\u0131n ba\u015f direktoru C\u0259mil Quliyevin s\u0259lahiyy\u0259tl\u0259rin\u0259 xitam verilib\u2026 \u015euran\u0131n iclas\u0131nda Balaki\u015fi Qas\u0131mov \u0130TV-nin yeni ba\u015f direktoru se\u00e7ilib\u201d.<\/p>\n\n\n\n<p>Lent.az <a href=\"https:\/\/lent.az\/xeber\/sosial\/xeber_cemil_quliyev_itv-nin_bas_direktorlugundan_getdi___color_red_kanala_yeni_direktor_secildi__color__-300877\" target=\"_blank\" rel=\"noreferrer noopener\">sayt<\/a>\u0131nda ged\u0259n x\u0259b\u0259rin ba\u015fl\u0131\u011f\u0131 bel\u0259dir: \u201cC\u0259mil Quliyev \u0130TV-d\u0259n getdi: kanala yeni ba\u015f direktor se\u00e7ildi\u201d. <br>Bu x\u0259b\u0259ri b\u0259zi saytlarsa APA-ya istinadla yay\u0131b. D\u0259yi\u015fiklikl\u0259 ba\u011fl\u0131 agentliy\u0259 x\u0259b\u0259r Yay\u0131m \u015euras\u0131ndan verilib. <\/p>\n\n\n\n<p>Maraql\u0131d\u0131r ki, Yay\u0131m \u015euras\u0131nda olanlar g\u0259l\u0259n sifari\u015fd\u0259n n\u0259 q\u0259d\u0259r h\u0259y\u0259canlan\u0131blarsa, \u0130TV direktoru v\u0259zif\u0259sinin se\u00e7kili oldu\u011funu unudublar. Notarius rolunu \u00fcz\u0259rin\u0259 g\u00f6t\u00fcr\u0259n Yay\u0131m \u015euras\u0131 \u00fczvl\u0259ri C\u0259mil Quliyevin s\u0259lahiyy\u0259tl\u0259rin\u0259 xitam ver\u0259n kimi Balaki\u015fi Qas\u0131movu onun yerin\u0259 se\u00e7ibl\u0259r.<\/p>\n\n\n\n<figure class=\"wp-block-image size-full\"><img decoding=\"async\" width=\"1200\" height=\"672\" data-src=\"https:\/\/www.meydan.tv\/wp-content\/uploads\/283525945_344967504233415_1780442670144990753_n.jpg\" alt=\"\" class=\"wp-image-246317 lazyload\" src=\"data:image\/svg+xml;base64,PHN2ZyB3aWR0aD0iMSIgaGVpZ2h0PSIxIiB4bWxucz0iaHR0cDovL3d3dy53My5vcmcvMjAwMC9zdmciPjwvc3ZnPg==\" style=\"--smush-placeholder-width: 1200px; --smush-placeholder-aspect-ratio: 1200\/672;\" \/><figcaption>Foto: screen<\/figcaption><\/figure>\n\n\n\n<p>Media eksperti \u018fl\u0259sg\u0259r M\u0259mm\u0259dli d\u0259 el\u0259 h\u0259min g\u00fcn &#8211; may\u0131n 11-d\u0259 bununla ba\u011fl\u0131 FB-d\u0259 status payla\u015f\u0131b: \u201c\u0130ndi x\u0259b\u0259r yay\u0131blar ki, \u0130ctimai Televiziya v\u0259 radionun Ba\u015f direktorunun s\u0259lahiyy\u0259tl\u0259rin\u0259 xitam ver\u0259r\u0259k yerin\u0259 yeni Ba\u015f direktor t\u0259yin edibl\u0259r.<br>Bu, birba\u015fa qanunvericiliyi pozmaqd\u0131r. \u0130ctimai Teleradio yay\u0131m\u0131 haqq\u0131nda qanunun 20.3.1 madd\u0259sinin v\u0259 21.1-ci madd\u0259sinin t\u0259l\u0259bi Ba\u015f Direktorun t\u0259yin edilm\u0259si yox, se\u00e7ilm\u0259sidir.<\/p>\n\n\n\n<p>Bu qanunsuzlu\u011fa sosial \u015f\u0259b\u0259k\u0259l\u0259rd\u0259 etiraz n\u0259tic\u0259sini verdi v\u0259 Balaki\u015fi Qas\u0131movun t\u0259yinat\u0131ndan 20 g\u00fcn sonra Yay\u0131m \u015euras\u0131nda \u201cse\u00e7ki\u201d ke\u00e7irildi. Ona se\u00e7ki g\u00f6r\u00fcnt\u00fcs\u00fc verm\u0259k \u00fc\u00e7\u00fcn \u0259lav\u0259 6 n\u0259f\u0259ri alternativ kimi Balaki\u015fi Qas\u0131movun \u2013 t\u0259yinatl\u0131 s\u0259drin qar\u015f\u0131s\u0131na \u00e7\u0131xard\u0131lar. B\u00fct\u00fcn \u201c\u00e7abalar\u201da baxmayaraq, bu 6 n\u0259f\u0259r \u201cse\u00e7ki\u201dd\u0259 m\u0259\u011flub oldu, ancaq n\u0259d\u0259ns\u0259 onlardan he\u00e7 biri se\u00e7ki m\u0259\u011flubiyy\u0259tinin ac\u0131s\u0131n\u0131 ya\u015famad\u0131, demokratik \u00f6lk\u0259l\u0259rd\u0259 oldu\u011fu kimi uduzduqlar\u0131 r\u0259qib\u0259 qar\u015f\u0131 bir k\u0259lm\u0259 d\u0259 dan\u0131\u015fmad\u0131lar. G\u00f6r\u00fcn\u00fcr, proses o q\u0259d\u0259r \u201c\u015f\u0259ffaf\u201d, se\u00e7ki o q\u0259d\u0259r \u201cdemokratik\u201d olmu\u015fdu ki, dem\u0259y\u0259 s\u00f6zl\u0259ri qalmam\u0131\u015fd\u0131. G\u00fcl\u00fcnc duruma d\u00fc\u015f\u0259n, oyuncaq qurum olan Yay\u0131m \u015euras\u0131 is\u0259 bir ay\u0131n i\u00e7ind\u0259 ikinci d\u0259f\u0259 Balaki\u015fi m\u00fc\u0259llimi \u0130TV direktoru se\u00e7mi\u015fdi. Yeri g\u0259lmi\u015fk\u0259n, 11 may t\u0259yinat\u0131ndan sonra \u0130TV-nin sayt\u0131nda Balaki\u015fi Qas\u0131movun \u015f\u0259kli v\u0259 bioqrafiyas\u0131 yerl\u0259\u015fdirilmi\u015fdi. Etirazlardan sonra se\u00e7ki m\u0259s\u0259l\u0259si ortaya at\u0131ld\u0131\u011f\u0131ndan o \u015f\u0259kil v\u0259 s\u0259dr haqq\u0131nda m\u0259lumat saytdan y\u0131\u011f\u0131\u015fd\u0131r\u0131ld\u0131, h\u0259m d\u0259 biryolluq. 1 iyun \u201cse\u00e7ki\u201dsind\u0259n sonra da \u0130TV sayt\u0131nda s\u0259drl\u0259 ba\u011fl\u0131 h\u0259r hans\u0131 b\u00f6lm\u0259 yoxdur, el\u0259 indi d\u0259. <\/p>\n\n\n\n<p>G\u00f6r\u00fcn\u00fcr, Balaki\u015fi m\u00fc\u0259llim ictimaiyy\u0259td\u0259n \u00e7ox ciddi \u015f\u0259kild\u0259 inciyib\u2026<\/p>\n\n\n\n<figure class=\"wp-block-image size-full\"><img decoding=\"async\" width=\"1200\" height=\"737\" data-src=\"https:\/\/www.meydan.tv\/wp-content\/uploads\/283395244_1012871962949491_6454823793981585022_n.jpg\" alt=\"\" class=\"wp-image-246320 lazyload\" src=\"data:image\/svg+xml;base64,PHN2ZyB3aWR0aD0iMSIgaGVpZ2h0PSIxIiB4bWxucz0iaHR0cDovL3d3dy53My5vcmcvMjAwMC9zdmciPjwvc3ZnPg==\" style=\"--smush-placeholder-width: 1200px; --smush-placeholder-aspect-ratio: 1200\/737;\" \/><figcaption>Foto: screen<\/figcaption><\/figure>\n\n\n\n<p>\u0130ndi d\u0259 1 iyun se\u00e7kisi il\u0259 ba\u011fl\u0131 saytlarda ged\u0259n x\u0259b\u0259rl\u0259rd\u0259n birin\u0259 baxaq:<br>\u201cBa\u015f direktor v\u0259zif\u0259sin\u0259 Balaki\u015fi Qas\u0131mov se\u00e7ilib BAKI, 1 iyun \u2014 Sputnik. \u0130ctimai Televiziya v\u0259 Radio Yay\u0131mlar\u0131 \u015eirk\u0259tinin (\u0130TV) ba\u015f direktoru v\u0259zif\u0259sin\u0259 se\u00e7ki ke\u00e7irilib. Sputnik Az\u0259rbaycan x\u0259b\u0259r verir ki, bu g\u00fcn Milli Televiziya v\u0259 Radio \u015euras\u0131nda ke\u00e7iril\u0259n se\u00e7kid\u0259 bu posta Balaki\u015fi Qas\u0131mov se\u00e7ilib.<\/p>\n\n\n\n<p>\u201c\u0130ctimai televiziya v\u0259 radio yay\u0131m\u0131 haqq\u0131nda\u201d qanunun m\u00fcvafiq madd\u0259l\u0259rinin t\u0259l\u0259bl\u0259rin\u0259 uy\u011fun olaraq, Yay\u0131m \u015euras\u0131 t\u0259r\u0259find\u0259n Qas\u0131mov Balaki\u015fi \u018fl\u0259kb\u0259r o\u011flu 4 il m\u00fcdd\u0259tin\u0259 \u0130TV-nin ba\u015f direktoru se\u00e7ilib.<br>\u0130clasda Yay\u0131m \u015euras\u0131n\u0131n 9 \u00fczv\u00fcnd\u0259n 8-i i\u015ftirak edib ki, onlar\u0131n da ham\u0131s\u0131 gizli s\u0259sverm\u0259d\u0259 s\u0259sl\u0259rini Balaki\u015fi Qas\u0131mova veribl\u0259r\u201d.<\/p>\n\n\n\n<p>\u00d6lk\u0259d\u0259 qanunlar\u0131n nec\u0259 i\u015fl\u0259diyinin, se\u00e7kil\u0259rin nec\u0259 ke\u00e7irildiyinin tarix kitablar\u0131na d\u00fc\u015f\u0259c\u0259k \u00f6rn\u0259yidir bu fakt.<br>4 il \u0259vv\u0259lki s\u0259hvi indi d\u00fcz\u0259ltm\u0259k q\u0259rar\u0131na g\u0259libl\u0259r, y\u0259ni 4 il qabaq se\u00e7ki may ay\u0131nda, C\u0259mil Quliyev ged\u0259nd\u0259 ke\u00e7irilm\u0259liydi. Onda t\u0259yinat oldu. Se\u00e7kini is\u0259 t\u0259zyiql\u0259r\u0259 g\u00f6r\u0259 iyunda ke\u00e7irm\u0259y\u0259 m\u0259cbur oldular. M\u0259ntiql\u0259 s\u0259dr 4 illiy\u0259 se\u00e7ilirs\u0259, se\u00e7ki d\u0259 iyunun 1-d\u0259 olmal\u0131d\u0131r. 4 il tamam olmadan se\u00e7ki ke\u00e7irm\u0259k \u00fc\u00e7\u00fcn g\u0259r\u0259kdir ki, Balaki\u015fi m\u00fc\u0259llim s\u0259drlikd\u0259n getsin. Yerind\u0259dir v\u0259 vaxt\u0131ndan qabaq se\u00e7ki ke\u00e7irirl\u0259r. H\u0259m d\u0259 bu d\u0259f\u0259 onun daha demokratik oldu\u011funu g\u00f6st\u0259rm\u0259k ist\u0259yirl\u0259r, y\u0259ni se\u00e7kiy\u0259 8 namiz\u0259dl\u0259 gedirl\u0259r. \u0130nki\u015faf g\u00f6z qaba\u011f\u0131ndad\u0131r, C\u0259mil Quliyev 5 namiz\u0259dl\u0259, Balaki\u015fi Qas\u0131mov ilk s\u0259drliyind\u0259 7 namiz\u0259dl\u0259, bu d\u0259f\u0259 is\u0259 8 namiz\u0259dl\u0259 se\u00e7kiy\u0259 getdi v\u0259 qalib g\u0259ldi.<\/p>\n\n\n\n<p>\u0130TV-d\u0259 ba\u015f direktor se\u00e7kil\u0259ri: 8 namiz\u0259d aras\u0131nda o qalib g\u0259ldi <a href=\"https:\/\/yenicag.az\/itv-de-bas-direktor-seckileri-8-namized-arasinda-o-qalib-geldi\/embed\" target=\"_blank\" rel=\"noreferrer noopener\">24.05.2022 &#8211; 11:17&#8230;<\/a><br><br>\u0130ctimai Televiziya v\u0259 Radio Yay\u0131mlar\u0131 \u015eirk\u0259tinin ba\u015f direktoru v\u0259zif\u0259sin\u0259 se\u00e7kil\u0259r ke\u00e7irilib.<br>\u201cYenicag.az\u201d x\u0259b\u0259r verir ki, se\u00e7kil\u0259r Audiovizual \u015euran\u0131n inzibati binas\u0131nda ba\u015f tutub.<\/p>\n\n\n\n<p>\u201c\u0130ctimai televiziya v\u0259 radio yay\u0131m\u0131 haqq\u0131nda\u201d Az\u0259rbaycan Respublikas\u0131 Qanununun 20.1.3, 21.1-ci madd\u0259l\u0259rinin t\u0259l\u0259bl\u0259rin\u0259 uy\u011fun olaraq, s\u0259sverm\u0259nin yekun n\u0259tic\u0259l\u0259rin\u0259 \u0259sas\u0259n, Qas\u0131mov Balaki\u015fi \u018fl\u0259kb\u0259r o\u011flu yenid\u0259n \u0130ctimai Televiziya v\u0259 Radio Yay\u0131mlar\u0131 \u015eirk\u0259tinin ba\u015f direktoru v\u0259zif\u0259sin\u0259 se\u00e7ilib.<\/p>\n\n\n\n<figure class=\"wp-block-image size-full\"><img decoding=\"async\" width=\"1200\" height=\"753\" data-src=\"https:\/\/www.meydan.tv\/wp-content\/uploads\/283375348_590213698862440_3239399580963233709_n.jpg\" alt=\"\" class=\"wp-image-246314 lazyload\" src=\"data:image\/svg+xml;base64,PHN2ZyB3aWR0aD0iMSIgaGVpZ2h0PSIxIiB4bWxucz0iaHR0cDovL3d3dy53My5vcmcvMjAwMC9zdmciPjwvc3ZnPg==\" style=\"--smush-placeholder-width: 1200px; --smush-placeholder-aspect-ratio: 1200\/753;\" \/><figcaption>M\u0259nb\u0259: \u0130TV<\/figcaption><\/figure>\n\n\n\n<p>Bel\u0259 ki, Yay\u0131m \u015euras\u0131n\u0131n 9 \u00fczv\u00fc gizli s\u0259sverm\u0259d\u0259 i\u015ftirak edib v\u0259 onlardan 9 n\u0259f\u0259ri d\u0259 Balaki\u015fi Qas\u0131movun lehin\u0259 s\u0259s verib.<\/p>\n\n\n\n<p>Qeyd ed\u0259k ki, \u0130ctimai Televiziya v\u0259 Radio Yay\u0131mlar\u0131 \u015eirk\u0259tinin ba\u015f direktoru v\u0259zif\u0259sin\u0259 8 n\u0259f\u0259r namiz\u0259dliyini ir\u0259li s\u00fcrm\u00fc\u015fd\u00fc\u201d.<\/p>\n\n\n\n<p>G\u00f6r\u00fcnd\u00fcy\u00fc kimi, Yay\u0131m \u015euras\u0131 \u00fczvl\u0259rind\u0259n kims\u0259nin yuxar\u0131dan g\u0259l\u0259n tap\u015f\u0131r\u0131\u011fa etiraz etm\u0259k c\u0259sar\u0259ti olmay\u0131b; \u0259n az\u0131 demokratik g\u00f6r\u00fcnt\u00fc \u00fc\u00e7\u00fcn\u2026<\/p>\n\n\n\n<p>Se\u00e7kiy\u0259 qat\u0131lan namiz\u0259dl\u0259rin ad\u0131n\u0131 tarix \u00fc\u00e7\u00fcn yadda saxlayaq: N\u0259sirov R\u0259\u015fad Barat o\u011flu, M\u0259mm\u0259dzad\u0259 Tural Sahib o\u011flu, H\u0259s\u0259nov Anar B\u0259ybala o\u011flu, Abbasova T\u0259ran\u0259 S\u00fcleyman q\u0131z\u0131, Qas\u0131mov Balaki\u015fi \u018fl\u0259kb\u0259r o\u011flu, \u018fliyev \u018fdal\u0259t \u0130saxan o\u011flu, \u018flizad\u0259 \u00dczeyir \u018fli o\u011flu, Na\u011f\u0131yev Anar \u018fli\u015fah o\u011flu.<br>\u0130TV s\u0259dri iddias\u0131na d\u00fc\u015f\u0259n bu adlar ictimaiyy\u0259t\u0259 n\u0259s\u0259 deyir?<\/p>\n\n\n\n<p>Yeri g\u0259lmi\u015fk\u0259n, Prezident \u0130lham \u018fliyev d\u0259 24 may se\u00e7kisin\u0259 bigan\u0259 qalmay\u0131b, indiy\u0259 q\u0259d\u0259r qar\u015f\u0131la\u015fmad\u0131\u011f\u0131m\u0131z bir s\u0259r\u0259ncama imza atmaqla Balaki\u015fi m\u00fc\u0259llimi t\u0259brik edib.<\/p>\n\n\n\n<p>\u201c\u20262022-ci il d\u00f6vl\u0259t b\u00fcdc\u0259sind\u0259 n\u0259z\u0259rd\u0259 tutulmu\u015f Az\u0259rbaycan Respublikas\u0131 Prezidentinin ehtiyat fondundan \u0130ctimai Televiziya v\u0259 Radio Yay\u0131mlar\u0131 \u015eirk\u0259tin\u0259 640 (alt\u0131 y\u00fcz q\u0131rx) min AB\u015e dollar\u0131n\u0131n manat ekvivalentind\u0259 v\u0259sait <a href=\"https:\/\/president.az\/az\/articles\/view\/56139\" target=\"_blank\" rel=\"noreferrer noopener\">ayr\u0131ls\u0131n<\/a>\u201d. Y\u0259ni Prezident Administrasiyas\u0131nda bir adam tap\u0131lmad\u0131 ki, o ekvivalenti hesablay\u0131b m\u0259bl\u0259\u011fi manatla yazs\u0131n, bizim kimi savads\u0131zlar da dollar\u0131 manata nec\u0259 \u00e7evirm\u0259k zorunda qalmas\u0131n\u2026<br>Pax\u0131l deyilik, xeyirli olsun!<\/p>\n","protected":false},"excerpt":{"rendered":"<p>Ba\u015f rolda oyuncaq Yay\u0131m \u015euras\u0131d\u0131r\u2026 \u0130ctimai Televiziya v\u0259 Radio Yay\u0131mlar\u0131 &#8230; <\/p>\n<p class=\"read-more-container\"><a title=\"\u0130TV-d\u0259 n\u00f6vb\u0259ti se\u00e7ki tama\u015fas\u0131\" class=\"read-more button\" href=\"https:\/\/www.meydan.tv\/az\/article\/itv-de-novbeti-secki-tamasasi\/#more-246313\" aria-label=\"Read more about \u0130TV-d\u0259 n\u00f6vb\u0259ti se\u00e7ki tama\u015fas\u0131\">Davam\u0131<\/a><\/p>\n","protected":false},"author":8,"featured_media":121439,"comment_status":"closed","ping_status":"closed","sticky":false,"template":"","format":"standard","meta":{"_acf_changed":false,"_sitemap_exclude":false,"_sitemap_priority":"","_sitemap_frequency":"","footnotes":""},"categories":[57],"tags":[],"class_list":["post-246313","post","type-post","status-publish","format-standard","has-post-thumbnail","hentry","category-menim-fikrimce","infinite-scroll-item","generate-columns","tablet-grid-50","mobile-grid-100","grid-parent","grid-33","no-featured-image-padding"],"acf":[],"yoast_head":"<!-- This site is optimized with the Yoast SEO plugin v27.4 - https:\/\/yoast.com\/product\/yoast-seo-wordpress\/ -->\n<title>\u0130TV-d\u0259 n\u00f6vb\u0259ti se\u00e7ki tama\u015fas\u0131 - MEYDAN.TV<\/title>\n<meta name=\"robots\" content=\"index, follow, max-snippet:-1, max-image-preview:large, max-video-preview:-1\" \/>\n<link rel=\"canonical\" href=\"https:\/\/www.meydan.tv\/az\/article\/itv-de-novbeti-secki-tamasasi\/\" \/>\n<meta property=\"og:locale\" content=\"az_AZ\" \/>\n<meta property=\"og:type\" content=\"article\" \/>\n<meta property=\"og:title\" content=\"\u0130TV-d\u0259 n\u00f6vb\u0259ti se\u00e7ki tama\u015fas\u0131 - MEYDAN.TV\" \/>\n<meta property=\"og:description\" content=\"Ba\u015f rolda oyuncaq Yay\u0131m \u015euras\u0131d\u0131r\u2026 \u0130ctimai Televiziya v\u0259 Radio Yay\u0131mlar\u0131 ... Davam\u0131\" \/>\n<meta property=\"og:url\" content=\"https:\/\/www.meydan.tv\/az\/article\/itv-de-novbeti-secki-tamasasi\/\" \/>\n<meta property=\"og:site_name\" content=\"MEYDAN.TV\" \/>\n<meta property=\"article:published_time\" content=\"2022-05-25T08:32:43+00:00\" \/>\n<meta property=\"article:modified_time\" content=\"2022-05-25T08:32:45+00:00\" \/>\n<meta property=\"og:image\" content=\"https:\/\/www.meydan.tv\/wp-content\/uploads\/image_from_ios_unrqckb-scaled.jpg\" \/>\n\t<meta property=\"og:image:width\" content=\"2560\" \/>\n\t<meta property=\"og:image:height\" content=\"1440\" \/>\n\t<meta property=\"og:image:type\" content=\"image\/jpeg\" \/>\n<meta name=\"author\" content=\"elli\" \/>\n<meta name=\"twitter:card\" content=\"summary_large_image\" \/>\n<meta name=\"twitter:creator\" content=\"@elli\" \/>\n<script type=\"application\/ld+json\" class=\"yoast-schema-graph\">{\"@context\":\"https:\\\/\\\/schema.org\",\"@graph\":[{\"@type\":\"Article\",\"@id\":\"https:\\\/\\\/www.meydan.tv\\\/az\\\/article\\\/itv-de-novbeti-secki-tamasasi\\\/#article\",\"isPartOf\":{\"@id\":\"https:\\\/\\\/www.meydan.tv\\\/az\\\/article\\\/itv-de-novbeti-secki-tamasasi\\\/\"},\"author\":{\"name\":\"elli\",\"@id\":\"https:\\\/\\\/www.meydan.tv\\\/az\\\/#\\\/schema\\\/person\\\/9cdbecf90d17180ce1dfbd95b08dcf47\"},\"headline\":\"\u0130TV-d\u0259 n\u00f6vb\u0259ti se\u00e7ki tama\u015fas\u0131\",\"datePublished\":\"2022-05-25T08:32:43+00:00\",\"dateModified\":\"2022-05-25T08:32:45+00:00\",\"mainEntityOfPage\":{\"@id\":\"https:\\\/\\\/www.meydan.tv\\\/az\\\/article\\\/itv-de-novbeti-secki-tamasasi\\\/\"},\"wordCount\":1507,\"publisher\":{\"@id\":\"https:\\\/\\\/www.meydan.tv\\\/az\\\/#organization\"},\"image\":{\"@id\":\"https:\\\/\\\/www.meydan.tv\\\/az\\\/article\\\/itv-de-novbeti-secki-tamasasi\\\/#primaryimage\"},\"thumbnailUrl\":\"https:\\\/\\\/www.meydan.tv\\\/wp-content\\\/uploads\\\/image_from_ios_unrqckb-scaled.jpg\",\"articleSection\":[\"M\u0259nim Fikrimc\u0259\"],\"inLanguage\":\"az\"},{\"@type\":\"WebPage\",\"@id\":\"https:\\\/\\\/www.meydan.tv\\\/az\\\/article\\\/itv-de-novbeti-secki-tamasasi\\\/\",\"url\":\"https:\\\/\\\/www.meydan.tv\\\/az\\\/article\\\/itv-de-novbeti-secki-tamasasi\\\/\",\"name\":\"\u0130TV-d\u0259 n\u00f6vb\u0259ti se\u00e7ki tama\u015fas\u0131 - MEYDAN.TV\",\"isPartOf\":{\"@id\":\"https:\\\/\\\/www.meydan.tv\\\/az\\\/#website\"},\"primaryImageOfPage\":{\"@id\":\"https:\\\/\\\/www.meydan.tv\\\/az\\\/article\\\/itv-de-novbeti-secki-tamasasi\\\/#primaryimage\"},\"image\":{\"@id\":\"https:\\\/\\\/www.meydan.tv\\\/az\\\/article\\\/itv-de-novbeti-secki-tamasasi\\\/#primaryimage\"},\"thumbnailUrl\":\"https:\\\/\\\/www.meydan.tv\\\/wp-content\\\/uploads\\\/image_from_ios_unrqckb-scaled.jpg\",\"datePublished\":\"2022-05-25T08:32:43+00:00\",\"dateModified\":\"2022-05-25T08:32:45+00:00\",\"breadcrumb\":{\"@id\":\"https:\\\/\\\/www.meydan.tv\\\/az\\\/article\\\/itv-de-novbeti-secki-tamasasi\\\/#breadcrumb\"},\"inLanguage\":\"az\",\"potentialAction\":[{\"@type\":\"ReadAction\",\"target\":[\"https:\\\/\\\/www.meydan.tv\\\/az\\\/article\\\/itv-de-novbeti-secki-tamasasi\\\/\"]}]},{\"@type\":\"ImageObject\",\"inLanguage\":\"az\",\"@id\":\"https:\\\/\\\/www.meydan.tv\\\/az\\\/article\\\/itv-de-novbeti-secki-tamasasi\\\/#primaryimage\",\"url\":\"https:\\\/\\\/www.meydan.tv\\\/wp-content\\\/uploads\\\/image_from_ios_unrqckb-scaled.jpg\",\"contentUrl\":\"https:\\\/\\\/www.meydan.tv\\\/wp-content\\\/uploads\\\/image_from_ios_unrqckb-scaled.jpg\",\"width\":2560,\"height\":1440,\"caption\":\"Foto: Meydan.tv\"},{\"@type\":\"BreadcrumbList\",\"@id\":\"https:\\\/\\\/www.meydan.tv\\\/az\\\/article\\\/itv-de-novbeti-secki-tamasasi\\\/#breadcrumb\",\"itemListElement\":[{\"@type\":\"ListItem\",\"position\":1,\"name\":\"Ana s\u0259hif\u0259\",\"item\":\"https:\\\/\\\/www.meydan.tv\\\/az\\\/\"},{\"@type\":\"ListItem\",\"position\":2,\"name\":\"M\u0259nim Fikrimc\u0259\",\"item\":\"https:\\\/\\\/www.meydan.tv\\\/az\\\/section\\\/menim-fikrimce\\\/\"},{\"@type\":\"ListItem\",\"position\":3,\"name\":\"\u0130TV-d\u0259 n\u00f6vb\u0259ti se\u00e7ki tama\u015fas\u0131\"}]},{\"@type\":\"WebSite\",\"@id\":\"https:\\\/\\\/www.meydan.tv\\\/az\\\/#website\",\"url\":\"https:\\\/\\\/www.meydan.tv\\\/az\\\/\",\"name\":\"MEYDAN.TV\",\"description\":\"Meydan TV Az\u0259rbaycan\u0131n media m\u0259kan\u0131ndak\u0131 alternativ s\u0259sidir\",\"publisher\":{\"@id\":\"https:\\\/\\\/www.meydan.tv\\\/az\\\/#organization\"},\"potentialAction\":[{\"@type\":\"SearchAction\",\"target\":{\"@type\":\"EntryPoint\",\"urlTemplate\":\"https:\\\/\\\/www.meydan.tv\\\/az\\\/?s={search_term_string}\"},\"query-input\":{\"@type\":\"PropertyValueSpecification\",\"valueRequired\":true,\"valueName\":\"search_term_string\"}}],\"inLanguage\":\"az\"},{\"@type\":\"Organization\",\"@id\":\"https:\\\/\\\/www.meydan.tv\\\/az\\\/#organization\",\"name\":\"Meydan TV\",\"url\":\"https:\\\/\\\/www.meydan.tv\\\/az\\\/\",\"logo\":{\"@type\":\"ImageObject\",\"inLanguage\":\"az\",\"@id\":\"https:\\\/\\\/www.meydan.tv\\\/az\\\/#\\\/schema\\\/logo\\\/image\\\/\",\"url\":\"https:\\\/\\\/www.meydan.tv\\\/wp-content\\\/uploads\\\/2021\\\/07\\\/meydan-logo.svg\",\"contentUrl\":\"https:\\\/\\\/www.meydan.tv\\\/wp-content\\\/uploads\\\/2021\\\/07\\\/meydan-logo.svg\",\"width\":195,\"height\":46,\"caption\":\"Meydan TV\"},\"image\":{\"@id\":\"https:\\\/\\\/www.meydan.tv\\\/az\\\/#\\\/schema\\\/logo\\\/image\\\/\"}},{\"@type\":\"Person\",\"@id\":\"https:\\\/\\\/www.meydan.tv\\\/az\\\/#\\\/schema\\\/person\\\/9cdbecf90d17180ce1dfbd95b08dcf47\",\"name\":\"elli\",\"sameAs\":[\"https:\\\/\\\/x.com\\\/elli\"]}]}<\/script>\n<!-- \/ Yoast SEO plugin. -->","yoast_head_json":{"title":"\u0130TV-d\u0259 n\u00f6vb\u0259ti se\u00e7ki tama\u015fas\u0131 - MEYDAN.TV","robots":{"index":"index","follow":"follow","max-snippet":"max-snippet:-1","max-image-preview":"max-image-preview:large","max-video-preview":"max-video-preview:-1"},"canonical":"https:\/\/www.meydan.tv\/az\/article\/itv-de-novbeti-secki-tamasasi\/","og_locale":"az_AZ","og_type":"article","og_title":"\u0130TV-d\u0259 n\u00f6vb\u0259ti se\u00e7ki tama\u015fas\u0131 - MEYDAN.TV","og_description":"Ba\u015f rolda oyuncaq Yay\u0131m \u015euras\u0131d\u0131r\u2026 \u0130ctimai Televiziya v\u0259 Radio Yay\u0131mlar\u0131 ... Davam\u0131","og_url":"https:\/\/www.meydan.tv\/az\/article\/itv-de-novbeti-secki-tamasasi\/","og_site_name":"MEYDAN.TV","article_published_time":"2022-05-25T08:32:43+00:00","article_modified_time":"2022-05-25T08:32:45+00:00","og_image":[{"width":2560,"height":1440,"url":"https:\/\/www.meydan.tv\/wp-content\/uploads\/image_from_ios_unrqckb-scaled.jpg","type":"image\/jpeg"}],"author":"elli","twitter_card":"summary_large_image","twitter_creator":"@elli","schema":{"@context":"https:\/\/schema.org","@graph":[{"@type":"Article","@id":"https:\/\/www.meydan.tv\/az\/article\/itv-de-novbeti-secki-tamasasi\/#article","isPartOf":{"@id":"https:\/\/www.meydan.tv\/az\/article\/itv-de-novbeti-secki-tamasasi\/"},"author":{"name":"elli","@id":"https:\/\/www.meydan.tv\/az\/#\/schema\/person\/9cdbecf90d17180ce1dfbd95b08dcf47"},"headline":"\u0130TV-d\u0259 n\u00f6vb\u0259ti se\u00e7ki tama\u015fas\u0131","datePublished":"2022-05-25T08:32:43+00:00","dateModified":"2022-05-25T08:32:45+00:00","mainEntityOfPage":{"@id":"https:\/\/www.meydan.tv\/az\/article\/itv-de-novbeti-secki-tamasasi\/"},"wordCount":1507,"publisher":{"@id":"https:\/\/www.meydan.tv\/az\/#organization"},"image":{"@id":"https:\/\/www.meydan.tv\/az\/article\/itv-de-novbeti-secki-tamasasi\/#primaryimage"},"thumbnailUrl":"https:\/\/www.meydan.tv\/wp-content\/uploads\/image_from_ios_unrqckb-scaled.jpg","articleSection":["M\u0259nim Fikrimc\u0259"],"inLanguage":"az"},{"@type":"WebPage","@id":"https:\/\/www.meydan.tv\/az\/article\/itv-de-novbeti-secki-tamasasi\/","url":"https:\/\/www.meydan.tv\/az\/article\/itv-de-novbeti-secki-tamasasi\/","name":"\u0130TV-d\u0259 n\u00f6vb\u0259ti se\u00e7ki tama\u015fas\u0131 - MEYDAN.TV","isPartOf":{"@id":"https:\/\/www.meydan.tv\/az\/#website"},"primaryImageOfPage":{"@id":"https:\/\/www.meydan.tv\/az\/article\/itv-de-novbeti-secki-tamasasi\/#primaryimage"},"image":{"@id":"https:\/\/www.meydan.tv\/az\/article\/itv-de-novbeti-secki-tamasasi\/#primaryimage"},"thumbnailUrl":"https:\/\/www.meydan.tv\/wp-content\/uploads\/image_from_ios_unrqckb-scaled.jpg","datePublished":"2022-05-25T08:32:43+00:00","dateModified":"2022-05-25T08:32:45+00:00","breadcrumb":{"@id":"https:\/\/www.meydan.tv\/az\/article\/itv-de-novbeti-secki-tamasasi\/#breadcrumb"},"inLanguage":"az","potentialAction":[{"@type":"ReadAction","target":["https:\/\/www.meydan.tv\/az\/article\/itv-de-novbeti-secki-tamasasi\/"]}]},{"@type":"ImageObject","inLanguage":"az","@id":"https:\/\/www.meydan.tv\/az\/article\/itv-de-novbeti-secki-tamasasi\/#primaryimage","url":"https:\/\/www.meydan.tv\/wp-content\/uploads\/image_from_ios_unrqckb-scaled.jpg","contentUrl":"https:\/\/www.meydan.tv\/wp-content\/uploads\/image_from_ios_unrqckb-scaled.jpg","width":2560,"height":1440,"caption":"Foto: Meydan.tv"},{"@type":"BreadcrumbList","@id":"https:\/\/www.meydan.tv\/az\/article\/itv-de-novbeti-secki-tamasasi\/#breadcrumb","itemListElement":[{"@type":"ListItem","position":1,"name":"Ana s\u0259hif\u0259","item":"https:\/\/www.meydan.tv\/az\/"},{"@type":"ListItem","position":2,"name":"M\u0259nim Fikrimc\u0259","item":"https:\/\/www.meydan.tv\/az\/section\/menim-fikrimce\/"},{"@type":"ListItem","position":3,"name":"\u0130TV-d\u0259 n\u00f6vb\u0259ti se\u00e7ki tama\u015fas\u0131"}]},{"@type":"WebSite","@id":"https:\/\/www.meydan.tv\/az\/#website","url":"https:\/\/www.meydan.tv\/az\/","name":"MEYDAN.TV","description":"Meydan TV Az\u0259rbaycan\u0131n media m\u0259kan\u0131ndak\u0131 alternativ s\u0259sidir","publisher":{"@id":"https:\/\/www.meydan.tv\/az\/#organization"},"potentialAction":[{"@type":"SearchAction","target":{"@type":"EntryPoint","urlTemplate":"https:\/\/www.meydan.tv\/az\/?s={search_term_string}"},"query-input":{"@type":"PropertyValueSpecification","valueRequired":true,"valueName":"search_term_string"}}],"inLanguage":"az"},{"@type":"Organization","@id":"https:\/\/www.meydan.tv\/az\/#organization","name":"Meydan TV","url":"https:\/\/www.meydan.tv\/az\/","logo":{"@type":"ImageObject","inLanguage":"az","@id":"https:\/\/www.meydan.tv\/az\/#\/schema\/logo\/image\/","url":"https:\/\/www.meydan.tv\/wp-content\/uploads\/2021\/07\/meydan-logo.svg","contentUrl":"https:\/\/www.meydan.tv\/wp-content\/uploads\/2021\/07\/meydan-logo.svg","width":195,"height":46,"caption":"Meydan TV"},"image":{"@id":"https:\/\/www.meydan.tv\/az\/#\/schema\/logo\/image\/"}},{"@type":"Person","@id":"https:\/\/www.meydan.tv\/az\/#\/schema\/person\/9cdbecf90d17180ce1dfbd95b08dcf47","name":"elli","sameAs":["https:\/\/x.com\/elli"]}]}},"_links":{"self":[{"href":"https:\/\/www.meydan.tv\/az\/wp-json\/wp\/v2\/posts\/246313","targetHints":{"allow":["GET"]}}],"collection":[{"href":"https:\/\/www.meydan.tv\/az\/wp-json\/wp\/v2\/posts"}],"about":[{"href":"https:\/\/www.meydan.tv\/az\/wp-json\/wp\/v2\/types\/post"}],"author":[{"embeddable":true,"href":"https:\/\/www.meydan.tv\/az\/wp-json\/wp\/v2\/users\/8"}],"replies":[{"embeddable":true,"href":"https:\/\/www.meydan.tv\/az\/wp-json\/wp\/v2\/comments?post=246313"}],"version-history":[{"count":1,"href":"https:\/\/www.meydan.tv\/az\/wp-json\/wp\/v2\/posts\/246313\/revisions"}],"predecessor-version":[{"id":246323,"href":"https:\/\/www.meydan.tv\/az\/wp-json\/wp\/v2\/posts\/246313\/revisions\/246323"}],"wp:featuredmedia":[{"embeddable":true,"href":"https:\/\/www.meydan.tv\/az\/wp-json\/wp\/v2\/media\/121439"}],"wp:attachment":[{"href":"https:\/\/www.meydan.tv\/az\/wp-json\/wp\/v2\/media?parent=246313"}],"wp:term":[{"taxonomy":"category","embeddable":true,"href":"https:\/\/www.meydan.tv\/az\/wp-json\/wp\/v2\/categories?post=246313"},{"taxonomy":"post_tag","embeddable":true,"href":"https:\/\/www.meydan.tv\/az\/wp-json\/wp\/v2\/tags?post=246313"}],"curies":[{"name":"wp","href":"https:\/\/api.w.org\/{rel}","templated":true}]}}