{"id":246268,"date":"2022-05-24T21:35:15","date_gmt":"2022-05-24T17:35:15","guid":{"rendered":"https:\/\/www.meydan.tv\/?p=246268"},"modified":"2022-05-25T12:03:46","modified_gmt":"2022-05-25T08:03:46","slug":"cavid-qurbanov-azerbaycan-demir-yollarindaki-vezifesini-itirdi-nazir-muavini-oldu","status":"publish","type":"post","link":"https:\/\/www.meydan.tv\/az\/article\/cavid-qurbanov-azerbaycan-demir-yollarindaki-vezifesini-itirdi-nazir-muavini-oldu\/","title":{"rendered":"Cavid Qurbanov \u201cAz\u0259rbaycan D\u0259mir Yollar\u0131\u201dndak\u0131 v\u0259zif\u0259sini itirdi, nazir m\u00fcavini oldu"},"content":{"rendered":"\n<p><\/p>\n\n\n\n<p><em>Prezident bir ne\u00e7\u0259 s\u0259r\u0259ncam imzalad\u0131<\/em><br><\/p>\n\n\n\n<p>Cavid Qurbanov \u201cAz\u0259rbaycan D\u0259mir Yollar\u0131\u201d Qapal\u0131 S\u0259hmdar C\u0259miyy\u0259tinin s\u0259dri v\u0259zif\u0259sind\u0259n azad edilib.<br>Bu bar\u0259d\u0259 d\u00f6vl\u0259t ba\u015f\u00e7\u0131s\u0131 \u0130lham \u018fliyev may\u0131n 24-d\u0259 <a href=\"https:\/\/president.az\/az\/articles\/view\/56149\" target=\"_blank\" rel=\"noreferrer noopener\">s\u0259r\u0259ncam<\/a> imzalay\u0131b. \u0130lham \u018fliyevin dig\u0259r s\u0259r\u0259ncam\u0131yla Cavid Qurbanov r\u0259q\u0259msal inki\u015faf v\u0259 n\u0259qliyyat nazirinin m\u00fcavini t\u0259yin <a href=\"https:\/\/president.az\/az\/articles\/view\/56150\" target=\"_blank\" rel=\"noreferrer noopener\">olunub<\/a>.<br><\/p>\n\n\n\n<p>2015-c ild\u0259n \u201cAz\u0259rbaycan D\u0259mir Yollar\u0131\u201d Qapal\u0131 S\u0259hmdar C\u0259miyy\u0259tinin s\u0259dri olan Cavid Qurbanov 1993\u20131994-c\u00fc ill\u0259rd\u0259 &#8220;Az\u0259ravtoyol&#8221; D\u00f6vl\u0259t \u015eirk\u0259tind\u0259 Prezident v\u0259zif\u0259sind\u0259 \u00e7al\u0131\u015f\u0131b.<br><\/p>\n\n\n\n<p>O, 2004-c\u00fc ild\u0259n N\u0259qliyyat Nazirliyi &#8220;Yoln\u0259qliyyatservis&#8221; M\u0259hdud M\u0259suliyy\u0259tli C\u0259miyy\u0259tinin r\u0259isi, 2007-ci ilin fevral\u0131ndan &#8220;Yoln\u0259qliyyatservis&#8221; Departamentinin &#8220;Az\u0259ryolservis&#8221; A\u00e7\u0131q S\u0259hmdar C\u0259miyy\u0259ti olmas\u0131 il\u0259 \u0259laq\u0259dar olaraq, &#8220;Az\u0259ryolservis&#8221; ASC-nin s\u0259dri v\u0259zif\u0259sini tutub. Texniki elml\u0259ri namiz\u0259di C.Qurbanov III, IV v\u0259 V \u00e7a\u011f\u0131r\u0131\u015f Milli M\u0259clisinin deputat\u0131 olub.<br><\/p>\n\n\n\n<p>Eyni zamanda, prezident bu g\u00fcn <a href=\"https:\/\/president.az\/az\/articles\/view\/56152\" target=\"_blank\" rel=\"noreferrer noopener\">F\u0259rid \u018fhm\u0259dov<\/a>un v\u0259 <a href=\"https:\/\/president.az\/az\/articles\/view\/56151\" target=\"_blank\" rel=\"noreferrer noopener\">Samir M\u0259mm\u0259dov<\/a>un r\u0259q\u0259msal inki\u015faf v\u0259 n\u0259qliyyat nazirinin m\u00fcavinl\u0259ri t\u0259yin edilm\u0259si haqda s\u0259r\u0259ncamlar imzalay\u0131b.<br><\/p>\n\n\n\n<p>\u0130lham \u018fliyevin may\u0131n 24-d\u0259 imzalad\u0131\u011f\u0131  <a href=\"https:\/\/president.az\/az\/articles\/view\/56154\" target=\"_blank\" rel=\"noreferrer noopener\">f\u0259rman<\/a>la N\u0259qliyyat, Rabit\u0259 v\u0259 Y\u00fcks\u0259k Texnologiyalar Nazirliyinin ad\u0131 il\u0259 ba\u011fl\u0131 f\u0259rmana d\u0259yi\u015fiklik edib. Yeni f\u0259rmanda b\u00fct\u00fcn s\u0259n\u0259dl\u0259rin yeni ada uy\u011funla\u015fd\u0131r\u0131lmas\u0131ndan b\u0259hs edilir. Nazirliyin ad\u0131 \u00f6t\u0259n ilin sonundan etibar\u0259n R\u0259q\u0259msal \u0130nki\u015faf v\u0259 N\u0259qliyyat Nazirliyi olub. Bu, s\u00f6z\u00fcged\u0259n nazirliyinin ad\u0131n\u0131n 2004-c\u00fc ild\u0259n b\u0259ri sayca d\u0259yi\u015fdiril\u0259n 4-c\u00fc ad\u0131d\u0131r. H\u0259min il Rabit\u0259 Nazirliyi l\u0259\u011fv edil\u0259r\u0259k onun \u0259sas\u0131nda Rabit\u0259 v\u0259 \u0130nformasiya Texnologiyalar\u0131 Nazirliyi yarad\u0131l\u0131b. Sonradan nazirlik Rabit\u0259 v\u0259 Y\u00fcks\u0259k Texnologiyalar Nazirliyin\u0259, daha sonra N\u0259qliyyat, Rabit\u0259 v\u0259 Y\u00fcks\u0259k Texnologiyalar Nazirliyin\u0259, son olaraq is\u0259 R\u0259q\u0259msal \u0130nki\u015faf v\u0259 N\u0259qliyyat Nazirliyin\u0259 \u00e7evrilib.<\/p>\n","protected":false},"excerpt":{"rendered":"<p>Prezident bir ne\u00e7\u0259 s\u0259r\u0259ncam imzalad\u0131 Cavid Qurbanov \u201cAz\u0259rbaycan D\u0259mir Yollar\u0131\u201d &#8230; <\/p>\n<p class=\"read-more-container\"><a title=\"Cavid Qurbanov \u201cAz\u0259rbaycan D\u0259mir Yollar\u0131\u201dndak\u0131 v\u0259zif\u0259sini itirdi, nazir m\u00fcavini oldu\" class=\"read-more button\" href=\"https:\/\/www.meydan.tv\/az\/article\/cavid-qurbanov-azerbaycan-demir-yollarindaki-vezifesini-itirdi-nazir-muavini-oldu\/#more-246268\" aria-label=\"Read more about Cavid Qurbanov \u201cAz\u0259rbaycan D\u0259mir Yollar\u0131\u201dndak\u0131 v\u0259zif\u0259sini itirdi, nazir m\u00fcavini oldu\">Davam\u0131<\/a><\/p>\n","protected":false},"author":8,"featured_media":246269,"comment_status":"closed","ping_status":"closed","sticky":false,"template":"","format":"standard","meta":{"_acf_changed":false,"_sitemap_exclude":false,"_sitemap_priority":"","_sitemap_frequency":"","footnotes":""},"categories":[56],"tags":[],"class_list":["post-246268","post","type-post","status-publish","format-standard","has-post-thumbnail","hentry","category-xeberler","infinite-scroll-item","generate-columns","tablet-grid-50","mobile-grid-100","grid-parent","grid-33","no-featured-image-padding"],"acf":[],"yoast_head":"<!-- This site is optimized with the Yoast SEO plugin v27.4 - https:\/\/yoast.com\/product\/yoast-seo-wordpress\/ -->\n<title>Cavid Qurbanov \u201cAz\u0259rbaycan D\u0259mir Yollar\u0131\u201dndak\u0131 v\u0259zif\u0259sini itirdi, nazir m\u00fcavini oldu - MEYDAN.TV<\/title>\n<meta name=\"robots\" content=\"index, follow, max-snippet:-1, max-image-preview:large, max-video-preview:-1\" \/>\n<link rel=\"canonical\" href=\"https:\/\/www.meydan.tv\/az\/article\/cavid-qurbanov-azerbaycan-demir-yollarindaki-vezifesini-itirdi-nazir-muavini-oldu\/\" \/>\n<meta property=\"og:locale\" content=\"az_AZ\" \/>\n<meta property=\"og:type\" content=\"article\" \/>\n<meta property=\"og:title\" content=\"Cavid Qurbanov \u201cAz\u0259rbaycan D\u0259mir Yollar\u0131\u201dndak\u0131 v\u0259zif\u0259sini itirdi, nazir m\u00fcavini oldu - MEYDAN.TV\" \/>\n<meta property=\"og:description\" content=\"Prezident bir ne\u00e7\u0259 s\u0259r\u0259ncam imzalad\u0131 Cavid Qurbanov \u201cAz\u0259rbaycan D\u0259mir Yollar\u0131\u201d ... Davam\u0131\" \/>\n<meta property=\"og:url\" content=\"https:\/\/www.meydan.tv\/az\/article\/cavid-qurbanov-azerbaycan-demir-yollarindaki-vezifesini-itirdi-nazir-muavini-oldu\/\" \/>\n<meta property=\"og:site_name\" content=\"MEYDAN.TV\" \/>\n<meta property=\"article:published_time\" content=\"2022-05-24T17:35:15+00:00\" \/>\n<meta property=\"article:modified_time\" content=\"2022-05-25T08:03:46+00:00\" \/>\n<meta property=\"og:image\" content=\"https:\/\/www.meydan.tv\/wp-content\/uploads\/1642786817_412305902_0_0_3814_2396_1920x0_80_0_0_747e1a4ef1533fd41c1026a9ccdd6cff-1-e1653413709854.jpg\" \/>\n\t<meta property=\"og:image:width\" content=\"1200\" \/>\n\t<meta property=\"og:image:height\" content=\"669\" \/>\n\t<meta property=\"og:image:type\" content=\"image\/jpeg\" \/>\n<meta name=\"author\" content=\"elli\" \/>\n<meta name=\"twitter:card\" content=\"summary_large_image\" \/>\n<meta name=\"twitter:creator\" content=\"@elli\" \/>\n<script type=\"application\/ld+json\" class=\"yoast-schema-graph\">{\"@context\":\"https:\\\/\\\/schema.org\",\"@graph\":[{\"@type\":\"Article\",\"@id\":\"https:\\\/\\\/www.meydan.tv\\\/az\\\/article\\\/cavid-qurbanov-azerbaycan-demir-yollarindaki-vezifesini-itirdi-nazir-muavini-oldu\\\/#article\",\"isPartOf\":{\"@id\":\"https:\\\/\\\/www.meydan.tv\\\/az\\\/article\\\/cavid-qurbanov-azerbaycan-demir-yollarindaki-vezifesini-itirdi-nazir-muavini-oldu\\\/\"},\"author\":{\"name\":\"elli\",\"@id\":\"https:\\\/\\\/www.meydan.tv\\\/az\\\/#\\\/schema\\\/person\\\/9cdbecf90d17180ce1dfbd95b08dcf47\"},\"headline\":\"Cavid Qurbanov \u201cAz\u0259rbaycan D\u0259mir Yollar\u0131\u201dndak\u0131 v\u0259zif\u0259sini itirdi, nazir m\u00fcavini oldu\",\"datePublished\":\"2022-05-24T17:35:15+00:00\",\"dateModified\":\"2022-05-25T08:03:46+00:00\",\"mainEntityOfPage\":{\"@id\":\"https:\\\/\\\/www.meydan.tv\\\/az\\\/article\\\/cavid-qurbanov-azerbaycan-demir-yollarindaki-vezifesini-itirdi-nazir-muavini-oldu\\\/\"},\"wordCount\":368,\"publisher\":{\"@id\":\"https:\\\/\\\/www.meydan.tv\\\/az\\\/#organization\"},\"image\":{\"@id\":\"https:\\\/\\\/www.meydan.tv\\\/az\\\/article\\\/cavid-qurbanov-azerbaycan-demir-yollarindaki-vezifesini-itirdi-nazir-muavini-oldu\\\/#primaryimage\"},\"thumbnailUrl\":\"https:\\\/\\\/www.meydan.tv\\\/wp-content\\\/uploads\\\/1642786817_412305902_0_0_3814_2396_1920x0_80_0_0_747e1a4ef1533fd41c1026a9ccdd6cff-1-e1653413709854.jpg\",\"articleSection\":[\"X\u0259b\u0259rl\u0259r\"],\"inLanguage\":\"az\"},{\"@type\":\"WebPage\",\"@id\":\"https:\\\/\\\/www.meydan.tv\\\/az\\\/article\\\/cavid-qurbanov-azerbaycan-demir-yollarindaki-vezifesini-itirdi-nazir-muavini-oldu\\\/\",\"url\":\"https:\\\/\\\/www.meydan.tv\\\/az\\\/article\\\/cavid-qurbanov-azerbaycan-demir-yollarindaki-vezifesini-itirdi-nazir-muavini-oldu\\\/\",\"name\":\"Cavid Qurbanov \u201cAz\u0259rbaycan D\u0259mir Yollar\u0131\u201dndak\u0131 v\u0259zif\u0259sini itirdi, nazir m\u00fcavini oldu - MEYDAN.TV\",\"isPartOf\":{\"@id\":\"https:\\\/\\\/www.meydan.tv\\\/az\\\/#website\"},\"primaryImageOfPage\":{\"@id\":\"https:\\\/\\\/www.meydan.tv\\\/az\\\/article\\\/cavid-qurbanov-azerbaycan-demir-yollarindaki-vezifesini-itirdi-nazir-muavini-oldu\\\/#primaryimage\"},\"image\":{\"@id\":\"https:\\\/\\\/www.meydan.tv\\\/az\\\/article\\\/cavid-qurbanov-azerbaycan-demir-yollarindaki-vezifesini-itirdi-nazir-muavini-oldu\\\/#primaryimage\"},\"thumbnailUrl\":\"https:\\\/\\\/www.meydan.tv\\\/wp-content\\\/uploads\\\/1642786817_412305902_0_0_3814_2396_1920x0_80_0_0_747e1a4ef1533fd41c1026a9ccdd6cff-1-e1653413709854.jpg\",\"datePublished\":\"2022-05-24T17:35:15+00:00\",\"dateModified\":\"2022-05-25T08:03:46+00:00\",\"breadcrumb\":{\"@id\":\"https:\\\/\\\/www.meydan.tv\\\/az\\\/article\\\/cavid-qurbanov-azerbaycan-demir-yollarindaki-vezifesini-itirdi-nazir-muavini-oldu\\\/#breadcrumb\"},\"inLanguage\":\"az\",\"potentialAction\":[{\"@type\":\"ReadAction\",\"target\":[\"https:\\\/\\\/www.meydan.tv\\\/az\\\/article\\\/cavid-qurbanov-azerbaycan-demir-yollarindaki-vezifesini-itirdi-nazir-muavini-oldu\\\/\"]}]},{\"@type\":\"ImageObject\",\"inLanguage\":\"az\",\"@id\":\"https:\\\/\\\/www.meydan.tv\\\/az\\\/article\\\/cavid-qurbanov-azerbaycan-demir-yollarindaki-vezifesini-itirdi-nazir-muavini-oldu\\\/#primaryimage\",\"url\":\"https:\\\/\\\/www.meydan.tv\\\/wp-content\\\/uploads\\\/1642786817_412305902_0_0_3814_2396_1920x0_80_0_0_747e1a4ef1533fd41c1026a9ccdd6cff-1-e1653413709854.jpg\",\"contentUrl\":\"https:\\\/\\\/www.meydan.tv\\\/wp-content\\\/uploads\\\/1642786817_412305902_0_0_3814_2396_1920x0_80_0_0_747e1a4ef1533fd41c1026a9ccdd6cff-1-e1653413709854.jpg\",\"width\":1200,\"height\":669,\"caption\":\"Cavid Qurbanov. Foto: Az\u0259rtac\"},{\"@type\":\"BreadcrumbList\",\"@id\":\"https:\\\/\\\/www.meydan.tv\\\/az\\\/article\\\/cavid-qurbanov-azerbaycan-demir-yollarindaki-vezifesini-itirdi-nazir-muavini-oldu\\\/#breadcrumb\",\"itemListElement\":[{\"@type\":\"ListItem\",\"position\":1,\"name\":\"Ana s\u0259hif\u0259\",\"item\":\"https:\\\/\\\/www.meydan.tv\\\/az\\\/\"},{\"@type\":\"ListItem\",\"position\":2,\"name\":\"X\u0259b\u0259rl\u0259r\",\"item\":\"https:\\\/\\\/www.meydan.tv\\\/az\\\/section\\\/xeberler\\\/\"},{\"@type\":\"ListItem\",\"position\":3,\"name\":\"Cavid Qurbanov \u201cAz\u0259rbaycan D\u0259mir Yollar\u0131\u201dndak\u0131 v\u0259zif\u0259sini itirdi, nazir m\u00fcavini oldu\"}]},{\"@type\":\"WebSite\",\"@id\":\"https:\\\/\\\/www.meydan.tv\\\/az\\\/#website\",\"url\":\"https:\\\/\\\/www.meydan.tv\\\/az\\\/\",\"name\":\"MEYDAN.TV\",\"description\":\"Meydan TV Az\u0259rbaycan\u0131n media m\u0259kan\u0131ndak\u0131 alternativ s\u0259sidir\",\"publisher\":{\"@id\":\"https:\\\/\\\/www.meydan.tv\\\/az\\\/#organization\"},\"potentialAction\":[{\"@type\":\"SearchAction\",\"target\":{\"@type\":\"EntryPoint\",\"urlTemplate\":\"https:\\\/\\\/www.meydan.tv\\\/az\\\/?s={search_term_string}\"},\"query-input\":{\"@type\":\"PropertyValueSpecification\",\"valueRequired\":true,\"valueName\":\"search_term_string\"}}],\"inLanguage\":\"az\"},{\"@type\":\"Organization\",\"@id\":\"https:\\\/\\\/www.meydan.tv\\\/az\\\/#organization\",\"name\":\"Meydan TV\",\"url\":\"https:\\\/\\\/www.meydan.tv\\\/az\\\/\",\"logo\":{\"@type\":\"ImageObject\",\"inLanguage\":\"az\",\"@id\":\"https:\\\/\\\/www.meydan.tv\\\/az\\\/#\\\/schema\\\/logo\\\/image\\\/\",\"url\":\"https:\\\/\\\/www.meydan.tv\\\/wp-content\\\/uploads\\\/2021\\\/07\\\/meydan-logo.svg\",\"contentUrl\":\"https:\\\/\\\/www.meydan.tv\\\/wp-content\\\/uploads\\\/2021\\\/07\\\/meydan-logo.svg\",\"width\":195,\"height\":46,\"caption\":\"Meydan TV\"},\"image\":{\"@id\":\"https:\\\/\\\/www.meydan.tv\\\/az\\\/#\\\/schema\\\/logo\\\/image\\\/\"}},{\"@type\":\"Person\",\"@id\":\"https:\\\/\\\/www.meydan.tv\\\/az\\\/#\\\/schema\\\/person\\\/9cdbecf90d17180ce1dfbd95b08dcf47\",\"name\":\"elli\",\"sameAs\":[\"https:\\\/\\\/x.com\\\/elli\"]}]}<\/script>\n<!-- \/ Yoast SEO plugin. -->","yoast_head_json":{"title":"Cavid Qurbanov \u201cAz\u0259rbaycan D\u0259mir Yollar\u0131\u201dndak\u0131 v\u0259zif\u0259sini itirdi, nazir m\u00fcavini oldu - MEYDAN.TV","robots":{"index":"index","follow":"follow","max-snippet":"max-snippet:-1","max-image-preview":"max-image-preview:large","max-video-preview":"max-video-preview:-1"},"canonical":"https:\/\/www.meydan.tv\/az\/article\/cavid-qurbanov-azerbaycan-demir-yollarindaki-vezifesini-itirdi-nazir-muavini-oldu\/","og_locale":"az_AZ","og_type":"article","og_title":"Cavid Qurbanov \u201cAz\u0259rbaycan D\u0259mir Yollar\u0131\u201dndak\u0131 v\u0259zif\u0259sini itirdi, nazir m\u00fcavini oldu - MEYDAN.TV","og_description":"Prezident bir ne\u00e7\u0259 s\u0259r\u0259ncam imzalad\u0131 Cavid Qurbanov \u201cAz\u0259rbaycan D\u0259mir Yollar\u0131\u201d ... Davam\u0131","og_url":"https:\/\/www.meydan.tv\/az\/article\/cavid-qurbanov-azerbaycan-demir-yollarindaki-vezifesini-itirdi-nazir-muavini-oldu\/","og_site_name":"MEYDAN.TV","article_published_time":"2022-05-24T17:35:15+00:00","article_modified_time":"2022-05-25T08:03:46+00:00","og_image":[{"width":1200,"height":669,"url":"https:\/\/www.meydan.tv\/wp-content\/uploads\/1642786817_412305902_0_0_3814_2396_1920x0_80_0_0_747e1a4ef1533fd41c1026a9ccdd6cff-1-e1653413709854.jpg","type":"image\/jpeg"}],"author":"elli","twitter_card":"summary_large_image","twitter_creator":"@elli","schema":{"@context":"https:\/\/schema.org","@graph":[{"@type":"Article","@id":"https:\/\/www.meydan.tv\/az\/article\/cavid-qurbanov-azerbaycan-demir-yollarindaki-vezifesini-itirdi-nazir-muavini-oldu\/#article","isPartOf":{"@id":"https:\/\/www.meydan.tv\/az\/article\/cavid-qurbanov-azerbaycan-demir-yollarindaki-vezifesini-itirdi-nazir-muavini-oldu\/"},"author":{"name":"elli","@id":"https:\/\/www.meydan.tv\/az\/#\/schema\/person\/9cdbecf90d17180ce1dfbd95b08dcf47"},"headline":"Cavid Qurbanov \u201cAz\u0259rbaycan D\u0259mir Yollar\u0131\u201dndak\u0131 v\u0259zif\u0259sini itirdi, nazir m\u00fcavini oldu","datePublished":"2022-05-24T17:35:15+00:00","dateModified":"2022-05-25T08:03:46+00:00","mainEntityOfPage":{"@id":"https:\/\/www.meydan.tv\/az\/article\/cavid-qurbanov-azerbaycan-demir-yollarindaki-vezifesini-itirdi-nazir-muavini-oldu\/"},"wordCount":368,"publisher":{"@id":"https:\/\/www.meydan.tv\/az\/#organization"},"image":{"@id":"https:\/\/www.meydan.tv\/az\/article\/cavid-qurbanov-azerbaycan-demir-yollarindaki-vezifesini-itirdi-nazir-muavini-oldu\/#primaryimage"},"thumbnailUrl":"https:\/\/www.meydan.tv\/wp-content\/uploads\/1642786817_412305902_0_0_3814_2396_1920x0_80_0_0_747e1a4ef1533fd41c1026a9ccdd6cff-1-e1653413709854.jpg","articleSection":["X\u0259b\u0259rl\u0259r"],"inLanguage":"az"},{"@type":"WebPage","@id":"https:\/\/www.meydan.tv\/az\/article\/cavid-qurbanov-azerbaycan-demir-yollarindaki-vezifesini-itirdi-nazir-muavini-oldu\/","url":"https:\/\/www.meydan.tv\/az\/article\/cavid-qurbanov-azerbaycan-demir-yollarindaki-vezifesini-itirdi-nazir-muavini-oldu\/","name":"Cavid Qurbanov \u201cAz\u0259rbaycan D\u0259mir Yollar\u0131\u201dndak\u0131 v\u0259zif\u0259sini itirdi, nazir m\u00fcavini oldu - MEYDAN.TV","isPartOf":{"@id":"https:\/\/www.meydan.tv\/az\/#website"},"primaryImageOfPage":{"@id":"https:\/\/www.meydan.tv\/az\/article\/cavid-qurbanov-azerbaycan-demir-yollarindaki-vezifesini-itirdi-nazir-muavini-oldu\/#primaryimage"},"image":{"@id":"https:\/\/www.meydan.tv\/az\/article\/cavid-qurbanov-azerbaycan-demir-yollarindaki-vezifesini-itirdi-nazir-muavini-oldu\/#primaryimage"},"thumbnailUrl":"https:\/\/www.meydan.tv\/wp-content\/uploads\/1642786817_412305902_0_0_3814_2396_1920x0_80_0_0_747e1a4ef1533fd41c1026a9ccdd6cff-1-e1653413709854.jpg","datePublished":"2022-05-24T17:35:15+00:00","dateModified":"2022-05-25T08:03:46+00:00","breadcrumb":{"@id":"https:\/\/www.meydan.tv\/az\/article\/cavid-qurbanov-azerbaycan-demir-yollarindaki-vezifesini-itirdi-nazir-muavini-oldu\/#breadcrumb"},"inLanguage":"az","potentialAction":[{"@type":"ReadAction","target":["https:\/\/www.meydan.tv\/az\/article\/cavid-qurbanov-azerbaycan-demir-yollarindaki-vezifesini-itirdi-nazir-muavini-oldu\/"]}]},{"@type":"ImageObject","inLanguage":"az","@id":"https:\/\/www.meydan.tv\/az\/article\/cavid-qurbanov-azerbaycan-demir-yollarindaki-vezifesini-itirdi-nazir-muavini-oldu\/#primaryimage","url":"https:\/\/www.meydan.tv\/wp-content\/uploads\/1642786817_412305902_0_0_3814_2396_1920x0_80_0_0_747e1a4ef1533fd41c1026a9ccdd6cff-1-e1653413709854.jpg","contentUrl":"https:\/\/www.meydan.tv\/wp-content\/uploads\/1642786817_412305902_0_0_3814_2396_1920x0_80_0_0_747e1a4ef1533fd41c1026a9ccdd6cff-1-e1653413709854.jpg","width":1200,"height":669,"caption":"Cavid Qurbanov. Foto: Az\u0259rtac"},{"@type":"BreadcrumbList","@id":"https:\/\/www.meydan.tv\/az\/article\/cavid-qurbanov-azerbaycan-demir-yollarindaki-vezifesini-itirdi-nazir-muavini-oldu\/#breadcrumb","itemListElement":[{"@type":"ListItem","position":1,"name":"Ana s\u0259hif\u0259","item":"https:\/\/www.meydan.tv\/az\/"},{"@type":"ListItem","position":2,"name":"X\u0259b\u0259rl\u0259r","item":"https:\/\/www.meydan.tv\/az\/section\/xeberler\/"},{"@type":"ListItem","position":3,"name":"Cavid Qurbanov \u201cAz\u0259rbaycan D\u0259mir Yollar\u0131\u201dndak\u0131 v\u0259zif\u0259sini itirdi, nazir m\u00fcavini oldu"}]},{"@type":"WebSite","@id":"https:\/\/www.meydan.tv\/az\/#website","url":"https:\/\/www.meydan.tv\/az\/","name":"MEYDAN.TV","description":"Meydan TV Az\u0259rbaycan\u0131n media m\u0259kan\u0131ndak\u0131 alternativ s\u0259sidir","publisher":{"@id":"https:\/\/www.meydan.tv\/az\/#organization"},"potentialAction":[{"@type":"SearchAction","target":{"@type":"EntryPoint","urlTemplate":"https:\/\/www.meydan.tv\/az\/?s={search_term_string}"},"query-input":{"@type":"PropertyValueSpecification","valueRequired":true,"valueName":"search_term_string"}}],"inLanguage":"az"},{"@type":"Organization","@id":"https:\/\/www.meydan.tv\/az\/#organization","name":"Meydan TV","url":"https:\/\/www.meydan.tv\/az\/","logo":{"@type":"ImageObject","inLanguage":"az","@id":"https:\/\/www.meydan.tv\/az\/#\/schema\/logo\/image\/","url":"https:\/\/www.meydan.tv\/wp-content\/uploads\/2021\/07\/meydan-logo.svg","contentUrl":"https:\/\/www.meydan.tv\/wp-content\/uploads\/2021\/07\/meydan-logo.svg","width":195,"height":46,"caption":"Meydan TV"},"image":{"@id":"https:\/\/www.meydan.tv\/az\/#\/schema\/logo\/image\/"}},{"@type":"Person","@id":"https:\/\/www.meydan.tv\/az\/#\/schema\/person\/9cdbecf90d17180ce1dfbd95b08dcf47","name":"elli","sameAs":["https:\/\/x.com\/elli"]}]}},"_links":{"self":[{"href":"https:\/\/www.meydan.tv\/az\/wp-json\/wp\/v2\/posts\/246268","targetHints":{"allow":["GET"]}}],"collection":[{"href":"https:\/\/www.meydan.tv\/az\/wp-json\/wp\/v2\/posts"}],"about":[{"href":"https:\/\/www.meydan.tv\/az\/wp-json\/wp\/v2\/types\/post"}],"author":[{"embeddable":true,"href":"https:\/\/www.meydan.tv\/az\/wp-json\/wp\/v2\/users\/8"}],"replies":[{"embeddable":true,"href":"https:\/\/www.meydan.tv\/az\/wp-json\/wp\/v2\/comments?post=246268"}],"version-history":[{"count":3,"href":"https:\/\/www.meydan.tv\/az\/wp-json\/wp\/v2\/posts\/246268\/revisions"}],"predecessor-version":[{"id":246307,"href":"https:\/\/www.meydan.tv\/az\/wp-json\/wp\/v2\/posts\/246268\/revisions\/246307"}],"wp:featuredmedia":[{"embeddable":true,"href":"https:\/\/www.meydan.tv\/az\/wp-json\/wp\/v2\/media\/246269"}],"wp:attachment":[{"href":"https:\/\/www.meydan.tv\/az\/wp-json\/wp\/v2\/media?parent=246268"}],"wp:term":[{"taxonomy":"category","embeddable":true,"href":"https:\/\/www.meydan.tv\/az\/wp-json\/wp\/v2\/categories?post=246268"},{"taxonomy":"post_tag","embeddable":true,"href":"https:\/\/www.meydan.tv\/az\/wp-json\/wp\/v2\/tags?post=246268"}],"curies":[{"name":"wp","href":"https:\/\/api.w.org\/{rel}","templated":true}]}}