{"id":246247,"date":"2022-05-24T16:55:49","date_gmt":"2022-05-24T12:55:49","guid":{"rendered":"https:\/\/www.meydan.tv\/?p=246247"},"modified":"2022-05-24T16:55:51","modified_gmt":"2022-05-24T12:55:51","slug":"ukraynada-kuce-musiqicisi-doyulub","status":"publish","type":"post","link":"https:\/\/www.meydan.tv\/az\/article\/ukraynada-kuce-musiqicisi-doyulub\/","title":{"rendered":"Ukraynada k\u00fc\u00e7\u0259 musiqi\u00e7isi d\u00f6y\u00fcl\u00fcb"},"content":{"rendered":"\n<p><\/p>\n\n\n\n<p>Onun musiqini rus dilind\u0259 ifad\u0259 etdiyi \u00fc\u00e7\u00fcn h\u00fccuma m\u0259ruz qald\u0131\u011f\u0131 bildirilir<\/p>\n\n\n\n<p>Ukraynada k\u00fc\u00e7\u0259 musiqi\u00e7isinin rus dilind\u0259 mahn\u0131 ifa etdiyi \u00fc\u00e7\u00fcn d\u00f6y\u00fcld\u00fcy\u00fc <a href=\"https:\/\/strana.digital\/news\/392406-na-ulitse-ivano-frankovska-izbili-muzykanta-kotoryj-pel-na-russkom-jazyke.html\" target=\"_blank\" rel=\"noreferrer noopener\">bildirilir<\/a>.<\/p>\n\n\n\n<p>Musiqi\u00e7i \u00f6lk\u0259nin q\u0259rbind\u0259ki \u0130vanovo-Frankovsk \u015f\u0259h\u0259rind\u0259 h\u00fccuma m\u0259ruz qal\u0131b.<\/p>\n\n\n\n<p>Qalmaqall\u0131 v\u0259ziyy\u0259tin \u015fahidl\u0259ri z\u0259r\u0259r\u00e7\u0259kmi\u015fi h\u00fccumdan qoruma\u011fa \u00e7al\u0131\u015fd\u0131\u011f\u0131 bildirilir.<\/p>\n\n\n\n<p>Apreld\u0259 \u0130vano-Frankovska \u015f\u0259h\u0259r \u015furas\u0131 rus yaz\u0131\u00e7\u0131 v\u0259 aliml\u0259rinin ad\u0131n\u0131 da\u015f\u0131yan b\u00fct\u00fcn k\u00fc\u00e7\u0259l\u0259rin adlar\u0131n\u0131n d\u0259yi\u015fdiril\u0259c\u0259yini elan <a href=\"https:\/\/lenta.ru\/news\/2022\/04\/13\/streets\/\" target=\"_blank\" rel=\"noreferrer noopener\">edib<\/a>.<\/p>\n\n\n\n<p>Martda xarici i\u015fl\u0259r naziri Sergey Lavrov r\u0259smi Moskvan\u0131n Kiyevd\u0259n rus dilin\u0259 qar\u015f\u0131 qanunlar\u0131 l\u0259\u011fv etm\u0259sini t\u0259l\u0259b ed\u0259c\u0259yini <a href=\"https:\/\/lenta.ru\/news\/2022\/03\/23\/rus_lang\/\" target=\"_blank\" rel=\"noreferrer noopener\">bildirib<\/a>.<\/p>\n\n\n\n<p>Ukrayna Prezidenti Volodimir Zelenski \u00f6lk\u0259l\u0259r aras\u0131nda m\u00fcnasib\u0259tl\u0259ri v\u0259 yaranm\u0131\u015f probleml\u0259ri, o c\u00fcml\u0259d\u0259n respublikada rus dili problemini m\u00fczakir\u0259 etm\u0259k \u00fc\u00e7\u00fcn Rusiya lideri Vladimir Putinl\u0259 g\u00f6r\u00fc\u015fm\u0259y\u0259 haz\u0131r oldu\u011funu <a href=\"https:\/\/lenta.ru\/news\/2022\/03\/03\/ze_ready\/\" target=\"_blank\" rel=\"noreferrer noopener\">deyib<\/a>.<\/p>\n\n\n\n<p>2014-c\u00fc ild\u0259 Ukrayna Ali Radas\u0131 \u00f6lk\u0259d\u0259 rus dilinin regional statusunu l\u0259\u011fv edib.<\/p>\n\n\n\n<p>Daha sonra respublikada Ukrayna dilinin d\u00f6vl\u0259t dili kimi t\u0259min edilm\u0259si haqq\u0131nda x\u00fcsusi qanun q\u0259bul edilib.<\/p>\n\n\n\n<p>2020-ci ild\u0259n Ukraynan\u0131n b\u00fct\u00fcn rusdilli m\u0259kt\u0259bl\u0259rind\u0259 t\u0259dris ukrayn dilin\u0259 ke\u00e7irilm\u0259y\u0259 ba\u015flay\u0131b.<\/p>\n","protected":false},"excerpt":{"rendered":"<p>Onun musiqini rus dilind\u0259 ifad\u0259 etdiyi \u00fc\u00e7\u00fcn h\u00fccuma m\u0259ruz qald\u0131\u011f\u0131 &#8230; <\/p>\n<p class=\"read-more-container\"><a title=\"Ukraynada k\u00fc\u00e7\u0259 musiqi\u00e7isi d\u00f6y\u00fcl\u00fcb\" class=\"read-more button\" href=\"https:\/\/www.meydan.tv\/az\/article\/ukraynada-kuce-musiqicisi-doyulub\/#more-246247\" aria-label=\"Read more about Ukraynada k\u00fc\u00e7\u0259 musiqi\u00e7isi d\u00f6y\u00fcl\u00fcb\">Davam\u0131<\/a><\/p>\n","protected":false},"author":8,"featured_media":246045,"comment_status":"closed","ping_status":"closed","sticky":false,"template":"","format":"standard","meta":{"_acf_changed":false,"_sitemap_exclude":false,"_sitemap_priority":"","_sitemap_frequency":"","footnotes":""},"categories":[52,56],"tags":[],"class_list":["post-246247","post","type-post","status-publish","format-standard","has-post-thumbnail","hentry","category-medeniyyet","category-xeberler","infinite-scroll-item","generate-columns","tablet-grid-50","mobile-grid-100","grid-parent","grid-33","no-featured-image-padding"],"acf":[],"yoast_head":"<!-- This site is optimized with the Yoast SEO plugin v27.5 - https:\/\/yoast.com\/product\/yoast-seo-wordpress\/ -->\n<title>Ukraynada k\u00fc\u00e7\u0259 musiqi\u00e7isi d\u00f6y\u00fcl\u00fcb - MEYDAN.TV<\/title>\n<meta name=\"robots\" content=\"index, follow, max-snippet:-1, max-image-preview:large, max-video-preview:-1\" \/>\n<link rel=\"canonical\" href=\"https:\/\/www.meydan.tv\/az\/article\/ukraynada-kuce-musiqicisi-doyulub\/\" \/>\n<meta property=\"og:locale\" content=\"az_AZ\" \/>\n<meta property=\"og:type\" content=\"article\" \/>\n<meta property=\"og:title\" content=\"Ukraynada k\u00fc\u00e7\u0259 musiqi\u00e7isi d\u00f6y\u00fcl\u00fcb - MEYDAN.TV\" \/>\n<meta property=\"og:description\" content=\"Onun musiqini rus dilind\u0259 ifad\u0259 etdiyi \u00fc\u00e7\u00fcn h\u00fccuma m\u0259ruz qald\u0131\u011f\u0131 ... Davam\u0131\" \/>\n<meta property=\"og:url\" content=\"https:\/\/www.meydan.tv\/az\/article\/ukraynada-kuce-musiqicisi-doyulub\/\" \/>\n<meta property=\"og:site_name\" content=\"MEYDAN.TV\" \/>\n<meta property=\"article:published_time\" content=\"2022-05-24T12:55:49+00:00\" \/>\n<meta property=\"article:modified_time\" content=\"2022-05-24T12:55:51+00:00\" \/>\n<meta property=\"og:image\" content=\"https:\/\/www.meydan.tv\/wp-content\/uploads\/photo_2022-04-04_10-16-56.jpg\" \/>\n\t<meta property=\"og:image:width\" content=\"1280\" \/>\n\t<meta property=\"og:image:height\" content=\"960\" \/>\n\t<meta property=\"og:image:type\" content=\"image\/jpeg\" \/>\n<meta name=\"author\" content=\"elli\" \/>\n<meta name=\"twitter:card\" content=\"summary_large_image\" \/>\n<meta name=\"twitter:creator\" content=\"@elli\" \/>\n<script type=\"application\/ld+json\" class=\"yoast-schema-graph\">{\"@context\":\"https:\\\/\\\/schema.org\",\"@graph\":[{\"@type\":\"Article\",\"@id\":\"https:\\\/\\\/www.meydan.tv\\\/az\\\/article\\\/ukraynada-kuce-musiqicisi-doyulub\\\/#article\",\"isPartOf\":{\"@id\":\"https:\\\/\\\/www.meydan.tv\\\/az\\\/article\\\/ukraynada-kuce-musiqicisi-doyulub\\\/\"},\"author\":{\"name\":\"elli\",\"@id\":\"https:\\\/\\\/www.meydan.tv\\\/az\\\/#\\\/schema\\\/person\\\/9cdbecf90d17180ce1dfbd95b08dcf47\"},\"headline\":\"Ukraynada k\u00fc\u00e7\u0259 musiqi\u00e7isi d\u00f6y\u00fcl\u00fcb\",\"datePublished\":\"2022-05-24T12:55:49+00:00\",\"dateModified\":\"2022-05-24T12:55:51+00:00\",\"mainEntityOfPage\":{\"@id\":\"https:\\\/\\\/www.meydan.tv\\\/az\\\/article\\\/ukraynada-kuce-musiqicisi-doyulub\\\/\"},\"wordCount\":232,\"publisher\":{\"@id\":\"https:\\\/\\\/www.meydan.tv\\\/az\\\/#organization\"},\"image\":{\"@id\":\"https:\\\/\\\/www.meydan.tv\\\/az\\\/article\\\/ukraynada-kuce-musiqicisi-doyulub\\\/#primaryimage\"},\"thumbnailUrl\":\"https:\\\/\\\/www.meydan.tv\\\/wp-content\\\/uploads\\\/photo_2022-04-04_10-16-56.jpg\",\"articleSection\":[\"M\u0259d\u0259niyy\u0259t\",\"X\u0259b\u0259rl\u0259r\"],\"inLanguage\":\"az\"},{\"@type\":\"WebPage\",\"@id\":\"https:\\\/\\\/www.meydan.tv\\\/az\\\/article\\\/ukraynada-kuce-musiqicisi-doyulub\\\/\",\"url\":\"https:\\\/\\\/www.meydan.tv\\\/az\\\/article\\\/ukraynada-kuce-musiqicisi-doyulub\\\/\",\"name\":\"Ukraynada k\u00fc\u00e7\u0259 musiqi\u00e7isi d\u00f6y\u00fcl\u00fcb - MEYDAN.TV\",\"isPartOf\":{\"@id\":\"https:\\\/\\\/www.meydan.tv\\\/az\\\/#website\"},\"primaryImageOfPage\":{\"@id\":\"https:\\\/\\\/www.meydan.tv\\\/az\\\/article\\\/ukraynada-kuce-musiqicisi-doyulub\\\/#primaryimage\"},\"image\":{\"@id\":\"https:\\\/\\\/www.meydan.tv\\\/az\\\/article\\\/ukraynada-kuce-musiqicisi-doyulub\\\/#primaryimage\"},\"thumbnailUrl\":\"https:\\\/\\\/www.meydan.tv\\\/wp-content\\\/uploads\\\/photo_2022-04-04_10-16-56.jpg\",\"datePublished\":\"2022-05-24T12:55:49+00:00\",\"dateModified\":\"2022-05-24T12:55:51+00:00\",\"breadcrumb\":{\"@id\":\"https:\\\/\\\/www.meydan.tv\\\/az\\\/article\\\/ukraynada-kuce-musiqicisi-doyulub\\\/#breadcrumb\"},\"inLanguage\":\"az\",\"potentialAction\":[{\"@type\":\"ReadAction\",\"target\":[\"https:\\\/\\\/www.meydan.tv\\\/az\\\/article\\\/ukraynada-kuce-musiqicisi-doyulub\\\/\"]}]},{\"@type\":\"ImageObject\",\"inLanguage\":\"az\",\"@id\":\"https:\\\/\\\/www.meydan.tv\\\/az\\\/article\\\/ukraynada-kuce-musiqicisi-doyulub\\\/#primaryimage\",\"url\":\"https:\\\/\\\/www.meydan.tv\\\/wp-content\\\/uploads\\\/photo_2022-04-04_10-16-56.jpg\",\"contentUrl\":\"https:\\\/\\\/www.meydan.tv\\\/wp-content\\\/uploads\\\/photo_2022-04-04_10-16-56.jpg\",\"width\":1280,\"height\":960,\"caption\":\"Ukrayna. Foto: Reuters\"},{\"@type\":\"BreadcrumbList\",\"@id\":\"https:\\\/\\\/www.meydan.tv\\\/az\\\/article\\\/ukraynada-kuce-musiqicisi-doyulub\\\/#breadcrumb\",\"itemListElement\":[{\"@type\":\"ListItem\",\"position\":1,\"name\":\"Ana s\u0259hif\u0259\",\"item\":\"https:\\\/\\\/www.meydan.tv\\\/az\\\/\"},{\"@type\":\"ListItem\",\"position\":2,\"name\":\"M\u0259d\u0259niyy\u0259t\",\"item\":\"https:\\\/\\\/www.meydan.tv\\\/az\\\/section\\\/medeniyyet\\\/\"},{\"@type\":\"ListItem\",\"position\":3,\"name\":\"Ukraynada k\u00fc\u00e7\u0259 musiqi\u00e7isi d\u00f6y\u00fcl\u00fcb\"}]},{\"@type\":\"WebSite\",\"@id\":\"https:\\\/\\\/www.meydan.tv\\\/az\\\/#website\",\"url\":\"https:\\\/\\\/www.meydan.tv\\\/az\\\/\",\"name\":\"MEYDAN.TV\",\"description\":\"Meydan TV Az\u0259rbaycan\u0131n media m\u0259kan\u0131ndak\u0131 alternativ s\u0259sidir\",\"publisher\":{\"@id\":\"https:\\\/\\\/www.meydan.tv\\\/az\\\/#organization\"},\"potentialAction\":[{\"@type\":\"SearchAction\",\"target\":{\"@type\":\"EntryPoint\",\"urlTemplate\":\"https:\\\/\\\/www.meydan.tv\\\/az\\\/?s={search_term_string}\"},\"query-input\":{\"@type\":\"PropertyValueSpecification\",\"valueRequired\":true,\"valueName\":\"search_term_string\"}}],\"inLanguage\":\"az\"},{\"@type\":\"Organization\",\"@id\":\"https:\\\/\\\/www.meydan.tv\\\/az\\\/#organization\",\"name\":\"Meydan TV\",\"url\":\"https:\\\/\\\/www.meydan.tv\\\/az\\\/\",\"logo\":{\"@type\":\"ImageObject\",\"inLanguage\":\"az\",\"@id\":\"https:\\\/\\\/www.meydan.tv\\\/az\\\/#\\\/schema\\\/logo\\\/image\\\/\",\"url\":\"https:\\\/\\\/www.meydan.tv\\\/wp-content\\\/uploads\\\/2021\\\/07\\\/meydan-logo.svg\",\"contentUrl\":\"https:\\\/\\\/www.meydan.tv\\\/wp-content\\\/uploads\\\/2021\\\/07\\\/meydan-logo.svg\",\"width\":195,\"height\":46,\"caption\":\"Meydan TV\"},\"image\":{\"@id\":\"https:\\\/\\\/www.meydan.tv\\\/az\\\/#\\\/schema\\\/logo\\\/image\\\/\"}},{\"@type\":\"Person\",\"@id\":\"https:\\\/\\\/www.meydan.tv\\\/az\\\/#\\\/schema\\\/person\\\/9cdbecf90d17180ce1dfbd95b08dcf47\",\"name\":\"elli\",\"sameAs\":[\"https:\\\/\\\/x.com\\\/elli\"]}]}<\/script>\n<!-- \/ Yoast SEO plugin. -->","yoast_head_json":{"title":"Ukraynada k\u00fc\u00e7\u0259 musiqi\u00e7isi d\u00f6y\u00fcl\u00fcb - MEYDAN.TV","robots":{"index":"index","follow":"follow","max-snippet":"max-snippet:-1","max-image-preview":"max-image-preview:large","max-video-preview":"max-video-preview:-1"},"canonical":"https:\/\/www.meydan.tv\/az\/article\/ukraynada-kuce-musiqicisi-doyulub\/","og_locale":"az_AZ","og_type":"article","og_title":"Ukraynada k\u00fc\u00e7\u0259 musiqi\u00e7isi d\u00f6y\u00fcl\u00fcb - MEYDAN.TV","og_description":"Onun musiqini rus dilind\u0259 ifad\u0259 etdiyi \u00fc\u00e7\u00fcn h\u00fccuma m\u0259ruz qald\u0131\u011f\u0131 ... Davam\u0131","og_url":"https:\/\/www.meydan.tv\/az\/article\/ukraynada-kuce-musiqicisi-doyulub\/","og_site_name":"MEYDAN.TV","article_published_time":"2022-05-24T12:55:49+00:00","article_modified_time":"2022-05-24T12:55:51+00:00","og_image":[{"width":1280,"height":960,"url":"https:\/\/www.meydan.tv\/wp-content\/uploads\/photo_2022-04-04_10-16-56.jpg","type":"image\/jpeg"}],"author":"elli","twitter_card":"summary_large_image","twitter_creator":"@elli","schema":{"@context":"https:\/\/schema.org","@graph":[{"@type":"Article","@id":"https:\/\/www.meydan.tv\/az\/article\/ukraynada-kuce-musiqicisi-doyulub\/#article","isPartOf":{"@id":"https:\/\/www.meydan.tv\/az\/article\/ukraynada-kuce-musiqicisi-doyulub\/"},"author":{"name":"elli","@id":"https:\/\/www.meydan.tv\/az\/#\/schema\/person\/9cdbecf90d17180ce1dfbd95b08dcf47"},"headline":"Ukraynada k\u00fc\u00e7\u0259 musiqi\u00e7isi d\u00f6y\u00fcl\u00fcb","datePublished":"2022-05-24T12:55:49+00:00","dateModified":"2022-05-24T12:55:51+00:00","mainEntityOfPage":{"@id":"https:\/\/www.meydan.tv\/az\/article\/ukraynada-kuce-musiqicisi-doyulub\/"},"wordCount":232,"publisher":{"@id":"https:\/\/www.meydan.tv\/az\/#organization"},"image":{"@id":"https:\/\/www.meydan.tv\/az\/article\/ukraynada-kuce-musiqicisi-doyulub\/#primaryimage"},"thumbnailUrl":"https:\/\/www.meydan.tv\/wp-content\/uploads\/photo_2022-04-04_10-16-56.jpg","articleSection":["M\u0259d\u0259niyy\u0259t","X\u0259b\u0259rl\u0259r"],"inLanguage":"az"},{"@type":"WebPage","@id":"https:\/\/www.meydan.tv\/az\/article\/ukraynada-kuce-musiqicisi-doyulub\/","url":"https:\/\/www.meydan.tv\/az\/article\/ukraynada-kuce-musiqicisi-doyulub\/","name":"Ukraynada k\u00fc\u00e7\u0259 musiqi\u00e7isi d\u00f6y\u00fcl\u00fcb - MEYDAN.TV","isPartOf":{"@id":"https:\/\/www.meydan.tv\/az\/#website"},"primaryImageOfPage":{"@id":"https:\/\/www.meydan.tv\/az\/article\/ukraynada-kuce-musiqicisi-doyulub\/#primaryimage"},"image":{"@id":"https:\/\/www.meydan.tv\/az\/article\/ukraynada-kuce-musiqicisi-doyulub\/#primaryimage"},"thumbnailUrl":"https:\/\/www.meydan.tv\/wp-content\/uploads\/photo_2022-04-04_10-16-56.jpg","datePublished":"2022-05-24T12:55:49+00:00","dateModified":"2022-05-24T12:55:51+00:00","breadcrumb":{"@id":"https:\/\/www.meydan.tv\/az\/article\/ukraynada-kuce-musiqicisi-doyulub\/#breadcrumb"},"inLanguage":"az","potentialAction":[{"@type":"ReadAction","target":["https:\/\/www.meydan.tv\/az\/article\/ukraynada-kuce-musiqicisi-doyulub\/"]}]},{"@type":"ImageObject","inLanguage":"az","@id":"https:\/\/www.meydan.tv\/az\/article\/ukraynada-kuce-musiqicisi-doyulub\/#primaryimage","url":"https:\/\/www.meydan.tv\/wp-content\/uploads\/photo_2022-04-04_10-16-56.jpg","contentUrl":"https:\/\/www.meydan.tv\/wp-content\/uploads\/photo_2022-04-04_10-16-56.jpg","width":1280,"height":960,"caption":"Ukrayna. Foto: Reuters"},{"@type":"BreadcrumbList","@id":"https:\/\/www.meydan.tv\/az\/article\/ukraynada-kuce-musiqicisi-doyulub\/#breadcrumb","itemListElement":[{"@type":"ListItem","position":1,"name":"Ana s\u0259hif\u0259","item":"https:\/\/www.meydan.tv\/az\/"},{"@type":"ListItem","position":2,"name":"M\u0259d\u0259niyy\u0259t","item":"https:\/\/www.meydan.tv\/az\/section\/medeniyyet\/"},{"@type":"ListItem","position":3,"name":"Ukraynada k\u00fc\u00e7\u0259 musiqi\u00e7isi d\u00f6y\u00fcl\u00fcb"}]},{"@type":"WebSite","@id":"https:\/\/www.meydan.tv\/az\/#website","url":"https:\/\/www.meydan.tv\/az\/","name":"MEYDAN.TV","description":"Meydan TV Az\u0259rbaycan\u0131n media m\u0259kan\u0131ndak\u0131 alternativ s\u0259sidir","publisher":{"@id":"https:\/\/www.meydan.tv\/az\/#organization"},"potentialAction":[{"@type":"SearchAction","target":{"@type":"EntryPoint","urlTemplate":"https:\/\/www.meydan.tv\/az\/?s={search_term_string}"},"query-input":{"@type":"PropertyValueSpecification","valueRequired":true,"valueName":"search_term_string"}}],"inLanguage":"az"},{"@type":"Organization","@id":"https:\/\/www.meydan.tv\/az\/#organization","name":"Meydan TV","url":"https:\/\/www.meydan.tv\/az\/","logo":{"@type":"ImageObject","inLanguage":"az","@id":"https:\/\/www.meydan.tv\/az\/#\/schema\/logo\/image\/","url":"https:\/\/www.meydan.tv\/wp-content\/uploads\/2021\/07\/meydan-logo.svg","contentUrl":"https:\/\/www.meydan.tv\/wp-content\/uploads\/2021\/07\/meydan-logo.svg","width":195,"height":46,"caption":"Meydan TV"},"image":{"@id":"https:\/\/www.meydan.tv\/az\/#\/schema\/logo\/image\/"}},{"@type":"Person","@id":"https:\/\/www.meydan.tv\/az\/#\/schema\/person\/9cdbecf90d17180ce1dfbd95b08dcf47","name":"elli","sameAs":["https:\/\/x.com\/elli"]}]}},"_links":{"self":[{"href":"https:\/\/www.meydan.tv\/az\/wp-json\/wp\/v2\/posts\/246247","targetHints":{"allow":["GET"]}}],"collection":[{"href":"https:\/\/www.meydan.tv\/az\/wp-json\/wp\/v2\/posts"}],"about":[{"href":"https:\/\/www.meydan.tv\/az\/wp-json\/wp\/v2\/types\/post"}],"author":[{"embeddable":true,"href":"https:\/\/www.meydan.tv\/az\/wp-json\/wp\/v2\/users\/8"}],"replies":[{"embeddable":true,"href":"https:\/\/www.meydan.tv\/az\/wp-json\/wp\/v2\/comments?post=246247"}],"version-history":[{"count":1,"href":"https:\/\/www.meydan.tv\/az\/wp-json\/wp\/v2\/posts\/246247\/revisions"}],"predecessor-version":[{"id":246248,"href":"https:\/\/www.meydan.tv\/az\/wp-json\/wp\/v2\/posts\/246247\/revisions\/246248"}],"wp:featuredmedia":[{"embeddable":true,"href":"https:\/\/www.meydan.tv\/az\/wp-json\/wp\/v2\/media\/246045"}],"wp:attachment":[{"href":"https:\/\/www.meydan.tv\/az\/wp-json\/wp\/v2\/media?parent=246247"}],"wp:term":[{"taxonomy":"category","embeddable":true,"href":"https:\/\/www.meydan.tv\/az\/wp-json\/wp\/v2\/categories?post=246247"},{"taxonomy":"post_tag","embeddable":true,"href":"https:\/\/www.meydan.tv\/az\/wp-json\/wp\/v2\/tags?post=246247"}],"curies":[{"name":"wp","href":"https:\/\/api.w.org\/{rel}","templated":true}]}}