{"id":246132,"date":"2022-05-24T13:23:55","date_gmt":"2022-05-24T09:23:55","guid":{"rendered":"https:\/\/www.meydan.tv\/?p=246132"},"modified":"2022-05-24T13:23:57","modified_gmt":"2022-05-24T09:23:57","slug":"terter-isi-onlar-1-yas-yarimliq-ovladimin-kureyine-ayaq-qoymus-insanlardir","status":"publish","type":"post","link":"https:\/\/www.meydan.tv\/az\/article\/terter-isi-onlar-1-yas-yarimliq-ovladimin-kureyine-ayaq-qoymus-insanlardir\/","title":{"rendered":"\u201cT\u0259rt\u0259r i\u015fi\u201d: \u201cOnlar 1 ya\u015f yar\u0131ml\u0131q \u00f6vlad\u0131m\u0131n k\u00fcr\u0259yin\u0259 ayaq qoymu\u015f insanlard\u0131r&#8221;"},"content":{"rendered":"\n<p><\/p>\n\n\n\n<p><em>Valideynl\u0259r Ba\u015f Prokurorluq qar\u015f\u0131s\u0131nda etiraz edibl\u0259r<\/em><\/p>\n\n\n\n<p>\u201cT\u0259rt\u0259r i\u015fi\u201d \u00fczr\u0259 h\u0259bs edil\u0259n h\u0259rb\u00e7il\u0259rin valideynl\u0259ri v\u0259 yax\u0131nlar\u0131 Ba\u015f Prokurorluq qar\u015f\u0131s\u0131nda etiraz edir.<\/p>\n\n\n\n<p>Onlar i\u015f \u00fczr\u0259 \u0259dal\u0259tli istintaq ara\u015fd\u0131rmas\u0131 t\u0259l\u0259b edirl\u0259r.<\/p>\n\n\n\n<p>20 il h\u0259bs c\u0259zas\u0131 alan v\u0259 v\u0259t\u0259n\u0259 x\u0259yan\u0259td\u0259 ittiham edil\u0259n Faiq \u018fhm\u0259dovun atas\u0131 \u018flib\u0259y \u018fhm\u0259dov bildirir ki, bura haqq\u0131n\u0131 t\u0259l\u0259b etm\u0259y\u0259 g\u0259lib.<\/p>\n\n\n\n<p>Onun s\u00f6zl\u0259rin\u0259 g\u00f6r\u0259, o\u011flunu \u015f\u0259rl\u0259yib h\u0259bs edibl\u0259r. S\u0259b\u0259b is\u0259 2016-c\u0131 ilin \u201cAprel d\u00f6y\u00fc\u015fl\u0259ri\u201dnd\u0259 f\u0259al i\u015ftirak\u0131d\u0131r: \u201cT\u0259kc\u0259 m\u0259nim o\u011flumu yox, ba\u015fqa aktiv i\u015ftirak ed\u0259nl\u0259ri d\u0259 \u015f\u0259rl\u0259yib h\u0259bs edibl\u0259r. B\u00fct\u00fcn u\u015faqlar siyah\u0131 il\u0259 tutulub\u201d.<\/p>\n\n\n\n<p>O \u0259lav\u0259 edib ki, o\u011flu 2014-c\u00fc ild\u0259 erm\u0259ni k\u0259\u015ffiyyat\u00e7\u0131 Arsen Bagdasyan\u0131 tutub. Lakin Arsen\u0259 15, onun o\u011fluna is\u0259 20 il h\u0259bs c\u0259zas\u0131 verilib:<\/p>\n\n\n\n<p> \u201cO\u011flum torpa\u011f\u0131, v\u0259t\u0259ni qoruyub. Arsen is\u0259 k\u0259\u015ffiyyata g\u0259lmi\u015fdi. \u018fsas kimi o\u011flumun ilkin ifad\u0259sini g\u00f6st\u0259rirl\u0259r. Lakin m\u0259n bilir\u0259m ki, h\u0259bs edil\u0259nl\u0259rd\u0259n h\u0259min izahatlar t\u0259hdid alt\u0131nda, i\u015fg\u0259nc\u0259 il\u0259 al\u0131n\u0131b. Ail\u0259si, ni\u015fanl\u0131s\u0131, anas\u0131, bac\u0131s\u0131 il\u0259 t\u0259hdid edilib, d\u00f6y\u00fcl\u00fcbl\u0259r. \u0130\u015fg\u0259nc\u0259 alt\u0131nda veril\u0259n izahat a\u00e7\u0131q m\u0259hk\u0259m\u0259d\u0259 etiraf edilmirs\u0259, ke\u00e7\u0259rsiz olmal\u0131d\u0131r. Amma bizimkil\u0259r m\u0259hz h\u0259min ilkin izahatlar\u0131 \u0259ll\u0259rind\u0259 bayraq edibl\u0259r\u201d.<\/p>\n\n\n\n<p>Valideyn bildirir ki, istintaq gedi\u015fat\u0131nda n\u0259 qanuna, n\u0259 d\u0259 konstitusiyaya \u0259saslan\u0131blar.<\/p>\n\n\n\n<p>\u201cT\u0259rt\u0259r i\u015fi\u201dnd\u0259 z\u0259r\u0259r\u00e7\u0259kmi\u015f, ehtiyatda olan h\u0259rb\u00e7i Sevinc \u0130sg\u0259nd\u0259rova deyir ki, uzun m\u00fcdd\u0259t ba\u015f ver\u0259nl\u0259r bar\u0259sind\u0259 susub. S\u0259b\u0259b is\u0259 ail\u0259si v\u0259 u\u015faqlar\u0131 il\u0259 t\u0259hdid edilm\u0259si olub: <\/p>\n\n\n\n<p>&#8220;Art\u0131q h\u0259r \u015feyi dan\u0131\u015fma\u011f\u0131n vaxt\u0131 \u00e7at\u0131b. M\u0259n 5 g\u00fcn \u0259rzind\u0259 qaranl\u0131q otaqda \u0259lim-qolum ba\u011fl\u0131 i\u015fg\u0259nc\u0259 g\u00f6rm\u00fc\u015f\u0259m. H\u0259yat yolda\u015f\u0131m T\u0259briz Babazad\u0259 is\u0259 m\u0259nd\u0259n d\u0259 a\u011f\u0131r i\u015fg\u0259nc\u0259l\u0259r\u0259 m\u0259ruz qal\u0131b, bu g\u00fcn d\u0259 x\u0259st\u0259xanadad\u0131r v\u0259 v\u0259ziyy\u0259ti \u00e7ox a\u011f\u0131rd\u0131r\u201d.<\/p>\n\n\n\n<p>Deyir ki, i\u015fg\u0259nc\u0259l\u0259rd\u0259n sonra h\u0259yat yolda\u015f\u0131 T\u0259briz Babazad\u0259 2 ay komada qal\u0131b: <\/p>\n\n\n\n<p>&#8220;Haz\u0131rda da v\u0259ziyy\u0259ti a\u011f\u0131rd\u0131r v\u0259 ail\u0259 \u00fczvl\u0259rini tan\u0131m\u0131r. B\u0259d\u0259ninin z\u0259rb\u0259 alm\u0131\u015f hiss\u0259l\u0259ri g\u00f6y\u0259rib, yaralarla doludur. Bir s\u00f6zl\u0259, v\u0259ziyy\u0259ti a\u011f\u0131rd\u0131r. &#8220;T\u0259rt\u0259r i\u015fi&#8221; el\u0259 bir q\u0259tliamd\u0131r ki, orada ba\u015f ver\u0259nl\u0259ri ail\u0259l\u0259rimizd\u0259n ill\u0259rl\u0259 gizl\u0259tmi\u015fik. G\u00fcnahs\u0131z insanlara z\u00fclm veribl\u0259r, \u00fcst\u0259lik, adlar\u0131na da \u201cv\u0259t\u0259n xaini\u201d deyibl\u0259r. Ham\u0131m\u0131z vaxt\u0131nda medallarla, t\u0259\u015f\u0259kk\u00fcrnam\u0259l\u0259rl\u0259 t\u0259ltif olunmu\u015fuq. N\u0259dir bizim g\u00fcnah\u0131m\u0131z, v\u0259t\u0259ni sevm\u0259k? Bizim ba\u015f\u0131m\u0131zda, h\u0259rbid\u0259 erm\u0259niy\u0259 sitayi\u015f ed\u0259nl\u0259r var\u201d.<\/p>\n\n\n\n<p>Sevinc \u0130sg\u0259nd\u0259rova ya\u015fad\u0131\u011f\u0131 i\u015fg\u0259nc\u0259d\u0259n d\u0259 dan\u0131\u015f\u0131b. Dediyin\u0259 g\u00f6r\u0259, 5 polkovnik onu \u0259ll\u0259ri ba\u011fl\u0131 v\u0259ziyy\u0259td\u0259 d\u0259f\u0259l\u0259rl\u0259 yuxar\u0131 qald\u0131r\u0131b yer\u0259 \u00e7\u0131rp\u0131b, t\u0259pikl\u0259yibl\u0259r: <\/p>\n\n\n\n<p>\u201c1 ya\u015f yar\u0131ml\u0131q \u00f6vlad\u0131m\u0131 diz \u00e7\u00f6kd\u00fcr\u00fcb, k\u00fcr\u0259yin\u0259 ayaq qoymu\u015f insanlard\u0131r. O u\u015faq n\u0259 qan\u0131rd\u0131 ki, ona bu travmalar\u0131 ya\u015fatd\u0131lar? \u00c7\u0131xanda bizi h\u0259d\u0259l\u0259yirdil\u0259r ki, burada ba\u015f ver\u0259nl\u0259ri bir yerd\u0259 des\u0259niz, sizin ba\u015f\u0131n\u0131za oyun a\u00e7ar\u0131q. B\u00fct\u00fcn susan h\u0259rb\u00e7il\u0259r buna g\u00f6r\u0259 &#8211; u\u015faqlar\u0131na, ail\u0259l\u0259rin\u0259 g\u00f6r\u0259 susublar\u201d.<\/p>\n\n\n\n<figure class=\"wp-block-image size-large\"><img decoding=\"async\" width=\"1200\" height=\"752\" data-src=\"https:\/\/www.meydan.tv\/wp-content\/uploads\/screenshot_3-4-1200x752.png\" alt=\"\" class=\"wp-image-246136 lazyload\" src=\"data:image\/svg+xml;base64,PHN2ZyB3aWR0aD0iMSIgaGVpZ2h0PSIxIiB4bWxucz0iaHR0cDovL3d3dy53My5vcmcvMjAwMC9zdmciPjwvc3ZnPg==\" style=\"--smush-placeholder-width: 1200px; --smush-placeholder-aspect-ratio: 1200\/752;\" \/><figcaption>&#8220;T\u0259rt\u0259r i\u015fi&#8221; il\u0259 ba\u011fl\u0131 ke\u00e7iril\u0259n aksiyan\u0131n canl\u0131 yay\u0131m\u0131ndan screenshot<\/figcaption><\/figure>\n\n\n\n<p>H\u0259rb\u00e7inin fikrinc\u0259, Az\u0259rbaycan\u0131n s\u0259rh\u0259dl\u0259rind\u0259 o q\u0259d\u0259r bo\u015fluq olmay\u0131b ki, hans\u0131sa h\u0259rb\u00e7il\u0259r asanl\u0131qla qar\u015f\u0131 t\u0259r\u0259f\u0259 ke\u00e7ib, onlara informasiya \u00f6t\u00fcrs\u00fcn v\u0259 ba\u015fqa s\u00f6vd\u0259l\u0259\u015fm\u0259l\u0259r\u0259 getsin: <\/p>\n\n\n\n<p>\u201cBizim ke\u00e7idl\u0259rimiz o q\u0259d\u0259r asan idi ki, o postlar\u0131 bu q\u0259d\u0259r h\u0259rb\u00e7i asanl\u0131qla ke\u00e7ib? Onlar\u0131 nec\u0259 erm\u0259niy\u0259 i\u015fl\u0259m\u0259kd\u0259 su\u00e7lay\u0131blar? Az\u0259rbaycan h\u0259rbisi bu q\u0259d\u0259r yiy\u0259sizlik olub? Nec\u0259 olub bunu he\u00e7 kim g\u00f6rm\u0259yib? Korpus komandiri hara bax\u0131b? Bu boyda \u015feyi g\u00f6r\u0259 bilm\u0259yibs\u0259, b\u0259s onda niy\u0259 yar\u011f\u0131lanmay\u0131b? Niy\u0259 g\u00fcnahkarlar bu g\u00fcn d\u0259 h\u0259bs edilm\u0259yib? G\u00fcnahs\u0131z insanlar is\u0259 h\u0259bsd\u0259dir\u201d.<\/p>\n\n\n\n<p>\u0130sg\u0259nd\u0259rova deyir ki, yolda\u015f\u0131 T\u0259briz Babazad\u0259 bu g\u00fcn d\u0259 x\u0259st\u0259xanadad\u0131r. \u00dcz\u0259rin\u0259 qoyulmu\u015f \u201cv\u0259t\u0259n xaini\u201d ad\u0131 g\u00f6t\u00fcr\u00fclm\u0259diyind\u0259n ruh hal\u0131 normal deyil v\u0259 o, 2 d\u0259f\u0259 intihara c\u0259hd edib:<\/p>\n\n\n\n<p> \u201cYen\u0259 d\u0259 &#8220;v\u0259t\u0259n xaini&#8221; ad\u0131n\u0131 \u00fcst\u00fcnd\u0259n g\u00f6t\u00fcrm\u00fcrl\u0259r. 5 ildir ki, s\u00fcni qida il\u0259, b\u0259rbad halda x\u0259st\u0259xanada ya\u015fay\u0131r. Ruh hal\u0131 b\u0259rbad, fiziki durumu a\u011f\u0131r, \u00e7ox pis v\u0259ziyy\u0259td\u0259dir. Biz istintaq\u0131n gedi\u015find\u0259n naraz\u0131y\u0131q. \u00d6l\u0259nl\u0259r\u0259 \u015f\u0259hid ad\u0131 verilm\u0259lidir, h\u0259bsd\u0259kil\u0259r azadl\u0131\u011fa burax\u0131lmal\u0131, g\u00fcnahs\u0131z insanlar\u0131n \u00fcst\u00fcnd\u0259n \u201cv\u0259t\u0259n xaini\u201d ad\u0131 g\u00f6t\u00fcr\u00fclm\u0259lidir\u201d.<\/p>\n\n\n\n<p>\u00d6m\u00fcrl\u00fck h\u0259bs edil\u0259n El\u015f\u0259n Qas\u0131movun anas\u0131 Ofelya Qas\u0131mova da istintaq\u0131n gedi\u015find\u0259n naraz\u0131d\u0131r. Dediyin\u0259 g\u00f6r\u0259, o\u011fluna \u00e7ox a\u011f\u0131r c\u0259zalar verilib, i\u015fg\u0259nc\u0259 g\u00f6r\u00fcb: <\/p>\n\n\n\n<p>\u201cHaz\u0131rda onun ayaqlar\u0131 i\u015fl\u0259mir, ciy\u0259ri, b\u00f6yr\u0259yi \u00e7\u00f6k\u00fcb, qan qusur. Bu q\u0259d\u0259r \u0259dal\u0259tsizlik olar? Onu d\u00f6y\u0259nl\u0259r bu g\u00fcn d\u0259 h\u0259bs edilm\u0259yib. U\u015faqlar v\u0259t\u0259n u\u011frunda can\u0131n\u0131 qurban verib, amma yen\u0259 d\u0259 t\u00fcrm\u0259d\u0259 \u00e7\u00fcr\u00fcy\u00fcrl\u0259r. \u0130st\u0259yir\u0259m o\u011fluma v\u0259 dig\u0259rl\u0259rin\u0259 i\u015fg\u0259nc\u0259 ver\u0259nl\u0259r h\u0259bs edilsin. O\u011flum aprel d\u00f6y\u00fc\u015f\u00fcnd\u0259 can qoyub. Bu da t\u0259\u015f\u0259kk\u00fcrl\u0259ridir \u2013 ad\u0131n\u0131 \u201cv\u0259t\u0259n xaini\u201d qoyublar. M\u0259nim balama \u00f6m\u00fcrl\u00fck h\u0259bs niy\u0259 verilib? N\u0259 \u0259sasla?\u201d<\/p>\n\n\n\n<figure class=\"wp-block-image size-large\"><img decoding=\"async\" width=\"1200\" height=\"660\" data-src=\"https:\/\/www.meydan.tv\/wp-content\/uploads\/screenshot_5-3-1200x660.png\" alt=\"\" class=\"wp-image-246139 lazyload\" src=\"data:image\/svg+xml;base64,PHN2ZyB3aWR0aD0iMSIgaGVpZ2h0PSIxIiB4bWxucz0iaHR0cDovL3d3dy53My5vcmcvMjAwMC9zdmciPjwvc3ZnPg==\" style=\"--smush-placeholder-width: 1200px; --smush-placeholder-aspect-ratio: 1200\/660;\" \/><figcaption>&#8220;T\u0259rt\u0259r i\u015fi&#8221; il\u0259 ba\u011fl\u0131 ke\u00e7iril\u0259n aksiyan\u0131n canl\u0131 yay\u0131m\u0131ndan screenshot<\/figcaption><\/figure>\n\n\n\n<p>Ana \u0259lav\u0259 edib ki, \u0259dal\u0259tli ara\u015fd\u0131rma apar\u0131lmal\u0131d\u0131r: <\/p>\n\n\n\n<p>&#8220;\u018fg\u0259r o\u011flumun h\u0259r hans\u0131 g\u00fcnah\u0131 varsa, t\u00fcrm\u0259d\u0259 \u00e7\u00fcr\u00fcm\u0259sin\u0259 raz\u0131yam. Yox, g\u00fcnah\u0131 yoxdursa, o zaman azad edilm\u0259lidir. T\u0259l\u0259b edir\u0259m ki, istintaq \u0259dal\u0259tli apar\u0131ls\u0131n. 5 ildir ki, d\u00f6ym\u0259diyim qap\u0131 qalmay\u0131b, \u00e7ox yorulmu\u015fam\u201d.<\/p>\n\n\n\n<p>H\u0259bsd\u0259 olan h\u0259rb\u00e7i El\u00e7in Quliyevin anas\u0131 Valid\u0259 Mahmudova bildirir ki, onun o\u011flu da i\u015fg\u0259nc\u0259 g\u00f6r\u00fcb v\u0259 bu durumda ondan izahat al\u0131n\u0131b, onun \u0259sas\u0131nda h\u0259bs edilib: <\/p>\n\n\n\n<p>\u201cD\u00f6y\u00fcbl\u0259r, a\u011f\u0131r i\u015fg\u0259nc\u0259l\u0259r veribl\u0259r. Onlar i\u015fg\u0259nc\u0259l\u0259r alt\u0131nda 14 n\u0259f\u0259ri \u00f6ld\u00fcr\u00fcbl\u0259r. Biz \u00f6l\u00fcm hal\u0131n\u0131n daha \u00e7ox oldu\u011funu bilirik. H\u0259l\u0259lik ortaya \u00e7\u0131xanlar, dan\u0131\u015fanlar bunlard\u0131r\u201d.<\/p>\n\n\n\n<p>O bildirir ki, istintaq\u0131n n\u0259tic\u0259si onu qane etmir, art\u0131q h\u0259r hans\u0131 \u0259dal\u0259t d\u0259 g\u00f6zl\u0259mir: <\/p>\n\n\n\n<p>\u201c\u0130stintaq bizi qane etmir, haqq\u0131m\u0131z b\u0259rpa olunmur. 12-17 il \u00f6mr\u00fcn\u00fc h\u0259rbiy\u0259 h\u0259sr ed\u0259n insanlar i\u015fg\u0259nc\u0259l\u0259rl\u0259, \u015f\u0259rl\u0259nib h\u0259bs edilib. \u0130stintaq \u0259dal\u0259tli apar\u0131lm\u0131r. Biz 5 ildir s\u00fcr\u00fcnd\u00fcr\u00fcl\u00fcr\u00fck, he\u00e7 bir n\u0259tic\u0259 yoxdur. S\u00fcr\u00fcnd\u00fcrm\u0259\u00e7ilik davam edir, h\u0259l\u0259 d\u0259 aldan\u0131r\u0131q\u201d.<\/p>\n\n\n\n<p>H\u0259bs edil\u0259nl\u0259rin yax\u0131nlar istintaq\u0131n gedi\u015find\u0259n naraz\u0131d\u0131r.<\/p>\n\n\n\n<p>Onlar istintaq prosesi il\u0259 ba\u011fl\u0131 m\u0259lumat ala bilm\u0259dikl\u0259rind\u0259n \u015fikay\u0259t\u00e7idir.<\/p>\n\n\n\n<p>H\u0259bs edil\u0259nl\u0259rin yax\u0131nlar\u0131 \u0259dal\u0259tli istintaq t\u0259l\u0259b edir.<\/p>\n\n\n\n<p>Ba\u015f Prokurorlu\u011fun \u0259n son yayd\u0131\u011f\u0131 m\u0259lumatda bildirilir ki, \u201cT\u0259rt\u0259r i\u015fi\u201d \u00fczr\u0259 2021-ci ilin dekabr\u0131nda yenid\u0259n istintaq ara\u015fd\u0131rmalar\u0131 ba\u015flayandan sonra i\u015fg\u0259nc\u0259 v\u0259 ba\u015fqa qanunsuz h\u0259r\u0259k\u0259tl\u0259r\u0259 m\u0259ruz qalm\u0131\u015f 280 n\u0259f\u0259r z\u0259r\u0259r\u00e7\u0259kmi\u015f qismind\u0259 tan\u0131n\u0131b.<\/p>\n\n\n\n<p>\u018fvv\u0259lki d\u00f6vrd\u0259 z\u0259r\u0259r\u00e7\u0259kmi\u015f kimi c\u0259lb olunanlarla birlikd\u0259 haz\u0131rda \u00fcmumilikd\u0259 397 n\u0259f\u0259r z\u0259r\u0259r\u00e7\u0259kmi\u015f var.<\/p>\n","protected":false},"excerpt":{"rendered":"<p>Valideynl\u0259r Ba\u015f Prokurorluq qar\u015f\u0131s\u0131nda etiraz edibl\u0259r \u201cT\u0259rt\u0259r i\u015fi\u201d \u00fczr\u0259 h\u0259bs &#8230; <\/p>\n<p class=\"read-more-container\"><a title=\"\u201cT\u0259rt\u0259r i\u015fi\u201d: \u201cOnlar 1 ya\u015f yar\u0131ml\u0131q \u00f6vlad\u0131m\u0131n k\u00fcr\u0259yin\u0259 ayaq qoymu\u015f insanlard\u0131r&#8221;\" class=\"read-more button\" href=\"https:\/\/www.meydan.tv\/az\/article\/terter-isi-onlar-1-yas-yarimliq-ovladimin-kureyine-ayaq-qoymus-insanlardir\/#more-246132\" aria-label=\"Read more about \u201cT\u0259rt\u0259r i\u015fi\u201d: \u201cOnlar 1 ya\u015f yar\u0131ml\u0131q \u00f6vlad\u0131m\u0131n k\u00fcr\u0259yin\u0259 ayaq qoymu\u015f insanlard\u0131r&#8221;\">Davam\u0131<\/a><\/p>\n","protected":false},"author":8,"featured_media":246133,"comment_status":"closed","ping_status":"closed","sticky":false,"template":"","format":"standard","meta":{"_acf_changed":false,"_sitemap_exclude":false,"_sitemap_priority":"","_sitemap_frequency":"","footnotes":""},"categories":[59,79,56],"tags":[],"class_list":["post-246132","post","type-post","status-publish","format-standard","has-post-thumbnail","hentry","category-siyaset","category-featured","category-xeberler","infinite-scroll-item","generate-columns","tablet-grid-50","mobile-grid-100","grid-parent","grid-33","no-featured-image-padding"],"acf":[],"yoast_head":"<!-- This site is optimized with the Yoast SEO plugin v27.5 - https:\/\/yoast.com\/product\/yoast-seo-wordpress\/ -->\n<title>\u201cT\u0259rt\u0259r i\u015fi\u201d: \u201cOnlar 1 ya\u015f yar\u0131ml\u0131q \u00f6vlad\u0131m\u0131n k\u00fcr\u0259yin\u0259 ayaq qoymu\u015f insanlard\u0131r&quot; - MEYDAN.TV<\/title>\n<meta name=\"robots\" content=\"index, follow, max-snippet:-1, max-image-preview:large, max-video-preview:-1\" \/>\n<link rel=\"canonical\" href=\"https:\/\/www.meydan.tv\/az\/article\/terter-isi-onlar-1-yas-yarimliq-ovladimin-kureyine-ayaq-qoymus-insanlardir\/\" \/>\n<meta property=\"og:locale\" content=\"az_AZ\" \/>\n<meta property=\"og:type\" content=\"article\" \/>\n<meta property=\"og:title\" content=\"\u201cT\u0259rt\u0259r i\u015fi\u201d: \u201cOnlar 1 ya\u015f yar\u0131ml\u0131q \u00f6vlad\u0131m\u0131n k\u00fcr\u0259yin\u0259 ayaq qoymu\u015f insanlard\u0131r&quot; - MEYDAN.TV\" \/>\n<meta property=\"og:description\" content=\"Valideynl\u0259r Ba\u015f Prokurorluq qar\u015f\u0131s\u0131nda etiraz edibl\u0259r \u201cT\u0259rt\u0259r i\u015fi\u201d \u00fczr\u0259 h\u0259bs ... Davam\u0131\" \/>\n<meta property=\"og:url\" content=\"https:\/\/www.meydan.tv\/az\/article\/terter-isi-onlar-1-yas-yarimliq-ovladimin-kureyine-ayaq-qoymus-insanlardir\/\" \/>\n<meta property=\"og:site_name\" content=\"MEYDAN.TV\" \/>\n<meta property=\"article:published_time\" content=\"2022-05-24T09:23:55+00:00\" \/>\n<meta property=\"article:modified_time\" content=\"2022-05-24T09:23:57+00:00\" \/>\n<meta property=\"og:image\" content=\"https:\/\/www.meydan.tv\/wp-content\/uploads\/screenshot_6-2-1200x756.png\" \/>\n\t<meta property=\"og:image:width\" content=\"1200\" \/>\n\t<meta property=\"og:image:height\" content=\"756\" \/>\n\t<meta property=\"og:image:type\" content=\"image\/png\" \/>\n<meta name=\"author\" content=\"elli\" \/>\n<meta name=\"twitter:card\" content=\"summary_large_image\" \/>\n<meta name=\"twitter:creator\" content=\"@elli\" \/>\n<script type=\"application\/ld+json\" class=\"yoast-schema-graph\">{\"@context\":\"https:\\\/\\\/schema.org\",\"@graph\":[{\"@type\":\"Article\",\"@id\":\"https:\\\/\\\/www.meydan.tv\\\/az\\\/article\\\/terter-isi-onlar-1-yas-yarimliq-ovladimin-kureyine-ayaq-qoymus-insanlardir\\\/#article\",\"isPartOf\":{\"@id\":\"https:\\\/\\\/www.meydan.tv\\\/az\\\/article\\\/terter-isi-onlar-1-yas-yarimliq-ovladimin-kureyine-ayaq-qoymus-insanlardir\\\/\"},\"author\":{\"name\":\"elli\",\"@id\":\"https:\\\/\\\/www.meydan.tv\\\/az\\\/#\\\/schema\\\/person\\\/9cdbecf90d17180ce1dfbd95b08dcf47\"},\"headline\":\"\u201cT\u0259rt\u0259r i\u015fi\u201d: \u201cOnlar 1 ya\u015f yar\u0131ml\u0131q \u00f6vlad\u0131m\u0131n k\u00fcr\u0259yin\u0259 ayaq qoymu\u015f insanlard\u0131r&#8221;\",\"datePublished\":\"2022-05-24T09:23:55+00:00\",\"dateModified\":\"2022-05-24T09:23:57+00:00\",\"mainEntityOfPage\":{\"@id\":\"https:\\\/\\\/www.meydan.tv\\\/az\\\/article\\\/terter-isi-onlar-1-yas-yarimliq-ovladimin-kureyine-ayaq-qoymus-insanlardir\\\/\"},\"wordCount\":1499,\"publisher\":{\"@id\":\"https:\\\/\\\/www.meydan.tv\\\/az\\\/#organization\"},\"image\":{\"@id\":\"https:\\\/\\\/www.meydan.tv\\\/az\\\/article\\\/terter-isi-onlar-1-yas-yarimliq-ovladimin-kureyine-ayaq-qoymus-insanlardir\\\/#primaryimage\"},\"thumbnailUrl\":\"https:\\\/\\\/www.meydan.tv\\\/wp-content\\\/uploads\\\/screenshot_6-2.png\",\"articleSection\":[\"Siyas\u0259t\",\"T\u00f6vsiy\u0259\",\"X\u0259b\u0259rl\u0259r\"],\"inLanguage\":\"az\"},{\"@type\":\"WebPage\",\"@id\":\"https:\\\/\\\/www.meydan.tv\\\/az\\\/article\\\/terter-isi-onlar-1-yas-yarimliq-ovladimin-kureyine-ayaq-qoymus-insanlardir\\\/\",\"url\":\"https:\\\/\\\/www.meydan.tv\\\/az\\\/article\\\/terter-isi-onlar-1-yas-yarimliq-ovladimin-kureyine-ayaq-qoymus-insanlardir\\\/\",\"name\":\"\u201cT\u0259rt\u0259r i\u015fi\u201d: \u201cOnlar 1 ya\u015f yar\u0131ml\u0131q \u00f6vlad\u0131m\u0131n k\u00fcr\u0259yin\u0259 ayaq qoymu\u015f insanlard\u0131r\\\" - MEYDAN.TV\",\"isPartOf\":{\"@id\":\"https:\\\/\\\/www.meydan.tv\\\/az\\\/#website\"},\"primaryImageOfPage\":{\"@id\":\"https:\\\/\\\/www.meydan.tv\\\/az\\\/article\\\/terter-isi-onlar-1-yas-yarimliq-ovladimin-kureyine-ayaq-qoymus-insanlardir\\\/#primaryimage\"},\"image\":{\"@id\":\"https:\\\/\\\/www.meydan.tv\\\/az\\\/article\\\/terter-isi-onlar-1-yas-yarimliq-ovladimin-kureyine-ayaq-qoymus-insanlardir\\\/#primaryimage\"},\"thumbnailUrl\":\"https:\\\/\\\/www.meydan.tv\\\/wp-content\\\/uploads\\\/screenshot_6-2.png\",\"datePublished\":\"2022-05-24T09:23:55+00:00\",\"dateModified\":\"2022-05-24T09:23:57+00:00\",\"breadcrumb\":{\"@id\":\"https:\\\/\\\/www.meydan.tv\\\/az\\\/article\\\/terter-isi-onlar-1-yas-yarimliq-ovladimin-kureyine-ayaq-qoymus-insanlardir\\\/#breadcrumb\"},\"inLanguage\":\"az\",\"potentialAction\":[{\"@type\":\"ReadAction\",\"target\":[\"https:\\\/\\\/www.meydan.tv\\\/az\\\/article\\\/terter-isi-onlar-1-yas-yarimliq-ovladimin-kureyine-ayaq-qoymus-insanlardir\\\/\"]}]},{\"@type\":\"ImageObject\",\"inLanguage\":\"az\",\"@id\":\"https:\\\/\\\/www.meydan.tv\\\/az\\\/article\\\/terter-isi-onlar-1-yas-yarimliq-ovladimin-kureyine-ayaq-qoymus-insanlardir\\\/#primaryimage\",\"url\":\"https:\\\/\\\/www.meydan.tv\\\/wp-content\\\/uploads\\\/screenshot_6-2.png\",\"contentUrl\":\"https:\\\/\\\/www.meydan.tv\\\/wp-content\\\/uploads\\\/screenshot_6-2.png\",\"width\":1296,\"height\":816,\"caption\":\"Foto: Meydan TV\"},{\"@type\":\"BreadcrumbList\",\"@id\":\"https:\\\/\\\/www.meydan.tv\\\/az\\\/article\\\/terter-isi-onlar-1-yas-yarimliq-ovladimin-kureyine-ayaq-qoymus-insanlardir\\\/#breadcrumb\",\"itemListElement\":[{\"@type\":\"ListItem\",\"position\":1,\"name\":\"Ana s\u0259hif\u0259\",\"item\":\"https:\\\/\\\/www.meydan.tv\\\/az\\\/\"},{\"@type\":\"ListItem\",\"position\":2,\"name\":\"Siyas\u0259t\",\"item\":\"https:\\\/\\\/www.meydan.tv\\\/az\\\/section\\\/siyaset\\\/\"},{\"@type\":\"ListItem\",\"position\":3,\"name\":\"\u201cT\u0259rt\u0259r i\u015fi\u201d: \u201cOnlar 1 ya\u015f yar\u0131ml\u0131q \u00f6vlad\u0131m\u0131n k\u00fcr\u0259yin\u0259 ayaq qoymu\u015f insanlard\u0131r&#8221;\"}]},{\"@type\":\"WebSite\",\"@id\":\"https:\\\/\\\/www.meydan.tv\\\/az\\\/#website\",\"url\":\"https:\\\/\\\/www.meydan.tv\\\/az\\\/\",\"name\":\"MEYDAN.TV\",\"description\":\"Meydan TV Az\u0259rbaycan\u0131n media m\u0259kan\u0131ndak\u0131 alternativ s\u0259sidir\",\"publisher\":{\"@id\":\"https:\\\/\\\/www.meydan.tv\\\/az\\\/#organization\"},\"potentialAction\":[{\"@type\":\"SearchAction\",\"target\":{\"@type\":\"EntryPoint\",\"urlTemplate\":\"https:\\\/\\\/www.meydan.tv\\\/az\\\/?s={search_term_string}\"},\"query-input\":{\"@type\":\"PropertyValueSpecification\",\"valueRequired\":true,\"valueName\":\"search_term_string\"}}],\"inLanguage\":\"az\"},{\"@type\":\"Organization\",\"@id\":\"https:\\\/\\\/www.meydan.tv\\\/az\\\/#organization\",\"name\":\"Meydan TV\",\"url\":\"https:\\\/\\\/www.meydan.tv\\\/az\\\/\",\"logo\":{\"@type\":\"ImageObject\",\"inLanguage\":\"az\",\"@id\":\"https:\\\/\\\/www.meydan.tv\\\/az\\\/#\\\/schema\\\/logo\\\/image\\\/\",\"url\":\"https:\\\/\\\/www.meydan.tv\\\/wp-content\\\/uploads\\\/2021\\\/07\\\/meydan-logo.svg\",\"contentUrl\":\"https:\\\/\\\/www.meydan.tv\\\/wp-content\\\/uploads\\\/2021\\\/07\\\/meydan-logo.svg\",\"width\":195,\"height\":46,\"caption\":\"Meydan TV\"},\"image\":{\"@id\":\"https:\\\/\\\/www.meydan.tv\\\/az\\\/#\\\/schema\\\/logo\\\/image\\\/\"}},{\"@type\":\"Person\",\"@id\":\"https:\\\/\\\/www.meydan.tv\\\/az\\\/#\\\/schema\\\/person\\\/9cdbecf90d17180ce1dfbd95b08dcf47\",\"name\":\"elli\",\"sameAs\":[\"https:\\\/\\\/x.com\\\/elli\"]}]}<\/script>\n<!-- \/ Yoast SEO plugin. -->","yoast_head_json":{"title":"\u201cT\u0259rt\u0259r i\u015fi\u201d: \u201cOnlar 1 ya\u015f yar\u0131ml\u0131q \u00f6vlad\u0131m\u0131n k\u00fcr\u0259yin\u0259 ayaq qoymu\u015f insanlard\u0131r\" - MEYDAN.TV","robots":{"index":"index","follow":"follow","max-snippet":"max-snippet:-1","max-image-preview":"max-image-preview:large","max-video-preview":"max-video-preview:-1"},"canonical":"https:\/\/www.meydan.tv\/az\/article\/terter-isi-onlar-1-yas-yarimliq-ovladimin-kureyine-ayaq-qoymus-insanlardir\/","og_locale":"az_AZ","og_type":"article","og_title":"\u201cT\u0259rt\u0259r i\u015fi\u201d: \u201cOnlar 1 ya\u015f yar\u0131ml\u0131q \u00f6vlad\u0131m\u0131n k\u00fcr\u0259yin\u0259 ayaq qoymu\u015f insanlard\u0131r\" - MEYDAN.TV","og_description":"Valideynl\u0259r Ba\u015f Prokurorluq qar\u015f\u0131s\u0131nda etiraz edibl\u0259r \u201cT\u0259rt\u0259r i\u015fi\u201d \u00fczr\u0259 h\u0259bs ... Davam\u0131","og_url":"https:\/\/www.meydan.tv\/az\/article\/terter-isi-onlar-1-yas-yarimliq-ovladimin-kureyine-ayaq-qoymus-insanlardir\/","og_site_name":"MEYDAN.TV","article_published_time":"2022-05-24T09:23:55+00:00","article_modified_time":"2022-05-24T09:23:57+00:00","og_image":[{"width":1200,"height":756,"url":"https:\/\/www.meydan.tv\/wp-content\/uploads\/screenshot_6-2-1200x756.png","type":"image\/png"}],"author":"elli","twitter_card":"summary_large_image","twitter_creator":"@elli","schema":{"@context":"https:\/\/schema.org","@graph":[{"@type":"Article","@id":"https:\/\/www.meydan.tv\/az\/article\/terter-isi-onlar-1-yas-yarimliq-ovladimin-kureyine-ayaq-qoymus-insanlardir\/#article","isPartOf":{"@id":"https:\/\/www.meydan.tv\/az\/article\/terter-isi-onlar-1-yas-yarimliq-ovladimin-kureyine-ayaq-qoymus-insanlardir\/"},"author":{"name":"elli","@id":"https:\/\/www.meydan.tv\/az\/#\/schema\/person\/9cdbecf90d17180ce1dfbd95b08dcf47"},"headline":"\u201cT\u0259rt\u0259r i\u015fi\u201d: \u201cOnlar 1 ya\u015f yar\u0131ml\u0131q \u00f6vlad\u0131m\u0131n k\u00fcr\u0259yin\u0259 ayaq qoymu\u015f insanlard\u0131r&#8221;","datePublished":"2022-05-24T09:23:55+00:00","dateModified":"2022-05-24T09:23:57+00:00","mainEntityOfPage":{"@id":"https:\/\/www.meydan.tv\/az\/article\/terter-isi-onlar-1-yas-yarimliq-ovladimin-kureyine-ayaq-qoymus-insanlardir\/"},"wordCount":1499,"publisher":{"@id":"https:\/\/www.meydan.tv\/az\/#organization"},"image":{"@id":"https:\/\/www.meydan.tv\/az\/article\/terter-isi-onlar-1-yas-yarimliq-ovladimin-kureyine-ayaq-qoymus-insanlardir\/#primaryimage"},"thumbnailUrl":"https:\/\/www.meydan.tv\/wp-content\/uploads\/screenshot_6-2.png","articleSection":["Siyas\u0259t","T\u00f6vsiy\u0259","X\u0259b\u0259rl\u0259r"],"inLanguage":"az"},{"@type":"WebPage","@id":"https:\/\/www.meydan.tv\/az\/article\/terter-isi-onlar-1-yas-yarimliq-ovladimin-kureyine-ayaq-qoymus-insanlardir\/","url":"https:\/\/www.meydan.tv\/az\/article\/terter-isi-onlar-1-yas-yarimliq-ovladimin-kureyine-ayaq-qoymus-insanlardir\/","name":"\u201cT\u0259rt\u0259r i\u015fi\u201d: \u201cOnlar 1 ya\u015f yar\u0131ml\u0131q \u00f6vlad\u0131m\u0131n k\u00fcr\u0259yin\u0259 ayaq qoymu\u015f insanlard\u0131r\" - MEYDAN.TV","isPartOf":{"@id":"https:\/\/www.meydan.tv\/az\/#website"},"primaryImageOfPage":{"@id":"https:\/\/www.meydan.tv\/az\/article\/terter-isi-onlar-1-yas-yarimliq-ovladimin-kureyine-ayaq-qoymus-insanlardir\/#primaryimage"},"image":{"@id":"https:\/\/www.meydan.tv\/az\/article\/terter-isi-onlar-1-yas-yarimliq-ovladimin-kureyine-ayaq-qoymus-insanlardir\/#primaryimage"},"thumbnailUrl":"https:\/\/www.meydan.tv\/wp-content\/uploads\/screenshot_6-2.png","datePublished":"2022-05-24T09:23:55+00:00","dateModified":"2022-05-24T09:23:57+00:00","breadcrumb":{"@id":"https:\/\/www.meydan.tv\/az\/article\/terter-isi-onlar-1-yas-yarimliq-ovladimin-kureyine-ayaq-qoymus-insanlardir\/#breadcrumb"},"inLanguage":"az","potentialAction":[{"@type":"ReadAction","target":["https:\/\/www.meydan.tv\/az\/article\/terter-isi-onlar-1-yas-yarimliq-ovladimin-kureyine-ayaq-qoymus-insanlardir\/"]}]},{"@type":"ImageObject","inLanguage":"az","@id":"https:\/\/www.meydan.tv\/az\/article\/terter-isi-onlar-1-yas-yarimliq-ovladimin-kureyine-ayaq-qoymus-insanlardir\/#primaryimage","url":"https:\/\/www.meydan.tv\/wp-content\/uploads\/screenshot_6-2.png","contentUrl":"https:\/\/www.meydan.tv\/wp-content\/uploads\/screenshot_6-2.png","width":1296,"height":816,"caption":"Foto: Meydan TV"},{"@type":"BreadcrumbList","@id":"https:\/\/www.meydan.tv\/az\/article\/terter-isi-onlar-1-yas-yarimliq-ovladimin-kureyine-ayaq-qoymus-insanlardir\/#breadcrumb","itemListElement":[{"@type":"ListItem","position":1,"name":"Ana s\u0259hif\u0259","item":"https:\/\/www.meydan.tv\/az\/"},{"@type":"ListItem","position":2,"name":"Siyas\u0259t","item":"https:\/\/www.meydan.tv\/az\/section\/siyaset\/"},{"@type":"ListItem","position":3,"name":"\u201cT\u0259rt\u0259r i\u015fi\u201d: \u201cOnlar 1 ya\u015f yar\u0131ml\u0131q \u00f6vlad\u0131m\u0131n k\u00fcr\u0259yin\u0259 ayaq qoymu\u015f insanlard\u0131r&#8221;"}]},{"@type":"WebSite","@id":"https:\/\/www.meydan.tv\/az\/#website","url":"https:\/\/www.meydan.tv\/az\/","name":"MEYDAN.TV","description":"Meydan TV Az\u0259rbaycan\u0131n media m\u0259kan\u0131ndak\u0131 alternativ s\u0259sidir","publisher":{"@id":"https:\/\/www.meydan.tv\/az\/#organization"},"potentialAction":[{"@type":"SearchAction","target":{"@type":"EntryPoint","urlTemplate":"https:\/\/www.meydan.tv\/az\/?s={search_term_string}"},"query-input":{"@type":"PropertyValueSpecification","valueRequired":true,"valueName":"search_term_string"}}],"inLanguage":"az"},{"@type":"Organization","@id":"https:\/\/www.meydan.tv\/az\/#organization","name":"Meydan TV","url":"https:\/\/www.meydan.tv\/az\/","logo":{"@type":"ImageObject","inLanguage":"az","@id":"https:\/\/www.meydan.tv\/az\/#\/schema\/logo\/image\/","url":"https:\/\/www.meydan.tv\/wp-content\/uploads\/2021\/07\/meydan-logo.svg","contentUrl":"https:\/\/www.meydan.tv\/wp-content\/uploads\/2021\/07\/meydan-logo.svg","width":195,"height":46,"caption":"Meydan TV"},"image":{"@id":"https:\/\/www.meydan.tv\/az\/#\/schema\/logo\/image\/"}},{"@type":"Person","@id":"https:\/\/www.meydan.tv\/az\/#\/schema\/person\/9cdbecf90d17180ce1dfbd95b08dcf47","name":"elli","sameAs":["https:\/\/x.com\/elli"]}]}},"_links":{"self":[{"href":"https:\/\/www.meydan.tv\/az\/wp-json\/wp\/v2\/posts\/246132","targetHints":{"allow":["GET"]}}],"collection":[{"href":"https:\/\/www.meydan.tv\/az\/wp-json\/wp\/v2\/posts"}],"about":[{"href":"https:\/\/www.meydan.tv\/az\/wp-json\/wp\/v2\/types\/post"}],"author":[{"embeddable":true,"href":"https:\/\/www.meydan.tv\/az\/wp-json\/wp\/v2\/users\/8"}],"replies":[{"embeddable":true,"href":"https:\/\/www.meydan.tv\/az\/wp-json\/wp\/v2\/comments?post=246132"}],"version-history":[{"count":2,"href":"https:\/\/www.meydan.tv\/az\/wp-json\/wp\/v2\/posts\/246132\/revisions"}],"predecessor-version":[{"id":246150,"href":"https:\/\/www.meydan.tv\/az\/wp-json\/wp\/v2\/posts\/246132\/revisions\/246150"}],"wp:featuredmedia":[{"embeddable":true,"href":"https:\/\/www.meydan.tv\/az\/wp-json\/wp\/v2\/media\/246133"}],"wp:attachment":[{"href":"https:\/\/www.meydan.tv\/az\/wp-json\/wp\/v2\/media?parent=246132"}],"wp:term":[{"taxonomy":"category","embeddable":true,"href":"https:\/\/www.meydan.tv\/az\/wp-json\/wp\/v2\/categories?post=246132"},{"taxonomy":"post_tag","embeddable":true,"href":"https:\/\/www.meydan.tv\/az\/wp-json\/wp\/v2\/tags?post=246132"}],"curies":[{"name":"wp","href":"https:\/\/api.w.org\/{rel}","templated":true}]}}