{"id":245989,"date":"2022-05-23T14:10:06","date_gmt":"2022-05-23T10:10:06","guid":{"rendered":"https:\/\/www.meydan.tv\/?p=245989"},"modified":"2022-05-23T14:10:09","modified_gmt":"2022-05-23T10:10:09","slug":"brussel-gorusu-qerb-munaqisenin-tam-hellinde-maraqlidir-rusiya-ise-yox","status":"publish","type":"post","link":"https:\/\/www.meydan.tv\/az\/article\/brussel-gorusu-qerb-munaqisenin-tam-hellinde-maraqlidir-rusiya-ise-yox\/","title":{"rendered":"Br\u00fcssel g\u00f6r\u00fc\u015f\u00fc: \u201cQ\u0259rb m\u00fcnaqi\u015f\u0259nin tam h\u0259llind\u0259 maraql\u0131d\u0131r, Rusiya is\u0259 yox\u201d"},"content":{"rendered":"\n<p><\/p>\n\n\n\n<p><em>\u201cAz\u0259rbaycanla Erm\u0259nistan\u0131n da m\u00f6vqeyi Q\u0259rbin m\u00f6vqeyin\u0259 yax\u0131nd\u0131r\u201d<\/em><\/p>\n\n\n\n<p>\u201cYax\u0131n g\u00fcnl\u0259rd\u0259 Erm\u0259nistan-Az\u0259rbaycan s\u0259rh\u0259dind\u0259 h\u0259r iki d\u00f6vl\u0259tin s\u0259rh\u0259d komissiyalar\u0131n\u0131n birinci iclas\u0131 ke\u00e7iril\u0259c\u0259k. T\u0259r\u0259fl\u0259r s\u0259rh\u0259din delimitasiyas\u0131 v\u0259 sabit v\u0259ziyy\u0259tin \u0259n yax\u015f\u0131 \u015f\u0259kild\u0259 nec\u0259 t\u0259min edilm\u0259si il\u0259 ba\u011fl\u0131 b\u00fct\u00fcn m\u0259s\u0259l\u0259l\u0259r\u0259 toxunacaqlar\u201d.<\/p>\n\n\n\n<p>Bunu Avropa \u0130ttifaq\u0131 \u015euras\u0131n\u0131n Prezidenti \u015earl Mi\u015fel Br\u00fcsseld\u0259 Az\u0259rbaycan Prezidenti \u0130lham \u018fliyev v\u0259 Erm\u0259nistan\u0131n Ba\u015f naziri Nikol Pa\u015finyanla ke\u00e7irdiyi g\u00f6r\u00fc\u015f\u00fcn yekunlar\u0131na dair m\u0259tbuat konfrans\u0131nda <a href=\"https:\/\/azertag.az\/xeber\/Prezident_Ilham_Aliyev_ve_bas_nazir_Nikol_Pasinyanla_gorusden_sonra_Avropa_Ittifaqi_Surasinin_Prezidenti_Sarl_Misel_metbuata_achiqlama_verib__YENILANIB_VIDEO-2145821\" target=\"_blank\" rel=\"noreferrer noopener\">deyib<\/a>.<\/p>\n\n\n\n<p>\u015earl Mi\u015fel m\u00fczakir\u0259l\u0259rin s\u0259mimi v\u0259 m\u0259hsuldar ke\u00e7diyini vur\u011fulay\u0131b.<\/p>\n\n\n\n<p>O \u0259lav\u0259 edib ki, m\u00fczakir\u0259l\u0259r zaman\u0131 b\u00fct\u00fcn m\u0259s\u0259l\u0259l\u0259ri n\u0259z\u0259rd\u0259n ke\u00e7iribl\u0259r:<\/p>\n\n\n\n<p>\u201cBizim humanitar m\u0259s\u0259l\u0259l\u0259r, o c\u00fcml\u0259d\u0259n minalar\u0131n t\u0259mizl\u0259nm\u0259si v\u0259 saxlan\u0131lanlar\u0131n azad edilm\u0259si il\u0259 ba\u011fl\u0131 \u0259trafl\u0131 m\u00fczakir\u0259miz oldu. \u0130tkin d\u00fc\u015fm\u00fc\u015f insanlar\u0131n taleyin\u0259 d\u0259 toxunduq\u201d.<\/p>\n\n\n\n<p>Diplomat\u0131n s\u00f6zl\u0259rin\u0259 g\u00f6r\u0259, kommunikasiya il\u0259 \u0259laq\u0259dar liderl\u0259r n\u0259qliyyat \u0259laq\u0259l\u0259rinin a\u00e7\u0131lmas\u0131 istiqam\u0259tind\u0259 i\u015fl\u0259rin davam etdirilm\u0259si z\u0259rur\u0259ti \u00fcz\u0259rind\u0259 raz\u0131l\u0131\u011fa g\u0259libl\u0259r.<\/p>\n\n\n\n<p>\u201cOnlar Az\u0259rbaycan\u0131n q\u0259rb hiss\u0259si il\u0259 Nax\u00e7\u0131van v\u0259 Az\u0259rbaycan \u0259razisind\u0259n Erm\u0259nistan\u0131n m\u00fcxt\u0259lif hiss\u0259l\u0259ri aras\u0131nda tranzitl\u0259ri, habel\u0259 h\u0259r iki \u00f6lk\u0259nin kommunikasiya infrastrukturu vasit\u0259sil\u0259 beyn\u0259lxalq n\u0259qliyyat da\u015f\u0131malar\u0131n\u0131 t\u0259nziml\u0259y\u0259c\u0259k prinsipl\u0259r \u00fcz\u0259rind\u0259 raz\u0131l\u0131\u011fa g\u0259ldil\u0259r. X\u00fcsusil\u0259 beyn\u0259lxalq da\u015f\u0131malar kontekstind\u0259 s\u0259rh\u0259d idar\u0259etm\u0259 prinsipl\u0259ri, t\u0259hl\u00fck\u0259sizlik, el\u0259c\u0259 d\u0259 g\u00f6mr\u00fck r\u00fcsumlar\u0131 v\u0259 qaydalar\u0131 bar\u0259d\u0259 raz\u0131l\u0131q oldu. Yax\u0131n g\u00fcnl\u0259rd\u0259 Ba\u015f nazirl\u0259rin m\u00fcavinl\u0259ri bu i\u015fi davam etdir\u0259c\u0259kl\u0259r\u201d, &#8211; dey\u0259 Avropa \u0130ttifaq\u0131 \u015euras\u0131n\u0131n Prezidenti bildirib.<\/p>\n\n\n\n<p>S\u00fclh sazi\u015fin\u0259 g\u0259linc\u0259, \u015earl Mi\u015fel deyib ki, liderl\u0259r Erm\u0259nistanla Az\u0259rbaycan aras\u0131nda d\u00f6vl\u0259tl\u0259raras\u0131 m\u00fcnasib\u0259tl\u0259ri t\u0259nziml\u0259y\u0259n g\u0259l\u0259c\u0259k s\u00fclh m\u00fcqavil\u0259sin\u0259 dair m\u00fczakir\u0259ni davam etdirm\u0259k bar\u0259d\u0259 raz\u0131l\u0131\u011fa g\u0259libl\u0259r:<\/p>\n\n\n\n<p>\u201cYax\u0131n h\u0259ft\u0259l\u0259rd\u0259 xarici i\u015fl\u0259r nazirl\u0259rinin ba\u015f\u00e7\u0131l\u0131q etdikl\u0259ri n\u00fcmay\u0259nd\u0259 hey\u0259tl\u0259ri bu prosesi davam etdir\u0259c\u0259k. Bunun davam\u0131 olaraq, m\u0259n h\u0259r iki lider\u0259 m\u00fcraci\u0259tl\u0259 vur\u011fulad\u0131m ki, z\u0259nnimc\u0259, Qaraba\u011fdak\u0131 etnik erm\u0259ni \u0259halinin h\u00fcquqlar\u0131 v\u0259 t\u0259hl\u00fck\u0259sizliyi m\u0259s\u0259l\u0259sinin h\u0259ll olunmas\u0131 vacibdir\u201d.<\/p>\n\n\n\n<p>O, Avropa \u0130ttifaq\u0131n\u0131n t\u0259r\u0259fl\u0259rl\u0259 birlikd\u0259 h\u0259r iki \u00f6lk\u0259nin v\u0259 onlar\u0131n xalqlar\u0131n\u0131n rifah\u0131 namin\u0259 iqtisadi inki\u015faf\u0131 t\u0259\u015fviq etm\u0259y\u0259 \u00e7al\u0131\u015fan \u0130qtisadi M\u0259\u015fv\u0259r\u0259t Qrupunun i\u015fini inki\u015faf etdir\u0259c\u0259yini s\u00f6yl\u0259yib:<\/p>\n\n\n\n<p>\u201cH\u0259m\u00e7inin \u0259halinin uzunm\u00fcdd\u0259tli davaml\u0131 s\u00fclh\u0259 haz\u0131rlanmas\u0131n\u0131n vacibliyini d\u0259 vur\u011fulad\u0131m v\u0259 Avropa \u0130ttifaq\u0131 \u00f6z d\u0259st\u0259yini g\u00fccl\u0259ndirm\u0259y\u0259 haz\u0131rd\u0131r\u201d.<\/p>\n\n\n\n<p>\u015earl Mi\u015fel iyul-avqust aylar\u0131na q\u0259d\u0259r eyni formatda yenid\u0259n g\u00f6r\u00fc\u015f\u0259c\u0259kl\u0259rini d\u0259 deyib.<\/p>\n\n\n\n<p>Avropa \u0130ttifaq\u0131 \u015euras\u0131n\u0131n Prezidenti \u015earl Mi\u015felin t\u0259r\u0259fl\u0259rl\u0259 bu formatda \u00fc\u00e7\u00fcnc\u00fc g\u00f6r\u00fc\u015f\u00fc idi.<\/p>\n\n\n\n<p>Bundan \u0259vv\u0259lki g\u00f6r\u00fc\u015f aprelin 6-da <a href=\"https:\/\/www.meydan.tv\/az\/article\/brussel-gorusu-azerbaycan-qarsidurmanin-terkib-hissesine-cevrilir\/\" target=\"_blank\" rel=\"noreferrer noopener\">olmu\u015fdu<\/a>.<\/p>\n\n\n\n<p>Deputat Elman N\u0259sirov t\u0259r\u0259fl\u0259rin 5 saat m\u00fczakir\u0259 apard\u0131\u011f\u0131n\u0131 deyib.<\/p>\n\n\n\n<p>O bildirib ki, yekun a\u00e7\u0131qlamada Da\u011fl\u0131q Qaraba\u011f ifad\u0259si i\u015fl\u0259dilm\u0259yib:     <\/p>\n\n\n\n<p><br>\u201cAncaq Qaraba\u011f ifad\u0259si i\u015fl\u0259dilib. Eyni zamanda, s\u0259rh\u0259dl\u0259 ba\u011fl\u0131 komissiyalar yax\u0131n zamanlarda g\u00f6r\u00fc\u015f\u00fcb delimitasiya bar\u0259d\u0259 m\u00fczakir\u0259l\u0259ri planla\u015fd\u0131r\u0131rlar. H\u0259m\u00e7inin iki \u00f6lk\u0259 aras\u0131nda n\u0259qliyyat-kommunikasiya istiqam\u0259tind\u0259 Z\u0259ng\u0259zur d\u0259hlizinin i\u015f\u0259 sal\u0131nmas\u0131 il\u0259 \u0259laq\u0259dar prosesin davam\u0131 raz\u0131la\u015fd\u0131r\u0131l\u0131b. G\u00f6r\u00fc\u015fd\u0259 Az\u0259rbaycan Prezidenti humanitar m\u0259s\u0259l\u0259l\u0259r fonunda \u0259razil\u0259rin minalardan t\u0259mizl\u0259nm\u0259sini d\u0259 vur\u011fulay\u0131b. Bu da d\u0259qiq x\u0259rit\u0259l\u0259rin verilm\u0259si il\u0259 ba\u011fl\u0131 olub. 25 faiz d\u0259qiqlikd\u0259 olan x\u0259rit\u0259l\u0259r t\u0259bii ki, v\u0259ziyy\u0259ti m\u00fcr\u0259kk\u0259bl\u0259\u015fdirir. Az\u0259rbaycan d\u00f6vl\u0259t ba\u015f\u00e7\u0131s\u0131 Birinci Qaraba\u011f sava\u015f\u0131nda 4 min\u0259 yax\u0131n az\u0259rbaycanl\u0131n\u0131n itkin d\u00fc\u015fm\u0259sini d\u0259 xat\u0131rlad\u0131b\u201d.<\/p>\n\n\n\n<div class=\"wp-block-image\"><figure class=\"alignleft size-full is-resized\"><img decoding=\"async\" data-src=\"https:\/\/www.meydan.tv\/wp-content\/uploads\/1528546167_pas.jpg\" alt=\"Elman N\u0259sirov\" class=\"wp-image-147968 lazyload\" width=\"445\" height=\"241\" src=\"data:image\/svg+xml;base64,PHN2ZyB3aWR0aD0iMSIgaGVpZ2h0PSIxIiB4bWxucz0iaHR0cDovL3d3dy53My5vcmcvMjAwMC9zdmciPjwvc3ZnPg==\" style=\"--smush-placeholder-width: 445px; --smush-placeholder-aspect-ratio: 445\/241;\" \/><figcaption>Elman N\u0259sirov, Foto: Az\u0259rtac<\/figcaption><\/figure><\/div>\n\n\n\n<p>\u015earl Mi\u015felin \u201cQaraba\u011fdak\u0131 etnik erm\u0259ni \u0259halinin h\u00fcquqlar\u0131 v\u0259 t\u0259hl\u00fck\u0259sizliyi m\u0259s\u0259l\u0259sinin h\u0259ll olunmas\u0131 vacibdir\u201d a\u00e7\u0131qlamas\u0131na g\u0259linc\u0259, E.N\u0259sirov deyir ki, Erm\u0259nistan siyasi r\u0259hb\u0259rliyi \u0259vv\u0259ll\u0259r dan\u0131\u015f\u0131qlar prosesind\u0259 Da\u011fl\u0131q Qaraba\u011f ifad\u0259sini tez-tez i\u015fl\u0259dir v\u0259 b\u00f6lg\u0259nin m\u00fcst\u0259qilliyini g\u00fcnd\u0259m\u0259 g\u0259tirirdi:<\/p>\n\n\n\n<p>\u201cOnlar bunu xalqlar\u0131n \u00f6z m\u00fc\u0259q\u0259ddarat\u0131n\u0131 t\u0259yinetm\u0259 h\u00fcququna s\u00f6yk\u0259n\u0259r\u0259k ortaya at\u0131rd\u0131lar v\u0259 paralel olaraq AT\u018fT-nin Minsk Qrupunu \u00f6n\u0259 \u00e7\u0259kirdil\u0259r. \u0130ndi is\u0259 tamamil\u0259 ba\u015fqa m\u0259nz\u0259r\u0259nin \u015fahidi oluruq. \u015earl Mi\u015felin b\u0259yanat\u0131nda da Da\u011fl\u0131q Qaraba\u011fdak\u0131 erm\u0259ni \u0259halinin m\u00fcst\u0259qilliyi bar\u0259d\u0259 he\u00e7 deyilmir. \u018fksin\u0259, Az\u0259rbaycan\u0131n t\u0259rkib hiss\u0259si olan Qaraba\u011fda ya\u015fayan erm\u0259ni \u0259halisinin t\u0259hl\u00fck\u0259sizliyi, h\u00fcquqlar\u0131 v\u0259 azadl\u0131\u011f\u0131 ortaya qoyulur&#8221;. <\/p>\n\n\n\n<p>Elman N\u0259sirov deyib ki, revan\u015fistl\u0259rin t\u0259zyiqin\u0259 baxmayaraq Erm\u0259nistan bu m\u0259s\u0259l\u0259l\u0259rd\u0259 m\u00f6vqeyini tamamil\u0259 d\u0259yi\u015fib:<\/p>\n\n\n\n<p>&#8220;Az\u0259rbaycandan k\u0259narda yox, daxilind\u0259 olan erm\u0259ni \u0259halisinin t\u0259hl\u00fck\u0259sizliyind\u0259n gedir s\u00f6hb\u0259t. Prezident \u018fliyevin bu m\u0259s\u0259l\u0259d\u0259 prinsipial m\u00f6vqeyi ondan ibar\u0259tdir ki, Az\u0259rbaycan \u00e7oxmill\u0259tli d\u00f6vl\u0259tdir, b\u00fct\u00fcn mill\u0259tl\u0259r b\u0259rab\u0259r h\u00fcquqlara malikdir, erm\u0259ni \u0259halisi d\u0259 biziml\u0259 eyni h\u00fcquqlara malik olacaq. D\u00f6vl\u0259timiz d\u0259 buna qarantd\u0131r, burda ba\u015fqa yana\u015fmadan s\u00f6hb\u0259t ged\u0259 bilm\u0259z, h\u0259m d\u0259 biz multikultural d\u00f6vl\u0259tik\u201d.<\/p>\n\n\n\n<p>Politoloq \u015eahin C\u0259f\u0259rli d\u0259 \u015earl Mi\u015felin b\u0259yanat\u0131n\u0131n m\u0259lum hiss\u0259sind\u0259 s\u00f6hb\u0259tin inzibati statusdan getm\u0259diyi q\u0259na\u0259tind\u0259dir:<\/p>\n\n\n\n<p>\u201cG\u0259l\u0259c\u0259kd\u0259 problemin h\u0259llin\u0259 son qoyacaq s\u00fclh m\u00fcqavil\u0259sinin \u0259sas m\u00fcdd\u0259alar\u0131ndan biri Qaraba\u011f\u0131n erm\u0259ni \u0259halisinin g\u0259l\u0259c\u0259yi m\u0259s\u0259l\u0259si olmal\u0131d\u0131r. Y\u0259ni onlar\u0131n t\u0259hl\u00fck\u0259sizliyi v\u0259 normal ya\u015famas\u0131 t\u0259min edilm\u0259lidir. \u015earl Mi\u015felin d\u0259 b\u0259yanat\u0131nda bu m\u0259qam n\u0259z\u0259rd\u0259 tutulur\u201d.<\/p>\n\n\n\n<p>\u015eahin C\u0259f\u0259rli deyir ki, Avropa Birliyi v\u0259 Q\u0259rb Az\u0259rbaycan\u0131 Qaraba\u011f erm\u0259nil\u0259rin\u0259 inzibati status verm\u0259y\u0259 m\u0259cbur edir:<\/p>\n\n\n\n<p>\u201cSad\u0259c\u0259, t\u0259hl\u00fck\u0259sizlik v\u0259 yerli erm\u0259nil\u0259rin Az\u0259rbaycan\u0131n dig\u0259r \u0259razil\u0259rin\u0259 reinteqrasiya m\u0259s\u0259l\u0259l\u0259ri m\u00fczakir\u0259 olunmal\u0131d\u0131r. Y\u0259qin ki, bunlar s\u00fclh m\u00fcqavil\u0259sinin haz\u0131rlanmas\u0131 prosesind\u0259 diqq\u0259t\u0259 al\u0131nacaq. Az\u0259rbaycan r\u0259hb\u0259rliyi d\u0259 d\u0259f\u0259l\u0259rl\u0259 bildirib ki, Qaraba\u011f erm\u0259nil\u0259rinin h\u00fcquqlar\u0131n\u0131 Az\u0259rbaycan Konstitusiyas\u0131 v\u0259 qanunlar\u0131 \u00e7\u0259r\u00e7iv\u0259sind\u0259 t\u0259min etm\u0259y\u0259 haz\u0131rd\u0131r. T\u0259bii ki, prosesin gedi\u015find\u0259 \u0259lav\u0259 detallar da \u00e7\u0131xa bil\u0259r. Konkret hans\u0131 h\u00fcquqlar verilir, m\u0259s\u0259l\u0259n, Az\u0259rbaycan m\u0259d\u0259ni muxtariyy\u0259t verm\u0259y\u0259 haz\u0131r oldu\u011funu a\u00e7\u0131qlay\u0131b. Bunun realla\u015fd\u0131r\u0131lmas\u0131 yollar\u0131 nec\u0259 olacaq, g\u00fcman ki, bunlar m\u00fczakir\u0259 edil\u0259c\u0259k\u201d.<\/p>\n\n\n\n<div class=\"wp-block-image\"><figure class=\"alignright size-full is-resized\"><img decoding=\"async\" data-src=\"https:\/\/www.meydan.tv\/wp-content\/uploads\/37695.jpg\" alt=\"\u015eahin C\u0259f\u0259rli\" class=\"wp-image-95405 lazyload\" width=\"384\" height=\"254\" src=\"data:image\/svg+xml;base64,PHN2ZyB3aWR0aD0iMSIgaGVpZ2h0PSIxIiB4bWxucz0iaHR0cDovL3d3dy53My5vcmcvMjAwMC9zdmciPjwvc3ZnPg==\" style=\"--smush-placeholder-width: 384px; --smush-placeholder-aspect-ratio: 384\/254;\" \/><figcaption>Foto: \u015eahin C\u0259f\u0259rlinin \u015f\u0259xsi arxivi<\/figcaption><\/figure><\/div>\n\n\n\n<p>\u015e.C\u0259f\u0259rlinin s\u00f6zl\u0259rin\u0259 g\u00f6r\u0259, d\u00fcn\u0259nki g\u00f6r\u00fc\u015f\u00fcn format\u0131 art\u0131q \u0259n\u0259n\u0259 hal\u0131n\u0131 al\u0131r:<br>\u201c\u00c7\u00fcnki t\u0259r\u0259fl\u0259r iyul v\u0259 avqustda da g\u00f6r\u00fc\u015f\u0259c\u0259kl\u0259rini raz\u0131la\u015fd\u0131r\u0131blar. Burda \u00f6n\u0259mli m\u0259qam odur ki, Bak\u0131 v\u0259 Yerevan Q\u0259rbin proses\u0259 m\u00fcdaxil\u0259sini q\u0259bul edirl\u0259r v\u0259 d\u0259st\u0259kl\u0259yirl\u0259r. Y\u0259ni h\u0259r iki t\u0259r\u0259f s\u00fclh prosesini yaln\u0131z Rusiyan\u0131n dominantl\u0131\u011f\u0131 alt\u0131nda getm\u0259sini ist\u0259mir&#8221;. \u015eahin C\u0259f\u0259rli deyir ki, \u0259slind\u0259, prosos h\u0259m Rusiyan\u0131n, h\u0259m d\u0259 Avropa Birliyinin vasit\u0259\u00e7iliyi il\u0259 paralel gedir. \u018fsas\u0259n h\u0259r iki t\u0259r\u0259f eyni m\u0259s\u0259l\u0259l\u0259ri qoyur, amma prinsipial f\u0259rq ondan ibar\u0259tdir ki, Q\u0259rb problemin tamamil\u0259 h\u0259llind\u0259 maraql\u0131d\u0131r. Rusiya is\u0259 Az\u0259rbaycanla Erm\u0259nistan\u0131n s\u00fclh prosesini Qaraba\u011fla ba\u011fl\u0131 m\u0259s\u0259l\u0259d\u0259n ay\u0131r\u0131b. <\/p>\n\n\n\n<p>&#8220;Moskva deyir ki, Qaraba\u011f\u0131n statusuna g\u0259l\u0259c\u0259kd\u0259 baxar\u0131q. Y\u0259ni Rusiya konfliktd\u0259 q\u0259ti \u015f\u0259kild\u0259 n\u00f6qt\u0259 qoyulmas\u0131nda maraql\u0131 deyil, bir n\u00f6v t\u0259xir\u0259 sal\u0131nmas\u0131n\u0131 ist\u0259yir. Amma Q\u0259rb is\u0259 \u0259ksin\u0259, problemin q\u0259ti h\u0259llind\u0259 maraql\u0131d\u0131r. Bel\u0259 g\u00f6r\u00fcn\u00fcr ki, Bak\u0131 v\u0259 Yerevan da Q\u0259rbin m\u00f6vqeyin\u0259 daha yax\u0131nd\u0131rlar&#8221;, &#8211; \u015eahin C\u0259f\u0259rli deyib. M\u00fct\u0259x\u0259ssisin fikrinc\u0259, onsuz da Az\u0259rbaycan\u0131n m\u00f6vqeyi b\u0259lliydi, m\u00fcharib\u0259d\u0259n sonra b\u0259yanat verildi ki, s\u00fclh m\u00fcqavil\u0259sinin imzalanmas\u0131nda maraql\u0131y\u0131q: <\/p>\n\n\n\n<p>&#8220;Pa\u015finyan h\u00f6kum\u0259ti is\u0259 daxild\u0259 m\u00fcxalif\u0259tin f\u0259alla\u015fmas\u0131ndan t\u0259r\u0259dd\u00fcd edirmi\u015f kimi g\u00f6r\u00fcns\u0259 d\u0259, onlar m\u0259s\u0259l\u0259y\u0259 tam n\u00f6qt\u0259 qoyulmas\u0131nda maraql\u0131d\u0131rlar. \u00c7\u00fcnki Pa\u015finyan h\u00f6kum\u0259ti Az\u0259rbaycan v\u0259 T\u00fcrkiy\u0259 il\u0259 m\u00fcnasib\u0259tl\u0259ri b\u0259rpa etm\u0259d\u0259n Erm\u0259nistan\u0131n inki\u015faf\u0131n\u0131n m\u00fcmk\u00fcns\u00fcz oldu\u011funu d\u0259rk edir\u201d.<\/p>\n\n\n\n<p><strong>Xat\u0131rlatma<\/strong><\/p>\n\n\n\n<p>Erm\u0259nistanla Az\u0259rbaycan aras\u0131nda sonuncu 44 g\u00fcnl\u00fck silahl\u0131 m\u00fcnaqi\u015f\u0259 2020-ci il noyabr\u0131n 10-da q\u00fcvv\u0259y\u0259 minmi\u015f tam at\u0259\u015fk\u0259s haqq\u0131nda raz\u0131la\u015fma il\u0259 ba\u015fa \u00e7at\u0131b.<\/p>\n\n\n\n<p>Da\u011fl\u0131q Qaraba\u011f v\u0259 \u0259traf b\u00f6lg\u0259l\u0259rd\u0259ki m\u00fcnaqi\u015f\u0259nin tarixi is\u0259 1988-ci il\u0259 dayan\u0131r.<\/p>\n\n\n\n<p>90-c\u0131 ill\u0259rd\u0259 Az\u0259rbaycan-Erm\u0259nistan aras\u0131ndak\u0131 ilk m\u00fcharib\u0259 v\u0259 sonrak\u0131 d\u00f6vrl\u0259rd\u0259 Az\u0259rbaycan t\u0259r\u0259f daim Erm\u0259nistan\u0131 m\u0259d\u0259ni abid\u0259l\u0259rin m\u0259hv edilm\u0259sind\u0259 g\u00fcnahland\u0131r\u0131b.<\/p>\n\n\n\n<p>2020-ci ild\u0259 ba\u015f ver\u0259n ikinci m\u00fcharib\u0259d\u0259n sonra is\u0259 Az\u0259rbaycan Erm\u0259nistan\u0131 \u015f\u0259h\u0259rl\u0259ri, k\u0259ndl\u0259ri, q\u0259bristanl\u0131qlar\u0131 yer \u00fcz\u00fcnd\u0259n silm\u0259kd\u0259 ittiham edib.<\/p>\n","protected":false},"excerpt":{"rendered":"<p>\u201cAz\u0259rbaycanla Erm\u0259nistan\u0131n da m\u00f6vqeyi Q\u0259rbin m\u00f6vqeyin\u0259 yax\u0131nd\u0131r\u201d \u201cYax\u0131n g\u00fcnl\u0259rd\u0259 Erm\u0259nistan-Az\u0259rbaycan &#8230; <\/p>\n<p class=\"read-more-container\"><a title=\"Br\u00fcssel g\u00f6r\u00fc\u015f\u00fc: \u201cQ\u0259rb m\u00fcnaqi\u015f\u0259nin tam h\u0259llind\u0259 maraql\u0131d\u0131r, Rusiya is\u0259 yox\u201d\" class=\"read-more button\" href=\"https:\/\/www.meydan.tv\/az\/article\/brussel-gorusu-qerb-munaqisenin-tam-hellinde-maraqlidir-rusiya-ise-yox\/#more-245989\" aria-label=\"Read more about Br\u00fcssel g\u00f6r\u00fc\u015f\u00fc: \u201cQ\u0259rb m\u00fcnaqi\u015f\u0259nin tam h\u0259llind\u0259 maraql\u0131d\u0131r, Rusiya is\u0259 yox\u201d\">Davam\u0131<\/a><\/p>\n","protected":false},"author":8,"featured_media":245986,"comment_status":"closed","ping_status":"closed","sticky":false,"template":"","format":"standard","meta":{"_acf_changed":false,"_sitemap_exclude":false,"_sitemap_priority":"","_sitemap_frequency":"","footnotes":""},"categories":[59,79,56],"tags":[],"class_list":["post-245989","post","type-post","status-publish","format-standard","has-post-thumbnail","hentry","category-siyaset","category-featured","category-xeberler","infinite-scroll-item","generate-columns","tablet-grid-50","mobile-grid-100","grid-parent","grid-33","no-featured-image-padding"],"acf":[],"yoast_head":"<!-- This site is optimized with the Yoast SEO plugin v27.4 - https:\/\/yoast.com\/product\/yoast-seo-wordpress\/ -->\n<title>Br\u00fcssel g\u00f6r\u00fc\u015f\u00fc: \u201cQ\u0259rb m\u00fcnaqi\u015f\u0259nin tam h\u0259llind\u0259 maraql\u0131d\u0131r, Rusiya is\u0259 yox\u201d - MEYDAN.TV<\/title>\n<meta name=\"robots\" content=\"index, follow, max-snippet:-1, max-image-preview:large, max-video-preview:-1\" \/>\n<link rel=\"canonical\" href=\"https:\/\/www.meydan.tv\/az\/article\/brussel-gorusu-qerb-munaqisenin-tam-hellinde-maraqlidir-rusiya-ise-yox\/\" \/>\n<meta property=\"og:locale\" content=\"az_AZ\" \/>\n<meta property=\"og:type\" content=\"article\" \/>\n<meta property=\"og:title\" content=\"Br\u00fcssel g\u00f6r\u00fc\u015f\u00fc: \u201cQ\u0259rb m\u00fcnaqi\u015f\u0259nin tam h\u0259llind\u0259 maraql\u0131d\u0131r, Rusiya is\u0259 yox\u201d - MEYDAN.TV\" \/>\n<meta property=\"og:description\" content=\"\u201cAz\u0259rbaycanla Erm\u0259nistan\u0131n da m\u00f6vqeyi Q\u0259rbin m\u00f6vqeyin\u0259 yax\u0131nd\u0131r\u201d \u201cYax\u0131n g\u00fcnl\u0259rd\u0259 Erm\u0259nistan-Az\u0259rbaycan ... Davam\u0131\" \/>\n<meta property=\"og:url\" content=\"https:\/\/www.meydan.tv\/az\/article\/brussel-gorusu-qerb-munaqisenin-tam-hellinde-maraqlidir-rusiya-ise-yox\/\" \/>\n<meta property=\"og:site_name\" content=\"MEYDAN.TV\" \/>\n<meta property=\"article:published_time\" content=\"2022-05-23T10:10:06+00:00\" \/>\n<meta property=\"article:modified_time\" content=\"2022-05-23T10:10:09+00:00\" \/>\n<meta property=\"og:image\" content=\"https:\/\/www.meydan.tv\/wp-content\/uploads\/dcb8ac0a9d2048097a8c4a3a3d3bfe3f_5186260.jpg\" \/>\n\t<meta property=\"og:image:width\" content=\"1200\" \/>\n\t<meta property=\"og:image:height\" content=\"608\" \/>\n\t<meta property=\"og:image:type\" content=\"image\/jpeg\" \/>\n<meta name=\"author\" content=\"elli\" \/>\n<meta name=\"twitter:card\" content=\"summary_large_image\" \/>\n<meta name=\"twitter:creator\" content=\"@elli\" \/>\n<script type=\"application\/ld+json\" class=\"yoast-schema-graph\">{\"@context\":\"https:\\\/\\\/schema.org\",\"@graph\":[{\"@type\":\"Article\",\"@id\":\"https:\\\/\\\/www.meydan.tv\\\/az\\\/article\\\/brussel-gorusu-qerb-munaqisenin-tam-hellinde-maraqlidir-rusiya-ise-yox\\\/#article\",\"isPartOf\":{\"@id\":\"https:\\\/\\\/www.meydan.tv\\\/az\\\/article\\\/brussel-gorusu-qerb-munaqisenin-tam-hellinde-maraqlidir-rusiya-ise-yox\\\/\"},\"author\":{\"name\":\"elli\",\"@id\":\"https:\\\/\\\/www.meydan.tv\\\/az\\\/#\\\/schema\\\/person\\\/9cdbecf90d17180ce1dfbd95b08dcf47\"},\"headline\":\"Br\u00fcssel g\u00f6r\u00fc\u015f\u00fc: \u201cQ\u0259rb m\u00fcnaqi\u015f\u0259nin tam h\u0259llind\u0259 maraql\u0131d\u0131r, Rusiya is\u0259 yox\u201d\",\"datePublished\":\"2022-05-23T10:10:06+00:00\",\"dateModified\":\"2022-05-23T10:10:09+00:00\",\"mainEntityOfPage\":{\"@id\":\"https:\\\/\\\/www.meydan.tv\\\/az\\\/article\\\/brussel-gorusu-qerb-munaqisenin-tam-hellinde-maraqlidir-rusiya-ise-yox\\\/\"},\"wordCount\":1815,\"publisher\":{\"@id\":\"https:\\\/\\\/www.meydan.tv\\\/az\\\/#organization\"},\"image\":{\"@id\":\"https:\\\/\\\/www.meydan.tv\\\/az\\\/article\\\/brussel-gorusu-qerb-munaqisenin-tam-hellinde-maraqlidir-rusiya-ise-yox\\\/#primaryimage\"},\"thumbnailUrl\":\"https:\\\/\\\/www.meydan.tv\\\/wp-content\\\/uploads\\\/dcb8ac0a9d2048097a8c4a3a3d3bfe3f_5186260.jpg\",\"articleSection\":[\"Siyas\u0259t\",\"T\u00f6vsiy\u0259\",\"X\u0259b\u0259rl\u0259r\"],\"inLanguage\":\"az\"},{\"@type\":\"WebPage\",\"@id\":\"https:\\\/\\\/www.meydan.tv\\\/az\\\/article\\\/brussel-gorusu-qerb-munaqisenin-tam-hellinde-maraqlidir-rusiya-ise-yox\\\/\",\"url\":\"https:\\\/\\\/www.meydan.tv\\\/az\\\/article\\\/brussel-gorusu-qerb-munaqisenin-tam-hellinde-maraqlidir-rusiya-ise-yox\\\/\",\"name\":\"Br\u00fcssel g\u00f6r\u00fc\u015f\u00fc: \u201cQ\u0259rb m\u00fcnaqi\u015f\u0259nin tam h\u0259llind\u0259 maraql\u0131d\u0131r, Rusiya is\u0259 yox\u201d - MEYDAN.TV\",\"isPartOf\":{\"@id\":\"https:\\\/\\\/www.meydan.tv\\\/az\\\/#website\"},\"primaryImageOfPage\":{\"@id\":\"https:\\\/\\\/www.meydan.tv\\\/az\\\/article\\\/brussel-gorusu-qerb-munaqisenin-tam-hellinde-maraqlidir-rusiya-ise-yox\\\/#primaryimage\"},\"image\":{\"@id\":\"https:\\\/\\\/www.meydan.tv\\\/az\\\/article\\\/brussel-gorusu-qerb-munaqisenin-tam-hellinde-maraqlidir-rusiya-ise-yox\\\/#primaryimage\"},\"thumbnailUrl\":\"https:\\\/\\\/www.meydan.tv\\\/wp-content\\\/uploads\\\/dcb8ac0a9d2048097a8c4a3a3d3bfe3f_5186260.jpg\",\"datePublished\":\"2022-05-23T10:10:06+00:00\",\"dateModified\":\"2022-05-23T10:10:09+00:00\",\"breadcrumb\":{\"@id\":\"https:\\\/\\\/www.meydan.tv\\\/az\\\/article\\\/brussel-gorusu-qerb-munaqisenin-tam-hellinde-maraqlidir-rusiya-ise-yox\\\/#breadcrumb\"},\"inLanguage\":\"az\",\"potentialAction\":[{\"@type\":\"ReadAction\",\"target\":[\"https:\\\/\\\/www.meydan.tv\\\/az\\\/article\\\/brussel-gorusu-qerb-munaqisenin-tam-hellinde-maraqlidir-rusiya-ise-yox\\\/\"]}]},{\"@type\":\"ImageObject\",\"inLanguage\":\"az\",\"@id\":\"https:\\\/\\\/www.meydan.tv\\\/az\\\/article\\\/brussel-gorusu-qerb-munaqisenin-tam-hellinde-maraqlidir-rusiya-ise-yox\\\/#primaryimage\",\"url\":\"https:\\\/\\\/www.meydan.tv\\\/wp-content\\\/uploads\\\/dcb8ac0a9d2048097a8c4a3a3d3bfe3f_5186260.jpg\",\"contentUrl\":\"https:\\\/\\\/www.meydan.tv\\\/wp-content\\\/uploads\\\/dcb8ac0a9d2048097a8c4a3a3d3bfe3f_5186260.jpg\",\"width\":1200,\"height\":608,\"caption\":\"\u0130.\u018fliyev. \u015e.Mi\u015fel v\u0259 N.Pa\u015finyan. M\u0259nb\u0259: president.az\"},{\"@type\":\"BreadcrumbList\",\"@id\":\"https:\\\/\\\/www.meydan.tv\\\/az\\\/article\\\/brussel-gorusu-qerb-munaqisenin-tam-hellinde-maraqlidir-rusiya-ise-yox\\\/#breadcrumb\",\"itemListElement\":[{\"@type\":\"ListItem\",\"position\":1,\"name\":\"Ana s\u0259hif\u0259\",\"item\":\"https:\\\/\\\/www.meydan.tv\\\/az\\\/\"},{\"@type\":\"ListItem\",\"position\":2,\"name\":\"Siyas\u0259t\",\"item\":\"https:\\\/\\\/www.meydan.tv\\\/az\\\/section\\\/siyaset\\\/\"},{\"@type\":\"ListItem\",\"position\":3,\"name\":\"Br\u00fcssel g\u00f6r\u00fc\u015f\u00fc: \u201cQ\u0259rb m\u00fcnaqi\u015f\u0259nin tam h\u0259llind\u0259 maraql\u0131d\u0131r, Rusiya is\u0259 yox\u201d\"}]},{\"@type\":\"WebSite\",\"@id\":\"https:\\\/\\\/www.meydan.tv\\\/az\\\/#website\",\"url\":\"https:\\\/\\\/www.meydan.tv\\\/az\\\/\",\"name\":\"MEYDAN.TV\",\"description\":\"Meydan TV Az\u0259rbaycan\u0131n media m\u0259kan\u0131ndak\u0131 alternativ s\u0259sidir\",\"publisher\":{\"@id\":\"https:\\\/\\\/www.meydan.tv\\\/az\\\/#organization\"},\"potentialAction\":[{\"@type\":\"SearchAction\",\"target\":{\"@type\":\"EntryPoint\",\"urlTemplate\":\"https:\\\/\\\/www.meydan.tv\\\/az\\\/?s={search_term_string}\"},\"query-input\":{\"@type\":\"PropertyValueSpecification\",\"valueRequired\":true,\"valueName\":\"search_term_string\"}}],\"inLanguage\":\"az\"},{\"@type\":\"Organization\",\"@id\":\"https:\\\/\\\/www.meydan.tv\\\/az\\\/#organization\",\"name\":\"Meydan TV\",\"url\":\"https:\\\/\\\/www.meydan.tv\\\/az\\\/\",\"logo\":{\"@type\":\"ImageObject\",\"inLanguage\":\"az\",\"@id\":\"https:\\\/\\\/www.meydan.tv\\\/az\\\/#\\\/schema\\\/logo\\\/image\\\/\",\"url\":\"https:\\\/\\\/www.meydan.tv\\\/wp-content\\\/uploads\\\/2021\\\/07\\\/meydan-logo.svg\",\"contentUrl\":\"https:\\\/\\\/www.meydan.tv\\\/wp-content\\\/uploads\\\/2021\\\/07\\\/meydan-logo.svg\",\"width\":195,\"height\":46,\"caption\":\"Meydan TV\"},\"image\":{\"@id\":\"https:\\\/\\\/www.meydan.tv\\\/az\\\/#\\\/schema\\\/logo\\\/image\\\/\"}},{\"@type\":\"Person\",\"@id\":\"https:\\\/\\\/www.meydan.tv\\\/az\\\/#\\\/schema\\\/person\\\/9cdbecf90d17180ce1dfbd95b08dcf47\",\"name\":\"elli\",\"sameAs\":[\"https:\\\/\\\/x.com\\\/elli\"]}]}<\/script>\n<!-- \/ Yoast SEO plugin. -->","yoast_head_json":{"title":"Br\u00fcssel g\u00f6r\u00fc\u015f\u00fc: \u201cQ\u0259rb m\u00fcnaqi\u015f\u0259nin tam h\u0259llind\u0259 maraql\u0131d\u0131r, Rusiya is\u0259 yox\u201d - MEYDAN.TV","robots":{"index":"index","follow":"follow","max-snippet":"max-snippet:-1","max-image-preview":"max-image-preview:large","max-video-preview":"max-video-preview:-1"},"canonical":"https:\/\/www.meydan.tv\/az\/article\/brussel-gorusu-qerb-munaqisenin-tam-hellinde-maraqlidir-rusiya-ise-yox\/","og_locale":"az_AZ","og_type":"article","og_title":"Br\u00fcssel g\u00f6r\u00fc\u015f\u00fc: \u201cQ\u0259rb m\u00fcnaqi\u015f\u0259nin tam h\u0259llind\u0259 maraql\u0131d\u0131r, Rusiya is\u0259 yox\u201d - MEYDAN.TV","og_description":"\u201cAz\u0259rbaycanla Erm\u0259nistan\u0131n da m\u00f6vqeyi Q\u0259rbin m\u00f6vqeyin\u0259 yax\u0131nd\u0131r\u201d \u201cYax\u0131n g\u00fcnl\u0259rd\u0259 Erm\u0259nistan-Az\u0259rbaycan ... Davam\u0131","og_url":"https:\/\/www.meydan.tv\/az\/article\/brussel-gorusu-qerb-munaqisenin-tam-hellinde-maraqlidir-rusiya-ise-yox\/","og_site_name":"MEYDAN.TV","article_published_time":"2022-05-23T10:10:06+00:00","article_modified_time":"2022-05-23T10:10:09+00:00","og_image":[{"width":1200,"height":608,"url":"https:\/\/www.meydan.tv\/wp-content\/uploads\/dcb8ac0a9d2048097a8c4a3a3d3bfe3f_5186260.jpg","type":"image\/jpeg"}],"author":"elli","twitter_card":"summary_large_image","twitter_creator":"@elli","schema":{"@context":"https:\/\/schema.org","@graph":[{"@type":"Article","@id":"https:\/\/www.meydan.tv\/az\/article\/brussel-gorusu-qerb-munaqisenin-tam-hellinde-maraqlidir-rusiya-ise-yox\/#article","isPartOf":{"@id":"https:\/\/www.meydan.tv\/az\/article\/brussel-gorusu-qerb-munaqisenin-tam-hellinde-maraqlidir-rusiya-ise-yox\/"},"author":{"name":"elli","@id":"https:\/\/www.meydan.tv\/az\/#\/schema\/person\/9cdbecf90d17180ce1dfbd95b08dcf47"},"headline":"Br\u00fcssel g\u00f6r\u00fc\u015f\u00fc: \u201cQ\u0259rb m\u00fcnaqi\u015f\u0259nin tam h\u0259llind\u0259 maraql\u0131d\u0131r, Rusiya is\u0259 yox\u201d","datePublished":"2022-05-23T10:10:06+00:00","dateModified":"2022-05-23T10:10:09+00:00","mainEntityOfPage":{"@id":"https:\/\/www.meydan.tv\/az\/article\/brussel-gorusu-qerb-munaqisenin-tam-hellinde-maraqlidir-rusiya-ise-yox\/"},"wordCount":1815,"publisher":{"@id":"https:\/\/www.meydan.tv\/az\/#organization"},"image":{"@id":"https:\/\/www.meydan.tv\/az\/article\/brussel-gorusu-qerb-munaqisenin-tam-hellinde-maraqlidir-rusiya-ise-yox\/#primaryimage"},"thumbnailUrl":"https:\/\/www.meydan.tv\/wp-content\/uploads\/dcb8ac0a9d2048097a8c4a3a3d3bfe3f_5186260.jpg","articleSection":["Siyas\u0259t","T\u00f6vsiy\u0259","X\u0259b\u0259rl\u0259r"],"inLanguage":"az"},{"@type":"WebPage","@id":"https:\/\/www.meydan.tv\/az\/article\/brussel-gorusu-qerb-munaqisenin-tam-hellinde-maraqlidir-rusiya-ise-yox\/","url":"https:\/\/www.meydan.tv\/az\/article\/brussel-gorusu-qerb-munaqisenin-tam-hellinde-maraqlidir-rusiya-ise-yox\/","name":"Br\u00fcssel g\u00f6r\u00fc\u015f\u00fc: \u201cQ\u0259rb m\u00fcnaqi\u015f\u0259nin tam h\u0259llind\u0259 maraql\u0131d\u0131r, Rusiya is\u0259 yox\u201d - MEYDAN.TV","isPartOf":{"@id":"https:\/\/www.meydan.tv\/az\/#website"},"primaryImageOfPage":{"@id":"https:\/\/www.meydan.tv\/az\/article\/brussel-gorusu-qerb-munaqisenin-tam-hellinde-maraqlidir-rusiya-ise-yox\/#primaryimage"},"image":{"@id":"https:\/\/www.meydan.tv\/az\/article\/brussel-gorusu-qerb-munaqisenin-tam-hellinde-maraqlidir-rusiya-ise-yox\/#primaryimage"},"thumbnailUrl":"https:\/\/www.meydan.tv\/wp-content\/uploads\/dcb8ac0a9d2048097a8c4a3a3d3bfe3f_5186260.jpg","datePublished":"2022-05-23T10:10:06+00:00","dateModified":"2022-05-23T10:10:09+00:00","breadcrumb":{"@id":"https:\/\/www.meydan.tv\/az\/article\/brussel-gorusu-qerb-munaqisenin-tam-hellinde-maraqlidir-rusiya-ise-yox\/#breadcrumb"},"inLanguage":"az","potentialAction":[{"@type":"ReadAction","target":["https:\/\/www.meydan.tv\/az\/article\/brussel-gorusu-qerb-munaqisenin-tam-hellinde-maraqlidir-rusiya-ise-yox\/"]}]},{"@type":"ImageObject","inLanguage":"az","@id":"https:\/\/www.meydan.tv\/az\/article\/brussel-gorusu-qerb-munaqisenin-tam-hellinde-maraqlidir-rusiya-ise-yox\/#primaryimage","url":"https:\/\/www.meydan.tv\/wp-content\/uploads\/dcb8ac0a9d2048097a8c4a3a3d3bfe3f_5186260.jpg","contentUrl":"https:\/\/www.meydan.tv\/wp-content\/uploads\/dcb8ac0a9d2048097a8c4a3a3d3bfe3f_5186260.jpg","width":1200,"height":608,"caption":"\u0130.\u018fliyev. \u015e.Mi\u015fel v\u0259 N.Pa\u015finyan. M\u0259nb\u0259: president.az"},{"@type":"BreadcrumbList","@id":"https:\/\/www.meydan.tv\/az\/article\/brussel-gorusu-qerb-munaqisenin-tam-hellinde-maraqlidir-rusiya-ise-yox\/#breadcrumb","itemListElement":[{"@type":"ListItem","position":1,"name":"Ana s\u0259hif\u0259","item":"https:\/\/www.meydan.tv\/az\/"},{"@type":"ListItem","position":2,"name":"Siyas\u0259t","item":"https:\/\/www.meydan.tv\/az\/section\/siyaset\/"},{"@type":"ListItem","position":3,"name":"Br\u00fcssel g\u00f6r\u00fc\u015f\u00fc: \u201cQ\u0259rb m\u00fcnaqi\u015f\u0259nin tam h\u0259llind\u0259 maraql\u0131d\u0131r, Rusiya is\u0259 yox\u201d"}]},{"@type":"WebSite","@id":"https:\/\/www.meydan.tv\/az\/#website","url":"https:\/\/www.meydan.tv\/az\/","name":"MEYDAN.TV","description":"Meydan TV Az\u0259rbaycan\u0131n media m\u0259kan\u0131ndak\u0131 alternativ s\u0259sidir","publisher":{"@id":"https:\/\/www.meydan.tv\/az\/#organization"},"potentialAction":[{"@type":"SearchAction","target":{"@type":"EntryPoint","urlTemplate":"https:\/\/www.meydan.tv\/az\/?s={search_term_string}"},"query-input":{"@type":"PropertyValueSpecification","valueRequired":true,"valueName":"search_term_string"}}],"inLanguage":"az"},{"@type":"Organization","@id":"https:\/\/www.meydan.tv\/az\/#organization","name":"Meydan TV","url":"https:\/\/www.meydan.tv\/az\/","logo":{"@type":"ImageObject","inLanguage":"az","@id":"https:\/\/www.meydan.tv\/az\/#\/schema\/logo\/image\/","url":"https:\/\/www.meydan.tv\/wp-content\/uploads\/2021\/07\/meydan-logo.svg","contentUrl":"https:\/\/www.meydan.tv\/wp-content\/uploads\/2021\/07\/meydan-logo.svg","width":195,"height":46,"caption":"Meydan TV"},"image":{"@id":"https:\/\/www.meydan.tv\/az\/#\/schema\/logo\/image\/"}},{"@type":"Person","@id":"https:\/\/www.meydan.tv\/az\/#\/schema\/person\/9cdbecf90d17180ce1dfbd95b08dcf47","name":"elli","sameAs":["https:\/\/x.com\/elli"]}]}},"_links":{"self":[{"href":"https:\/\/www.meydan.tv\/az\/wp-json\/wp\/v2\/posts\/245989","targetHints":{"allow":["GET"]}}],"collection":[{"href":"https:\/\/www.meydan.tv\/az\/wp-json\/wp\/v2\/posts"}],"about":[{"href":"https:\/\/www.meydan.tv\/az\/wp-json\/wp\/v2\/types\/post"}],"author":[{"embeddable":true,"href":"https:\/\/www.meydan.tv\/az\/wp-json\/wp\/v2\/users\/8"}],"replies":[{"embeddable":true,"href":"https:\/\/www.meydan.tv\/az\/wp-json\/wp\/v2\/comments?post=245989"}],"version-history":[{"count":2,"href":"https:\/\/www.meydan.tv\/az\/wp-json\/wp\/v2\/posts\/245989\/revisions"}],"predecessor-version":[{"id":245992,"href":"https:\/\/www.meydan.tv\/az\/wp-json\/wp\/v2\/posts\/245989\/revisions\/245992"}],"wp:featuredmedia":[{"embeddable":true,"href":"https:\/\/www.meydan.tv\/az\/wp-json\/wp\/v2\/media\/245986"}],"wp:attachment":[{"href":"https:\/\/www.meydan.tv\/az\/wp-json\/wp\/v2\/media?parent=245989"}],"wp:term":[{"taxonomy":"category","embeddable":true,"href":"https:\/\/www.meydan.tv\/az\/wp-json\/wp\/v2\/categories?post=245989"},{"taxonomy":"post_tag","embeddable":true,"href":"https:\/\/www.meydan.tv\/az\/wp-json\/wp\/v2\/tags?post=245989"}],"curies":[{"name":"wp","href":"https:\/\/api.w.org\/{rel}","templated":true}]}}