{"id":245980,"date":"2022-05-23T12:26:13","date_gmt":"2022-05-23T08:26:13","guid":{"rendered":"https:\/\/www.meydan.tv\/?p=245980"},"modified":"2022-05-23T12:26:15","modified_gmt":"2022-05-23T08:26:15","slug":"sagirdinin-olumune-gore-azerisiq-emekdasi-mesuliyyete-celb-edilib","status":"publish","type":"post","link":"https:\/\/www.meydan.tv\/az\/article\/sagirdinin-olumune-gore-azerisiq-emekdasi-mesuliyyete-celb-edilib\/","title":{"rendered":"\u015eagirdinin \u00f6l\u00fcm\u00fcn\u0259 g\u00f6r\u0259 \u201cAz\u0259ri\u015f\u0131q\u201d \u0259m\u0259kda\u015f\u0131 m\u0259suliyy\u0259t\u0259 c\u0259lb edilib"},"content":{"rendered":"\n<p class=\"wp-block-paragraph\"><\/p>\n\n\n\n<p class=\"wp-block-paragraph\"><em>\u201cG\u0259r\u0259k kimins\u0259 u\u015fa\u011f\u0131 \u00f6ls\u00fcn ki, ondan sonra t\u0259dbir g\u00f6rs\u00fcnl\u0259r\u2026\u201d<\/em><br><\/p>\n\n\n\n<p class=\"wp-block-paragraph\">C\u0259lilabad rayonunun Ocaql\u0131 k\u0259ndind\u0259 orta m\u0259kt\u0259b \u015fagirdinin \u00f6l\u00fcm\u00fcn\u0259 g\u00f6r\u0259 \u201cAz\u0259ri\u015f\u0131q\u201d ASC-nin \u0259m\u0259kda\u015f\u0131 cinay\u0259t m\u0259suliyy\u0259tin\u0259 c\u0259lb olunub. Bu bar\u0259d\u0259 Ba\u015f Prokurorlu\u011fun m\u0259tbuat xidm\u0259ti m\u0259lumat yay\u0131b.<\/p>\n\n\n\n<p class=\"wp-block-paragraph\">S\u00f6hb\u0259t 1-ci sinif \u015fagirdi, 7 ya\u015fl\u0131 H\u00fcseyn Zeynalovun m\u0259kt\u0259bin h\u0259y\u0259tind\u0259 elektrik c\u0259r\u0259yan\u0131 vurmas\u0131 n\u0259tic\u0259sind\u0259 \u00f6lm\u0259sind\u0259n gedir. Hadis\u0259 fevral\u0131n 8-d\u0259 g\u00fcnorta saat 12 rad\u0259l\u0259rind\u0259 ba\u015f verib.<\/p>\n\n\n\n<p class=\"wp-block-paragraph\">Bu hadis\u0259y\u0259 g\u00f6r\u0259 cinay\u0259t m\u0259suliyy\u0259tin\u0259 c\u0259lb olunan \u201cAz\u0259ri\u015f\u0131q\u201d ASC-nin C\u0259nub Regional Enerji T\u0259chizat\u0131 v\u0259 Sat\u0131\u015f\u0131 \u0130dar\u0259sinin C\u0259lilabad Elektrik \u015f\u0259b\u0259k\u0259sinin k\u0259nd-1 sah\u0259si \u00fczr\u0259 usta v\u0259zif\u0259sind\u0259 i\u015fl\u0259y\u0259n Telman \u018fhm\u0259dovdur.<\/p>\n\n\n\n<p class=\"wp-block-paragraph\">\u0130ddia olunur ki, Telman \u018fhm\u0259dov xidm\u0259ti v\u0259zif\u0259l\u0259rini yerin\u0259 yetirm\u0259diyin\u0259 g\u00f6r\u0259 H\u00fcseyn Zeynalovu elektrik c\u0259r\u0259yan\u0131 vurub.<\/p>\n\n\n\n<p class=\"wp-block-paragraph\">Telman \u018fhm\u0259dova Cinay\u0259t M\u0259c\u0259ll\u0259sinin 314.2 (s\u0259hl\u0259nkarl\u0131q &#8211; ehtiyats\u0131zl\u0131qdan z\u0259r\u0259r\u00e7\u0259kmi\u015f \u015f\u0259xsin \u00f6l\u00fcm\u00fcn\u0259 v\u0259 ya dig\u0259r a\u011f\u0131r n\u0259tic\u0259l\u0259r\u0259 s\u0259b\u0259b olduqda) madd\u0259si il\u0259 ittiham verilib. Art\u0131q istintaq ba\u015fa \u00e7at\u0131b v\u0259 i\u015f materiallar\u0131 bax\u0131lmas\u0131 \u00fc\u00e7\u00fcn m\u0259hk\u0259m\u0259y\u0259 g\u00f6nd\u0259rilib. Bu i\u015f C\u0259lilabad Rayon M\u0259hk\u0259m\u0259sind\u0259 ara\u015fd\u0131r\u0131lacaq.<\/p>\n\n\n\n<p class=\"wp-block-paragraph\">\u015eahidl\u0259rin Meydan TV-y\u0259 bildirdiyin\u0259 g\u00f6r\u0259, m\u0259kt\u0259bli d\u0259rsd\u0259n \u00e7\u0131x\u0131b ev\u0259 ged\u0259rk\u0259n elektrik naqilin\u0259 toxunub. N\u0259tic\u0259d\u0259 onu elektrik c\u0259r\u0259yan\u0131 vurub.<\/p>\n\n\n\n<p class=\"wp-block-paragraph\">Ocaql\u0131 k\u0259ndinin sakinl\u0259ri deyir ki, m\u0259kt\u0259bin h\u0259y\u0259tind\u0259 istismar m\u00fcdd\u0259tini \u00e7oxdan ba\u015fa vurmu\u015f bir ne\u00e7\u0259 elektrik dir\u0259kl\u0259ri vard\u0131. U\u015fa\u011f\u0131n toxundu\u011fu y\u00fcks\u0259k g\u0259rginlikli naqil d\u0259 dir\u0259kl\u0259rd\u0259n birind\u0259n q\u0131r\u0131l\u0131b sallanm\u0131\u015f v\u0259ziyy\u0259td\u0259 olub.<br><\/p>\n\n\n\n<p class=\"wp-block-paragraph\">\u201cHadis\u0259d\u0259n sonra g\u0259lib dir\u0259kl\u0259ri d\u0259yi\u015fdil\u0259r. Amma tam d\u0259yi\u015film\u0259di. Bunu vaxt\u0131nda niy\u0259 el\u0259mirdil\u0259r? Anlam\u0131rlar ki, ora m\u0259kt\u0259bdir v\u0259 u\u015faqlar\u0131n h\u0259yat\u0131 \u00fc\u00e7\u00fcn t\u0259hl\u00fck\u0259lidir? G\u0259r\u0259k kimins\u0259 u\u015fa\u011f\u0131 \u00f6ls\u00fcn ki, ondan sonra t\u0259dbir g\u00f6rs\u00fcnl\u0259r\u2026\u201d<\/p>\n","protected":false},"excerpt":{"rendered":"<p>\u201cG\u0259r\u0259k kimins\u0259 u\u015fa\u011f\u0131 \u00f6ls\u00fcn ki, ondan sonra t\u0259dbir g\u00f6rs\u00fcnl\u0259r\u2026\u201d C\u0259lilabad &#8230; <\/p>\n<p class=\"read-more-container\"><a title=\"\u015eagirdinin \u00f6l\u00fcm\u00fcn\u0259 g\u00f6r\u0259 \u201cAz\u0259ri\u015f\u0131q\u201d \u0259m\u0259kda\u015f\u0131 m\u0259suliyy\u0259t\u0259 c\u0259lb edilib\" class=\"read-more button\" href=\"https:\/\/www.meydan.tv\/az\/article\/sagirdinin-olumune-gore-azerisiq-emekdasi-mesuliyyete-celb-edilib\/#more-245980\" aria-label=\"Read more about \u015eagirdinin \u00f6l\u00fcm\u00fcn\u0259 g\u00f6r\u0259 \u201cAz\u0259ri\u015f\u0131q\u201d \u0259m\u0259kda\u015f\u0131 m\u0259suliyy\u0259t\u0259 c\u0259lb edilib\">Davam\u0131<\/a><\/p>\n","protected":false},"author":8,"featured_media":245982,"comment_status":"closed","ping_status":"closed","sticky":false,"template":"","format":"standard","meta":{"_acf_changed":false,"_sitemap_exclude":false,"_sitemap_priority":"","_sitemap_frequency":"","footnotes":""},"categories":[60,56],"tags":[],"class_list":["post-245980","post","type-post","status-publish","format-standard","has-post-thumbnail","hentry","category-bolge","category-xeberler","infinite-scroll-item","generate-columns","tablet-grid-50","mobile-grid-100","grid-parent","grid-33","no-featured-image-padding"],"acf":[],"yoast_head":"<!-- This site is optimized with the Yoast SEO plugin v28.3 - https:\/\/yoast.com\/product\/yoast-seo-wordpress\/ -->\n<title>\u015eagirdinin \u00f6l\u00fcm\u00fcn\u0259 g\u00f6r\u0259 \u201cAz\u0259ri\u015f\u0131q\u201d \u0259m\u0259kda\u015f\u0131 m\u0259suliyy\u0259t\u0259 c\u0259lb edilib - MEYDAN.TV<\/title>\n<meta name=\"robots\" content=\"index, follow, max-snippet:-1, max-image-preview:large, max-video-preview:-1\" \/>\n<link rel=\"canonical\" href=\"https:\/\/www.meydan.tv\/az\/article\/sagirdinin-olumune-gore-azerisiq-emekdasi-mesuliyyete-celb-edilib\/\" \/>\n<meta property=\"og:locale\" content=\"az_AZ\" \/>\n<meta property=\"og:type\" content=\"article\" \/>\n<meta property=\"og:title\" content=\"\u015eagirdinin \u00f6l\u00fcm\u00fcn\u0259 g\u00f6r\u0259 \u201cAz\u0259ri\u015f\u0131q\u201d \u0259m\u0259kda\u015f\u0131 m\u0259suliyy\u0259t\u0259 c\u0259lb edilib - MEYDAN.TV\" \/>\n<meta property=\"og:description\" content=\"\u201cG\u0259r\u0259k kimins\u0259 u\u015fa\u011f\u0131 \u00f6ls\u00fcn ki, ondan sonra t\u0259dbir g\u00f6rs\u00fcnl\u0259r\u2026\u201d C\u0259lilabad ... Davam\u0131\" \/>\n<meta property=\"og:url\" content=\"https:\/\/www.meydan.tv\/az\/article\/sagirdinin-olumune-gore-azerisiq-emekdasi-mesuliyyete-celb-edilib\/\" \/>\n<meta property=\"og:site_name\" content=\"MEYDAN.TV\" \/>\n<meta property=\"article:published_time\" content=\"2022-05-23T08:26:13+00:00\" \/>\n<meta property=\"article:modified_time\" content=\"2022-05-23T08:26:15+00:00\" \/>\n<meta property=\"og:image\" content=\"https:\/\/www.meydan.tv\/wp-content\/uploads\/15701857195267434427_1000x669.jpg\" \/>\n\t<meta property=\"og:image:width\" content=\"1200\" \/>\n\t<meta property=\"og:image:height\" content=\"674\" \/>\n\t<meta property=\"og:image:type\" content=\"image\/jpeg\" \/>\n<meta name=\"twitter:card\" content=\"summary_large_image\" \/>\n<meta name=\"twitter:creator\" content=\"@elli\" \/>\n<!-- \/ Yoast SEO plugin. -->","yoast_head_json":{"title":"\u015eagirdinin \u00f6l\u00fcm\u00fcn\u0259 g\u00f6r\u0259 \u201cAz\u0259ri\u015f\u0131q\u201d \u0259m\u0259kda\u015f\u0131 m\u0259suliyy\u0259t\u0259 c\u0259lb edilib - MEYDAN.TV","robots":{"index":"index","follow":"follow","max-snippet":"max-snippet:-1","max-image-preview":"max-image-preview:large","max-video-preview":"max-video-preview:-1"},"canonical":"https:\/\/www.meydan.tv\/az\/article\/sagirdinin-olumune-gore-azerisiq-emekdasi-mesuliyyete-celb-edilib\/","og_locale":"az_AZ","og_type":"article","og_title":"\u015eagirdinin \u00f6l\u00fcm\u00fcn\u0259 g\u00f6r\u0259 \u201cAz\u0259ri\u015f\u0131q\u201d \u0259m\u0259kda\u015f\u0131 m\u0259suliyy\u0259t\u0259 c\u0259lb edilib - MEYDAN.TV","og_description":"\u201cG\u0259r\u0259k kimins\u0259 u\u015fa\u011f\u0131 \u00f6ls\u00fcn ki, ondan sonra t\u0259dbir g\u00f6rs\u00fcnl\u0259r\u2026\u201d C\u0259lilabad ... Davam\u0131","og_url":"https:\/\/www.meydan.tv\/az\/article\/sagirdinin-olumune-gore-azerisiq-emekdasi-mesuliyyete-celb-edilib\/","og_site_name":"MEYDAN.TV","article_published_time":"2022-05-23T08:26:13+00:00","article_modified_time":"2022-05-23T08:26:15+00:00","og_image":[{"width":1200,"height":674,"url":"https:\/\/www.meydan.tv\/wp-content\/uploads\/15701857195267434427_1000x669.jpg","type":"image\/jpeg"}],"twitter_card":"summary_large_image","twitter_creator":"@elli","schema":{"@context":"https:\/\/schema.org","@graph":[{"@type":"Article","@id":"https:\/\/www.meydan.tv\/az\/article\/sagirdinin-olumune-gore-azerisiq-emekdasi-mesuliyyete-celb-edilib\/#article","isPartOf":{"@id":"https:\/\/www.meydan.tv\/az\/article\/sagirdinin-olumune-gore-azerisiq-emekdasi-mesuliyyete-celb-edilib\/"},"author":{"name":"elli","@id":"https:\/\/www.meydan.tv\/az\/#\/schema\/person\/9cdbecf90d17180ce1dfbd95b08dcf47"},"headline":"\u015eagirdinin \u00f6l\u00fcm\u00fcn\u0259 g\u00f6r\u0259 \u201cAz\u0259ri\u015f\u0131q\u201d \u0259m\u0259kda\u015f\u0131 m\u0259suliyy\u0259t\u0259 c\u0259lb edilib","datePublished":"2022-05-23T08:26:13+00:00","dateModified":"2022-05-23T08:26:15+00:00","mainEntityOfPage":{"@id":"https:\/\/www.meydan.tv\/az\/article\/sagirdinin-olumune-gore-azerisiq-emekdasi-mesuliyyete-celb-edilib\/"},"wordCount":417,"publisher":{"@id":"https:\/\/www.meydan.tv\/az\/#organization"},"image":{"@id":"https:\/\/www.meydan.tv\/az\/article\/sagirdinin-olumune-gore-azerisiq-emekdasi-mesuliyyete-celb-edilib\/#primaryimage"},"thumbnailUrl":"https:\/\/www.meydan.tv\/wp-content\/uploads\/15701857195267434427_1000x669.jpg","articleSection":["B\u00f6lg\u0259","X\u0259b\u0259rl\u0259r"],"inLanguage":"az"},{"@type":"WebPage","@id":"https:\/\/www.meydan.tv\/az\/article\/sagirdinin-olumune-gore-azerisiq-emekdasi-mesuliyyete-celb-edilib\/","url":"https:\/\/www.meydan.tv\/az\/article\/sagirdinin-olumune-gore-azerisiq-emekdasi-mesuliyyete-celb-edilib\/","name":"\u015eagirdinin \u00f6l\u00fcm\u00fcn\u0259 g\u00f6r\u0259 \u201cAz\u0259ri\u015f\u0131q\u201d \u0259m\u0259kda\u015f\u0131 m\u0259suliyy\u0259t\u0259 c\u0259lb edilib - MEYDAN.TV","isPartOf":{"@id":"https:\/\/www.meydan.tv\/az\/#website"},"primaryImageOfPage":{"@id":"https:\/\/www.meydan.tv\/az\/article\/sagirdinin-olumune-gore-azerisiq-emekdasi-mesuliyyete-celb-edilib\/#primaryimage"},"image":{"@id":"https:\/\/www.meydan.tv\/az\/article\/sagirdinin-olumune-gore-azerisiq-emekdasi-mesuliyyete-celb-edilib\/#primaryimage"},"thumbnailUrl":"https:\/\/www.meydan.tv\/wp-content\/uploads\/15701857195267434427_1000x669.jpg","datePublished":"2022-05-23T08:26:13+00:00","dateModified":"2022-05-23T08:26:15+00:00","breadcrumb":{"@id":"https:\/\/www.meydan.tv\/az\/article\/sagirdinin-olumune-gore-azerisiq-emekdasi-mesuliyyete-celb-edilib\/#breadcrumb"},"inLanguage":"az","potentialAction":[{"@type":"ReadAction","target":["https:\/\/www.meydan.tv\/az\/article\/sagirdinin-olumune-gore-azerisiq-emekdasi-mesuliyyete-celb-edilib\/"]}]},{"@type":"ImageObject","inLanguage":"az","@id":"https:\/\/www.meydan.tv\/az\/article\/sagirdinin-olumune-gore-azerisiq-emekdasi-mesuliyyete-celb-edilib\/#primaryimage","url":"https:\/\/www.meydan.tv\/wp-content\/uploads\/15701857195267434427_1000x669.jpg","contentUrl":"https:\/\/www.meydan.tv\/wp-content\/uploads\/15701857195267434427_1000x669.jpg","width":1200,"height":674,"caption":"\u201cAz\u0259ri\u015f\u0131q\u201d ASC. Foto: Az\u0259rtac"},{"@type":"BreadcrumbList","@id":"https:\/\/www.meydan.tv\/az\/article\/sagirdinin-olumune-gore-azerisiq-emekdasi-mesuliyyete-celb-edilib\/#breadcrumb","itemListElement":[{"@type":"ListItem","position":1,"name":"Ana s\u0259hif\u0259","item":"https:\/\/www.meydan.tv\/az\/"},{"@type":"ListItem","position":2,"name":"B\u00f6lg\u0259","item":"https:\/\/www.meydan.tv\/az\/section\/bolge\/"},{"@type":"ListItem","position":3,"name":"\u015eagirdinin \u00f6l\u00fcm\u00fcn\u0259 g\u00f6r\u0259 \u201cAz\u0259ri\u015f\u0131q\u201d \u0259m\u0259kda\u015f\u0131 m\u0259suliyy\u0259t\u0259 c\u0259lb edilib"}]},{"@type":"WebSite","@id":"https:\/\/www.meydan.tv\/az\/#website","url":"https:\/\/www.meydan.tv\/az\/","name":"MEYDAN.TV","description":"Meydan TV Az\u0259rbaycan\u0131n media m\u0259kan\u0131ndak\u0131 alternativ s\u0259sidir","publisher":{"@id":"https:\/\/www.meydan.tv\/az\/#organization"},"potentialAction":[{"@type":"SearchAction","target":{"@type":"EntryPoint","urlTemplate":"https:\/\/www.meydan.tv\/az\/?s={search_term_string}"},"query-input":{"@type":"PropertyValueSpecification","valueRequired":true,"valueName":"search_term_string"}}],"inLanguage":"az"},{"@type":"Organization","@id":"https:\/\/www.meydan.tv\/az\/#organization","name":"Meydan TV","url":"https:\/\/www.meydan.tv\/az\/","logo":{"@type":"ImageObject","inLanguage":"az","@id":"https:\/\/www.meydan.tv\/az\/#\/schema\/logo\/image\/","url":"https:\/\/www.meydan.tv\/wp-content\/uploads\/2021\/07\/meydan-logo.svg","contentUrl":"https:\/\/www.meydan.tv\/wp-content\/uploads\/2021\/07\/meydan-logo.svg","width":195,"height":46,"caption":"Meydan TV"},"image":{"@id":"https:\/\/www.meydan.tv\/az\/#\/schema\/logo\/image\/"}},{"@type":"Person","@id":"https:\/\/www.meydan.tv\/az\/#\/schema\/person\/9cdbecf90d17180ce1dfbd95b08dcf47","name":"elli","sameAs":["https:\/\/x.com\/elli"]}]}},"_links":{"self":[{"href":"https:\/\/www.meydan.tv\/az\/wp-json\/wp\/v2\/posts\/245980","targetHints":{"allow":["GET"]}}],"collection":[{"href":"https:\/\/www.meydan.tv\/az\/wp-json\/wp\/v2\/posts"}],"about":[{"href":"https:\/\/www.meydan.tv\/az\/wp-json\/wp\/v2\/types\/post"}],"author":[{"embeddable":true,"href":"https:\/\/www.meydan.tv\/az\/wp-json\/wp\/v2\/users\/8"}],"replies":[{"embeddable":true,"href":"https:\/\/www.meydan.tv\/az\/wp-json\/wp\/v2\/comments?post=245980"}],"version-history":[{"count":1,"href":"https:\/\/www.meydan.tv\/az\/wp-json\/wp\/v2\/posts\/245980\/revisions"}],"predecessor-version":[{"id":245985,"href":"https:\/\/www.meydan.tv\/az\/wp-json\/wp\/v2\/posts\/245980\/revisions\/245985"}],"wp:featuredmedia":[{"embeddable":true,"href":"https:\/\/www.meydan.tv\/az\/wp-json\/wp\/v2\/media\/245982"}],"wp:attachment":[{"href":"https:\/\/www.meydan.tv\/az\/wp-json\/wp\/v2\/media?parent=245980"}],"wp:term":[{"taxonomy":"category","embeddable":true,"href":"https:\/\/www.meydan.tv\/az\/wp-json\/wp\/v2\/categories?post=245980"},{"taxonomy":"post_tag","embeddable":true,"href":"https:\/\/www.meydan.tv\/az\/wp-json\/wp\/v2\/tags?post=245980"}],"curies":[{"name":"wp","href":"https:\/\/api.w.org\/{rel}","templated":true}]}}