{"id":245962,"date":"2022-05-22T15:23:25","date_gmt":"2022-05-22T11:23:25","guid":{"rendered":"https:\/\/www.meydan.tv\/?p=245962"},"modified":"2022-05-22T15:23:27","modified_gmt":"2022-05-22T11:23:27","slug":"bandotdelde-yere-uzadib-tepikleyirdiler-salvarimi-cixardilar-alt-paltarimi-cirdilar","status":"publish","type":"post","link":"https:\/\/www.meydan.tv\/az\/article\/bandotdelde-yere-uzadib-tepikleyirdiler-salvarimi-cixardilar-alt-paltarimi-cirdilar\/","title":{"rendered":"\u201cBandotdel\u201dd\u0259 yer\u0259 uzad\u0131b t\u0259pikl\u0259yirdil\u0259r, \u015falvar\u0131m\u0131 \u00e7\u0131xard\u0131lar, alt paltar\u0131m\u0131 c\u0131rd\u0131lar&#8230;\u201d"},"content":{"rendered":"\n<p><\/p>\n\n\n\n<p><em>\u201cDedikl\u0259rini t\u0259krarlad\u0131m, bunu kamera il\u0259 \u00e7\u0259kdil\u0259r\u2026\u201d<\/em><\/p>\n\n\n\n<p>May\u0131n 20-d\u0259 Bak\u0131 A\u011f\u0131r Cinay\u0259tl\u0259r M\u0259hk\u0259m\u0259sinin qar\u015f\u0131s\u0131nda saxlan\u0131lan 5 n\u0259f\u0259r inancl\u0131 f\u0259aldan daha ikisinin haqq\u0131nda h\u0259bs q\u0259rar\u0131 \u00e7\u0131xar\u0131l\u0131b. M\u00fcs\u0259lman Birliyi H\u0259r\u0259kat\u0131n\u0131n \u00fczvl\u0259ri \u0130mran M\u0259mm\u0259dli v\u0259 Elgiz M\u0259mm\u0259dovun h\u0259r birin\u0259 30 sutka inzibati h\u0259bs c\u0259zas\u0131 verilib. Adlar\u0131 \u00e7\u0259kil\u0259n \u015f\u0259xsl\u0259r haqq\u0131nda polis\u0259 m\u00fcqavim\u0259t ittiham\u0131yla inzibati x\u0259ta protokolu t\u0259rtib edilib v\u0259 onlar may\u0131n 21-d\u0259 N\u0259simi Rayon M\u0259hk\u0259m\u0259sin\u0259 apar\u0131l\u0131b. Bir g\u00fcn \u00f6nc\u0259 &#8211; may\u0131n 20-d\u0259 bu m\u0259hk\u0259m\u0259d\u0259 saxlan\u0131lan inancl\u0131 f\u0259allardan A\u011f\u0259li Y\u0259hyayev haqq\u0131nda da 1 ayl\u0131q inzibati h\u0259bs q\u0259rar\u0131 \u00e7\u0131xar\u0131lm\u0131\u015fd\u0131.<\/p>\n\n\n\n<p>Bak\u0131 A\u011f\u0131r Cinay\u0259tl\u0259r M\u0259hk\u0259m\u0259sinin qar\u015f\u0131s\u0131nda saxlan\u0131lan 5 n\u0259f\u0259rd\u0259n ikisi \u2013 Mail K\u0259rimov v\u0259 S\u00fcleyman Y\u0259hyayev is\u0259 may\u0131n 20-d\u0259 gec\u0259 saatlar\u0131nda burax\u0131l\u0131b.<\/p>\n\n\n\n<p>Mail K\u0259rimov deyir ki, onu m\u0259hk\u0259m\u0259nin qar\u015f\u0131s\u0131nda saxlay\u0131b, \u0259vv\u0259lc\u0259 22-ci polis b\u00f6lm\u0259sin\u0259, ax\u015fam saat 18.00 rad\u0259l\u0259rind\u0259 is\u0259 Ba\u015f M\u00fct\u0259\u015f\u0259kkil Cinay\u0259tkarl\u0131qla M\u00fcbariz\u0259 \u0130dar\u0259sin\u0259 apar\u0131blar. \u0130st\u0259r yolda apar\u0131lark\u0259n, ist\u0259rs\u0259 d\u0259 idar\u0259d\u0259 a\u011flas\u0131\u011fmaz i\u015fg\u0259nc\u0259l\u0259r\u0259 m\u0259ruz qald\u0131\u011f\u0131n\u0131 dey\u0259n Mail K\u0259rimovun s\u00f6zl\u0259rin\u0259 g\u00f6r\u0259, onu zorlamaqla da h\u0259d\u0259l\u0259yibl\u0259r.<\/p>\n\n\n\n<p>Mail K\u0259rimov dan\u0131\u015f\u0131r ki, onu may\u0131n 20-d\u0259 s\u0259h\u0259r saatlar\u0131nda Bak\u0131 A\u011f\u0131r Cinay\u0259tl\u0259r M\u0259hk\u0259m\u0259sinin qar\u015f\u0131s\u0131nda olark\u0259n polisl\u0259r saxlay\u0131b, N\u0259simi rayonu, 22-ci polis b\u00f6lm\u0259sin\u0259 g\u0259tiribl\u0259r:<\/p>\n\n\n\n<p>\u201cBizi S\u00fcleyman Y\u0259hyayevl\u0259 eyni ma\u015f\u0131nda g\u0259tirdil\u0259r. Orada \u0259ll\u0259rimizi arxadan qandallay\u0131b, stula ba\u011flam\u0131\u015fd\u0131lar. T\u0259rp\u0259n\u0259 bilmirdik. Az sonra o biri \u00fc\u00e7 n\u0259f\u0259ri (A\u011f\u0259li Y\u0259hyayev, \u0130mran M\u0259mm\u0259dli v\u0259 Elgiz M\u0259mm\u0259dov) g\u0259tirdil\u0259r. Bir az kamerada saxlad\u0131lar. Sonra h\u0259r\u0259mizi bir ota\u011fa sal\u0131b sor\u011fu-sual el\u0259dil\u0259r ki, ora niy\u0259 getmi\u015fdiniz? Dedik ki, Razi H\u00fcmb\u0259tov inancl\u0131 qarda\u015f\u0131m\u0131zd\u0131r, m\u0259n\u0259vi d\u0259st\u0259k \u00fc\u00e7\u00fcn getmi\u015fdik. Do\u011fmalar\u0131 da g\u00f6rs\u00fcn ki, t\u0259k deyil. Biz \u0259vv\u0259l d\u0259 onun m\u0259hk\u0259m\u0259sin\u0259 getmi\u015fik, bel\u0259 hal olmay\u0131b. Biz\u0259 izahat yazd\u0131rd\u0131lar. Sonra yen\u0259 m\u00fcv\u0259qq\u0259ti saxlama yerin\u0259 apard\u0131lar. Yar\u0131m saat sonra yuxar\u0131 qald\u0131rd\u0131lar, g\u00f6rd\u00fcm ki, S\u00fcleyman da oradad\u0131r. Namaz vaxt\u0131n\u0131 bilm\u0259k \u00fc\u00e7\u00fcn saat\u0131 soru\u015fanda dedil\u0259r ki, 6-ya qal\u0131b. \u018fvv\u0259l ikimizi d\u0259 otaqdan \u00e7\u0131xartd\u0131lar, sonra m\u0259n\u0259 dedil\u0259r ki, qay\u0131t. Amma S\u00fcleyman\u0131 apard\u0131lar. Az ke\u00e7mi\u015f iki n\u0259f\u0259r m\u00fclki geyimli g\u0259ldi. Onlar i\u00e7\u0259ri gir\u0259nd\u0259 otaqdak\u0131lar aya\u011fa qalxd\u0131. M\u0259ni qandallay\u0131b apard\u0131lar. El\u0259 apar\u0131rd\u0131lar ki, sanki qat\u0131 cinay\u0259tkaram. Ba\u015f\u0131ma torba ke\u00e7irdil\u0259r\u2026\u201d<\/p>\n\n\n\n<p>Mail K\u0259rimovun s\u00f6zl\u0259rin\u0259 g\u00f6r\u0259, onu ma\u015f\u0131na mindirib Ba\u015f M\u00fct\u0259\u015f\u0259kkil Cinay\u0259tkarl\u0131qla M\u00fcbariz\u0259 \u0130dar\u0259sin\u0259 aparanda yolda d\u00f6ym\u0259y\u0259 ba\u015flay\u0131blar: \u201cBa\u015f\u0131mda torba, g\u00f6zl\u0259m\u0259diyim halda, ba\u015f\u0131mdan, sin\u0259md\u0259n vurma\u011fa ba\u015flad\u0131lar. \u00c7ox pis s\u00f6y\u00fc\u015fl\u0259r d\u0259 s\u00f6y\u00fcrd\u00fcl\u0259r. Onlar vururdu, m\u0259n d\u0259 \u201cay Allah\u201d q\u0131\u015fq\u0131r\u0131rd\u0131m. M\u0259ni d\u00f6y\u0259-d\u00f6y\u0259 \u201cBandotdel\u201d\u0259 g\u0259tirdil\u0259r. Ba\u015f\u0131mda torba olsa da, pill\u0259k\u0259nl\u0259 qald\u0131r\u0131ld\u0131\u011f\u0131m\u0131 hiss edirdim. Orada yer\u0259 uzatd\u0131lar v\u0259 yerd\u0259 t\u0259pikl\u0259m\u0259y\u0259 ba\u015flad\u0131lar. O q\u0259d\u0259r d\u00f6yd\u00fcl\u0259r, amma sakitl\u0259\u015fm\u0259dil\u0259r. \u015ealvar\u0131m\u0131 \u00e7\u0131xard\u0131lar, alt paltar\u0131m\u0131 c\u0131rd\u0131lar. Dedil\u0259r ki, indi dubinka il\u0259 zorlay\u0131b, \u00e7\u0259k\u0259c\u0259yik. Onlara dedim ki, \u201csizi Allaha and verir\u0259m, bunu el\u0259m\u0259yin\u201d. Dedil\u0259r ki, bir \u015f\u0259rtl\u0259 el\u0259m\u0259rik, kamera qar\u015f\u0131s\u0131nda dem\u0259lis\u0259n ki, \u201cs\u0259hv el\u0259mi\u015f\u0259m, bir daha m\u0259hk\u0259m\u0259l\u0259r\u0259 getm\u0259r\u0259m\u201d. Raz\u0131la\u015fd\u0131m. Dedikl\u0259rini t\u0259krarlad\u0131m, bunu kamera il\u0259 \u00e7\u0259kdil\u0259r\u2026\u201d<\/p>\n\n\n\n<p>Ax\u015fam saatlar\u0131nda Bin\u0259q\u0259di rayonu, \u201cBaksol\u201d adlanan \u0259razid\u0259 g\u0259tirib onu buraxd\u0131qlar\u0131n\u0131 dey\u0259n Mail K\u0259rimov bildirib ki, h\u0259tta ora g\u0259tiril\u0259nd\u0259 d\u0259 ba\u015f\u0131nda torba vard\u0131: \u201cM\u0259ni g\u0259tirib el\u0259 bir yerd\u0259 d\u00fc\u015f\u00fcrd\u00fcl\u0259r ki, bir t\u0259r\u0259f zavod, bir t\u0259r\u0259fd\u0259 d\u0259 evl\u0259r. Ma\u015f\u0131ndan d\u00fc\u015f\u00fcr\u0259nd\u0259 torban\u0131 \u00e7\u0131xartd\u0131lar, qandal\u0131 a\u00e7d\u0131lar. Buraxanda da dedil\u0259r ki, arxaya baxma. Hava qaranl\u0131q idi. Bildiyim odur ki, qara ma\u015f\u0131nla g\u0259tirmi\u015fdil\u0259r m\u0259ni. Telefonumu b\u00f6lm\u0259d\u0259 alm\u0131\u015fd\u0131lar. Cibimd\u0259 pul vard\u0131, taksi tutub ev\u0259 g\u0259ldim\u201d.<\/p>\n\n\n\n<p>\u0130nancl\u0131 f\u0259al vur\u011fulay\u0131b ki, \u00fcz\u0259rind\u0259 i\u015fg\u0259nc\u0259 izl\u0259ri, b\u0259d\u0259nind\u0259 a\u011fr\u0131lar h\u0259l\u0259 d\u0259 qal\u0131r. Onun s\u00f6zl\u0259rin\u0259 g\u00f6r\u0259, he\u00e7 bir qanunsuz add\u0131m atmad\u0131\u011f\u0131 halda, bel\u0259 i\u015fg\u0259nc\u0259y\u0259 m\u0259ruz qalmas\u0131n\u0131n s\u0259b\u0259bi ona m\u0259lum deyil: \u201cBiz \u0259vv\u0259ll\u0259r d\u0259 m\u0259hk\u0259m\u0259l\u0259r\u0259 getmi\u015fik. Bel\u0259 \u015fey g\u00f6zl\u0259mirdik. A\u00e7\u0131q m\u0259hk\u0259m\u0259 prosesidir, ist\u0259y\u0259n h\u0259r bir \u015f\u0259xs i\u015ftirak ed\u0259 bil\u0259r. Biz \u00f6z\u00fcm\u00fcz qanuna riay\u0259t ed\u0259n adamlar\u0131q. Anlam\u0131ram ki, niy\u0259 bel\u0259 edirl\u0259r?\u201d<\/p>\n\n\n\n<p>Qeyri-i\u015f g\u00fcn\u00fc oldu\u011funa g\u00f6r\u0259 i\u015fg\u0259nc\u0259 iddialar\u0131na Daxili \u0130\u015fl\u0259r Nazirliyind\u0259n m\u00fcnasib\u0259t \u00f6yr\u0259nm\u0259k m\u00fcmk\u00fcn olmay\u0131b. Bundan \u0259vv\u0259lki a\u00e7\u0131qlamalar\u0131nda nazirliyin m\u0259tbuat xidm\u0259ti polis idar\u0259l\u0259rind\u0259 v\u0259t\u0259nda\u015flara i\u015fg\u0259nc\u0259 verilm\u0259sil\u0259 ba\u011fl\u0131 iddialar\u0131 t\u0259kzib edib.<\/p>\n\n\n\n<p>Adlar\u0131 \u00e7\u0259kil\u0259n be\u015f n\u0259f\u0259r may\u0131n 20-d\u0259 M\u00fcs\u0259lman Birliyi H\u0259r\u0259kat\u0131n\u0131n \u00fczv\u00fc Razi H\u00fcmb\u0259tovun m\u0259hk\u0259m\u0259sind\u0259 i\u015ftirak etm\u0259k \u00fc\u00e7\u00fcn Bak\u0131 A\u011f\u0131r Cinay\u0259tl\u0259r M\u0259hk\u0259m\u0259sin\u0259 g\u0259lib. Lakin m\u0259hk\u0259m\u0259 prosesi ba\u015flamam\u0131\u015fdan \u00f6nc\u0259 \u0259raziy\u0259 c\u0259lb olunmu\u015f polisl\u0259r t\u0259r\u0259find\u0259n saxlan\u0131l\u0131blar.<\/p>\n\n\n\n<p>M\u0259hk\u0259m\u0259d\u0259 Razi H\u00fcmb\u0259tova h\u00f6km oxunub. H\u00f6km\u0259 \u0259sas\u0259n, Razi H\u00fcmb\u0259tov Cinay\u0259t M\u0259c\u0259ll\u0259sinin 234.4.3 (sat\u0131\u015f m\u0259qs\u0259dil\u0259 k\u00fclli miqdarda narkotik \u0259ld\u0259 etm\u0259, saxlama, da\u015f\u0131ma) madd\u0259sil\u0259 t\u0259qsirli bilinib v\u0259 6 il azadl\u0131qdan m\u0259hrum edilib.<\/p>\n\n\n\n<p>Lakin o, \u00f6z\u00fcn\u00fc t\u0259qsirli bilmir v\u0259 narkotik ittiham\u0131n\u0131n saxta oldu\u011funu deyir.<\/p>\n\n\n\n<p>Razi H\u00fcmb\u0259tov m\u0259hk\u0259m\u0259d\u0259 bildirib ki, 2021-ci il iyulun 7-d\u0259 ya\u015fad\u0131\u011f\u0131 Ceyranbatan q\u0259s\u0259b\u0259sind\u0259 5-6 m\u00fclki geyimli \u015f\u0259xs t\u0259r\u0259find\u0259n saxlan\u0131l\u0131b.<\/p>\n\n\n\n<p>Ba\u015f M\u00fct\u0259\u015f\u0259kkil Cinay\u0259tkarl\u0131qla M\u00fcbariz\u0259 \u0130dar\u0259sin\u0259 apar\u0131ld\u0131\u011f\u0131n\u0131 v\u0259 orada t\u0259zyiql\u0259r\u0259 m\u0259ruz qald\u0131\u011f\u0131n\u0131 dey\u0259n inancl\u0131 f\u0259al bildirib ki, narkotik madd\u0259ni \u00fcz\u0259rin\u0259 polisl\u0259r qoyub. O da t\u0259zyiq alt\u0131nda etiraf ifad\u0259sin\u0259 imza at\u0131b.<\/p>\n\n\n\n<p>M\u00fcs\u0259lman Birliyi H\u0259r\u0259kat\u0131 da Razi H\u00fcmb\u0259tovun narkotikd\u0259n uzaq biri oldu\u011funu, \u0259ksin\u0259, bu problem\u0259 qar\u015f\u0131 aktiv m\u00fcbariz\u0259 apard\u0131\u011f\u0131n\u0131 b\u0259yan edib. H\u0259r\u0259kat \u00fczv\u00fcn\u00fcn h\u0259bsini onun sosial \u015f\u0259b\u0259k\u0259l\u0259rd\u0259ki payla\u015f\u0131mlar\u0131 il\u0259 \u0259laq\u0259l\u0259ndirir.<\/p>\n\n\n\n<p>\u201cH\u0259r\u0259kat birm\u0259nal\u0131 olaraq \u00f6lk\u0259d\u0259 h\u0259r n\u00f6v h\u00fcquq v\u0259 azadl\u0131qlara y\u00f6n\u0259l\u0259n reperesiya add\u0131mlar\u0131n\u0131n arxas\u0131nda dayanan \u0130lham \u018fliyevin dikt\u0259 etdiyi siyas\u0259ti q\u0131nay\u0131r. Bir daha Az\u0259rbaycan c\u0259miyy\u0259tini qorxu v\u0259 \u0259sar\u0259t alt\u0131nda saxlayan rejimin yar\u0131tmaz davran\u0131\u015f\u0131ndan do\u011fan haqs\u0131z h\u0259bsl\u0259rin dayand\u0131rmas\u0131n\u0131 ondan t\u0259l\u0259b edirik\u201d, &#8211; t\u0259\u015fkilat\u0131n yayd\u0131\u011f\u0131 b\u0259yanatda bildirilir.<\/p>\n\n\n\n<p>Razi H\u00fcmb\u0259tov h\u0259bsind\u0259n bir ne\u00e7\u0259 g\u00fcn \u0259vv\u0259lki payla\u015f\u0131m\u0131nda \u201c\u0130lham \u018fliyev, xalq s\u0259ni sevmir\u201d yazm\u0131\u015fd\u0131.<\/p>\n","protected":false},"excerpt":{"rendered":"<p>\u201cDedikl\u0259rini t\u0259krarlad\u0131m, bunu kamera il\u0259 \u00e7\u0259kdil\u0259r\u2026\u201d May\u0131n 20-d\u0259 Bak\u0131 A\u011f\u0131r &#8230; <\/p>\n<p class=\"read-more-container\"><a title=\"\u201cBandotdel\u201dd\u0259 yer\u0259 uzad\u0131b t\u0259pikl\u0259yirdil\u0259r, \u015falvar\u0131m\u0131 \u00e7\u0131xard\u0131lar, alt paltar\u0131m\u0131 c\u0131rd\u0131lar&#8230;\u201d\" class=\"read-more button\" href=\"https:\/\/www.meydan.tv\/az\/article\/bandotdelde-yere-uzadib-tepikleyirdiler-salvarimi-cixardilar-alt-paltarimi-cirdilar\/#more-245962\" aria-label=\"Read more about \u201cBandotdel\u201dd\u0259 yer\u0259 uzad\u0131b t\u0259pikl\u0259yirdil\u0259r, \u015falvar\u0131m\u0131 \u00e7\u0131xard\u0131lar, alt paltar\u0131m\u0131 c\u0131rd\u0131lar&#8230;\u201d\">Davam\u0131<\/a><\/p>\n","protected":false},"author":8,"featured_media":138726,"comment_status":"closed","ping_status":"closed","sticky":false,"template":"","format":"standard","meta":{"_acf_changed":false,"_sitemap_exclude":false,"_sitemap_priority":"","_sitemap_frequency":"","footnotes":""},"categories":[59,79,56],"tags":[],"class_list":["post-245962","post","type-post","status-publish","format-standard","has-post-thumbnail","hentry","category-siyaset","category-featured","category-xeberler","infinite-scroll-item","generate-columns","tablet-grid-50","mobile-grid-100","grid-parent","grid-33","no-featured-image-padding"],"acf":[],"yoast_head":"<!-- This site is optimized with the Yoast SEO plugin v27.4 - https:\/\/yoast.com\/product\/yoast-seo-wordpress\/ -->\n<title>\u201cBandotdel\u201dd\u0259 yer\u0259 uzad\u0131b t\u0259pikl\u0259yirdil\u0259r, \u015falvar\u0131m\u0131 \u00e7\u0131xard\u0131lar, alt paltar\u0131m\u0131 c\u0131rd\u0131lar...\u201d - MEYDAN.TV<\/title>\n<meta name=\"robots\" content=\"index, follow, max-snippet:-1, max-image-preview:large, max-video-preview:-1\" \/>\n<link rel=\"canonical\" href=\"https:\/\/www.meydan.tv\/az\/article\/bandotdelde-yere-uzadib-tepikleyirdiler-salvarimi-cixardilar-alt-paltarimi-cirdilar\/\" \/>\n<meta property=\"og:locale\" content=\"az_AZ\" \/>\n<meta property=\"og:type\" content=\"article\" \/>\n<meta property=\"og:title\" content=\"\u201cBandotdel\u201dd\u0259 yer\u0259 uzad\u0131b t\u0259pikl\u0259yirdil\u0259r, \u015falvar\u0131m\u0131 \u00e7\u0131xard\u0131lar, alt paltar\u0131m\u0131 c\u0131rd\u0131lar...\u201d - MEYDAN.TV\" \/>\n<meta property=\"og:description\" content=\"\u201cDedikl\u0259rini t\u0259krarlad\u0131m, bunu kamera il\u0259 \u00e7\u0259kdil\u0259r\u2026\u201d May\u0131n 20-d\u0259 Bak\u0131 A\u011f\u0131r ... Davam\u0131\" \/>\n<meta property=\"og:url\" content=\"https:\/\/www.meydan.tv\/az\/article\/bandotdelde-yere-uzadib-tepikleyirdiler-salvarimi-cixardilar-alt-paltarimi-cirdilar\/\" \/>\n<meta property=\"og:site_name\" content=\"MEYDAN.TV\" \/>\n<meta property=\"article:published_time\" content=\"2022-05-22T11:23:25+00:00\" \/>\n<meta property=\"article:modified_time\" content=\"2022-05-22T11:23:27+00:00\" \/>\n<meta property=\"og:image\" content=\"https:\/\/www.meydan.tv\/wp-content\/uploads\/15837369221425115375_1000x669.jpg\" \/>\n\t<meta property=\"og:image:width\" content=\"1000\" \/>\n\t<meta property=\"og:image:height\" content=\"562\" \/>\n\t<meta property=\"og:image:type\" content=\"image\/jpeg\" \/>\n<meta name=\"author\" content=\"elli\" \/>\n<meta name=\"twitter:card\" content=\"summary_large_image\" \/>\n<meta name=\"twitter:creator\" content=\"@elli\" \/>\n<script type=\"application\/ld+json\" class=\"yoast-schema-graph\">{\"@context\":\"https:\\\/\\\/schema.org\",\"@graph\":[{\"@type\":\"Article\",\"@id\":\"https:\\\/\\\/www.meydan.tv\\\/az\\\/article\\\/bandotdelde-yere-uzadib-tepikleyirdiler-salvarimi-cixardilar-alt-paltarimi-cirdilar\\\/#article\",\"isPartOf\":{\"@id\":\"https:\\\/\\\/www.meydan.tv\\\/az\\\/article\\\/bandotdelde-yere-uzadib-tepikleyirdiler-salvarimi-cixardilar-alt-paltarimi-cirdilar\\\/\"},\"author\":{\"name\":\"elli\",\"@id\":\"https:\\\/\\\/www.meydan.tv\\\/az\\\/#\\\/schema\\\/person\\\/9cdbecf90d17180ce1dfbd95b08dcf47\"},\"headline\":\"\u201cBandotdel\u201dd\u0259 yer\u0259 uzad\u0131b t\u0259pikl\u0259yirdil\u0259r, \u015falvar\u0131m\u0131 \u00e7\u0131xard\u0131lar, alt paltar\u0131m\u0131 c\u0131rd\u0131lar&#8230;\u201d\",\"datePublished\":\"2022-05-22T11:23:25+00:00\",\"dateModified\":\"2022-05-22T11:23:27+00:00\",\"mainEntityOfPage\":{\"@id\":\"https:\\\/\\\/www.meydan.tv\\\/az\\\/article\\\/bandotdelde-yere-uzadib-tepikleyirdiler-salvarimi-cixardilar-alt-paltarimi-cirdilar\\\/\"},\"wordCount\":1405,\"publisher\":{\"@id\":\"https:\\\/\\\/www.meydan.tv\\\/az\\\/#organization\"},\"image\":{\"@id\":\"https:\\\/\\\/www.meydan.tv\\\/az\\\/article\\\/bandotdelde-yere-uzadib-tepikleyirdiler-salvarimi-cixardilar-alt-paltarimi-cirdilar\\\/#primaryimage\"},\"thumbnailUrl\":\"https:\\\/\\\/www.meydan.tv\\\/wp-content\\\/uploads\\\/15837369221425115375_1000x669.jpg\",\"articleSection\":[\"Siyas\u0259t\",\"T\u00f6vsiy\u0259\",\"X\u0259b\u0259rl\u0259r\"],\"inLanguage\":\"az\"},{\"@type\":\"WebPage\",\"@id\":\"https:\\\/\\\/www.meydan.tv\\\/az\\\/article\\\/bandotdelde-yere-uzadib-tepikleyirdiler-salvarimi-cixardilar-alt-paltarimi-cirdilar\\\/\",\"url\":\"https:\\\/\\\/www.meydan.tv\\\/az\\\/article\\\/bandotdelde-yere-uzadib-tepikleyirdiler-salvarimi-cixardilar-alt-paltarimi-cirdilar\\\/\",\"name\":\"\u201cBandotdel\u201dd\u0259 yer\u0259 uzad\u0131b t\u0259pikl\u0259yirdil\u0259r, \u015falvar\u0131m\u0131 \u00e7\u0131xard\u0131lar, alt paltar\u0131m\u0131 c\u0131rd\u0131lar...\u201d - MEYDAN.TV\",\"isPartOf\":{\"@id\":\"https:\\\/\\\/www.meydan.tv\\\/az\\\/#website\"},\"primaryImageOfPage\":{\"@id\":\"https:\\\/\\\/www.meydan.tv\\\/az\\\/article\\\/bandotdelde-yere-uzadib-tepikleyirdiler-salvarimi-cixardilar-alt-paltarimi-cirdilar\\\/#primaryimage\"},\"image\":{\"@id\":\"https:\\\/\\\/www.meydan.tv\\\/az\\\/article\\\/bandotdelde-yere-uzadib-tepikleyirdiler-salvarimi-cixardilar-alt-paltarimi-cirdilar\\\/#primaryimage\"},\"thumbnailUrl\":\"https:\\\/\\\/www.meydan.tv\\\/wp-content\\\/uploads\\\/15837369221425115375_1000x669.jpg\",\"datePublished\":\"2022-05-22T11:23:25+00:00\",\"dateModified\":\"2022-05-22T11:23:27+00:00\",\"breadcrumb\":{\"@id\":\"https:\\\/\\\/www.meydan.tv\\\/az\\\/article\\\/bandotdelde-yere-uzadib-tepikleyirdiler-salvarimi-cixardilar-alt-paltarimi-cirdilar\\\/#breadcrumb\"},\"inLanguage\":\"az\",\"potentialAction\":[{\"@type\":\"ReadAction\",\"target\":[\"https:\\\/\\\/www.meydan.tv\\\/az\\\/article\\\/bandotdelde-yere-uzadib-tepikleyirdiler-salvarimi-cixardilar-alt-paltarimi-cirdilar\\\/\"]}]},{\"@type\":\"ImageObject\",\"inLanguage\":\"az\",\"@id\":\"https:\\\/\\\/www.meydan.tv\\\/az\\\/article\\\/bandotdelde-yere-uzadib-tepikleyirdiler-salvarimi-cixardilar-alt-paltarimi-cirdilar\\\/#primaryimage\",\"url\":\"https:\\\/\\\/www.meydan.tv\\\/wp-content\\\/uploads\\\/15837369221425115375_1000x669.jpg\",\"contentUrl\":\"https:\\\/\\\/www.meydan.tv\\\/wp-content\\\/uploads\\\/15837369221425115375_1000x669.jpg\",\"width\":1000,\"height\":562,\"caption\":\"Foto: Az\u0259rtac\"},{\"@type\":\"BreadcrumbList\",\"@id\":\"https:\\\/\\\/www.meydan.tv\\\/az\\\/article\\\/bandotdelde-yere-uzadib-tepikleyirdiler-salvarimi-cixardilar-alt-paltarimi-cirdilar\\\/#breadcrumb\",\"itemListElement\":[{\"@type\":\"ListItem\",\"position\":1,\"name\":\"Ana s\u0259hif\u0259\",\"item\":\"https:\\\/\\\/www.meydan.tv\\\/az\\\/\"},{\"@type\":\"ListItem\",\"position\":2,\"name\":\"Siyas\u0259t\",\"item\":\"https:\\\/\\\/www.meydan.tv\\\/az\\\/section\\\/siyaset\\\/\"},{\"@type\":\"ListItem\",\"position\":3,\"name\":\"\u201cBandotdel\u201dd\u0259 yer\u0259 uzad\u0131b t\u0259pikl\u0259yirdil\u0259r, \u015falvar\u0131m\u0131 \u00e7\u0131xard\u0131lar, alt paltar\u0131m\u0131 c\u0131rd\u0131lar&#8230;\u201d\"}]},{\"@type\":\"WebSite\",\"@id\":\"https:\\\/\\\/www.meydan.tv\\\/az\\\/#website\",\"url\":\"https:\\\/\\\/www.meydan.tv\\\/az\\\/\",\"name\":\"MEYDAN.TV\",\"description\":\"Meydan TV Az\u0259rbaycan\u0131n media m\u0259kan\u0131ndak\u0131 alternativ s\u0259sidir\",\"publisher\":{\"@id\":\"https:\\\/\\\/www.meydan.tv\\\/az\\\/#organization\"},\"potentialAction\":[{\"@type\":\"SearchAction\",\"target\":{\"@type\":\"EntryPoint\",\"urlTemplate\":\"https:\\\/\\\/www.meydan.tv\\\/az\\\/?s={search_term_string}\"},\"query-input\":{\"@type\":\"PropertyValueSpecification\",\"valueRequired\":true,\"valueName\":\"search_term_string\"}}],\"inLanguage\":\"az\"},{\"@type\":\"Organization\",\"@id\":\"https:\\\/\\\/www.meydan.tv\\\/az\\\/#organization\",\"name\":\"Meydan TV\",\"url\":\"https:\\\/\\\/www.meydan.tv\\\/az\\\/\",\"logo\":{\"@type\":\"ImageObject\",\"inLanguage\":\"az\",\"@id\":\"https:\\\/\\\/www.meydan.tv\\\/az\\\/#\\\/schema\\\/logo\\\/image\\\/\",\"url\":\"https:\\\/\\\/www.meydan.tv\\\/wp-content\\\/uploads\\\/2021\\\/07\\\/meydan-logo.svg\",\"contentUrl\":\"https:\\\/\\\/www.meydan.tv\\\/wp-content\\\/uploads\\\/2021\\\/07\\\/meydan-logo.svg\",\"width\":195,\"height\":46,\"caption\":\"Meydan TV\"},\"image\":{\"@id\":\"https:\\\/\\\/www.meydan.tv\\\/az\\\/#\\\/schema\\\/logo\\\/image\\\/\"}},{\"@type\":\"Person\",\"@id\":\"https:\\\/\\\/www.meydan.tv\\\/az\\\/#\\\/schema\\\/person\\\/9cdbecf90d17180ce1dfbd95b08dcf47\",\"name\":\"elli\",\"sameAs\":[\"https:\\\/\\\/x.com\\\/elli\"]}]}<\/script>\n<!-- \/ Yoast SEO plugin. -->","yoast_head_json":{"title":"\u201cBandotdel\u201dd\u0259 yer\u0259 uzad\u0131b t\u0259pikl\u0259yirdil\u0259r, \u015falvar\u0131m\u0131 \u00e7\u0131xard\u0131lar, alt paltar\u0131m\u0131 c\u0131rd\u0131lar...\u201d - MEYDAN.TV","robots":{"index":"index","follow":"follow","max-snippet":"max-snippet:-1","max-image-preview":"max-image-preview:large","max-video-preview":"max-video-preview:-1"},"canonical":"https:\/\/www.meydan.tv\/az\/article\/bandotdelde-yere-uzadib-tepikleyirdiler-salvarimi-cixardilar-alt-paltarimi-cirdilar\/","og_locale":"az_AZ","og_type":"article","og_title":"\u201cBandotdel\u201dd\u0259 yer\u0259 uzad\u0131b t\u0259pikl\u0259yirdil\u0259r, \u015falvar\u0131m\u0131 \u00e7\u0131xard\u0131lar, alt paltar\u0131m\u0131 c\u0131rd\u0131lar...\u201d - MEYDAN.TV","og_description":"\u201cDedikl\u0259rini t\u0259krarlad\u0131m, bunu kamera il\u0259 \u00e7\u0259kdil\u0259r\u2026\u201d May\u0131n 20-d\u0259 Bak\u0131 A\u011f\u0131r ... Davam\u0131","og_url":"https:\/\/www.meydan.tv\/az\/article\/bandotdelde-yere-uzadib-tepikleyirdiler-salvarimi-cixardilar-alt-paltarimi-cirdilar\/","og_site_name":"MEYDAN.TV","article_published_time":"2022-05-22T11:23:25+00:00","article_modified_time":"2022-05-22T11:23:27+00:00","og_image":[{"width":1000,"height":562,"url":"https:\/\/www.meydan.tv\/wp-content\/uploads\/15837369221425115375_1000x669.jpg","type":"image\/jpeg"}],"author":"elli","twitter_card":"summary_large_image","twitter_creator":"@elli","schema":{"@context":"https:\/\/schema.org","@graph":[{"@type":"Article","@id":"https:\/\/www.meydan.tv\/az\/article\/bandotdelde-yere-uzadib-tepikleyirdiler-salvarimi-cixardilar-alt-paltarimi-cirdilar\/#article","isPartOf":{"@id":"https:\/\/www.meydan.tv\/az\/article\/bandotdelde-yere-uzadib-tepikleyirdiler-salvarimi-cixardilar-alt-paltarimi-cirdilar\/"},"author":{"name":"elli","@id":"https:\/\/www.meydan.tv\/az\/#\/schema\/person\/9cdbecf90d17180ce1dfbd95b08dcf47"},"headline":"\u201cBandotdel\u201dd\u0259 yer\u0259 uzad\u0131b t\u0259pikl\u0259yirdil\u0259r, \u015falvar\u0131m\u0131 \u00e7\u0131xard\u0131lar, alt paltar\u0131m\u0131 c\u0131rd\u0131lar&#8230;\u201d","datePublished":"2022-05-22T11:23:25+00:00","dateModified":"2022-05-22T11:23:27+00:00","mainEntityOfPage":{"@id":"https:\/\/www.meydan.tv\/az\/article\/bandotdelde-yere-uzadib-tepikleyirdiler-salvarimi-cixardilar-alt-paltarimi-cirdilar\/"},"wordCount":1405,"publisher":{"@id":"https:\/\/www.meydan.tv\/az\/#organization"},"image":{"@id":"https:\/\/www.meydan.tv\/az\/article\/bandotdelde-yere-uzadib-tepikleyirdiler-salvarimi-cixardilar-alt-paltarimi-cirdilar\/#primaryimage"},"thumbnailUrl":"https:\/\/www.meydan.tv\/wp-content\/uploads\/15837369221425115375_1000x669.jpg","articleSection":["Siyas\u0259t","T\u00f6vsiy\u0259","X\u0259b\u0259rl\u0259r"],"inLanguage":"az"},{"@type":"WebPage","@id":"https:\/\/www.meydan.tv\/az\/article\/bandotdelde-yere-uzadib-tepikleyirdiler-salvarimi-cixardilar-alt-paltarimi-cirdilar\/","url":"https:\/\/www.meydan.tv\/az\/article\/bandotdelde-yere-uzadib-tepikleyirdiler-salvarimi-cixardilar-alt-paltarimi-cirdilar\/","name":"\u201cBandotdel\u201dd\u0259 yer\u0259 uzad\u0131b t\u0259pikl\u0259yirdil\u0259r, \u015falvar\u0131m\u0131 \u00e7\u0131xard\u0131lar, alt paltar\u0131m\u0131 c\u0131rd\u0131lar...\u201d - MEYDAN.TV","isPartOf":{"@id":"https:\/\/www.meydan.tv\/az\/#website"},"primaryImageOfPage":{"@id":"https:\/\/www.meydan.tv\/az\/article\/bandotdelde-yere-uzadib-tepikleyirdiler-salvarimi-cixardilar-alt-paltarimi-cirdilar\/#primaryimage"},"image":{"@id":"https:\/\/www.meydan.tv\/az\/article\/bandotdelde-yere-uzadib-tepikleyirdiler-salvarimi-cixardilar-alt-paltarimi-cirdilar\/#primaryimage"},"thumbnailUrl":"https:\/\/www.meydan.tv\/wp-content\/uploads\/15837369221425115375_1000x669.jpg","datePublished":"2022-05-22T11:23:25+00:00","dateModified":"2022-05-22T11:23:27+00:00","breadcrumb":{"@id":"https:\/\/www.meydan.tv\/az\/article\/bandotdelde-yere-uzadib-tepikleyirdiler-salvarimi-cixardilar-alt-paltarimi-cirdilar\/#breadcrumb"},"inLanguage":"az","potentialAction":[{"@type":"ReadAction","target":["https:\/\/www.meydan.tv\/az\/article\/bandotdelde-yere-uzadib-tepikleyirdiler-salvarimi-cixardilar-alt-paltarimi-cirdilar\/"]}]},{"@type":"ImageObject","inLanguage":"az","@id":"https:\/\/www.meydan.tv\/az\/article\/bandotdelde-yere-uzadib-tepikleyirdiler-salvarimi-cixardilar-alt-paltarimi-cirdilar\/#primaryimage","url":"https:\/\/www.meydan.tv\/wp-content\/uploads\/15837369221425115375_1000x669.jpg","contentUrl":"https:\/\/www.meydan.tv\/wp-content\/uploads\/15837369221425115375_1000x669.jpg","width":1000,"height":562,"caption":"Foto: Az\u0259rtac"},{"@type":"BreadcrumbList","@id":"https:\/\/www.meydan.tv\/az\/article\/bandotdelde-yere-uzadib-tepikleyirdiler-salvarimi-cixardilar-alt-paltarimi-cirdilar\/#breadcrumb","itemListElement":[{"@type":"ListItem","position":1,"name":"Ana s\u0259hif\u0259","item":"https:\/\/www.meydan.tv\/az\/"},{"@type":"ListItem","position":2,"name":"Siyas\u0259t","item":"https:\/\/www.meydan.tv\/az\/section\/siyaset\/"},{"@type":"ListItem","position":3,"name":"\u201cBandotdel\u201dd\u0259 yer\u0259 uzad\u0131b t\u0259pikl\u0259yirdil\u0259r, \u015falvar\u0131m\u0131 \u00e7\u0131xard\u0131lar, alt paltar\u0131m\u0131 c\u0131rd\u0131lar&#8230;\u201d"}]},{"@type":"WebSite","@id":"https:\/\/www.meydan.tv\/az\/#website","url":"https:\/\/www.meydan.tv\/az\/","name":"MEYDAN.TV","description":"Meydan TV Az\u0259rbaycan\u0131n media m\u0259kan\u0131ndak\u0131 alternativ s\u0259sidir","publisher":{"@id":"https:\/\/www.meydan.tv\/az\/#organization"},"potentialAction":[{"@type":"SearchAction","target":{"@type":"EntryPoint","urlTemplate":"https:\/\/www.meydan.tv\/az\/?s={search_term_string}"},"query-input":{"@type":"PropertyValueSpecification","valueRequired":true,"valueName":"search_term_string"}}],"inLanguage":"az"},{"@type":"Organization","@id":"https:\/\/www.meydan.tv\/az\/#organization","name":"Meydan TV","url":"https:\/\/www.meydan.tv\/az\/","logo":{"@type":"ImageObject","inLanguage":"az","@id":"https:\/\/www.meydan.tv\/az\/#\/schema\/logo\/image\/","url":"https:\/\/www.meydan.tv\/wp-content\/uploads\/2021\/07\/meydan-logo.svg","contentUrl":"https:\/\/www.meydan.tv\/wp-content\/uploads\/2021\/07\/meydan-logo.svg","width":195,"height":46,"caption":"Meydan TV"},"image":{"@id":"https:\/\/www.meydan.tv\/az\/#\/schema\/logo\/image\/"}},{"@type":"Person","@id":"https:\/\/www.meydan.tv\/az\/#\/schema\/person\/9cdbecf90d17180ce1dfbd95b08dcf47","name":"elli","sameAs":["https:\/\/x.com\/elli"]}]}},"_links":{"self":[{"href":"https:\/\/www.meydan.tv\/az\/wp-json\/wp\/v2\/posts\/245962","targetHints":{"allow":["GET"]}}],"collection":[{"href":"https:\/\/www.meydan.tv\/az\/wp-json\/wp\/v2\/posts"}],"about":[{"href":"https:\/\/www.meydan.tv\/az\/wp-json\/wp\/v2\/types\/post"}],"author":[{"embeddable":true,"href":"https:\/\/www.meydan.tv\/az\/wp-json\/wp\/v2\/users\/8"}],"replies":[{"embeddable":true,"href":"https:\/\/www.meydan.tv\/az\/wp-json\/wp\/v2\/comments?post=245962"}],"version-history":[{"count":1,"href":"https:\/\/www.meydan.tv\/az\/wp-json\/wp\/v2\/posts\/245962\/revisions"}],"predecessor-version":[{"id":245963,"href":"https:\/\/www.meydan.tv\/az\/wp-json\/wp\/v2\/posts\/245962\/revisions\/245963"}],"wp:featuredmedia":[{"embeddable":true,"href":"https:\/\/www.meydan.tv\/az\/wp-json\/wp\/v2\/media\/138726"}],"wp:attachment":[{"href":"https:\/\/www.meydan.tv\/az\/wp-json\/wp\/v2\/media?parent=245962"}],"wp:term":[{"taxonomy":"category","embeddable":true,"href":"https:\/\/www.meydan.tv\/az\/wp-json\/wp\/v2\/categories?post=245962"},{"taxonomy":"post_tag","embeddable":true,"href":"https:\/\/www.meydan.tv\/az\/wp-json\/wp\/v2\/tags?post=245962"}],"curies":[{"name":"wp","href":"https:\/\/api.w.org\/{rel}","templated":true}]}}