{"id":245960,"date":"2022-05-22T14:00:56","date_gmt":"2022-05-22T10:00:56","guid":{"rendered":"https:\/\/www.meydan.tv\/?p=245960"},"modified":"2022-05-22T14:00:57","modified_gmt":"2022-05-22T10:00:57","slug":"birlesmis-ereb-respublikasi","status":"publish","type":"post","link":"https:\/\/www.meydan.tv\/az\/article\/birlesmis-ereb-respublikasi\/","title":{"rendered":"Birl\u0259\u015fmi\u015f \u018fr\u0259b Respublikas\u0131"},"content":{"rendered":"\n<p><\/p>\n\n\n\n<p><em>B\u00f6hrandan q\u0131sa m\u00fcdd\u0259t sonra Suriya parlamenti Misirl\u0259 bir d\u00f6vl\u0259td\u0259 birl\u0259\u015fm\u0259yin lehin\u0259 s\u0259s verdi\u2026<\/em><\/p>\n\n\n\n<p><\/p>\n\n\n\n<p>S\u00fcvey\u015f b\u00f6hran\u0131ndan sonra Misir Prezidenti Camal \u018fbd\u00fcl Nasirin \u0259r\u0259b \u00f6lk\u0259l\u0259rind\u0259 n\u00fcfuzu son d\u0259r\u0259c\u0259 y\u00fcks\u0259ldi. Onun \u0259n populyar oldu\u011fu \u00f6lk\u0259l\u0259rd\u0259n biri v\u0259 b\u0259lk\u0259 d\u0259 birincisi pan\u0259r\u0259bizm meylinin \u0259n\u0259n\u0259vi g\u00fccl\u00fc oldu\u011fu Suriya idi. Tezlikl\u0259 burada Misirl\u0259 bir d\u00f6vl\u0259td\u0259 birl\u0259\u015fm\u0259k ideyas\u0131 populyar oldu.<\/p>\n\n\n\n<hr class=\"wp-block-separator\"\/>\n\n\n\n<p>Suriyan\u0131n h\u0259rbi diktatoru \u018fdib \u00c7i\u00e7\u0259klinin devrilm\u0259si il\u0259 n\u0259tic\u0259l\u0259n\u0259n 1954-c\u00fc il \u00e7evrili\u015find\u0259n sonra \u00f6lk\u0259d\u0259 demokratik rejim quruldu. H\u0259l\u0259 1949-cu ild\u0259 prezident se\u00e7il\u0259n v\u0259 h\u0259rbi \u00e7evrili\u015fl\u0259 k\u0259narla\u015fd\u0131r\u0131lan Ha\u015fim \u018ftasinin s\u0259lahiyy\u0259tl\u0259ri b\u0259rpa edildi. H\u0259min il ke\u00e7iril\u0259n se\u00e7kil\u0259r n\u0259tic\u0259sind\u0259 \u00e7oxpartiyal\u0131 parlament formala\u015fd\u0131.<\/p>\n\n\n\n<p>Bu d\u00f6vrd\u0259 \u00f6lk\u0259d\u0259 Misirl\u0259 inteqrasiya ist\u0259yi h\u0259l\u0259 tam hakim deyildi. \u018ftasi \u0130raq monarxiyas\u0131 il\u0259 yax\u0131nla\u015fma\u011fa meyl edirdi. Eyni siyas\u0259tin t\u0259r\u0259fdar\u0131 olan Xalq Partiyas\u0131 parlament se\u00e7kil\u0259rind\u0259 birinci yeri tutmu\u015fdu v\u0259 onun liderl\u0259rind\u0259n biri, ingilisp\u0259r\u0259st Nazim Q\u00fcdsi parlamentin spikeri idi.<\/p>\n\n\n\n<p>1955-ci ilin sentyabr\u0131nda \u0259l-\u018ftasinin s\u0259lahiyy\u0259t m\u00fcdd\u0259ti ba\u015fa \u00e7atd\u0131 v\u0259 Misirl\u0259 birl\u0259\u015fm\u0259 t\u0259r\u0259fdar\u0131 olan \u015e\u00fckr\u00fc Q\u00fcvv\u0259tli prezident se\u00e7ildi. S\u00fcvey\u015f b\u00f6hran\u0131 zaman\u0131 Suriya B\u00f6y\u00fck Britaniya il\u0259 diplomatik m\u00fcnasib\u0259tl\u0259ri k\u0259sdi. B\u00f6hran\u0131n Misirin siyasi q\u0259l\u0259b\u0259si il\u0259 ba\u015fa \u00e7atmas\u0131ndan sonra birlik t\u0259r\u0259fdarlar\u0131n\u0131n m\u00f6vqeyi g\u00fccl\u0259ndi.<\/p>\n\n\n\n<p>H\u0259m ba\u015f nazir, h\u0259m d\u0259 xarici i\u015fl\u0259r naziri olan S\u0259id Qazi istefaya getdi. Ba\u015f nazir birlik t\u0259r\u0259fdar\u0131 S\u0259bri \u018fsali, xarici i\u015fl\u0259r naziri is\u0259 \u0259r\u0259b birliyi ideologiyas\u0131n\u0131n da\u015f\u0131y\u0131c\u0131s\u0131 olan B\u018f\u018fS partiyas\u0131n\u0131n quruculur\u0131ndan S\u0259lah\u0259ddin Bitar oldu. Parlamentin spikeri postunda Nazim Q\u00fcdsini B\u018f\u018fS \u00fczv\u00fc \u018fkr\u0259m Hourani \u0259v\u0259zl\u0259di.<\/p>\n\n\n\n<p>Camal \u018fbd\u00fcl Nasir \u00f6z\u00fc inteqrasiya ideyas\u0131na ehtiyatla yana\u015f\u0131rd\u0131. O anlay\u0131rd\u0131 ki, bel\u0259 add\u0131m qar\u015f\u0131s\u0131na yeni probleml\u0259r \u00e7\u0131xaracaq v\u0259 onlar\u0131 h\u0259ll etm\u0259k he\u00e7 d\u0259 asan olmayacaq. Misirl\u0259 Suriyan\u0131n xeyli f\u0259rqli \u00f6z\u0259llikl\u0259ri vard\u0131, onlar he\u00e7 h\u0259ms\u0259rh\u0259d d\u0259 deyildil\u0259r. Amma car\u00e7\u0131s\u0131 oldu\u011fu pan\u0259r\u0259bizm ideyas\u0131 Nasirin \u0259l-qolunu ba\u011flam\u0131\u015fd\u0131 v\u0259 birba\u015fa imtina ed\u0259 bilmirdi. Buna g\u00f6r\u0259 d\u0259 m\u00fcxt\u0259lif b\u0259han\u0259l\u0259r g\u0259tirir, vaxt udma\u011fa \u00e7al\u0131\u015f\u0131rd\u0131.<\/p>\n\n\n\n<hr class=\"wp-block-separator\"\/>\n\n\n\n<p>1957-ci ilin yay\u0131nda beyn\u0259lxalq m\u00fcnasib\u0259tl\u0259rd\u0259 \u201cSuriya b\u00f6hran\u0131\u201d deyil\u0259n g\u0259rginlik ya\u015fand\u0131. Avqustun ortalar\u0131nda Q\u00fcvv\u0259tli polkovnik \u018ffif Bizrini Suriya ordusunun Ba\u015f q\u0259rargah r\u0259isi t\u0259yin etdi. Bizri \u00f6z\u00fcn\u00fcn kommmunst bax\u0131\u015flar\u0131 il\u0259 tan\u0131n\u0131rd\u0131, h\u0259r\u00e7\u0259nd r\u0259sm\u0259n partiya \u00fczv\u00fc deyildi. Buna g\u00f6r\u0259 d\u0259 bu t\u0259yinat v\u0259 Suriyada kommunistl\u0259rin hakimiyy\u0259t\u0259 g\u0259l\u0259 bil\u0259c\u0259yi ehtimal\u0131 qon\u015fular\u0131n v\u0259 AB\u015e-\u0131n narahatl\u0131\u011f\u0131na s\u0259b\u0259b oldu.<\/p>\n\n\n\n<p>\u0130raq, \u0130ordaniya v\u0259 Livanda Suriyaya m\u00fcdaxil\u0259 etm\u0259k v\u0259 ya Amerikan\u0131n m\u00fcdaxil\u0259sini &#8211; \u0259g\u0259r bel\u0259 bir m\u00fcdaxil\u0259 olarsa &#8211; d\u0259st\u0259kl\u0259m\u0259k bar\u0259d\u0259 m\u00fczakir\u0259l\u0259r ba\u015flad\u0131. T\u00fcrkiy\u0259nin Menderes h\u00f6kum\u0259ti is\u0259 Suriya s\u0259rh\u0259dl\u0259ri yax\u0131nl\u0131\u011f\u0131na minl\u0259rl\u0259 \u0259sg\u0259r toplad\u0131. Sovet lideri Nikita Xru\u015f\u015fov T\u00fcrkiy\u0259ni h\u0259d\u0259l\u0259di, AB\u015e is\u0259 T\u00fcrkiy\u0259ni m\u00fcdafi\u0259 ed\u0259c\u0259yini bildirdi. S\u0259udiyy\u0259 \u018fr\u0259bistan\u0131 v\u0259 Misir is\u0259 D\u0259m\u0259\u015fqi d\u0259st\u0259kl\u0259dil\u0259r. Nasir Suriyan\u0131n Latakya liman\u0131na 1500 misirli h\u0259rb\u00e7i g\u00f6nd\u0259rdi.<\/p>\n\n\n\n<p>B\u00f6hran oktyabr\u0131n sonlar\u0131nda bitdi. AB\u015e-\u0131n \u00e7a\u011f\u0131r\u0131\u015f\u0131 il\u0259 T\u00fcrkiy\u0259 qo\u015funlar\u0131n\u0131 s\u0259rh\u0259dd\u0259n geri \u00e7\u0259kdi. Xru\u015f\u015fov is\u0259 g\u00f6zl\u0259nilm\u0259d\u0259n Moskvadak\u0131 T\u00fcrkiy\u0259 s\u0259firliyini ziyar\u0259t etdi. Amma Nasirin g\u00f6nd\u0259rdiyi simvolik h\u0259rbi yard\u0131m inteqrasiya t\u0259r\u0259fdarlar\u0131n\u0131 daha da h\u0259v\u0259sl\u0259ndirdi.<\/p>\n\n\n\n<p>B\u00f6hrandan q\u0131sa m\u00fcdd\u0259t sonra Suriya parlamenti Misirl\u0259 bir d\u00f6vl\u0259td\u0259 birl\u0259\u015fm\u0259yin lehin\u0259 s\u0259s verdi v\u0259 Qahir\u0259y\u0259 n\u00fcmay\u0259nd\u0259l\u0259r g\u00f6nd\u0259rildi. Amma Nasir bu t\u0259klif\u0259 soyuq yana\u015fd\u0131. Suriyan\u0131n \u00e7oxpartiyal\u0131 sistemi, h\u0259rb\u00e7il\u0259rin siyasi m\u00fcst\u0259vid\u0259 g\u00fccl\u00fc m\u00f6vqel\u0259ri, kommunistl\u0259rin n\u00fcfuzu onu \u00e7\u0259kindirirdi.<\/p>\n\n\n\n<p>\u0130lin sonlar\u0131nda B\u018f\u018fS partiyas\u0131 Misirl\u0259 federasiya yaratma\u011f\u0131 t\u0259klif etdi. Buna cavab olaraq kommunistl\u0259r unitar birlik t\u0259klif etdil\u0259r. \u018fslind\u0259 Suriya q\u0131rm\u0131z\u0131lar\u0131 Misirl\u0259 birl\u0259\u015fm\u0259yin t\u0259r\u0259fdar\u0131 deyildil\u0259r. Onlar Misir hakimiyy\u0259tinin yerli kommunistl\u0259r\u0259 tutdu\u011fu divandan x\u0259b\u0259rdar idil\u0259r. Amma g\u00fcman edirdil\u0259r ki, Nasir onsuz da birl\u0259\u015fm\u0259y\u0259 raz\u0131l\u0131q verm\u0259y\u0259ck. O zaman niy\u0259 bu populyar ideyan\u0131 istismar edib n\u00fcfuz toplamas\u0131nlar?<\/p>\n\n\n\n<hr class=\"wp-block-separator\"\/>\n\n\n\n<p>1958-ci il yanvar\u0131n ortalar\u0131nda \u018ffif Bizri he\u00e7 prezidentl\u0259 m\u0259sl\u0259h\u0259tl\u0259\u015fm\u0259d\u0259n bir qrup zabitl\u0259 Qahir\u0259y\u0259 yolland\u0131 v\u0259 Nasir\u0259 yen\u0259 birlik t\u0259klif etdi. Bu, \u00e7ox g\u00fcman ki, yen\u0259 d\u0259 populyarl\u0131q \u00fc\u00e7\u00fcn at\u0131lan add\u0131m idi. S\u0259f\u0259r haqq\u0131nda Qahir\u0259d\u0259ki Suriya s\u0259firi vasit\u0259sil\u0259 x\u0259b\u0259rdar olan \u015e\u00fckr\u00fc Q\u00fcvv\u0259tli xarici i\u015fl\u0259r naziri Bitar\u0131 Misir\u0259 g\u00f6nd\u0259rdi.<\/p>\n\n\n\n<p>Bu d\u0259f\u0259 Nasir birliy\u0259 raz\u0131l\u0131q verdi, amma \u00fc\u00e7 \u015f\u0259rt ir\u0259li s\u00fcrd\u00fc: iki \u00f6lk\u0259d\u0259 referendum ke\u00e7iril\u0259c\u0259k, partiyalar burax\u0131lacaq v\u0259 ordu siyas\u0259td\u0259n \u00e7\u0259kil\u0259c\u0259k. Bel\u0259c\u0259, ayd\u0131n oldu ki, Nasir birg\u0259 d\u00f6vl\u0259td\u0259 Suriyaya he\u00e7 bir \u00f6z\u00fcn\u00fcidar\u0259 verm\u0259k fikrind\u0259 deyil. \u015e\u0259rtl\u0259r n\u0259 b\u0259\u0259s\u00e7il\u0259rin, n\u0259 kommunistl\u0259rin, n\u0259 d\u0259 dig\u0259r birlik t\u0259r\u0259fdarlar\u0131n\u0131n \u00fcr\u0259yinc\u0259 deyildi. Amma onlar \u00f6zl\u0259ri cini \u015f\u00fc\u015f\u0259d\u0259n buraxm\u0131\u015fd\u0131lar v\u0259 birlik ideyas\u0131n\u0131n Suriya ictimai r\u0259yind\u0259 populyarl\u0131\u011f\u0131n\u0131 n\u0259z\u0259r\u0259 alaraq raz\u0131la\u015fmal\u0131 oldular.<\/p>\n\n\n\n<p>Fevral\u0131n 1-d\u0259 Qahir\u0259d\u0259 Misir v\u0259 Suriyan\u0131n Birl\u0259\u015fmi\u015f \u018fr\u0259b Respublikas\u0131 adl\u0131 d\u00f6vl\u0259td\u0259 birl\u0259\u015fm\u0259l\u0259ri haqq\u0131nda m\u00fcqavil\u0259 imzaland\u0131. Fevral\u0131n 21-d\u0259 is\u0259 h\u0259r iki \u00f6lk\u0259d\u0259 referendum ke\u015firildi. B\u00fclletenl\u0259rd\u0259 iki sual vard\u0131:  <\/p>\n\n\n\n<p>&#8211; Siz Birl\u0259\u015fmi\u015f \u018fr\u0259b Respublikas\u0131n\u0131n yaranmas\u0131n\u0131 ist\u0259yirsinizmi?   <\/p>\n\n\n\n<p>&#8211; Siz Camal \u018fbd\u00fcl Nasirin B\u018fR prezidenti olmas\u0131n\u0131 ist\u0259yirsinizmi?<\/p>\n\n\n\n<p>Misird\u0259 6,1 milyondan \u00e7ox adam s\u0259s verdi v\u0259 m\u00fctl\u0259q \u0259ks\u0259riyy\u0259t h\u0259r iki suala \u201ch\u0259\u201d dedi. Birincinin \u0259leyhin\u0259 247, ikincinin \u0259leyhin\u0259 265 n\u0259f\u0259r s\u0259s verdi. Suriyada s\u0259s ver\u0259nl\u0259rin say\u0131 1,3 milyondan \u00e7ox idi. C\u0259mi 139 n\u0259f\u0259r birinci suala, 190 n\u0259f\u0259r d\u0259 ikinci suala \u201cyox\u201d dedil\u0259r.<\/p>\n\n\n\n<p>Fevral\u0131n 22-d\u0259 Birl\u0259\u015fmi\u015f \u018fr\u0259b Respublikas\u0131n\u0131n yaranmas\u0131 elan edildi v\u0259 Camal \u018fbd\u00fcl Nasir onun prezidenti oldu. Q\u0131rm\u0131z\u0131, a\u011f, qara zolaql\u0131, ortadak\u0131 a\u011f zola\u011f\u0131n \u00fcz\u0259rind\u0259 iki ulduz (iki \u00f6lk\u0259ni ifad\u0259 edirdi) olan bayraq B\u018fR-in d\u00f6vl\u0259t bayra\u011f\u0131 oldu.<\/p>\n\n\n\n<figure class=\"wp-block-image size-full\"><img decoding=\"async\" width=\"1200\" height=\"800\" data-src=\"https:\/\/www.meydan.tv\/wp-content\/uploads\/untitled-design-30.jpg\" alt=\"\" class=\"wp-image-242072 lazyload\" src=\"data:image\/svg+xml;base64,PHN2ZyB3aWR0aD0iMSIgaGVpZ2h0PSIxIiB4bWxucz0iaHR0cDovL3d3dy53My5vcmcvMjAwMC9zdmciPjwvc3ZnPg==\" style=\"--smush-placeholder-width: 1200px; --smush-placeholder-aspect-ratio: 1200\/800;\" \/><figcaption>Camal \u018fbd\u00fcl Nasir. Foto:  &#8220;thefamouspeople.com&#8221;<\/figcaption><\/figure>\n\n\n\n<p>\u0130ki h\u0259ft\u0259 sonra B\u018fR v\u0259 Y\u0259m\u0259n M\u00fct\u0259v\u0259kkili krall\u0131\u011f\u0131 aras\u0131nda Birl\u0259\u015fmi\u015f \u018fr\u0259b D\u00f6vl\u0259tl\u0259ri adl\u0131 konfederasiya yarad\u0131ld\u0131. Amma B\u018fR-\u0259 nisb\u0259t\u0259n B\u018fD amorf birlik idi. Y\u0259m\u0259n d\u00f6vl\u0259ti l\u0259\u011fv olunmad\u0131, BMT \u00fczv\u00fc olaraq qald\u0131 v\u0259 \u00f6z kral\u0131 t\u0259r\u0259find\u0259n m\u00fcst\u0259qil idar\u0259 olunurdu.<\/p>\n\n\n\n<p>\u0130yulun 14-d\u0259 is\u0259 \u0130raqda h\u0259rbi \u00e7evrili\u015f ba\u015f verdi v\u0259 q\u0259rbp\u0259r\u0259st monarxiya devrildi. Bundan sonra B\u018fR-\u0259 qo\u015fulmaq fikri \u0130raqda da populyarla\u015fd\u0131, bu c\u0259r\u0259yana \u201cq\u00f6vmiyy\u0259\u201d deyirdil\u0259r. Amma ba\u015f nazir \u018fbd\u00fclk\u0259rim Qas\u0131m \u0130raq\u0131n m\u00fcst\u0259qilliyinin (\u201cv\u0259t\u0259niyy\u0259\u201d) t\u0259r\u0259fdar\u0131 idi v\u0259 buna g\u00f6r\u0259 d\u0259 B\u018fR-\u0259 qo\u015fulma\u011fa qar\u015f\u0131 \u00e7\u0131xd\u0131.<\/p>\n\n\n\n<hr class=\"wp-block-separator\"\/>\n\n\n\n<p>Birlik is\u0259 suriyal\u0131lar\u0131n g\u00f6zl\u0259diyi effekti verm\u0259di, \u0259ksin\u0259, onlar\u0131n m\u0259yuslu\u011funa s\u0259b\u0259b oldu. \u0130srail tarix\u00e7isi Eli Padeh \u201c\u018fr\u0259b mill\u0259t\u00e7iliyinin t\u0259n\u0259zz\u00fcl\u00fc: Birl\u0259\u015fmi\u015f \u018fr\u0259b Respublikas\u0131n\u0131n y\u00fcks\u0259li\u015fi v\u0259 s\u00fcqutu\u201d m\u0259qal\u0259sind\u0259 bu bar\u0259d\u0259 yaz\u0131r: \u201cSuriyal\u0131lar \u00f6z m\u00fcst\u0259qillikl\u0259rini itir\u0259nd\u0259n d\u0259rhal sonra anlad\u0131lar ki, s\u0259n dem\u0259, misirlil\u0259rd\u0259n f\u0259rqli identikliy\u0259 malikdirl\u0259r\u201d. Bu qeyd haql\u0131 olsa da, B\u018fR-in u\u011fursuzlu\u011funun yegan\u0259 s\u0259b\u0259bi deyildi. Dig\u0259r \u0259sas s\u0259b\u0259b Nasirin y\u00fcr\u00fctd\u00fcy\u00fc siyas\u0259t idi.<\/p>\n\n\n\n<p>Nasir h\u0259r vilay\u0259td\u0259n iki n\u0259f\u0259ri vitse-prezident t\u0259yin etdi. Bunlar Misird\u0259n \u018fbd\u00fclhakim Amer v\u0259 \u018fbd\u00fcll\u0259til Bo\u011fdadi, Suriyadan is\u0259 S\u0259bri \u018fsali v\u0259 \u018fkr\u0259m Hourani oldular. 600 n\u0259f\u0259rlik parlamentin 400 \u00fczv\u00fc Misiri, 200 \u00fczv\u00fc Suriyan\u0131 t\u0259msil edirdi. Amma proporsiyaya zahir\u0259n \u0259m\u0259l olunsa da, suriyal\u0131lar idar\u0259\u00e7ilikd\u0259 c\u00fczi rol oynay\u0131rd\u0131lar, \u0259n y\u00fcks\u0259k v\u0259zif\u0259l\u0259r bel\u0259 formal xarakter da\u015f\u0131y\u0131rd\u0131.<\/p>\n\n\n\n<p>B\u018fR yaranmas\u0131 \u0259r\u0259f\u0259sind\u0259 Misirl\u0259 m\u00fcqayis\u0259d\u0259 Suriyada h\u0259m siyasi, hm d\u0259 iqtisadi azadl\u0131qlar daha y\u00fcks\u0259k s\u0259viyy\u0259d\u0259 idi. \u0130ndi Nasir bunlar\u0131 add\u0131m-add\u0131m m\u0259hv edirdi. O, B\u018fR-in m\u00fctl\u0259q hakimi idi. B\u00fct\u00fcn siyasi partiyalar qada\u011fan olundu. X\u00fcsus\u0259n kommunistl\u0259r\u0259 qar\u015f\u0131 repressiyalar ba\u015flad\u0131. \u018ffif Bizri B\u018fR-in yaranmas\u0131ndak\u0131 roluna g\u00f6r\u0259 1959-cu ilin yay\u0131nda \u201cm\u00fckafatland\u0131r\u0131ld\u0131\u201d: Suiya ordusunun Ba\u015f q\u0259rargah r\u0259isi v\u0259zif\u0259sind\u0259n uzaqla\u015fd\u0131r\u0131ld\u0131. Partiyan\u0131n lideri Xalid Bakda\u015f Moskvaya qa\u00e7mal\u0131 oldu.<\/p>\n\n\n\n<p>\u0130qtisadiyyatda bir s\u0131ra sosialist add\u0131mlar at\u0131ld\u0131, banklar, s\u0131\u011forta \u015firk\u0259tl\u0259ri, a\u011f\u0131r s\u0259naye m\u00fc\u0259ssis\u0259l\u0259ri millil\u0259\u015fdirildi. Bu da Suriya iqtisadiyyat\u0131n\u0131 xeyli geriy\u0259 sald\u0131. Xarici s\u0259rmay\u0259 \u00f6lk\u0259d\u0259n getdi. Torpaq sahibliyi limiti 200 f\u0259ddandan 100 f\u0259ddana endirildi (1 f\u0259ddan = 4200 kv metr).<\/p>\n\n\n\n<p>Suriyal\u0131 siyas\u0259t\u00e7il\u0259r tezlikl\u0259 Nasirin avtoritarl\u0131\u011f\u0131n\u0131 v\u0259 qurdu\u011fu polis rejimini t\u0259nqid etm\u0259y\u0259 ba\u015flad\u0131lar. 1959-cu ilin son g\u00fcnl\u0259rind\u0259 B\u018fR h\u00f6kum\u0259tind\u0259 v\u0259zif\u0259 tutan B\u018f\u018fS-\u00e7il\u0259rin ham\u0131s\u0131 (Bitar, Hourani, Hamdun, Kannut v\u0259 b.) istefa verdi. \u015e\u00fckr\u00fc Q\u00fcvv\u0259tli d\u0259 B\u018fR prezidentinin t\u0259nqid\u00e7isin\u0259 \u00e7evrildi. \u018fn ciddi naraz\u0131l\u0131q is\u0259 Suriya ordusunda idi.<\/p>\n\n\n\n<p>1961-ci il sentyabr\u0131n 28-d\u0259 s\u0259h\u0259r saatlar\u0131nda Suriyada h\u0259rbi \u00e7evrili\u015f ba\u015f verdi. Bundan sonra radio il\u0259 oxunan komm\u00fcniked\u0259 \u0259r\u0259b birliyi ideyas\u0131n\u0131 g\u00f6zd\u0259n salan despotizm v\u0259 korrupsiyadan \u015fikay\u0259t olunurdu. G\u00fcn\u00fcn sonunda is\u0259 prezident a\u00e7\u0131q-a\u015fkar tiran adland\u0131r\u0131l\u0131rd\u0131.<\/p>\n\n\n\n<p>Nasir qiyam\u0131 zor g\u00fcc\u00fcn\u0259 yat\u0131rmaq q\u0259rar\u0131na g\u0259ldi. Amma Misir il\u0259 Suriya h\u0259ms\u0259rh\u0259d deyildil\u0259r. Buna g\u00f6r\u0259 d\u0259 Latakiyaya d\u0259nizd\u0259n, H\u0259l\u0259b\u0259 is\u0259 havadan desant g\u00f6nd\u0259rm\u0259k q\u0259rara al\u0131nd\u0131. Lakin bu c\u0259hd u\u011fursuz oldu, Misir h\u0259rb\u00e7il\u0259ri m\u00fchasir\u0259y\u0259 d\u00fc\u015f\u0259r\u0259k \u0259sir al\u0131nd\u0131lar.<\/p>\n\n\n\n<p>D\u0259m\u0259\u015fqd\u0259 hakimiyy\u0259t\u0259 g\u0259l\u0259n q\u00fcvv\u0259l\u0259r Suriyan\u0131n B\u018fR-d\u0259n ayr\u0131ld\u0131\u011f\u0131n\u0131, d\u00f6vl\u0259t m\u00fcst\u0259qilliyinin b\u0259rpa edildiyini a\u00e7\u0131qlad\u0131lar v\u0259 BMT-y\u0259 m\u00fcvafiq m\u00fcraci\u0259t \u00fcnvanlad\u0131lar.<\/p>\n\n\n\n<hr class=\"wp-block-separator\"\/>\n\n\n\n<p>Birliyi t\u0259\u015fkil ed\u0259n iki \u00f6lk\u0259d\u0259n birinin ayr\u0131lmas\u0131na baxmayaraq, Nasir d\u00f6vl\u0259tin ad\u0131n\u0131 d\u0259yi\u015fm\u0259di. T\u0259kc\u0259 Misird\u0259n ibar\u0259t d\u00f6vl\u0259t B\u018fR adlanmaqda davam edirdi, Nasir d\u0259 B\u018fR prezidenti idi.<\/p>\n\n\n\n<p>1963-c\u00fc ild\u0259 \u0259r\u0259b birliyini b\u0259rpa etm\u0259k \u00fc\u00e7\u00fcn \u015fans yarand\u0131. Fevralda \u0130raqda \u018fbd\u00fclk\u0259rim Qas\u0131m devrildi. Mart ay\u0131nda Suriyada n\u00f6vb\u0259ti h\u0259rbi \u00e7evrili\u015f ba\u015f verdi v\u0259 S\u0259lah\u0259ddin Bitar ba\u015f nazir oldu. \u00dc\u00e7 \u00f6lk\u0259 aras\u0131nda birlik bar\u0259d\u0259 dan\u0131\u015f\u0131qlar apar\u0131ld\u0131. Amma bir n\u0259tic\u0259 hasil olmad\u0131.<\/p>\n\n\n\n<p>Camal \u018fbd\u00fcl Nazir 1970-ci ild\u0259 \u00f6l\u0259n\u0259 q\u0259d\u0259r B\u018fR ad\u0131ndan imtina etm\u0259di. Yaln\u0131z onun x\u0259l\u0259fi \u018fnv\u0259r Sadat 1971-ci ild\u0259 Misir \u018fr\u0259b Respublikas\u0131 ad\u0131n\u0131 geri qaytard\u0131.<\/p>\n","protected":false},"excerpt":{"rendered":"<p>B\u00f6hrandan q\u0131sa m\u00fcdd\u0259t sonra Suriya parlamenti Misirl\u0259 bir d\u00f6vl\u0259td\u0259 birl\u0259\u015fm\u0259yin &#8230; <\/p>\n<p class=\"read-more-container\"><a title=\"Birl\u0259\u015fmi\u015f \u018fr\u0259b Respublikas\u0131\" class=\"read-more button\" href=\"https:\/\/www.meydan.tv\/az\/article\/birlesmis-ereb-respublikasi\/#more-245960\" aria-label=\"Read more about Birl\u0259\u015fmi\u015f \u018fr\u0259b Respublikas\u0131\">Davam\u0131<\/a><\/p>\n","protected":false},"author":8,"featured_media":119327,"comment_status":"closed","ping_status":"closed","sticky":false,"template":"","format":"standard","meta":{"_acf_changed":false,"_sitemap_exclude":false,"_sitemap_priority":"","_sitemap_frequency":"","footnotes":""},"categories":[57],"tags":[],"class_list":["post-245960","post","type-post","status-publish","format-standard","has-post-thumbnail","hentry","category-menim-fikrimce","infinite-scroll-item","generate-columns","tablet-grid-50","mobile-grid-100","grid-parent","grid-33","no-featured-image-padding"],"acf":[],"yoast_head":"<!-- This site is optimized with the Yoast SEO plugin v27.4 - https:\/\/yoast.com\/product\/yoast-seo-wordpress\/ -->\n<title>Birl\u0259\u015fmi\u015f \u018fr\u0259b Respublikas\u0131 - MEYDAN.TV<\/title>\n<meta name=\"robots\" content=\"index, follow, max-snippet:-1, max-image-preview:large, max-video-preview:-1\" \/>\n<link rel=\"canonical\" href=\"https:\/\/www.meydan.tv\/az\/article\/birlesmis-ereb-respublikasi\/\" \/>\n<meta property=\"og:locale\" content=\"az_AZ\" \/>\n<meta property=\"og:type\" content=\"article\" \/>\n<meta property=\"og:title\" content=\"Birl\u0259\u015fmi\u015f \u018fr\u0259b Respublikas\u0131 - MEYDAN.TV\" \/>\n<meta property=\"og:description\" content=\"B\u00f6hrandan q\u0131sa m\u00fcdd\u0259t sonra Suriya parlamenti Misirl\u0259 bir d\u00f6vl\u0259td\u0259 birl\u0259\u015fm\u0259yin ... Davam\u0131\" \/>\n<meta property=\"og:url\" content=\"https:\/\/www.meydan.tv\/az\/article\/birlesmis-ereb-respublikasi\/\" \/>\n<meta property=\"og:site_name\" content=\"MEYDAN.TV\" \/>\n<meta property=\"article:published_time\" content=\"2022-05-22T10:00:56+00:00\" \/>\n<meta property=\"article:modified_time\" content=\"2022-05-22T10:00:57+00:00\" \/>\n<meta property=\"og:image\" content=\"https:\/\/www.meydan.tv\/wp-content\/uploads\/3cb67e7d-b10f-4c21-a950-7ff09b6b8f8f-scaled.jpeg\" \/>\n\t<meta property=\"og:image:width\" content=\"2560\" \/>\n\t<meta property=\"og:image:height\" content=\"1440\" \/>\n\t<meta property=\"og:image:type\" content=\"image\/jpeg\" \/>\n<meta name=\"author\" content=\"elli\" \/>\n<meta name=\"twitter:card\" content=\"summary_large_image\" \/>\n<meta name=\"twitter:creator\" content=\"@elli\" \/>\n<script type=\"application\/ld+json\" class=\"yoast-schema-graph\">{\"@context\":\"https:\\\/\\\/schema.org\",\"@graph\":[{\"@type\":\"Article\",\"@id\":\"https:\\\/\\\/www.meydan.tv\\\/az\\\/article\\\/birlesmis-ereb-respublikasi\\\/#article\",\"isPartOf\":{\"@id\":\"https:\\\/\\\/www.meydan.tv\\\/az\\\/article\\\/birlesmis-ereb-respublikasi\\\/\"},\"author\":{\"name\":\"elli\",\"@id\":\"https:\\\/\\\/www.meydan.tv\\\/az\\\/#\\\/schema\\\/person\\\/9cdbecf90d17180ce1dfbd95b08dcf47\"},\"headline\":\"Birl\u0259\u015fmi\u015f \u018fr\u0259b Respublikas\u0131\",\"datePublished\":\"2022-05-22T10:00:56+00:00\",\"dateModified\":\"2022-05-22T10:00:57+00:00\",\"mainEntityOfPage\":{\"@id\":\"https:\\\/\\\/www.meydan.tv\\\/az\\\/article\\\/birlesmis-ereb-respublikasi\\\/\"},\"wordCount\":2077,\"publisher\":{\"@id\":\"https:\\\/\\\/www.meydan.tv\\\/az\\\/#organization\"},\"image\":{\"@id\":\"https:\\\/\\\/www.meydan.tv\\\/az\\\/article\\\/birlesmis-ereb-respublikasi\\\/#primaryimage\"},\"thumbnailUrl\":\"https:\\\/\\\/www.meydan.tv\\\/wp-content\\\/uploads\\\/3cb67e7d-b10f-4c21-a950-7ff09b6b8f8f-scaled-e1684405162756.jpeg\",\"articleSection\":[\"M\u0259nim Fikrimc\u0259\"],\"inLanguage\":\"az\"},{\"@type\":\"WebPage\",\"@id\":\"https:\\\/\\\/www.meydan.tv\\\/az\\\/article\\\/birlesmis-ereb-respublikasi\\\/\",\"url\":\"https:\\\/\\\/www.meydan.tv\\\/az\\\/article\\\/birlesmis-ereb-respublikasi\\\/\",\"name\":\"Birl\u0259\u015fmi\u015f \u018fr\u0259b Respublikas\u0131 - MEYDAN.TV\",\"isPartOf\":{\"@id\":\"https:\\\/\\\/www.meydan.tv\\\/az\\\/#website\"},\"primaryImageOfPage\":{\"@id\":\"https:\\\/\\\/www.meydan.tv\\\/az\\\/article\\\/birlesmis-ereb-respublikasi\\\/#primaryimage\"},\"image\":{\"@id\":\"https:\\\/\\\/www.meydan.tv\\\/az\\\/article\\\/birlesmis-ereb-respublikasi\\\/#primaryimage\"},\"thumbnailUrl\":\"https:\\\/\\\/www.meydan.tv\\\/wp-content\\\/uploads\\\/3cb67e7d-b10f-4c21-a950-7ff09b6b8f8f-scaled-e1684405162756.jpeg\",\"datePublished\":\"2022-05-22T10:00:56+00:00\",\"dateModified\":\"2022-05-22T10:00:57+00:00\",\"breadcrumb\":{\"@id\":\"https:\\\/\\\/www.meydan.tv\\\/az\\\/article\\\/birlesmis-ereb-respublikasi\\\/#breadcrumb\"},\"inLanguage\":\"az\",\"potentialAction\":[{\"@type\":\"ReadAction\",\"target\":[\"https:\\\/\\\/www.meydan.tv\\\/az\\\/article\\\/birlesmis-ereb-respublikasi\\\/\"]}]},{\"@type\":\"ImageObject\",\"inLanguage\":\"az\",\"@id\":\"https:\\\/\\\/www.meydan.tv\\\/az\\\/article\\\/birlesmis-ereb-respublikasi\\\/#primaryimage\",\"url\":\"https:\\\/\\\/www.meydan.tv\\\/wp-content\\\/uploads\\\/3cb67e7d-b10f-4c21-a950-7ff09b6b8f8f-scaled-e1684405162756.jpeg\",\"contentUrl\":\"https:\\\/\\\/www.meydan.tv\\\/wp-content\\\/uploads\\\/3cb67e7d-b10f-4c21-a950-7ff09b6b8f8f-scaled-e1684405162756.jpeg\",\"width\":2560,\"height\":1203,\"caption\":\"Foto: Meydan Tv\"},{\"@type\":\"BreadcrumbList\",\"@id\":\"https:\\\/\\\/www.meydan.tv\\\/az\\\/article\\\/birlesmis-ereb-respublikasi\\\/#breadcrumb\",\"itemListElement\":[{\"@type\":\"ListItem\",\"position\":1,\"name\":\"Ana s\u0259hif\u0259\",\"item\":\"https:\\\/\\\/www.meydan.tv\\\/az\\\/\"},{\"@type\":\"ListItem\",\"position\":2,\"name\":\"M\u0259nim Fikrimc\u0259\",\"item\":\"https:\\\/\\\/www.meydan.tv\\\/az\\\/section\\\/menim-fikrimce\\\/\"},{\"@type\":\"ListItem\",\"position\":3,\"name\":\"Birl\u0259\u015fmi\u015f \u018fr\u0259b Respublikas\u0131\"}]},{\"@type\":\"WebSite\",\"@id\":\"https:\\\/\\\/www.meydan.tv\\\/az\\\/#website\",\"url\":\"https:\\\/\\\/www.meydan.tv\\\/az\\\/\",\"name\":\"MEYDAN.TV\",\"description\":\"Meydan TV Az\u0259rbaycan\u0131n media m\u0259kan\u0131ndak\u0131 alternativ s\u0259sidir\",\"publisher\":{\"@id\":\"https:\\\/\\\/www.meydan.tv\\\/az\\\/#organization\"},\"potentialAction\":[{\"@type\":\"SearchAction\",\"target\":{\"@type\":\"EntryPoint\",\"urlTemplate\":\"https:\\\/\\\/www.meydan.tv\\\/az\\\/?s={search_term_string}\"},\"query-input\":{\"@type\":\"PropertyValueSpecification\",\"valueRequired\":true,\"valueName\":\"search_term_string\"}}],\"inLanguage\":\"az\"},{\"@type\":\"Organization\",\"@id\":\"https:\\\/\\\/www.meydan.tv\\\/az\\\/#organization\",\"name\":\"Meydan TV\",\"url\":\"https:\\\/\\\/www.meydan.tv\\\/az\\\/\",\"logo\":{\"@type\":\"ImageObject\",\"inLanguage\":\"az\",\"@id\":\"https:\\\/\\\/www.meydan.tv\\\/az\\\/#\\\/schema\\\/logo\\\/image\\\/\",\"url\":\"https:\\\/\\\/www.meydan.tv\\\/wp-content\\\/uploads\\\/2021\\\/07\\\/meydan-logo.svg\",\"contentUrl\":\"https:\\\/\\\/www.meydan.tv\\\/wp-content\\\/uploads\\\/2021\\\/07\\\/meydan-logo.svg\",\"width\":195,\"height\":46,\"caption\":\"Meydan TV\"},\"image\":{\"@id\":\"https:\\\/\\\/www.meydan.tv\\\/az\\\/#\\\/schema\\\/logo\\\/image\\\/\"}},{\"@type\":\"Person\",\"@id\":\"https:\\\/\\\/www.meydan.tv\\\/az\\\/#\\\/schema\\\/person\\\/9cdbecf90d17180ce1dfbd95b08dcf47\",\"name\":\"elli\",\"sameAs\":[\"https:\\\/\\\/x.com\\\/elli\"]}]}<\/script>\n<!-- \/ Yoast SEO plugin. -->","yoast_head_json":{"title":"Birl\u0259\u015fmi\u015f \u018fr\u0259b Respublikas\u0131 - MEYDAN.TV","robots":{"index":"index","follow":"follow","max-snippet":"max-snippet:-1","max-image-preview":"max-image-preview:large","max-video-preview":"max-video-preview:-1"},"canonical":"https:\/\/www.meydan.tv\/az\/article\/birlesmis-ereb-respublikasi\/","og_locale":"az_AZ","og_type":"article","og_title":"Birl\u0259\u015fmi\u015f \u018fr\u0259b Respublikas\u0131 - MEYDAN.TV","og_description":"B\u00f6hrandan q\u0131sa m\u00fcdd\u0259t sonra Suriya parlamenti Misirl\u0259 bir d\u00f6vl\u0259td\u0259 birl\u0259\u015fm\u0259yin ... Davam\u0131","og_url":"https:\/\/www.meydan.tv\/az\/article\/birlesmis-ereb-respublikasi\/","og_site_name":"MEYDAN.TV","article_published_time":"2022-05-22T10:00:56+00:00","article_modified_time":"2022-05-22T10:00:57+00:00","og_image":[{"width":2560,"height":1440,"url":"https:\/\/www.meydan.tv\/wp-content\/uploads\/3cb67e7d-b10f-4c21-a950-7ff09b6b8f8f-scaled.jpeg","type":"image\/jpeg"}],"author":"elli","twitter_card":"summary_large_image","twitter_creator":"@elli","schema":{"@context":"https:\/\/schema.org","@graph":[{"@type":"Article","@id":"https:\/\/www.meydan.tv\/az\/article\/birlesmis-ereb-respublikasi\/#article","isPartOf":{"@id":"https:\/\/www.meydan.tv\/az\/article\/birlesmis-ereb-respublikasi\/"},"author":{"name":"elli","@id":"https:\/\/www.meydan.tv\/az\/#\/schema\/person\/9cdbecf90d17180ce1dfbd95b08dcf47"},"headline":"Birl\u0259\u015fmi\u015f \u018fr\u0259b Respublikas\u0131","datePublished":"2022-05-22T10:00:56+00:00","dateModified":"2022-05-22T10:00:57+00:00","mainEntityOfPage":{"@id":"https:\/\/www.meydan.tv\/az\/article\/birlesmis-ereb-respublikasi\/"},"wordCount":2077,"publisher":{"@id":"https:\/\/www.meydan.tv\/az\/#organization"},"image":{"@id":"https:\/\/www.meydan.tv\/az\/article\/birlesmis-ereb-respublikasi\/#primaryimage"},"thumbnailUrl":"https:\/\/www.meydan.tv\/wp-content\/uploads\/3cb67e7d-b10f-4c21-a950-7ff09b6b8f8f-scaled-e1684405162756.jpeg","articleSection":["M\u0259nim Fikrimc\u0259"],"inLanguage":"az"},{"@type":"WebPage","@id":"https:\/\/www.meydan.tv\/az\/article\/birlesmis-ereb-respublikasi\/","url":"https:\/\/www.meydan.tv\/az\/article\/birlesmis-ereb-respublikasi\/","name":"Birl\u0259\u015fmi\u015f \u018fr\u0259b Respublikas\u0131 - MEYDAN.TV","isPartOf":{"@id":"https:\/\/www.meydan.tv\/az\/#website"},"primaryImageOfPage":{"@id":"https:\/\/www.meydan.tv\/az\/article\/birlesmis-ereb-respublikasi\/#primaryimage"},"image":{"@id":"https:\/\/www.meydan.tv\/az\/article\/birlesmis-ereb-respublikasi\/#primaryimage"},"thumbnailUrl":"https:\/\/www.meydan.tv\/wp-content\/uploads\/3cb67e7d-b10f-4c21-a950-7ff09b6b8f8f-scaled-e1684405162756.jpeg","datePublished":"2022-05-22T10:00:56+00:00","dateModified":"2022-05-22T10:00:57+00:00","breadcrumb":{"@id":"https:\/\/www.meydan.tv\/az\/article\/birlesmis-ereb-respublikasi\/#breadcrumb"},"inLanguage":"az","potentialAction":[{"@type":"ReadAction","target":["https:\/\/www.meydan.tv\/az\/article\/birlesmis-ereb-respublikasi\/"]}]},{"@type":"ImageObject","inLanguage":"az","@id":"https:\/\/www.meydan.tv\/az\/article\/birlesmis-ereb-respublikasi\/#primaryimage","url":"https:\/\/www.meydan.tv\/wp-content\/uploads\/3cb67e7d-b10f-4c21-a950-7ff09b6b8f8f-scaled-e1684405162756.jpeg","contentUrl":"https:\/\/www.meydan.tv\/wp-content\/uploads\/3cb67e7d-b10f-4c21-a950-7ff09b6b8f8f-scaled-e1684405162756.jpeg","width":2560,"height":1203,"caption":"Foto: Meydan Tv"},{"@type":"BreadcrumbList","@id":"https:\/\/www.meydan.tv\/az\/article\/birlesmis-ereb-respublikasi\/#breadcrumb","itemListElement":[{"@type":"ListItem","position":1,"name":"Ana s\u0259hif\u0259","item":"https:\/\/www.meydan.tv\/az\/"},{"@type":"ListItem","position":2,"name":"M\u0259nim Fikrimc\u0259","item":"https:\/\/www.meydan.tv\/az\/section\/menim-fikrimce\/"},{"@type":"ListItem","position":3,"name":"Birl\u0259\u015fmi\u015f \u018fr\u0259b Respublikas\u0131"}]},{"@type":"WebSite","@id":"https:\/\/www.meydan.tv\/az\/#website","url":"https:\/\/www.meydan.tv\/az\/","name":"MEYDAN.TV","description":"Meydan TV Az\u0259rbaycan\u0131n media m\u0259kan\u0131ndak\u0131 alternativ s\u0259sidir","publisher":{"@id":"https:\/\/www.meydan.tv\/az\/#organization"},"potentialAction":[{"@type":"SearchAction","target":{"@type":"EntryPoint","urlTemplate":"https:\/\/www.meydan.tv\/az\/?s={search_term_string}"},"query-input":{"@type":"PropertyValueSpecification","valueRequired":true,"valueName":"search_term_string"}}],"inLanguage":"az"},{"@type":"Organization","@id":"https:\/\/www.meydan.tv\/az\/#organization","name":"Meydan TV","url":"https:\/\/www.meydan.tv\/az\/","logo":{"@type":"ImageObject","inLanguage":"az","@id":"https:\/\/www.meydan.tv\/az\/#\/schema\/logo\/image\/","url":"https:\/\/www.meydan.tv\/wp-content\/uploads\/2021\/07\/meydan-logo.svg","contentUrl":"https:\/\/www.meydan.tv\/wp-content\/uploads\/2021\/07\/meydan-logo.svg","width":195,"height":46,"caption":"Meydan TV"},"image":{"@id":"https:\/\/www.meydan.tv\/az\/#\/schema\/logo\/image\/"}},{"@type":"Person","@id":"https:\/\/www.meydan.tv\/az\/#\/schema\/person\/9cdbecf90d17180ce1dfbd95b08dcf47","name":"elli","sameAs":["https:\/\/x.com\/elli"]}]}},"_links":{"self":[{"href":"https:\/\/www.meydan.tv\/az\/wp-json\/wp\/v2\/posts\/245960","targetHints":{"allow":["GET"]}}],"collection":[{"href":"https:\/\/www.meydan.tv\/az\/wp-json\/wp\/v2\/posts"}],"about":[{"href":"https:\/\/www.meydan.tv\/az\/wp-json\/wp\/v2\/types\/post"}],"author":[{"embeddable":true,"href":"https:\/\/www.meydan.tv\/az\/wp-json\/wp\/v2\/users\/8"}],"replies":[{"embeddable":true,"href":"https:\/\/www.meydan.tv\/az\/wp-json\/wp\/v2\/comments?post=245960"}],"version-history":[{"count":1,"href":"https:\/\/www.meydan.tv\/az\/wp-json\/wp\/v2\/posts\/245960\/revisions"}],"predecessor-version":[{"id":245961,"href":"https:\/\/www.meydan.tv\/az\/wp-json\/wp\/v2\/posts\/245960\/revisions\/245961"}],"wp:featuredmedia":[{"embeddable":true,"href":"https:\/\/www.meydan.tv\/az\/wp-json\/wp\/v2\/media\/119327"}],"wp:attachment":[{"href":"https:\/\/www.meydan.tv\/az\/wp-json\/wp\/v2\/media?parent=245960"}],"wp:term":[{"taxonomy":"category","embeddable":true,"href":"https:\/\/www.meydan.tv\/az\/wp-json\/wp\/v2\/categories?post=245960"},{"taxonomy":"post_tag","embeddable":true,"href":"https:\/\/www.meydan.tv\/az\/wp-json\/wp\/v2\/tags?post=245960"}],"curies":[{"name":"wp","href":"https:\/\/api.w.org\/{rel}","templated":true}]}}