{"id":245938,"date":"2022-05-20T23:29:30","date_gmt":"2022-05-20T19:29:30","guid":{"rendered":"https:\/\/www.meydan.tv\/?p=245938"},"modified":"2022-05-20T23:29:32","modified_gmt":"2022-05-20T19:29:32","slug":"mehkeme-onunde-saxlanilan-iki-inanclidan-xeber-yoxdur","status":"publish","type":"post","link":"https:\/\/www.meydan.tv\/az\/article\/mehkeme-onunde-saxlanilan-iki-inanclidan-xeber-yoxdur\/","title":{"rendered":"M\u0259hk\u0259m\u0259 \u00f6n\u00fcnd\u0259 saxlan\u0131lan iki inancl\u0131dan x\u0259b\u0259r yoxdur"},"content":{"rendered":"\n<p><\/p>\n\n\n\n<p><em>Bir n\u0259f\u0259r\u0259 h\u0259bs c\u0259zas\u0131 verilib<\/em><\/p>\n\n\n\n<p>May\u0131n 20-d\u0259 Bak\u0131 A\u011f\u0131r Cinay\u0259tl\u0259r M\u0259hk\u0259m\u0259sinin qar\u015f\u0131s\u0131nda saxlan\u0131lan M\u00fcs\u0259lman Birliyi H\u0259r\u0259kat\u0131n\u0131n \u00fczvl\u0259rind\u0259n ikisi burax\u0131l\u0131b, birin\u0259 h\u0259bs c\u0259zas\u0131 verilib, daha ikisind\u0259n is\u0259 x\u0259b\u0259r yoxdur.<\/p>\n\n\n\n<p>Saxlan\u0131lan 5 n\u0259f\u0259r inancl\u0131 f\u0259al &#8211; A\u011f\u0259li Y\u0259hyayev, Mail K\u0259rimov, S\u00fcleyman \u018fl\u0259kb\u0259rov, \u0130mran M\u0259mm\u0259dli v\u0259 Elgiz M\u0259mm\u0259dov \u00f6nc\u0259 N\u0259simi rayonu, 22-ci polis b\u00f6lm\u0259sin\u0259 apar\u0131l\u0131b. Ax\u015fam saat 18 rad\u0259l\u0259rind\u0259 A\u011f\u0259li Y\u0259hyayev N\u0259simi Rayon M\u0259hk\u0259m\u0259sind\u0259 hakim qar\u015f\u0131s\u0131na \u00e7\u0131xar\u0131l\u0131b. B\u00f6lm\u0259d\u0259 onun haqq\u0131nda \u0130nzibati X\u0259talar M\u0259c\u0259ll\u0259sinin 510 (x\u0131rda xuliqanl\u0131q) v\u0259 535.1 (polisin qanuni t\u0259l\u0259bin\u0259 tabe olmama) madd\u0259l\u0259ril\u0259 prokokol t\u0259rtib edilib. Hakim d\u0259 bunun \u0259sas\u0131nda A\u011f\u0259li Y\u0259hyayevin 30 g\u00fcn inzibati h\u0259bsi haqda q\u0259rar \u00e7\u0131xar\u0131b.<\/p>\n\n\n\n<p>Saxlan\u0131lanlardan S\u00fcleyman \u018fl\u0259kb\u0259rov v\u0259 Mail K\u0259rimli may\u0131n 20-d\u0259 ax\u015fam saat 22 rad\u0259l\u0259rind\u0259 burax\u0131l\u0131b. Yax\u0131nlar\u0131n\u0131n Meydan TV-y\u0259 verdiyi m\u0259lumata g\u00f6r\u0259, onlar\u0131n h\u0259r ikisini 22-ci polis b\u00f6lm\u0259sind\u0259n \u00e7\u0131xar\u0131b, Ba\u015f M\u00fct\u0259\u015f\u0259kkil Cinay\u0259tkarl\u0131qla M\u00fcbariz\u0259 \u0130dar\u0259sin\u0259 apar\u0131blar:<\/p>\n\n\n\n<p>&#8220;H\u0259m yolda apar\u0131landa, h\u0259m d\u0259 idar\u0259d\u0259 i\u015fg\u0259nc\u0259l\u0259r\u0259 m\u0259ruz qal\u0131blar. O q\u0259d\u0259r d\u00f6y\u00fcbl\u0259r ki, i\u015fg\u0259nc\u0259 izl\u0259ri a\u00e7\u0131q-a\u015fkar g\u00f6r\u00fcn\u00fcr. X\u0259b\u0259rdarl\u0131q edibl\u0259r ki, bir daha he\u00e7 kimin m\u0259hk\u0259m\u0259sin\u0259 getm\u0259sinl\u0259r. Yoxsa daha pis olaca\u011f\u0131yla h\u0259d\u0259l\u0259yibl\u0259r&#8221;.<\/p>\n\n\n\n<p>Yax\u0131nlar\u0131n\u0131n s\u00f6zl\u0259rin\u0259 g\u00f6r\u0259, Mail K\u0259rimlini Bak\u0131\u0259traf\u0131 \u0259raziy\u0259 apar\u0131b, orada burax\u0131blar.<\/p>\n\n\n\n<p>Adlar\u0131 \u00e7\u0259kil\u0259n be\u015f n\u0259f\u0259r may\u0131n 20-d\u0259 M\u00fcs\u0259lman Birliyi H\u0259r\u0259kat\u0131n\u0131n \u00fczv\u00fc Razi H\u00fcmb\u0259tovun m\u0259hk\u0259m\u0259sind\u0259 i\u015ftirak etm\u0259k \u00fc\u00e7\u00fcn Bak\u0131 A\u011f\u0131r Cinay\u0259tl\u0259r M\u0259hk\u0259m\u0259sin\u0259 g\u0259lib. Lakin m\u0259hk\u0259m\u0259 prosesi ba\u015flamam\u0131\u015fdan \u00f6nc\u0259 \u0259raziy\u0259 c\u0259lb olunmu\u015f polisl\u0259r t\u0259r\u0259find\u0259n saxlan\u0131l\u0131blar.<\/p>\n\n\n\n<p>M\u0259hk\u0259m\u0259d\u0259 Razi H\u00fcmb\u0259tova h\u00f6km oxunub. H\u00f6km\u0259 \u0259sas\u0259n, Razi H\u00fcmb\u0259tov Cinay\u0259t M\u0259c\u0259ll\u0259sinin 234.4.3 (sat\u0131\u015f m\u0259qs\u0259dil\u0259 k\u00fclli miqdarda narkotik \u0259ld\u0259 etm\u0259, saxlama, da\u015f\u0131ma) madd\u0259sil\u0259 t\u0259qsirli bilinib v\u0259 6 il azadl\u0131qdan m\u0259hrum edilib.<\/p>\n\n\n\n<p>Lakin o, \u00f6z\u00fcn\u00fc t\u0259qsirli bilmir v\u0259 narkotik ittiham\u0131n\u0131n saxta oldu\u011funu deyir.<\/p>\n\n\n\n<p>Razi H\u00fcmb\u0259tov m\u0259hk\u0259m\u0259d\u0259 bildirib ki, 2021-ci il iyulun 7-d\u0259 ya\u015fad\u0131\u011f\u0131 Ceyranbatan q\u0259s\u0259b\u0259sind\u0259 5-6 m\u00fclki geyimli \u015f\u0259xs t\u0259r\u0259find\u0259n saxlan\u0131l\u0131b.<\/p>\n\n\n\n<p>Ba\u015f M\u00fct\u0259\u015f\u0259kkil Cinay\u0259tkarl\u0131qla M\u00fcbariz\u0259 \u0130dar\u0259sin\u0259 apar\u0131ld\u0131\u011f\u0131n\u0131 v\u0259 orada t\u0259zyiql\u0259r\u0259 m\u0259ruz qald\u0131\u011f\u0131n\u0131 dey\u0259n inancl\u0131 f\u0259al bildirib ki, narkotik madd\u0259ni \u00fcz\u0259rin\u0259 polisl\u0259r qoyub. O da t\u0259zyiq alt\u0131nda etiraf ifad\u0259sin\u0259 imza at\u0131b.<br>M\u00fcs\u0259lman Birliyi H\u0259r\u0259kat\u0131 da Razi H\u00fcmb\u0259tovun narkotikd\u0259n uzaq biri oldu\u011funu, \u0259ksin\u0259, bu problem\u0259 qar\u015f\u0131 aktiv m\u00fcbariz\u0259 apard\u0131\u011f\u0131n\u0131 b\u0259yan edib. H\u0259r\u0259kat \u00fczv\u00fcn\u00fcn h\u0259bsini onun sosial \u015f\u0259b\u0259k\u0259l\u0259rd\u0259ki payla\u015f\u0131mlar\u0131 il\u0259 \u0259laq\u0259l\u0259ndirir.<\/p>\n\n\n\n<p>&#8220;H\u0259r\u0259kat birm\u0259nal\u0131 olaraq \u00f6lk\u0259d\u0259 h\u0259r n\u00f6v h\u00fcquq v\u0259 azadl\u0131qlara y\u00f6n\u0259l\u0259n reperesiya add\u0131mlar\u0131n\u0131n arxas\u0131nda dayanan \u0130lham \u018fliyevin dikt\u0259 etdiyi siyas\u0259ti q\u0131nay\u0131r. Bir daha Az\u0259rbaycan c\u0259miyy\u0259tini qorxu v\u0259 \u0259sar\u0259t alt\u0131nda saxlayan rejimin yar\u0131tmaz davran\u0131\u015f\u0131ndan do\u011fan haqs\u0131z h\u0259bsl\u0259rin dayand\u0131rmas\u0131n\u0131 ondan t\u0259l\u0259b edirik&#8221;, &#8211; t\u0259\u015fkilat\u0131n yayd\u0131\u011f\u0131 b\u0259yanatda bildirilir.<\/p>\n\n\n\n<p>Razi H\u00fcmb\u0259tov h\u0259bsind\u0259n bir ne\u00e7\u0259 g\u00fcn \u0259vv\u0259lki payla\u015f\u0131m\u0131nda \u201c\u0130lham \u018fliyev, xalq s\u0259ni sevmir\u201d yazm\u0131\u015fd\u0131.<\/p>\n","protected":false},"excerpt":{"rendered":"<p>Bir n\u0259f\u0259r\u0259 h\u0259bs c\u0259zas\u0131 verilib May\u0131n 20-d\u0259 Bak\u0131 A\u011f\u0131r Cinay\u0259tl\u0259r &#8230; <\/p>\n<p class=\"read-more-container\"><a title=\"M\u0259hk\u0259m\u0259 \u00f6n\u00fcnd\u0259 saxlan\u0131lan iki inancl\u0131dan x\u0259b\u0259r yoxdur\" class=\"read-more button\" href=\"https:\/\/www.meydan.tv\/az\/article\/mehkeme-onunde-saxlanilan-iki-inanclidan-xeber-yoxdur\/#more-245938\" aria-label=\"Read more about M\u0259hk\u0259m\u0259 \u00f6n\u00fcnd\u0259 saxlan\u0131lan iki inancl\u0131dan x\u0259b\u0259r yoxdur\">Davam\u0131<\/a><\/p>\n","protected":false},"author":8,"featured_media":131384,"comment_status":"closed","ping_status":"closed","sticky":false,"template":"","format":"standard","meta":{"_acf_changed":false,"_sitemap_exclude":false,"_sitemap_priority":"","_sitemap_frequency":"","footnotes":""},"categories":[59,79,56],"tags":[],"class_list":["post-245938","post","type-post","status-publish","format-standard","has-post-thumbnail","hentry","category-siyaset","category-featured","category-xeberler","infinite-scroll-item","generate-columns","tablet-grid-50","mobile-grid-100","grid-parent","grid-33","no-featured-image-padding"],"acf":[],"yoast_head":"<!-- This site is optimized with the Yoast SEO plugin v27.4 - https:\/\/yoast.com\/product\/yoast-seo-wordpress\/ -->\n<title>M\u0259hk\u0259m\u0259 \u00f6n\u00fcnd\u0259 saxlan\u0131lan iki inancl\u0131dan x\u0259b\u0259r yoxdur - MEYDAN.TV<\/title>\n<meta name=\"robots\" content=\"index, follow, max-snippet:-1, max-image-preview:large, max-video-preview:-1\" \/>\n<link rel=\"canonical\" href=\"https:\/\/www.meydan.tv\/az\/article\/mehkeme-onunde-saxlanilan-iki-inanclidan-xeber-yoxdur\/\" \/>\n<meta property=\"og:locale\" content=\"az_AZ\" \/>\n<meta property=\"og:type\" content=\"article\" \/>\n<meta property=\"og:title\" content=\"M\u0259hk\u0259m\u0259 \u00f6n\u00fcnd\u0259 saxlan\u0131lan iki inancl\u0131dan x\u0259b\u0259r yoxdur - MEYDAN.TV\" \/>\n<meta property=\"og:description\" content=\"Bir n\u0259f\u0259r\u0259 h\u0259bs c\u0259zas\u0131 verilib May\u0131n 20-d\u0259 Bak\u0131 A\u011f\u0131r Cinay\u0259tl\u0259r ... Davam\u0131\" \/>\n<meta property=\"og:url\" content=\"https:\/\/www.meydan.tv\/az\/article\/mehkeme-onunde-saxlanilan-iki-inanclidan-xeber-yoxdur\/\" \/>\n<meta property=\"og:site_name\" content=\"MEYDAN.TV\" \/>\n<meta property=\"article:published_time\" content=\"2022-05-20T19:29:30+00:00\" \/>\n<meta property=\"article:modified_time\" content=\"2022-05-20T19:29:32+00:00\" \/>\n<meta property=\"og:image\" content=\"https:\/\/www.meydan.tv\/wp-content\/uploads\/410827945_4j7bzkk.jpg\" \/>\n\t<meta property=\"og:image:width\" content=\"1000\" \/>\n\t<meta property=\"og:image:height\" content=\"541\" \/>\n\t<meta property=\"og:image:type\" content=\"image\/jpeg\" \/>\n<meta name=\"author\" content=\"elli\" \/>\n<meta name=\"twitter:card\" content=\"summary_large_image\" \/>\n<meta name=\"twitter:creator\" content=\"@elli\" \/>\n<script type=\"application\/ld+json\" class=\"yoast-schema-graph\">{\"@context\":\"https:\\\/\\\/schema.org\",\"@graph\":[{\"@type\":\"Article\",\"@id\":\"https:\\\/\\\/www.meydan.tv\\\/az\\\/article\\\/mehkeme-onunde-saxlanilan-iki-inanclidan-xeber-yoxdur\\\/#article\",\"isPartOf\":{\"@id\":\"https:\\\/\\\/www.meydan.tv\\\/az\\\/article\\\/mehkeme-onunde-saxlanilan-iki-inanclidan-xeber-yoxdur\\\/\"},\"author\":{\"name\":\"elli\",\"@id\":\"https:\\\/\\\/www.meydan.tv\\\/az\\\/#\\\/schema\\\/person\\\/9cdbecf90d17180ce1dfbd95b08dcf47\"},\"headline\":\"M\u0259hk\u0259m\u0259 \u00f6n\u00fcnd\u0259 saxlan\u0131lan iki inancl\u0131dan x\u0259b\u0259r yoxdur\",\"datePublished\":\"2022-05-20T19:29:30+00:00\",\"dateModified\":\"2022-05-20T19:29:32+00:00\",\"mainEntityOfPage\":{\"@id\":\"https:\\\/\\\/www.meydan.tv\\\/az\\\/article\\\/mehkeme-onunde-saxlanilan-iki-inanclidan-xeber-yoxdur\\\/\"},\"wordCount\":707,\"publisher\":{\"@id\":\"https:\\\/\\\/www.meydan.tv\\\/az\\\/#organization\"},\"image\":{\"@id\":\"https:\\\/\\\/www.meydan.tv\\\/az\\\/article\\\/mehkeme-onunde-saxlanilan-iki-inanclidan-xeber-yoxdur\\\/#primaryimage\"},\"thumbnailUrl\":\"https:\\\/\\\/www.meydan.tv\\\/wp-content\\\/uploads\\\/410827945_4j7bzkk.jpg\",\"articleSection\":[\"Siyas\u0259t\",\"T\u00f6vsiy\u0259\",\"X\u0259b\u0259rl\u0259r\"],\"inLanguage\":\"az\"},{\"@type\":\"WebPage\",\"@id\":\"https:\\\/\\\/www.meydan.tv\\\/az\\\/article\\\/mehkeme-onunde-saxlanilan-iki-inanclidan-xeber-yoxdur\\\/\",\"url\":\"https:\\\/\\\/www.meydan.tv\\\/az\\\/article\\\/mehkeme-onunde-saxlanilan-iki-inanclidan-xeber-yoxdur\\\/\",\"name\":\"M\u0259hk\u0259m\u0259 \u00f6n\u00fcnd\u0259 saxlan\u0131lan iki inancl\u0131dan x\u0259b\u0259r yoxdur - MEYDAN.TV\",\"isPartOf\":{\"@id\":\"https:\\\/\\\/www.meydan.tv\\\/az\\\/#website\"},\"primaryImageOfPage\":{\"@id\":\"https:\\\/\\\/www.meydan.tv\\\/az\\\/article\\\/mehkeme-onunde-saxlanilan-iki-inanclidan-xeber-yoxdur\\\/#primaryimage\"},\"image\":{\"@id\":\"https:\\\/\\\/www.meydan.tv\\\/az\\\/article\\\/mehkeme-onunde-saxlanilan-iki-inanclidan-xeber-yoxdur\\\/#primaryimage\"},\"thumbnailUrl\":\"https:\\\/\\\/www.meydan.tv\\\/wp-content\\\/uploads\\\/410827945_4j7bzkk.jpg\",\"datePublished\":\"2022-05-20T19:29:30+00:00\",\"dateModified\":\"2022-05-20T19:29:32+00:00\",\"breadcrumb\":{\"@id\":\"https:\\\/\\\/www.meydan.tv\\\/az\\\/article\\\/mehkeme-onunde-saxlanilan-iki-inanclidan-xeber-yoxdur\\\/#breadcrumb\"},\"inLanguage\":\"az\",\"potentialAction\":[{\"@type\":\"ReadAction\",\"target\":[\"https:\\\/\\\/www.meydan.tv\\\/az\\\/article\\\/mehkeme-onunde-saxlanilan-iki-inanclidan-xeber-yoxdur\\\/\"]}]},{\"@type\":\"ImageObject\",\"inLanguage\":\"az\",\"@id\":\"https:\\\/\\\/www.meydan.tv\\\/az\\\/article\\\/mehkeme-onunde-saxlanilan-iki-inanclidan-xeber-yoxdur\\\/#primaryimage\",\"url\":\"https:\\\/\\\/www.meydan.tv\\\/wp-content\\\/uploads\\\/410827945_4j7bzkk.jpg\",\"contentUrl\":\"https:\\\/\\\/www.meydan.tv\\\/wp-content\\\/uploads\\\/410827945_4j7bzkk.jpg\",\"width\":1000,\"height\":541,\"caption\":\"Foto: Meydan TV\"},{\"@type\":\"BreadcrumbList\",\"@id\":\"https:\\\/\\\/www.meydan.tv\\\/az\\\/article\\\/mehkeme-onunde-saxlanilan-iki-inanclidan-xeber-yoxdur\\\/#breadcrumb\",\"itemListElement\":[{\"@type\":\"ListItem\",\"position\":1,\"name\":\"Ana s\u0259hif\u0259\",\"item\":\"https:\\\/\\\/www.meydan.tv\\\/az\\\/\"},{\"@type\":\"ListItem\",\"position\":2,\"name\":\"Siyas\u0259t\",\"item\":\"https:\\\/\\\/www.meydan.tv\\\/az\\\/section\\\/siyaset\\\/\"},{\"@type\":\"ListItem\",\"position\":3,\"name\":\"M\u0259hk\u0259m\u0259 \u00f6n\u00fcnd\u0259 saxlan\u0131lan iki inancl\u0131dan x\u0259b\u0259r yoxdur\"}]},{\"@type\":\"WebSite\",\"@id\":\"https:\\\/\\\/www.meydan.tv\\\/az\\\/#website\",\"url\":\"https:\\\/\\\/www.meydan.tv\\\/az\\\/\",\"name\":\"MEYDAN.TV\",\"description\":\"Meydan TV Az\u0259rbaycan\u0131n media m\u0259kan\u0131ndak\u0131 alternativ s\u0259sidir\",\"publisher\":{\"@id\":\"https:\\\/\\\/www.meydan.tv\\\/az\\\/#organization\"},\"potentialAction\":[{\"@type\":\"SearchAction\",\"target\":{\"@type\":\"EntryPoint\",\"urlTemplate\":\"https:\\\/\\\/www.meydan.tv\\\/az\\\/?s={search_term_string}\"},\"query-input\":{\"@type\":\"PropertyValueSpecification\",\"valueRequired\":true,\"valueName\":\"search_term_string\"}}],\"inLanguage\":\"az\"},{\"@type\":\"Organization\",\"@id\":\"https:\\\/\\\/www.meydan.tv\\\/az\\\/#organization\",\"name\":\"Meydan TV\",\"url\":\"https:\\\/\\\/www.meydan.tv\\\/az\\\/\",\"logo\":{\"@type\":\"ImageObject\",\"inLanguage\":\"az\",\"@id\":\"https:\\\/\\\/www.meydan.tv\\\/az\\\/#\\\/schema\\\/logo\\\/image\\\/\",\"url\":\"https:\\\/\\\/www.meydan.tv\\\/wp-content\\\/uploads\\\/2021\\\/07\\\/meydan-logo.svg\",\"contentUrl\":\"https:\\\/\\\/www.meydan.tv\\\/wp-content\\\/uploads\\\/2021\\\/07\\\/meydan-logo.svg\",\"width\":195,\"height\":46,\"caption\":\"Meydan TV\"},\"image\":{\"@id\":\"https:\\\/\\\/www.meydan.tv\\\/az\\\/#\\\/schema\\\/logo\\\/image\\\/\"}},{\"@type\":\"Person\",\"@id\":\"https:\\\/\\\/www.meydan.tv\\\/az\\\/#\\\/schema\\\/person\\\/9cdbecf90d17180ce1dfbd95b08dcf47\",\"name\":\"elli\",\"sameAs\":[\"https:\\\/\\\/x.com\\\/elli\"]}]}<\/script>\n<!-- \/ Yoast SEO plugin. -->","yoast_head_json":{"title":"M\u0259hk\u0259m\u0259 \u00f6n\u00fcnd\u0259 saxlan\u0131lan iki inancl\u0131dan x\u0259b\u0259r yoxdur - MEYDAN.TV","robots":{"index":"index","follow":"follow","max-snippet":"max-snippet:-1","max-image-preview":"max-image-preview:large","max-video-preview":"max-video-preview:-1"},"canonical":"https:\/\/www.meydan.tv\/az\/article\/mehkeme-onunde-saxlanilan-iki-inanclidan-xeber-yoxdur\/","og_locale":"az_AZ","og_type":"article","og_title":"M\u0259hk\u0259m\u0259 \u00f6n\u00fcnd\u0259 saxlan\u0131lan iki inancl\u0131dan x\u0259b\u0259r yoxdur - MEYDAN.TV","og_description":"Bir n\u0259f\u0259r\u0259 h\u0259bs c\u0259zas\u0131 verilib May\u0131n 20-d\u0259 Bak\u0131 A\u011f\u0131r Cinay\u0259tl\u0259r ... Davam\u0131","og_url":"https:\/\/www.meydan.tv\/az\/article\/mehkeme-onunde-saxlanilan-iki-inanclidan-xeber-yoxdur\/","og_site_name":"MEYDAN.TV","article_published_time":"2022-05-20T19:29:30+00:00","article_modified_time":"2022-05-20T19:29:32+00:00","og_image":[{"width":1000,"height":541,"url":"https:\/\/www.meydan.tv\/wp-content\/uploads\/410827945_4j7bzkk.jpg","type":"image\/jpeg"}],"author":"elli","twitter_card":"summary_large_image","twitter_creator":"@elli","schema":{"@context":"https:\/\/schema.org","@graph":[{"@type":"Article","@id":"https:\/\/www.meydan.tv\/az\/article\/mehkeme-onunde-saxlanilan-iki-inanclidan-xeber-yoxdur\/#article","isPartOf":{"@id":"https:\/\/www.meydan.tv\/az\/article\/mehkeme-onunde-saxlanilan-iki-inanclidan-xeber-yoxdur\/"},"author":{"name":"elli","@id":"https:\/\/www.meydan.tv\/az\/#\/schema\/person\/9cdbecf90d17180ce1dfbd95b08dcf47"},"headline":"M\u0259hk\u0259m\u0259 \u00f6n\u00fcnd\u0259 saxlan\u0131lan iki inancl\u0131dan x\u0259b\u0259r yoxdur","datePublished":"2022-05-20T19:29:30+00:00","dateModified":"2022-05-20T19:29:32+00:00","mainEntityOfPage":{"@id":"https:\/\/www.meydan.tv\/az\/article\/mehkeme-onunde-saxlanilan-iki-inanclidan-xeber-yoxdur\/"},"wordCount":707,"publisher":{"@id":"https:\/\/www.meydan.tv\/az\/#organization"},"image":{"@id":"https:\/\/www.meydan.tv\/az\/article\/mehkeme-onunde-saxlanilan-iki-inanclidan-xeber-yoxdur\/#primaryimage"},"thumbnailUrl":"https:\/\/www.meydan.tv\/wp-content\/uploads\/410827945_4j7bzkk.jpg","articleSection":["Siyas\u0259t","T\u00f6vsiy\u0259","X\u0259b\u0259rl\u0259r"],"inLanguage":"az"},{"@type":"WebPage","@id":"https:\/\/www.meydan.tv\/az\/article\/mehkeme-onunde-saxlanilan-iki-inanclidan-xeber-yoxdur\/","url":"https:\/\/www.meydan.tv\/az\/article\/mehkeme-onunde-saxlanilan-iki-inanclidan-xeber-yoxdur\/","name":"M\u0259hk\u0259m\u0259 \u00f6n\u00fcnd\u0259 saxlan\u0131lan iki inancl\u0131dan x\u0259b\u0259r yoxdur - MEYDAN.TV","isPartOf":{"@id":"https:\/\/www.meydan.tv\/az\/#website"},"primaryImageOfPage":{"@id":"https:\/\/www.meydan.tv\/az\/article\/mehkeme-onunde-saxlanilan-iki-inanclidan-xeber-yoxdur\/#primaryimage"},"image":{"@id":"https:\/\/www.meydan.tv\/az\/article\/mehkeme-onunde-saxlanilan-iki-inanclidan-xeber-yoxdur\/#primaryimage"},"thumbnailUrl":"https:\/\/www.meydan.tv\/wp-content\/uploads\/410827945_4j7bzkk.jpg","datePublished":"2022-05-20T19:29:30+00:00","dateModified":"2022-05-20T19:29:32+00:00","breadcrumb":{"@id":"https:\/\/www.meydan.tv\/az\/article\/mehkeme-onunde-saxlanilan-iki-inanclidan-xeber-yoxdur\/#breadcrumb"},"inLanguage":"az","potentialAction":[{"@type":"ReadAction","target":["https:\/\/www.meydan.tv\/az\/article\/mehkeme-onunde-saxlanilan-iki-inanclidan-xeber-yoxdur\/"]}]},{"@type":"ImageObject","inLanguage":"az","@id":"https:\/\/www.meydan.tv\/az\/article\/mehkeme-onunde-saxlanilan-iki-inanclidan-xeber-yoxdur\/#primaryimage","url":"https:\/\/www.meydan.tv\/wp-content\/uploads\/410827945_4j7bzkk.jpg","contentUrl":"https:\/\/www.meydan.tv\/wp-content\/uploads\/410827945_4j7bzkk.jpg","width":1000,"height":541,"caption":"Foto: Meydan TV"},{"@type":"BreadcrumbList","@id":"https:\/\/www.meydan.tv\/az\/article\/mehkeme-onunde-saxlanilan-iki-inanclidan-xeber-yoxdur\/#breadcrumb","itemListElement":[{"@type":"ListItem","position":1,"name":"Ana s\u0259hif\u0259","item":"https:\/\/www.meydan.tv\/az\/"},{"@type":"ListItem","position":2,"name":"Siyas\u0259t","item":"https:\/\/www.meydan.tv\/az\/section\/siyaset\/"},{"@type":"ListItem","position":3,"name":"M\u0259hk\u0259m\u0259 \u00f6n\u00fcnd\u0259 saxlan\u0131lan iki inancl\u0131dan x\u0259b\u0259r yoxdur"}]},{"@type":"WebSite","@id":"https:\/\/www.meydan.tv\/az\/#website","url":"https:\/\/www.meydan.tv\/az\/","name":"MEYDAN.TV","description":"Meydan TV Az\u0259rbaycan\u0131n media m\u0259kan\u0131ndak\u0131 alternativ s\u0259sidir","publisher":{"@id":"https:\/\/www.meydan.tv\/az\/#organization"},"potentialAction":[{"@type":"SearchAction","target":{"@type":"EntryPoint","urlTemplate":"https:\/\/www.meydan.tv\/az\/?s={search_term_string}"},"query-input":{"@type":"PropertyValueSpecification","valueRequired":true,"valueName":"search_term_string"}}],"inLanguage":"az"},{"@type":"Organization","@id":"https:\/\/www.meydan.tv\/az\/#organization","name":"Meydan TV","url":"https:\/\/www.meydan.tv\/az\/","logo":{"@type":"ImageObject","inLanguage":"az","@id":"https:\/\/www.meydan.tv\/az\/#\/schema\/logo\/image\/","url":"https:\/\/www.meydan.tv\/wp-content\/uploads\/2021\/07\/meydan-logo.svg","contentUrl":"https:\/\/www.meydan.tv\/wp-content\/uploads\/2021\/07\/meydan-logo.svg","width":195,"height":46,"caption":"Meydan TV"},"image":{"@id":"https:\/\/www.meydan.tv\/az\/#\/schema\/logo\/image\/"}},{"@type":"Person","@id":"https:\/\/www.meydan.tv\/az\/#\/schema\/person\/9cdbecf90d17180ce1dfbd95b08dcf47","name":"elli","sameAs":["https:\/\/x.com\/elli"]}]}},"_links":{"self":[{"href":"https:\/\/www.meydan.tv\/az\/wp-json\/wp\/v2\/posts\/245938","targetHints":{"allow":["GET"]}}],"collection":[{"href":"https:\/\/www.meydan.tv\/az\/wp-json\/wp\/v2\/posts"}],"about":[{"href":"https:\/\/www.meydan.tv\/az\/wp-json\/wp\/v2\/types\/post"}],"author":[{"embeddable":true,"href":"https:\/\/www.meydan.tv\/az\/wp-json\/wp\/v2\/users\/8"}],"replies":[{"embeddable":true,"href":"https:\/\/www.meydan.tv\/az\/wp-json\/wp\/v2\/comments?post=245938"}],"version-history":[{"count":1,"href":"https:\/\/www.meydan.tv\/az\/wp-json\/wp\/v2\/posts\/245938\/revisions"}],"predecessor-version":[{"id":245939,"href":"https:\/\/www.meydan.tv\/az\/wp-json\/wp\/v2\/posts\/245938\/revisions\/245939"}],"wp:featuredmedia":[{"embeddable":true,"href":"https:\/\/www.meydan.tv\/az\/wp-json\/wp\/v2\/media\/131384"}],"wp:attachment":[{"href":"https:\/\/www.meydan.tv\/az\/wp-json\/wp\/v2\/media?parent=245938"}],"wp:term":[{"taxonomy":"category","embeddable":true,"href":"https:\/\/www.meydan.tv\/az\/wp-json\/wp\/v2\/categories?post=245938"},{"taxonomy":"post_tag","embeddable":true,"href":"https:\/\/www.meydan.tv\/az\/wp-json\/wp\/v2\/tags?post=245938"}],"curies":[{"name":"wp","href":"https:\/\/api.w.org\/{rel}","templated":true}]}}