{"id":245919,"date":"2022-05-20T19:59:26","date_gmt":"2022-05-20T15:59:26","guid":{"rendered":"https:\/\/www.meydan.tv\/?p=245919"},"modified":"2022-05-20T22:24:38","modified_gmt":"2022-05-20T18:24:38","slug":"muharibeye-yox-deyen-rusiyali-mugenni-yeni-mahnisini-teqdim-edib","status":"publish","type":"post","link":"https:\/\/www.meydan.tv\/az\/article\/muharibeye-yox-deyen-rusiyali-mugenni-yeni-mahnisini-teqdim-edib\/","title":{"rendered":"Zemfiran\u0131n Ukrayna m\u00fcharib\u0259si haqq\u0131nda yeni klipi\ufffc"},"content":{"rendered":"\n<p><em>Kompozisiya Ukraynadak\u0131 h\u0259rbi \u0259m\u0259liyyatlardan b\u0259hs edir<\/em><\/p>\n\n\n\n<p>Rusiyan\u0131n rok m\u00fc\u011f\u0259nnisi Zemfira \u201c\u041c\u044f\u0441\u043e\u201d (The Meat) adl\u0131 yeni mahn\u0131s\u0131n\u0131 <a href=\"https:\/\/www.youtube.com\/watch?v=viy2FXOcI68\">t\u0259qdim edib<\/a>.<\/p>\n\n\n\n<p>Kompozisiya Ukraynadak\u0131 h\u0259rbi \u0259m\u0259liyyatlardan b\u0259hs edir.<\/p>\n\n\n\n<p>Mahn\u0131da \u201cT\u0259qvimd\u0259 bahar var, amma \u0259slind\u0259 s\u0259ng\u0259rl\u0259r v\u0259 y\u00fcks\u0259k d\u0259qiqlikli uzaqm\u0259nzilli raketl\u0259r var. Mariupolda gec\u0259 yar\u0131s\u0131\u2026\u201c, &#8211; c\u00fcml\u0259l\u0259ri var.<\/p>\n\n\n\n<p>Klip Renata Litvinova t\u0259r\u0259find\u0259n yarad\u0131lm\u0131\u015f h\u0259rbi m\u00f6vzulu r\u0259sml\u0259rd\u0259n ibar\u0259tdir.<\/p>\n\n\n\n<p>Videonun montaj i\u015fi v\u0259 rejissorlu\u011fu da Litvinovaya aiddir.<\/p>\n\n\n\n<p>Fevral\u0131n 24-d\u0259 Rusiya Ukraynaya h\u0259rbi m\u00fcdaxil\u0259y\u0259 ba\u015flad\u0131\u011f\u0131 g\u00fcn Zemfira sosial \u015f\u0259b\u0259k\u0259 \u201cM\u00fcharib\u0259y\u0259 yox!\u201d <a href=\"https:\/\/www.instagram.com\/p\/CaW8G_aMXPc\/\">deyib<\/a>.<\/p>\n\n\n\n<p>H\u0259min g\u00fcn o, Moskvada verdiyi konsertd\u0259 \u201c\u041d\u0435 \u0441\u0442\u0440\u0435\u043b\u044f\u0439\u0442\u0435\u201d mahn\u0131s\u0131n\u0131 oxuyub.<\/p>\n\n\n\n<p>Fevral\u0131n 24-d\u0259 Rusiyan\u0131n Ukraynada ba\u015flatd\u0131\u011f\u0131 h\u0259rbi \u0259m\u0259liyyatlardan sonra bir \u00e7ox rus s\u0259n\u0259t\u00e7i v\u0259 ictimaiyy\u0259t n\u00fcmay\u0259nd\u0259si ba\u015f ver\u0259nl\u0259r\u0259 s\u0259ssiz qalmay\u0131b.<\/p>\n\n\n\n<p>Onlar istifad\u0259\u00e7isi olduqlar\u0131 sosial \u015f\u0259b\u0259k\u0259l\u0259r vasit\u0259sil\u0259 m\u00fcharib\u0259y\u0259 qar\u015f\u0131 \u00e7\u0131xd\u0131qlar\u0131n\u0131 elan <a href=\"https:\/\/d9mc3ts4czbpr.cloudfront.net\/az\/article\/rusiyali-senetciler-muharibeye-etiraz-etdi\/\">edibl\u0259r<\/a>.<\/p>\n","protected":false},"excerpt":{"rendered":"<p>Kompozisiya Ukraynadak\u0131 h\u0259rbi \u0259m\u0259liyyatlardan b\u0259hs edir Rusiyan\u0131n rok m\u00fc\u011f\u0259nnisi Zemfira &#8230; <\/p>\n<p class=\"read-more-container\"><a title=\"Zemfiran\u0131n Ukrayna m\u00fcharib\u0259si haqq\u0131nda yeni klipi\ufffc\" class=\"read-more button\" href=\"https:\/\/www.meydan.tv\/az\/article\/muharibeye-yox-deyen-rusiyali-mugenni-yeni-mahnisini-teqdim-edib\/#more-245919\" aria-label=\"Read more about Zemfiran\u0131n Ukrayna m\u00fcharib\u0259si haqq\u0131nda yeni klipi\ufffc\">Davam\u0131<\/a><\/p>\n","protected":false},"author":14,"featured_media":245920,"comment_status":"closed","ping_status":"closed","sticky":false,"template":"","format":"standard","meta":{"_acf_changed":false,"_sitemap_exclude":false,"_sitemap_priority":"","_sitemap_frequency":"","footnotes":""},"categories":[52,56],"tags":[],"class_list":["post-245919","post","type-post","status-publish","format-standard","has-post-thumbnail","hentry","category-medeniyyet","category-xeberler","infinite-scroll-item","generate-columns","tablet-grid-50","mobile-grid-100","grid-parent","grid-33","no-featured-image-padding"],"acf":[],"yoast_head":"<!-- This site is optimized with the Yoast SEO plugin v27.5 - https:\/\/yoast.com\/product\/yoast-seo-wordpress\/ -->\n<title>Zemfiran\u0131n Ukrayna m\u00fcharib\u0259si haqq\u0131nda yeni klipi\ufffc - MEYDAN.TV<\/title>\n<meta name=\"robots\" content=\"index, follow, max-snippet:-1, max-image-preview:large, max-video-preview:-1\" \/>\n<link rel=\"canonical\" href=\"https:\/\/www.meydan.tv\/az\/article\/muharibeye-yox-deyen-rusiyali-mugenni-yeni-mahnisini-teqdim-edib\/\" \/>\n<meta property=\"og:locale\" content=\"az_AZ\" \/>\n<meta property=\"og:type\" content=\"article\" \/>\n<meta property=\"og:title\" content=\"Zemfiran\u0131n Ukrayna m\u00fcharib\u0259si haqq\u0131nda yeni klipi\ufffc - MEYDAN.TV\" \/>\n<meta property=\"og:description\" content=\"Kompozisiya Ukraynadak\u0131 h\u0259rbi \u0259m\u0259liyyatlardan b\u0259hs edir Rusiyan\u0131n rok m\u00fc\u011f\u0259nnisi Zemfira ... Davam\u0131\" \/>\n<meta property=\"og:url\" content=\"https:\/\/www.meydan.tv\/az\/article\/muharibeye-yox-deyen-rusiyali-mugenni-yeni-mahnisini-teqdim-edib\/\" \/>\n<meta property=\"og:site_name\" content=\"MEYDAN.TV\" \/>\n<meta property=\"article:published_time\" content=\"2022-05-20T15:59:26+00:00\" \/>\n<meta property=\"article:modified_time\" content=\"2022-05-20T18:24:38+00:00\" \/>\n<meta property=\"og:image\" content=\"https:\/\/www.meydan.tv\/wp-content\/uploads\/tass_28227289_d_850-1200x675-1.jpeg\" \/>\n\t<meta property=\"og:image:width\" content=\"1200\" \/>\n\t<meta property=\"og:image:height\" content=\"675\" \/>\n\t<meta property=\"og:image:type\" content=\"image\/jpeg\" \/>\n<meta name=\"author\" content=\"roma\" \/>\n<meta name=\"twitter:card\" content=\"summary_large_image\" \/>\n<script type=\"application\/ld+json\" class=\"yoast-schema-graph\">{\"@context\":\"https:\\\/\\\/schema.org\",\"@graph\":[{\"@type\":\"Article\",\"@id\":\"https:\\\/\\\/www.meydan.tv\\\/az\\\/article\\\/muharibeye-yox-deyen-rusiyali-mugenni-yeni-mahnisini-teqdim-edib\\\/#article\",\"isPartOf\":{\"@id\":\"https:\\\/\\\/www.meydan.tv\\\/az\\\/article\\\/muharibeye-yox-deyen-rusiyali-mugenni-yeni-mahnisini-teqdim-edib\\\/\"},\"author\":{\"name\":\"roma\",\"@id\":\"https:\\\/\\\/www.meydan.tv\\\/az\\\/#\\\/schema\\\/person\\\/8f23e01c4de63326c13c319fb65ee65d\"},\"headline\":\"Zemfiran\u0131n Ukrayna m\u00fcharib\u0259si haqq\u0131nda yeni klipi\ufffc\",\"datePublished\":\"2022-05-20T15:59:26+00:00\",\"dateModified\":\"2022-05-20T18:24:38+00:00\",\"mainEntityOfPage\":{\"@id\":\"https:\\\/\\\/www.meydan.tv\\\/az\\\/article\\\/muharibeye-yox-deyen-rusiyali-mugenni-yeni-mahnisini-teqdim-edib\\\/\"},\"wordCount\":239,\"publisher\":{\"@id\":\"https:\\\/\\\/www.meydan.tv\\\/az\\\/#organization\"},\"image\":{\"@id\":\"https:\\\/\\\/www.meydan.tv\\\/az\\\/article\\\/muharibeye-yox-deyen-rusiyali-mugenni-yeni-mahnisini-teqdim-edib\\\/#primaryimage\"},\"thumbnailUrl\":\"https:\\\/\\\/www.meydan.tv\\\/wp-content\\\/uploads\\\/tass_28227289_d_850-1200x675-1.jpeg\",\"articleSection\":[\"M\u0259d\u0259niyy\u0259t\",\"X\u0259b\u0259rl\u0259r\"],\"inLanguage\":\"az\"},{\"@type\":\"WebPage\",\"@id\":\"https:\\\/\\\/www.meydan.tv\\\/az\\\/article\\\/muharibeye-yox-deyen-rusiyali-mugenni-yeni-mahnisini-teqdim-edib\\\/\",\"url\":\"https:\\\/\\\/www.meydan.tv\\\/az\\\/article\\\/muharibeye-yox-deyen-rusiyali-mugenni-yeni-mahnisini-teqdim-edib\\\/\",\"name\":\"Zemfiran\u0131n Ukrayna m\u00fcharib\u0259si haqq\u0131nda yeni klipi\ufffc - MEYDAN.TV\",\"isPartOf\":{\"@id\":\"https:\\\/\\\/www.meydan.tv\\\/az\\\/#website\"},\"primaryImageOfPage\":{\"@id\":\"https:\\\/\\\/www.meydan.tv\\\/az\\\/article\\\/muharibeye-yox-deyen-rusiyali-mugenni-yeni-mahnisini-teqdim-edib\\\/#primaryimage\"},\"image\":{\"@id\":\"https:\\\/\\\/www.meydan.tv\\\/az\\\/article\\\/muharibeye-yox-deyen-rusiyali-mugenni-yeni-mahnisini-teqdim-edib\\\/#primaryimage\"},\"thumbnailUrl\":\"https:\\\/\\\/www.meydan.tv\\\/wp-content\\\/uploads\\\/tass_28227289_d_850-1200x675-1.jpeg\",\"datePublished\":\"2022-05-20T15:59:26+00:00\",\"dateModified\":\"2022-05-20T18:24:38+00:00\",\"breadcrumb\":{\"@id\":\"https:\\\/\\\/www.meydan.tv\\\/az\\\/article\\\/muharibeye-yox-deyen-rusiyali-mugenni-yeni-mahnisini-teqdim-edib\\\/#breadcrumb\"},\"inLanguage\":\"az\",\"potentialAction\":[{\"@type\":\"ReadAction\",\"target\":[\"https:\\\/\\\/www.meydan.tv\\\/az\\\/article\\\/muharibeye-yox-deyen-rusiyali-mugenni-yeni-mahnisini-teqdim-edib\\\/\"]}]},{\"@type\":\"ImageObject\",\"inLanguage\":\"az\",\"@id\":\"https:\\\/\\\/www.meydan.tv\\\/az\\\/article\\\/muharibeye-yox-deyen-rusiyali-mugenni-yeni-mahnisini-teqdim-edib\\\/#primaryimage\",\"url\":\"https:\\\/\\\/www.meydan.tv\\\/wp-content\\\/uploads\\\/tass_28227289_d_850-1200x675-1.jpeg\",\"contentUrl\":\"https:\\\/\\\/www.meydan.tv\\\/wp-content\\\/uploads\\\/tass_28227289_d_850-1200x675-1.jpeg\",\"width\":1200,\"height\":675,\"caption\":\"Rusiyan\u0131n rok m\u00fc\u011f\u0259nnisi Zemfira - Rg.ru\"},{\"@type\":\"BreadcrumbList\",\"@id\":\"https:\\\/\\\/www.meydan.tv\\\/az\\\/article\\\/muharibeye-yox-deyen-rusiyali-mugenni-yeni-mahnisini-teqdim-edib\\\/#breadcrumb\",\"itemListElement\":[{\"@type\":\"ListItem\",\"position\":1,\"name\":\"Ana s\u0259hif\u0259\",\"item\":\"https:\\\/\\\/www.meydan.tv\\\/az\\\/\"},{\"@type\":\"ListItem\",\"position\":2,\"name\":\"M\u0259d\u0259niyy\u0259t\",\"item\":\"https:\\\/\\\/www.meydan.tv\\\/az\\\/section\\\/medeniyyet\\\/\"},{\"@type\":\"ListItem\",\"position\":3,\"name\":\"Zemfiran\u0131n Ukrayna m\u00fcharib\u0259si haqq\u0131nda yeni klipi\ufffc\"}]},{\"@type\":\"WebSite\",\"@id\":\"https:\\\/\\\/www.meydan.tv\\\/az\\\/#website\",\"url\":\"https:\\\/\\\/www.meydan.tv\\\/az\\\/\",\"name\":\"MEYDAN.TV\",\"description\":\"Meydan TV Az\u0259rbaycan\u0131n media m\u0259kan\u0131ndak\u0131 alternativ s\u0259sidir\",\"publisher\":{\"@id\":\"https:\\\/\\\/www.meydan.tv\\\/az\\\/#organization\"},\"potentialAction\":[{\"@type\":\"SearchAction\",\"target\":{\"@type\":\"EntryPoint\",\"urlTemplate\":\"https:\\\/\\\/www.meydan.tv\\\/az\\\/?s={search_term_string}\"},\"query-input\":{\"@type\":\"PropertyValueSpecification\",\"valueRequired\":true,\"valueName\":\"search_term_string\"}}],\"inLanguage\":\"az\"},{\"@type\":\"Organization\",\"@id\":\"https:\\\/\\\/www.meydan.tv\\\/az\\\/#organization\",\"name\":\"Meydan TV\",\"url\":\"https:\\\/\\\/www.meydan.tv\\\/az\\\/\",\"logo\":{\"@type\":\"ImageObject\",\"inLanguage\":\"az\",\"@id\":\"https:\\\/\\\/www.meydan.tv\\\/az\\\/#\\\/schema\\\/logo\\\/image\\\/\",\"url\":\"https:\\\/\\\/www.meydan.tv\\\/wp-content\\\/uploads\\\/2021\\\/07\\\/meydan-logo.svg\",\"contentUrl\":\"https:\\\/\\\/www.meydan.tv\\\/wp-content\\\/uploads\\\/2021\\\/07\\\/meydan-logo.svg\",\"width\":195,\"height\":46,\"caption\":\"Meydan TV\"},\"image\":{\"@id\":\"https:\\\/\\\/www.meydan.tv\\\/az\\\/#\\\/schema\\\/logo\\\/image\\\/\"}},{\"@type\":\"Person\",\"@id\":\"https:\\\/\\\/www.meydan.tv\\\/az\\\/#\\\/schema\\\/person\\\/8f23e01c4de63326c13c319fb65ee65d\",\"name\":\"roma\"}]}<\/script>\n<!-- \/ Yoast SEO plugin. -->","yoast_head_json":{"title":"Zemfiran\u0131n Ukrayna m\u00fcharib\u0259si haqq\u0131nda yeni klipi\ufffc - MEYDAN.TV","robots":{"index":"index","follow":"follow","max-snippet":"max-snippet:-1","max-image-preview":"max-image-preview:large","max-video-preview":"max-video-preview:-1"},"canonical":"https:\/\/www.meydan.tv\/az\/article\/muharibeye-yox-deyen-rusiyali-mugenni-yeni-mahnisini-teqdim-edib\/","og_locale":"az_AZ","og_type":"article","og_title":"Zemfiran\u0131n Ukrayna m\u00fcharib\u0259si haqq\u0131nda yeni klipi\ufffc - MEYDAN.TV","og_description":"Kompozisiya Ukraynadak\u0131 h\u0259rbi \u0259m\u0259liyyatlardan b\u0259hs edir Rusiyan\u0131n rok m\u00fc\u011f\u0259nnisi Zemfira ... Davam\u0131","og_url":"https:\/\/www.meydan.tv\/az\/article\/muharibeye-yox-deyen-rusiyali-mugenni-yeni-mahnisini-teqdim-edib\/","og_site_name":"MEYDAN.TV","article_published_time":"2022-05-20T15:59:26+00:00","article_modified_time":"2022-05-20T18:24:38+00:00","og_image":[{"width":1200,"height":675,"url":"https:\/\/www.meydan.tv\/wp-content\/uploads\/tass_28227289_d_850-1200x675-1.jpeg","type":"image\/jpeg"}],"author":"roma","twitter_card":"summary_large_image","schema":{"@context":"https:\/\/schema.org","@graph":[{"@type":"Article","@id":"https:\/\/www.meydan.tv\/az\/article\/muharibeye-yox-deyen-rusiyali-mugenni-yeni-mahnisini-teqdim-edib\/#article","isPartOf":{"@id":"https:\/\/www.meydan.tv\/az\/article\/muharibeye-yox-deyen-rusiyali-mugenni-yeni-mahnisini-teqdim-edib\/"},"author":{"name":"roma","@id":"https:\/\/www.meydan.tv\/az\/#\/schema\/person\/8f23e01c4de63326c13c319fb65ee65d"},"headline":"Zemfiran\u0131n Ukrayna m\u00fcharib\u0259si haqq\u0131nda yeni klipi\ufffc","datePublished":"2022-05-20T15:59:26+00:00","dateModified":"2022-05-20T18:24:38+00:00","mainEntityOfPage":{"@id":"https:\/\/www.meydan.tv\/az\/article\/muharibeye-yox-deyen-rusiyali-mugenni-yeni-mahnisini-teqdim-edib\/"},"wordCount":239,"publisher":{"@id":"https:\/\/www.meydan.tv\/az\/#organization"},"image":{"@id":"https:\/\/www.meydan.tv\/az\/article\/muharibeye-yox-deyen-rusiyali-mugenni-yeni-mahnisini-teqdim-edib\/#primaryimage"},"thumbnailUrl":"https:\/\/www.meydan.tv\/wp-content\/uploads\/tass_28227289_d_850-1200x675-1.jpeg","articleSection":["M\u0259d\u0259niyy\u0259t","X\u0259b\u0259rl\u0259r"],"inLanguage":"az"},{"@type":"WebPage","@id":"https:\/\/www.meydan.tv\/az\/article\/muharibeye-yox-deyen-rusiyali-mugenni-yeni-mahnisini-teqdim-edib\/","url":"https:\/\/www.meydan.tv\/az\/article\/muharibeye-yox-deyen-rusiyali-mugenni-yeni-mahnisini-teqdim-edib\/","name":"Zemfiran\u0131n Ukrayna m\u00fcharib\u0259si haqq\u0131nda yeni klipi\ufffc - MEYDAN.TV","isPartOf":{"@id":"https:\/\/www.meydan.tv\/az\/#website"},"primaryImageOfPage":{"@id":"https:\/\/www.meydan.tv\/az\/article\/muharibeye-yox-deyen-rusiyali-mugenni-yeni-mahnisini-teqdim-edib\/#primaryimage"},"image":{"@id":"https:\/\/www.meydan.tv\/az\/article\/muharibeye-yox-deyen-rusiyali-mugenni-yeni-mahnisini-teqdim-edib\/#primaryimage"},"thumbnailUrl":"https:\/\/www.meydan.tv\/wp-content\/uploads\/tass_28227289_d_850-1200x675-1.jpeg","datePublished":"2022-05-20T15:59:26+00:00","dateModified":"2022-05-20T18:24:38+00:00","breadcrumb":{"@id":"https:\/\/www.meydan.tv\/az\/article\/muharibeye-yox-deyen-rusiyali-mugenni-yeni-mahnisini-teqdim-edib\/#breadcrumb"},"inLanguage":"az","potentialAction":[{"@type":"ReadAction","target":["https:\/\/www.meydan.tv\/az\/article\/muharibeye-yox-deyen-rusiyali-mugenni-yeni-mahnisini-teqdim-edib\/"]}]},{"@type":"ImageObject","inLanguage":"az","@id":"https:\/\/www.meydan.tv\/az\/article\/muharibeye-yox-deyen-rusiyali-mugenni-yeni-mahnisini-teqdim-edib\/#primaryimage","url":"https:\/\/www.meydan.tv\/wp-content\/uploads\/tass_28227289_d_850-1200x675-1.jpeg","contentUrl":"https:\/\/www.meydan.tv\/wp-content\/uploads\/tass_28227289_d_850-1200x675-1.jpeg","width":1200,"height":675,"caption":"Rusiyan\u0131n rok m\u00fc\u011f\u0259nnisi Zemfira - Rg.ru"},{"@type":"BreadcrumbList","@id":"https:\/\/www.meydan.tv\/az\/article\/muharibeye-yox-deyen-rusiyali-mugenni-yeni-mahnisini-teqdim-edib\/#breadcrumb","itemListElement":[{"@type":"ListItem","position":1,"name":"Ana s\u0259hif\u0259","item":"https:\/\/www.meydan.tv\/az\/"},{"@type":"ListItem","position":2,"name":"M\u0259d\u0259niyy\u0259t","item":"https:\/\/www.meydan.tv\/az\/section\/medeniyyet\/"},{"@type":"ListItem","position":3,"name":"Zemfiran\u0131n Ukrayna m\u00fcharib\u0259si haqq\u0131nda yeni klipi\ufffc"}]},{"@type":"WebSite","@id":"https:\/\/www.meydan.tv\/az\/#website","url":"https:\/\/www.meydan.tv\/az\/","name":"MEYDAN.TV","description":"Meydan TV Az\u0259rbaycan\u0131n media m\u0259kan\u0131ndak\u0131 alternativ s\u0259sidir","publisher":{"@id":"https:\/\/www.meydan.tv\/az\/#organization"},"potentialAction":[{"@type":"SearchAction","target":{"@type":"EntryPoint","urlTemplate":"https:\/\/www.meydan.tv\/az\/?s={search_term_string}"},"query-input":{"@type":"PropertyValueSpecification","valueRequired":true,"valueName":"search_term_string"}}],"inLanguage":"az"},{"@type":"Organization","@id":"https:\/\/www.meydan.tv\/az\/#organization","name":"Meydan TV","url":"https:\/\/www.meydan.tv\/az\/","logo":{"@type":"ImageObject","inLanguage":"az","@id":"https:\/\/www.meydan.tv\/az\/#\/schema\/logo\/image\/","url":"https:\/\/www.meydan.tv\/wp-content\/uploads\/2021\/07\/meydan-logo.svg","contentUrl":"https:\/\/www.meydan.tv\/wp-content\/uploads\/2021\/07\/meydan-logo.svg","width":195,"height":46,"caption":"Meydan TV"},"image":{"@id":"https:\/\/www.meydan.tv\/az\/#\/schema\/logo\/image\/"}},{"@type":"Person","@id":"https:\/\/www.meydan.tv\/az\/#\/schema\/person\/8f23e01c4de63326c13c319fb65ee65d","name":"roma"}]}},"_links":{"self":[{"href":"https:\/\/www.meydan.tv\/az\/wp-json\/wp\/v2\/posts\/245919","targetHints":{"allow":["GET"]}}],"collection":[{"href":"https:\/\/www.meydan.tv\/az\/wp-json\/wp\/v2\/posts"}],"about":[{"href":"https:\/\/www.meydan.tv\/az\/wp-json\/wp\/v2\/types\/post"}],"author":[{"embeddable":true,"href":"https:\/\/www.meydan.tv\/az\/wp-json\/wp\/v2\/users\/14"}],"replies":[{"embeddable":true,"href":"https:\/\/www.meydan.tv\/az\/wp-json\/wp\/v2\/comments?post=245919"}],"version-history":[{"count":4,"href":"https:\/\/www.meydan.tv\/az\/wp-json\/wp\/v2\/posts\/245919\/revisions"}],"predecessor-version":[{"id":245931,"href":"https:\/\/www.meydan.tv\/az\/wp-json\/wp\/v2\/posts\/245919\/revisions\/245931"}],"wp:featuredmedia":[{"embeddable":true,"href":"https:\/\/www.meydan.tv\/az\/wp-json\/wp\/v2\/media\/245920"}],"wp:attachment":[{"href":"https:\/\/www.meydan.tv\/az\/wp-json\/wp\/v2\/media?parent=245919"}],"wp:term":[{"taxonomy":"category","embeddable":true,"href":"https:\/\/www.meydan.tv\/az\/wp-json\/wp\/v2\/categories?post=245919"},{"taxonomy":"post_tag","embeddable":true,"href":"https:\/\/www.meydan.tv\/az\/wp-json\/wp\/v2\/tags?post=245919"}],"curies":[{"name":"wp","href":"https:\/\/api.w.org\/{rel}","templated":true}]}}