{"id":245907,"date":"2022-05-20T19:07:12","date_gmt":"2022-05-20T15:07:12","guid":{"rendered":"https:\/\/www.meydan.tv\/?p=245907"},"modified":"2022-05-20T22:25:51","modified_gmt":"2022-05-20T18:25:51","slug":"zelenskinin-heyatindan-behs-eden-komiks-hazirlanib","status":"publish","type":"post","link":"https:\/\/www.meydan.tv\/az\/article\/zelenskinin-heyatindan-behs-eden-komiks-hazirlanib\/","title":{"rendered":"Zelenskinin h\u0259yat\u0131ndan b\u0259hs ed\u0259n komiks haz\u0131rlan\u0131b"},"content":{"rendered":"\n<p class=\"wp-block-paragraph\"><em>Komiksd\u0259 onun aktyorluqdan prezidentliy\u0259d\u0259k olan h\u0259yat\u0131 \u0259ks olunub<\/em><\/p>\n\n\n\n<p class=\"wp-block-paragraph\">Ukrayna Prezidenti Volodimir Zelenskinin h\u0259yat\u0131ndan b\u0259hs ed\u0259n komiks <a href=\"https:\/\/www.reuters.com\/world\/europe\/ukraine-president-zelenskiys-life-story-told-new-comic-book-2022-05-18\/\">haz\u0131rlan\u0131b<\/a>.<\/p>\n\n\n\n<p class=\"wp-block-paragraph\">\u201cSiyasi hakimiyy\u0259t: Volodimir Zelenski\u201d adl\u0131 qrafik roman\u0131n ideya m\u00fc\u0259llifi \u201cTidalWave Comics\u201d \u015firk\u0259tidir.<\/p>\n\n\n\n<p class=\"wp-block-paragraph\">22 s\u0259hif\u0259lik komiksin m\u0259tn m\u00fc\u0259llifi Maykl Frizelldir.<\/p>\n\n\n\n<p class=\"wp-block-paragraph\">N\u0259\u015frin ill\u00fcstrasiyas\u0131n\u0131 r\u0259ssam Pablo Martinena haz\u0131rlay\u0131b.<\/p>\n\n\n\n<p class=\"wp-block-paragraph\">Komiksd\u0259 Zelenskinin komediya aktyorlu\u011fundan prezidentliy\u0259 q\u0259d\u0259r olan h\u0259yat\u0131 \u0259ks olunub.<\/p>\n\n\n\n<p class=\"wp-block-paragraph\">Jurnal \u201cAmazon\u201d platformas\u0131nda 7,99 dollara sat\u0131\u015fdad\u0131r.<\/p>\n\n\n\n<p class=\"wp-block-paragraph\">\u015eirk\u0259t g\u0259lirin bir hiss\u0259sini Beyn\u0259lxalq Q\u0131z\u0131l Xa\u00e7 C\u0259miyy\u0259tin\u0259 ian\u0259 ed\u0259c\u0259yini a\u00e7\u0131qlay\u0131b.<\/p>\n\n\n\n<p class=\"wp-block-paragraph\">Komiks (g\u00fclm\u0259li) \u2014 h\u0259r hans\u0131 hekay\u0259nin \u015f\u0259kill\u0259r vasit\u0259sil\u0259 t\u0259sviridir. Komiks \u00f6z\u00fcnd\u0259 eyni zamanda \u0259d\u0259bi v\u0259 t\u0259sviri s\u0259n\u0259tl\u0259ri da\u015f\u0131y\u0131r.<\/p>\n","protected":false},"excerpt":{"rendered":"<p>Komiksd\u0259 onun aktyorluqdan prezidentliy\u0259d\u0259k olan h\u0259yat\u0131 \u0259ks olunub Ukrayna Prezidenti &#8230; <\/p>\n<p class=\"read-more-container\"><a title=\"Zelenskinin h\u0259yat\u0131ndan b\u0259hs ed\u0259n komiks haz\u0131rlan\u0131b\" class=\"read-more button\" href=\"https:\/\/www.meydan.tv\/az\/article\/zelenskinin-heyatindan-behs-eden-komiks-hazirlanib\/#more-245907\" aria-label=\"Read more about Zelenskinin h\u0259yat\u0131ndan b\u0259hs ed\u0259n komiks haz\u0131rlan\u0131b\">Davam\u0131<\/a><\/p>\n","protected":false},"author":14,"featured_media":245908,"comment_status":"closed","ping_status":"closed","sticky":false,"template":"","format":"standard","meta":{"_acf_changed":false,"_sitemap_exclude":false,"_sitemap_priority":"","_sitemap_frequency":"","footnotes":""},"categories":[52,56],"tags":[],"class_list":["post-245907","post","type-post","status-publish","format-standard","has-post-thumbnail","hentry","category-medeniyyet","category-xeberler","infinite-scroll-item","generate-columns","tablet-grid-50","mobile-grid-100","grid-parent","grid-33","no-featured-image-padding"],"acf":[],"yoast_head":"<!-- This site is optimized with the Yoast SEO plugin v28.4 - https:\/\/yoast.com\/product\/yoast-seo-wordpress\/ -->\n<title>Zelenskinin h\u0259yat\u0131ndan b\u0259hs ed\u0259n komiks haz\u0131rlan\u0131b - MEYDAN.TV<\/title>\n<meta name=\"robots\" content=\"index, follow, max-snippet:-1, max-image-preview:large, max-video-preview:-1\" \/>\n<link rel=\"canonical\" href=\"https:\/\/www.meydan.tv\/az\/article\/zelenskinin-heyatindan-behs-eden-komiks-hazirlanib\/\" \/>\n<meta property=\"og:locale\" content=\"az_AZ\" \/>\n<meta property=\"og:type\" content=\"article\" \/>\n<meta property=\"og:title\" content=\"Zelenskinin h\u0259yat\u0131ndan b\u0259hs ed\u0259n komiks haz\u0131rlan\u0131b - MEYDAN.TV\" \/>\n<meta property=\"og:description\" content=\"Komiksd\u0259 onun aktyorluqdan prezidentliy\u0259d\u0259k olan h\u0259yat\u0131 \u0259ks olunub Ukrayna Prezidenti ... Davam\u0131\" \/>\n<meta property=\"og:url\" content=\"https:\/\/www.meydan.tv\/az\/article\/zelenskinin-heyatindan-behs-eden-komiks-hazirlanib\/\" \/>\n<meta property=\"og:site_name\" content=\"MEYDAN.TV\" \/>\n<meta property=\"article:published_time\" content=\"2022-05-20T15:07:12+00:00\" \/>\n<meta property=\"article:modified_time\" content=\"2022-05-20T18:25:51+00:00\" \/>\n<meta property=\"og:image\" content=\"https:\/\/www.meydan.tv\/wp-content\/uploads\/untitled-design-1-9-1200x600.png\" \/>\n\t<meta property=\"og:image:width\" content=\"1200\" \/>\n\t<meta property=\"og:image:height\" content=\"600\" \/>\n\t<meta property=\"og:image:type\" content=\"image\/png\" \/>\n<meta name=\"twitter:card\" content=\"summary_large_image\" \/>\n<!-- \/ Yoast SEO plugin. -->","yoast_head_json":{"title":"Zelenskinin h\u0259yat\u0131ndan b\u0259hs ed\u0259n komiks haz\u0131rlan\u0131b - MEYDAN.TV","robots":{"index":"index","follow":"follow","max-snippet":"max-snippet:-1","max-image-preview":"max-image-preview:large","max-video-preview":"max-video-preview:-1"},"canonical":"https:\/\/www.meydan.tv\/az\/article\/zelenskinin-heyatindan-behs-eden-komiks-hazirlanib\/","og_locale":"az_AZ","og_type":"article","og_title":"Zelenskinin h\u0259yat\u0131ndan b\u0259hs ed\u0259n komiks haz\u0131rlan\u0131b - MEYDAN.TV","og_description":"Komiksd\u0259 onun aktyorluqdan prezidentliy\u0259d\u0259k olan h\u0259yat\u0131 \u0259ks olunub Ukrayna Prezidenti ... Davam\u0131","og_url":"https:\/\/www.meydan.tv\/az\/article\/zelenskinin-heyatindan-behs-eden-komiks-hazirlanib\/","og_site_name":"MEYDAN.TV","article_published_time":"2022-05-20T15:07:12+00:00","article_modified_time":"2022-05-20T18:25:51+00:00","og_image":[{"width":1200,"height":600,"url":"https:\/\/www.meydan.tv\/wp-content\/uploads\/untitled-design-1-9-1200x600.png","type":"image\/png"}],"twitter_card":"summary_large_image","schema":{"@context":"https:\/\/schema.org","@graph":[{"@type":"Article","@id":"https:\/\/www.meydan.tv\/az\/article\/zelenskinin-heyatindan-behs-eden-komiks-hazirlanib\/#article","isPartOf":{"@id":"https:\/\/www.meydan.tv\/az\/article\/zelenskinin-heyatindan-behs-eden-komiks-hazirlanib\/"},"author":{"name":"roma","@id":"https:\/\/www.meydan.tv\/az\/#\/schema\/person\/8f23e01c4de63326c13c319fb65ee65d"},"headline":"Zelenskinin h\u0259yat\u0131ndan b\u0259hs ed\u0259n komiks haz\u0131rlan\u0131b","datePublished":"2022-05-20T15:07:12+00:00","dateModified":"2022-05-20T18:25:51+00:00","mainEntityOfPage":{"@id":"https:\/\/www.meydan.tv\/az\/article\/zelenskinin-heyatindan-behs-eden-komiks-hazirlanib\/"},"wordCount":153,"publisher":{"@id":"https:\/\/www.meydan.tv\/az\/#organization"},"image":{"@id":"https:\/\/www.meydan.tv\/az\/article\/zelenskinin-heyatindan-behs-eden-komiks-hazirlanib\/#primaryimage"},"thumbnailUrl":"https:\/\/www.meydan.tv\/wp-content\/uploads\/untitled-design-1-9.png","articleSection":["M\u0259d\u0259niyy\u0259t","X\u0259b\u0259rl\u0259r"],"inLanguage":"az"},{"@type":"WebPage","@id":"https:\/\/www.meydan.tv\/az\/article\/zelenskinin-heyatindan-behs-eden-komiks-hazirlanib\/","url":"https:\/\/www.meydan.tv\/az\/article\/zelenskinin-heyatindan-behs-eden-komiks-hazirlanib\/","name":"Zelenskinin h\u0259yat\u0131ndan b\u0259hs ed\u0259n komiks haz\u0131rlan\u0131b - MEYDAN.TV","isPartOf":{"@id":"https:\/\/www.meydan.tv\/az\/#website"},"primaryImageOfPage":{"@id":"https:\/\/www.meydan.tv\/az\/article\/zelenskinin-heyatindan-behs-eden-komiks-hazirlanib\/#primaryimage"},"image":{"@id":"https:\/\/www.meydan.tv\/az\/article\/zelenskinin-heyatindan-behs-eden-komiks-hazirlanib\/#primaryimage"},"thumbnailUrl":"https:\/\/www.meydan.tv\/wp-content\/uploads\/untitled-design-1-9.png","datePublished":"2022-05-20T15:07:12+00:00","dateModified":"2022-05-20T18:25:51+00:00","breadcrumb":{"@id":"https:\/\/www.meydan.tv\/az\/article\/zelenskinin-heyatindan-behs-eden-komiks-hazirlanib\/#breadcrumb"},"inLanguage":"az","potentialAction":[{"@type":"ReadAction","target":["https:\/\/www.meydan.tv\/az\/article\/zelenskinin-heyatindan-behs-eden-komiks-hazirlanib\/"]}]},{"@type":"ImageObject","inLanguage":"az","@id":"https:\/\/www.meydan.tv\/az\/article\/zelenskinin-heyatindan-behs-eden-komiks-hazirlanib\/#primaryimage","url":"https:\/\/www.meydan.tv\/wp-content\/uploads\/untitled-design-1-9.png","contentUrl":"https:\/\/www.meydan.tv\/wp-content\/uploads\/untitled-design-1-9.png","width":2000,"height":1000,"caption":"Reuters"},{"@type":"BreadcrumbList","@id":"https:\/\/www.meydan.tv\/az\/article\/zelenskinin-heyatindan-behs-eden-komiks-hazirlanib\/#breadcrumb","itemListElement":[{"@type":"ListItem","position":1,"name":"Ana s\u0259hif\u0259","item":"https:\/\/www.meydan.tv\/az\/"},{"@type":"ListItem","position":2,"name":"M\u0259d\u0259niyy\u0259t","item":"https:\/\/www.meydan.tv\/az\/section\/medeniyyet\/"},{"@type":"ListItem","position":3,"name":"Zelenskinin h\u0259yat\u0131ndan b\u0259hs ed\u0259n komiks haz\u0131rlan\u0131b"}]},{"@type":"WebSite","@id":"https:\/\/www.meydan.tv\/az\/#website","url":"https:\/\/www.meydan.tv\/az\/","name":"MEYDAN.TV","description":"Meydan TV Az\u0259rbaycan\u0131n media m\u0259kan\u0131ndak\u0131 alternativ s\u0259sidir","publisher":{"@id":"https:\/\/www.meydan.tv\/az\/#organization"},"potentialAction":[{"@type":"SearchAction","target":{"@type":"EntryPoint","urlTemplate":"https:\/\/www.meydan.tv\/az\/?s={search_term_string}"},"query-input":{"@type":"PropertyValueSpecification","valueRequired":true,"valueName":"search_term_string"}}],"inLanguage":"az"},{"@type":"Organization","@id":"https:\/\/www.meydan.tv\/az\/#organization","name":"Meydan TV","url":"https:\/\/www.meydan.tv\/az\/","logo":{"@type":"ImageObject","inLanguage":"az","@id":"https:\/\/www.meydan.tv\/az\/#\/schema\/logo\/image\/","url":"https:\/\/www.meydan.tv\/wp-content\/uploads\/2021\/07\/meydan-logo.svg","contentUrl":"https:\/\/www.meydan.tv\/wp-content\/uploads\/2021\/07\/meydan-logo.svg","width":195,"height":46,"caption":"Meydan TV"},"image":{"@id":"https:\/\/www.meydan.tv\/az\/#\/schema\/logo\/image\/"}},{"@type":"Person","@id":"https:\/\/www.meydan.tv\/az\/#\/schema\/person\/8f23e01c4de63326c13c319fb65ee65d","name":"roma"}]}},"_links":{"self":[{"href":"https:\/\/www.meydan.tv\/az\/wp-json\/wp\/v2\/posts\/245907","targetHints":{"allow":["GET"]}}],"collection":[{"href":"https:\/\/www.meydan.tv\/az\/wp-json\/wp\/v2\/posts"}],"about":[{"href":"https:\/\/www.meydan.tv\/az\/wp-json\/wp\/v2\/types\/post"}],"author":[{"embeddable":true,"href":"https:\/\/www.meydan.tv\/az\/wp-json\/wp\/v2\/users\/14"}],"replies":[{"embeddable":true,"href":"https:\/\/www.meydan.tv\/az\/wp-json\/wp\/v2\/comments?post=245907"}],"version-history":[{"count":3,"href":"https:\/\/www.meydan.tv\/az\/wp-json\/wp\/v2\/posts\/245907\/revisions"}],"predecessor-version":[{"id":245933,"href":"https:\/\/www.meydan.tv\/az\/wp-json\/wp\/v2\/posts\/245907\/revisions\/245933"}],"wp:featuredmedia":[{"embeddable":true,"href":"https:\/\/www.meydan.tv\/az\/wp-json\/wp\/v2\/media\/245908"}],"wp:attachment":[{"href":"https:\/\/www.meydan.tv\/az\/wp-json\/wp\/v2\/media?parent=245907"}],"wp:term":[{"taxonomy":"category","embeddable":true,"href":"https:\/\/www.meydan.tv\/az\/wp-json\/wp\/v2\/categories?post=245907"},{"taxonomy":"post_tag","embeddable":true,"href":"https:\/\/www.meydan.tv\/az\/wp-json\/wp\/v2\/tags?post=245907"}],"curies":[{"name":"wp","href":"https:\/\/api.w.org\/{rel}","templated":true}]}}