{"id":245897,"date":"2022-05-20T18:09:28","date_gmt":"2022-05-20T14:09:28","guid":{"rendered":"https:\/\/www.meydan.tv\/?p=245897"},"modified":"2022-05-20T18:09:29","modified_gmt":"2022-05-20T14:09:29","slug":"kuryerlerin-istismara-qarsi-mucadilesi%ef%bf%bc","status":"publish","type":"post","link":"https:\/\/www.meydan.tv\/az\/article\/kuryerlerin-istismara-qarsi-mucadilesi%ef%bf%bc\/","title":{"rendered":"Kuryerl\u0259rin istismara qar\u015f\u0131 m\u00fccadil\u0259si\ufffc"},"content":{"rendered":"\n<figure class=\"wp-block-embed is-type-video is-provider-youtube wp-block-embed-youtube wp-embed-aspect-16-9 wp-has-aspect-ratio\"><div class=\"wp-block-embed__wrapper\">\n<iframe title=\"Kuryerl\u0259rin istismara qar\u015f\u0131 m\u00fccadil\u0259si\" width=\"1200\" height=\"675\" data-src=\"https:\/\/www.youtube.com\/embed\/RGG2TvI6yQw?feature=oembed\" frameborder=\"0\" allow=\"accelerometer; autoplay; clipboard-write; encrypted-media; gyroscope; picture-in-picture\" allowfullscreen src=\"data:image\/svg+xml;base64,PHN2ZyB3aWR0aD0iMSIgaGVpZ2h0PSIxIiB4bWxucz0iaHR0cDovL3d3dy53My5vcmcvMjAwMC9zdmciPjwvc3ZnPg==\" class=\"lazyload\" data-load-mode=\"1\"><\/iframe>\n<\/div><\/figure>\n\n\n\n<!--more-->\n\n\n\n<p>Pandemiya il\u0259 birlikd\u0259 Az\u0259rbaycanda da da\u015f\u0131ma xidm\u0259ti inki\u015faf etdi. \u00d6lk\u0259d\u0259ki \u00e7atd\u0131r\u0131lma \u015firk\u0259tl\u0259ri bir- birinin ard\u0131nca populyarla\u015fd\u0131. Ham\u0131n\u0131n virusdan qorunmaq \u00fc\u00e7\u00fcn evl\u0259r\u0259 s\u0131\u011f\u0131nd\u0131\u011f\u0131 g\u00fcnl\u0259rd\u0259 bir s\u0131ra g\u0259ncl\u0259r i\u015f\u0259 giri\u015fdil\u0259r.<\/p>\n\n\n\n<p>\u0130ndil\u0259rd\u0259 is\u0259 o g\u0259ncl\u0259rin etiraz s\u0259sl\u0259ri e\u015fidilir. \u201cWolt\u201d, \u201cBolt Food\u201d kuryerl\u0259ri xidm\u0259t haqlar\u0131n\u0131n azald\u0131lmas\u0131ndan naraz\u0131d\u0131rlar.&nbsp;<\/p>\n\n\n\n<p>Kuryerl\u0259r d\u0259f\u0259l\u0259rl\u0259 etiraz y\u00fcr\u00fc\u015fl\u0259ri ke\u00e7irs\u0259l\u0259r d\u0259, t\u0259l\u0259bl\u0259rini \u015firk\u0259tl\u0259r\u0259 q\u0259bul etdir\u0259 bilmirl\u0259r. B\u0259s h\u00fcquq onlar \u00fc\u00e7\u00fcn n\u0259 deyir?<\/p>\n\n\n\n<p>\u0130\u015f\u0259 g\u00f6t\u00fcr\u0259nl\u0259r s\u0131\u011forta, vergi \u00f6d\u0259ni\u015fl\u0259ri, i\u015f\u00e7i qar\u015f\u0131s\u0131nda \u00f6hd\u0259likl\u0259rd\u0259n qa\u00e7maq \u00fc\u00e7\u00fcn \u0259m\u0259k m\u00fcqavil\u0259sind\u0259n yay\u0131n\u0131r. Xidm\u0259ti m\u00fcqavil\u0259 zaman\u0131 is\u0259 b\u00fct\u00fcn \u00f6d\u0259ni\u015fl\u0259r i\u015f\u00e7inin cibind\u0259n \u00e7\u0131x\u0131r, y\u0259ni \u015firk\u0259t he\u00e7 bir pul \u00f6d\u0259mir.<\/p>\n\n\n\n<p>\u0130\u015f\u00e7i il\u0259 i\u015f\u0259g\u00f6t\u00fcr\u0259n aras\u0131ndak\u0131 m\u00fcnasib\u0259tl\u0259r\u0259 n\u0259zar\u0259t D\u00f6vl\u0259t \u018fm\u0259k M\u00fcf\u0259tti\u015fliyi \u00fcz\u0259rin\u0259 d\u00fc\u015fs\u0259 d\u0259, qurumdan bildirilib ki, onlar\u0131n m\u0259s\u0259l\u0259ni ara\u015fd\u0131rmas\u0131 \u00fc\u00e7\u00fcn m\u00fcraci\u0259t daxil olmal\u0131d\u0131r.<\/p>\n\n\n\n<p>\u0130\u015f\u00e7i birlikl\u0259rinin etiraz\u0131, k\u00fctl\u0259vi t\u0259till\u0259r, \u015firk\u0259tl\u0259r qar\u015f\u0131s\u0131nda qald\u0131r\u0131lan t\u0259l\u0259bl\u0259r v\u0259 qalibiyy\u0259t. B\u00fct\u00fcn bunlar Az\u0259rbaycanda az-az m\u00fc\u015fahid\u0259 olunur. Kuryerl\u0259r bunun s\u0259b\u0259bini i\u015f f\u00fcrs\u0259tl\u0259rinin olmamas\u0131nda g\u00f6r\u00fcrl\u0259r.<\/p>\n","protected":false},"excerpt":{"rendered":"","protected":false},"author":14,"featured_media":245898,"comment_status":"closed","ping_status":"closed","sticky":false,"template":"","format":"standard","meta":{"_acf_changed":false,"_sitemap_exclude":false,"_sitemap_priority":"","_sitemap_frequency":"","footnotes":""},"categories":[61,63],"tags":[],"class_list":["post-245897","post","type-post","status-publish","format-standard","has-post-thumbnail","hentry","category-reportaj","category-video-2","infinite-scroll-item","generate-columns","tablet-grid-50","mobile-grid-100","grid-parent","grid-33","no-featured-image-padding"],"acf":[],"yoast_head":"<!-- This site is optimized with the Yoast SEO plugin v27.4 - https:\/\/yoast.com\/product\/yoast-seo-wordpress\/ -->\n<title>Kuryerl\u0259rin istismara qar\u015f\u0131 m\u00fccadil\u0259si\ufffc - MEYDAN.TV<\/title>\n<meta name=\"robots\" content=\"index, follow, max-snippet:-1, max-image-preview:large, max-video-preview:-1\" \/>\n<link rel=\"canonical\" href=\"https:\/\/www.meydan.tv\/az\/article\/kuryerlerin-istismara-qarsi-mucadilesi%ef%bf%bc\/\" \/>\n<meta property=\"og:locale\" content=\"az_AZ\" \/>\n<meta property=\"og:type\" content=\"article\" \/>\n<meta property=\"og:title\" content=\"Kuryerl\u0259rin istismara qar\u015f\u0131 m\u00fccadil\u0259si\ufffc - MEYDAN.TV\" \/>\n<meta property=\"og:url\" content=\"https:\/\/www.meydan.tv\/az\/article\/kuryerlerin-istismara-qarsi-mucadilesi%ef%bf%bc\/\" \/>\n<meta property=\"og:site_name\" content=\"MEYDAN.TV\" \/>\n<meta property=\"article:published_time\" content=\"2022-05-20T14:09:28+00:00\" \/>\n<meta property=\"article:modified_time\" content=\"2022-05-20T14:09:29+00:00\" \/>\n<meta property=\"og:image\" content=\"https:\/\/www.meydan.tv\/wp-content\/uploads\/screenshot-2022-05-20-at-16.06.41.png\" \/>\n\t<meta property=\"og:image:width\" content=\"1000\" \/>\n\t<meta property=\"og:image:height\" content=\"560\" \/>\n\t<meta property=\"og:image:type\" content=\"image\/png\" \/>\n<meta name=\"author\" content=\"roma\" \/>\n<meta name=\"twitter:card\" content=\"summary_large_image\" \/>\n<script type=\"application\/ld+json\" class=\"yoast-schema-graph\">{\"@context\":\"https:\\\/\\\/schema.org\",\"@graph\":[{\"@type\":\"Article\",\"@id\":\"https:\\\/\\\/www.meydan.tv\\\/az\\\/article\\\/kuryerlerin-istismara-qarsi-mucadilesi%ef%bf%bc\\\/#article\",\"isPartOf\":{\"@id\":\"https:\\\/\\\/www.meydan.tv\\\/az\\\/article\\\/kuryerlerin-istismara-qarsi-mucadilesi%ef%bf%bc\\\/\"},\"author\":{\"name\":\"roma\",\"@id\":\"https:\\\/\\\/www.meydan.tv\\\/az\\\/#\\\/schema\\\/person\\\/8f23e01c4de63326c13c319fb65ee65d\"},\"headline\":\"Kuryerl\u0259rin istismara qar\u015f\u0131 m\u00fccadil\u0259si\ufffc\",\"datePublished\":\"2022-05-20T14:09:28+00:00\",\"dateModified\":\"2022-05-20T14:09:29+00:00\",\"mainEntityOfPage\":{\"@id\":\"https:\\\/\\\/www.meydan.tv\\\/az\\\/article\\\/kuryerlerin-istismara-qarsi-mucadilesi%ef%bf%bc\\\/\"},\"wordCount\":294,\"publisher\":{\"@id\":\"https:\\\/\\\/www.meydan.tv\\\/az\\\/#organization\"},\"image\":{\"@id\":\"https:\\\/\\\/www.meydan.tv\\\/az\\\/article\\\/kuryerlerin-istismara-qarsi-mucadilesi%ef%bf%bc\\\/#primaryimage\"},\"thumbnailUrl\":\"https:\\\/\\\/www.meydan.tv\\\/wp-content\\\/uploads\\\/screenshot-2022-05-20-at-16.06.41.png\",\"articleSection\":[\"Reportaj\",\"Video\"],\"inLanguage\":\"az\"},{\"@type\":\"WebPage\",\"@id\":\"https:\\\/\\\/www.meydan.tv\\\/az\\\/article\\\/kuryerlerin-istismara-qarsi-mucadilesi%ef%bf%bc\\\/\",\"url\":\"https:\\\/\\\/www.meydan.tv\\\/az\\\/article\\\/kuryerlerin-istismara-qarsi-mucadilesi%ef%bf%bc\\\/\",\"name\":\"Kuryerl\u0259rin istismara qar\u015f\u0131 m\u00fccadil\u0259si\ufffc - MEYDAN.TV\",\"isPartOf\":{\"@id\":\"https:\\\/\\\/www.meydan.tv\\\/az\\\/#website\"},\"primaryImageOfPage\":{\"@id\":\"https:\\\/\\\/www.meydan.tv\\\/az\\\/article\\\/kuryerlerin-istismara-qarsi-mucadilesi%ef%bf%bc\\\/#primaryimage\"},\"image\":{\"@id\":\"https:\\\/\\\/www.meydan.tv\\\/az\\\/article\\\/kuryerlerin-istismara-qarsi-mucadilesi%ef%bf%bc\\\/#primaryimage\"},\"thumbnailUrl\":\"https:\\\/\\\/www.meydan.tv\\\/wp-content\\\/uploads\\\/screenshot-2022-05-20-at-16.06.41.png\",\"datePublished\":\"2022-05-20T14:09:28+00:00\",\"dateModified\":\"2022-05-20T14:09:29+00:00\",\"breadcrumb\":{\"@id\":\"https:\\\/\\\/www.meydan.tv\\\/az\\\/article\\\/kuryerlerin-istismara-qarsi-mucadilesi%ef%bf%bc\\\/#breadcrumb\"},\"inLanguage\":\"az\",\"potentialAction\":[{\"@type\":\"ReadAction\",\"target\":[\"https:\\\/\\\/www.meydan.tv\\\/az\\\/article\\\/kuryerlerin-istismara-qarsi-mucadilesi%ef%bf%bc\\\/\"]}]},{\"@type\":\"ImageObject\",\"inLanguage\":\"az\",\"@id\":\"https:\\\/\\\/www.meydan.tv\\\/az\\\/article\\\/kuryerlerin-istismara-qarsi-mucadilesi%ef%bf%bc\\\/#primaryimage\",\"url\":\"https:\\\/\\\/www.meydan.tv\\\/wp-content\\\/uploads\\\/screenshot-2022-05-20-at-16.06.41.png\",\"contentUrl\":\"https:\\\/\\\/www.meydan.tv\\\/wp-content\\\/uploads\\\/screenshot-2022-05-20-at-16.06.41.png\",\"width\":1000,\"height\":560},{\"@type\":\"BreadcrumbList\",\"@id\":\"https:\\\/\\\/www.meydan.tv\\\/az\\\/article\\\/kuryerlerin-istismara-qarsi-mucadilesi%ef%bf%bc\\\/#breadcrumb\",\"itemListElement\":[{\"@type\":\"ListItem\",\"position\":1,\"name\":\"Ana s\u0259hif\u0259\",\"item\":\"https:\\\/\\\/www.meydan.tv\\\/az\\\/\"},{\"@type\":\"ListItem\",\"position\":2,\"name\":\"Video\",\"item\":\"https:\\\/\\\/www.meydan.tv\\\/az\\\/section\\\/video-2\\\/\"},{\"@type\":\"ListItem\",\"position\":3,\"name\":\"Kuryerl\u0259rin istismara qar\u015f\u0131 m\u00fccadil\u0259si\ufffc\"}]},{\"@type\":\"WebSite\",\"@id\":\"https:\\\/\\\/www.meydan.tv\\\/az\\\/#website\",\"url\":\"https:\\\/\\\/www.meydan.tv\\\/az\\\/\",\"name\":\"MEYDAN.TV\",\"description\":\"Meydan TV Az\u0259rbaycan\u0131n media m\u0259kan\u0131ndak\u0131 alternativ s\u0259sidir\",\"publisher\":{\"@id\":\"https:\\\/\\\/www.meydan.tv\\\/az\\\/#organization\"},\"potentialAction\":[{\"@type\":\"SearchAction\",\"target\":{\"@type\":\"EntryPoint\",\"urlTemplate\":\"https:\\\/\\\/www.meydan.tv\\\/az\\\/?s={search_term_string}\"},\"query-input\":{\"@type\":\"PropertyValueSpecification\",\"valueRequired\":true,\"valueName\":\"search_term_string\"}}],\"inLanguage\":\"az\"},{\"@type\":\"Organization\",\"@id\":\"https:\\\/\\\/www.meydan.tv\\\/az\\\/#organization\",\"name\":\"Meydan TV\",\"url\":\"https:\\\/\\\/www.meydan.tv\\\/az\\\/\",\"logo\":{\"@type\":\"ImageObject\",\"inLanguage\":\"az\",\"@id\":\"https:\\\/\\\/www.meydan.tv\\\/az\\\/#\\\/schema\\\/logo\\\/image\\\/\",\"url\":\"https:\\\/\\\/www.meydan.tv\\\/wp-content\\\/uploads\\\/2021\\\/07\\\/meydan-logo.svg\",\"contentUrl\":\"https:\\\/\\\/www.meydan.tv\\\/wp-content\\\/uploads\\\/2021\\\/07\\\/meydan-logo.svg\",\"width\":195,\"height\":46,\"caption\":\"Meydan TV\"},\"image\":{\"@id\":\"https:\\\/\\\/www.meydan.tv\\\/az\\\/#\\\/schema\\\/logo\\\/image\\\/\"}},{\"@type\":\"Person\",\"@id\":\"https:\\\/\\\/www.meydan.tv\\\/az\\\/#\\\/schema\\\/person\\\/8f23e01c4de63326c13c319fb65ee65d\",\"name\":\"roma\"}]}<\/script>\n<!-- \/ Yoast SEO plugin. -->","yoast_head_json":{"title":"Kuryerl\u0259rin istismara qar\u015f\u0131 m\u00fccadil\u0259si\ufffc - MEYDAN.TV","robots":{"index":"index","follow":"follow","max-snippet":"max-snippet:-1","max-image-preview":"max-image-preview:large","max-video-preview":"max-video-preview:-1"},"canonical":"https:\/\/www.meydan.tv\/az\/article\/kuryerlerin-istismara-qarsi-mucadilesi%ef%bf%bc\/","og_locale":"az_AZ","og_type":"article","og_title":"Kuryerl\u0259rin istismara qar\u015f\u0131 m\u00fccadil\u0259si\ufffc - MEYDAN.TV","og_url":"https:\/\/www.meydan.tv\/az\/article\/kuryerlerin-istismara-qarsi-mucadilesi%ef%bf%bc\/","og_site_name":"MEYDAN.TV","article_published_time":"2022-05-20T14:09:28+00:00","article_modified_time":"2022-05-20T14:09:29+00:00","og_image":[{"width":1000,"height":560,"url":"https:\/\/www.meydan.tv\/wp-content\/uploads\/screenshot-2022-05-20-at-16.06.41.png","type":"image\/png"}],"author":"roma","twitter_card":"summary_large_image","schema":{"@context":"https:\/\/schema.org","@graph":[{"@type":"Article","@id":"https:\/\/www.meydan.tv\/az\/article\/kuryerlerin-istismara-qarsi-mucadilesi%ef%bf%bc\/#article","isPartOf":{"@id":"https:\/\/www.meydan.tv\/az\/article\/kuryerlerin-istismara-qarsi-mucadilesi%ef%bf%bc\/"},"author":{"name":"roma","@id":"https:\/\/www.meydan.tv\/az\/#\/schema\/person\/8f23e01c4de63326c13c319fb65ee65d"},"headline":"Kuryerl\u0259rin istismara qar\u015f\u0131 m\u00fccadil\u0259si\ufffc","datePublished":"2022-05-20T14:09:28+00:00","dateModified":"2022-05-20T14:09:29+00:00","mainEntityOfPage":{"@id":"https:\/\/www.meydan.tv\/az\/article\/kuryerlerin-istismara-qarsi-mucadilesi%ef%bf%bc\/"},"wordCount":294,"publisher":{"@id":"https:\/\/www.meydan.tv\/az\/#organization"},"image":{"@id":"https:\/\/www.meydan.tv\/az\/article\/kuryerlerin-istismara-qarsi-mucadilesi%ef%bf%bc\/#primaryimage"},"thumbnailUrl":"https:\/\/www.meydan.tv\/wp-content\/uploads\/screenshot-2022-05-20-at-16.06.41.png","articleSection":["Reportaj","Video"],"inLanguage":"az"},{"@type":"WebPage","@id":"https:\/\/www.meydan.tv\/az\/article\/kuryerlerin-istismara-qarsi-mucadilesi%ef%bf%bc\/","url":"https:\/\/www.meydan.tv\/az\/article\/kuryerlerin-istismara-qarsi-mucadilesi%ef%bf%bc\/","name":"Kuryerl\u0259rin istismara qar\u015f\u0131 m\u00fccadil\u0259si\ufffc - MEYDAN.TV","isPartOf":{"@id":"https:\/\/www.meydan.tv\/az\/#website"},"primaryImageOfPage":{"@id":"https:\/\/www.meydan.tv\/az\/article\/kuryerlerin-istismara-qarsi-mucadilesi%ef%bf%bc\/#primaryimage"},"image":{"@id":"https:\/\/www.meydan.tv\/az\/article\/kuryerlerin-istismara-qarsi-mucadilesi%ef%bf%bc\/#primaryimage"},"thumbnailUrl":"https:\/\/www.meydan.tv\/wp-content\/uploads\/screenshot-2022-05-20-at-16.06.41.png","datePublished":"2022-05-20T14:09:28+00:00","dateModified":"2022-05-20T14:09:29+00:00","breadcrumb":{"@id":"https:\/\/www.meydan.tv\/az\/article\/kuryerlerin-istismara-qarsi-mucadilesi%ef%bf%bc\/#breadcrumb"},"inLanguage":"az","potentialAction":[{"@type":"ReadAction","target":["https:\/\/www.meydan.tv\/az\/article\/kuryerlerin-istismara-qarsi-mucadilesi%ef%bf%bc\/"]}]},{"@type":"ImageObject","inLanguage":"az","@id":"https:\/\/www.meydan.tv\/az\/article\/kuryerlerin-istismara-qarsi-mucadilesi%ef%bf%bc\/#primaryimage","url":"https:\/\/www.meydan.tv\/wp-content\/uploads\/screenshot-2022-05-20-at-16.06.41.png","contentUrl":"https:\/\/www.meydan.tv\/wp-content\/uploads\/screenshot-2022-05-20-at-16.06.41.png","width":1000,"height":560},{"@type":"BreadcrumbList","@id":"https:\/\/www.meydan.tv\/az\/article\/kuryerlerin-istismara-qarsi-mucadilesi%ef%bf%bc\/#breadcrumb","itemListElement":[{"@type":"ListItem","position":1,"name":"Ana s\u0259hif\u0259","item":"https:\/\/www.meydan.tv\/az\/"},{"@type":"ListItem","position":2,"name":"Video","item":"https:\/\/www.meydan.tv\/az\/section\/video-2\/"},{"@type":"ListItem","position":3,"name":"Kuryerl\u0259rin istismara qar\u015f\u0131 m\u00fccadil\u0259si\ufffc"}]},{"@type":"WebSite","@id":"https:\/\/www.meydan.tv\/az\/#website","url":"https:\/\/www.meydan.tv\/az\/","name":"MEYDAN.TV","description":"Meydan TV Az\u0259rbaycan\u0131n media m\u0259kan\u0131ndak\u0131 alternativ s\u0259sidir","publisher":{"@id":"https:\/\/www.meydan.tv\/az\/#organization"},"potentialAction":[{"@type":"SearchAction","target":{"@type":"EntryPoint","urlTemplate":"https:\/\/www.meydan.tv\/az\/?s={search_term_string}"},"query-input":{"@type":"PropertyValueSpecification","valueRequired":true,"valueName":"search_term_string"}}],"inLanguage":"az"},{"@type":"Organization","@id":"https:\/\/www.meydan.tv\/az\/#organization","name":"Meydan TV","url":"https:\/\/www.meydan.tv\/az\/","logo":{"@type":"ImageObject","inLanguage":"az","@id":"https:\/\/www.meydan.tv\/az\/#\/schema\/logo\/image\/","url":"https:\/\/www.meydan.tv\/wp-content\/uploads\/2021\/07\/meydan-logo.svg","contentUrl":"https:\/\/www.meydan.tv\/wp-content\/uploads\/2021\/07\/meydan-logo.svg","width":195,"height":46,"caption":"Meydan TV"},"image":{"@id":"https:\/\/www.meydan.tv\/az\/#\/schema\/logo\/image\/"}},{"@type":"Person","@id":"https:\/\/www.meydan.tv\/az\/#\/schema\/person\/8f23e01c4de63326c13c319fb65ee65d","name":"roma"}]}},"_links":{"self":[{"href":"https:\/\/www.meydan.tv\/az\/wp-json\/wp\/v2\/posts\/245897","targetHints":{"allow":["GET"]}}],"collection":[{"href":"https:\/\/www.meydan.tv\/az\/wp-json\/wp\/v2\/posts"}],"about":[{"href":"https:\/\/www.meydan.tv\/az\/wp-json\/wp\/v2\/types\/post"}],"author":[{"embeddable":true,"href":"https:\/\/www.meydan.tv\/az\/wp-json\/wp\/v2\/users\/14"}],"replies":[{"embeddable":true,"href":"https:\/\/www.meydan.tv\/az\/wp-json\/wp\/v2\/comments?post=245897"}],"version-history":[{"count":1,"href":"https:\/\/www.meydan.tv\/az\/wp-json\/wp\/v2\/posts\/245897\/revisions"}],"predecessor-version":[{"id":245901,"href":"https:\/\/www.meydan.tv\/az\/wp-json\/wp\/v2\/posts\/245897\/revisions\/245901"}],"wp:featuredmedia":[{"embeddable":true,"href":"https:\/\/www.meydan.tv\/az\/wp-json\/wp\/v2\/media\/245898"}],"wp:attachment":[{"href":"https:\/\/www.meydan.tv\/az\/wp-json\/wp\/v2\/media?parent=245897"}],"wp:term":[{"taxonomy":"category","embeddable":true,"href":"https:\/\/www.meydan.tv\/az\/wp-json\/wp\/v2\/categories?post=245897"},{"taxonomy":"post_tag","embeddable":true,"href":"https:\/\/www.meydan.tv\/az\/wp-json\/wp\/v2\/tags?post=245897"}],"curies":[{"name":"wp","href":"https:\/\/api.w.org\/{rel}","templated":true}]}}