{"id":245875,"date":"2022-05-20T16:34:06","date_gmt":"2022-05-20T12:34:06","guid":{"rendered":"https:\/\/www.meydan.tv\/?p=245875"},"modified":"2022-05-20T16:34:08","modified_gmt":"2022-05-20T12:34:08","slug":"lyubov-uspenskaya-meni-nedese-gunahlandirmaga-munaqiseye-salib-konsertimi-legv-etmeye-calisirlar","status":"publish","type":"post","link":"https:\/\/www.meydan.tv\/az\/article\/lyubov-uspenskaya-meni-nedese-gunahlandirmaga-munaqiseye-salib-konsertimi-legv-etmeye-calisirlar\/","title":{"rendered":"Lyubov Uspenskaya: \u201cM\u0259ni n\u0259d\u0259s\u0259 g\u00fcnahland\u0131rma\u011fa, m\u00fcnaqi\u015f\u0259y\u0259 sal\u0131b, konsertimi l\u0259\u011fv etm\u0259y\u0259 \u00e7al\u0131\u015f\u0131rlar\u201d"},"content":{"rendered":"\n<p><\/p>\n\n\n\n<p><em>M\u00fc\u011f\u0259nni onun ad\u0131ndan yaz\u0131lanlar\u0131n saxta oldu\u011funu deyir<\/em><\/p>\n\n\n\n<p>Rusiyal\u0131 m\u00fc\u011f\u0259nni Lyubov Uspenskayan\u0131n oktyabr\u0131n 9-da Bak\u0131 Konqress M\u0259rk\u0259zind\u0259 ke\u00e7iril\u0259c\u0259k konsertinin l\u0259\u011fv olunmas\u0131 x\u0259b\u0259ri yay\u0131l\u0131b.<\/p>\n\n\n\n<p>Bildirilir ki, konsertin l\u0259\u011fvin\u0259 Bak\u0131 sakininin M\u0259d\u0259niyy\u0259t Nazirliyin\u0259 m\u00fcraci\u0259ti s\u0259b\u0259b <a href=\"https:\/\/vesti.az\/sou-biznes\/v-baku-otmenen-koncert-lyubovi-uspenskoi-oskorbivsei-azerbaidzan-foto-463611\" target=\"_blank\" rel=\"noreferrer noopener\">olub<\/a>.<\/p>\n\n\n\n<p>Quruma m\u00fcraci\u0259t ed\u0259n \u015f\u0259xs Uspenskayan\u0131n K\u0130V v\u0259 sosial \u015f\u0259b\u0259k\u0259l\u0259rd\u0259 Az\u0259rbaycanla ba\u011fl\u0131 t\u0259hqiramiz ifad\u0259l\u0259r i\u015fl\u0259tdiyini iddia edib.<\/p>\n\n\n\n<p>Qeyd olunur ki, nazirlik rusiyal\u0131 m\u00fc\u011f\u0259nninin Az\u0259rbaycanla ba\u011fl\u0131 s\u00f6yl\u0259diyi fikirl\u0259ri \u0259ks etdir\u0259n n\u0259\u015frl\u0259 tan\u0131\u015f olandan sonra konsert l\u0259\u011fv edilib.<\/p>\n\n\n\n<p>H\u0259m\u00e7inin konsertin elan\u0131 \u201ciTicket\u201d platformas\u0131ndan silinib.<\/p>\n\n\n\n<p>\u0130nternet resurslar\u0131nda ara\u015fd\u0131rma aparan zaman m\u0259lum olub ki, Lyubov Uspenskaya Prezident \u0130lham \u018fliyevin Yerevan\u0131n Az\u0259rbaycan\u0131n tarixi torpa\u011f\u0131 olmas\u0131 il\u0259 ba\u011fl\u0131 s\u00f6yl\u0259diyi fikirl\u0259ri \u015f\u0259rh edib.<\/p>\n\n\n\n<p>\u201cYerevan q\u0259dim tarixi Az\u0259rbaycan \u015f\u0259h\u0259ridir? Bildiyim\u0259 g\u00f6r\u0259, Az\u0259rbaycanla dem\u0259k olar ki, eyni ya\u015fday\u0131q, baxmayaraq ki, b\u00fct\u00fcn hallarda m\u0259n daha yax\u015f\u0131 g\u00f6r\u00fcn\u00fcr\u0259m\u201d, &#8211; m\u00fc\u011f\u0259nni deyib.<\/p>\n\n\n\n<p>Lyubov Uspenskaya is\u0259 h\u0259min x\u0259b\u0259rl\u0259rin bir ne\u00e7\u0259 il \u00f6nc\u0259 yay\u0131ld\u0131\u011f\u0131n\u0131 v\u0259 saxta oldu\u011funu bildirib.<\/p>\n\n\n\n<p>H\u0259min fikirl\u0259rin onun m\u00f6vqeyi olmad\u0131\u011f\u0131n\u0131 <a href=\"https:\/\/www.instagram.com\/p\/CdvsX2VjKZf\/\" target=\"_blank\" rel=\"noreferrer noopener\">deyib<\/a>.<\/p>\n\n\n\n<p>M\u00fc\u011f\u0259nni konsertinin l\u0259\u011fv edilm\u0259sini \u00f6z\u00fcn\u0259 qar\u015f\u0131 t\u0259xribat hesab edib:<\/p>\n\n\n\n<p>\u201cBu g\u00fcn yuxudan oyananda sar\u0131 m\u0259tbuat\u0131n, ictimaiyy\u0259tin yayd\u0131\u011f\u0131 x\u0259b\u0259rd\u0259n \u015fok oldum. Guya m\u0259nim Az\u0259rbaycan v\u0259 Erm\u0259nistan xalqlar\u0131 aras\u0131nda m\u00fcnaqi\u015f\u0259 v\u0259ziyy\u0259tind\u0259 dediyim siyasi s\u00f6zl\u0259rim\u0259 g\u00f6r\u0259 Bak\u0131dak\u0131 konsertim l\u0259\u011fv olunub. M\u0259ni n\u0259d\u0259s\u0259 g\u00fcnahland\u0131rma\u011fa, m\u00fcnaqi\u015f\u0259y\u0259 sal\u0131b, konsertimi l\u0259\u011fv etm\u0259y\u0259 \u00e7al\u0131\u015f\u0131rlar. Ba\u015fa d\u00fc\u015f\u00fcr\u0259m ki, bunlar\u0131n ham\u0131s\u0131 \u00fc\u00e7 il bundan \u0259vv\u0259lki k\u00f6hn\u0259 v\u0259 saxta x\u0259b\u0259r\u0259 g\u00f6r\u0259 \u015fi\u015firdilir. B\u0259s bunu n\u0259 m\u0259qs\u0259dl\u0259 edirl\u0259r?\u201d<\/p>\n\n\n\n<p>\u0130fa\u00e7\u0131 h\u0259m\u00e7inin qeyd edib ki, ist\u0259nil\u0259n siyasi m\u00fcnaqi\u015f\u0259d\u0259n, aqressiyadan, m\u00fcharib\u0259l\u0259rd\u0259n uzaqd\u0131r:<\/p>\n\n\n\n<p>\u201cM\u0259n Az\u0259rbaycan dilind\u0259 \u201cA\u011f \u00e7i\u00e7\u0259yim\u201d mahn\u0131s\u0131n\u0131 oxumu\u015fam. M\u0259n h\u0259m Az\u0259rbaycan\u0131, h\u0259m d\u0259 bir m\u00fcdd\u0259t ya\u015fama\u011fa m\u00fcv\u0259ff\u0259q oldu\u011fum Erm\u0259nistan\u0131 \u00e7ox sevir\u0259m. B\u00fct\u00fcn bu hadis\u0259l\u0259r\u0259 g\u00f6r\u0259 \u00fcr\u0259yim par\u00e7alan\u0131r. M\u0259nim m\u00f6vqeyim birdir &#8211; s\u00fclh t\u0259r\u0259fdar\u0131yam. \u00dcmid edir\u0259m ki, m\u0259ni d\u00fczg\u00fcn e\u015fid\u0259c\u0259ksiniz v\u0259 ifad\u0259l\u0259rimi v\u0259 s\u00f6zl\u0259rimi kontekstd\u0259n \u00e7\u0131xarmayacaqs\u0131z\u201d.<\/p>\n\n\n\n<p>M\u0259d\u0259niyy\u0259t Nazirliyind\u0259n Meydan TV-y\u0259 bildirilib ki, konsertin t\u0259\u015fkilat\u00e7\u0131s\u0131 onlar olmad\u0131qlar\u0131 \u00fc\u00e7\u00fcn m\u0259s\u0259l\u0259d\u0259n x\u0259b\u0259rsizdirl\u0259r:<\/p>\n\n\n\n<p>\u201cLyubov Uspensakaya nazirliyin x\u0259tti il\u0259 Az\u0259rbaycana g\u0259lmir. H\u0259m\u00e7inin konsertin ke\u00e7iril\u0259c\u0259yi m\u00fc\u0259ssis\u0259 d\u0259 nazirliyin tabeliyind\u0259 deyil\u201d.<\/p>\n\n\n\n<p>Bak\u0131 Konqres M\u0259rk\u0259zi Lyubov Uspenskayan\u0131n konsertinin t\u0259\u015fkilat\u00e7\u0131s\u0131 il\u0259 ba\u011fl\u0131 m\u0259lumat verm\u0259k ist\u0259m\u0259yib.<\/p>\n\n\n\n<p>\u015eanson musiqi ifa\u00e7\u0131s\u0131 olan Lyubov Uspenskaya m\u00fcxt\u0259lif ill\u0259rd\u0259 Bak\u0131da konsertl\u0259 \u00e7\u0131x\u0131\u015f edib.<\/p>\n","protected":false},"excerpt":{"rendered":"<p>M\u00fc\u011f\u0259nni onun ad\u0131ndan yaz\u0131lanlar\u0131n saxta oldu\u011funu deyir Rusiyal\u0131 m\u00fc\u011f\u0259nni Lyubov &#8230; <\/p>\n<p class=\"read-more-container\"><a title=\"Lyubov Uspenskaya: \u201cM\u0259ni n\u0259d\u0259s\u0259 g\u00fcnahland\u0131rma\u011fa, m\u00fcnaqi\u015f\u0259y\u0259 sal\u0131b, konsertimi l\u0259\u011fv etm\u0259y\u0259 \u00e7al\u0131\u015f\u0131rlar\u201d\" class=\"read-more button\" href=\"https:\/\/www.meydan.tv\/az\/article\/lyubov-uspenskaya-meni-nedese-gunahlandirmaga-munaqiseye-salib-konsertimi-legv-etmeye-calisirlar\/#more-245875\" aria-label=\"Read more about Lyubov Uspenskaya: \u201cM\u0259ni n\u0259d\u0259s\u0259 g\u00fcnahland\u0131rma\u011fa, m\u00fcnaqi\u015f\u0259y\u0259 sal\u0131b, konsertimi l\u0259\u011fv etm\u0259y\u0259 \u00e7al\u0131\u015f\u0131rlar\u201d\">Davam\u0131<\/a><\/p>\n","protected":false},"author":8,"featured_media":245880,"comment_status":"closed","ping_status":"closed","sticky":false,"template":"","format":"standard","meta":{"_acf_changed":false,"_sitemap_exclude":false,"_sitemap_priority":"","_sitemap_frequency":"","footnotes":""},"categories":[52,56],"tags":[],"class_list":["post-245875","post","type-post","status-publish","format-standard","has-post-thumbnail","hentry","category-medeniyyet","category-xeberler","infinite-scroll-item","generate-columns","tablet-grid-50","mobile-grid-100","grid-parent","grid-33","no-featured-image-padding"],"acf":[],"yoast_head":"<!-- This site is optimized with the Yoast SEO plugin v27.5 - https:\/\/yoast.com\/product\/yoast-seo-wordpress\/ -->\n<title>Lyubov Uspenskaya: \u201cM\u0259ni n\u0259d\u0259s\u0259 g\u00fcnahland\u0131rma\u011fa, m\u00fcnaqi\u015f\u0259y\u0259 sal\u0131b, konsertimi l\u0259\u011fv etm\u0259y\u0259 \u00e7al\u0131\u015f\u0131rlar\u201d - MEYDAN.TV<\/title>\n<meta name=\"robots\" content=\"index, follow, max-snippet:-1, max-image-preview:large, max-video-preview:-1\" \/>\n<link rel=\"canonical\" href=\"https:\/\/www.meydan.tv\/az\/article\/lyubov-uspenskaya-meni-nedese-gunahlandirmaga-munaqiseye-salib-konsertimi-legv-etmeye-calisirlar\/\" \/>\n<meta property=\"og:locale\" content=\"az_AZ\" \/>\n<meta property=\"og:type\" content=\"article\" \/>\n<meta property=\"og:title\" content=\"Lyubov Uspenskaya: \u201cM\u0259ni n\u0259d\u0259s\u0259 g\u00fcnahland\u0131rma\u011fa, m\u00fcnaqi\u015f\u0259y\u0259 sal\u0131b, konsertimi l\u0259\u011fv etm\u0259y\u0259 \u00e7al\u0131\u015f\u0131rlar\u201d - MEYDAN.TV\" \/>\n<meta property=\"og:description\" content=\"M\u00fc\u011f\u0259nni onun ad\u0131ndan yaz\u0131lanlar\u0131n saxta oldu\u011funu deyir Rusiyal\u0131 m\u00fc\u011f\u0259nni Lyubov ... Davam\u0131\" \/>\n<meta property=\"og:url\" content=\"https:\/\/www.meydan.tv\/az\/article\/lyubov-uspenskaya-meni-nedese-gunahlandirmaga-munaqiseye-salib-konsertimi-legv-etmeye-calisirlar\/\" \/>\n<meta property=\"og:site_name\" content=\"MEYDAN.TV\" \/>\n<meta property=\"article:published_time\" content=\"2022-05-20T12:34:06+00:00\" \/>\n<meta property=\"article:modified_time\" content=\"2022-05-20T12:34:08+00:00\" \/>\n<meta property=\"og:image\" content=\"https:\/\/www.meydan.tv\/wp-content\/uploads\/8d467e35f3ec5dd46a8542cfd38c28fa-e1653050028443.jpeg\" \/>\n\t<meta property=\"og:image:width\" content=\"1200\" \/>\n\t<meta property=\"og:image:height\" content=\"573\" \/>\n\t<meta property=\"og:image:type\" content=\"image\/jpeg\" \/>\n<meta name=\"author\" content=\"elli\" \/>\n<meta name=\"twitter:card\" content=\"summary_large_image\" \/>\n<meta name=\"twitter:creator\" content=\"@elli\" \/>\n<script type=\"application\/ld+json\" class=\"yoast-schema-graph\">{\"@context\":\"https:\\\/\\\/schema.org\",\"@graph\":[{\"@type\":\"Article\",\"@id\":\"https:\\\/\\\/www.meydan.tv\\\/az\\\/article\\\/lyubov-uspenskaya-meni-nedese-gunahlandirmaga-munaqiseye-salib-konsertimi-legv-etmeye-calisirlar\\\/#article\",\"isPartOf\":{\"@id\":\"https:\\\/\\\/www.meydan.tv\\\/az\\\/article\\\/lyubov-uspenskaya-meni-nedese-gunahlandirmaga-munaqiseye-salib-konsertimi-legv-etmeye-calisirlar\\\/\"},\"author\":{\"name\":\"elli\",\"@id\":\"https:\\\/\\\/www.meydan.tv\\\/az\\\/#\\\/schema\\\/person\\\/9cdbecf90d17180ce1dfbd95b08dcf47\"},\"headline\":\"Lyubov Uspenskaya: \u201cM\u0259ni n\u0259d\u0259s\u0259 g\u00fcnahland\u0131rma\u011fa, m\u00fcnaqi\u015f\u0259y\u0259 sal\u0131b, konsertimi l\u0259\u011fv etm\u0259y\u0259 \u00e7al\u0131\u015f\u0131rlar\u201d\",\"datePublished\":\"2022-05-20T12:34:06+00:00\",\"dateModified\":\"2022-05-20T12:34:08+00:00\",\"mainEntityOfPage\":{\"@id\":\"https:\\\/\\\/www.meydan.tv\\\/az\\\/article\\\/lyubov-uspenskaya-meni-nedese-gunahlandirmaga-munaqiseye-salib-konsertimi-legv-etmeye-calisirlar\\\/\"},\"wordCount\":576,\"publisher\":{\"@id\":\"https:\\\/\\\/www.meydan.tv\\\/az\\\/#organization\"},\"image\":{\"@id\":\"https:\\\/\\\/www.meydan.tv\\\/az\\\/article\\\/lyubov-uspenskaya-meni-nedese-gunahlandirmaga-munaqiseye-salib-konsertimi-legv-etmeye-calisirlar\\\/#primaryimage\"},\"thumbnailUrl\":\"https:\\\/\\\/www.meydan.tv\\\/wp-content\\\/uploads\\\/8d467e35f3ec5dd46a8542cfd38c28fa-e1653050028443.jpeg\",\"articleSection\":[\"M\u0259d\u0259niyy\u0259t\",\"X\u0259b\u0259rl\u0259r\"],\"inLanguage\":\"az\"},{\"@type\":\"WebPage\",\"@id\":\"https:\\\/\\\/www.meydan.tv\\\/az\\\/article\\\/lyubov-uspenskaya-meni-nedese-gunahlandirmaga-munaqiseye-salib-konsertimi-legv-etmeye-calisirlar\\\/\",\"url\":\"https:\\\/\\\/www.meydan.tv\\\/az\\\/article\\\/lyubov-uspenskaya-meni-nedese-gunahlandirmaga-munaqiseye-salib-konsertimi-legv-etmeye-calisirlar\\\/\",\"name\":\"Lyubov Uspenskaya: \u201cM\u0259ni n\u0259d\u0259s\u0259 g\u00fcnahland\u0131rma\u011fa, m\u00fcnaqi\u015f\u0259y\u0259 sal\u0131b, konsertimi l\u0259\u011fv etm\u0259y\u0259 \u00e7al\u0131\u015f\u0131rlar\u201d - MEYDAN.TV\",\"isPartOf\":{\"@id\":\"https:\\\/\\\/www.meydan.tv\\\/az\\\/#website\"},\"primaryImageOfPage\":{\"@id\":\"https:\\\/\\\/www.meydan.tv\\\/az\\\/article\\\/lyubov-uspenskaya-meni-nedese-gunahlandirmaga-munaqiseye-salib-konsertimi-legv-etmeye-calisirlar\\\/#primaryimage\"},\"image\":{\"@id\":\"https:\\\/\\\/www.meydan.tv\\\/az\\\/article\\\/lyubov-uspenskaya-meni-nedese-gunahlandirmaga-munaqiseye-salib-konsertimi-legv-etmeye-calisirlar\\\/#primaryimage\"},\"thumbnailUrl\":\"https:\\\/\\\/www.meydan.tv\\\/wp-content\\\/uploads\\\/8d467e35f3ec5dd46a8542cfd38c28fa-e1653050028443.jpeg\",\"datePublished\":\"2022-05-20T12:34:06+00:00\",\"dateModified\":\"2022-05-20T12:34:08+00:00\",\"breadcrumb\":{\"@id\":\"https:\\\/\\\/www.meydan.tv\\\/az\\\/article\\\/lyubov-uspenskaya-meni-nedese-gunahlandirmaga-munaqiseye-salib-konsertimi-legv-etmeye-calisirlar\\\/#breadcrumb\"},\"inLanguage\":\"az\",\"potentialAction\":[{\"@type\":\"ReadAction\",\"target\":[\"https:\\\/\\\/www.meydan.tv\\\/az\\\/article\\\/lyubov-uspenskaya-meni-nedese-gunahlandirmaga-munaqiseye-salib-konsertimi-legv-etmeye-calisirlar\\\/\"]}]},{\"@type\":\"ImageObject\",\"inLanguage\":\"az\",\"@id\":\"https:\\\/\\\/www.meydan.tv\\\/az\\\/article\\\/lyubov-uspenskaya-meni-nedese-gunahlandirmaga-munaqiseye-salib-konsertimi-legv-etmeye-calisirlar\\\/#primaryimage\",\"url\":\"https:\\\/\\\/www.meydan.tv\\\/wp-content\\\/uploads\\\/8d467e35f3ec5dd46a8542cfd38c28fa-e1653050028443.jpeg\",\"contentUrl\":\"https:\\\/\\\/www.meydan.tv\\\/wp-content\\\/uploads\\\/8d467e35f3ec5dd46a8542cfd38c28fa-e1653050028443.jpeg\",\"width\":1200,\"height\":573,\"caption\":\"Foto: \\\"bobrtimes.com\\\"\"},{\"@type\":\"BreadcrumbList\",\"@id\":\"https:\\\/\\\/www.meydan.tv\\\/az\\\/article\\\/lyubov-uspenskaya-meni-nedese-gunahlandirmaga-munaqiseye-salib-konsertimi-legv-etmeye-calisirlar\\\/#breadcrumb\",\"itemListElement\":[{\"@type\":\"ListItem\",\"position\":1,\"name\":\"Ana s\u0259hif\u0259\",\"item\":\"https:\\\/\\\/www.meydan.tv\\\/az\\\/\"},{\"@type\":\"ListItem\",\"position\":2,\"name\":\"M\u0259d\u0259niyy\u0259t\",\"item\":\"https:\\\/\\\/www.meydan.tv\\\/az\\\/section\\\/medeniyyet\\\/\"},{\"@type\":\"ListItem\",\"position\":3,\"name\":\"Lyubov Uspenskaya: \u201cM\u0259ni n\u0259d\u0259s\u0259 g\u00fcnahland\u0131rma\u011fa, m\u00fcnaqi\u015f\u0259y\u0259 sal\u0131b, konsertimi l\u0259\u011fv etm\u0259y\u0259 \u00e7al\u0131\u015f\u0131rlar\u201d\"}]},{\"@type\":\"WebSite\",\"@id\":\"https:\\\/\\\/www.meydan.tv\\\/az\\\/#website\",\"url\":\"https:\\\/\\\/www.meydan.tv\\\/az\\\/\",\"name\":\"MEYDAN.TV\",\"description\":\"Meydan TV Az\u0259rbaycan\u0131n media m\u0259kan\u0131ndak\u0131 alternativ s\u0259sidir\",\"publisher\":{\"@id\":\"https:\\\/\\\/www.meydan.tv\\\/az\\\/#organization\"},\"potentialAction\":[{\"@type\":\"SearchAction\",\"target\":{\"@type\":\"EntryPoint\",\"urlTemplate\":\"https:\\\/\\\/www.meydan.tv\\\/az\\\/?s={search_term_string}\"},\"query-input\":{\"@type\":\"PropertyValueSpecification\",\"valueRequired\":true,\"valueName\":\"search_term_string\"}}],\"inLanguage\":\"az\"},{\"@type\":\"Organization\",\"@id\":\"https:\\\/\\\/www.meydan.tv\\\/az\\\/#organization\",\"name\":\"Meydan TV\",\"url\":\"https:\\\/\\\/www.meydan.tv\\\/az\\\/\",\"logo\":{\"@type\":\"ImageObject\",\"inLanguage\":\"az\",\"@id\":\"https:\\\/\\\/www.meydan.tv\\\/az\\\/#\\\/schema\\\/logo\\\/image\\\/\",\"url\":\"https:\\\/\\\/www.meydan.tv\\\/wp-content\\\/uploads\\\/2021\\\/07\\\/meydan-logo.svg\",\"contentUrl\":\"https:\\\/\\\/www.meydan.tv\\\/wp-content\\\/uploads\\\/2021\\\/07\\\/meydan-logo.svg\",\"width\":195,\"height\":46,\"caption\":\"Meydan TV\"},\"image\":{\"@id\":\"https:\\\/\\\/www.meydan.tv\\\/az\\\/#\\\/schema\\\/logo\\\/image\\\/\"}},{\"@type\":\"Person\",\"@id\":\"https:\\\/\\\/www.meydan.tv\\\/az\\\/#\\\/schema\\\/person\\\/9cdbecf90d17180ce1dfbd95b08dcf47\",\"name\":\"elli\",\"sameAs\":[\"https:\\\/\\\/x.com\\\/elli\"]}]}<\/script>\n<!-- \/ Yoast SEO plugin. -->","yoast_head_json":{"title":"Lyubov Uspenskaya: \u201cM\u0259ni n\u0259d\u0259s\u0259 g\u00fcnahland\u0131rma\u011fa, m\u00fcnaqi\u015f\u0259y\u0259 sal\u0131b, konsertimi l\u0259\u011fv etm\u0259y\u0259 \u00e7al\u0131\u015f\u0131rlar\u201d - MEYDAN.TV","robots":{"index":"index","follow":"follow","max-snippet":"max-snippet:-1","max-image-preview":"max-image-preview:large","max-video-preview":"max-video-preview:-1"},"canonical":"https:\/\/www.meydan.tv\/az\/article\/lyubov-uspenskaya-meni-nedese-gunahlandirmaga-munaqiseye-salib-konsertimi-legv-etmeye-calisirlar\/","og_locale":"az_AZ","og_type":"article","og_title":"Lyubov Uspenskaya: \u201cM\u0259ni n\u0259d\u0259s\u0259 g\u00fcnahland\u0131rma\u011fa, m\u00fcnaqi\u015f\u0259y\u0259 sal\u0131b, konsertimi l\u0259\u011fv etm\u0259y\u0259 \u00e7al\u0131\u015f\u0131rlar\u201d - MEYDAN.TV","og_description":"M\u00fc\u011f\u0259nni onun ad\u0131ndan yaz\u0131lanlar\u0131n saxta oldu\u011funu deyir Rusiyal\u0131 m\u00fc\u011f\u0259nni Lyubov ... Davam\u0131","og_url":"https:\/\/www.meydan.tv\/az\/article\/lyubov-uspenskaya-meni-nedese-gunahlandirmaga-munaqiseye-salib-konsertimi-legv-etmeye-calisirlar\/","og_site_name":"MEYDAN.TV","article_published_time":"2022-05-20T12:34:06+00:00","article_modified_time":"2022-05-20T12:34:08+00:00","og_image":[{"width":1200,"height":573,"url":"https:\/\/www.meydan.tv\/wp-content\/uploads\/8d467e35f3ec5dd46a8542cfd38c28fa-e1653050028443.jpeg","type":"image\/jpeg"}],"author":"elli","twitter_card":"summary_large_image","twitter_creator":"@elli","schema":{"@context":"https:\/\/schema.org","@graph":[{"@type":"Article","@id":"https:\/\/www.meydan.tv\/az\/article\/lyubov-uspenskaya-meni-nedese-gunahlandirmaga-munaqiseye-salib-konsertimi-legv-etmeye-calisirlar\/#article","isPartOf":{"@id":"https:\/\/www.meydan.tv\/az\/article\/lyubov-uspenskaya-meni-nedese-gunahlandirmaga-munaqiseye-salib-konsertimi-legv-etmeye-calisirlar\/"},"author":{"name":"elli","@id":"https:\/\/www.meydan.tv\/az\/#\/schema\/person\/9cdbecf90d17180ce1dfbd95b08dcf47"},"headline":"Lyubov Uspenskaya: \u201cM\u0259ni n\u0259d\u0259s\u0259 g\u00fcnahland\u0131rma\u011fa, m\u00fcnaqi\u015f\u0259y\u0259 sal\u0131b, konsertimi l\u0259\u011fv etm\u0259y\u0259 \u00e7al\u0131\u015f\u0131rlar\u201d","datePublished":"2022-05-20T12:34:06+00:00","dateModified":"2022-05-20T12:34:08+00:00","mainEntityOfPage":{"@id":"https:\/\/www.meydan.tv\/az\/article\/lyubov-uspenskaya-meni-nedese-gunahlandirmaga-munaqiseye-salib-konsertimi-legv-etmeye-calisirlar\/"},"wordCount":576,"publisher":{"@id":"https:\/\/www.meydan.tv\/az\/#organization"},"image":{"@id":"https:\/\/www.meydan.tv\/az\/article\/lyubov-uspenskaya-meni-nedese-gunahlandirmaga-munaqiseye-salib-konsertimi-legv-etmeye-calisirlar\/#primaryimage"},"thumbnailUrl":"https:\/\/www.meydan.tv\/wp-content\/uploads\/8d467e35f3ec5dd46a8542cfd38c28fa-e1653050028443.jpeg","articleSection":["M\u0259d\u0259niyy\u0259t","X\u0259b\u0259rl\u0259r"],"inLanguage":"az"},{"@type":"WebPage","@id":"https:\/\/www.meydan.tv\/az\/article\/lyubov-uspenskaya-meni-nedese-gunahlandirmaga-munaqiseye-salib-konsertimi-legv-etmeye-calisirlar\/","url":"https:\/\/www.meydan.tv\/az\/article\/lyubov-uspenskaya-meni-nedese-gunahlandirmaga-munaqiseye-salib-konsertimi-legv-etmeye-calisirlar\/","name":"Lyubov Uspenskaya: \u201cM\u0259ni n\u0259d\u0259s\u0259 g\u00fcnahland\u0131rma\u011fa, m\u00fcnaqi\u015f\u0259y\u0259 sal\u0131b, konsertimi l\u0259\u011fv etm\u0259y\u0259 \u00e7al\u0131\u015f\u0131rlar\u201d - MEYDAN.TV","isPartOf":{"@id":"https:\/\/www.meydan.tv\/az\/#website"},"primaryImageOfPage":{"@id":"https:\/\/www.meydan.tv\/az\/article\/lyubov-uspenskaya-meni-nedese-gunahlandirmaga-munaqiseye-salib-konsertimi-legv-etmeye-calisirlar\/#primaryimage"},"image":{"@id":"https:\/\/www.meydan.tv\/az\/article\/lyubov-uspenskaya-meni-nedese-gunahlandirmaga-munaqiseye-salib-konsertimi-legv-etmeye-calisirlar\/#primaryimage"},"thumbnailUrl":"https:\/\/www.meydan.tv\/wp-content\/uploads\/8d467e35f3ec5dd46a8542cfd38c28fa-e1653050028443.jpeg","datePublished":"2022-05-20T12:34:06+00:00","dateModified":"2022-05-20T12:34:08+00:00","breadcrumb":{"@id":"https:\/\/www.meydan.tv\/az\/article\/lyubov-uspenskaya-meni-nedese-gunahlandirmaga-munaqiseye-salib-konsertimi-legv-etmeye-calisirlar\/#breadcrumb"},"inLanguage":"az","potentialAction":[{"@type":"ReadAction","target":["https:\/\/www.meydan.tv\/az\/article\/lyubov-uspenskaya-meni-nedese-gunahlandirmaga-munaqiseye-salib-konsertimi-legv-etmeye-calisirlar\/"]}]},{"@type":"ImageObject","inLanguage":"az","@id":"https:\/\/www.meydan.tv\/az\/article\/lyubov-uspenskaya-meni-nedese-gunahlandirmaga-munaqiseye-salib-konsertimi-legv-etmeye-calisirlar\/#primaryimage","url":"https:\/\/www.meydan.tv\/wp-content\/uploads\/8d467e35f3ec5dd46a8542cfd38c28fa-e1653050028443.jpeg","contentUrl":"https:\/\/www.meydan.tv\/wp-content\/uploads\/8d467e35f3ec5dd46a8542cfd38c28fa-e1653050028443.jpeg","width":1200,"height":573,"caption":"Foto: \"bobrtimes.com\""},{"@type":"BreadcrumbList","@id":"https:\/\/www.meydan.tv\/az\/article\/lyubov-uspenskaya-meni-nedese-gunahlandirmaga-munaqiseye-salib-konsertimi-legv-etmeye-calisirlar\/#breadcrumb","itemListElement":[{"@type":"ListItem","position":1,"name":"Ana s\u0259hif\u0259","item":"https:\/\/www.meydan.tv\/az\/"},{"@type":"ListItem","position":2,"name":"M\u0259d\u0259niyy\u0259t","item":"https:\/\/www.meydan.tv\/az\/section\/medeniyyet\/"},{"@type":"ListItem","position":3,"name":"Lyubov Uspenskaya: \u201cM\u0259ni n\u0259d\u0259s\u0259 g\u00fcnahland\u0131rma\u011fa, m\u00fcnaqi\u015f\u0259y\u0259 sal\u0131b, konsertimi l\u0259\u011fv etm\u0259y\u0259 \u00e7al\u0131\u015f\u0131rlar\u201d"}]},{"@type":"WebSite","@id":"https:\/\/www.meydan.tv\/az\/#website","url":"https:\/\/www.meydan.tv\/az\/","name":"MEYDAN.TV","description":"Meydan TV Az\u0259rbaycan\u0131n media m\u0259kan\u0131ndak\u0131 alternativ s\u0259sidir","publisher":{"@id":"https:\/\/www.meydan.tv\/az\/#organization"},"potentialAction":[{"@type":"SearchAction","target":{"@type":"EntryPoint","urlTemplate":"https:\/\/www.meydan.tv\/az\/?s={search_term_string}"},"query-input":{"@type":"PropertyValueSpecification","valueRequired":true,"valueName":"search_term_string"}}],"inLanguage":"az"},{"@type":"Organization","@id":"https:\/\/www.meydan.tv\/az\/#organization","name":"Meydan TV","url":"https:\/\/www.meydan.tv\/az\/","logo":{"@type":"ImageObject","inLanguage":"az","@id":"https:\/\/www.meydan.tv\/az\/#\/schema\/logo\/image\/","url":"https:\/\/www.meydan.tv\/wp-content\/uploads\/2021\/07\/meydan-logo.svg","contentUrl":"https:\/\/www.meydan.tv\/wp-content\/uploads\/2021\/07\/meydan-logo.svg","width":195,"height":46,"caption":"Meydan TV"},"image":{"@id":"https:\/\/www.meydan.tv\/az\/#\/schema\/logo\/image\/"}},{"@type":"Person","@id":"https:\/\/www.meydan.tv\/az\/#\/schema\/person\/9cdbecf90d17180ce1dfbd95b08dcf47","name":"elli","sameAs":["https:\/\/x.com\/elli"]}]}},"_links":{"self":[{"href":"https:\/\/www.meydan.tv\/az\/wp-json\/wp\/v2\/posts\/245875","targetHints":{"allow":["GET"]}}],"collection":[{"href":"https:\/\/www.meydan.tv\/az\/wp-json\/wp\/v2\/posts"}],"about":[{"href":"https:\/\/www.meydan.tv\/az\/wp-json\/wp\/v2\/types\/post"}],"author":[{"embeddable":true,"href":"https:\/\/www.meydan.tv\/az\/wp-json\/wp\/v2\/users\/8"}],"replies":[{"embeddable":true,"href":"https:\/\/www.meydan.tv\/az\/wp-json\/wp\/v2\/comments?post=245875"}],"version-history":[{"count":1,"href":"https:\/\/www.meydan.tv\/az\/wp-json\/wp\/v2\/posts\/245875\/revisions"}],"predecessor-version":[{"id":245883,"href":"https:\/\/www.meydan.tv\/az\/wp-json\/wp\/v2\/posts\/245875\/revisions\/245883"}],"wp:featuredmedia":[{"embeddable":true,"href":"https:\/\/www.meydan.tv\/az\/wp-json\/wp\/v2\/media\/245880"}],"wp:attachment":[{"href":"https:\/\/www.meydan.tv\/az\/wp-json\/wp\/v2\/media?parent=245875"}],"wp:term":[{"taxonomy":"category","embeddable":true,"href":"https:\/\/www.meydan.tv\/az\/wp-json\/wp\/v2\/categories?post=245875"},{"taxonomy":"post_tag","embeddable":true,"href":"https:\/\/www.meydan.tv\/az\/wp-json\/wp\/v2\/tags?post=245875"}],"curies":[{"name":"wp","href":"https:\/\/api.w.org\/{rel}","templated":true}]}}