{"id":245841,"date":"2022-05-20T14:28:29","date_gmt":"2022-05-20T10:28:29","guid":{"rendered":"https:\/\/www.meydan.tv\/?p=245841"},"modified":"2022-05-20T14:28:30","modified_gmt":"2022-05-20T10:28:30","slug":"rasim-balayev-gozleyirler-ki-ittifaqa-getsem-yaxsi-filmler-cekilecek","status":"publish","type":"post","link":"https:\/\/www.meydan.tv\/az\/article\/rasim-balayev-gozleyirler-ki-ittifaqa-getsem-yaxsi-filmler-cekilecek\/","title":{"rendered":"Rasim Balayev: \u201cG\u00f6zl\u0259yirl\u0259r ki, \u0130ttifaqa gets\u0259m, yax\u015f\u0131 filml\u0259r \u00e7\u0259kil\u0259c\u0259k\u201d"},"content":{"rendered":"\n<p><\/p>\n\n\n\n<p><em>\u201cFilm \u00e7\u0259kili\u015fi bizlik deyil\u201d<\/em><\/p>\n\n\n\n<p>May\u0131n 31-d\u0259 Xalq artisti, aktyor Rasim Balayevin Az\u0259rbaycan Kinematoqraf\u00e7\u0131lar \u0130ttifaq\u0131na (AK\u0130) yeni s\u0259dr se\u00e7ilm\u0259si r\u0259smil\u0259\u015fdiril\u0259c\u0259k.<\/p>\n\n\n\n<p>Bu haqda m\u0259lumat\u0131 Meydan TV-y\u0259 Rasim Balayev verib.<\/p>\n\n\n\n<p>O \u0259lav\u0259 edib ki, ittifaq\u0131n bundan sonrak\u0131 f\u0259aliyy\u0259ti, g\u00f6r\u00fcl\u0259c\u0259k i\u015fl\u0259rl\u0259 ba\u011fl\u0131 dan\u0131\u015fmaq h\u0259l\u0259 tezdir.<\/p>\n\n\n\n<p>\u201cM\u00fc\u0259yy\u0259n planlar\u0131m\u0131z, t\u0259dbirl\u0259rimiz olacaq. M\u0259nd\u0259n g\u00f6zl\u0259yirl\u0259r ki, \u0130ttifaqa gets\u0259m, yax\u015f\u0131 filml\u0259r \u00e7\u0259kil\u0259c\u0259k. Film \u00e7\u0259kili\u015fi bizlik deyil, &#8211; aktyor deyib.<\/p>\n\n\n\n<p>May\u0131n 11-d\u0259 AK\u0130-nin \u0130dar\u0259 Hey\u0259tinin iclas\u0131 <a href=\"https:\/\/aki.az\/xalq-yazicisi-anarin-t%c9%99klifil%c9%99-rasim-balayevin-namiz%c9%99dliyi-yekdillikl%c9%99-t%c9%99sdiq-olundu\/\" target=\"_blank\" rel=\"noreferrer noopener\">ke\u00e7irilib<\/a>.<\/p>\n\n\n\n<p>\u0130clasa Xalq yaz\u0131\u00e7\u0131s\u0131 Anar, \u018fm\u0259kdar inc\u0259s\u0259n\u0259t xadiml\u0259ri Fir\u0259ngiz Qurbanova, C\u0259mil F\u0259r\u0259cov, Ziya \u015e\u0131xlinski, Baba V\u0259ziro\u011flu, Mirbala S\u0259limli, rejissorlar Oleq S\u0259f\u0259r\u0259liyev, Nizami Abbas, Cavid \u0130mamverdiyev, Tahir Tahirovi\u00e7, \u018fli \u0130sa Cabbarov, Adil Qulamov, Xalq artistl\u0259ri H\u0259mid\u0259 \u00d6m\u0259rova, M\u0259bud M\u0259h\u0259rr\u0259mov, \u201cAz\u0259rbaycanda d\u00fcnya kinosunun 100 illiyi fondu\u201d ictimai birliyinin direktoru Lal\u0259 \u018ff\u0259ndiyeva, yaz\u0131\u00e7\u0131 N\u0259riman \u018fbd\u00fclr\u0259hmanl\u0131 qat\u0131l\u0131b.<\/p>\n\n\n\n<p>\u0130dar\u0259 hey\u0259tinin \u00fczv\u00fc Anar R\u00fcst\u0259m \u0130brahimb\u0259yovun yerin\u0259 Rasim Balayevi namiz\u0259d kimi t\u0259qdim edib.<\/p>\n\n\n\n<p>\u0130clas i\u015ftirak\u00e7\u0131lar\u0131 namiz\u0259dliyi yekdillikl\u0259 q\u0259bul edibl\u0259r.<\/p>\n\n\n\n<p>Az\u0259rbaycan Kinematoqraf\u00e7\u0131lar \u0130ttifaq\u0131 1963-c\u00fc il yanvar\u0131n 11-d\u0259 Respublika Kinematoqrafiya \u0130\u015f\u00e7il\u0259rinin I T\u0259sisat Qurultay\u0131nda yarad\u0131l\u0131b.<\/p>\n\n\n\n<p>T\u0259\u015fkilat\u0131n 1981-ci ild\u0259 ke\u00e7iril\u0259n V qurultay\u0131nda kinodramaturq R\u00fcst\u0259m \u0130brahimb\u0259yov AK\u0130-nin birinci katibi se\u00e7ilib.<\/p>\n\n\n\n<p>\u0130ttifaq MDB v\u0259 Baltik \u00f6lk\u0259l\u0259ri Kino \u0130ttifaqlar\u0131 Konfederasiyas\u0131n\u0131n \u00fczv\u00fc v\u0259 t\u0259sis\u00e7il\u0259rind\u0259ndir.<\/p>\n\n\n\n<p>AK\u0130 Az\u0259rbaycan\u0131n pe\u015f\u0259kar yarad\u0131c\u0131 kino i\u015f\u00e7il\u0259rini k\u00f6n\u00fcll\u00fc \u0259saslarla birl\u0259\u015fdir\u0259n ictimai, m\u00fcst\u0259qil t\u0259\u015fkilatd\u0131r.<\/p>\n\n\n\n<p>\u0130ttifaq\u0131n \u0259sas m\u0259qs\u0259di milli kinonun, milli m\u0259d\u0259niyy\u0259tin v\u0259 d\u00fcnya kinosunun \u0259sas hiss\u0259si olaraq inki\u015faf etdirilm\u0259sidir.<\/p>\n\n\n\n<p>T\u0259\u015fkilat\u0131n idar\u0259 hey\u0259tinin \u00fczvl\u0259ri Xalq yaz\u0131\u00e7\u0131s\u0131 Anar, \u018fm\u0259kdar inc\u0259s\u0259n\u0259t xadimi, operator, rejissor Nizami Abbas, Xalq artisti, aktyor Rasim Balayev, kinorejissor \u018fli \u0130sa Cabbarov (\u0130ttifaq\u0131n katibi), \u018fm\u0259kdar inc\u0259s\u0259n\u0259t xadimi, s\u0259s rejissoru \u018fs\u0259d \u018fs\u0259dov, \u201cAz\u0259rbaycanda d\u00fcnya kinosunun 100 illiyi fondu\u201d ictimai birliyinin direktoru, prod\u00fcser Lal\u0259 \u018ff\u0259ndiyeva, kinorejissor Tahir Tahirovi\u00e7 (\u018fliyev), \u018fm\u0259kdar inc\u0259s\u0259n\u0259t xadimi, rejissor C\u0259mil F\u0259r\u0259cov, Xalq artisti, aktrisa H\u0259mid\u0259 \u00d6m\u0259rova, \u018fm\u0259kdar inc\u0259s\u0259n\u0259t xadimi, qurulu\u015f\u00e7u rejissor, multiplikator Fir\u0259ngiz Qurbanova, Xalq artisti, aktyor M\u0259bud M\u0259h\u0259rr\u0259mov, ssenarist, rejissor, prod\u00fcser Cavid \u0130mamverdiyev, \u018fm\u0259kdar inc\u0259s\u0259n\u0259t xadimi, rejssor-ssenarist Mirbala S\u0259limli, rejissor-ssenarist Oleq S\u0259f\u0259r\u0259liyev (\u0130ttifaq\u0131n katibi), Xalq artisti, aktrisa Yusupova \u015e\u00fckuf\u0259, \u018fm\u0259kdar inc\u0259s\u0259n\u0259t xadimi, \u015fair Baba V\u0259ziro\u011flu, \u018fm\u0259kdar inc\u0259s\u0259n\u0259t xadimi, rejissor Ziya \u015e\u0131xl\u0131nskidir.<\/p>\n\n\n\n<p>\u0130ttifaq\u0131n s\u0259dri, Xalq yaz\u0131\u00e7\u0131s\u0131, kinodramaturq R\u00fcst\u0259m \u0130brahimb\u0259yov 2022-ci il mart\u0131n 11-d\u0259 uzun s\u00fcr\u0259n x\u0259st\u0259likd\u0259n v\u0259fat <a href=\"http:\/\/m-ibrahimbeyov-vefat-edib\/\" target=\"_blank\" rel=\"noreferrer noopener\">edib<\/a>.<br><\/p>\n","protected":false},"excerpt":{"rendered":"<p>\u201cFilm \u00e7\u0259kili\u015fi bizlik deyil\u201d May\u0131n 31-d\u0259 Xalq artisti, aktyor Rasim &#8230; <\/p>\n<p class=\"read-more-container\"><a title=\"Rasim Balayev: \u201cG\u00f6zl\u0259yirl\u0259r ki, \u0130ttifaqa gets\u0259m, yax\u015f\u0131 filml\u0259r \u00e7\u0259kil\u0259c\u0259k\u201d\" class=\"read-more button\" href=\"https:\/\/www.meydan.tv\/az\/article\/rasim-balayev-gozleyirler-ki-ittifaqa-getsem-yaxsi-filmler-cekilecek\/#more-245841\" aria-label=\"Read more about Rasim Balayev: \u201cG\u00f6zl\u0259yirl\u0259r ki, \u0130ttifaqa gets\u0259m, yax\u015f\u0131 filml\u0259r \u00e7\u0259kil\u0259c\u0259k\u201d\">Davam\u0131<\/a><\/p>\n","protected":false},"author":8,"featured_media":245844,"comment_status":"closed","ping_status":"closed","sticky":false,"template":"","format":"standard","meta":{"_acf_changed":false,"_sitemap_exclude":false,"_sitemap_priority":"","_sitemap_frequency":"","footnotes":""},"categories":[52,56],"tags":[],"class_list":["post-245841","post","type-post","status-publish","format-standard","has-post-thumbnail","hentry","category-medeniyyet","category-xeberler","infinite-scroll-item","generate-columns","tablet-grid-50","mobile-grid-100","grid-parent","grid-33","no-featured-image-padding"],"acf":[],"yoast_head":"<!-- This site is optimized with the Yoast SEO plugin v27.5 - https:\/\/yoast.com\/product\/yoast-seo-wordpress\/ -->\n<title>Rasim Balayev: \u201cG\u00f6zl\u0259yirl\u0259r ki, \u0130ttifaqa gets\u0259m, yax\u015f\u0131 filml\u0259r \u00e7\u0259kil\u0259c\u0259k\u201d - MEYDAN.TV<\/title>\n<meta name=\"robots\" content=\"index, follow, max-snippet:-1, max-image-preview:large, max-video-preview:-1\" \/>\n<link rel=\"canonical\" href=\"https:\/\/www.meydan.tv\/az\/article\/rasim-balayev-gozleyirler-ki-ittifaqa-getsem-yaxsi-filmler-cekilecek\/\" \/>\n<meta property=\"og:locale\" content=\"az_AZ\" \/>\n<meta property=\"og:type\" content=\"article\" \/>\n<meta property=\"og:title\" content=\"Rasim Balayev: \u201cG\u00f6zl\u0259yirl\u0259r ki, \u0130ttifaqa gets\u0259m, yax\u015f\u0131 filml\u0259r \u00e7\u0259kil\u0259c\u0259k\u201d - MEYDAN.TV\" \/>\n<meta property=\"og:description\" content=\"\u201cFilm \u00e7\u0259kili\u015fi bizlik deyil\u201d May\u0131n 31-d\u0259 Xalq artisti, aktyor Rasim ... Davam\u0131\" \/>\n<meta property=\"og:url\" content=\"https:\/\/www.meydan.tv\/az\/article\/rasim-balayev-gozleyirler-ki-ittifaqa-getsem-yaxsi-filmler-cekilecek\/\" \/>\n<meta property=\"og:site_name\" content=\"MEYDAN.TV\" \/>\n<meta property=\"article:published_time\" content=\"2022-05-20T10:28:29+00:00\" \/>\n<meta property=\"article:modified_time\" content=\"2022-05-20T10:28:30+00:00\" \/>\n<meta property=\"og:image\" content=\"https:\/\/www.meydan.tv\/wp-content\/uploads\/15712240133693912945_1000x669.jpg\" \/>\n\t<meta property=\"og:image:width\" content=\"1200\" \/>\n\t<meta property=\"og:image:height\" content=\"735\" \/>\n\t<meta property=\"og:image:type\" content=\"image\/jpeg\" \/>\n<meta name=\"author\" content=\"elli\" \/>\n<meta name=\"twitter:card\" content=\"summary_large_image\" \/>\n<meta name=\"twitter:creator\" content=\"@elli\" \/>\n<script type=\"application\/ld+json\" class=\"yoast-schema-graph\">{\"@context\":\"https:\\\/\\\/schema.org\",\"@graph\":[{\"@type\":\"Article\",\"@id\":\"https:\\\/\\\/www.meydan.tv\\\/az\\\/article\\\/rasim-balayev-gozleyirler-ki-ittifaqa-getsem-yaxsi-filmler-cekilecek\\\/#article\",\"isPartOf\":{\"@id\":\"https:\\\/\\\/www.meydan.tv\\\/az\\\/article\\\/rasim-balayev-gozleyirler-ki-ittifaqa-getsem-yaxsi-filmler-cekilecek\\\/\"},\"author\":{\"name\":\"elli\",\"@id\":\"https:\\\/\\\/www.meydan.tv\\\/az\\\/#\\\/schema\\\/person\\\/9cdbecf90d17180ce1dfbd95b08dcf47\"},\"headline\":\"Rasim Balayev: \u201cG\u00f6zl\u0259yirl\u0259r ki, \u0130ttifaqa gets\u0259m, yax\u015f\u0131 filml\u0259r \u00e7\u0259kil\u0259c\u0259k\u201d\",\"datePublished\":\"2022-05-20T10:28:29+00:00\",\"dateModified\":\"2022-05-20T10:28:30+00:00\",\"mainEntityOfPage\":{\"@id\":\"https:\\\/\\\/www.meydan.tv\\\/az\\\/article\\\/rasim-balayev-gozleyirler-ki-ittifaqa-getsem-yaxsi-filmler-cekilecek\\\/\"},\"wordCount\":549,\"publisher\":{\"@id\":\"https:\\\/\\\/www.meydan.tv\\\/az\\\/#organization\"},\"image\":{\"@id\":\"https:\\\/\\\/www.meydan.tv\\\/az\\\/article\\\/rasim-balayev-gozleyirler-ki-ittifaqa-getsem-yaxsi-filmler-cekilecek\\\/#primaryimage\"},\"thumbnailUrl\":\"https:\\\/\\\/www.meydan.tv\\\/wp-content\\\/uploads\\\/15712240133693912945_1000x669-e1691405619455.jpg\",\"articleSection\":[\"M\u0259d\u0259niyy\u0259t\",\"X\u0259b\u0259rl\u0259r\"],\"inLanguage\":\"az\"},{\"@type\":\"WebPage\",\"@id\":\"https:\\\/\\\/www.meydan.tv\\\/az\\\/article\\\/rasim-balayev-gozleyirler-ki-ittifaqa-getsem-yaxsi-filmler-cekilecek\\\/\",\"url\":\"https:\\\/\\\/www.meydan.tv\\\/az\\\/article\\\/rasim-balayev-gozleyirler-ki-ittifaqa-getsem-yaxsi-filmler-cekilecek\\\/\",\"name\":\"Rasim Balayev: \u201cG\u00f6zl\u0259yirl\u0259r ki, \u0130ttifaqa gets\u0259m, yax\u015f\u0131 filml\u0259r \u00e7\u0259kil\u0259c\u0259k\u201d - MEYDAN.TV\",\"isPartOf\":{\"@id\":\"https:\\\/\\\/www.meydan.tv\\\/az\\\/#website\"},\"primaryImageOfPage\":{\"@id\":\"https:\\\/\\\/www.meydan.tv\\\/az\\\/article\\\/rasim-balayev-gozleyirler-ki-ittifaqa-getsem-yaxsi-filmler-cekilecek\\\/#primaryimage\"},\"image\":{\"@id\":\"https:\\\/\\\/www.meydan.tv\\\/az\\\/article\\\/rasim-balayev-gozleyirler-ki-ittifaqa-getsem-yaxsi-filmler-cekilecek\\\/#primaryimage\"},\"thumbnailUrl\":\"https:\\\/\\\/www.meydan.tv\\\/wp-content\\\/uploads\\\/15712240133693912945_1000x669-e1691405619455.jpg\",\"datePublished\":\"2022-05-20T10:28:29+00:00\",\"dateModified\":\"2022-05-20T10:28:30+00:00\",\"breadcrumb\":{\"@id\":\"https:\\\/\\\/www.meydan.tv\\\/az\\\/article\\\/rasim-balayev-gozleyirler-ki-ittifaqa-getsem-yaxsi-filmler-cekilecek\\\/#breadcrumb\"},\"inLanguage\":\"az\",\"potentialAction\":[{\"@type\":\"ReadAction\",\"target\":[\"https:\\\/\\\/www.meydan.tv\\\/az\\\/article\\\/rasim-balayev-gozleyirler-ki-ittifaqa-getsem-yaxsi-filmler-cekilecek\\\/\"]}]},{\"@type\":\"ImageObject\",\"inLanguage\":\"az\",\"@id\":\"https:\\\/\\\/www.meydan.tv\\\/az\\\/article\\\/rasim-balayev-gozleyirler-ki-ittifaqa-getsem-yaxsi-filmler-cekilecek\\\/#primaryimage\",\"url\":\"https:\\\/\\\/www.meydan.tv\\\/wp-content\\\/uploads\\\/15712240133693912945_1000x669-e1691405619455.jpg\",\"contentUrl\":\"https:\\\/\\\/www.meydan.tv\\\/wp-content\\\/uploads\\\/15712240133693912945_1000x669-e1691405619455.jpg\",\"width\":1200,\"height\":678,\"caption\":\"Rasim Balayev. Foto: \\\"azerbaycan24\\\"\"},{\"@type\":\"BreadcrumbList\",\"@id\":\"https:\\\/\\\/www.meydan.tv\\\/az\\\/article\\\/rasim-balayev-gozleyirler-ki-ittifaqa-getsem-yaxsi-filmler-cekilecek\\\/#breadcrumb\",\"itemListElement\":[{\"@type\":\"ListItem\",\"position\":1,\"name\":\"Ana s\u0259hif\u0259\",\"item\":\"https:\\\/\\\/www.meydan.tv\\\/az\\\/\"},{\"@type\":\"ListItem\",\"position\":2,\"name\":\"M\u0259d\u0259niyy\u0259t\",\"item\":\"https:\\\/\\\/www.meydan.tv\\\/az\\\/section\\\/medeniyyet\\\/\"},{\"@type\":\"ListItem\",\"position\":3,\"name\":\"Rasim Balayev: \u201cG\u00f6zl\u0259yirl\u0259r ki, \u0130ttifaqa gets\u0259m, yax\u015f\u0131 filml\u0259r \u00e7\u0259kil\u0259c\u0259k\u201d\"}]},{\"@type\":\"WebSite\",\"@id\":\"https:\\\/\\\/www.meydan.tv\\\/az\\\/#website\",\"url\":\"https:\\\/\\\/www.meydan.tv\\\/az\\\/\",\"name\":\"MEYDAN.TV\",\"description\":\"Meydan TV Az\u0259rbaycan\u0131n media m\u0259kan\u0131ndak\u0131 alternativ s\u0259sidir\",\"publisher\":{\"@id\":\"https:\\\/\\\/www.meydan.tv\\\/az\\\/#organization\"},\"potentialAction\":[{\"@type\":\"SearchAction\",\"target\":{\"@type\":\"EntryPoint\",\"urlTemplate\":\"https:\\\/\\\/www.meydan.tv\\\/az\\\/?s={search_term_string}\"},\"query-input\":{\"@type\":\"PropertyValueSpecification\",\"valueRequired\":true,\"valueName\":\"search_term_string\"}}],\"inLanguage\":\"az\"},{\"@type\":\"Organization\",\"@id\":\"https:\\\/\\\/www.meydan.tv\\\/az\\\/#organization\",\"name\":\"Meydan TV\",\"url\":\"https:\\\/\\\/www.meydan.tv\\\/az\\\/\",\"logo\":{\"@type\":\"ImageObject\",\"inLanguage\":\"az\",\"@id\":\"https:\\\/\\\/www.meydan.tv\\\/az\\\/#\\\/schema\\\/logo\\\/image\\\/\",\"url\":\"https:\\\/\\\/www.meydan.tv\\\/wp-content\\\/uploads\\\/2021\\\/07\\\/meydan-logo.svg\",\"contentUrl\":\"https:\\\/\\\/www.meydan.tv\\\/wp-content\\\/uploads\\\/2021\\\/07\\\/meydan-logo.svg\",\"width\":195,\"height\":46,\"caption\":\"Meydan TV\"},\"image\":{\"@id\":\"https:\\\/\\\/www.meydan.tv\\\/az\\\/#\\\/schema\\\/logo\\\/image\\\/\"}},{\"@type\":\"Person\",\"@id\":\"https:\\\/\\\/www.meydan.tv\\\/az\\\/#\\\/schema\\\/person\\\/9cdbecf90d17180ce1dfbd95b08dcf47\",\"name\":\"elli\",\"sameAs\":[\"https:\\\/\\\/x.com\\\/elli\"]}]}<\/script>\n<!-- \/ Yoast SEO plugin. -->","yoast_head_json":{"title":"Rasim Balayev: \u201cG\u00f6zl\u0259yirl\u0259r ki, \u0130ttifaqa gets\u0259m, yax\u015f\u0131 filml\u0259r \u00e7\u0259kil\u0259c\u0259k\u201d - MEYDAN.TV","robots":{"index":"index","follow":"follow","max-snippet":"max-snippet:-1","max-image-preview":"max-image-preview:large","max-video-preview":"max-video-preview:-1"},"canonical":"https:\/\/www.meydan.tv\/az\/article\/rasim-balayev-gozleyirler-ki-ittifaqa-getsem-yaxsi-filmler-cekilecek\/","og_locale":"az_AZ","og_type":"article","og_title":"Rasim Balayev: \u201cG\u00f6zl\u0259yirl\u0259r ki, \u0130ttifaqa gets\u0259m, yax\u015f\u0131 filml\u0259r \u00e7\u0259kil\u0259c\u0259k\u201d - MEYDAN.TV","og_description":"\u201cFilm \u00e7\u0259kili\u015fi bizlik deyil\u201d May\u0131n 31-d\u0259 Xalq artisti, aktyor Rasim ... Davam\u0131","og_url":"https:\/\/www.meydan.tv\/az\/article\/rasim-balayev-gozleyirler-ki-ittifaqa-getsem-yaxsi-filmler-cekilecek\/","og_site_name":"MEYDAN.TV","article_published_time":"2022-05-20T10:28:29+00:00","article_modified_time":"2022-05-20T10:28:30+00:00","og_image":[{"width":1200,"height":735,"url":"https:\/\/www.meydan.tv\/wp-content\/uploads\/15712240133693912945_1000x669.jpg","type":"image\/jpeg"}],"author":"elli","twitter_card":"summary_large_image","twitter_creator":"@elli","schema":{"@context":"https:\/\/schema.org","@graph":[{"@type":"Article","@id":"https:\/\/www.meydan.tv\/az\/article\/rasim-balayev-gozleyirler-ki-ittifaqa-getsem-yaxsi-filmler-cekilecek\/#article","isPartOf":{"@id":"https:\/\/www.meydan.tv\/az\/article\/rasim-balayev-gozleyirler-ki-ittifaqa-getsem-yaxsi-filmler-cekilecek\/"},"author":{"name":"elli","@id":"https:\/\/www.meydan.tv\/az\/#\/schema\/person\/9cdbecf90d17180ce1dfbd95b08dcf47"},"headline":"Rasim Balayev: \u201cG\u00f6zl\u0259yirl\u0259r ki, \u0130ttifaqa gets\u0259m, yax\u015f\u0131 filml\u0259r \u00e7\u0259kil\u0259c\u0259k\u201d","datePublished":"2022-05-20T10:28:29+00:00","dateModified":"2022-05-20T10:28:30+00:00","mainEntityOfPage":{"@id":"https:\/\/www.meydan.tv\/az\/article\/rasim-balayev-gozleyirler-ki-ittifaqa-getsem-yaxsi-filmler-cekilecek\/"},"wordCount":549,"publisher":{"@id":"https:\/\/www.meydan.tv\/az\/#organization"},"image":{"@id":"https:\/\/www.meydan.tv\/az\/article\/rasim-balayev-gozleyirler-ki-ittifaqa-getsem-yaxsi-filmler-cekilecek\/#primaryimage"},"thumbnailUrl":"https:\/\/www.meydan.tv\/wp-content\/uploads\/15712240133693912945_1000x669-e1691405619455.jpg","articleSection":["M\u0259d\u0259niyy\u0259t","X\u0259b\u0259rl\u0259r"],"inLanguage":"az"},{"@type":"WebPage","@id":"https:\/\/www.meydan.tv\/az\/article\/rasim-balayev-gozleyirler-ki-ittifaqa-getsem-yaxsi-filmler-cekilecek\/","url":"https:\/\/www.meydan.tv\/az\/article\/rasim-balayev-gozleyirler-ki-ittifaqa-getsem-yaxsi-filmler-cekilecek\/","name":"Rasim Balayev: \u201cG\u00f6zl\u0259yirl\u0259r ki, \u0130ttifaqa gets\u0259m, yax\u015f\u0131 filml\u0259r \u00e7\u0259kil\u0259c\u0259k\u201d - MEYDAN.TV","isPartOf":{"@id":"https:\/\/www.meydan.tv\/az\/#website"},"primaryImageOfPage":{"@id":"https:\/\/www.meydan.tv\/az\/article\/rasim-balayev-gozleyirler-ki-ittifaqa-getsem-yaxsi-filmler-cekilecek\/#primaryimage"},"image":{"@id":"https:\/\/www.meydan.tv\/az\/article\/rasim-balayev-gozleyirler-ki-ittifaqa-getsem-yaxsi-filmler-cekilecek\/#primaryimage"},"thumbnailUrl":"https:\/\/www.meydan.tv\/wp-content\/uploads\/15712240133693912945_1000x669-e1691405619455.jpg","datePublished":"2022-05-20T10:28:29+00:00","dateModified":"2022-05-20T10:28:30+00:00","breadcrumb":{"@id":"https:\/\/www.meydan.tv\/az\/article\/rasim-balayev-gozleyirler-ki-ittifaqa-getsem-yaxsi-filmler-cekilecek\/#breadcrumb"},"inLanguage":"az","potentialAction":[{"@type":"ReadAction","target":["https:\/\/www.meydan.tv\/az\/article\/rasim-balayev-gozleyirler-ki-ittifaqa-getsem-yaxsi-filmler-cekilecek\/"]}]},{"@type":"ImageObject","inLanguage":"az","@id":"https:\/\/www.meydan.tv\/az\/article\/rasim-balayev-gozleyirler-ki-ittifaqa-getsem-yaxsi-filmler-cekilecek\/#primaryimage","url":"https:\/\/www.meydan.tv\/wp-content\/uploads\/15712240133693912945_1000x669-e1691405619455.jpg","contentUrl":"https:\/\/www.meydan.tv\/wp-content\/uploads\/15712240133693912945_1000x669-e1691405619455.jpg","width":1200,"height":678,"caption":"Rasim Balayev. Foto: \"azerbaycan24\""},{"@type":"BreadcrumbList","@id":"https:\/\/www.meydan.tv\/az\/article\/rasim-balayev-gozleyirler-ki-ittifaqa-getsem-yaxsi-filmler-cekilecek\/#breadcrumb","itemListElement":[{"@type":"ListItem","position":1,"name":"Ana s\u0259hif\u0259","item":"https:\/\/www.meydan.tv\/az\/"},{"@type":"ListItem","position":2,"name":"M\u0259d\u0259niyy\u0259t","item":"https:\/\/www.meydan.tv\/az\/section\/medeniyyet\/"},{"@type":"ListItem","position":3,"name":"Rasim Balayev: \u201cG\u00f6zl\u0259yirl\u0259r ki, \u0130ttifaqa gets\u0259m, yax\u015f\u0131 filml\u0259r \u00e7\u0259kil\u0259c\u0259k\u201d"}]},{"@type":"WebSite","@id":"https:\/\/www.meydan.tv\/az\/#website","url":"https:\/\/www.meydan.tv\/az\/","name":"MEYDAN.TV","description":"Meydan TV Az\u0259rbaycan\u0131n media m\u0259kan\u0131ndak\u0131 alternativ s\u0259sidir","publisher":{"@id":"https:\/\/www.meydan.tv\/az\/#organization"},"potentialAction":[{"@type":"SearchAction","target":{"@type":"EntryPoint","urlTemplate":"https:\/\/www.meydan.tv\/az\/?s={search_term_string}"},"query-input":{"@type":"PropertyValueSpecification","valueRequired":true,"valueName":"search_term_string"}}],"inLanguage":"az"},{"@type":"Organization","@id":"https:\/\/www.meydan.tv\/az\/#organization","name":"Meydan TV","url":"https:\/\/www.meydan.tv\/az\/","logo":{"@type":"ImageObject","inLanguage":"az","@id":"https:\/\/www.meydan.tv\/az\/#\/schema\/logo\/image\/","url":"https:\/\/www.meydan.tv\/wp-content\/uploads\/2021\/07\/meydan-logo.svg","contentUrl":"https:\/\/www.meydan.tv\/wp-content\/uploads\/2021\/07\/meydan-logo.svg","width":195,"height":46,"caption":"Meydan TV"},"image":{"@id":"https:\/\/www.meydan.tv\/az\/#\/schema\/logo\/image\/"}},{"@type":"Person","@id":"https:\/\/www.meydan.tv\/az\/#\/schema\/person\/9cdbecf90d17180ce1dfbd95b08dcf47","name":"elli","sameAs":["https:\/\/x.com\/elli"]}]}},"_links":{"self":[{"href":"https:\/\/www.meydan.tv\/az\/wp-json\/wp\/v2\/posts\/245841","targetHints":{"allow":["GET"]}}],"collection":[{"href":"https:\/\/www.meydan.tv\/az\/wp-json\/wp\/v2\/posts"}],"about":[{"href":"https:\/\/www.meydan.tv\/az\/wp-json\/wp\/v2\/types\/post"}],"author":[{"embeddable":true,"href":"https:\/\/www.meydan.tv\/az\/wp-json\/wp\/v2\/users\/8"}],"replies":[{"embeddable":true,"href":"https:\/\/www.meydan.tv\/az\/wp-json\/wp\/v2\/comments?post=245841"}],"version-history":[{"count":1,"href":"https:\/\/www.meydan.tv\/az\/wp-json\/wp\/v2\/posts\/245841\/revisions"}],"predecessor-version":[{"id":245842,"href":"https:\/\/www.meydan.tv\/az\/wp-json\/wp\/v2\/posts\/245841\/revisions\/245842"}],"wp:featuredmedia":[{"embeddable":true,"href":"https:\/\/www.meydan.tv\/az\/wp-json\/wp\/v2\/media\/245844"}],"wp:attachment":[{"href":"https:\/\/www.meydan.tv\/az\/wp-json\/wp\/v2\/media?parent=245841"}],"wp:term":[{"taxonomy":"category","embeddable":true,"href":"https:\/\/www.meydan.tv\/az\/wp-json\/wp\/v2\/categories?post=245841"},{"taxonomy":"post_tag","embeddable":true,"href":"https:\/\/www.meydan.tv\/az\/wp-json\/wp\/v2\/tags?post=245841"}],"curies":[{"name":"wp","href":"https:\/\/api.w.org\/{rel}","templated":true}]}}