{"id":245791,"date":"2022-05-20T11:38:02","date_gmt":"2022-05-20T07:38:02","guid":{"rendered":"https:\/\/www.meydan.tv\/?p=245791"},"modified":"2022-05-20T11:38:08","modified_gmt":"2022-05-20T07:38:08","slug":"olkenin-deleduzluq-menzeresi","status":"publish","type":"post","link":"https:\/\/www.meydan.tv\/az\/article\/olkenin-deleduzluq-menzeresi\/","title":{"rendered":"\u00d6lk\u0259nin d\u0259l\u0259duzluq m\u0259nz\u0259r\u0259si"},"content":{"rendered":"\n<p><\/p>\n\n\n\n<p><em>D\u0259l\u0259duzlar aras\u0131nda hakim, prokuror, deputat, MTN \u0259m\u0259kda\u015f\u0131 var<\/em><\/p>\n\n\n\n<p>\u00a0<\/p>\n\n\n\n<p>Az\u0259rbaycan\u0131n Cinay\u0259t M\u0259c\u0259ll\u0259sind\u0259 d\u0259l\u0259duzluqla ba\u011fl\u0131 ayr\u0131ca madd\u0259 var. Madd\u0259 178. Onun a\u00e7mas\u0131 bel\u0259dir: D\u0259l\u0259duzluq, y\u0259ni etibardan sui-istifad\u0259 etm\u0259 v\u0259 ya aldatma yolu il\u0259 \u00f6zg\u0259nin \u0259mlak\u0131n\u0131 \u0259l\u0259 ke\u00e7irm\u0259 v\u0259 ya \u0259mlak h\u00fcquqlar\u0131n\u0131 \u0259ld\u0259 etm\u0259. D\u0259l\u0259duzlu\u011fun c\u0259zas\u0131 h\u0259m y\u00fcng\u00fcld\u00fcr, h\u0259m d\u0259 a\u011f\u0131r. 100 manatdan ba\u015flay\u0131b 12 ild\u0259 bitir. Qanunun y\u00fcks\u0259k s\u0259viyy\u0259li d\u0259l\u0259duzlara t\u0259tbiqi is\u0259 f\u0259rqli olur&#8230;<\/p>\n\n\n\n<p>D\u0259l\u0259duz hakiml\u0259r \u00fc\u00e7\u00fcn madd\u0259 geni\u015f imkanlar a\u00e7\u0131r. \u201cD\u0259l\u0259duz hakiml\u0259r\u201d s\u00f6z\u00fcn\u00fc el\u0259-bel\u0259 i\u015fl\u0259tm\u0259dim. Az\u0259rbaycanda d\u0259l\u0259duzlu\u011fu ya d\u00f6vl\u0259t qurumlar\u0131nda \u00e7al\u0131\u015fanlar edir, ya da onlar\u0131n ad\u0131ndan s\u0131ravi v\u0259t\u0259nda\u015flar. S\u0131ravi v\u0259t\u0259nda\u015f\u0131n v\u0259zif\u0259li adam\u0131n ad\u0131ndan d\u0259l\u0259duzluq etm\u0259si Az\u0259rbaycanda geni\u015f yay\u0131l\u0131b. Bu da s\u0259b\u0259bsiz deyil, \u00e7\u00fcnki d\u00f6vl\u0259t qurumlar\u0131nda, hakimiyy\u0259tin m\u00fcxt\u0259lif qollar\u0131nda (\u0259slind\u0259, bu da m\u00fcbahis\u0259li m\u0259s\u0259l\u0259dir, bizd\u0259 hakimiyy\u0259tin 3 qolu oldu\u011fu konstitusiyam\u0131zda yaz\u0131lsa da, ger\u00e7\u0259kd\u0259 b\u00fct\u00fcn m\u0259s\u0259l\u0259l\u0259ri 1 qol h\u0259ll edir) yet\u0259rinc\u0259 d\u0259l\u0259duzlar var. Onlar i\u015fl\u0259dikl\u0259ri yerd\u0259 daha \u00e7ox vasit\u0259\u00e7i-makler qismind\u0259 \u00e7al\u0131\u015f\u0131rlar. Kimis\u0259 r\u00fc\u015fv\u0259tl\u0259 i\u015f\u0259 d\u00fcz\u0259ltm\u0259k, kimins\u0259 r\u00fc\u015fv\u0259tl\u0259 i\u015fini d\u00fcz\u0259ltm\u0259k, kimis\u0259 r\u00fc\u015fv\u0259t qar\u015f\u0131l\u0131\u011f\u0131nda v\u0259zif\u0259y\u0259 qoymaq, deputat \u201cse\u00e7dirm\u0259k\u201d v\u0259 s. kimi hallarla \u00e7ox qar\u015f\u0131la\u015f\u0131r\u0131q. Yuxar\u0131dan a\u015fa\u011f\u0131ya q\u0259d\u0259r ham\u0131 bunu bilir. \u0130\u015f d\u00fcz\u0259lm\u0259y\u0259nd\u0259, r\u00fc\u015fv\u0259t verib i\u015fini a\u015f\u0131rmayanda, v\u0259zif\u0259li \u015f\u0259xs, ya da \u00f6z\u00fcn\u00fc v\u0259zif\u0259li \u015f\u0259xs kimi t\u0259qdim ed\u0259n adam h\u0259r hans\u0131 s\u0259b\u0259bd\u0259n s\u00f6z\u00fcn\u0259 \u0259m\u0259l etm\u0259y\u0259nd\u0259, ald\u0131\u011f\u0131 pulu qaytarmayanda qurban \u015fikay\u0259t\u00e7i olur v\u0259 d\u0259l\u0259duzluq fakt\u0131 ortaya \u00e7\u0131x\u0131r. D\u00f6vl\u0259t qurumunda \u00e7al\u0131\u015fanlar\u0131n b\u0259zil\u0259rinin d\u0259l\u0259duz oldu\u011funu, r\u00fc\u015fv\u0259tsiz h\u0259r hans\u0131 i\u015f tapma\u011f\u0131n m\u00fcmk\u00fcns\u00fczl\u00fcy\u00fcn\u00fc ham\u0131 q\u0259bul edir. O \u00fczd\u0259n v\u0259t\u0259nda\u015flar d\u0259l\u0259duz deputat\u0131n, hakimin, v\u0259kilin, prokurorun, m\u00fcst\u0259ntiqin, MTN-\u00e7inin, polisin&#8230; v\u0259 onlar\u0131n ad\u0131ndan dan\u0131\u015fan ist\u0259nil\u0259n \u015f\u0259xsin toruna asanl\u0131qla d\u00fc\u015f\u00fcr. M\u0259s\u0259l\u0259n, polisi g\u00f6t\u00fcr\u0259k. M\u00fcxt\u0259lif ill\u0259rd\u0259 yay\u0131lan informasiyalara, statistikaya baxsaq, g\u00f6r\u0259rik ki, polis ad\u0131ndan d\u0259l\u0259duzluq hallar\u0131 daha \u00e7oxdur. MTN d\u0259 vaxtil\u0259 ondan geri qalmay\u0131b. \u00dcmumiyy\u0259tl\u0259, m\u00fcxt\u0259lif ill\u0259rd\u0259 d\u0259l\u0259duzluq \u0259m\u0259ll\u0259ri il\u0259 ba\u011fl\u0131 yay\u0131lm\u0131\u015f informasiyalarda, dem\u0259k olar, b\u00fct\u00fcn d\u00f6vl\u0259t qurumlar\u0131n\u0131n ad\u0131 \u00e7\u0259kilir. Onlardan bir ne\u00e7\u0259sin\u0259 baxaq:  <\/p>\n\n\n\n<p>&#8211;  Az\u0259rbaycanda ke\u00e7mi\u015f h\u00f6k\u00fcm\u0259ty\u00f6nl\u00fc deputat G\u00fcl\u0259r \u018fhm\u0259dova d\u0259l\u0259duzluqda ittiham edil\u0259r\u0259k iki ayl\u0131q h\u0259bs olunub.<\/p>\n\n\n\n<p>Ba\u015f Prokurorlu\u011fun m\u0259lumat\u0131na g\u00f6r\u0259, istintaqla m\u00fc\u0259yy\u0259n edilib ki, o, ke\u00e7mi\u015f Az\u0259rbaycan Beyn\u0259lxalq Universitetinin rektoru El\u015fad Abdullayevi deputat se\u00e7ilm\u0259sin\u0259 k\u00f6m\u0259klik etm\u0259k bar\u0259sind\u0259 \u201cyalan\u201d v\u0259dl\u0259rl\u0259 aldadaraq 1.000.000 (bir milyon) AB\u015e dollar\u0131n\u0131 \u0259l\u0259 ke\u00e7irm\u0259kl\u0259 \u201cd\u0259l\u0259duzluq\u201d edib\u201d.13.02.2013<\/p>\n\n\n\n<p>\u00d6lk\u0259d\u0259 \u0259n y\u00fcks\u0259k s\u0259viyy\u0259d\u0259 mandat alveri olmasa (r\u00fc\u015fv\u0259t PA-n\u0131n ke\u00e7mi\u015f r\u0259hb\u0259ri Ramiz Mehdiyev\u0259 \u00e7at\u0131b), kim inan\u0131b kim\u0259s\u0259 pul ver\u0259r&#8230; <\/p>\n\n\n\n<p>&#8211; \u018fvv\u0259ll\u0259r t\u00f6r\u0259tdiyi d\u0259l\u0259duzluq cinay\u0259tl\u0259rin\u0259 g\u00f6r\u0259 m\u0259hkum olunmu\u015f B\u0259xtiyar Ba\u011f\u0131rov Bak\u0131 \u015f\u0259h\u0259r sakini \u0130smay\u0131lov Namiq R\u0259him o\u011flunu guya Milli T\u0259hl\u00fck\u0259sizlik Nazirliyinin n\u0259zdind\u0259 yaranacaq &#8220;Asan Xidm\u0259t&#8221; M\u0259rk\u0259zin\u0259 i\u015f\u0259 d\u00fcz\u0259ltm\u0259k bar\u0259d\u0259 yalan v\u0259d ver\u0259r\u0259k ondan \u0259vv\u0259lc\u0259 2.500 manat, sonra is\u0259 m\u0259rk\u0259zin tikintisind\u0259 qalm\u0131\u015f b\u0259zi t\u0259mir i\u015fl\u0259rinin yekunla\u015fd\u0131r\u0131lmas\u0131 m\u0259qs\u0259dil\u0259 daha 3.800 manat pulunu aldatma yolu il\u0259 \u0259l\u0259 ke\u00e7irib d\u0259l\u0259duzluq edib.<\/p>\n\n\n\n<p>B.Ba\u011f\u0131rov Bak\u0131 \u015f\u0259h\u0259r sakini V\u0259liyev Niyazi \u015eaiq o\u011flunun da etibar\u0131ndan sui-istifad\u0259 ed\u0259r\u0259k, sonuncuya bac\u0131s\u0131 \u018fhm\u0259dova Ayg\u00fcn \u015eaiq q\u0131z\u0131n\u0131n Ali M\u0259hk\u0259m\u0259y\u0259 hakim k\u00f6m\u0259k\u00e7isi v\u0259zif\u0259sin\u0259 i\u015f\u0259 t\u0259yin etdir\u0259c\u0259yi bar\u0259d\u0259 yalan v\u0259d ver\u0259r\u0259k, 65.000 manat pulunu almaqla \u00f6zg\u0259nin k\u00fclli miqdarda \u0259mlak\u0131n\u0131 \u0259l\u0259 ke\u00e7ir\u0259r\u0259k t\u0259krar d\u0259l\u0259duzluq edib.18.02.2013 <\/p>\n\n\n\n<p>&#8211; Bak\u0131 \u015f\u0259h\u0259r sakini olan v\u0259t\u0259nda\u015f Daxili \u0130\u015fl\u0259r Nazirliyin\u0259 m\u00fcraci\u0259t ed\u0259r\u0259k \u00f6zl\u0259rini Milli T\u0259hl\u00fck\u0259sizlik Nazirliyinin \u0259m\u0259kda\u015flar\u0131 kimi t\u0259qdim ed\u0259n bir qrup \u015f\u0259xsin ona m\u0259xsus 3 milyon 400 min AB\u015e dollar\u0131 m\u0259bl\u0259\u011find\u0259 v\u0259saiti d\u0259l\u0259duzluq yolu il\u0259 \u0259l\u0259 ke\u00e7irdikl\u0259rini bildirib. 14.07.2015 <\/p>\n\n\n\n<p>&#8211; \u0130mi\u015fli polisi \u00f6z\u00fcn\u00fc Milli T\u0259hl\u00fck\u0259sizlik Nazirliyinin (MTN) \u0259m\u0259kda\u015f\u0131 kimi t\u0259qdim ed\u0259n \u015f\u0259xsi h\u0259bs edib. Qaradonlu k\u0259nd sakini, 1982-ci il t\u0259v\u0259ll\u00fcdl\u00fc Ramin Eldar o\u011flu Mehbal\u0131yev 2015-ci ilin yanvar ay\u0131nda \u015f\u0259h\u0259r sakini, 1998-ci il t\u0259v\u0259ll\u00fcdl\u00fc Qism\u0259t Da\u011f\u0131stan o\u011flu Yunuslunun ail\u0259sin\u0259 m\u0259xsus kiray\u0259 evd\u0259 qalma\u011fa ba\u015flay\u0131b. Onlar\u0131n m\u00fcnasib\u0259tl\u0259ri yax\u015f\u0131la\u015fd\u0131qdan sonra Ramin Mehbal\u0131yev 18 ya\u015fl\u0131 g\u0259nc\u0259 MTN-d\u0259 i\u015fl\u0259diyini, onu da idar\u0259y\u0259 m\u0259xsus akademiyaya d\u00fcz\u0259ld\u0259c\u0259yini dey\u0259r\u0259k ondan may-iyun aylar\u0131nda 10500 AB\u015e dollar\u0131 v\u0259 6800 manat pul al\u0131b.17.10.2015<\/p>\n\n\n\n<p>M\u0259\u015fhur \u201cMTN i\u015fi\u201d h\u0259l\u0259 d\u0259 davam edir. Baxmayaraq ki, \u0259vv\u0259l tutulanlar\u0131n, m\u00fct\u0259\u015f\u0259kkil cinay\u0259tkar d\u0259st\u0259 kimi d\u0259l\u0259duzluq ed\u0259nl\u0259rin bir \u00e7oxu art\u0131q azadl\u0131qdad\u0131r&#8230; M\u0259hk\u0259m\u0259 prosesl\u0259rind\u0259n g\u00f6r\u00fcnd\u00fcy\u00fc kimi, \u00f6lk\u0259nin t\u0259hl\u00fck\u0259sizliyin\u0259 sorumlu olan qurumda d\u0259l\u0259duzluq \u0259n y\u00fcks\u0259k s\u0259viyy\u0259d\u0259 olub; h\u0259m d\u0259 m\u00fct\u0259\u015f\u0259kkil, y\u0259ni qrup hal\u0131nda. Bu da ba\u015fqa d\u0259l\u0259duzlara onlar\u0131n ad\u0131ndan yararlanma\u011fa \u00e7ox geni\u015f imkanlar a\u00e7\u0131b. <\/p>\n\n\n\n<p>&#8211; Oktyabr\u0131n 4-d\u0259 \u015e\u0259ki rayonunun A\u015fa\u011f\u0131 G\u00f6yn\u00fck k\u0259ndind\u0259 rayon sakini S\u0259rvan R\u0259sulova m\u0259xsus ma\u011fazaya g\u0259l\u0259r\u0259k \u00f6zl\u0259rini polis \u0259m\u0259kda\u015f\u0131 kimi t\u0259qdim ed\u0259n 3 n\u0259f\u0259r ona m\u0259xsus \u201cVAZ-21099\u201d markal\u0131 avtomobili apar\u0131b.06.10.2016 <\/p>\n\n\n\n<p>&#8211; D\u0259l\u0259duzluq ed\u0259n sabiq prokurorluq \u0259m\u0259kda\u015f\u0131 m\u0259hk\u0259m\u0259 qar\u015f\u0131s\u0131nda. Bak\u0131 \u015e\u0259h\u0259r Prokurorlu\u011funun sabiq \u0259m\u0259kda\u015f\u0131 Samir N\u0259sirov z\u0259r\u0259r\u00e7\u0259kmi\u015f \u015f\u0259xsl\u0259r\u0259 qar\u015f\u0131 \u00fcmumilikd\u0259 150 min manatdan \u00e7ox ziyan vurmaqla d\u0259l\u0259duzluqda t\u0259qsirl\u0259ndirilir.26.12.2016 <\/p>\n\n\n\n<p>&#8211; \u0130lham Abasovun t\u0259msil etdiyi \u201cR\u00fc\u015fv\u0259txorlu\u011fa v\u0259 ba\u015fqa neqativ hallara qar\u015f\u0131 v\u0259t\u0259nda\u015f n\u0259zar\u0259t \u015furas\u0131\u201d adl\u0131 qurum \u018fdliyy\u0259 Nazirliyind\u0259 m\u00fcvafiq qaydada h\u00fcquqi \u015f\u0259xs kimi qeydiyyata al\u0131nmad\u0131\u011f\u0131 halda, \u00f6z\u00fcn\u00fc v\u0259zif\u0259li \u015f\u0259xs kimi, y\u0259ni h\u0259min \u015furan\u0131n N\u0259rimanov rayon n\u00fcmay\u0259nd\u0259liyinin r\u0259hb\u0259ri kimi t\u0259qdim edib, he\u00e7 bir h\u00fcquq v\u0259 s\u0259lahiyy\u0259ti olmadan Cuma \u00d6m\u0259rova qar\u015f\u0131 d\u0259l\u0259duzluq ed\u0259n Cavid K\u0259rimb\u0259yli, G\u00fclaz\u0259 Nuriyeva, Sahil Quliyev v\u0259 ba\u015fqalar\u0131n\u0131 \u015furan\u0131n inzibati binas\u0131na d\u0259v\u0259t ed\u0259r\u0259k orada h\u0259min \u015f\u0259xsl\u0259rd\u0259n izahat al\u0131b. Bundan ba\u015fqa, o, \u00f6zg\u0259nin \u0259mlak\u0131n\u0131 \u0259l\u0259 ke\u00e7irm\u0259k m\u0259qs\u0259di il\u0259 \u0130ntiqam S\u0259rdarl\u0131ya atas\u0131 B\u0259xtiyar H\u00fcseynova l\u0259\u011fv edilmi\u015f Milli T\u0259hl\u00fck\u0259sizlik Nazirliyind\u0259 ibtidai istintaq apar\u0131lan cinay\u0259t i\u015fi \u00fczr\u0259 Cinay\u0259t M\u0259c\u0259ll\u0259sinin 234.4.3-c\u00fc (k\u00fclli miqdarda qanunsuz narkotik) madd\u0259si il\u0259 daha y\u00fcng\u00fcl c\u0259za ver\u0259c\u0259yi ad\u0131 il\u0259 aldad\u0131b.21.09.2017 <\/p>\n\n\n\n<p>&#8211; Ayg\u00fcn Akimova \u00f6z\u00fcn\u00fc sahibkarlara l\u0259\u011fv edilmi\u015f Milli T\u0259hl\u00fck\u0259sizlik Nazirliyinin (MTN) m\u0259xfi agenti, v\u0259zif\u0259li \u015f\u0259xs kimi t\u0259qdim ed\u0259r\u0259k, onlar\u0131n 1 milyon manat\u0131n\u0131 d\u0259l\u0259duzluq yolu il\u0259 \u0259l\u0259 ke\u00e7irib. 23.11.2017<\/p>\n\n\n\n<p> &#8211; Sabiq h\u0259rbi qulluq\u00e7u, ehtiyatda olan polkovnik Sahib \u015e\u00fck\u00fcrov, \u00fcmumilikd\u0259, 1 milyon manata yax\u0131n d\u0259l\u0259duzluq etm\u0259kd\u0259 t\u0259qsirli bilinir. \u0130ttiham akt\u0131na \u0259sas\u0259n, o, \u0130lqar \u018fliyevi i\u015f\u0259 d\u00fcz\u0259ltm\u0259k ad\u0131 il\u0259, Xan\u0131mbac\u0131 \u0130smay\u0131lovan\u0131 is\u0259 q\u0131z\u0131n\u0131n cinay\u0259t i\u015fin\u0259 xitam verdir\u0259c\u0259yi v\u0259di il\u0259 aldadaraq onlar\u0131n pulunu d\u0259l\u0259duzluq yolu il\u0259 \u0259l\u0259 ke\u00e7irib.06.08.2018 <\/p>\n\n\n\n<p>&#8211; \u00d6zl\u0259rini \u018fm\u0259k v\u0259 \u018fhalinin Sosial M\u00fcdafi\u0259si Nazirliyi yan\u0131nda D\u00f6vl\u0259t Sosial M\u00fcdafi\u0259 Fondunun v\u0259zif\u0259li \u015f\u0259xsl\u0259ri kimi t\u0259qdim ed\u0259n bir qrup \u015f\u0259xsin pensiya v\u0259 \u00fcnvanl\u0131 sosial yard\u0131mlar\u0131n t\u0259yin edilm\u0259si il\u0259 ba\u011fl\u0131 \u0130smay\u0131ll\u0131 rayon sakinl\u0259rind\u0259n qanunsuz olaraq pul almalar\u0131 bar\u0259d\u0259 daxil olmu\u015f m\u00fcraci\u0259t Ba\u015f prokuror yan\u0131nda Korrupsiyaya qar\u015f\u0131 M\u00fcbariz\u0259 Ba\u015f \u0130dar\u0259sind\u0259 ara\u015fd\u0131r\u0131lm\u0131\u015fd\u0131r.05.09.2018 <\/p>\n\n\n\n<p>&#8211; L\u0259\u011fv edilmi\u015f Milli T\u0259hl\u00fck\u0259sizlik Nazirliyinin \u0259m\u0259kda\u015f\u0131 V\u00fcqar Allahverdiyev \u018fdliyy\u0259 Nazirliyinin Penitensiar xidm\u0259tin 7 v\u0259 13 sayl\u0131 c\u0259za\u00e7\u0259km\u0259 m\u00fc\u0259ssis\u0259l\u0259rind\u0259 saxlan\u0131ld\u0131\u011f\u0131 m\u00fcdd\u0259td\u0259 bir ne\u00e7\u0259 d\u0259l\u0259duzluq \u0259m\u0259li t\u00f6r\u0259dib. H\u0259bsxanada olan zaman m\u0259hkum edilmi\u015f \u015f\u0259xsl\u0259rin v\u0259 onlar\u0131n yax\u0131n qohumlar\u0131n\u0131n etibar\u0131ndan sui-istifad\u0259 etm\u0259 v\u0259 ya aldatma yolu il\u0259 onlara m\u0259xsus m\u00fcxt\u0259lif m\u0259bl\u0259\u011fl\u0259rd\u0259 pul v\u0259saitl\u0259rini \u0259l\u0259 ke\u00e7irib.15.01.2019<\/p>\n\n\n\n<p>Y\u00fczl\u0259rl\u0259 bel\u0259 faktlar var. Yaz\u0131da verdiyimiz sonuncu fakt is\u0259 \u201c\u015fedevr\u201ddir.<\/p>\n\n\n\n<p>Bunlar toplad\u0131\u011f\u0131m faktlar\u0131n bir hiss\u0259sidir. Maraql\u0131d\u0131r ki, d\u0259l\u0259duzlu\u011fun y\u00fczl\u0259rl\u0259 variant\u0131na \u015fahid oluruq, ist\u0259r d\u00f6vl\u0259t qurumlar\u0131nda \u00e7al\u0131\u015fanlar\u0131n, ist\u0259rs\u0259 d\u0259 s\u0131ravi v\u0259t\u0259nda\u015flar\u0131n bu bax\u0131mdan fantaziyas\u0131 \u00e7ox z\u0259ngindir. \u00c7al\u0131\u015f\u0131n onlar\u0131n toruna d\u00fc\u015fm\u0259yin. Onlar tezlikl\u0259 canlar\u0131n\u0131 qurtaracaq, sizins\u0259 d\u00fc\u015fd\u00fcy\u00fcn\u00fcz tordan \u00e7\u0131xma\u011f\u0131n\u0131z \u00e7\u0259tin olacaq&#8230;<\/p>\n","protected":false},"excerpt":{"rendered":"<p>D\u0259l\u0259duzlar aras\u0131nda hakim, prokuror, deputat, MTN \u0259m\u0259kda\u015f\u0131 var \u00a0 Az\u0259rbaycan\u0131n &#8230; <\/p>\n<p class=\"read-more-container\"><a title=\"\u00d6lk\u0259nin d\u0259l\u0259duzluq m\u0259nz\u0259r\u0259si\" class=\"read-more button\" href=\"https:\/\/www.meydan.tv\/az\/article\/olkenin-deleduzluq-menzeresi\/#more-245791\" aria-label=\"Read more about \u00d6lk\u0259nin d\u0259l\u0259duzluq m\u0259nz\u0259r\u0259si\">Davam\u0131<\/a><\/p>\n","protected":false},"author":8,"featured_media":125837,"comment_status":"closed","ping_status":"closed","sticky":false,"template":"","format":"standard","meta":{"_acf_changed":false,"_sitemap_exclude":false,"_sitemap_priority":"","_sitemap_frequency":"","footnotes":""},"categories":[57],"tags":[],"class_list":["post-245791","post","type-post","status-publish","format-standard","has-post-thumbnail","hentry","category-menim-fikrimce","infinite-scroll-item","generate-columns","tablet-grid-50","mobile-grid-100","grid-parent","grid-33","no-featured-image-padding"],"acf":[],"yoast_head":"<!-- This site is optimized with the Yoast SEO plugin v27.4 - https:\/\/yoast.com\/product\/yoast-seo-wordpress\/ -->\n<title>\u00d6lk\u0259nin d\u0259l\u0259duzluq m\u0259nz\u0259r\u0259si - MEYDAN.TV<\/title>\n<meta name=\"robots\" content=\"index, follow, max-snippet:-1, max-image-preview:large, max-video-preview:-1\" \/>\n<link rel=\"canonical\" href=\"https:\/\/www.meydan.tv\/az\/article\/olkenin-deleduzluq-menzeresi\/\" \/>\n<meta property=\"og:locale\" content=\"az_AZ\" \/>\n<meta property=\"og:type\" content=\"article\" \/>\n<meta property=\"og:title\" content=\"\u00d6lk\u0259nin d\u0259l\u0259duzluq m\u0259nz\u0259r\u0259si - MEYDAN.TV\" \/>\n<meta property=\"og:description\" content=\"D\u0259l\u0259duzlar aras\u0131nda hakim, prokuror, deputat, MTN \u0259m\u0259kda\u015f\u0131 var \u00a0 Az\u0259rbaycan\u0131n ... Davam\u0131\" \/>\n<meta property=\"og:url\" content=\"https:\/\/www.meydan.tv\/az\/article\/olkenin-deleduzluq-menzeresi\/\" \/>\n<meta property=\"og:site_name\" content=\"MEYDAN.TV\" \/>\n<meta property=\"article:published_time\" content=\"2022-05-20T07:38:02+00:00\" \/>\n<meta property=\"article:modified_time\" content=\"2022-05-20T07:38:08+00:00\" \/>\n<meta property=\"og:image\" content=\"https:\/\/www.meydan.tv\/wp-content\/uploads\/image_from_ios_unrqckb.original-scaled.jpg\" \/>\n\t<meta property=\"og:image:width\" content=\"2560\" \/>\n\t<meta property=\"og:image:height\" content=\"1440\" \/>\n\t<meta property=\"og:image:type\" content=\"image\/jpeg\" \/>\n<meta name=\"author\" content=\"elli\" \/>\n<meta name=\"twitter:card\" content=\"summary_large_image\" \/>\n<meta name=\"twitter:creator\" content=\"@elli\" \/>\n<script type=\"application\/ld+json\" class=\"yoast-schema-graph\">{\"@context\":\"https:\\\/\\\/schema.org\",\"@graph\":[{\"@type\":\"Article\",\"@id\":\"https:\\\/\\\/www.meydan.tv\\\/az\\\/article\\\/olkenin-deleduzluq-menzeresi\\\/#article\",\"isPartOf\":{\"@id\":\"https:\\\/\\\/www.meydan.tv\\\/az\\\/article\\\/olkenin-deleduzluq-menzeresi\\\/\"},\"author\":{\"name\":\"elli\",\"@id\":\"https:\\\/\\\/www.meydan.tv\\\/az\\\/#\\\/schema\\\/person\\\/9cdbecf90d17180ce1dfbd95b08dcf47\"},\"headline\":\"\u00d6lk\u0259nin d\u0259l\u0259duzluq m\u0259nz\u0259r\u0259si\",\"datePublished\":\"2022-05-20T07:38:02+00:00\",\"dateModified\":\"2022-05-20T07:38:08+00:00\",\"mainEntityOfPage\":{\"@id\":\"https:\\\/\\\/www.meydan.tv\\\/az\\\/article\\\/olkenin-deleduzluq-menzeresi\\\/\"},\"wordCount\":1755,\"publisher\":{\"@id\":\"https:\\\/\\\/www.meydan.tv\\\/az\\\/#organization\"},\"image\":{\"@id\":\"https:\\\/\\\/www.meydan.tv\\\/az\\\/article\\\/olkenin-deleduzluq-menzeresi\\\/#primaryimage\"},\"thumbnailUrl\":\"https:\\\/\\\/www.meydan.tv\\\/wp-content\\\/uploads\\\/image_from_ios_unrqckb.original-scaled-e1685106480202.jpg\",\"articleSection\":[\"M\u0259nim Fikrimc\u0259\"],\"inLanguage\":\"az\"},{\"@type\":\"WebPage\",\"@id\":\"https:\\\/\\\/www.meydan.tv\\\/az\\\/article\\\/olkenin-deleduzluq-menzeresi\\\/\",\"url\":\"https:\\\/\\\/www.meydan.tv\\\/az\\\/article\\\/olkenin-deleduzluq-menzeresi\\\/\",\"name\":\"\u00d6lk\u0259nin d\u0259l\u0259duzluq m\u0259nz\u0259r\u0259si - MEYDAN.TV\",\"isPartOf\":{\"@id\":\"https:\\\/\\\/www.meydan.tv\\\/az\\\/#website\"},\"primaryImageOfPage\":{\"@id\":\"https:\\\/\\\/www.meydan.tv\\\/az\\\/article\\\/olkenin-deleduzluq-menzeresi\\\/#primaryimage\"},\"image\":{\"@id\":\"https:\\\/\\\/www.meydan.tv\\\/az\\\/article\\\/olkenin-deleduzluq-menzeresi\\\/#primaryimage\"},\"thumbnailUrl\":\"https:\\\/\\\/www.meydan.tv\\\/wp-content\\\/uploads\\\/image_from_ios_unrqckb.original-scaled-e1685106480202.jpg\",\"datePublished\":\"2022-05-20T07:38:02+00:00\",\"dateModified\":\"2022-05-20T07:38:08+00:00\",\"breadcrumb\":{\"@id\":\"https:\\\/\\\/www.meydan.tv\\\/az\\\/article\\\/olkenin-deleduzluq-menzeresi\\\/#breadcrumb\"},\"inLanguage\":\"az\",\"potentialAction\":[{\"@type\":\"ReadAction\",\"target\":[\"https:\\\/\\\/www.meydan.tv\\\/az\\\/article\\\/olkenin-deleduzluq-menzeresi\\\/\"]}]},{\"@type\":\"ImageObject\",\"inLanguage\":\"az\",\"@id\":\"https:\\\/\\\/www.meydan.tv\\\/az\\\/article\\\/olkenin-deleduzluq-menzeresi\\\/#primaryimage\",\"url\":\"https:\\\/\\\/www.meydan.tv\\\/wp-content\\\/uploads\\\/image_from_ios_unrqckb.original-scaled-e1685106480202.jpg\",\"contentUrl\":\"https:\\\/\\\/www.meydan.tv\\\/wp-content\\\/uploads\\\/image_from_ios_unrqckb.original-scaled-e1685106480202.jpg\",\"width\":2560,\"height\":1228,\"caption\":\"M\u0259nb\u0259: Meydan TV\"},{\"@type\":\"BreadcrumbList\",\"@id\":\"https:\\\/\\\/www.meydan.tv\\\/az\\\/article\\\/olkenin-deleduzluq-menzeresi\\\/#breadcrumb\",\"itemListElement\":[{\"@type\":\"ListItem\",\"position\":1,\"name\":\"Ana s\u0259hif\u0259\",\"item\":\"https:\\\/\\\/www.meydan.tv\\\/az\\\/\"},{\"@type\":\"ListItem\",\"position\":2,\"name\":\"M\u0259nim Fikrimc\u0259\",\"item\":\"https:\\\/\\\/www.meydan.tv\\\/az\\\/section\\\/menim-fikrimce\\\/\"},{\"@type\":\"ListItem\",\"position\":3,\"name\":\"\u00d6lk\u0259nin d\u0259l\u0259duzluq m\u0259nz\u0259r\u0259si\"}]},{\"@type\":\"WebSite\",\"@id\":\"https:\\\/\\\/www.meydan.tv\\\/az\\\/#website\",\"url\":\"https:\\\/\\\/www.meydan.tv\\\/az\\\/\",\"name\":\"MEYDAN.TV\",\"description\":\"Meydan TV Az\u0259rbaycan\u0131n media m\u0259kan\u0131ndak\u0131 alternativ s\u0259sidir\",\"publisher\":{\"@id\":\"https:\\\/\\\/www.meydan.tv\\\/az\\\/#organization\"},\"potentialAction\":[{\"@type\":\"SearchAction\",\"target\":{\"@type\":\"EntryPoint\",\"urlTemplate\":\"https:\\\/\\\/www.meydan.tv\\\/az\\\/?s={search_term_string}\"},\"query-input\":{\"@type\":\"PropertyValueSpecification\",\"valueRequired\":true,\"valueName\":\"search_term_string\"}}],\"inLanguage\":\"az\"},{\"@type\":\"Organization\",\"@id\":\"https:\\\/\\\/www.meydan.tv\\\/az\\\/#organization\",\"name\":\"Meydan TV\",\"url\":\"https:\\\/\\\/www.meydan.tv\\\/az\\\/\",\"logo\":{\"@type\":\"ImageObject\",\"inLanguage\":\"az\",\"@id\":\"https:\\\/\\\/www.meydan.tv\\\/az\\\/#\\\/schema\\\/logo\\\/image\\\/\",\"url\":\"https:\\\/\\\/www.meydan.tv\\\/wp-content\\\/uploads\\\/2021\\\/07\\\/meydan-logo.svg\",\"contentUrl\":\"https:\\\/\\\/www.meydan.tv\\\/wp-content\\\/uploads\\\/2021\\\/07\\\/meydan-logo.svg\",\"width\":195,\"height\":46,\"caption\":\"Meydan TV\"},\"image\":{\"@id\":\"https:\\\/\\\/www.meydan.tv\\\/az\\\/#\\\/schema\\\/logo\\\/image\\\/\"}},{\"@type\":\"Person\",\"@id\":\"https:\\\/\\\/www.meydan.tv\\\/az\\\/#\\\/schema\\\/person\\\/9cdbecf90d17180ce1dfbd95b08dcf47\",\"name\":\"elli\",\"sameAs\":[\"https:\\\/\\\/x.com\\\/elli\"]}]}<\/script>\n<!-- \/ Yoast SEO plugin. -->","yoast_head_json":{"title":"\u00d6lk\u0259nin d\u0259l\u0259duzluq m\u0259nz\u0259r\u0259si - MEYDAN.TV","robots":{"index":"index","follow":"follow","max-snippet":"max-snippet:-1","max-image-preview":"max-image-preview:large","max-video-preview":"max-video-preview:-1"},"canonical":"https:\/\/www.meydan.tv\/az\/article\/olkenin-deleduzluq-menzeresi\/","og_locale":"az_AZ","og_type":"article","og_title":"\u00d6lk\u0259nin d\u0259l\u0259duzluq m\u0259nz\u0259r\u0259si - MEYDAN.TV","og_description":"D\u0259l\u0259duzlar aras\u0131nda hakim, prokuror, deputat, MTN \u0259m\u0259kda\u015f\u0131 var \u00a0 Az\u0259rbaycan\u0131n ... Davam\u0131","og_url":"https:\/\/www.meydan.tv\/az\/article\/olkenin-deleduzluq-menzeresi\/","og_site_name":"MEYDAN.TV","article_published_time":"2022-05-20T07:38:02+00:00","article_modified_time":"2022-05-20T07:38:08+00:00","og_image":[{"width":2560,"height":1440,"url":"https:\/\/www.meydan.tv\/wp-content\/uploads\/image_from_ios_unrqckb.original-scaled.jpg","type":"image\/jpeg"}],"author":"elli","twitter_card":"summary_large_image","twitter_creator":"@elli","schema":{"@context":"https:\/\/schema.org","@graph":[{"@type":"Article","@id":"https:\/\/www.meydan.tv\/az\/article\/olkenin-deleduzluq-menzeresi\/#article","isPartOf":{"@id":"https:\/\/www.meydan.tv\/az\/article\/olkenin-deleduzluq-menzeresi\/"},"author":{"name":"elli","@id":"https:\/\/www.meydan.tv\/az\/#\/schema\/person\/9cdbecf90d17180ce1dfbd95b08dcf47"},"headline":"\u00d6lk\u0259nin d\u0259l\u0259duzluq m\u0259nz\u0259r\u0259si","datePublished":"2022-05-20T07:38:02+00:00","dateModified":"2022-05-20T07:38:08+00:00","mainEntityOfPage":{"@id":"https:\/\/www.meydan.tv\/az\/article\/olkenin-deleduzluq-menzeresi\/"},"wordCount":1755,"publisher":{"@id":"https:\/\/www.meydan.tv\/az\/#organization"},"image":{"@id":"https:\/\/www.meydan.tv\/az\/article\/olkenin-deleduzluq-menzeresi\/#primaryimage"},"thumbnailUrl":"https:\/\/www.meydan.tv\/wp-content\/uploads\/image_from_ios_unrqckb.original-scaled-e1685106480202.jpg","articleSection":["M\u0259nim Fikrimc\u0259"],"inLanguage":"az"},{"@type":"WebPage","@id":"https:\/\/www.meydan.tv\/az\/article\/olkenin-deleduzluq-menzeresi\/","url":"https:\/\/www.meydan.tv\/az\/article\/olkenin-deleduzluq-menzeresi\/","name":"\u00d6lk\u0259nin d\u0259l\u0259duzluq m\u0259nz\u0259r\u0259si - MEYDAN.TV","isPartOf":{"@id":"https:\/\/www.meydan.tv\/az\/#website"},"primaryImageOfPage":{"@id":"https:\/\/www.meydan.tv\/az\/article\/olkenin-deleduzluq-menzeresi\/#primaryimage"},"image":{"@id":"https:\/\/www.meydan.tv\/az\/article\/olkenin-deleduzluq-menzeresi\/#primaryimage"},"thumbnailUrl":"https:\/\/www.meydan.tv\/wp-content\/uploads\/image_from_ios_unrqckb.original-scaled-e1685106480202.jpg","datePublished":"2022-05-20T07:38:02+00:00","dateModified":"2022-05-20T07:38:08+00:00","breadcrumb":{"@id":"https:\/\/www.meydan.tv\/az\/article\/olkenin-deleduzluq-menzeresi\/#breadcrumb"},"inLanguage":"az","potentialAction":[{"@type":"ReadAction","target":["https:\/\/www.meydan.tv\/az\/article\/olkenin-deleduzluq-menzeresi\/"]}]},{"@type":"ImageObject","inLanguage":"az","@id":"https:\/\/www.meydan.tv\/az\/article\/olkenin-deleduzluq-menzeresi\/#primaryimage","url":"https:\/\/www.meydan.tv\/wp-content\/uploads\/image_from_ios_unrqckb.original-scaled-e1685106480202.jpg","contentUrl":"https:\/\/www.meydan.tv\/wp-content\/uploads\/image_from_ios_unrqckb.original-scaled-e1685106480202.jpg","width":2560,"height":1228,"caption":"M\u0259nb\u0259: Meydan TV"},{"@type":"BreadcrumbList","@id":"https:\/\/www.meydan.tv\/az\/article\/olkenin-deleduzluq-menzeresi\/#breadcrumb","itemListElement":[{"@type":"ListItem","position":1,"name":"Ana s\u0259hif\u0259","item":"https:\/\/www.meydan.tv\/az\/"},{"@type":"ListItem","position":2,"name":"M\u0259nim Fikrimc\u0259","item":"https:\/\/www.meydan.tv\/az\/section\/menim-fikrimce\/"},{"@type":"ListItem","position":3,"name":"\u00d6lk\u0259nin d\u0259l\u0259duzluq m\u0259nz\u0259r\u0259si"}]},{"@type":"WebSite","@id":"https:\/\/www.meydan.tv\/az\/#website","url":"https:\/\/www.meydan.tv\/az\/","name":"MEYDAN.TV","description":"Meydan TV Az\u0259rbaycan\u0131n media m\u0259kan\u0131ndak\u0131 alternativ s\u0259sidir","publisher":{"@id":"https:\/\/www.meydan.tv\/az\/#organization"},"potentialAction":[{"@type":"SearchAction","target":{"@type":"EntryPoint","urlTemplate":"https:\/\/www.meydan.tv\/az\/?s={search_term_string}"},"query-input":{"@type":"PropertyValueSpecification","valueRequired":true,"valueName":"search_term_string"}}],"inLanguage":"az"},{"@type":"Organization","@id":"https:\/\/www.meydan.tv\/az\/#organization","name":"Meydan TV","url":"https:\/\/www.meydan.tv\/az\/","logo":{"@type":"ImageObject","inLanguage":"az","@id":"https:\/\/www.meydan.tv\/az\/#\/schema\/logo\/image\/","url":"https:\/\/www.meydan.tv\/wp-content\/uploads\/2021\/07\/meydan-logo.svg","contentUrl":"https:\/\/www.meydan.tv\/wp-content\/uploads\/2021\/07\/meydan-logo.svg","width":195,"height":46,"caption":"Meydan TV"},"image":{"@id":"https:\/\/www.meydan.tv\/az\/#\/schema\/logo\/image\/"}},{"@type":"Person","@id":"https:\/\/www.meydan.tv\/az\/#\/schema\/person\/9cdbecf90d17180ce1dfbd95b08dcf47","name":"elli","sameAs":["https:\/\/x.com\/elli"]}]}},"_links":{"self":[{"href":"https:\/\/www.meydan.tv\/az\/wp-json\/wp\/v2\/posts\/245791","targetHints":{"allow":["GET"]}}],"collection":[{"href":"https:\/\/www.meydan.tv\/az\/wp-json\/wp\/v2\/posts"}],"about":[{"href":"https:\/\/www.meydan.tv\/az\/wp-json\/wp\/v2\/types\/post"}],"author":[{"embeddable":true,"href":"https:\/\/www.meydan.tv\/az\/wp-json\/wp\/v2\/users\/8"}],"replies":[{"embeddable":true,"href":"https:\/\/www.meydan.tv\/az\/wp-json\/wp\/v2\/comments?post=245791"}],"version-history":[{"count":1,"href":"https:\/\/www.meydan.tv\/az\/wp-json\/wp\/v2\/posts\/245791\/revisions"}],"predecessor-version":[{"id":245792,"href":"https:\/\/www.meydan.tv\/az\/wp-json\/wp\/v2\/posts\/245791\/revisions\/245792"}],"wp:featuredmedia":[{"embeddable":true,"href":"https:\/\/www.meydan.tv\/az\/wp-json\/wp\/v2\/media\/125837"}],"wp:attachment":[{"href":"https:\/\/www.meydan.tv\/az\/wp-json\/wp\/v2\/media?parent=245791"}],"wp:term":[{"taxonomy":"category","embeddable":true,"href":"https:\/\/www.meydan.tv\/az\/wp-json\/wp\/v2\/categories?post=245791"},{"taxonomy":"post_tag","embeddable":true,"href":"https:\/\/www.meydan.tv\/az\/wp-json\/wp\/v2\/tags?post=245791"}],"curies":[{"name":"wp","href":"https:\/\/api.w.org\/{rel}","templated":true}]}}