{"id":245689,"date":"2022-05-19T16:50:21","date_gmt":"2022-05-19T12:50:21","guid":{"rendered":"https:\/\/www.meydan.tv\/?p=245689"},"modified":"2022-05-19T16:50:23","modified_gmt":"2022-05-19T12:50:23","slug":"iranda-etiraz-aksiyalarinda-5-neferin-olduyu-iddia-edilir","status":"publish","type":"post","link":"https:\/\/www.meydan.tv\/az\/article\/iranda-etiraz-aksiyalarinda-5-neferin-olduyu-iddia-edilir\/","title":{"rendered":"\u0130randa etiraz aksiyalar\u0131nda 5 n\u0259f\u0259rin \u00f6ld\u00fcy\u00fc iddia edilir"},"content":{"rendered":"\n<figure class=\"wp-block-embed is-type-video is-provider-youtube wp-block-embed-youtube wp-embed-aspect-16-9 wp-has-aspect-ratio\"><div class=\"wp-block-embed__wrapper\">\n<iframe title=\"\u0130randa etiraz aksiyalar\u0131nda 5 n\u0259f\u0259rin \u00f6ld\u00fcy\u00fc iddia edilir\" width=\"1200\" height=\"675\" data-src=\"https:\/\/www.youtube.com\/embed\/yYtGY985CKk?feature=oembed\" frameborder=\"0\" allow=\"accelerometer; autoplay; clipboard-write; encrypted-media; gyroscope; picture-in-picture\" allowfullscreen src=\"data:image\/svg+xml;base64,PHN2ZyB3aWR0aD0iMSIgaGVpZ2h0PSIxIiB4bWxucz0iaHR0cDovL3d3dy53My5vcmcvMjAwMC9zdmciPjwvc3ZnPg==\" class=\"lazyload\" data-load-mode=\"1\"><\/iframe>\n<\/div><\/figure>\n\n\n\n<!--more-->\n\n\n\n<p>Tehranda avtobus s\u00fcr\u00fcc\u00fcl\u0259ri etiraz edir. Tehran hakimiyy\u0259ti avtobus s\u00fcr\u00fcc\u00fcl\u0259rinin t\u0259tilini dayand\u0131rma\u011fa \u00e7al\u0131\u015f\u0131r.&nbsp;<\/p>\n\n\n\n<p>\u0130ran paytaxt\u0131nda n\u0259qliyyat\u0131 iflic etmi\u015f t\u0259tilin h\u00f6kum\u0259t\u0259 qar\u015f\u0131 etirazlarla birl\u0259\u015fm\u0259k t\u0259hdidi is\u0259 hakimiyy\u0259ti narahat edir.<\/p>\n\n\n\n<p>\u00d6t\u0259n h\u0259ft\u0259 \u0130ran\u0131 b\u0259zi b\u00f6lg\u0259l\u0259rind\u0259 ba\u015flanm\u0131\u015f antih\u00f6k\u00fcm\u0259t etirazlar\u0131nda is\u0259 s\u0259rt-x\u0259tt t\u0259r\u0259fdar\u0131 prezident \u0130brahim R\u0259isinin, Ali dini lider Ay\u0259tulla \u018fli Xameneyinin istefas\u0131 t\u0259l\u0259b olunur.<\/p>\n\n\n\n<p>H\u00f6kum\u0259tin b\u0259zi \u0259sas \u0259rzaq m\u0259hsullar\u0131na subsidiyalar\u0131 l\u0259\u011fv etm\u0259sin\u0259 qiym\u0259tl\u0259rin s\u00fcr\u0259tl\u0259 qalxmas\u0131 etirazlar\u0131 alovland\u0131r\u0131b. \u00d6lk\u0259d\u0259 inflyasiya onsuz da 40 faizdir, i\u015fsizlik art\u0131r, bitki ya\u011f\u0131, d\u0259rman q\u0131tl\u0131\u011f\u0131 ya\u015fan\u0131r.<\/p>\n\n\n\n<p>T\u0259hl\u00fck\u0259sizik q\u00fcvv\u0259l\u0259ri dig\u0259r \u015f\u0259h\u0259rl\u0259rd\u0259 artan inflyasiyaya, h\u00f6kum\u0259tin b\u0259zi subsidiyalar\u0131 k\u0259sm\u0259sin\u0259 etiraz ed\u0259nl\u0259r\u0259 qar\u015f\u0131 g\u00fcc i\u015fl\u0259dir.&nbsp;<\/p>\n\n\n\n<p>Az\u0131 be\u015f n\u00fcmayi\u015f\u00e7inin \u00f6ld\u00fcr\u00fclm\u0259si x\u0259b\u0259rl\u0259ri g\u0259lir.<\/p>\n\n\n\n<p>M\u00fc\u015fahid\u0259\u00e7il\u0259rin fikrinc\u0259, Tehran bu iki etiraz\u0131n birl\u0259\u015fm\u0259sini \u00f6nl\u0259m\u0259y\u0259 \u00e7al\u0131\u015f\u0131r. \u015e\u0259h\u0259r hakimiyy\u0259ti may\u0131n 17-d\u0259 elan edib ki, y\u00fcks\u0259k \u00e7irkl\u0259nm\u0259 s\u0259b\u0259bind\u0259n m\u0259kt\u0259bl\u0259ri v\u0259 h\u00f6kum\u0259t idar\u0259l\u0259rini ba\u011flay\u0131r.<\/p>\n","protected":false},"excerpt":{"rendered":"","protected":false},"author":14,"featured_media":245690,"comment_status":"closed","ping_status":"closed","sticky":false,"template":"","format":"standard","meta":{"_acf_changed":false,"_sitemap_exclude":false,"_sitemap_priority":"","_sitemap_frequency":"","footnotes":""},"categories":[63,56],"tags":[],"class_list":["post-245689","post","type-post","status-publish","format-standard","has-post-thumbnail","hentry","category-video-2","category-xeberler","infinite-scroll-item","generate-columns","tablet-grid-50","mobile-grid-100","grid-parent","grid-33","no-featured-image-padding"],"acf":[],"yoast_head":"<!-- This site is optimized with the Yoast SEO plugin v27.5 - https:\/\/yoast.com\/product\/yoast-seo-wordpress\/ -->\n<title>\u0130randa etiraz aksiyalar\u0131nda 5 n\u0259f\u0259rin \u00f6ld\u00fcy\u00fc iddia edilir - MEYDAN.TV<\/title>\n<meta name=\"robots\" content=\"index, follow, max-snippet:-1, max-image-preview:large, max-video-preview:-1\" \/>\n<link rel=\"canonical\" href=\"https:\/\/www.meydan.tv\/az\/article\/iranda-etiraz-aksiyalarinda-5-neferin-olduyu-iddia-edilir\/\" \/>\n<meta property=\"og:locale\" content=\"az_AZ\" \/>\n<meta property=\"og:type\" content=\"article\" \/>\n<meta property=\"og:title\" content=\"\u0130randa etiraz aksiyalar\u0131nda 5 n\u0259f\u0259rin \u00f6ld\u00fcy\u00fc iddia edilir - MEYDAN.TV\" \/>\n<meta property=\"og:url\" content=\"https:\/\/www.meydan.tv\/az\/article\/iranda-etiraz-aksiyalarinda-5-neferin-olduyu-iddia-edilir\/\" \/>\n<meta property=\"og:site_name\" content=\"MEYDAN.TV\" \/>\n<meta property=\"article:published_time\" content=\"2022-05-19T12:50:21+00:00\" \/>\n<meta property=\"article:modified_time\" content=\"2022-05-19T12:50:23+00:00\" \/>\n<meta property=\"og:image\" content=\"https:\/\/www.meydan.tv\/wp-content\/uploads\/photo_2022-05-19-14.47.57.jpeg\" \/>\n\t<meta property=\"og:image:width\" content=\"1200\" \/>\n\t<meta property=\"og:image:height\" content=\"675\" \/>\n\t<meta property=\"og:image:type\" content=\"image\/jpeg\" \/>\n<meta name=\"author\" content=\"roma\" \/>\n<meta name=\"twitter:card\" content=\"summary_large_image\" \/>\n<script type=\"application\/ld+json\" class=\"yoast-schema-graph\">{\"@context\":\"https:\\\/\\\/schema.org\",\"@graph\":[{\"@type\":\"Article\",\"@id\":\"https:\\\/\\\/www.meydan.tv\\\/az\\\/article\\\/iranda-etiraz-aksiyalarinda-5-neferin-olduyu-iddia-edilir\\\/#article\",\"isPartOf\":{\"@id\":\"https:\\\/\\\/www.meydan.tv\\\/az\\\/article\\\/iranda-etiraz-aksiyalarinda-5-neferin-olduyu-iddia-edilir\\\/\"},\"author\":{\"name\":\"roma\",\"@id\":\"https:\\\/\\\/www.meydan.tv\\\/az\\\/#\\\/schema\\\/person\\\/8f23e01c4de63326c13c319fb65ee65d\"},\"headline\":\"\u0130randa etiraz aksiyalar\u0131nda 5 n\u0259f\u0259rin \u00f6ld\u00fcy\u00fc iddia edilir\",\"datePublished\":\"2022-05-19T12:50:21+00:00\",\"dateModified\":\"2022-05-19T12:50:23+00:00\",\"mainEntityOfPage\":{\"@id\":\"https:\\\/\\\/www.meydan.tv\\\/az\\\/article\\\/iranda-etiraz-aksiyalarinda-5-neferin-olduyu-iddia-edilir\\\/\"},\"wordCount\":254,\"publisher\":{\"@id\":\"https:\\\/\\\/www.meydan.tv\\\/az\\\/#organization\"},\"image\":{\"@id\":\"https:\\\/\\\/www.meydan.tv\\\/az\\\/article\\\/iranda-etiraz-aksiyalarinda-5-neferin-olduyu-iddia-edilir\\\/#primaryimage\"},\"thumbnailUrl\":\"https:\\\/\\\/www.meydan.tv\\\/wp-content\\\/uploads\\\/photo_2022-05-19-14.47.57.jpeg\",\"articleSection\":[\"Video\",\"X\u0259b\u0259rl\u0259r\"],\"inLanguage\":\"az\"},{\"@type\":\"WebPage\",\"@id\":\"https:\\\/\\\/www.meydan.tv\\\/az\\\/article\\\/iranda-etiraz-aksiyalarinda-5-neferin-olduyu-iddia-edilir\\\/\",\"url\":\"https:\\\/\\\/www.meydan.tv\\\/az\\\/article\\\/iranda-etiraz-aksiyalarinda-5-neferin-olduyu-iddia-edilir\\\/\",\"name\":\"\u0130randa etiraz aksiyalar\u0131nda 5 n\u0259f\u0259rin \u00f6ld\u00fcy\u00fc iddia edilir - MEYDAN.TV\",\"isPartOf\":{\"@id\":\"https:\\\/\\\/www.meydan.tv\\\/az\\\/#website\"},\"primaryImageOfPage\":{\"@id\":\"https:\\\/\\\/www.meydan.tv\\\/az\\\/article\\\/iranda-etiraz-aksiyalarinda-5-neferin-olduyu-iddia-edilir\\\/#primaryimage\"},\"image\":{\"@id\":\"https:\\\/\\\/www.meydan.tv\\\/az\\\/article\\\/iranda-etiraz-aksiyalarinda-5-neferin-olduyu-iddia-edilir\\\/#primaryimage\"},\"thumbnailUrl\":\"https:\\\/\\\/www.meydan.tv\\\/wp-content\\\/uploads\\\/photo_2022-05-19-14.47.57.jpeg\",\"datePublished\":\"2022-05-19T12:50:21+00:00\",\"dateModified\":\"2022-05-19T12:50:23+00:00\",\"breadcrumb\":{\"@id\":\"https:\\\/\\\/www.meydan.tv\\\/az\\\/article\\\/iranda-etiraz-aksiyalarinda-5-neferin-olduyu-iddia-edilir\\\/#breadcrumb\"},\"inLanguage\":\"az\",\"potentialAction\":[{\"@type\":\"ReadAction\",\"target\":[\"https:\\\/\\\/www.meydan.tv\\\/az\\\/article\\\/iranda-etiraz-aksiyalarinda-5-neferin-olduyu-iddia-edilir\\\/\"]}]},{\"@type\":\"ImageObject\",\"inLanguage\":\"az\",\"@id\":\"https:\\\/\\\/www.meydan.tv\\\/az\\\/article\\\/iranda-etiraz-aksiyalarinda-5-neferin-olduyu-iddia-edilir\\\/#primaryimage\",\"url\":\"https:\\\/\\\/www.meydan.tv\\\/wp-content\\\/uploads\\\/photo_2022-05-19-14.47.57.jpeg\",\"contentUrl\":\"https:\\\/\\\/www.meydan.tv\\\/wp-content\\\/uploads\\\/photo_2022-05-19-14.47.57.jpeg\",\"width\":1200,\"height\":675},{\"@type\":\"BreadcrumbList\",\"@id\":\"https:\\\/\\\/www.meydan.tv\\\/az\\\/article\\\/iranda-etiraz-aksiyalarinda-5-neferin-olduyu-iddia-edilir\\\/#breadcrumb\",\"itemListElement\":[{\"@type\":\"ListItem\",\"position\":1,\"name\":\"Ana s\u0259hif\u0259\",\"item\":\"https:\\\/\\\/www.meydan.tv\\\/az\\\/\"},{\"@type\":\"ListItem\",\"position\":2,\"name\":\"Video\",\"item\":\"https:\\\/\\\/www.meydan.tv\\\/az\\\/section\\\/video-2\\\/\"},{\"@type\":\"ListItem\",\"position\":3,\"name\":\"\u0130randa etiraz aksiyalar\u0131nda 5 n\u0259f\u0259rin \u00f6ld\u00fcy\u00fc iddia edilir\"}]},{\"@type\":\"WebSite\",\"@id\":\"https:\\\/\\\/www.meydan.tv\\\/az\\\/#website\",\"url\":\"https:\\\/\\\/www.meydan.tv\\\/az\\\/\",\"name\":\"MEYDAN.TV\",\"description\":\"Meydan TV Az\u0259rbaycan\u0131n media m\u0259kan\u0131ndak\u0131 alternativ s\u0259sidir\",\"publisher\":{\"@id\":\"https:\\\/\\\/www.meydan.tv\\\/az\\\/#organization\"},\"potentialAction\":[{\"@type\":\"SearchAction\",\"target\":{\"@type\":\"EntryPoint\",\"urlTemplate\":\"https:\\\/\\\/www.meydan.tv\\\/az\\\/?s={search_term_string}\"},\"query-input\":{\"@type\":\"PropertyValueSpecification\",\"valueRequired\":true,\"valueName\":\"search_term_string\"}}],\"inLanguage\":\"az\"},{\"@type\":\"Organization\",\"@id\":\"https:\\\/\\\/www.meydan.tv\\\/az\\\/#organization\",\"name\":\"Meydan TV\",\"url\":\"https:\\\/\\\/www.meydan.tv\\\/az\\\/\",\"logo\":{\"@type\":\"ImageObject\",\"inLanguage\":\"az\",\"@id\":\"https:\\\/\\\/www.meydan.tv\\\/az\\\/#\\\/schema\\\/logo\\\/image\\\/\",\"url\":\"https:\\\/\\\/www.meydan.tv\\\/wp-content\\\/uploads\\\/2021\\\/07\\\/meydan-logo.svg\",\"contentUrl\":\"https:\\\/\\\/www.meydan.tv\\\/wp-content\\\/uploads\\\/2021\\\/07\\\/meydan-logo.svg\",\"width\":195,\"height\":46,\"caption\":\"Meydan TV\"},\"image\":{\"@id\":\"https:\\\/\\\/www.meydan.tv\\\/az\\\/#\\\/schema\\\/logo\\\/image\\\/\"}},{\"@type\":\"Person\",\"@id\":\"https:\\\/\\\/www.meydan.tv\\\/az\\\/#\\\/schema\\\/person\\\/8f23e01c4de63326c13c319fb65ee65d\",\"name\":\"roma\"}]}<\/script>\n<!-- \/ Yoast SEO plugin. -->","yoast_head_json":{"title":"\u0130randa etiraz aksiyalar\u0131nda 5 n\u0259f\u0259rin \u00f6ld\u00fcy\u00fc iddia edilir - MEYDAN.TV","robots":{"index":"index","follow":"follow","max-snippet":"max-snippet:-1","max-image-preview":"max-image-preview:large","max-video-preview":"max-video-preview:-1"},"canonical":"https:\/\/www.meydan.tv\/az\/article\/iranda-etiraz-aksiyalarinda-5-neferin-olduyu-iddia-edilir\/","og_locale":"az_AZ","og_type":"article","og_title":"\u0130randa etiraz aksiyalar\u0131nda 5 n\u0259f\u0259rin \u00f6ld\u00fcy\u00fc iddia edilir - MEYDAN.TV","og_url":"https:\/\/www.meydan.tv\/az\/article\/iranda-etiraz-aksiyalarinda-5-neferin-olduyu-iddia-edilir\/","og_site_name":"MEYDAN.TV","article_published_time":"2022-05-19T12:50:21+00:00","article_modified_time":"2022-05-19T12:50:23+00:00","og_image":[{"width":1200,"height":675,"url":"https:\/\/www.meydan.tv\/wp-content\/uploads\/photo_2022-05-19-14.47.57.jpeg","type":"image\/jpeg"}],"author":"roma","twitter_card":"summary_large_image","schema":{"@context":"https:\/\/schema.org","@graph":[{"@type":"Article","@id":"https:\/\/www.meydan.tv\/az\/article\/iranda-etiraz-aksiyalarinda-5-neferin-olduyu-iddia-edilir\/#article","isPartOf":{"@id":"https:\/\/www.meydan.tv\/az\/article\/iranda-etiraz-aksiyalarinda-5-neferin-olduyu-iddia-edilir\/"},"author":{"name":"roma","@id":"https:\/\/www.meydan.tv\/az\/#\/schema\/person\/8f23e01c4de63326c13c319fb65ee65d"},"headline":"\u0130randa etiraz aksiyalar\u0131nda 5 n\u0259f\u0259rin \u00f6ld\u00fcy\u00fc iddia edilir","datePublished":"2022-05-19T12:50:21+00:00","dateModified":"2022-05-19T12:50:23+00:00","mainEntityOfPage":{"@id":"https:\/\/www.meydan.tv\/az\/article\/iranda-etiraz-aksiyalarinda-5-neferin-olduyu-iddia-edilir\/"},"wordCount":254,"publisher":{"@id":"https:\/\/www.meydan.tv\/az\/#organization"},"image":{"@id":"https:\/\/www.meydan.tv\/az\/article\/iranda-etiraz-aksiyalarinda-5-neferin-olduyu-iddia-edilir\/#primaryimage"},"thumbnailUrl":"https:\/\/www.meydan.tv\/wp-content\/uploads\/photo_2022-05-19-14.47.57.jpeg","articleSection":["Video","X\u0259b\u0259rl\u0259r"],"inLanguage":"az"},{"@type":"WebPage","@id":"https:\/\/www.meydan.tv\/az\/article\/iranda-etiraz-aksiyalarinda-5-neferin-olduyu-iddia-edilir\/","url":"https:\/\/www.meydan.tv\/az\/article\/iranda-etiraz-aksiyalarinda-5-neferin-olduyu-iddia-edilir\/","name":"\u0130randa etiraz aksiyalar\u0131nda 5 n\u0259f\u0259rin \u00f6ld\u00fcy\u00fc iddia edilir - MEYDAN.TV","isPartOf":{"@id":"https:\/\/www.meydan.tv\/az\/#website"},"primaryImageOfPage":{"@id":"https:\/\/www.meydan.tv\/az\/article\/iranda-etiraz-aksiyalarinda-5-neferin-olduyu-iddia-edilir\/#primaryimage"},"image":{"@id":"https:\/\/www.meydan.tv\/az\/article\/iranda-etiraz-aksiyalarinda-5-neferin-olduyu-iddia-edilir\/#primaryimage"},"thumbnailUrl":"https:\/\/www.meydan.tv\/wp-content\/uploads\/photo_2022-05-19-14.47.57.jpeg","datePublished":"2022-05-19T12:50:21+00:00","dateModified":"2022-05-19T12:50:23+00:00","breadcrumb":{"@id":"https:\/\/www.meydan.tv\/az\/article\/iranda-etiraz-aksiyalarinda-5-neferin-olduyu-iddia-edilir\/#breadcrumb"},"inLanguage":"az","potentialAction":[{"@type":"ReadAction","target":["https:\/\/www.meydan.tv\/az\/article\/iranda-etiraz-aksiyalarinda-5-neferin-olduyu-iddia-edilir\/"]}]},{"@type":"ImageObject","inLanguage":"az","@id":"https:\/\/www.meydan.tv\/az\/article\/iranda-etiraz-aksiyalarinda-5-neferin-olduyu-iddia-edilir\/#primaryimage","url":"https:\/\/www.meydan.tv\/wp-content\/uploads\/photo_2022-05-19-14.47.57.jpeg","contentUrl":"https:\/\/www.meydan.tv\/wp-content\/uploads\/photo_2022-05-19-14.47.57.jpeg","width":1200,"height":675},{"@type":"BreadcrumbList","@id":"https:\/\/www.meydan.tv\/az\/article\/iranda-etiraz-aksiyalarinda-5-neferin-olduyu-iddia-edilir\/#breadcrumb","itemListElement":[{"@type":"ListItem","position":1,"name":"Ana s\u0259hif\u0259","item":"https:\/\/www.meydan.tv\/az\/"},{"@type":"ListItem","position":2,"name":"Video","item":"https:\/\/www.meydan.tv\/az\/section\/video-2\/"},{"@type":"ListItem","position":3,"name":"\u0130randa etiraz aksiyalar\u0131nda 5 n\u0259f\u0259rin \u00f6ld\u00fcy\u00fc iddia edilir"}]},{"@type":"WebSite","@id":"https:\/\/www.meydan.tv\/az\/#website","url":"https:\/\/www.meydan.tv\/az\/","name":"MEYDAN.TV","description":"Meydan TV Az\u0259rbaycan\u0131n media m\u0259kan\u0131ndak\u0131 alternativ s\u0259sidir","publisher":{"@id":"https:\/\/www.meydan.tv\/az\/#organization"},"potentialAction":[{"@type":"SearchAction","target":{"@type":"EntryPoint","urlTemplate":"https:\/\/www.meydan.tv\/az\/?s={search_term_string}"},"query-input":{"@type":"PropertyValueSpecification","valueRequired":true,"valueName":"search_term_string"}}],"inLanguage":"az"},{"@type":"Organization","@id":"https:\/\/www.meydan.tv\/az\/#organization","name":"Meydan TV","url":"https:\/\/www.meydan.tv\/az\/","logo":{"@type":"ImageObject","inLanguage":"az","@id":"https:\/\/www.meydan.tv\/az\/#\/schema\/logo\/image\/","url":"https:\/\/www.meydan.tv\/wp-content\/uploads\/2021\/07\/meydan-logo.svg","contentUrl":"https:\/\/www.meydan.tv\/wp-content\/uploads\/2021\/07\/meydan-logo.svg","width":195,"height":46,"caption":"Meydan TV"},"image":{"@id":"https:\/\/www.meydan.tv\/az\/#\/schema\/logo\/image\/"}},{"@type":"Person","@id":"https:\/\/www.meydan.tv\/az\/#\/schema\/person\/8f23e01c4de63326c13c319fb65ee65d","name":"roma"}]}},"_links":{"self":[{"href":"https:\/\/www.meydan.tv\/az\/wp-json\/wp\/v2\/posts\/245689","targetHints":{"allow":["GET"]}}],"collection":[{"href":"https:\/\/www.meydan.tv\/az\/wp-json\/wp\/v2\/posts"}],"about":[{"href":"https:\/\/www.meydan.tv\/az\/wp-json\/wp\/v2\/types\/post"}],"author":[{"embeddable":true,"href":"https:\/\/www.meydan.tv\/az\/wp-json\/wp\/v2\/users\/14"}],"replies":[{"embeddable":true,"href":"https:\/\/www.meydan.tv\/az\/wp-json\/wp\/v2\/comments?post=245689"}],"version-history":[{"count":1,"href":"https:\/\/www.meydan.tv\/az\/wp-json\/wp\/v2\/posts\/245689\/revisions"}],"predecessor-version":[{"id":245693,"href":"https:\/\/www.meydan.tv\/az\/wp-json\/wp\/v2\/posts\/245689\/revisions\/245693"}],"wp:featuredmedia":[{"embeddable":true,"href":"https:\/\/www.meydan.tv\/az\/wp-json\/wp\/v2\/media\/245690"}],"wp:attachment":[{"href":"https:\/\/www.meydan.tv\/az\/wp-json\/wp\/v2\/media?parent=245689"}],"wp:term":[{"taxonomy":"category","embeddable":true,"href":"https:\/\/www.meydan.tv\/az\/wp-json\/wp\/v2\/categories?post=245689"},{"taxonomy":"post_tag","embeddable":true,"href":"https:\/\/www.meydan.tv\/az\/wp-json\/wp\/v2\/tags?post=245689"}],"curies":[{"name":"wp","href":"https:\/\/api.w.org\/{rel}","templated":true}]}}