{"id":245671,"date":"2022-05-19T14:36:22","date_gmt":"2022-05-19T10:36:22","guid":{"rendered":"https:\/\/www.meydan.tv\/?p=245671"},"modified":"2022-05-19T14:36:24","modified_gmt":"2022-05-19T10:36:24","slug":"sirketle-muqavile-legv-edilse-de-sahibkar-erazisini-terk-etmir","status":"publish","type":"post","link":"https:\/\/www.meydan.tv\/az\/article\/sirketle-muqavile-legv-edilse-de-sahibkar-erazisini-terk-etmir\/","title":{"rendered":"\u201c\u015eirk\u0259tl\u0259 m\u00fcqavil\u0259 l\u0259\u011fv edils\u0259 d\u0259, sahibkar \u0259razisini t\u0259rk etmir\u201d"},"content":{"rendered":"\n<p><\/p>\n\n\n\n<p><em>Cavid Qara: \u201c150 hektar m\u0259hv edilmi\u015f me\u015f\u0259 \u0259razisinin taleyi h\u0259l\u0259 d\u0259 qeyri-m\u00fc\u0259yy\u0259n qal\u0131b\u201d<\/em><\/p>\n\n\n\n<p>&#8220;Haftoni me\u015f\u0259sind\u0259 a\u011faclar\u0131n k\u0259silm\u0259sinin qar\u015f\u0131s\u0131n\u0131 ala bildik. \u201cBeta Tea\u201d \u015firk\u0259ti il\u0259 m\u00fcqavil\u0259y\u0259 xitam verildi. Amma h\u0259l\u0259 d\u0259 me\u015f\u0259 q\u0131r\u011f\u0131nlar\u0131n\u0131n qar\u015f\u0131s\u0131 tam al\u0131nm\u0131r&#8221;.<\/p>\n\n\n\n<p>\u201cEcofront\u201d t\u0259\u015fkilat\u0131n\u0131n r\u0259hb\u0259ri Cavid Qara Meydan TV-y\u0259 bel\u0259 deyib.<\/p>\n\n\n\n<p>L\u0259nk\u0259ran\u0131n Gird\u0259ni k\u0259ndi yax\u0131nl\u0131\u011f\u0131ndak\u0131 43 hektar sah\u0259si olan me\u015f\u0259 &#8220;Beta Tea&#8221; \u015firk\u0259tin\u0259 icar\u0259y\u0259 verilmi\u015fdi. M\u0259lumata g\u00f6r\u0259, \u00e7ay plantasiyas\u0131 salmaq \u00fc\u00e7\u00fcn 5 hektara yax\u0131n \u0259razid\u0259 a\u011faclar m\u0259hv edilib. Onlar\u0131n aras\u0131nda \u201cQ\u0131rm\u0131z\u0131 Kitab\u201da d\u00fc\u015f\u0259n nadir d\u0259mira\u011fac\u0131 da vard\u0131. Cavid Qara bildirib ki, da\u011f\u0131d\u0131lan 5-6 hektar \u0259razid\u0259 a\u011fac \u0259kilib, bu layih\u0259d\u0259 i\u015ftirak etmi\u015f m\u0259murlar is\u0259 i\u015fd\u0259n qovulub.<\/p>\n\n\n\n<p>&#8220;Amma Haftoni me\u015f\u0259b\u0259yliyind\u0259 \u201cBeta Tea\u201d \u015firk\u0259tinin m\u0259hv etdiyi \u0259raziy\u0259 biti\u015fik \u0259n az 20 d\u0259f\u0259 daha b\u00f6y\u00fck, y\u0259ni 150 hektar m\u0259hv edilmi\u015f me\u015f\u0259 \u0259razisinin taleyi h\u0259l\u0259 d\u0259 qeyri-m\u00fc\u0259yy\u0259n qal\u0131b. M\u00fcqavil\u0259nin l\u0259\u011fvi \u00fc\u00e7\u00fcn ekologiya v\u0259 t\u0259bii s\u0259rv\u0259tl\u0259r naziri \u0259mr verib v\u0259 m\u00fcqavil\u0259y\u0259 xitam verilib. Amma sahibkar h\u0259l\u0259 d\u0259 \u0259razini t\u0259rk etm\u0259yib. \u00c7\u0259p\u0259rl\u0259yib, m\u00fchafiz\u0259y\u0259 g\u00f6t\u00fcr\u00fcb v\u0259 \u0259l \u00e7\u0259km\u0259k ist\u0259mir&#8221;,- Cavid Qara s\u00f6yl\u0259yib.<\/p>\n\n\n\n<figure class=\"wp-block-image size-large\"><img decoding=\"async\" width=\"805\" height=\"821\" data-src=\"https:\/\/www.meydan.tv\/wp-content\/uploads\/img_7100-805x821.jpg\" alt=\"\" class=\"wp-image-245664 lazyload\" src=\"data:image\/svg+xml;base64,PHN2ZyB3aWR0aD0iMSIgaGVpZ2h0PSIxIiB4bWxucz0iaHR0cDovL3d3dy53My5vcmcvMjAwMC9zdmciPjwvc3ZnPg==\" style=\"--smush-placeholder-width: 805px; --smush-placeholder-aspect-ratio: 805\/821;\" \/><figcaption>Foto: Ecofront<\/figcaption><\/figure>\n\n\n\n<p>Onun s\u00f6zl\u0259rin\u0259 g\u00f6r\u0259, bu \u0259razi L\u0259nk\u0259randa Asfalt zavodunun direktoru olan \u015f\u0259xs\u0259 icar\u0259y\u0259 verilib. M\u00fcqavil\u0259 onun o\u011flunun ad\u0131na ba\u011flan\u0131b: <\/p>\n\n\n\n<p>&#8220;T\u0259kc\u0259 onlara veril\u0259n 100 hektar me\u015f\u0259ni m\u0259hv etm\u0259kl\u0259 qalmay\u0131blar, nazirliyin \u00f6z audit yoxlamas\u0131na g\u00f6r\u0259 30 hektar da \u0259lav\u0259 yeri m\u0259hv edib&#8221;.<\/p>\n\n\n\n<p>Cavid Qara bildirib ki, nazirliyin me\u015f\u0259l\u0259rin m\u0259hvind\u0259n aylar, ill\u0259r sonra, ictimai etirazlardan x\u0259b\u0259ri olur:<\/p>\n\n\n\n<p>&#8220;Sahibkar\u0131n n\u00fcmay\u0259nd\u0259l\u0259ri il\u0259 onlayn m\u00fczakir\u0259miz olub. Onlar nazirlikl\u0259 raz\u0131la\u015fd\u0131r\u0131blar. Bizim sahibkar\u0131 m\u00fcdafi\u0259 etm\u0259k fikrimiz yoxdur. Niyy\u0259tin qanunsuz oldu\u011funu, m\u00fcqavil\u0259nin da\u011f\u0131d\u0131c\u0131 f\u0259aliyy\u0259ti \u0259ks etdirm\u0259diyini yax\u015f\u0131 bilirl\u0259r. Sad\u0259c\u0259 nazirliyin m\u0259murlar\u0131n\u0131n v\u0259dl\u0259rin\u0259 arxay\u0131n olublar&#8221;.<\/p>\n\n\n\n<p>\u201c\u0130ndi c\u0259nab nazir v\u0259 nazir m\u00fcavini V\u00fcqar K\u0259rimov, sahibkar\u0131 nec\u0259 arxay\u0131n salm\u0131s\u0131z, el\u0259 d\u0259 raz\u0131 sal\u0131n ki, qanunun t\u0259l\u0259bl\u0259rin\u0259 \u0259m\u0259l etsin. \u00d6lk\u0259d\u0259 he\u00e7 bir me\u015f\u0259 q\u0131r\u011f\u0131n\u0131 bu 2 \u015f\u0259xsin x\u0259b\u0259ri v\u0259 raz\u0131l\u0131\u011f\u0131 olmadan m\u00fcmk\u00fcn deyil\u201d, &#8211; ekoaktivist deyib.<\/p>\n\n\n\n<figure class=\"wp-block-image size-full\"><img decoding=\"async\" width=\"1024\" height=\"718\" data-src=\"https:\/\/www.meydan.tv\/wp-content\/uploads\/f27ab520-dc3e-4f36-aa69-0f8fe1a34d47.width-1024.jpg\" alt=\"Cavid Qara\" class=\"wp-image-143729 lazyload\" src=\"data:image\/svg+xml;base64,PHN2ZyB3aWR0aD0iMSIgaGVpZ2h0PSIxIiB4bWxucz0iaHR0cDovL3d3dy53My5vcmcvMjAwMC9zdmciPjwvc3ZnPg==\" style=\"--smush-placeholder-width: 1024px; --smush-placeholder-aspect-ratio: 1024\/718;\" \/><figcaption>Foto: Facebook<\/figcaption><\/figure>\n\n\n\n<p>Cavid Qara bildirib ki, bu m\u00fcqavil\u0259 art\u0131q l\u0259\u011fv edilib, amma icra edilmir, sahibkar nazirliy\u0259, dolay\u0131s\u0131 il\u0259 d\u00f6vl\u0259t\u0259 meydan oxuyur v\u0259 \u0259razini t\u0259rk etmir:<\/p>\n\n\n\n<p>\u201cNazirlik indi sakitc\u0259 durub ki, qoy qal\u0131b. Bel\u0259 olmur. Asfalt\u0131n q\u0131ra\u011f\u0131na a\u011fac \u0259kib, qurudub, pul, yanacaq, su israf etm\u0259kl\u0259 olmur. H\u0259r\u0259y\u0259 bir a\u011fac \u0259km\u0259y\u0259 d\u0259 ehtiyac yoxdur. M\u0259hv edilmi\u015f v\u0259 m\u00fcqavil\u0259si l\u0259\u011fv edilmi\u015f unikal hirkan me\u015f\u0259sinin yerind\u0259 t\u0259bii b\u0259rpaya k\u00f6m\u0259k t\u0259dbil\u0259ri g\u00f6r\u00fclm\u0259lidir, me\u015f\u0259 cinsi a\u011faclar \u0259kilm\u0259lidir. T\u0259qsirkarlar c\u0259zas\u0131z qalmamal\u0131d\u0131r\u201d.<\/p>\n\n\n\n<p>Ekologiya v\u0259 T\u0259bii S\u0259rv\u0259tl\u0259r Nazirliyind\u0259n Meydan TV-nin yaz\u0131l\u0131 v\u0259 \u015fifahi sor\u011fusunu cavabland\u0131rmay\u0131blar.<\/p>\n\n\n\n<figure class=\"wp-block-image size-large\"><img decoding=\"async\" width=\"619\" height=\"821\" data-src=\"https:\/\/www.meydan.tv\/wp-content\/uploads\/img_7099-619x821.jpg\" alt=\"\" class=\"wp-image-245661 lazyload\" src=\"data:image\/svg+xml;base64,PHN2ZyB3aWR0aD0iMSIgaGVpZ2h0PSIxIiB4bWxucz0iaHR0cDovL3d3dy53My5vcmcvMjAwMC9zdmciPjwvc3ZnPg==\" style=\"--smush-placeholder-width: 619px; --smush-placeholder-aspect-ratio: 619\/821;\" \/><figcaption>Foto: Meydan TV<\/figcaption><\/figure>\n\n\n\n<p>Ba\u015f Prokurorlu\u011fun may\u0131n 13-d\u0259 yayd\u0131\u011f\u0131 m\u0259lumatda deyilir ki, Cinay\u0259t t\u0259qibind\u0259n k\u0259nar icraatlar idar\u0259si t\u0259r\u0259find\u0259n L\u0259nk\u0259ran, C\u0259lilabad, \u0130smay\u0131ll\u0131, Qax v\u0259 Zaqatala rayonlar\u0131n\u0131n \u0259razil\u0259rind\u0259 Ekologiya v\u0259 T\u0259bii S\u0259rv\u0259tl\u0259r Nazirliyinin \u0259m\u0259kda\u015flar\u0131n\u0131n i\u015ftirak\u0131 il\u0259 apar\u0131lm\u0131\u015f ara\u015fd\u0131rma n\u0259tic\u0259sind\u0259 5 cinay\u0259t i\u015fi ba\u015flan\u0131b.<\/p>\n\n\n\n<p>D\u00f6vl\u0259t v\u0259 b\u0259l\u0259diyy\u0259 torpaqlar\u0131nda, h\u0259m\u00e7inin a\u011fack\u0259sm\u0259nin icaz\u0259 verilm\u0259diyi \u0259razil\u0259rd\u0259 me\u015f\u0259 fonduna daxil olmayan v\u0259 me\u015f\u0259 fonduna aid olan a\u011faclar\u0131n k\u0259silm\u0259si n\u0259tic\u0259sind\u0259 \u00fcmumilikd\u0259 72 min manat ziyan d\u0259yib. Qanunsuz a\u011fack\u0259sm\u0259 hallar\u0131n\u0131n aidiyy\u0259ti v\u0259zif\u0259li \u015f\u0259xsl\u0259rin ya\u015f\u0131ll\u0131qlar\u0131n m\u00fchafiz\u0259si sah\u0259sind\u0259 \u00fcz\u0259ril\u0259rin\u0259 d\u00fc\u015f\u0259n v\u0259zif\u0259l\u0259rin icras\u0131na s\u0259hlankar yana\u015fmas\u0131 m\u00fc\u0259yy\u0259n edilib.<\/p>\n\n\n\n<p>Cinay\u0259t i\u015fl\u0259ri Az\u0259rbaycan Respublikas\u0131 CM-nin 259.1, 259.2.4 v\u0259 314.1 madd\u0259l\u0259ri il\u0259 ba\u015flanaraq, istintaq\u0131n apar\u0131lmas\u0131 \u00fc\u00e7\u00fcn aidiyy\u0259ti \u00fczr\u0259 rayon prokurorluqlar\u0131na g\u00f6nd\u0259rilib.<\/p>\n\n\n\n<figure class=\"wp-block-image size-large\"><img decoding=\"async\" width=\"643\" height=\"821\" data-src=\"https:\/\/www.meydan.tv\/wp-content\/uploads\/img_7098-643x821.jpg\" alt=\"\" class=\"wp-image-245667 lazyload\" src=\"data:image\/svg+xml;base64,PHN2ZyB3aWR0aD0iMSIgaGVpZ2h0PSIxIiB4bWxucz0iaHR0cDovL3d3dy53My5vcmcvMjAwMC9zdmciPjwvc3ZnPg==\" style=\"--smush-placeholder-width: 643px; --smush-placeholder-aspect-ratio: 643\/821;\" \/><\/figure>\n","protected":false},"excerpt":{"rendered":"<p>Cavid Qara: \u201c150 hektar m\u0259hv edilmi\u015f me\u015f\u0259 \u0259razisinin taleyi h\u0259l\u0259 &#8230; <\/p>\n<p class=\"read-more-container\"><a title=\"\u201c\u015eirk\u0259tl\u0259 m\u00fcqavil\u0259 l\u0259\u011fv edils\u0259 d\u0259, sahibkar \u0259razisini t\u0259rk etmir\u201d\" class=\"read-more button\" href=\"https:\/\/www.meydan.tv\/az\/article\/sirketle-muqavile-legv-edilse-de-sahibkar-erazisini-terk-etmir\/#more-245671\" aria-label=\"Read more about \u201c\u015eirk\u0259tl\u0259 m\u00fcqavil\u0259 l\u0259\u011fv edils\u0259 d\u0259, sahibkar \u0259razisini t\u0259rk etmir\u201d\">Davam\u0131<\/a><\/p>\n","protected":false},"author":8,"featured_media":244685,"comment_status":"closed","ping_status":"closed","sticky":false,"template":"","format":"standard","meta":{"_acf_changed":false,"_sitemap_exclude":false,"_sitemap_priority":"","_sitemap_frequency":"","footnotes":""},"categories":[60,56],"tags":[],"class_list":["post-245671","post","type-post","status-publish","format-standard","has-post-thumbnail","hentry","category-bolge","category-xeberler","infinite-scroll-item","generate-columns","tablet-grid-50","mobile-grid-100","grid-parent","grid-33","no-featured-image-padding"],"acf":[],"yoast_head":"<!-- This site is optimized with the Yoast SEO plugin v27.5 - https:\/\/yoast.com\/product\/yoast-seo-wordpress\/ -->\n<title>\u201c\u015eirk\u0259tl\u0259 m\u00fcqavil\u0259 l\u0259\u011fv edils\u0259 d\u0259, sahibkar \u0259razisini t\u0259rk etmir\u201d - MEYDAN.TV<\/title>\n<meta name=\"robots\" content=\"index, follow, max-snippet:-1, max-image-preview:large, max-video-preview:-1\" \/>\n<link rel=\"canonical\" href=\"https:\/\/www.meydan.tv\/az\/article\/sirketle-muqavile-legv-edilse-de-sahibkar-erazisini-terk-etmir\/\" \/>\n<meta property=\"og:locale\" content=\"az_AZ\" \/>\n<meta property=\"og:type\" content=\"article\" \/>\n<meta property=\"og:title\" content=\"\u201c\u015eirk\u0259tl\u0259 m\u00fcqavil\u0259 l\u0259\u011fv edils\u0259 d\u0259, sahibkar \u0259razisini t\u0259rk etmir\u201d - MEYDAN.TV\" \/>\n<meta property=\"og:description\" content=\"Cavid Qara: \u201c150 hektar m\u0259hv edilmi\u015f me\u015f\u0259 \u0259razisinin taleyi h\u0259l\u0259 ... Davam\u0131\" \/>\n<meta property=\"og:url\" content=\"https:\/\/www.meydan.tv\/az\/article\/sirketle-muqavile-legv-edilse-de-sahibkar-erazisini-terk-etmir\/\" \/>\n<meta property=\"og:site_name\" content=\"MEYDAN.TV\" \/>\n<meta property=\"article:published_time\" content=\"2022-05-19T10:36:22+00:00\" \/>\n<meta property=\"article:modified_time\" content=\"2022-05-19T10:36:24+00:00\" \/>\n<meta property=\"og:image\" content=\"https:\/\/www.meydan.tv\/wp-content\/uploads\/photo-2022-05-08-00-58-04.jpg\" \/>\n\t<meta property=\"og:image:width\" content=\"1280\" \/>\n\t<meta property=\"og:image:height\" content=\"720\" \/>\n\t<meta property=\"og:image:type\" content=\"image\/jpeg\" \/>\n<meta name=\"author\" content=\"elli\" \/>\n<meta name=\"twitter:card\" content=\"summary_large_image\" \/>\n<meta name=\"twitter:creator\" content=\"@elli\" \/>\n<script type=\"application\/ld+json\" class=\"yoast-schema-graph\">{\"@context\":\"https:\\\/\\\/schema.org\",\"@graph\":[{\"@type\":\"Article\",\"@id\":\"https:\\\/\\\/www.meydan.tv\\\/az\\\/article\\\/sirketle-muqavile-legv-edilse-de-sahibkar-erazisini-terk-etmir\\\/#article\",\"isPartOf\":{\"@id\":\"https:\\\/\\\/www.meydan.tv\\\/az\\\/article\\\/sirketle-muqavile-legv-edilse-de-sahibkar-erazisini-terk-etmir\\\/\"},\"author\":{\"name\":\"elli\",\"@id\":\"https:\\\/\\\/www.meydan.tv\\\/az\\\/#\\\/schema\\\/person\\\/9cdbecf90d17180ce1dfbd95b08dcf47\"},\"headline\":\"\u201c\u015eirk\u0259tl\u0259 m\u00fcqavil\u0259 l\u0259\u011fv edils\u0259 d\u0259, sahibkar \u0259razisini t\u0259rk etmir\u201d\",\"datePublished\":\"2022-05-19T10:36:22+00:00\",\"dateModified\":\"2022-05-19T10:36:24+00:00\",\"mainEntityOfPage\":{\"@id\":\"https:\\\/\\\/www.meydan.tv\\\/az\\\/article\\\/sirketle-muqavile-legv-edilse-de-sahibkar-erazisini-terk-etmir\\\/\"},\"wordCount\":786,\"publisher\":{\"@id\":\"https:\\\/\\\/www.meydan.tv\\\/az\\\/#organization\"},\"image\":{\"@id\":\"https:\\\/\\\/www.meydan.tv\\\/az\\\/article\\\/sirketle-muqavile-legv-edilse-de-sahibkar-erazisini-terk-etmir\\\/#primaryimage\"},\"thumbnailUrl\":\"https:\\\/\\\/www.meydan.tv\\\/wp-content\\\/uploads\\\/photo-2022-05-08-00-58-04.jpg\",\"articleSection\":[\"B\u00f6lg\u0259\",\"X\u0259b\u0259rl\u0259r\"],\"inLanguage\":\"az\"},{\"@type\":\"WebPage\",\"@id\":\"https:\\\/\\\/www.meydan.tv\\\/az\\\/article\\\/sirketle-muqavile-legv-edilse-de-sahibkar-erazisini-terk-etmir\\\/\",\"url\":\"https:\\\/\\\/www.meydan.tv\\\/az\\\/article\\\/sirketle-muqavile-legv-edilse-de-sahibkar-erazisini-terk-etmir\\\/\",\"name\":\"\u201c\u015eirk\u0259tl\u0259 m\u00fcqavil\u0259 l\u0259\u011fv edils\u0259 d\u0259, sahibkar \u0259razisini t\u0259rk etmir\u201d - MEYDAN.TV\",\"isPartOf\":{\"@id\":\"https:\\\/\\\/www.meydan.tv\\\/az\\\/#website\"},\"primaryImageOfPage\":{\"@id\":\"https:\\\/\\\/www.meydan.tv\\\/az\\\/article\\\/sirketle-muqavile-legv-edilse-de-sahibkar-erazisini-terk-etmir\\\/#primaryimage\"},\"image\":{\"@id\":\"https:\\\/\\\/www.meydan.tv\\\/az\\\/article\\\/sirketle-muqavile-legv-edilse-de-sahibkar-erazisini-terk-etmir\\\/#primaryimage\"},\"thumbnailUrl\":\"https:\\\/\\\/www.meydan.tv\\\/wp-content\\\/uploads\\\/photo-2022-05-08-00-58-04.jpg\",\"datePublished\":\"2022-05-19T10:36:22+00:00\",\"dateModified\":\"2022-05-19T10:36:24+00:00\",\"breadcrumb\":{\"@id\":\"https:\\\/\\\/www.meydan.tv\\\/az\\\/article\\\/sirketle-muqavile-legv-edilse-de-sahibkar-erazisini-terk-etmir\\\/#breadcrumb\"},\"inLanguage\":\"az\",\"potentialAction\":[{\"@type\":\"ReadAction\",\"target\":[\"https:\\\/\\\/www.meydan.tv\\\/az\\\/article\\\/sirketle-muqavile-legv-edilse-de-sahibkar-erazisini-terk-etmir\\\/\"]}]},{\"@type\":\"ImageObject\",\"inLanguage\":\"az\",\"@id\":\"https:\\\/\\\/www.meydan.tv\\\/az\\\/article\\\/sirketle-muqavile-legv-edilse-de-sahibkar-erazisini-terk-etmir\\\/#primaryimage\",\"url\":\"https:\\\/\\\/www.meydan.tv\\\/wp-content\\\/uploads\\\/photo-2022-05-08-00-58-04.jpg\",\"contentUrl\":\"https:\\\/\\\/www.meydan.tv\\\/wp-content\\\/uploads\\\/photo-2022-05-08-00-58-04.jpg\",\"width\":1280,\"height\":720,\"caption\":\"M\u0259nb\u0259: \u201cEcofront\u201d\"},{\"@type\":\"BreadcrumbList\",\"@id\":\"https:\\\/\\\/www.meydan.tv\\\/az\\\/article\\\/sirketle-muqavile-legv-edilse-de-sahibkar-erazisini-terk-etmir\\\/#breadcrumb\",\"itemListElement\":[{\"@type\":\"ListItem\",\"position\":1,\"name\":\"Ana s\u0259hif\u0259\",\"item\":\"https:\\\/\\\/www.meydan.tv\\\/az\\\/\"},{\"@type\":\"ListItem\",\"position\":2,\"name\":\"B\u00f6lg\u0259\",\"item\":\"https:\\\/\\\/www.meydan.tv\\\/az\\\/section\\\/bolge\\\/\"},{\"@type\":\"ListItem\",\"position\":3,\"name\":\"\u201c\u015eirk\u0259tl\u0259 m\u00fcqavil\u0259 l\u0259\u011fv edils\u0259 d\u0259, sahibkar \u0259razisini t\u0259rk etmir\u201d\"}]},{\"@type\":\"WebSite\",\"@id\":\"https:\\\/\\\/www.meydan.tv\\\/az\\\/#website\",\"url\":\"https:\\\/\\\/www.meydan.tv\\\/az\\\/\",\"name\":\"MEYDAN.TV\",\"description\":\"Meydan TV Az\u0259rbaycan\u0131n media m\u0259kan\u0131ndak\u0131 alternativ s\u0259sidir\",\"publisher\":{\"@id\":\"https:\\\/\\\/www.meydan.tv\\\/az\\\/#organization\"},\"potentialAction\":[{\"@type\":\"SearchAction\",\"target\":{\"@type\":\"EntryPoint\",\"urlTemplate\":\"https:\\\/\\\/www.meydan.tv\\\/az\\\/?s={search_term_string}\"},\"query-input\":{\"@type\":\"PropertyValueSpecification\",\"valueRequired\":true,\"valueName\":\"search_term_string\"}}],\"inLanguage\":\"az\"},{\"@type\":\"Organization\",\"@id\":\"https:\\\/\\\/www.meydan.tv\\\/az\\\/#organization\",\"name\":\"Meydan TV\",\"url\":\"https:\\\/\\\/www.meydan.tv\\\/az\\\/\",\"logo\":{\"@type\":\"ImageObject\",\"inLanguage\":\"az\",\"@id\":\"https:\\\/\\\/www.meydan.tv\\\/az\\\/#\\\/schema\\\/logo\\\/image\\\/\",\"url\":\"https:\\\/\\\/www.meydan.tv\\\/wp-content\\\/uploads\\\/2021\\\/07\\\/meydan-logo.svg\",\"contentUrl\":\"https:\\\/\\\/www.meydan.tv\\\/wp-content\\\/uploads\\\/2021\\\/07\\\/meydan-logo.svg\",\"width\":195,\"height\":46,\"caption\":\"Meydan TV\"},\"image\":{\"@id\":\"https:\\\/\\\/www.meydan.tv\\\/az\\\/#\\\/schema\\\/logo\\\/image\\\/\"}},{\"@type\":\"Person\",\"@id\":\"https:\\\/\\\/www.meydan.tv\\\/az\\\/#\\\/schema\\\/person\\\/9cdbecf90d17180ce1dfbd95b08dcf47\",\"name\":\"elli\",\"sameAs\":[\"https:\\\/\\\/x.com\\\/elli\"]}]}<\/script>\n<!-- \/ Yoast SEO plugin. -->","yoast_head_json":{"title":"\u201c\u015eirk\u0259tl\u0259 m\u00fcqavil\u0259 l\u0259\u011fv edils\u0259 d\u0259, sahibkar \u0259razisini t\u0259rk etmir\u201d - MEYDAN.TV","robots":{"index":"index","follow":"follow","max-snippet":"max-snippet:-1","max-image-preview":"max-image-preview:large","max-video-preview":"max-video-preview:-1"},"canonical":"https:\/\/www.meydan.tv\/az\/article\/sirketle-muqavile-legv-edilse-de-sahibkar-erazisini-terk-etmir\/","og_locale":"az_AZ","og_type":"article","og_title":"\u201c\u015eirk\u0259tl\u0259 m\u00fcqavil\u0259 l\u0259\u011fv edils\u0259 d\u0259, sahibkar \u0259razisini t\u0259rk etmir\u201d - MEYDAN.TV","og_description":"Cavid Qara: \u201c150 hektar m\u0259hv edilmi\u015f me\u015f\u0259 \u0259razisinin taleyi h\u0259l\u0259 ... Davam\u0131","og_url":"https:\/\/www.meydan.tv\/az\/article\/sirketle-muqavile-legv-edilse-de-sahibkar-erazisini-terk-etmir\/","og_site_name":"MEYDAN.TV","article_published_time":"2022-05-19T10:36:22+00:00","article_modified_time":"2022-05-19T10:36:24+00:00","og_image":[{"width":1280,"height":720,"url":"https:\/\/www.meydan.tv\/wp-content\/uploads\/photo-2022-05-08-00-58-04.jpg","type":"image\/jpeg"}],"author":"elli","twitter_card":"summary_large_image","twitter_creator":"@elli","schema":{"@context":"https:\/\/schema.org","@graph":[{"@type":"Article","@id":"https:\/\/www.meydan.tv\/az\/article\/sirketle-muqavile-legv-edilse-de-sahibkar-erazisini-terk-etmir\/#article","isPartOf":{"@id":"https:\/\/www.meydan.tv\/az\/article\/sirketle-muqavile-legv-edilse-de-sahibkar-erazisini-terk-etmir\/"},"author":{"name":"elli","@id":"https:\/\/www.meydan.tv\/az\/#\/schema\/person\/9cdbecf90d17180ce1dfbd95b08dcf47"},"headline":"\u201c\u015eirk\u0259tl\u0259 m\u00fcqavil\u0259 l\u0259\u011fv edils\u0259 d\u0259, sahibkar \u0259razisini t\u0259rk etmir\u201d","datePublished":"2022-05-19T10:36:22+00:00","dateModified":"2022-05-19T10:36:24+00:00","mainEntityOfPage":{"@id":"https:\/\/www.meydan.tv\/az\/article\/sirketle-muqavile-legv-edilse-de-sahibkar-erazisini-terk-etmir\/"},"wordCount":786,"publisher":{"@id":"https:\/\/www.meydan.tv\/az\/#organization"},"image":{"@id":"https:\/\/www.meydan.tv\/az\/article\/sirketle-muqavile-legv-edilse-de-sahibkar-erazisini-terk-etmir\/#primaryimage"},"thumbnailUrl":"https:\/\/www.meydan.tv\/wp-content\/uploads\/photo-2022-05-08-00-58-04.jpg","articleSection":["B\u00f6lg\u0259","X\u0259b\u0259rl\u0259r"],"inLanguage":"az"},{"@type":"WebPage","@id":"https:\/\/www.meydan.tv\/az\/article\/sirketle-muqavile-legv-edilse-de-sahibkar-erazisini-terk-etmir\/","url":"https:\/\/www.meydan.tv\/az\/article\/sirketle-muqavile-legv-edilse-de-sahibkar-erazisini-terk-etmir\/","name":"\u201c\u015eirk\u0259tl\u0259 m\u00fcqavil\u0259 l\u0259\u011fv edils\u0259 d\u0259, sahibkar \u0259razisini t\u0259rk etmir\u201d - MEYDAN.TV","isPartOf":{"@id":"https:\/\/www.meydan.tv\/az\/#website"},"primaryImageOfPage":{"@id":"https:\/\/www.meydan.tv\/az\/article\/sirketle-muqavile-legv-edilse-de-sahibkar-erazisini-terk-etmir\/#primaryimage"},"image":{"@id":"https:\/\/www.meydan.tv\/az\/article\/sirketle-muqavile-legv-edilse-de-sahibkar-erazisini-terk-etmir\/#primaryimage"},"thumbnailUrl":"https:\/\/www.meydan.tv\/wp-content\/uploads\/photo-2022-05-08-00-58-04.jpg","datePublished":"2022-05-19T10:36:22+00:00","dateModified":"2022-05-19T10:36:24+00:00","breadcrumb":{"@id":"https:\/\/www.meydan.tv\/az\/article\/sirketle-muqavile-legv-edilse-de-sahibkar-erazisini-terk-etmir\/#breadcrumb"},"inLanguage":"az","potentialAction":[{"@type":"ReadAction","target":["https:\/\/www.meydan.tv\/az\/article\/sirketle-muqavile-legv-edilse-de-sahibkar-erazisini-terk-etmir\/"]}]},{"@type":"ImageObject","inLanguage":"az","@id":"https:\/\/www.meydan.tv\/az\/article\/sirketle-muqavile-legv-edilse-de-sahibkar-erazisini-terk-etmir\/#primaryimage","url":"https:\/\/www.meydan.tv\/wp-content\/uploads\/photo-2022-05-08-00-58-04.jpg","contentUrl":"https:\/\/www.meydan.tv\/wp-content\/uploads\/photo-2022-05-08-00-58-04.jpg","width":1280,"height":720,"caption":"M\u0259nb\u0259: \u201cEcofront\u201d"},{"@type":"BreadcrumbList","@id":"https:\/\/www.meydan.tv\/az\/article\/sirketle-muqavile-legv-edilse-de-sahibkar-erazisini-terk-etmir\/#breadcrumb","itemListElement":[{"@type":"ListItem","position":1,"name":"Ana s\u0259hif\u0259","item":"https:\/\/www.meydan.tv\/az\/"},{"@type":"ListItem","position":2,"name":"B\u00f6lg\u0259","item":"https:\/\/www.meydan.tv\/az\/section\/bolge\/"},{"@type":"ListItem","position":3,"name":"\u201c\u015eirk\u0259tl\u0259 m\u00fcqavil\u0259 l\u0259\u011fv edils\u0259 d\u0259, sahibkar \u0259razisini t\u0259rk etmir\u201d"}]},{"@type":"WebSite","@id":"https:\/\/www.meydan.tv\/az\/#website","url":"https:\/\/www.meydan.tv\/az\/","name":"MEYDAN.TV","description":"Meydan TV Az\u0259rbaycan\u0131n media m\u0259kan\u0131ndak\u0131 alternativ s\u0259sidir","publisher":{"@id":"https:\/\/www.meydan.tv\/az\/#organization"},"potentialAction":[{"@type":"SearchAction","target":{"@type":"EntryPoint","urlTemplate":"https:\/\/www.meydan.tv\/az\/?s={search_term_string}"},"query-input":{"@type":"PropertyValueSpecification","valueRequired":true,"valueName":"search_term_string"}}],"inLanguage":"az"},{"@type":"Organization","@id":"https:\/\/www.meydan.tv\/az\/#organization","name":"Meydan TV","url":"https:\/\/www.meydan.tv\/az\/","logo":{"@type":"ImageObject","inLanguage":"az","@id":"https:\/\/www.meydan.tv\/az\/#\/schema\/logo\/image\/","url":"https:\/\/www.meydan.tv\/wp-content\/uploads\/2021\/07\/meydan-logo.svg","contentUrl":"https:\/\/www.meydan.tv\/wp-content\/uploads\/2021\/07\/meydan-logo.svg","width":195,"height":46,"caption":"Meydan TV"},"image":{"@id":"https:\/\/www.meydan.tv\/az\/#\/schema\/logo\/image\/"}},{"@type":"Person","@id":"https:\/\/www.meydan.tv\/az\/#\/schema\/person\/9cdbecf90d17180ce1dfbd95b08dcf47","name":"elli","sameAs":["https:\/\/x.com\/elli"]}]}},"_links":{"self":[{"href":"https:\/\/www.meydan.tv\/az\/wp-json\/wp\/v2\/posts\/245671","targetHints":{"allow":["GET"]}}],"collection":[{"href":"https:\/\/www.meydan.tv\/az\/wp-json\/wp\/v2\/posts"}],"about":[{"href":"https:\/\/www.meydan.tv\/az\/wp-json\/wp\/v2\/types\/post"}],"author":[{"embeddable":true,"href":"https:\/\/www.meydan.tv\/az\/wp-json\/wp\/v2\/users\/8"}],"replies":[{"embeddable":true,"href":"https:\/\/www.meydan.tv\/az\/wp-json\/wp\/v2\/comments?post=245671"}],"version-history":[{"count":1,"href":"https:\/\/www.meydan.tv\/az\/wp-json\/wp\/v2\/posts\/245671\/revisions"}],"predecessor-version":[{"id":245673,"href":"https:\/\/www.meydan.tv\/az\/wp-json\/wp\/v2\/posts\/245671\/revisions\/245673"}],"wp:featuredmedia":[{"embeddable":true,"href":"https:\/\/www.meydan.tv\/az\/wp-json\/wp\/v2\/media\/244685"}],"wp:attachment":[{"href":"https:\/\/www.meydan.tv\/az\/wp-json\/wp\/v2\/media?parent=245671"}],"wp:term":[{"taxonomy":"category","embeddable":true,"href":"https:\/\/www.meydan.tv\/az\/wp-json\/wp\/v2\/categories?post=245671"},{"taxonomy":"post_tag","embeddable":true,"href":"https:\/\/www.meydan.tv\/az\/wp-json\/wp\/v2\/tags?post=245671"}],"curies":[{"name":"wp","href":"https:\/\/api.w.org\/{rel}","templated":true}]}}