{"id":245643,"date":"2022-05-19T13:59:05","date_gmt":"2022-05-19T09:59:05","guid":{"rendered":"https:\/\/www.meydan.tv\/?p=245643"},"modified":"2022-05-19T13:59:07","modified_gmt":"2022-05-19T09:59:07","slug":"tanrinin-tanimadigi-azerbaycanlilar","status":"publish","type":"post","link":"https:\/\/www.meydan.tv\/az\/article\/tanrinin-tanimadigi-azerbaycanlilar\/","title":{"rendered":"\u201cTanr\u0131\u201dn\u0131n tan\u0131mad\u0131\u011f\u0131 az\u0259rbaycanl\u0131lar"},"content":{"rendered":"\n<p><\/p>\n\n\n\n<p><em>Az\u0259rbaycanda ya\u015fama\u011f\u0131n, az\u0259rbaycanl\u0131 olma\u011f\u0131n c\u0259fas\u0131n\u0131 \u00e7\u0259k\u0259n insanlard\u0131r onlar<\/em><br><\/p>\n\n\n\n<p>&#8220;\u00dc\u00e7 milyon \u0259halisi olan Bak\u0131da Tanr\u0131 kimi ya\u015fay\u0131rsan. \u015e\u0259h\u0259rin k\u00f6hn\u0259 hiss\u0259si o q\u0259d\u0259r g\u00f6z\u0259ldir ki, \u0259trafdak\u0131 qala divarlar\u0131 il\u0259 birlikd\u0259 YUNESKO-nun m\u0259d\u0259ni irsi siyah\u0131s\u0131na daxil edilib\u201d.<\/p>\n\n\n\n<p>Bu s\u00f6zl\u0259ri Az\u0259rbaycan millisinin ba\u015f m\u0259\u015fq\u00e7isi Canni De Byazi deyib. \u0130taliyal\u0131, \u00f6lk\u0259sinin m\u0259tbuat\u0131na a\u00e7\u0131qlamas\u0131nda onu da deyib ki, X\u0259z\u0259rin sahilind\u0259 m\u0259nzili var.<\/p>\n\n\n\n<p>Ba\u015f m\u0259\u015fq\u00e7isi oldu\u011fu komanda se\u00e7m\u0259 m\u0259rh\u0259l\u0259l\u0259rd\u0259 &#8220;bomj&#8221; g\u00fcn\u00fcnd\u0259 olan biri Bak\u0131da Tanr\u0131 kimi ya\u015fay\u0131rm\u0131\u015f\u2026 Ba\u015f\u00e7\u0131l\u0131q etdiyi milli F\u0130FA-n\u0131n reytinqind\u0259 iti ba\u011flasan, z\u0259ncirini \u00e7eyn\u0259yib qa\u00e7maq ist\u0259y\u0259c\u0259yi 129-cu yerd\u0259 olan biri X\u0259z\u0259rin sahilind\u0259, \u0259ks\u0259r az\u0259rbaycanl\u0131lar\u0131n x\u0259yal bel\u0259 ed\u0259 bilm\u0259y\u0259c\u0259yi l\u00fcks \u015f\u0259raitd\u0259 kef \u00e7\u0259kirmi\u015f\u2026<\/p>\n\n\n\n<p><strong>G\u00f6r\u0259s\u0259n, Canni De Byazi \u0259sl az\u0259rbaycanl\u0131lar\u0131 tan\u0131y\u0131rm\u0131?<\/strong><\/p>\n\n\n\n<p>M\u0259s\u0259l\u0259n, g\u00fcnd\u0259 14-16 saat i\u015fl\u0259y\u0259n taksi s\u00fcr\u00fcc\u00fcl\u0259rini. Ya da, ac\u0131ndan \u00f6lm\u0259m\u0259k, 5-10 manat \u00fc\u00e7\u00fcn \u0259lin\u0259 s\u00fcp\u00fcrg\u0259 al\u0131b Bak\u0131n\u0131n tozlu-torpaql\u0131 k\u00fc\u00e7\u0259l\u0259rini s\u00fcp\u00fcr\u0259n ya\u015fl\u0131 qad\u0131nlar\u0131 g\u00f6r\u00fcbm\u00fc? Az\u0259rbaycan\u0131n ger\u00e7\u0259k insanlar\u0131n\u0131, ger\u00e7\u0259k \u00fcz\u00fcn\u00fc &#8211; taksi s\u00fcr\u00fcc\u00fcl\u0259rini, t\u0259qa\u00fcd ya\u015f\u0131nda evd\u0259 n\u0259v\u0259l\u0259riyl\u0259 oynamaq yerin\u0259 taleyin\u0259 s\u00fcp\u00fcrg\u0259 yaz\u0131lan qad\u0131nlar\u0131, f\u0259hl\u0259l\u0259ri, m\u0259kt\u0259bd\u0259n sonra evind\u0259 &#8220;m\u0259kt\u0259b a\u00e7an&#8221; m\u00fc\u0259lliml\u0259ri, t\u0259l\u0259b\u0259lik ill\u0259ri ticar\u0259t m\u0259rk\u0259zl\u0259rind\u0259 kassa aparatlar\u0131n\u0131n arxas\u0131nda ke\u00e7\u0259n t\u0259l\u0259b\u0259l\u0259ri n\u0259 q\u0259d\u0259r tan\u0131y\u0131r Canni De Byazi? Onlar\u0131n \u00e7oxu X\u0259z\u0259rin sahilind\u0259 ya\u015fasalar da, X\u0259z\u0259ri g\u00f6r\u0259 bilmirl\u0259r. X\u0259z\u0259ri g\u00f6rm\u0259k bir yana, bu \u00f6lk\u0259d\u0259 i\u015fin \u00e7oxlu\u011fundan v\u0259 yor\u011funluqdan ba\u015f\u0131n\u0131 qald\u0131r\u0131b g\u00fcn\u0259\u015f\u0259 baxmayan insanlar var. \u00d6z \u00f6lk\u0259l\u0259rind\u0259, \u00f6z \u015f\u0259h\u0259rl\u0259rind\u0259 burax da Tanr\u0131 kimi ya\u015fama\u011f\u0131, adam kimi ya\u015famayan minl\u0259rl\u0259, y\u00fcz minl\u0259rl\u0259, milyonlarla insan var.<br><\/p>\n\n\n\n<p>\u015e\u0259h\u0259rin k\u00f6hn\u0259 hiss\u0259sin\u0259 &#8211; \u0130\u00e7\u0259ri\u015f\u0259h\u0259r\u0259 ya \u00f6mr\u00fcnd\u0259 bir d\u0259f\u0259 d\u0259 olsun getm\u0259y\u0259n, ya da, \u0259n son n\u0259 zaman getdiyini bel\u0259, xat\u0131rlamayan az\u0259rbaycanl\u0131lar &#8211; bak\u0131l\u0131lar var. Az\u0259rbaycanda ya\u015fama\u011f\u0131n, az\u0259rbaycanl\u0131 olma\u011f\u0131n c\u0259fas\u0131n\u0131 \u00e7\u0259k\u0259n insanlard\u0131r onlar. De Byazinin tan\u0131d\u0131\u011f\u0131, Az\u0259rbaycanda ya\u015fama\u011f\u0131n s\u0259fas\u0131n\u0131 s\u00fcr\u0259n az\u0259rbaycanl\u0131lara &#8211; r\u00f6vn\u0259q abdullayevl\u0259r\u0259, el\u015fad n\u0259sirovlara, elxan m\u0259mm\u0259dovlara b\u0259nz\u0259mir onlar. Onlar \u00f6lk\u0259d\u0259 h\u0259r \u015feyin y\u00fck\u00fcn\u00fc, d\u0259rdini \u00e7\u0259k\u0259n az\u0259rbaycanl\u0131lard\u0131r. &#8220;Tanr\u0131&#8221;n\u0131n &#8211; De Byazinin Avropada r\u00fcsvay olmaqdan yorulmayan, dil\u0259n\u00e7i \u0259l a\u00e7maqdan doymad\u0131\u011f\u0131 kimi m\u0259\u011flubiyy\u0259tl\u0259rd\u0259n doymayan komandas\u0131n\u0131n d\u0259rdini \u00e7\u0259k\u0259n d\u0259 h\u0259min o az\u0259rbaycanl\u0131lard\u0131r. X\u0259z\u0259rin sahilind\u0259 ya\u015fay\u0131b, i\u015fd\u0259n-g\u00fccd\u0259n X\u0259z\u0259ri g\u00f6rm\u0259y\u0259 vaxt tapa bilm\u0259y\u0259n az\u0259rbaycanl\u0131lar. &#8220;Tanr\u0131&#8221;n\u0131n &#8211; De Byazinin r\u0259hb\u0259rlik etdiyi milli komandan\u0131n sonuncu d\u0259f\u0259 n\u0259 zaman q\u0259l\u0259b\u0259 qazand\u0131\u011f\u0131n\u0131 unutduqlar\u0131 kimi g\u00fcn\u0259\u015fi d\u0259 unudan az\u0259rbaycanl\u0131lar. H\u0259, o az\u0259rbaycanl\u0131lar\u0131n siz\u0259 &#8220;salam&#8221;\u0131 var, sinyor De Byazi, sinyor &#8220;Tanr\u0131&#8221;.<\/p>\n","protected":false},"excerpt":{"rendered":"<p>Az\u0259rbaycanda ya\u015fama\u011f\u0131n, az\u0259rbaycanl\u0131 olma\u011f\u0131n c\u0259fas\u0131n\u0131 \u00e7\u0259k\u0259n insanlard\u0131r onlar &#8220;\u00dc\u00e7 milyon &#8230; <\/p>\n<p class=\"read-more-container\"><a title=\"\u201cTanr\u0131\u201dn\u0131n tan\u0131mad\u0131\u011f\u0131 az\u0259rbaycanl\u0131lar\" class=\"read-more button\" href=\"https:\/\/www.meydan.tv\/az\/article\/tanrinin-tanimadigi-azerbaycanlilar\/#more-245643\" aria-label=\"Read more about \u201cTanr\u0131\u201dn\u0131n tan\u0131mad\u0131\u011f\u0131 az\u0259rbaycanl\u0131lar\">Davam\u0131<\/a><\/p>\n","protected":false},"author":8,"featured_media":245644,"comment_status":"closed","ping_status":"closed","sticky":false,"template":"","format":"standard","meta":{"_acf_changed":false,"_sitemap_exclude":false,"_sitemap_priority":"","_sitemap_frequency":"","footnotes":""},"categories":[57],"tags":[],"class_list":["post-245643","post","type-post","status-publish","format-standard","has-post-thumbnail","hentry","category-menim-fikrimce","infinite-scroll-item","generate-columns","tablet-grid-50","mobile-grid-100","grid-parent","grid-33","no-featured-image-padding"],"acf":[],"yoast_head":"<!-- This site is optimized with the Yoast SEO plugin v27.4 - https:\/\/yoast.com\/product\/yoast-seo-wordpress\/ -->\n<title>\u201cTanr\u0131\u201dn\u0131n tan\u0131mad\u0131\u011f\u0131 az\u0259rbaycanl\u0131lar - MEYDAN.TV<\/title>\n<meta name=\"robots\" content=\"index, follow, max-snippet:-1, max-image-preview:large, max-video-preview:-1\" \/>\n<link rel=\"canonical\" href=\"https:\/\/www.meydan.tv\/az\/article\/tanrinin-tanimadigi-azerbaycanlilar\/\" \/>\n<meta property=\"og:locale\" content=\"az_AZ\" \/>\n<meta property=\"og:type\" content=\"article\" \/>\n<meta property=\"og:title\" content=\"\u201cTanr\u0131\u201dn\u0131n tan\u0131mad\u0131\u011f\u0131 az\u0259rbaycanl\u0131lar - MEYDAN.TV\" \/>\n<meta property=\"og:description\" content=\"Az\u0259rbaycanda ya\u015fama\u011f\u0131n, az\u0259rbaycanl\u0131 olma\u011f\u0131n c\u0259fas\u0131n\u0131 \u00e7\u0259k\u0259n insanlard\u0131r onlar &#8220;\u00dc\u00e7 milyon ... Davam\u0131\" \/>\n<meta property=\"og:url\" content=\"https:\/\/www.meydan.tv\/az\/article\/tanrinin-tanimadigi-azerbaycanlilar\/\" \/>\n<meta property=\"og:site_name\" content=\"MEYDAN.TV\" \/>\n<meta property=\"article:published_time\" content=\"2022-05-19T09:59:05+00:00\" \/>\n<meta property=\"article:modified_time\" content=\"2022-05-19T09:59:07+00:00\" \/>\n<meta property=\"og:image\" content=\"https:\/\/www.meydan.tv\/wp-content\/uploads\/1469911b-f47a-4fde-8340-12566c154bae-e1652954306134.jpeg\" \/>\n\t<meta property=\"og:image:width\" content=\"1200\" \/>\n\t<meta property=\"og:image:height\" content=\"669\" \/>\n\t<meta property=\"og:image:type\" content=\"image\/jpeg\" \/>\n<meta name=\"author\" content=\"elli\" \/>\n<meta name=\"twitter:card\" content=\"summary_large_image\" \/>\n<meta name=\"twitter:creator\" content=\"@elli\" \/>\n<script type=\"application\/ld+json\" class=\"yoast-schema-graph\">{\"@context\":\"https:\\\/\\\/schema.org\",\"@graph\":[{\"@type\":\"Article\",\"@id\":\"https:\\\/\\\/www.meydan.tv\\\/az\\\/article\\\/tanrinin-tanimadigi-azerbaycanlilar\\\/#article\",\"isPartOf\":{\"@id\":\"https:\\\/\\\/www.meydan.tv\\\/az\\\/article\\\/tanrinin-tanimadigi-azerbaycanlilar\\\/\"},\"author\":{\"name\":\"elli\",\"@id\":\"https:\\\/\\\/www.meydan.tv\\\/az\\\/#\\\/schema\\\/person\\\/9cdbecf90d17180ce1dfbd95b08dcf47\"},\"headline\":\"\u201cTanr\u0131\u201dn\u0131n tan\u0131mad\u0131\u011f\u0131 az\u0259rbaycanl\u0131lar\",\"datePublished\":\"2022-05-19T09:59:05+00:00\",\"dateModified\":\"2022-05-19T09:59:07+00:00\",\"mainEntityOfPage\":{\"@id\":\"https:\\\/\\\/www.meydan.tv\\\/az\\\/article\\\/tanrinin-tanimadigi-azerbaycanlilar\\\/\"},\"wordCount\":626,\"publisher\":{\"@id\":\"https:\\\/\\\/www.meydan.tv\\\/az\\\/#organization\"},\"image\":{\"@id\":\"https:\\\/\\\/www.meydan.tv\\\/az\\\/article\\\/tanrinin-tanimadigi-azerbaycanlilar\\\/#primaryimage\"},\"thumbnailUrl\":\"https:\\\/\\\/www.meydan.tv\\\/wp-content\\\/uploads\\\/1469911b-f47a-4fde-8340-12566c154bae-e1652954306134.jpeg\",\"articleSection\":[\"M\u0259nim Fikrimc\u0259\"],\"inLanguage\":\"az\"},{\"@type\":\"WebPage\",\"@id\":\"https:\\\/\\\/www.meydan.tv\\\/az\\\/article\\\/tanrinin-tanimadigi-azerbaycanlilar\\\/\",\"url\":\"https:\\\/\\\/www.meydan.tv\\\/az\\\/article\\\/tanrinin-tanimadigi-azerbaycanlilar\\\/\",\"name\":\"\u201cTanr\u0131\u201dn\u0131n tan\u0131mad\u0131\u011f\u0131 az\u0259rbaycanl\u0131lar - MEYDAN.TV\",\"isPartOf\":{\"@id\":\"https:\\\/\\\/www.meydan.tv\\\/az\\\/#website\"},\"primaryImageOfPage\":{\"@id\":\"https:\\\/\\\/www.meydan.tv\\\/az\\\/article\\\/tanrinin-tanimadigi-azerbaycanlilar\\\/#primaryimage\"},\"image\":{\"@id\":\"https:\\\/\\\/www.meydan.tv\\\/az\\\/article\\\/tanrinin-tanimadigi-azerbaycanlilar\\\/#primaryimage\"},\"thumbnailUrl\":\"https:\\\/\\\/www.meydan.tv\\\/wp-content\\\/uploads\\\/1469911b-f47a-4fde-8340-12566c154bae-e1652954306134.jpeg\",\"datePublished\":\"2022-05-19T09:59:05+00:00\",\"dateModified\":\"2022-05-19T09:59:07+00:00\",\"breadcrumb\":{\"@id\":\"https:\\\/\\\/www.meydan.tv\\\/az\\\/article\\\/tanrinin-tanimadigi-azerbaycanlilar\\\/#breadcrumb\"},\"inLanguage\":\"az\",\"potentialAction\":[{\"@type\":\"ReadAction\",\"target\":[\"https:\\\/\\\/www.meydan.tv\\\/az\\\/article\\\/tanrinin-tanimadigi-azerbaycanlilar\\\/\"]}]},{\"@type\":\"ImageObject\",\"inLanguage\":\"az\",\"@id\":\"https:\\\/\\\/www.meydan.tv\\\/az\\\/article\\\/tanrinin-tanimadigi-azerbaycanlilar\\\/#primaryimage\",\"url\":\"https:\\\/\\\/www.meydan.tv\\\/wp-content\\\/uploads\\\/1469911b-f47a-4fde-8340-12566c154bae-e1652954306134.jpeg\",\"contentUrl\":\"https:\\\/\\\/www.meydan.tv\\\/wp-content\\\/uploads\\\/1469911b-f47a-4fde-8340-12566c154bae-e1652954306134.jpeg\",\"width\":1200,\"height\":669,\"caption\":\"Canni De Byazi. Foto: \\\"korner.az\\\"\"},{\"@type\":\"BreadcrumbList\",\"@id\":\"https:\\\/\\\/www.meydan.tv\\\/az\\\/article\\\/tanrinin-tanimadigi-azerbaycanlilar\\\/#breadcrumb\",\"itemListElement\":[{\"@type\":\"ListItem\",\"position\":1,\"name\":\"Ana s\u0259hif\u0259\",\"item\":\"https:\\\/\\\/www.meydan.tv\\\/az\\\/\"},{\"@type\":\"ListItem\",\"position\":2,\"name\":\"M\u0259nim Fikrimc\u0259\",\"item\":\"https:\\\/\\\/www.meydan.tv\\\/az\\\/section\\\/menim-fikrimce\\\/\"},{\"@type\":\"ListItem\",\"position\":3,\"name\":\"\u201cTanr\u0131\u201dn\u0131n tan\u0131mad\u0131\u011f\u0131 az\u0259rbaycanl\u0131lar\"}]},{\"@type\":\"WebSite\",\"@id\":\"https:\\\/\\\/www.meydan.tv\\\/az\\\/#website\",\"url\":\"https:\\\/\\\/www.meydan.tv\\\/az\\\/\",\"name\":\"MEYDAN.TV\",\"description\":\"Meydan TV Az\u0259rbaycan\u0131n media m\u0259kan\u0131ndak\u0131 alternativ s\u0259sidir\",\"publisher\":{\"@id\":\"https:\\\/\\\/www.meydan.tv\\\/az\\\/#organization\"},\"potentialAction\":[{\"@type\":\"SearchAction\",\"target\":{\"@type\":\"EntryPoint\",\"urlTemplate\":\"https:\\\/\\\/www.meydan.tv\\\/az\\\/?s={search_term_string}\"},\"query-input\":{\"@type\":\"PropertyValueSpecification\",\"valueRequired\":true,\"valueName\":\"search_term_string\"}}],\"inLanguage\":\"az\"},{\"@type\":\"Organization\",\"@id\":\"https:\\\/\\\/www.meydan.tv\\\/az\\\/#organization\",\"name\":\"Meydan TV\",\"url\":\"https:\\\/\\\/www.meydan.tv\\\/az\\\/\",\"logo\":{\"@type\":\"ImageObject\",\"inLanguage\":\"az\",\"@id\":\"https:\\\/\\\/www.meydan.tv\\\/az\\\/#\\\/schema\\\/logo\\\/image\\\/\",\"url\":\"https:\\\/\\\/www.meydan.tv\\\/wp-content\\\/uploads\\\/2021\\\/07\\\/meydan-logo.svg\",\"contentUrl\":\"https:\\\/\\\/www.meydan.tv\\\/wp-content\\\/uploads\\\/2021\\\/07\\\/meydan-logo.svg\",\"width\":195,\"height\":46,\"caption\":\"Meydan TV\"},\"image\":{\"@id\":\"https:\\\/\\\/www.meydan.tv\\\/az\\\/#\\\/schema\\\/logo\\\/image\\\/\"}},{\"@type\":\"Person\",\"@id\":\"https:\\\/\\\/www.meydan.tv\\\/az\\\/#\\\/schema\\\/person\\\/9cdbecf90d17180ce1dfbd95b08dcf47\",\"name\":\"elli\",\"sameAs\":[\"https:\\\/\\\/x.com\\\/elli\"]}]}<\/script>\n<!-- \/ Yoast SEO plugin. -->","yoast_head_json":{"title":"\u201cTanr\u0131\u201dn\u0131n tan\u0131mad\u0131\u011f\u0131 az\u0259rbaycanl\u0131lar - MEYDAN.TV","robots":{"index":"index","follow":"follow","max-snippet":"max-snippet:-1","max-image-preview":"max-image-preview:large","max-video-preview":"max-video-preview:-1"},"canonical":"https:\/\/www.meydan.tv\/az\/article\/tanrinin-tanimadigi-azerbaycanlilar\/","og_locale":"az_AZ","og_type":"article","og_title":"\u201cTanr\u0131\u201dn\u0131n tan\u0131mad\u0131\u011f\u0131 az\u0259rbaycanl\u0131lar - MEYDAN.TV","og_description":"Az\u0259rbaycanda ya\u015fama\u011f\u0131n, az\u0259rbaycanl\u0131 olma\u011f\u0131n c\u0259fas\u0131n\u0131 \u00e7\u0259k\u0259n insanlard\u0131r onlar &#8220;\u00dc\u00e7 milyon ... Davam\u0131","og_url":"https:\/\/www.meydan.tv\/az\/article\/tanrinin-tanimadigi-azerbaycanlilar\/","og_site_name":"MEYDAN.TV","article_published_time":"2022-05-19T09:59:05+00:00","article_modified_time":"2022-05-19T09:59:07+00:00","og_image":[{"width":1200,"height":669,"url":"https:\/\/www.meydan.tv\/wp-content\/uploads\/1469911b-f47a-4fde-8340-12566c154bae-e1652954306134.jpeg","type":"image\/jpeg"}],"author":"elli","twitter_card":"summary_large_image","twitter_creator":"@elli","schema":{"@context":"https:\/\/schema.org","@graph":[{"@type":"Article","@id":"https:\/\/www.meydan.tv\/az\/article\/tanrinin-tanimadigi-azerbaycanlilar\/#article","isPartOf":{"@id":"https:\/\/www.meydan.tv\/az\/article\/tanrinin-tanimadigi-azerbaycanlilar\/"},"author":{"name":"elli","@id":"https:\/\/www.meydan.tv\/az\/#\/schema\/person\/9cdbecf90d17180ce1dfbd95b08dcf47"},"headline":"\u201cTanr\u0131\u201dn\u0131n tan\u0131mad\u0131\u011f\u0131 az\u0259rbaycanl\u0131lar","datePublished":"2022-05-19T09:59:05+00:00","dateModified":"2022-05-19T09:59:07+00:00","mainEntityOfPage":{"@id":"https:\/\/www.meydan.tv\/az\/article\/tanrinin-tanimadigi-azerbaycanlilar\/"},"wordCount":626,"publisher":{"@id":"https:\/\/www.meydan.tv\/az\/#organization"},"image":{"@id":"https:\/\/www.meydan.tv\/az\/article\/tanrinin-tanimadigi-azerbaycanlilar\/#primaryimage"},"thumbnailUrl":"https:\/\/www.meydan.tv\/wp-content\/uploads\/1469911b-f47a-4fde-8340-12566c154bae-e1652954306134.jpeg","articleSection":["M\u0259nim Fikrimc\u0259"],"inLanguage":"az"},{"@type":"WebPage","@id":"https:\/\/www.meydan.tv\/az\/article\/tanrinin-tanimadigi-azerbaycanlilar\/","url":"https:\/\/www.meydan.tv\/az\/article\/tanrinin-tanimadigi-azerbaycanlilar\/","name":"\u201cTanr\u0131\u201dn\u0131n tan\u0131mad\u0131\u011f\u0131 az\u0259rbaycanl\u0131lar - MEYDAN.TV","isPartOf":{"@id":"https:\/\/www.meydan.tv\/az\/#website"},"primaryImageOfPage":{"@id":"https:\/\/www.meydan.tv\/az\/article\/tanrinin-tanimadigi-azerbaycanlilar\/#primaryimage"},"image":{"@id":"https:\/\/www.meydan.tv\/az\/article\/tanrinin-tanimadigi-azerbaycanlilar\/#primaryimage"},"thumbnailUrl":"https:\/\/www.meydan.tv\/wp-content\/uploads\/1469911b-f47a-4fde-8340-12566c154bae-e1652954306134.jpeg","datePublished":"2022-05-19T09:59:05+00:00","dateModified":"2022-05-19T09:59:07+00:00","breadcrumb":{"@id":"https:\/\/www.meydan.tv\/az\/article\/tanrinin-tanimadigi-azerbaycanlilar\/#breadcrumb"},"inLanguage":"az","potentialAction":[{"@type":"ReadAction","target":["https:\/\/www.meydan.tv\/az\/article\/tanrinin-tanimadigi-azerbaycanlilar\/"]}]},{"@type":"ImageObject","inLanguage":"az","@id":"https:\/\/www.meydan.tv\/az\/article\/tanrinin-tanimadigi-azerbaycanlilar\/#primaryimage","url":"https:\/\/www.meydan.tv\/wp-content\/uploads\/1469911b-f47a-4fde-8340-12566c154bae-e1652954306134.jpeg","contentUrl":"https:\/\/www.meydan.tv\/wp-content\/uploads\/1469911b-f47a-4fde-8340-12566c154bae-e1652954306134.jpeg","width":1200,"height":669,"caption":"Canni De Byazi. Foto: \"korner.az\""},{"@type":"BreadcrumbList","@id":"https:\/\/www.meydan.tv\/az\/article\/tanrinin-tanimadigi-azerbaycanlilar\/#breadcrumb","itemListElement":[{"@type":"ListItem","position":1,"name":"Ana s\u0259hif\u0259","item":"https:\/\/www.meydan.tv\/az\/"},{"@type":"ListItem","position":2,"name":"M\u0259nim Fikrimc\u0259","item":"https:\/\/www.meydan.tv\/az\/section\/menim-fikrimce\/"},{"@type":"ListItem","position":3,"name":"\u201cTanr\u0131\u201dn\u0131n tan\u0131mad\u0131\u011f\u0131 az\u0259rbaycanl\u0131lar"}]},{"@type":"WebSite","@id":"https:\/\/www.meydan.tv\/az\/#website","url":"https:\/\/www.meydan.tv\/az\/","name":"MEYDAN.TV","description":"Meydan TV Az\u0259rbaycan\u0131n media m\u0259kan\u0131ndak\u0131 alternativ s\u0259sidir","publisher":{"@id":"https:\/\/www.meydan.tv\/az\/#organization"},"potentialAction":[{"@type":"SearchAction","target":{"@type":"EntryPoint","urlTemplate":"https:\/\/www.meydan.tv\/az\/?s={search_term_string}"},"query-input":{"@type":"PropertyValueSpecification","valueRequired":true,"valueName":"search_term_string"}}],"inLanguage":"az"},{"@type":"Organization","@id":"https:\/\/www.meydan.tv\/az\/#organization","name":"Meydan TV","url":"https:\/\/www.meydan.tv\/az\/","logo":{"@type":"ImageObject","inLanguage":"az","@id":"https:\/\/www.meydan.tv\/az\/#\/schema\/logo\/image\/","url":"https:\/\/www.meydan.tv\/wp-content\/uploads\/2021\/07\/meydan-logo.svg","contentUrl":"https:\/\/www.meydan.tv\/wp-content\/uploads\/2021\/07\/meydan-logo.svg","width":195,"height":46,"caption":"Meydan TV"},"image":{"@id":"https:\/\/www.meydan.tv\/az\/#\/schema\/logo\/image\/"}},{"@type":"Person","@id":"https:\/\/www.meydan.tv\/az\/#\/schema\/person\/9cdbecf90d17180ce1dfbd95b08dcf47","name":"elli","sameAs":["https:\/\/x.com\/elli"]}]}},"_links":{"self":[{"href":"https:\/\/www.meydan.tv\/az\/wp-json\/wp\/v2\/posts\/245643","targetHints":{"allow":["GET"]}}],"collection":[{"href":"https:\/\/www.meydan.tv\/az\/wp-json\/wp\/v2\/posts"}],"about":[{"href":"https:\/\/www.meydan.tv\/az\/wp-json\/wp\/v2\/types\/post"}],"author":[{"embeddable":true,"href":"https:\/\/www.meydan.tv\/az\/wp-json\/wp\/v2\/users\/8"}],"replies":[{"embeddable":true,"href":"https:\/\/www.meydan.tv\/az\/wp-json\/wp\/v2\/comments?post=245643"}],"version-history":[{"count":1,"href":"https:\/\/www.meydan.tv\/az\/wp-json\/wp\/v2\/posts\/245643\/revisions"}],"predecessor-version":[{"id":245647,"href":"https:\/\/www.meydan.tv\/az\/wp-json\/wp\/v2\/posts\/245643\/revisions\/245647"}],"wp:featuredmedia":[{"embeddable":true,"href":"https:\/\/www.meydan.tv\/az\/wp-json\/wp\/v2\/media\/245644"}],"wp:attachment":[{"href":"https:\/\/www.meydan.tv\/az\/wp-json\/wp\/v2\/media?parent=245643"}],"wp:term":[{"taxonomy":"category","embeddable":true,"href":"https:\/\/www.meydan.tv\/az\/wp-json\/wp\/v2\/categories?post=245643"},{"taxonomy":"post_tag","embeddable":true,"href":"https:\/\/www.meydan.tv\/az\/wp-json\/wp\/v2\/tags?post=245643"}],"curies":[{"name":"wp","href":"https:\/\/api.w.org\/{rel}","templated":true}]}}