{"id":245489,"date":"2022-05-18T12:26:32","date_gmt":"2022-05-18T08:26:32","guid":{"rendered":"https:\/\/www.meydan.tv\/?p=245489"},"modified":"2022-05-18T12:26:36","modified_gmt":"2022-05-18T08:26:36","slug":"bir-olkeni-xalqi-hem-de-onun-muzeyleri-ile-taniyirlar","status":"publish","type":"post","link":"https:\/\/www.meydan.tv\/az\/article\/bir-olkeni-xalqi-hem-de-onun-muzeyleri-ile-taniyirlar\/","title":{"rendered":"\u201cBir \u00f6lk\u0259ni, xalq\u0131, h\u0259m d\u0259 onun muzeyl\u0259ri il\u0259 tan\u0131y\u0131rlar\u201d"},"content":{"rendered":"\n<p><\/p>\n\n\n\n<p><em>Ekspert: \u201cH\u00f6kum\u0259ti Avropa deyil, \u0259r\u0259b \u00f6lk\u0259l\u0259rind\u0259n g\u0259l\u0259n turistl\u0259r maraqland\u0131r\u0131r\u201d<\/em><\/p>\n\n\n\n<p>18 May \u2013 d\u00fcnyada Beyn\u0259lxalq Muzeyl\u0259r G\u00fcn\u00fc kimi qeyd edilir.<\/p>\n\n\n\n<p>Bu g\u00fcn Az\u0259rbaycanda da ke\u00e7irilir, muzeyl\u0259rd\u0259 m\u00fcxt\u0259lif t\u0259dbirl\u0259r t\u0259\u015fkil olunur, ziyar\u0259t\u00e7il\u0259r \u00fc\u00e7\u00fcn \u201ca\u00e7\u0131q qap\u0131\u201d g\u00fcn\u00fc elan edilir.<\/p>\n\n\n\n<p>Haz\u0131rda Az\u0259rbaycanda 222 muzey f\u0259aliyy\u0259t g\u00f6st\u0259rir.<\/p>\n\n\n\n<p>Bak\u0131dak\u0131 muzeyl\u0259r\u0259 giri\u015f qiym\u0259tl\u0259ri \u2013 u\u015faqlar 2, b\u00f6y\u00fckl\u0259r 5, xarici v\u0259t\u0259nda\u015flar \u00fc\u00e7\u00fcns\u0259 7 manatd\u0131r.<\/p>\n\n\n\n<p>Qiym\u0259tl\u0259r a\u015fa\u011f\u0131 olsa da, muzeyl\u0259rd\u0259 ziyar\u0259t\u00e7i q\u0131tl\u0131\u011f\u0131 var.<\/p>\n\n\n\n<p>Az\u0259rbaycanda \u0259halinin muzeyl\u0259r\u0259, m\u0259d\u0259niyy\u0259t salonlar\u0131na mara\u011f\u0131n\u0131n \u0259h\u0259miyy\u0259t s\u0259viyy\u0259sinin \u0259n a\u015fa\u011f\u0131 yerl\u0259rd\u0259n birini tutmas\u0131 sirr deyil. H\u0259tta pandemiya d\u00f6vr\u00fc ilyar\u0131m qapal\u0131 qalan muzeyl\u0259rin f\u0259aliyy\u0259tinin yenid\u0259n b\u0259rpas\u0131 birm\u0259nal\u0131 qar\u015f\u0131lanmam\u0131\u015fd\u0131. Bu add\u0131m sosial \u015f\u0259b\u0259k\u0259l\u0259rd\u0259 l\u0259tif\u0259 m\u00f6vzusuna da \u00e7evrilmi\u015fdi.<\/p>\n\n\n\n<p>H\u0259r il oldu\u011fu kimi, bu il d\u0259 Az\u0259rbaycanda \u0259halinin muzeyl\u0259r\u0259 mara\u011f\u0131n\u0131n az olmas\u0131, yaxud da \u00fcmumiyy\u0259tl\u0259, olmamas\u0131 problemi aktualla\u015f\u0131r, geni\u015f m\u00fczakir\u0259l\u0259r yarad\u0131r.<\/p>\n\n\n\n<p>\u0130nsanlar\u0131n ya\u015fay\u0131\u015f s\u0259viyy\u0259sinin a\u015fa\u011f\u0131 olmas\u0131ndan tutmu\u015f, bu sah\u0259d\u0259 d\u00fczg\u00fcn t\u0259\u015fviqin apar\u0131lmamas\u0131 kimi \u0259saslar g\u0259tirilir.<\/p>\n\n\n\n<p>Meydan TV-nin sor\u011fusunu cavabland\u0131ran bir ne\u00e7\u0259 Bak\u0131 sakini d\u0259 muzey\u0259 getm\u0259dikl\u0259rini deyir.<\/p>\n\n\n\n<p>B\u0259zi respondentl\u0259r muzey\u0259 getm\u0259yi vaxt itkisi hesab edirl\u0259r.<\/p>\n\n\n\n<p>Deyirl\u0259r ki, Az\u0259rbaycanda maraql\u0131 muzeyl\u0259r yoxdur. B\u0259zil\u0259ri is\u0259 \u201c\u00d6z\u00fcm\u00fcz\u0259 pul \u00e7atd\u0131rm\u0131r\u0131q, muzey\u0259 nec\u0259 ged\u0259k?\u201d, &#8211; deyirl\u0259r.<\/p>\n\n\n\n<p>Ya\u015fl\u0131 n\u0259slin n\u00fcmay\u0259nd\u0259l\u0259ri d\u0259 muzey\u0259 getm\u0259k \u0259n\u0259n\u0259sinin sovetl\u0259r d\u00f6n\u0259mind\u0259 daha aktual oldu\u011funu s\u00f6yl\u0259yirl\u0259r.<\/p>\n\n\n\n<figure class=\"wp-block-image size-full\"><img decoding=\"async\" width=\"1200\" height=\"728\" data-src=\"https:\/\/www.meydan.tv\/wp-content\/uploads\/151299_g83qp4m3al.jpg\" alt=\"\" class=\"wp-image-245490 lazyload\" src=\"data:image\/svg+xml;base64,PHN2ZyB3aWR0aD0iMSIgaGVpZ2h0PSIxIiB4bWxucz0iaHR0cDovL3d3dy53My5vcmcvMjAwMC9zdmciPjwvc3ZnPg==\" style=\"--smush-placeholder-width: 1200px; --smush-placeholder-aspect-ratio: 1200\/728;\" \/><figcaption>\u018fhm\u0259d Q\u0259\u015f\u0259mo\u011flu. Foto: &#8220;mektebgushesi.az&#8221;<\/figcaption><\/figure>\n\n\n\n<p>Onlar\u0131n fikrinc\u0259, haz\u0131rda g\u0259ncl\u0259rin d\u00fcnyag\u00f6r\u00fc\u015f\u00fc, mara\u011f\u0131 f\u0259rqlidir. \u0130ndiki n\u0259sli muzeyl\u0259rl\u0259 t\u0259\u0259cc\u00fcbl\u0259ndirm\u0259k m\u00fcmk\u00fcn deyil.<\/p>\n\n\n\n<p>Sosioloq \u018fhm\u0259d Q\u0259\u015f\u0259mo\u011flu s\u00f6yl\u0259nil\u0259n fikirl\u0259rl\u0259 raz\u0131la\u015fm\u0131r.<\/p>\n\n\n\n<p>Deyir ki, g\u0259ncl\u0259r\u0259 muzeyl\u0259r\u0259 getm\u0259k m\u0259d\u0259niyy\u0259tini t\u0259bli\u011f etm\u0259k laz\u0131md\u0131r: \u201cHans\u0131sa \u00f6lk\u0259y\u0259 ged\u0259nd\u0259, m\u00fctl\u0259q muzeyl\u0259rin\u0259 d\u0259 ba\u015f \u00e7\u0259kirik. \u00c7\u00fcnki muzey \u00e7ox b\u00f6y\u00fck m\u0259lumat verir. \u0130ndiki g\u0259ncl\u0259rd\u0259 muzey\u0259 getm\u0259y\u0259 can atmaq h\u0259v\u0259sini g\u00f6rm\u00fcr\u0259m. S\u0259b\u0259b is\u0259 etinas\u0131zl\u0131qd\u0131r. G\u00fcnah da ya\u015fl\u0131 n\u0259sild\u0259dir. Ya\u015fl\u0131 n\u0259sil bu istiqam\u0259td\u0259 laz\u0131mi i\u015fl\u0259ri g\u00f6rm\u00fcr. H\u0259m\u00e7inin t\u0259hsil sistemind\u0259 muzeyl\u0259r\u0259 ekskursiya m\u0259d\u0259niyy\u0259tini yerin\u0259 oturtmam\u0131\u015f\u0131q\u201d.<\/p>\n\n\n\n<p>Yaz\u0131\u00e7\u0131 \u015e\u0259rif A\u011fayar is\u0259 deyir ki, d\u00fcnyada bir \u00f6lk\u0259ni, xalq\u0131, h\u0259m d\u0259 onun muzeyl\u0259ri il\u0259 tan\u0131y\u0131rlar.<\/p>\n\n\n\n<p>Onun s\u00f6zl\u0259rin\u0259 g\u00f6r\u0259, m\u0259d\u0259niyy\u0259tin bu kimi spesifik sah\u0259l\u0259rinin formala\u015fmas\u0131 \u00fc\u00e7\u00fcn c\u0259miyy\u0259tin inki\u015faf\u0131 g\u0259r\u0259kdir:<\/p>\n\n\n\n<figure class=\"wp-block-image size-full\"><img decoding=\"async\" width=\"1200\" height=\"769\" data-src=\"https:\/\/www.meydan.tv\/wp-content\/uploads\/2022-02-23-09-41-39ue18cpt6bla77g05sfcc_file.jpg\" alt=\"\" class=\"wp-image-245493 lazyload\" src=\"data:image\/svg+xml;base64,PHN2ZyB3aWR0aD0iMSIgaGVpZ2h0PSIxIiB4bWxucz0iaHR0cDovL3d3dy53My5vcmcvMjAwMC9zdmciPjwvc3ZnPg==\" style=\"--smush-placeholder-width: 1200px; --smush-placeholder-aspect-ratio: 1200\/769;\" \/><figcaption>\u015e\u0259rif A\u011fayar. Foto: &#8220;yeniyaz.az&#8221;<\/figcaption><\/figure>\n\n\n\n<p>\u201c\u0130qtisadiyyat\u0131m\u0131z, siyas\u0259timiz nec\u0259dirs\u0259, m\u0259tbuat\u0131m\u0131z, kitab\u0131m\u0131z, futbolumuz, teatr\u0131m\u0131z, kinomuz da o c\u00fcrd\u00fcr. Eyni zamanda, muzeyl\u0259rimiz. Yad\u0131mdad\u0131r, 90-lar\u0131n sonu, 2000-l\u0259rin \u0259vv\u0259lind\u0259 kino kimi k\u00fctl\u0259vi s\u0259n\u0259t sah\u0259sind\u0259 d\u0259 v\u0259ziyy\u0259t bel\u0259 idi. Zaman ke\u00e7dikc\u0259, modern \u00fcslubda \u0259rs\u0259y\u0259 g\u0259lmi\u015f ki\u00e7ik v\u0259 ya b\u00f6y\u00fck kinoteatrlarda an\u015flaqlar g\u00f6rd\u00fck. Muzeyl\u0259rl\u0259 d\u0259 ba\u011fl\u0131 bu c\u00fcr inki\u015faf\u0131 g\u00f6zl\u0259yir\u0259m. Bu, gec-tez olacaq\u201d.<\/p>\n\n\n\n<p>D\u00fcnya t\u0259cr\u00fcb\u0259sind\u0259 muzeyl\u0259r turizmin inki\u015faf\u0131nda m\u00fch\u00fcm rol oynay\u0131r.<\/p>\n\n\n\n<p>Turizmin bu istiqam\u0259ti \u2013 m\u0259d\u0259ni turizm adlan\u0131r. M\u0259d\u0259ni turizm \u2013 dey\u0259nd\u0259, a\u011f\u0131la ilk s\u0259yah\u0259t edil\u0259n \u00f6lk\u0259nin ad\u0259t-\u0259n\u0259n\u0259si, musiqisi, milli m\u0259tb\u0259xi, dili, m\u0259d\u0259ni abid\u0259l\u0259ri, tarixi binalar\u0131 g\u0259lir.<\/p>\n\n\n\n<p>Az\u0259rbaycanda m\u0259d\u0259ni turizm inki\u015faf etm\u0259diyi \u00fc\u00e7\u00fcn muzeyl\u0259r\u0259 d\u0259 xarici turistl\u0259rin mara\u011f\u0131, ax\u0131n\u0131 yoxdur.<\/p>\n\n\n\n<p>Turizm eksperti \u00dclvi H\u0259s\u0259nlinin s\u00f6zl\u0259rin\u0259 g\u00f6r\u0259, Az\u0259rbaycan h\u00f6kum\u0259ti turizmin bu sah\u0259sinin inki\u015faf\u0131nda maraql\u0131 deyil:<br>\u201cM\u0259d\u0259ni turizm t\u0259\u015fviq edilmir, ciddi proqramlar realla\u015fd\u0131r\u0131lm\u0131r. \u00c7\u00fcnki h\u00f6kum\u0259ti Avropa v\u0259 Q\u0259rb deyil, daha \u00e7ox \u0259r\u0259b v\u0259 \u015e\u0259rq \u00f6lk\u0259l\u0259rind\u0259n g\u0259l\u0259n turistl\u0259r maraqland\u0131r\u0131r. \u018fr\u0259b \u00f6lk\u0259l\u0259rind\u0259n g\u0259l\u0259n turist \u00fc\u00e7\u00fcn d\u0259 muzey\u0259 getm\u0259k maraql\u0131 deyil. D\u00fcnyan\u0131 g\u0259zmi\u015f avropal\u0131 turisti d\u0259 Az\u0259rbaycandak\u0131 muzeyl\u0259rl\u0259 t\u0259\u0259cc\u00fcbl\u0259ndirm\u0259k \u00e7\u0259tin m\u0259s\u0259l\u0259dir\u201d.<\/p>\n\n\n\n<figure class=\"wp-block-image size-full\"><img decoding=\"async\" data-src=\"https:\/\/www.meydan.tv\/wp-content\/uploads\/lighthousefellowship-2.jpg\" alt=\"\u00dclvi H\u0259s\u0259nli\" class=\"wp-image-136779 lazyload\" src=\"data:image\/svg+xml;base64,PHN2ZyB3aWR0aD0iMSIgaGVpZ2h0PSIxIiB4bWxucz0iaHR0cDovL3d3dy53My5vcmcvMjAwMC9zdmciPjwvc3ZnPg==\" style=\"--smush-placeholder-width: 1024px; --smush-placeholder-aspect-ratio: 1024\/768;\" \/><figcaption>\u00dclvi H\u0259s\u0259nli. Foto: abzas.net<\/figcaption><\/figure>\n\n\n\n<p>Ekspert hesab edir ki, yerli v\u0259 xarici ziyar\u0259t\u00e7il\u0259ri muzeyl\u0259r\u0259 c\u0259lb etm\u0259k \u00fc\u00e7\u00fcn daha yarad\u0131c\u0131 i\u015fl\u0259r g\u00f6r\u00fclm\u0259li, maraq yaradacaq muzeyl\u0259rin a\u00e7\u0131lmas\u0131na \u00e7al\u0131\u015f\u0131lmal\u0131d\u0131r:<\/p>\n\n\n\n<p>\u201cB\u0259z\u0259n g\u00f6r\u00fcrs\u0259n ki, Az\u0259rbaycanda hans\u0131sa tarixi abid\u0259l\u0259rin b\u0259rpa olundu\u011funu, yaxud, yeni muzeyin a\u00e7\u0131ld\u0131\u011f\u0131n\u0131 elan edirl\u0259r. Lakin m\u00fc\u015fahid\u0259 edirik ki, h\u0259min m\u0259kanlara kifay\u0259t q\u0259d\u0259r ziyar\u0259t\u00e7i getmir. \u00d6lk\u0259l\u0259r var ki, insanlar ged\u0259nd\u0259 ilk n\u00f6vb\u0259d\u0259 muzeyl\u0259ri, m\u0259d\u0259ni-tarixi abid\u0259l\u0259ri g\u0259zirl\u0259r. Fransa bu m\u0259s\u0259l\u0259d\u0259 d\u00fcnyada birinci yerd\u0259dir. Milyonlarla insan muzey\u0259 gedir, turizm d\u0259 inki\u015faf edir\u201d.<\/p>\n\n\n\n<p>Beyn\u0259lxalq Muzeyl\u0259r G\u00fcn\u00fc \u2014 Beyn\u0259lxalq Muzeyl\u0259r \u015euras\u0131n\u0131n (International Council of Museums) t\u0259\u015f\u0259bb\u00fcs\u00fc il\u0259 1977-ci il may\u0131n 18-d\u0259n ke\u00e7irilm\u0259y\u0259 ba\u015flan\u0131b.<\/p>\n\n\n\n<p>Bu g\u00fcn\u00fcn qeyd edilm\u0259sind\u0259 m\u0259qs\u0259d, xalqlar aras\u0131nda m\u0259d\u0259ni m\u00fcbadil\u0259 v\u0259 \u0259m\u0259kda\u015fl\u0131\u011f\u0131n inki\u015faf\u0131na k\u00f6m\u0259k etm\u0259kdir.<\/p>\n\n\n\n<p>Az\u0259rbaycan muzeyl\u0259ri haqq\u0131nda \u0259trafl\u0131 m\u0259lumatlar\u0131 \u2013 biletl\u0259r qiym\u0259tl\u0259ri, virtual s\u0259yah\u0259t, ke\u00e7iril\u0259c\u0259k t\u0259dbirl\u0259r- \u201c<a href=\"http:\/\/museum.az\" target=\"_blank\" rel=\"noreferrer noopener\">http:\/\/museum.az<\/a>\u201d sayt\u0131ndan \u0259ld\u0259 etm\u0259k m\u00fcmk\u00fcnd\u00fcr.<\/p>\n","protected":false},"excerpt":{"rendered":"<p>Ekspert: \u201cH\u00f6kum\u0259ti Avropa deyil, \u0259r\u0259b \u00f6lk\u0259l\u0259rind\u0259n g\u0259l\u0259n turistl\u0259r maraqland\u0131r\u0131r\u201d 18 &#8230; <\/p>\n<p class=\"read-more-container\"><a title=\"\u201cBir \u00f6lk\u0259ni, xalq\u0131, h\u0259m d\u0259 onun muzeyl\u0259ri il\u0259 tan\u0131y\u0131rlar\u201d\" class=\"read-more button\" href=\"https:\/\/www.meydan.tv\/az\/article\/bir-olkeni-xalqi-hem-de-onun-muzeyleri-ile-taniyirlar\/#more-245489\" aria-label=\"Read more about \u201cBir \u00f6lk\u0259ni, xalq\u0131, h\u0259m d\u0259 onun muzeyl\u0259ri il\u0259 tan\u0131y\u0131rlar\u201d\">Davam\u0131<\/a><\/p>\n","protected":false},"author":8,"featured_media":245486,"comment_status":"closed","ping_status":"closed","sticky":false,"template":"","format":"standard","meta":{"_acf_changed":false,"_sitemap_exclude":false,"_sitemap_priority":"","_sitemap_frequency":"","footnotes":""},"categories":[52,56],"tags":[],"class_list":["post-245489","post","type-post","status-publish","format-standard","has-post-thumbnail","hentry","category-medeniyyet","category-xeberler","infinite-scroll-item","generate-columns","tablet-grid-50","mobile-grid-100","grid-parent","grid-33","no-featured-image-padding"],"acf":[],"yoast_head":"<!-- This site is optimized with the Yoast SEO plugin v27.5 - https:\/\/yoast.com\/product\/yoast-seo-wordpress\/ -->\n<title>\u201cBir \u00f6lk\u0259ni, xalq\u0131, h\u0259m d\u0259 onun muzeyl\u0259ri il\u0259 tan\u0131y\u0131rlar\u201d - MEYDAN.TV<\/title>\n<meta name=\"robots\" content=\"index, follow, max-snippet:-1, max-image-preview:large, max-video-preview:-1\" \/>\n<link rel=\"canonical\" href=\"https:\/\/www.meydan.tv\/az\/article\/bir-olkeni-xalqi-hem-de-onun-muzeyleri-ile-taniyirlar\/\" \/>\n<meta property=\"og:locale\" content=\"az_AZ\" \/>\n<meta property=\"og:type\" content=\"article\" \/>\n<meta property=\"og:title\" content=\"\u201cBir \u00f6lk\u0259ni, xalq\u0131, h\u0259m d\u0259 onun muzeyl\u0259ri il\u0259 tan\u0131y\u0131rlar\u201d - MEYDAN.TV\" \/>\n<meta property=\"og:description\" content=\"Ekspert: \u201cH\u00f6kum\u0259ti Avropa deyil, \u0259r\u0259b \u00f6lk\u0259l\u0259rind\u0259n g\u0259l\u0259n turistl\u0259r maraqland\u0131r\u0131r\u201d 18 ... Davam\u0131\" \/>\n<meta property=\"og:url\" content=\"https:\/\/www.meydan.tv\/az\/article\/bir-olkeni-xalqi-hem-de-onun-muzeyleri-ile-taniyirlar\/\" \/>\n<meta property=\"og:site_name\" content=\"MEYDAN.TV\" \/>\n<meta property=\"article:published_time\" content=\"2022-05-18T08:26:32+00:00\" \/>\n<meta property=\"article:modified_time\" content=\"2022-05-18T08:26:36+00:00\" \/>\n<meta property=\"og:image\" content=\"https:\/\/www.meydan.tv\/wp-content\/uploads\/shutterstock_1597956469.jpg\" \/>\n\t<meta property=\"og:image:width\" content=\"1200\" \/>\n\t<meta property=\"og:image:height\" content=\"800\" \/>\n\t<meta property=\"og:image:type\" content=\"image\/jpeg\" \/>\n<meta name=\"author\" content=\"elli\" \/>\n<meta name=\"twitter:card\" content=\"summary_large_image\" \/>\n<meta name=\"twitter:creator\" content=\"@elli\" \/>\n<script type=\"application\/ld+json\" class=\"yoast-schema-graph\">{\"@context\":\"https:\\\/\\\/schema.org\",\"@graph\":[{\"@type\":\"Article\",\"@id\":\"https:\\\/\\\/www.meydan.tv\\\/az\\\/article\\\/bir-olkeni-xalqi-hem-de-onun-muzeyleri-ile-taniyirlar\\\/#article\",\"isPartOf\":{\"@id\":\"https:\\\/\\\/www.meydan.tv\\\/az\\\/article\\\/bir-olkeni-xalqi-hem-de-onun-muzeyleri-ile-taniyirlar\\\/\"},\"author\":{\"name\":\"elli\",\"@id\":\"https:\\\/\\\/www.meydan.tv\\\/az\\\/#\\\/schema\\\/person\\\/9cdbecf90d17180ce1dfbd95b08dcf47\"},\"headline\":\"\u201cBir \u00f6lk\u0259ni, xalq\u0131, h\u0259m d\u0259 onun muzeyl\u0259ri il\u0259 tan\u0131y\u0131rlar\u201d\",\"datePublished\":\"2022-05-18T08:26:32+00:00\",\"dateModified\":\"2022-05-18T08:26:36+00:00\",\"mainEntityOfPage\":{\"@id\":\"https:\\\/\\\/www.meydan.tv\\\/az\\\/article\\\/bir-olkeni-xalqi-hem-de-onun-muzeyleri-ile-taniyirlar\\\/\"},\"wordCount\":1072,\"publisher\":{\"@id\":\"https:\\\/\\\/www.meydan.tv\\\/az\\\/#organization\"},\"image\":{\"@id\":\"https:\\\/\\\/www.meydan.tv\\\/az\\\/article\\\/bir-olkeni-xalqi-hem-de-onun-muzeyleri-ile-taniyirlar\\\/#primaryimage\"},\"thumbnailUrl\":\"https:\\\/\\\/www.meydan.tv\\\/wp-content\\\/uploads\\\/shutterstock_1597956469.jpg\",\"articleSection\":[\"M\u0259d\u0259niyy\u0259t\",\"X\u0259b\u0259rl\u0259r\"],\"inLanguage\":\"az\"},{\"@type\":\"WebPage\",\"@id\":\"https:\\\/\\\/www.meydan.tv\\\/az\\\/article\\\/bir-olkeni-xalqi-hem-de-onun-muzeyleri-ile-taniyirlar\\\/\",\"url\":\"https:\\\/\\\/www.meydan.tv\\\/az\\\/article\\\/bir-olkeni-xalqi-hem-de-onun-muzeyleri-ile-taniyirlar\\\/\",\"name\":\"\u201cBir \u00f6lk\u0259ni, xalq\u0131, h\u0259m d\u0259 onun muzeyl\u0259ri il\u0259 tan\u0131y\u0131rlar\u201d - MEYDAN.TV\",\"isPartOf\":{\"@id\":\"https:\\\/\\\/www.meydan.tv\\\/az\\\/#website\"},\"primaryImageOfPage\":{\"@id\":\"https:\\\/\\\/www.meydan.tv\\\/az\\\/article\\\/bir-olkeni-xalqi-hem-de-onun-muzeyleri-ile-taniyirlar\\\/#primaryimage\"},\"image\":{\"@id\":\"https:\\\/\\\/www.meydan.tv\\\/az\\\/article\\\/bir-olkeni-xalqi-hem-de-onun-muzeyleri-ile-taniyirlar\\\/#primaryimage\"},\"thumbnailUrl\":\"https:\\\/\\\/www.meydan.tv\\\/wp-content\\\/uploads\\\/shutterstock_1597956469.jpg\",\"datePublished\":\"2022-05-18T08:26:32+00:00\",\"dateModified\":\"2022-05-18T08:26:36+00:00\",\"breadcrumb\":{\"@id\":\"https:\\\/\\\/www.meydan.tv\\\/az\\\/article\\\/bir-olkeni-xalqi-hem-de-onun-muzeyleri-ile-taniyirlar\\\/#breadcrumb\"},\"inLanguage\":\"az\",\"potentialAction\":[{\"@type\":\"ReadAction\",\"target\":[\"https:\\\/\\\/www.meydan.tv\\\/az\\\/article\\\/bir-olkeni-xalqi-hem-de-onun-muzeyleri-ile-taniyirlar\\\/\"]}]},{\"@type\":\"ImageObject\",\"inLanguage\":\"az\",\"@id\":\"https:\\\/\\\/www.meydan.tv\\\/az\\\/article\\\/bir-olkeni-xalqi-hem-de-onun-muzeyleri-ile-taniyirlar\\\/#primaryimage\",\"url\":\"https:\\\/\\\/www.meydan.tv\\\/wp-content\\\/uploads\\\/shutterstock_1597956469.jpg\",\"contentUrl\":\"https:\\\/\\\/www.meydan.tv\\\/wp-content\\\/uploads\\\/shutterstock_1597956469.jpg\",\"width\":1200,\"height\":800,\"caption\":\"Xal\u00e7a muzeyi. Foto: alexsaz\\\/shutterstock\"},{\"@type\":\"BreadcrumbList\",\"@id\":\"https:\\\/\\\/www.meydan.tv\\\/az\\\/article\\\/bir-olkeni-xalqi-hem-de-onun-muzeyleri-ile-taniyirlar\\\/#breadcrumb\",\"itemListElement\":[{\"@type\":\"ListItem\",\"position\":1,\"name\":\"Ana s\u0259hif\u0259\",\"item\":\"https:\\\/\\\/www.meydan.tv\\\/az\\\/\"},{\"@type\":\"ListItem\",\"position\":2,\"name\":\"M\u0259d\u0259niyy\u0259t\",\"item\":\"https:\\\/\\\/www.meydan.tv\\\/az\\\/section\\\/medeniyyet\\\/\"},{\"@type\":\"ListItem\",\"position\":3,\"name\":\"\u201cBir \u00f6lk\u0259ni, xalq\u0131, h\u0259m d\u0259 onun muzeyl\u0259ri il\u0259 tan\u0131y\u0131rlar\u201d\"}]},{\"@type\":\"WebSite\",\"@id\":\"https:\\\/\\\/www.meydan.tv\\\/az\\\/#website\",\"url\":\"https:\\\/\\\/www.meydan.tv\\\/az\\\/\",\"name\":\"MEYDAN.TV\",\"description\":\"Meydan TV Az\u0259rbaycan\u0131n media m\u0259kan\u0131ndak\u0131 alternativ s\u0259sidir\",\"publisher\":{\"@id\":\"https:\\\/\\\/www.meydan.tv\\\/az\\\/#organization\"},\"potentialAction\":[{\"@type\":\"SearchAction\",\"target\":{\"@type\":\"EntryPoint\",\"urlTemplate\":\"https:\\\/\\\/www.meydan.tv\\\/az\\\/?s={search_term_string}\"},\"query-input\":{\"@type\":\"PropertyValueSpecification\",\"valueRequired\":true,\"valueName\":\"search_term_string\"}}],\"inLanguage\":\"az\"},{\"@type\":\"Organization\",\"@id\":\"https:\\\/\\\/www.meydan.tv\\\/az\\\/#organization\",\"name\":\"Meydan TV\",\"url\":\"https:\\\/\\\/www.meydan.tv\\\/az\\\/\",\"logo\":{\"@type\":\"ImageObject\",\"inLanguage\":\"az\",\"@id\":\"https:\\\/\\\/www.meydan.tv\\\/az\\\/#\\\/schema\\\/logo\\\/image\\\/\",\"url\":\"https:\\\/\\\/www.meydan.tv\\\/wp-content\\\/uploads\\\/2021\\\/07\\\/meydan-logo.svg\",\"contentUrl\":\"https:\\\/\\\/www.meydan.tv\\\/wp-content\\\/uploads\\\/2021\\\/07\\\/meydan-logo.svg\",\"width\":195,\"height\":46,\"caption\":\"Meydan TV\"},\"image\":{\"@id\":\"https:\\\/\\\/www.meydan.tv\\\/az\\\/#\\\/schema\\\/logo\\\/image\\\/\"}},{\"@type\":\"Person\",\"@id\":\"https:\\\/\\\/www.meydan.tv\\\/az\\\/#\\\/schema\\\/person\\\/9cdbecf90d17180ce1dfbd95b08dcf47\",\"name\":\"elli\",\"sameAs\":[\"https:\\\/\\\/x.com\\\/elli\"]}]}<\/script>\n<!-- \/ Yoast SEO plugin. -->","yoast_head_json":{"title":"\u201cBir \u00f6lk\u0259ni, xalq\u0131, h\u0259m d\u0259 onun muzeyl\u0259ri il\u0259 tan\u0131y\u0131rlar\u201d - MEYDAN.TV","robots":{"index":"index","follow":"follow","max-snippet":"max-snippet:-1","max-image-preview":"max-image-preview:large","max-video-preview":"max-video-preview:-1"},"canonical":"https:\/\/www.meydan.tv\/az\/article\/bir-olkeni-xalqi-hem-de-onun-muzeyleri-ile-taniyirlar\/","og_locale":"az_AZ","og_type":"article","og_title":"\u201cBir \u00f6lk\u0259ni, xalq\u0131, h\u0259m d\u0259 onun muzeyl\u0259ri il\u0259 tan\u0131y\u0131rlar\u201d - MEYDAN.TV","og_description":"Ekspert: \u201cH\u00f6kum\u0259ti Avropa deyil, \u0259r\u0259b \u00f6lk\u0259l\u0259rind\u0259n g\u0259l\u0259n turistl\u0259r maraqland\u0131r\u0131r\u201d 18 ... Davam\u0131","og_url":"https:\/\/www.meydan.tv\/az\/article\/bir-olkeni-xalqi-hem-de-onun-muzeyleri-ile-taniyirlar\/","og_site_name":"MEYDAN.TV","article_published_time":"2022-05-18T08:26:32+00:00","article_modified_time":"2022-05-18T08:26:36+00:00","og_image":[{"width":1200,"height":800,"url":"https:\/\/www.meydan.tv\/wp-content\/uploads\/shutterstock_1597956469.jpg","type":"image\/jpeg"}],"author":"elli","twitter_card":"summary_large_image","twitter_creator":"@elli","schema":{"@context":"https:\/\/schema.org","@graph":[{"@type":"Article","@id":"https:\/\/www.meydan.tv\/az\/article\/bir-olkeni-xalqi-hem-de-onun-muzeyleri-ile-taniyirlar\/#article","isPartOf":{"@id":"https:\/\/www.meydan.tv\/az\/article\/bir-olkeni-xalqi-hem-de-onun-muzeyleri-ile-taniyirlar\/"},"author":{"name":"elli","@id":"https:\/\/www.meydan.tv\/az\/#\/schema\/person\/9cdbecf90d17180ce1dfbd95b08dcf47"},"headline":"\u201cBir \u00f6lk\u0259ni, xalq\u0131, h\u0259m d\u0259 onun muzeyl\u0259ri il\u0259 tan\u0131y\u0131rlar\u201d","datePublished":"2022-05-18T08:26:32+00:00","dateModified":"2022-05-18T08:26:36+00:00","mainEntityOfPage":{"@id":"https:\/\/www.meydan.tv\/az\/article\/bir-olkeni-xalqi-hem-de-onun-muzeyleri-ile-taniyirlar\/"},"wordCount":1072,"publisher":{"@id":"https:\/\/www.meydan.tv\/az\/#organization"},"image":{"@id":"https:\/\/www.meydan.tv\/az\/article\/bir-olkeni-xalqi-hem-de-onun-muzeyleri-ile-taniyirlar\/#primaryimage"},"thumbnailUrl":"https:\/\/www.meydan.tv\/wp-content\/uploads\/shutterstock_1597956469.jpg","articleSection":["M\u0259d\u0259niyy\u0259t","X\u0259b\u0259rl\u0259r"],"inLanguage":"az"},{"@type":"WebPage","@id":"https:\/\/www.meydan.tv\/az\/article\/bir-olkeni-xalqi-hem-de-onun-muzeyleri-ile-taniyirlar\/","url":"https:\/\/www.meydan.tv\/az\/article\/bir-olkeni-xalqi-hem-de-onun-muzeyleri-ile-taniyirlar\/","name":"\u201cBir \u00f6lk\u0259ni, xalq\u0131, h\u0259m d\u0259 onun muzeyl\u0259ri il\u0259 tan\u0131y\u0131rlar\u201d - MEYDAN.TV","isPartOf":{"@id":"https:\/\/www.meydan.tv\/az\/#website"},"primaryImageOfPage":{"@id":"https:\/\/www.meydan.tv\/az\/article\/bir-olkeni-xalqi-hem-de-onun-muzeyleri-ile-taniyirlar\/#primaryimage"},"image":{"@id":"https:\/\/www.meydan.tv\/az\/article\/bir-olkeni-xalqi-hem-de-onun-muzeyleri-ile-taniyirlar\/#primaryimage"},"thumbnailUrl":"https:\/\/www.meydan.tv\/wp-content\/uploads\/shutterstock_1597956469.jpg","datePublished":"2022-05-18T08:26:32+00:00","dateModified":"2022-05-18T08:26:36+00:00","breadcrumb":{"@id":"https:\/\/www.meydan.tv\/az\/article\/bir-olkeni-xalqi-hem-de-onun-muzeyleri-ile-taniyirlar\/#breadcrumb"},"inLanguage":"az","potentialAction":[{"@type":"ReadAction","target":["https:\/\/www.meydan.tv\/az\/article\/bir-olkeni-xalqi-hem-de-onun-muzeyleri-ile-taniyirlar\/"]}]},{"@type":"ImageObject","inLanguage":"az","@id":"https:\/\/www.meydan.tv\/az\/article\/bir-olkeni-xalqi-hem-de-onun-muzeyleri-ile-taniyirlar\/#primaryimage","url":"https:\/\/www.meydan.tv\/wp-content\/uploads\/shutterstock_1597956469.jpg","contentUrl":"https:\/\/www.meydan.tv\/wp-content\/uploads\/shutterstock_1597956469.jpg","width":1200,"height":800,"caption":"Xal\u00e7a muzeyi. Foto: alexsaz\/shutterstock"},{"@type":"BreadcrumbList","@id":"https:\/\/www.meydan.tv\/az\/article\/bir-olkeni-xalqi-hem-de-onun-muzeyleri-ile-taniyirlar\/#breadcrumb","itemListElement":[{"@type":"ListItem","position":1,"name":"Ana s\u0259hif\u0259","item":"https:\/\/www.meydan.tv\/az\/"},{"@type":"ListItem","position":2,"name":"M\u0259d\u0259niyy\u0259t","item":"https:\/\/www.meydan.tv\/az\/section\/medeniyyet\/"},{"@type":"ListItem","position":3,"name":"\u201cBir \u00f6lk\u0259ni, xalq\u0131, h\u0259m d\u0259 onun muzeyl\u0259ri il\u0259 tan\u0131y\u0131rlar\u201d"}]},{"@type":"WebSite","@id":"https:\/\/www.meydan.tv\/az\/#website","url":"https:\/\/www.meydan.tv\/az\/","name":"MEYDAN.TV","description":"Meydan TV Az\u0259rbaycan\u0131n media m\u0259kan\u0131ndak\u0131 alternativ s\u0259sidir","publisher":{"@id":"https:\/\/www.meydan.tv\/az\/#organization"},"potentialAction":[{"@type":"SearchAction","target":{"@type":"EntryPoint","urlTemplate":"https:\/\/www.meydan.tv\/az\/?s={search_term_string}"},"query-input":{"@type":"PropertyValueSpecification","valueRequired":true,"valueName":"search_term_string"}}],"inLanguage":"az"},{"@type":"Organization","@id":"https:\/\/www.meydan.tv\/az\/#organization","name":"Meydan TV","url":"https:\/\/www.meydan.tv\/az\/","logo":{"@type":"ImageObject","inLanguage":"az","@id":"https:\/\/www.meydan.tv\/az\/#\/schema\/logo\/image\/","url":"https:\/\/www.meydan.tv\/wp-content\/uploads\/2021\/07\/meydan-logo.svg","contentUrl":"https:\/\/www.meydan.tv\/wp-content\/uploads\/2021\/07\/meydan-logo.svg","width":195,"height":46,"caption":"Meydan TV"},"image":{"@id":"https:\/\/www.meydan.tv\/az\/#\/schema\/logo\/image\/"}},{"@type":"Person","@id":"https:\/\/www.meydan.tv\/az\/#\/schema\/person\/9cdbecf90d17180ce1dfbd95b08dcf47","name":"elli","sameAs":["https:\/\/x.com\/elli"]}]}},"_links":{"self":[{"href":"https:\/\/www.meydan.tv\/az\/wp-json\/wp\/v2\/posts\/245489","targetHints":{"allow":["GET"]}}],"collection":[{"href":"https:\/\/www.meydan.tv\/az\/wp-json\/wp\/v2\/posts"}],"about":[{"href":"https:\/\/www.meydan.tv\/az\/wp-json\/wp\/v2\/types\/post"}],"author":[{"embeddable":true,"href":"https:\/\/www.meydan.tv\/az\/wp-json\/wp\/v2\/users\/8"}],"replies":[{"embeddable":true,"href":"https:\/\/www.meydan.tv\/az\/wp-json\/wp\/v2\/comments?post=245489"}],"version-history":[{"count":2,"href":"https:\/\/www.meydan.tv\/az\/wp-json\/wp\/v2\/posts\/245489\/revisions"}],"predecessor-version":[{"id":245497,"href":"https:\/\/www.meydan.tv\/az\/wp-json\/wp\/v2\/posts\/245489\/revisions\/245497"}],"wp:featuredmedia":[{"embeddable":true,"href":"https:\/\/www.meydan.tv\/az\/wp-json\/wp\/v2\/media\/245486"}],"wp:attachment":[{"href":"https:\/\/www.meydan.tv\/az\/wp-json\/wp\/v2\/media?parent=245489"}],"wp:term":[{"taxonomy":"category","embeddable":true,"href":"https:\/\/www.meydan.tv\/az\/wp-json\/wp\/v2\/categories?post=245489"},{"taxonomy":"post_tag","embeddable":true,"href":"https:\/\/www.meydan.tv\/az\/wp-json\/wp\/v2\/tags?post=245489"}],"curies":[{"name":"wp","href":"https:\/\/api.w.org\/{rel}","templated":true}]}}