{"id":245325,"date":"2022-05-16T17:52:27","date_gmt":"2022-05-16T13:52:27","guid":{"rendered":"https:\/\/www.meydan.tv\/?p=245325"},"modified":"2022-05-16T17:58:55","modified_gmt":"2022-05-16T13:58:55","slug":"eurovision-2022de-skandal-guman-ki-siyasi-motivlidir","status":"publish","type":"post","link":"https:\/\/www.meydan.tv\/az\/article\/eurovision-2022de-skandal-guman-ki-siyasi-motivlidir\/","title":{"rendered":"\u201cEurovision-2022\u201dd\u0259 skandal: &#8220;G\u00fcman ki, siyasi motivlidir&#8221;"},"content":{"rendered":"\n<p><\/p>\n\n\n\n<p><em>&#8220;Az\u0259rbaycan 12 xal\u0131 Britaniyaya deyil, Ukraynaya verib&#8221;<\/em><\/p>\n\n\n\n<p>\u201cEurovision-2022\u201d beyn\u0259lxalq mahn\u0131 m\u00fcsabiq\u0259sinin r\u0259smi sayt\u0131 yar\u0131\u015fman\u0131n yar\u0131mfinallar\u0131 v\u0259 final\u0131n\u0131n s\u0259sverm\u0259 n\u0259tic\u0259l\u0259rini <a href=\"https:\/\/eurovisionworld.com\/eurovision\/2022\" target=\"_blank\" rel=\"noreferrer noopener\">yay\u0131mlay\u0131b<\/a>.<\/p>\n\n\n\n<p>M\u00fcsabiq\u0259nin final\u0131nda ya\u015fanan anla\u015f\u0131lmazl\u0131\u011fa &#8211; Az\u0259rbaycan\u0131n B\u00f6y\u00fck Britaniyaya deyil, Ukraynaya s\u0259s verdiyini t\u0259sdiql\u0259nib.<\/p>\n\n\n\n<p>May\u0131n 14-d\u0259 canl\u0131 yay\u0131mda pe\u015f\u0259kar m\u00fcnsifl\u0259r hey\u0259tinin s\u0259sl\u0259ri a\u00e7\u0131qlanan zaman n\u00f6vb\u0259 Az\u0259rbaycana \u00e7atanda texniki probleml\u0259r\u0259 g\u00f6r\u0259 n\u0259tic\u0259l\u0259ri teleapar\u0131c\u0131 N\u0259rmin Salmanova deyil, Avropa Yay\u0131m Birliyinin n\u00fcmay\u0259nd\u0259sinin a\u00e7\u0131qlayaca\u011f\u0131 bildirilib.<\/p>\n\n\n\n<p>Deyilib ki, texniki probleml\u0259r\u0259 g\u00f6r\u0259 Az\u0259rbaycan canl\u0131 yay\u0131ma qo\u015fula bilmir.<\/p>\n\n\n\n<p>N\u00fcmay\u0259nd\u0259 Az\u0259rbaycan\u0131n 12 xal\u0131 B\u00f6y\u00fck Britaniyaya verdiyini elan edib.<\/p>\n\n\n\n<p>Yar\u0131\u015fman\u0131n \u015f\u0259rtl\u0259rin\u0259 \u0259sas\u0259n, final m\u0259rh\u0259l\u0259sind\u0259 ayr\u0131-ayr\u0131 \u00f6lk\u0259l\u0259rin m\u00fcnsifl\u0259r hey\u0259tinin s\u0259sl\u0259ri, daha sonra is\u0259 b\u00fct\u00fcn \u00f6lk\u0259l\u0259rd\u0259ki izl\u0259yici s\u0259sl\u0259rinin n\u0259tic\u0259l\u0259ri \u0259sas\u0131nda qalib m\u00fc\u0259yy\u0259n olunur.<\/p>\n\n\n\n<p>Az\u0259rbaycandan olan pe\u015f\u0259kar m\u00fcnsifl\u0259r hey\u0259tin\u0259 Az\u0259rbaycan\u0131n Xalq artisti Faiq A\u011fayev (m\u00fcnsifl\u0259r hey\u0259tinin s\u0259dri), Xalq artisti Fidan Hac\u0131yeva, \u018fm\u0259kdar artist B\u0259hruz Vaqifo\u011flu, b\u0259st\u0259kar \u00dclviyy\u0259 B\u0259birli v\u0259 modelyer G\u00fclnar\u0259 X\u0259lilova daxildir.<\/p>\n\n\n\n<p><strong>G\u00fcrc\u00fcstan v\u0259 Rum\u0131niya da anoloji halla qar\u015f\u0131la\u015f\u0131b<\/strong><\/p>\n\n\n\n<p>Anoloji hadis\u0259 Az\u0259rbaycanla yana\u015f\u0131, G\u00fcrc\u00fcstan, Rum\u0131niya il\u0259 ba\u011fl\u0131 da ba\u015f verib.<\/p>\n\n\n\n<p>G\u00fcrc\u00fcstan da s\u0259sverm\u0259 zaman\u0131 canl\u0131 yay\u0131ma qo\u015fula bilm\u0259yib. M\u00fcsabiq\u0259 t\u0259\u015fkilat\u00e7\u0131lar\u0131 bunu texniki nasazl\u0131qla \u0259laq\u0259l\u0259ndiribl\u0259r.<\/p>\n\n\n\n<p>Avropa Yay\u0131m Birliyinin n\u00fcmay\u0259nd\u0259si G\u00fcrc\u00fcstan\u0131n da 12 xal\u0131 B\u00f6y\u00fck Britaniyaya verdiyini elan edib. Ukraynaya is\u0259 6 xal verilib.<\/p>\n\n\n\n<p>G\u00fcrc\u00fcstan\u0131n \u0130ctimai Birliyi \u201cEurovision 2022\u201d m\u00fcsabiq\u0259si il\u0259 ba\u011fl\u0131 b\u0259yanat\u0131nda bildirilir ki, \u00f6lk\u0259nin milli m\u00fcnsifl\u0259r hey\u0259ti Ukraynaya \u0259n y\u00fcks\u0259k bal\u0131 \u2013 birinci yeri verib. Bu, 12 xal <a href=\"https:\/\/1tv.ge\/lang\/ru\/news\/zajavlenie-obshhestvennogo-veshhatelja-gruzii-po-povodu-ocenki-nacionalnogo-zhjuri-na-konkurse-pesni-evrovidenie\/\" target=\"_blank\" rel=\"noreferrer noopener\">dem\u0259kdir<\/a>: <br>\u201cBunu \u201cEurovision\u201d mahn\u0131 m\u00fcsabiq\u0259sinin t\u0259\u015fkilat\u00e7\u0131lar\u0131na g\u00f6nd\u0259ril\u0259n notariat qaydas\u0131nda t\u0259sdiq edilmi\u015f s\u0259n\u0259d s\u00fcbut edir. Bu m\u0259s\u0259l\u0259 il\u0259 ba\u011fl\u0131 \u0130ctimai Yay\u0131m m\u00fcsabiq\u0259nin t\u0259\u015fkilat\u00e7\u0131lar\u0131 il\u0259 t\u0259f\u0259rr\u00fcatlar\u0131 d\u0259qiql\u0259\u015fdirir\u201d.<\/p>\n\n\n\n<figure class=\"wp-block-image size-full\"><img decoding=\"async\" width=\"1200\" height=\"799\" data-src=\"https:\/\/www.meydan.tv\/wp-content\/uploads\/shutterstock_1643769724.jpg\" alt=\"\" class=\"wp-image-236083 lazyload\" src=\"data:image\/svg+xml;base64,PHN2ZyB3aWR0aD0iMSIgaGVpZ2h0PSIxIiB4bWxucz0iaHR0cDovL3d3dy53My5vcmcvMjAwMC9zdmciPjwvc3ZnPg==\" style=\"--smush-placeholder-width: 1200px; --smush-placeholder-aspect-ratio: 1200\/799;\" \/><figcaption> \u201cEurovision\u201d. M\u0259nb\u0259: Review News\/shutterstock<\/figcaption><\/figure>\n\n\n\n<p>Rum\u0131niya n\u00fcmay\u0259nd\u0259 hey\u0259tinin r\u0259hb\u0259ri Yuliana Mar\u00e7uk is\u0259 bildirib ki, \u201cEurovision 2022\u201d beyn\u0259lxalq m\u00fcsabiq\u0259sinin t\u0259\u015fkilat\u00e7\u0131lar\u0131 m\u00fcnsifl\u0259r hey\u0259tinin qiym\u0259tl\u0259ndirm\u0259l\u0259rini Ukraynan\u0131n xeyrin\u0259 <a href=\"https:\/\/iz.ru\/1334865\/2022-05-16\/eshche-dve-strany-obvinili-organizatorov-evrovideniia-v-zamene-otcenok\" target=\"_blank\" rel=\"noreferrer noopener\">d\u0259yi\u015fibl\u0259r<\/a>. <\/p>\n\n\n\n<p>Onun s\u00f6zl\u0259rin\u0259 g\u00f6r\u0259, ilkin olaraq Moldovadan olan ifa\u00e7\u0131lara 12 xal verilib, lakin n\u0259tic\u0259l\u0259rin a\u00e7\u0131qlanmas\u0131 zaman\u0131 m\u0259lum olub ki, m\u00fcsabiq\u0259nin t\u0259\u015fkilat\u00e7\u0131lar\u0131 s\u0259sl\u0259rin manipulyasiyas\u0131 \u0259sas\u0131nda n\u0259tic\u0259l\u0259ri l\u0259\u011fv edib v\u0259 \u0259n y\u00fcks\u0259k qiym\u0259ti ukraynal\u0131lara veribl\u0259r.<\/p>\n\n\n\n<p><strong>6 \u00f6lk\u0259nin m\u00fcnasifl\u0259r hey\u0259tind\u0259n \u00e7\u0131xar\u0131ld\u0131\u011f\u0131 bildirilir<\/strong><\/p>\n\n\n\n<p>May\u0131n 15-d\u0259 Avropa Yay\u0131m Birliyinin yar\u0131\u015fmada s\u0259sverm\u0259 zaman\u0131 6 \u00f6lk\u0259nin m\u00fcnsifl\u0259r hey\u0259tinin m\u00fcsabiq\u0259d\u0259n \u00e7\u0131xard\u0131\u011f\u0131 bildirilmi\u015fdi.<\/p>\n\n\n\n<p>Adlar\u0131 a\u00e7\u0131qlanmayan \u00f6lk\u0259l\u0259r manipulyasiyada v\u0259 qaydalar\u0131 pozmaqda ittiham edilirdi. H\u0259min \u00f6lk\u0259l\u0259rin Az\u0259rbaycan, G\u00fcrc\u00fcstan, \u00c7ernoqoriya, Pol\u015fa, Rum\u0131niya, San Marinoun m\u00fcnsifl\u0259r hey\u0259ti oldu\u011fu deyilirdi.<\/p>\n\n\n\n<p>Az\u0259rbaycan\u0131n \u201cEurovision\u201ddak\u0131 n\u00fcmay\u0259nd\u0259 hey\u0259tinin r\u0259hb\u0259ri \u0130sa M\u0259likov h\u0259min \u00f6lk\u0259l\u0259rin s\u0259sverm\u0259 h\u00fcququndan m\u0259hrum edilm\u0259si m\u0259s\u0259l\u0259sind\u0259n <a href=\"https:\/\/www.facebook.com\/isamelikov\/posts\/10158953684787914\" target=\"_blank\" rel=\"noreferrer noopener\">dan\u0131\u015f\u0131b<\/a>.<\/p>\n\n\n\n<p>Bildirib ki, \u0259g\u0259r Az\u0259rbaycan v\u0259 dig\u0259r be\u015f \u00f6lk\u0259 qanun pozuntusuna yol verdiyi halda niy\u0259 yar\u0131\u015fmadan k\u0259narla\u015fd\u0131r\u0131lmay\u0131b: \u201cBiz onlardan \u0259sasl\u0131 v\u0259 inand\u0131r\u0131c\u0131 cavab ala bilm\u0259dik. H\u0259l\u0259 d\u0259 AYB t\u0259r\u0259find\u0259n bu suallar\u0131n cavabland\u0131r\u0131laca\u011f\u0131n\u0131, ir\u0259li s\u00fcrd\u00fckl\u0259ri iddialar\u0131 s\u00fcbut ed\u0259c\u0259kl\u0259rini v\u0259 Az\u0259rbaycan\u0131n m\u00fcnsifl\u0259r hey\u0259tinin ad\u0131ndan saxta xallar\u0131n verilm\u0259si \u00fc\u00e7\u00fcn h\u00fcquqi \u0259saslar\u0131n t\u0259qdim olunaca\u011f\u0131n\u0131 g\u00f6zl\u0259yirik\u201d.<\/p>\n\n\n\n<p><strong>\u0130TV: &#8220;He\u00e7 bir texniki problem olmay\u0131b&#8221;<\/strong><\/p>\n\n\n\n<p>\u0130TV-nin <a href=\"https:\/\/www.facebook.com\/ictimaitv\/posts\/5106067079513216\" target=\"_blank\" rel=\"noreferrer noopener\">a\u00e7\u0131qlama<\/a>s\u0131nda is\u0259 bildirilir ki, canl\u0131 yay\u0131m zaman\u0131 he\u00e7 bir texniki problem olmay\u0131b.<\/p>\n\n\n\n<p>\u201cEurovision\u201d t\u0259\u015fkilat\u00e7\u0131lar\u0131 \u0130TV-d\u0259n ba\u015fqa n\u0259tic\u0259 a\u00e7\u0131qlanmas\u0131n\u0131 t\u0259l\u0259b edibl\u0259r: \u201cBiz m\u00fcsabiq\u0259 t\u0259\u015fkilat\u00e7\u0131lar\u0131na az\u0259rbaycanl\u0131 m\u00fcnsifl\u0259rin s\u0259s verdiyi \u00f6lk\u0259l\u0259rin adlar\u0131n\u0131 g\u00f6nd\u0259rmi\u015fdik. H\u0259min siyah\u0131ya \u0259sas\u0259n, 12 bal Ukraynaya verilmi\u015fdi. Yar\u0131\u015fma t\u0259\u015fkilat\u00e7\u0131lar\u0131 buna cavab olaraq, \u0130ctimai Televiziya v\u0259 Radio Yay\u0131mlar\u0131 \u015eirk\u0259tinin n\u00fcmay\u0259nd\u0259l\u0259rind\u0259n final \u015fousunun sonunda he\u00e7 bir s\u0259b\u0259b g\u0259tirm\u0259d\u0259n israrla ba\u015fqa n\u0259tic\u0259l\u0259rin a\u00e7\u0131qlanmas\u0131n\u0131 ist\u0259yibl\u0259r\u201d.<\/p>\n\n\n\n<figure class=\"wp-block-image size-full\"><img decoding=\"async\" width=\"1200\" height=\"671\" data-src=\"https:\/\/www.meydan.tv\/wp-content\/uploads\/f4d19a74525267.5c3310df02dbd.jpg\" alt=\"\" class=\"wp-image-245326 lazyload\" src=\"data:image\/svg+xml;base64,PHN2ZyB3aWR0aD0iMSIgaGVpZ2h0PSIxIiB4bWxucz0iaHR0cDovL3d3dy53My5vcmcvMjAwMC9zdmciPjwvc3ZnPg==\" style=\"--smush-placeholder-width: 1200px; --smush-placeholder-aspect-ratio: 1200\/671;\" \/><figcaption>M\u0259nb\u0259: \u0130TV<\/figcaption><\/figure>\n\n\n\n<p>Televiziyan\u0131n a\u00e7\u0131qlamas\u0131nda deyilir ki, m\u00fcsabiq\u0259 t\u0259\u015fkilat\u00e7\u0131lar\u0131n\u0131n ist\u0259yi \u0130TV t\u0259r\u0259find\u0259n r\u0259dd edilib: \u201cD\u0259rhal t\u0259\u015fkilat\u00e7\u0131lara sor\u011fu xarakterli r\u0259smi m\u0259ktub g\u00f6nd\u0259rilib v\u0259 canl\u0131 yay\u0131mda onlardan al\u0131nan n\u0259tic\u0259l\u0259rin deyil, bizim j\u00fcrinin s\u0259sl\u0259rini a\u00e7\u0131qlayaca\u011f\u0131m\u0131z\u0131, bu m\u0259s\u0259l\u0259ni is\u0259 ictimail\u0259\u015fdir\u0259c\u0259yimizi bildirmi\u015fik. Yaln\u0131z bundan sonra biz\u0259 may\u0131n 12-d\u0259 ke\u00e7iril\u0259n yar\u0131mfinal m\u0259rh\u0259l\u0259si zaman\u0131 6 \u00f6lk\u0259nin, o c\u00fcml\u0259d\u0259n Az\u0259rbaycan\u0131n s\u0259sl\u0259ri il\u0259 ba\u011fl\u0131 m\u00fc\u0259yy\u0259n \u201cq\u0259rib\u0259liyin\u201d oldu\u011fu bar\u0259d\u0259 m\u0259lumat verildi\u201d.<\/p>\n\n\n\n<p>\u0130TV-nin b\u0259yanat\u0131nda qeyd olunur ki, yar\u0131\u015fma t\u0259\u015fkilat\u00e7\u0131lar\u0131 ba\u015f ver\u0259nl\u0259rl\u0259 ba\u011fl\u0131 Az\u0259rbaycan n\u00fcmay\u0259nd\u0259liyin\u0259 he\u00e7 bir r\u0259smi a\u00e7\u0131qlama verm\u0259yib: \u201cBu \u201cq\u0259rib\u0259lik\u201dl\u0259 ba\u011fl\u0131 biz\u0259 c\u00fcm\u0259 ax\u015fam\u0131ndan \u015f\u0259nb\u0259 g\u00fcn\u00fc final\u0131n sonuna q\u0259d\u0259r he\u00e7 bir m\u0259lumat verilm\u0259yib, hans\u0131sa \u201cs\u00fcbutlar\u201d indiy\u0259 q\u0259d\u0259r t\u0259qdim olunmay\u0131b. Yay\u0131m zaman\u0131 \u0130TV-nin n\u00fcmay\u0259nd\u0259si Az\u0259rbaycanda m\u00fcnsifl\u0259rin s\u0259sverm\u0259sinin n\u0259tic\u0259l\u0259rini elan etm\u0259y\u0259 tam haz\u0131r olmas\u0131na baxmayaraq, yar\u0131\u015f t\u0259\u015fkilat\u00e7\u0131lar\u0131 Bak\u0131ya ba\u011flanmay\u0131b. Bizim ad\u0131m\u0131zdan \u00f6z n\u0259tic\u0259l\u0259rini elan edibl\u0259r. Bu prosesin Bak\u0131dan apar\u0131lmamas\u0131 is\u0259 texniki probleml\u0259rl\u0259 \u0259laq\u0259l\u0259ndirilib\u201d.<\/p>\n\n\n\n<p>A\u00e7\u0131qlamada bildirilir ki, canl\u0131 yay\u0131m zaman\u0131 he\u00e7 bir texniki problem olmay\u0131b: \u201cBir daha vur\u011fulay\u0131r\u0131q ki, biz t\u0259\u015fkilat\u00e7\u0131lara \u0130ctimai Televiziyan\u0131n ad\u0131ndan s\u0259sl\u0259ri elan etm\u0259y\u0259 he\u00e7 bir h\u00fcquq verm\u0259mi\u015fik. Biz bu m\u0259s\u0259l\u0259 il\u0259 ba\u011fl\u0131 r\u0259smi cavab g\u00f6zl\u0259yirik v\u0259 ondan as\u0131l\u0131 olaraq n\u00f6vb\u0259ti add\u0131mlar atma\u011f\u0131 planla\u015fd\u0131r\u0131r\u0131q. \u00dcmid edirik ki, yaranm\u0131\u015f v\u0259ziyy\u0259t tezlikl\u0259 \u0259dal\u0259tin qorunmas\u0131 \u015f\u0259rtil\u0259 \u00e7\u00f6z\u00fcl\u0259c\u0259k\u201d.<\/p>\n\n\n\n<p><strong>Osman G\u00fcnd\u00fcz: &#8220;Ba\u015f ver\u0259nl\u0259r m\u0259qs\u0259dy\u00f6nl\u00fcd\u00fcr&#8221;<\/strong><\/p>\n\n\n\n<p>Az\u0259rbaycan \u0130nternet Forumunun r\u0259hb\u0259ri Osman G\u00fcnd\u00fcz deyir ki, ba\u015f ver\u0259nl\u0259r m\u0259qs\u0259dy\u00f6nl\u00fcd\u00fcr.<\/p>\n\n\n\n<p>Hesab edir ki, Az\u0259rbaycan h\u00f6kum\u0259ti canl\u0131 ba\u011flant\u0131ya cavabdeh olan telekommunikasiya operatorlar\u0131na sor\u011fu g\u00f6nd\u0259rm\u0259li, m\u0259s\u0259l\u0259ni d\u0259rind\u0259n <a href=\"https:\/\/www.facebook.com\/permalink.php?story_fbid=2034709623397424&amp;id=100005752170227\" target=\"_blank\" rel=\"noreferrer noopener\">ara\u015fd\u0131rmal\u0131d\u0131r<\/a>:<\/p>\n\n\n\n<p>\u201cBu m\u00fcsabiq\u0259 kifay\u0259t q\u0259d\u0259r siyasil\u0259\u015fmi\u015f bir yar\u0131\u015fmaya \u00e7evrilib. G\u00fcman ki, siyasi motivl\u0259r \u0259sas\u0131nda, ikili standartlar \u0259sas\u0131nda yana\u015fma olub v\u0259 AYB m\u0259qs\u0259dy\u00f6nl\u00fc olaraq Az\u0259rbaycan\u0131n m\u00fcnsifl\u0259r hey\u0259tinin verdiyi ballar\u0131 n\u0259z\u0259r\u0259 almay\u0131b v\u0259 s\u0259sverm\u0259 qaydalar\u0131n\u0131 pozdu\u011funu b\u0259han\u0259 ed\u0259r\u0259k m\u00fcnsifl\u0259rimizi yar\u0131\u015fdan k\u0259narla\u015fd\u0131r\u0131b\u201d.<\/p>\n\n\n\n<figure class=\"wp-block-image size-full\"><img decoding=\"async\" width=\"960\" height=\"640\" data-src=\"https:\/\/www.meydan.tv\/wp-content\/uploads\/38652.jpg\" alt=\"Osman G\u00fcnd\u00fcz\" class=\"wp-image-97966 lazyload\" src=\"data:image\/svg+xml;base64,PHN2ZyB3aWR0aD0iMSIgaGVpZ2h0PSIxIiB4bWxucz0iaHR0cDovL3d3dy53My5vcmcvMjAwMC9zdmciPjwvc3ZnPg==\" style=\"--smush-placeholder-width: 960px; --smush-placeholder-aspect-ratio: 960\/640;\" \/><figcaption>Osman G\u00fcnd\u00fcz\u00fcn \u015f\u0259xsi arxivi<\/figcaption><\/figure>\n\n\n\n<p>May\u0131n 15-n\u0259 ke\u00e7\u0259n gec\u0259 \u201cEurovision 2022\u201d beyn\u0259lxalq mahn\u0131 m\u00fcsabiq\u0259sinin final\u0131 ke\u00e7irilib.<\/p>\n\n\n\n<p>Tama\u015fa\u00e7\u0131lar\u0131n s\u0259sverm\u0259sinin n\u0259tic\u0259l\u0259rin\u0259 g\u00f6r\u0259, \u201cStefaniya\u201d mahn\u0131s\u0131 il\u0259 Ukraynan\u0131n \u201cKalu\u015f Orkestri\u201d qrupu qalib olub.<\/p>\n\n\n\n<p>Ukrayna prezidenti Volodimir Zelenski v\u0259 B\u00f6y\u00fck Britaniyan\u0131n ba\u015f naziri Boris Conson qrupu q\u0259l\u0259b\u0259 m\u00fcnasib\u0259til\u0259 t\u0259brik edibl\u0259r.<\/p>\n\n\n\n<p>Az\u0259rbaycan\u0131 \u201cFade to black\u201d mahn\u0131s\u0131 il\u0259 t\u0259msil ed\u0259n Nadir R\u00fcst\u0259mli \u00fcmumilikd\u0259 103 xal toplayaraq, 16-c\u0131 yerd\u0259 q\u0259rarla\u015f\u0131b.<\/p>\n\n\n\n<p>Az\u0259rbaycan \u0130ctimai Telelvizya v\u0259 Radio Yay\u0131mlar\u0131 \u015eirk\u0259ti 2007-ci ild\u0259n Avropa Yay\u0131m \u0130ttifaq\u0131n\u0131n \u00fczv\u00fcd\u00fcr.<\/p>\n\n\n\n<p>Az\u0259rbaycan 2008-ci ild\u0259n \u201cEurovision\u201d mahn\u0131 m\u00fcsabiq\u0259sind\u0259 i\u015ftirak edir.<\/p>\n","protected":false},"excerpt":{"rendered":"<p>&#8220;Az\u0259rbaycan 12 xal\u0131 Britaniyaya deyil, Ukraynaya verib&#8221; \u201cEurovision-2022\u201d beyn\u0259lxalq mahn\u0131 &#8230; <\/p>\n<p class=\"read-more-container\"><a title=\"\u201cEurovision-2022\u201dd\u0259 skandal: &#8220;G\u00fcman ki, siyasi motivlidir&#8221;\" class=\"read-more button\" href=\"https:\/\/www.meydan.tv\/az\/article\/eurovision-2022de-skandal-guman-ki-siyasi-motivlidir\/#more-245325\" aria-label=\"Read more about \u201cEurovision-2022\u201dd\u0259 skandal: &#8220;G\u00fcman ki, siyasi motivlidir&#8221;\">Davam\u0131<\/a><\/p>\n","protected":false},"author":8,"featured_media":244756,"comment_status":"closed","ping_status":"closed","sticky":false,"template":"","format":"standard","meta":{"_acf_changed":false,"_sitemap_exclude":false,"_sitemap_priority":"","_sitemap_frequency":"","footnotes":""},"categories":[52,56],"tags":[],"class_list":["post-245325","post","type-post","status-publish","format-standard","has-post-thumbnail","hentry","category-medeniyyet","category-xeberler","infinite-scroll-item","generate-columns","tablet-grid-50","mobile-grid-100","grid-parent","grid-33","no-featured-image-padding"],"acf":[],"yoast_head":"<!-- This site is optimized with the Yoast SEO plugin v27.4 - https:\/\/yoast.com\/product\/yoast-seo-wordpress\/ -->\n<title>\u201cEurovision-2022\u201dd\u0259 skandal: &quot;G\u00fcman ki, siyasi motivlidir&quot; - MEYDAN.TV<\/title>\n<meta name=\"robots\" content=\"index, follow, max-snippet:-1, max-image-preview:large, max-video-preview:-1\" \/>\n<link rel=\"canonical\" href=\"https:\/\/www.meydan.tv\/az\/article\/eurovision-2022de-skandal-guman-ki-siyasi-motivlidir\/\" \/>\n<meta property=\"og:locale\" content=\"az_AZ\" \/>\n<meta property=\"og:type\" content=\"article\" \/>\n<meta property=\"og:title\" content=\"\u201cEurovision-2022\u201dd\u0259 skandal: &quot;G\u00fcman ki, siyasi motivlidir&quot; - MEYDAN.TV\" \/>\n<meta property=\"og:description\" content=\"&#8220;Az\u0259rbaycan 12 xal\u0131 Britaniyaya deyil, Ukraynaya verib&#8221; \u201cEurovision-2022\u201d beyn\u0259lxalq mahn\u0131 ... Davam\u0131\" \/>\n<meta property=\"og:url\" content=\"https:\/\/www.meydan.tv\/az\/article\/eurovision-2022de-skandal-guman-ki-siyasi-motivlidir\/\" \/>\n<meta property=\"og:site_name\" content=\"MEYDAN.TV\" \/>\n<meta property=\"article:published_time\" content=\"2022-05-16T13:52:27+00:00\" \/>\n<meta property=\"article:modified_time\" content=\"2022-05-16T13:58:55+00:00\" \/>\n<meta property=\"og:image\" content=\"https:\/\/www.meydan.tv\/wp-content\/uploads\/shutterstock_2144550227.jpg\" \/>\n\t<meta property=\"og:image:width\" content=\"1200\" \/>\n\t<meta property=\"og:image:height\" content=\"632\" \/>\n\t<meta property=\"og:image:type\" content=\"image\/jpeg\" \/>\n<meta name=\"author\" content=\"elli\" \/>\n<meta name=\"twitter:card\" content=\"summary_large_image\" \/>\n<meta name=\"twitter:creator\" content=\"@elli\" \/>\n<script type=\"application\/ld+json\" class=\"yoast-schema-graph\">{\"@context\":\"https:\\\/\\\/schema.org\",\"@graph\":[{\"@type\":\"Article\",\"@id\":\"https:\\\/\\\/www.meydan.tv\\\/az\\\/article\\\/eurovision-2022de-skandal-guman-ki-siyasi-motivlidir\\\/#article\",\"isPartOf\":{\"@id\":\"https:\\\/\\\/www.meydan.tv\\\/az\\\/article\\\/eurovision-2022de-skandal-guman-ki-siyasi-motivlidir\\\/\"},\"author\":{\"name\":\"elli\",\"@id\":\"https:\\\/\\\/www.meydan.tv\\\/az\\\/#\\\/schema\\\/person\\\/9cdbecf90d17180ce1dfbd95b08dcf47\"},\"headline\":\"\u201cEurovision-2022\u201dd\u0259 skandal: &#8220;G\u00fcman ki, siyasi motivlidir&#8221;\",\"datePublished\":\"2022-05-16T13:52:27+00:00\",\"dateModified\":\"2022-05-16T13:58:55+00:00\",\"mainEntityOfPage\":{\"@id\":\"https:\\\/\\\/www.meydan.tv\\\/az\\\/article\\\/eurovision-2022de-skandal-guman-ki-siyasi-motivlidir\\\/\"},\"wordCount\":1470,\"publisher\":{\"@id\":\"https:\\\/\\\/www.meydan.tv\\\/az\\\/#organization\"},\"image\":{\"@id\":\"https:\\\/\\\/www.meydan.tv\\\/az\\\/article\\\/eurovision-2022de-skandal-guman-ki-siyasi-motivlidir\\\/#primaryimage\"},\"thumbnailUrl\":\"https:\\\/\\\/www.meydan.tv\\\/wp-content\\\/uploads\\\/shutterstock_2144550227.jpg\",\"articleSection\":[\"M\u0259d\u0259niyy\u0259t\",\"X\u0259b\u0259rl\u0259r\"],\"inLanguage\":\"az\"},{\"@type\":\"WebPage\",\"@id\":\"https:\\\/\\\/www.meydan.tv\\\/az\\\/article\\\/eurovision-2022de-skandal-guman-ki-siyasi-motivlidir\\\/\",\"url\":\"https:\\\/\\\/www.meydan.tv\\\/az\\\/article\\\/eurovision-2022de-skandal-guman-ki-siyasi-motivlidir\\\/\",\"name\":\"\u201cEurovision-2022\u201dd\u0259 skandal: \\\"G\u00fcman ki, siyasi motivlidir\\\" - MEYDAN.TV\",\"isPartOf\":{\"@id\":\"https:\\\/\\\/www.meydan.tv\\\/az\\\/#website\"},\"primaryImageOfPage\":{\"@id\":\"https:\\\/\\\/www.meydan.tv\\\/az\\\/article\\\/eurovision-2022de-skandal-guman-ki-siyasi-motivlidir\\\/#primaryimage\"},\"image\":{\"@id\":\"https:\\\/\\\/www.meydan.tv\\\/az\\\/article\\\/eurovision-2022de-skandal-guman-ki-siyasi-motivlidir\\\/#primaryimage\"},\"thumbnailUrl\":\"https:\\\/\\\/www.meydan.tv\\\/wp-content\\\/uploads\\\/shutterstock_2144550227.jpg\",\"datePublished\":\"2022-05-16T13:52:27+00:00\",\"dateModified\":\"2022-05-16T13:58:55+00:00\",\"breadcrumb\":{\"@id\":\"https:\\\/\\\/www.meydan.tv\\\/az\\\/article\\\/eurovision-2022de-skandal-guman-ki-siyasi-motivlidir\\\/#breadcrumb\"},\"inLanguage\":\"az\",\"potentialAction\":[{\"@type\":\"ReadAction\",\"target\":[\"https:\\\/\\\/www.meydan.tv\\\/az\\\/article\\\/eurovision-2022de-skandal-guman-ki-siyasi-motivlidir\\\/\"]}]},{\"@type\":\"ImageObject\",\"inLanguage\":\"az\",\"@id\":\"https:\\\/\\\/www.meydan.tv\\\/az\\\/article\\\/eurovision-2022de-skandal-guman-ki-siyasi-motivlidir\\\/#primaryimage\",\"url\":\"https:\\\/\\\/www.meydan.tv\\\/wp-content\\\/uploads\\\/shutterstock_2144550227.jpg\",\"contentUrl\":\"https:\\\/\\\/www.meydan.tv\\\/wp-content\\\/uploads\\\/shutterstock_2144550227.jpg\",\"width\":1200,\"height\":632,\"caption\":\"\u201cEurovision 2022\u201d. Foto: rarrarorro\\\/shutterstock\"},{\"@type\":\"BreadcrumbList\",\"@id\":\"https:\\\/\\\/www.meydan.tv\\\/az\\\/article\\\/eurovision-2022de-skandal-guman-ki-siyasi-motivlidir\\\/#breadcrumb\",\"itemListElement\":[{\"@type\":\"ListItem\",\"position\":1,\"name\":\"Ana s\u0259hif\u0259\",\"item\":\"https:\\\/\\\/www.meydan.tv\\\/az\\\/\"},{\"@type\":\"ListItem\",\"position\":2,\"name\":\"M\u0259d\u0259niyy\u0259t\",\"item\":\"https:\\\/\\\/www.meydan.tv\\\/az\\\/section\\\/medeniyyet\\\/\"},{\"@type\":\"ListItem\",\"position\":3,\"name\":\"\u201cEurovision-2022\u201dd\u0259 skandal: &#8220;G\u00fcman ki, siyasi motivlidir&#8221;\"}]},{\"@type\":\"WebSite\",\"@id\":\"https:\\\/\\\/www.meydan.tv\\\/az\\\/#website\",\"url\":\"https:\\\/\\\/www.meydan.tv\\\/az\\\/\",\"name\":\"MEYDAN.TV\",\"description\":\"Meydan TV Az\u0259rbaycan\u0131n media m\u0259kan\u0131ndak\u0131 alternativ s\u0259sidir\",\"publisher\":{\"@id\":\"https:\\\/\\\/www.meydan.tv\\\/az\\\/#organization\"},\"potentialAction\":[{\"@type\":\"SearchAction\",\"target\":{\"@type\":\"EntryPoint\",\"urlTemplate\":\"https:\\\/\\\/www.meydan.tv\\\/az\\\/?s={search_term_string}\"},\"query-input\":{\"@type\":\"PropertyValueSpecification\",\"valueRequired\":true,\"valueName\":\"search_term_string\"}}],\"inLanguage\":\"az\"},{\"@type\":\"Organization\",\"@id\":\"https:\\\/\\\/www.meydan.tv\\\/az\\\/#organization\",\"name\":\"Meydan TV\",\"url\":\"https:\\\/\\\/www.meydan.tv\\\/az\\\/\",\"logo\":{\"@type\":\"ImageObject\",\"inLanguage\":\"az\",\"@id\":\"https:\\\/\\\/www.meydan.tv\\\/az\\\/#\\\/schema\\\/logo\\\/image\\\/\",\"url\":\"https:\\\/\\\/www.meydan.tv\\\/wp-content\\\/uploads\\\/2021\\\/07\\\/meydan-logo.svg\",\"contentUrl\":\"https:\\\/\\\/www.meydan.tv\\\/wp-content\\\/uploads\\\/2021\\\/07\\\/meydan-logo.svg\",\"width\":195,\"height\":46,\"caption\":\"Meydan TV\"},\"image\":{\"@id\":\"https:\\\/\\\/www.meydan.tv\\\/az\\\/#\\\/schema\\\/logo\\\/image\\\/\"}},{\"@type\":\"Person\",\"@id\":\"https:\\\/\\\/www.meydan.tv\\\/az\\\/#\\\/schema\\\/person\\\/9cdbecf90d17180ce1dfbd95b08dcf47\",\"name\":\"elli\",\"sameAs\":[\"https:\\\/\\\/x.com\\\/elli\"]}]}<\/script>\n<!-- \/ Yoast SEO plugin. -->","yoast_head_json":{"title":"\u201cEurovision-2022\u201dd\u0259 skandal: \"G\u00fcman ki, siyasi motivlidir\" - MEYDAN.TV","robots":{"index":"index","follow":"follow","max-snippet":"max-snippet:-1","max-image-preview":"max-image-preview:large","max-video-preview":"max-video-preview:-1"},"canonical":"https:\/\/www.meydan.tv\/az\/article\/eurovision-2022de-skandal-guman-ki-siyasi-motivlidir\/","og_locale":"az_AZ","og_type":"article","og_title":"\u201cEurovision-2022\u201dd\u0259 skandal: \"G\u00fcman ki, siyasi motivlidir\" - MEYDAN.TV","og_description":"&#8220;Az\u0259rbaycan 12 xal\u0131 Britaniyaya deyil, Ukraynaya verib&#8221; \u201cEurovision-2022\u201d beyn\u0259lxalq mahn\u0131 ... Davam\u0131","og_url":"https:\/\/www.meydan.tv\/az\/article\/eurovision-2022de-skandal-guman-ki-siyasi-motivlidir\/","og_site_name":"MEYDAN.TV","article_published_time":"2022-05-16T13:52:27+00:00","article_modified_time":"2022-05-16T13:58:55+00:00","og_image":[{"width":1200,"height":632,"url":"https:\/\/www.meydan.tv\/wp-content\/uploads\/shutterstock_2144550227.jpg","type":"image\/jpeg"}],"author":"elli","twitter_card":"summary_large_image","twitter_creator":"@elli","schema":{"@context":"https:\/\/schema.org","@graph":[{"@type":"Article","@id":"https:\/\/www.meydan.tv\/az\/article\/eurovision-2022de-skandal-guman-ki-siyasi-motivlidir\/#article","isPartOf":{"@id":"https:\/\/www.meydan.tv\/az\/article\/eurovision-2022de-skandal-guman-ki-siyasi-motivlidir\/"},"author":{"name":"elli","@id":"https:\/\/www.meydan.tv\/az\/#\/schema\/person\/9cdbecf90d17180ce1dfbd95b08dcf47"},"headline":"\u201cEurovision-2022\u201dd\u0259 skandal: &#8220;G\u00fcman ki, siyasi motivlidir&#8221;","datePublished":"2022-05-16T13:52:27+00:00","dateModified":"2022-05-16T13:58:55+00:00","mainEntityOfPage":{"@id":"https:\/\/www.meydan.tv\/az\/article\/eurovision-2022de-skandal-guman-ki-siyasi-motivlidir\/"},"wordCount":1470,"publisher":{"@id":"https:\/\/www.meydan.tv\/az\/#organization"},"image":{"@id":"https:\/\/www.meydan.tv\/az\/article\/eurovision-2022de-skandal-guman-ki-siyasi-motivlidir\/#primaryimage"},"thumbnailUrl":"https:\/\/www.meydan.tv\/wp-content\/uploads\/shutterstock_2144550227.jpg","articleSection":["M\u0259d\u0259niyy\u0259t","X\u0259b\u0259rl\u0259r"],"inLanguage":"az"},{"@type":"WebPage","@id":"https:\/\/www.meydan.tv\/az\/article\/eurovision-2022de-skandal-guman-ki-siyasi-motivlidir\/","url":"https:\/\/www.meydan.tv\/az\/article\/eurovision-2022de-skandal-guman-ki-siyasi-motivlidir\/","name":"\u201cEurovision-2022\u201dd\u0259 skandal: \"G\u00fcman ki, siyasi motivlidir\" - MEYDAN.TV","isPartOf":{"@id":"https:\/\/www.meydan.tv\/az\/#website"},"primaryImageOfPage":{"@id":"https:\/\/www.meydan.tv\/az\/article\/eurovision-2022de-skandal-guman-ki-siyasi-motivlidir\/#primaryimage"},"image":{"@id":"https:\/\/www.meydan.tv\/az\/article\/eurovision-2022de-skandal-guman-ki-siyasi-motivlidir\/#primaryimage"},"thumbnailUrl":"https:\/\/www.meydan.tv\/wp-content\/uploads\/shutterstock_2144550227.jpg","datePublished":"2022-05-16T13:52:27+00:00","dateModified":"2022-05-16T13:58:55+00:00","breadcrumb":{"@id":"https:\/\/www.meydan.tv\/az\/article\/eurovision-2022de-skandal-guman-ki-siyasi-motivlidir\/#breadcrumb"},"inLanguage":"az","potentialAction":[{"@type":"ReadAction","target":["https:\/\/www.meydan.tv\/az\/article\/eurovision-2022de-skandal-guman-ki-siyasi-motivlidir\/"]}]},{"@type":"ImageObject","inLanguage":"az","@id":"https:\/\/www.meydan.tv\/az\/article\/eurovision-2022de-skandal-guman-ki-siyasi-motivlidir\/#primaryimage","url":"https:\/\/www.meydan.tv\/wp-content\/uploads\/shutterstock_2144550227.jpg","contentUrl":"https:\/\/www.meydan.tv\/wp-content\/uploads\/shutterstock_2144550227.jpg","width":1200,"height":632,"caption":"\u201cEurovision 2022\u201d. Foto: rarrarorro\/shutterstock"},{"@type":"BreadcrumbList","@id":"https:\/\/www.meydan.tv\/az\/article\/eurovision-2022de-skandal-guman-ki-siyasi-motivlidir\/#breadcrumb","itemListElement":[{"@type":"ListItem","position":1,"name":"Ana s\u0259hif\u0259","item":"https:\/\/www.meydan.tv\/az\/"},{"@type":"ListItem","position":2,"name":"M\u0259d\u0259niyy\u0259t","item":"https:\/\/www.meydan.tv\/az\/section\/medeniyyet\/"},{"@type":"ListItem","position":3,"name":"\u201cEurovision-2022\u201dd\u0259 skandal: &#8220;G\u00fcman ki, siyasi motivlidir&#8221;"}]},{"@type":"WebSite","@id":"https:\/\/www.meydan.tv\/az\/#website","url":"https:\/\/www.meydan.tv\/az\/","name":"MEYDAN.TV","description":"Meydan TV Az\u0259rbaycan\u0131n media m\u0259kan\u0131ndak\u0131 alternativ s\u0259sidir","publisher":{"@id":"https:\/\/www.meydan.tv\/az\/#organization"},"potentialAction":[{"@type":"SearchAction","target":{"@type":"EntryPoint","urlTemplate":"https:\/\/www.meydan.tv\/az\/?s={search_term_string}"},"query-input":{"@type":"PropertyValueSpecification","valueRequired":true,"valueName":"search_term_string"}}],"inLanguage":"az"},{"@type":"Organization","@id":"https:\/\/www.meydan.tv\/az\/#organization","name":"Meydan TV","url":"https:\/\/www.meydan.tv\/az\/","logo":{"@type":"ImageObject","inLanguage":"az","@id":"https:\/\/www.meydan.tv\/az\/#\/schema\/logo\/image\/","url":"https:\/\/www.meydan.tv\/wp-content\/uploads\/2021\/07\/meydan-logo.svg","contentUrl":"https:\/\/www.meydan.tv\/wp-content\/uploads\/2021\/07\/meydan-logo.svg","width":195,"height":46,"caption":"Meydan TV"},"image":{"@id":"https:\/\/www.meydan.tv\/az\/#\/schema\/logo\/image\/"}},{"@type":"Person","@id":"https:\/\/www.meydan.tv\/az\/#\/schema\/person\/9cdbecf90d17180ce1dfbd95b08dcf47","name":"elli","sameAs":["https:\/\/x.com\/elli"]}]}},"_links":{"self":[{"href":"https:\/\/www.meydan.tv\/az\/wp-json\/wp\/v2\/posts\/245325","targetHints":{"allow":["GET"]}}],"collection":[{"href":"https:\/\/www.meydan.tv\/az\/wp-json\/wp\/v2\/posts"}],"about":[{"href":"https:\/\/www.meydan.tv\/az\/wp-json\/wp\/v2\/types\/post"}],"author":[{"embeddable":true,"href":"https:\/\/www.meydan.tv\/az\/wp-json\/wp\/v2\/users\/8"}],"replies":[{"embeddable":true,"href":"https:\/\/www.meydan.tv\/az\/wp-json\/wp\/v2\/comments?post=245325"}],"version-history":[{"count":3,"href":"https:\/\/www.meydan.tv\/az\/wp-json\/wp\/v2\/posts\/245325\/revisions"}],"predecessor-version":[{"id":245338,"href":"https:\/\/www.meydan.tv\/az\/wp-json\/wp\/v2\/posts\/245325\/revisions\/245338"}],"wp:featuredmedia":[{"embeddable":true,"href":"https:\/\/www.meydan.tv\/az\/wp-json\/wp\/v2\/media\/244756"}],"wp:attachment":[{"href":"https:\/\/www.meydan.tv\/az\/wp-json\/wp\/v2\/media?parent=245325"}],"wp:term":[{"taxonomy":"category","embeddable":true,"href":"https:\/\/www.meydan.tv\/az\/wp-json\/wp\/v2\/categories?post=245325"},{"taxonomy":"post_tag","embeddable":true,"href":"https:\/\/www.meydan.tv\/az\/wp-json\/wp\/v2\/tags?post=245325"}],"curies":[{"name":"wp","href":"https:\/\/api.w.org\/{rel}","templated":true}]}}