{"id":245233,"date":"2022-05-15T17:52:38","date_gmt":"2022-05-15T13:52:38","guid":{"rendered":"https:\/\/www.meydan.tv\/?p=245233"},"modified":"2022-05-15T17:52:39","modified_gmt":"2022-05-15T13:52:39","slug":"olke-ve-pese-sevgisi","status":"publish","type":"post","link":"https:\/\/www.meydan.tv\/az\/article\/olke-ve-pese-sevgisi\/","title":{"rendered":"\u00d6lk\u0259 v\u0259 pe\u015f\u0259 sevgisi"},"content":{"rendered":"\n<p><\/p>\n\n\n\n<p><em>\u2026\u00f6lk\u0259ni sevm\u0259k onun \u0259caib ger\u00e7\u0259kl\u0259rini sevm\u0259k \u00f6hd\u0259liyi yaratm\u0131r<\/em><\/p>\n\n\n\n<p><\/p>\n\n\n\n<p>On-on be\u015f il qabaq yas m\u0259clisind\u0259n \u00e7\u0131x\u0131b ev\u0259 t\u0259r\u0259f getm\u0259y\u0259 ba\u015flam\u0131\u015fd\u0131m ki, yan\u0131mda bir ma\u015f\u0131n dayand\u0131. \u201cM\u00fc\u0259llim, g\u0259lin sizi apar\u0131m\u201d dey\u0259n adam\u0131 tan\u0131masam da, dan\u0131\u015f\u0131\u011f\u0131ndan bildim ki, tan\u0131\u015f\u0131q. Xeyli getdikd\u0259n sonra yolda yek\u0259 bir \u015f\u00fcar\u0131 g\u00f6st\u0259rib g\u00fcl\u0259-g\u00fcl\u0259 dedi ki, m\u0259n market i\u015fl\u0259dir\u0259m v\u0259 h\u0259r d\u0259f\u0259 vergi \u00f6d\u0259y\u0259nd\u0259 bu \u015f\u00fcar\u0131 xat\u0131rlay\u0131b \u00fcr\u0259yimi bo\u015fald\u0131ram.<\/p>\n\n\n\n<p>S\u0259b\u0259bini anlasam da, yolu q\u0131saltmaq \u00fc\u00e7\u00fcn \u00fcr\u0259yini rahatladan m\u0259s\u0259l\u0259ni onun dilind\u0259n e\u015fitm\u0259k ist\u0259dim. Dedi ki, \u201cV\u0259t\u0259n\u0259 sevgi \u2013 d\u00f6vl\u0259t\u0259 vergi\u201d iki halda normal say\u0131la bil\u0259r. Birinci, vergi ger\u00e7\u0259kd\u0259n d\u00f6vl\u0259t\u0259 verilsin, ikinci, o, m\u0259hz vergi kimi \u00f6d\u0259nilsin. Bizd\u0259 is\u0259 bir d\u0259 g\u00f6r\u00fcrs\u0259n bir vergi i\u015f\u00e7isi q\u0259fl\u0259t\u0259n market\u0259 girir v\u0259 ba\u015flay\u0131r tavan\u0131, binan\u0131n i\u00e7ini seyr el\u0259m\u0259y\u0259. Yax\u0131nla\u015f\u0131b soru\u015fursan ki, siz\u0259 n\u0259 laz\u0131md\u0131, adam\u0131n \u00fcz\u00fcn\u0259 d\u0259 baxmadan \u201c30 min\u201d deyib m\u00fc\u015fahid\u0259l\u0259rini davam etdirir. Sonradan anlay\u0131rsan ki, \u201cvergi\u201dd\u0259n s\u00f6hb\u0259t gedir.<\/p>\n\n\n\n<p>D\u00fcn\u0259n \u201cFacebook\u201ddan \u00f6yr\u0259ndim ki, bizim V\u0259kill\u0259r Kollegiyas\u0131n\u0131 Avropa V\u0259kill\u0259r Kollegiyalar\u0131 Birliyin\u0259 (\u201cCCBE\u201d) \u00fczv q\u0259bul el\u0259yibl\u0259r v\u0259 VK s\u0259dri deyib ki, \u201c\u00d6lk\u0259sini v\u0259 pe\u015f\u0259sini sev\u0259n h\u0259r k\u0259s bu u\u011fura sevinm\u0259lidir\u201d.<\/p>\n\n\n\n<p>Bunu oxuyanda o \u201cV\u0259t\u0259n\u0259 sevgi \u2013 d\u00f6vl\u0259t\u0259 vergi\u201d \u015f\u00fcar\u0131 yad\u0131ma d\u00fc\u015fd\u00fc. Ax\u0131 m\u0259n d\u0259 uzun ill\u0259r v\u0259killik f\u0259aliyy\u0259ti il\u0259 m\u0259\u015f\u011ful olmu\u015fam v\u0259 sonradan qanunvericilik d\u0259yi\u015fdiyind\u0259n m\u0259ni bu pe\u015f\u0259d\u0259n m\u0259hrum edibl\u0259r. Uzun m\u0259hk\u0259m\u0259 \u00e7\u0259ki\u015fm\u0259l\u0259rind\u0259n sonra n\u0259hay\u0259t, Avropa M\u0259hk\u0259m\u0259si h\u00fcququmuzu tan\u0131sa da, VK bizi (\u0130ntiqam \u018fliyevi v\u0259 m\u0259ni) kollegiyaya q\u0259bul etm\u0259kd\u0259n imtina edir. B\u0259han\u0259 d\u0259 odur ki, Ali M\u0259hk\u0259m\u0259 \u00f6lk\u0259daxili m\u0259hk\u0259m\u0259l\u0259rin q\u0259rar\u0131n\u0131 l\u0259\u011fv etm\u0259yib. Ali M\u0259hk\u0259m\u0259y\u0259 be\u015f il \u0259rzind\u0259 verdiyimiz \u015fikay\u0259tl\u0259r\u0259 baxma\u011fa is\u0259 s\u0259drin vaxt\u0131 yoxdur.<\/p>\n\n\n\n<p><strong>\u201c\u00d6lk\u0259sini v\u0259 pe\u015f\u0259sini sev\u0259n\u2026\u201d<\/strong><\/p>\n\n\n\n<p>Bu, o dem\u0259kdir ki, bu x\u0259b\u0259r\u0259 sevinmir\u0259ms\u0259, dem\u0259li, \u00f6lk\u0259mi v\u0259 pe\u015f\u0259mi sevmir\u0259m, el\u0259mi?<\/p>\n\n\n\n<p>Hakimiyy\u0259t n\u00fcmay\u0259nd\u0259l\u0259ri d\u0259 bu s\u00f6zl\u0259ri t\u0259krarlama\u011f\u0131 sevirl\u0259r \u2013 \u00f6lk\u0259d\u0259 n\u0259yis\u0259 t\u0259nqid edirs\u0259ns\u0259, dem\u0259li, bu v\u0259t\u0259ni sevmirs\u0259n. Hakimiyy\u0259tin demokratiklik d\u0259r\u0259c\u0259sinin \u0259yani g\u00f6st\u0259ricisi olan bu absurd fikir onlar\u0131n ifas\u0131nda b\u0259z\u0259n h\u0259tta normal qar\u015f\u0131lan\u0131r: siyasi m\u0259nafe bunu t\u0259l\u0259b edir. S\u0259n demokrat deyils\u0259ns\u0259, hakimiyy\u0259tin saxlanmas\u0131n\u0131n h\u0259r c\u00fcr variant\u0131n\u0131 m\u0259qbul saya bil\u0259rs\u0259n. Amma bu fikir bir pe\u015f\u0259 birliyinin, m\u00fcst\u0259qil v\u0259 siyas\u0259td\u0259n k\u0259nar olmal\u0131 bir azad pe\u015f\u0259 qurumu r\u0259hb\u0259rinin dilind\u0259n deyil\u0259nd\u0259 buna h\u0259r hans\u0131 normal yana\u015fma m\u00fcmk\u00fcn deyil.<\/p>\n\n\n\n<p>\u00d6lk\u0259ni sevm\u0259yin sortbasort variantlar\u0131 var. S\u0259n avtoritar \u00f6lk\u0259ni d\u0259 sev\u0259 bil\u0259rs\u0259n v\u0259 s\u0259n\u0259 yarad\u0131lan \u015f\u0259rait s\u0259ni qane ed\u0259nd\u0259 o idar\u0259\u00e7iliyi m\u00fcdafi\u0259 etm\u0259kd\u0259n ba\u015fqa yolun qalm\u0131r. Azad deyils\u0259ns\u0259. Daxil\u0259n azad olsan bunu \u00f6z\u00fcn\u0259 r\u0259va bilm\u0259zs\u0259n.<\/p>\n\n\n\n<p><strong>\u00d6lk\u0259mi sevir\u0259mmi?<\/strong><\/p>\n\n\n\n<p>M\u0259n azad, demokratik, insan haqlar\u0131n\u0131n qutsall\u0131\u011f\u0131na tap\u0131nan \u00f6lk\u0259ni sevir\u0259m. Bel\u0259 \u00f6lk\u0259 u\u011frunda da bacard\u0131\u011f\u0131m\u0131 el\u0259m\u0259y\u0259 \u00e7al\u0131\u015f\u0131ram. Bir d\u0259 ki, \u00f6lk\u0259ni sevm\u0259k onun \u0259caib ger\u00e7\u0259kl\u0259rini sevm\u0259k \u00f6hd\u0259liyi yaratm\u0131r. \u00d6lk\u0259mi onun t\u0259bii g\u00f6z\u0259llikl\u0259ri, d\u0259y\u0259rli insanlar\u0131, \u00f6y\u00fcnm\u0259li \u00f6z\u0259llikl\u0259ri il\u0259 sevir\u0259m. Bizi mill\u0259tl\u0259r i\u00e7ind\u0259 ba\u015f\u0131 a\u015fa\u011f\u0131 ed\u0259n, xalq\u0131n m\u0259n\u0259viyyat\u0131n\u0131 pozan, insan l\u0259yaq\u0259tini al\u00e7aldan n\u0259sn\u0259l\u0259ri nec\u0259 sev\u0259 bil\u0259rik? M\u0259n sevmir\u0259m, siz nec\u0259?<\/p>\n\n\n\n<p><strong>Pe\u015f\u0259mi sevir\u0259mmi?<\/strong><\/p>\n\n\n\n<p>\u00c7ox ist\u0259yir\u0259m ki, sevim. Amma bu imkandan da m\u0259hrumam. Ax\u0131 o sevgini siz \u0259limd\u0259n alm\u0131s\u0131n\u0131z, siz m\u0259ni bu \u015f\u0259r\u0259fli pe\u015f\u0259 il\u0259 m\u0259\u015f\u011ful olmaq, insan haqlar\u0131n\u0131 m\u00fcdafi\u0259 edib bundan z\u00f6vq almaq imkan\u0131ndan m\u0259hrum etmisiniz. \u0130ndi n\u0259 haqla m\u0259nd\u0259n sevgi t\u0259l\u0259b edirsiniz?!<\/p>\n\n\n\n<p>\u0130ndi b\u00fct\u00fcn v\u0259kill\u0259r k\u00fctl\u0259vi t\u0259brikl\u0259r\u0259 start veribl\u0259r. Olsun. L\u0259yaq\u0259tli v\u0259kill\u0259rin t\u0259m\u0259nnas\u0131z t\u0259brikl\u0259rin\u0259 m\u0259n d\u0259 qo\u015fuluram. Amma d\u00fcn\u0259n VK s\u0259drini s\u00f6y\u0259n, bu g\u00fcn \u015f\u0259xsi problemi h\u0259ll edildiyind\u0259n xora z\u00fcy tutan adamlar\u0131n t\u0259brikin\u0259 ikrahla baxmaqdan ba\u015fqa variant qalm\u0131r. Bax, \u00f6lk\u0259nin bu hiss\u0259si d\u0259 h\u0259r hans\u0131 sevgiy\u0259 \u00fcmid ed\u0259 bilm\u0259z. Bel\u0259l\u0259ri b\u0259z\u0259n h\u0259tta l\u0259yaq\u0259tli adamlar\u0131 da \u0259caib, t\u0259m\u0259nnal\u0131 m\u00fcnasib\u0259tl\u0259ri il\u0259 korlay\u0131r, \u00f6lk\u0259ni bir az da z\u00fclm\u0259t\u0259 q\u0259rq edirl\u0259r.<\/p>\n\n\n\n<p>\u00d6zl\u0259rin\u0259 s\u0259rf ed\u0259nd\u0259 ikili standartlardan \u015fikay\u0259tl\u0259n\u0259nl\u0259r indi \u00f6z standartlar\u0131na x\u0259yan\u0259t ed\u0259n bir beyn\u0259lxalq t\u0259\u015fkilat\u0131n q\u0259rar\u0131n\u0131 b\u00f6y\u00fck u\u011fur kimi t\u0259qdim edir v\u0259 buna sevinm\u0259y\u0259ni az qala v\u0259t\u0259n\u0259 x\u0259yan\u0259td\u0259 su\u00e7lay\u0131rlar. \u0130nsan haqlar\u0131n\u0131 m\u00fcdafi\u0259 ed\u0259n l\u0259yaq\u0259tli v\u0259kill\u0259ri pe\u015f\u0259sind\u0259n m\u0259hrum ed\u0259n bir t\u0259\u015fkilat\u0131 \u00f6z\u00fcn\u0259 layiq bil\u0259n bir beyn\u0259lxalq qurumun d\u0259y\u0259ri d\u0259 el\u0259 o t\u0259\u015fkilat q\u0259d\u0259rdir. He\u00e7 olmasa q\u0259bulu beyn\u0259lxalq standartlara \u0259m\u0259l etm\u0259k \u015f\u0259rtl\u0259ri il\u0259 \u0259laq\u0259l\u0259ndirm\u0259y\u0259n bir quruma \u00fczvl\u00fck \u00f6lk\u0259y\u0259 v\u0259 v\u0259killiy\u0259 n\u0259 ver\u0259 bil\u0259r?<\/p>\n\n\n\n<p>Beyn\u0259lxalq qurumlar \u201cSiyasi m\u00f6vqeyind\u0259n as\u0131l\u0131 olmayaraq ham\u0131n\u0131 kollegiyaya imtahanlara d\u0259v\u0259t edirik\u201d b\u0259yanat\u0131n\u0131n alt\u0131nda qurulmu\u015f t\u0259l\u0259ni g\u00f6rm\u00fcrl\u0259rmi? A\u011fl\u0131m k\u0259smir, ax\u0131 ill\u0259rl\u0259 dan\u0131\u015f\u0131qlar apar\u0131b hesabatlar oxumu\u015f d\u00fcnya \u015f\u00f6hr\u0259tli avropal\u0131 v\u0259kill\u0259r o q\u0259d\u0259r d\u0259 sad\u0259l\u00f6vh deyill\u0259r. \u00dcst\u0259lik, k\u00f6hn\u0259 v\u0259 t\u0259z\u0259 s\u0259drin ba\u015fqa c\u00fcr d\u00fc\u015f\u00fcn\u0259nl\u0259r\u0259 qar\u015f\u0131 eyni m\u00fcnasib\u0259ti bar\u0259d\u0259 s\u00f6z-s\u00f6hb\u0259tl\u0259r uzun ill\u0259rdir davam edir. N\u0259 vaxtad\u0259k?<\/p>\n\n\n\n<p>Otuz ildir veril\u0259n bu sual\u0131n ha\u00e7ansa cavab\u0131 verilm\u0259lidir. Amma normal, m\u0259ntiqli, \u0259sasl\u0131 cavab. Trol s\u00fcr\u00fcs\u00fcn\u00fcn xoruna qulaq asmaq fikrim yoxdur.<\/p>\n","protected":false},"excerpt":{"rendered":"<p>\u2026\u00f6lk\u0259ni sevm\u0259k onun \u0259caib ger\u00e7\u0259kl\u0259rini sevm\u0259k \u00f6hd\u0259liyi yaratm\u0131r On-on be\u015f &#8230; <\/p>\n<p class=\"read-more-container\"><a title=\"\u00d6lk\u0259 v\u0259 pe\u015f\u0259 sevgisi\" class=\"read-more button\" href=\"https:\/\/www.meydan.tv\/az\/article\/olke-ve-pese-sevgisi\/#more-245233\" aria-label=\"Read more about \u00d6lk\u0259 v\u0259 pe\u015f\u0259 sevgisi\">Davam\u0131<\/a><\/p>\n","protected":false},"author":8,"featured_media":213950,"comment_status":"closed","ping_status":"closed","sticky":false,"template":"","format":"standard","meta":{"_acf_changed":false,"_sitemap_exclude":false,"_sitemap_priority":"","_sitemap_frequency":"","footnotes":""},"categories":[57],"tags":[],"class_list":["post-245233","post","type-post","status-publish","format-standard","has-post-thumbnail","hentry","category-menim-fikrimce","infinite-scroll-item","generate-columns","tablet-grid-50","mobile-grid-100","grid-parent","grid-33","no-featured-image-padding"],"acf":[],"yoast_head":"<!-- This site is optimized with the Yoast SEO plugin v27.4 - https:\/\/yoast.com\/product\/yoast-seo-wordpress\/ -->\n<title>\u00d6lk\u0259 v\u0259 pe\u015f\u0259 sevgisi - MEYDAN.TV<\/title>\n<meta name=\"robots\" content=\"index, follow, max-snippet:-1, max-image-preview:large, max-video-preview:-1\" \/>\n<link rel=\"canonical\" href=\"https:\/\/www.meydan.tv\/az\/article\/olke-ve-pese-sevgisi\/\" \/>\n<meta property=\"og:locale\" content=\"az_AZ\" \/>\n<meta property=\"og:type\" content=\"article\" \/>\n<meta property=\"og:title\" content=\"\u00d6lk\u0259 v\u0259 pe\u015f\u0259 sevgisi - MEYDAN.TV\" \/>\n<meta property=\"og:description\" content=\"\u2026\u00f6lk\u0259ni sevm\u0259k onun \u0259caib ger\u00e7\u0259kl\u0259rini sevm\u0259k \u00f6hd\u0259liyi yaratm\u0131r On-on be\u015f ... Davam\u0131\" \/>\n<meta property=\"og:url\" content=\"https:\/\/www.meydan.tv\/az\/article\/olke-ve-pese-sevgisi\/\" \/>\n<meta property=\"og:site_name\" content=\"MEYDAN.TV\" \/>\n<meta property=\"article:published_time\" content=\"2022-05-15T13:52:38+00:00\" \/>\n<meta property=\"article:modified_time\" content=\"2022-05-15T13:52:39+00:00\" \/>\n<meta property=\"og:image\" content=\"https:\/\/www.meydan.tv\/wp-content\/uploads\/annaqi-1-e1652622738889.jpg\" \/>\n\t<meta property=\"og:image:width\" content=\"1200\" \/>\n\t<meta property=\"og:image:height\" content=\"762\" \/>\n\t<meta property=\"og:image:type\" content=\"image\/jpeg\" \/>\n<meta name=\"author\" content=\"elli\" \/>\n<meta name=\"twitter:card\" content=\"summary_large_image\" \/>\n<meta name=\"twitter:creator\" content=\"@elli\" \/>\n<script type=\"application\/ld+json\" class=\"yoast-schema-graph\">{\"@context\":\"https:\\\/\\\/schema.org\",\"@graph\":[{\"@type\":\"Article\",\"@id\":\"https:\\\/\\\/www.meydan.tv\\\/az\\\/article\\\/olke-ve-pese-sevgisi\\\/#article\",\"isPartOf\":{\"@id\":\"https:\\\/\\\/www.meydan.tv\\\/az\\\/article\\\/olke-ve-pese-sevgisi\\\/\"},\"author\":{\"name\":\"elli\",\"@id\":\"https:\\\/\\\/www.meydan.tv\\\/az\\\/#\\\/schema\\\/person\\\/9cdbecf90d17180ce1dfbd95b08dcf47\"},\"headline\":\"\u00d6lk\u0259 v\u0259 pe\u015f\u0259 sevgisi\",\"datePublished\":\"2022-05-15T13:52:38+00:00\",\"dateModified\":\"2022-05-15T13:52:39+00:00\",\"mainEntityOfPage\":{\"@id\":\"https:\\\/\\\/www.meydan.tv\\\/az\\\/article\\\/olke-ve-pese-sevgisi\\\/\"},\"wordCount\":1178,\"publisher\":{\"@id\":\"https:\\\/\\\/www.meydan.tv\\\/az\\\/#organization\"},\"image\":{\"@id\":\"https:\\\/\\\/www.meydan.tv\\\/az\\\/article\\\/olke-ve-pese-sevgisi\\\/#primaryimage\"},\"thumbnailUrl\":\"https:\\\/\\\/www.meydan.tv\\\/wp-content\\\/uploads\\\/annaqi-1-e1652622738889.jpg\",\"articleSection\":[\"M\u0259nim Fikrimc\u0259\"],\"inLanguage\":\"az\"},{\"@type\":\"WebPage\",\"@id\":\"https:\\\/\\\/www.meydan.tv\\\/az\\\/article\\\/olke-ve-pese-sevgisi\\\/\",\"url\":\"https:\\\/\\\/www.meydan.tv\\\/az\\\/article\\\/olke-ve-pese-sevgisi\\\/\",\"name\":\"\u00d6lk\u0259 v\u0259 pe\u015f\u0259 sevgisi - MEYDAN.TV\",\"isPartOf\":{\"@id\":\"https:\\\/\\\/www.meydan.tv\\\/az\\\/#website\"},\"primaryImageOfPage\":{\"@id\":\"https:\\\/\\\/www.meydan.tv\\\/az\\\/article\\\/olke-ve-pese-sevgisi\\\/#primaryimage\"},\"image\":{\"@id\":\"https:\\\/\\\/www.meydan.tv\\\/az\\\/article\\\/olke-ve-pese-sevgisi\\\/#primaryimage\"},\"thumbnailUrl\":\"https:\\\/\\\/www.meydan.tv\\\/wp-content\\\/uploads\\\/annaqi-1-e1652622738889.jpg\",\"datePublished\":\"2022-05-15T13:52:38+00:00\",\"dateModified\":\"2022-05-15T13:52:39+00:00\",\"breadcrumb\":{\"@id\":\"https:\\\/\\\/www.meydan.tv\\\/az\\\/article\\\/olke-ve-pese-sevgisi\\\/#breadcrumb\"},\"inLanguage\":\"az\",\"potentialAction\":[{\"@type\":\"ReadAction\",\"target\":[\"https:\\\/\\\/www.meydan.tv\\\/az\\\/article\\\/olke-ve-pese-sevgisi\\\/\"]}]},{\"@type\":\"ImageObject\",\"inLanguage\":\"az\",\"@id\":\"https:\\\/\\\/www.meydan.tv\\\/az\\\/article\\\/olke-ve-pese-sevgisi\\\/#primaryimage\",\"url\":\"https:\\\/\\\/www.meydan.tv\\\/wp-content\\\/uploads\\\/annaqi-1-e1652622738889.jpg\",\"contentUrl\":\"https:\\\/\\\/www.meydan.tv\\\/wp-content\\\/uploads\\\/annaqi-1-e1652622738889.jpg\",\"width\":1200,\"height\":762,\"caption\":\"Foto: Meydan TV\"},{\"@type\":\"BreadcrumbList\",\"@id\":\"https:\\\/\\\/www.meydan.tv\\\/az\\\/article\\\/olke-ve-pese-sevgisi\\\/#breadcrumb\",\"itemListElement\":[{\"@type\":\"ListItem\",\"position\":1,\"name\":\"Ana s\u0259hif\u0259\",\"item\":\"https:\\\/\\\/www.meydan.tv\\\/az\\\/\"},{\"@type\":\"ListItem\",\"position\":2,\"name\":\"M\u0259nim Fikrimc\u0259\",\"item\":\"https:\\\/\\\/www.meydan.tv\\\/az\\\/section\\\/menim-fikrimce\\\/\"},{\"@type\":\"ListItem\",\"position\":3,\"name\":\"\u00d6lk\u0259 v\u0259 pe\u015f\u0259 sevgisi\"}]},{\"@type\":\"WebSite\",\"@id\":\"https:\\\/\\\/www.meydan.tv\\\/az\\\/#website\",\"url\":\"https:\\\/\\\/www.meydan.tv\\\/az\\\/\",\"name\":\"MEYDAN.TV\",\"description\":\"Meydan TV Az\u0259rbaycan\u0131n media m\u0259kan\u0131ndak\u0131 alternativ s\u0259sidir\",\"publisher\":{\"@id\":\"https:\\\/\\\/www.meydan.tv\\\/az\\\/#organization\"},\"potentialAction\":[{\"@type\":\"SearchAction\",\"target\":{\"@type\":\"EntryPoint\",\"urlTemplate\":\"https:\\\/\\\/www.meydan.tv\\\/az\\\/?s={search_term_string}\"},\"query-input\":{\"@type\":\"PropertyValueSpecification\",\"valueRequired\":true,\"valueName\":\"search_term_string\"}}],\"inLanguage\":\"az\"},{\"@type\":\"Organization\",\"@id\":\"https:\\\/\\\/www.meydan.tv\\\/az\\\/#organization\",\"name\":\"Meydan TV\",\"url\":\"https:\\\/\\\/www.meydan.tv\\\/az\\\/\",\"logo\":{\"@type\":\"ImageObject\",\"inLanguage\":\"az\",\"@id\":\"https:\\\/\\\/www.meydan.tv\\\/az\\\/#\\\/schema\\\/logo\\\/image\\\/\",\"url\":\"https:\\\/\\\/www.meydan.tv\\\/wp-content\\\/uploads\\\/2021\\\/07\\\/meydan-logo.svg\",\"contentUrl\":\"https:\\\/\\\/www.meydan.tv\\\/wp-content\\\/uploads\\\/2021\\\/07\\\/meydan-logo.svg\",\"width\":195,\"height\":46,\"caption\":\"Meydan TV\"},\"image\":{\"@id\":\"https:\\\/\\\/www.meydan.tv\\\/az\\\/#\\\/schema\\\/logo\\\/image\\\/\"}},{\"@type\":\"Person\",\"@id\":\"https:\\\/\\\/www.meydan.tv\\\/az\\\/#\\\/schema\\\/person\\\/9cdbecf90d17180ce1dfbd95b08dcf47\",\"name\":\"elli\",\"sameAs\":[\"https:\\\/\\\/x.com\\\/elli\"]}]}<\/script>\n<!-- \/ Yoast SEO plugin. -->","yoast_head_json":{"title":"\u00d6lk\u0259 v\u0259 pe\u015f\u0259 sevgisi - MEYDAN.TV","robots":{"index":"index","follow":"follow","max-snippet":"max-snippet:-1","max-image-preview":"max-image-preview:large","max-video-preview":"max-video-preview:-1"},"canonical":"https:\/\/www.meydan.tv\/az\/article\/olke-ve-pese-sevgisi\/","og_locale":"az_AZ","og_type":"article","og_title":"\u00d6lk\u0259 v\u0259 pe\u015f\u0259 sevgisi - MEYDAN.TV","og_description":"\u2026\u00f6lk\u0259ni sevm\u0259k onun \u0259caib ger\u00e7\u0259kl\u0259rini sevm\u0259k \u00f6hd\u0259liyi yaratm\u0131r On-on be\u015f ... Davam\u0131","og_url":"https:\/\/www.meydan.tv\/az\/article\/olke-ve-pese-sevgisi\/","og_site_name":"MEYDAN.TV","article_published_time":"2022-05-15T13:52:38+00:00","article_modified_time":"2022-05-15T13:52:39+00:00","og_image":[{"width":1200,"height":762,"url":"https:\/\/www.meydan.tv\/wp-content\/uploads\/annaqi-1-e1652622738889.jpg","type":"image\/jpeg"}],"author":"elli","twitter_card":"summary_large_image","twitter_creator":"@elli","schema":{"@context":"https:\/\/schema.org","@graph":[{"@type":"Article","@id":"https:\/\/www.meydan.tv\/az\/article\/olke-ve-pese-sevgisi\/#article","isPartOf":{"@id":"https:\/\/www.meydan.tv\/az\/article\/olke-ve-pese-sevgisi\/"},"author":{"name":"elli","@id":"https:\/\/www.meydan.tv\/az\/#\/schema\/person\/9cdbecf90d17180ce1dfbd95b08dcf47"},"headline":"\u00d6lk\u0259 v\u0259 pe\u015f\u0259 sevgisi","datePublished":"2022-05-15T13:52:38+00:00","dateModified":"2022-05-15T13:52:39+00:00","mainEntityOfPage":{"@id":"https:\/\/www.meydan.tv\/az\/article\/olke-ve-pese-sevgisi\/"},"wordCount":1178,"publisher":{"@id":"https:\/\/www.meydan.tv\/az\/#organization"},"image":{"@id":"https:\/\/www.meydan.tv\/az\/article\/olke-ve-pese-sevgisi\/#primaryimage"},"thumbnailUrl":"https:\/\/www.meydan.tv\/wp-content\/uploads\/annaqi-1-e1652622738889.jpg","articleSection":["M\u0259nim Fikrimc\u0259"],"inLanguage":"az"},{"@type":"WebPage","@id":"https:\/\/www.meydan.tv\/az\/article\/olke-ve-pese-sevgisi\/","url":"https:\/\/www.meydan.tv\/az\/article\/olke-ve-pese-sevgisi\/","name":"\u00d6lk\u0259 v\u0259 pe\u015f\u0259 sevgisi - MEYDAN.TV","isPartOf":{"@id":"https:\/\/www.meydan.tv\/az\/#website"},"primaryImageOfPage":{"@id":"https:\/\/www.meydan.tv\/az\/article\/olke-ve-pese-sevgisi\/#primaryimage"},"image":{"@id":"https:\/\/www.meydan.tv\/az\/article\/olke-ve-pese-sevgisi\/#primaryimage"},"thumbnailUrl":"https:\/\/www.meydan.tv\/wp-content\/uploads\/annaqi-1-e1652622738889.jpg","datePublished":"2022-05-15T13:52:38+00:00","dateModified":"2022-05-15T13:52:39+00:00","breadcrumb":{"@id":"https:\/\/www.meydan.tv\/az\/article\/olke-ve-pese-sevgisi\/#breadcrumb"},"inLanguage":"az","potentialAction":[{"@type":"ReadAction","target":["https:\/\/www.meydan.tv\/az\/article\/olke-ve-pese-sevgisi\/"]}]},{"@type":"ImageObject","inLanguage":"az","@id":"https:\/\/www.meydan.tv\/az\/article\/olke-ve-pese-sevgisi\/#primaryimage","url":"https:\/\/www.meydan.tv\/wp-content\/uploads\/annaqi-1-e1652622738889.jpg","contentUrl":"https:\/\/www.meydan.tv\/wp-content\/uploads\/annaqi-1-e1652622738889.jpg","width":1200,"height":762,"caption":"Foto: Meydan TV"},{"@type":"BreadcrumbList","@id":"https:\/\/www.meydan.tv\/az\/article\/olke-ve-pese-sevgisi\/#breadcrumb","itemListElement":[{"@type":"ListItem","position":1,"name":"Ana s\u0259hif\u0259","item":"https:\/\/www.meydan.tv\/az\/"},{"@type":"ListItem","position":2,"name":"M\u0259nim Fikrimc\u0259","item":"https:\/\/www.meydan.tv\/az\/section\/menim-fikrimce\/"},{"@type":"ListItem","position":3,"name":"\u00d6lk\u0259 v\u0259 pe\u015f\u0259 sevgisi"}]},{"@type":"WebSite","@id":"https:\/\/www.meydan.tv\/az\/#website","url":"https:\/\/www.meydan.tv\/az\/","name":"MEYDAN.TV","description":"Meydan TV Az\u0259rbaycan\u0131n media m\u0259kan\u0131ndak\u0131 alternativ s\u0259sidir","publisher":{"@id":"https:\/\/www.meydan.tv\/az\/#organization"},"potentialAction":[{"@type":"SearchAction","target":{"@type":"EntryPoint","urlTemplate":"https:\/\/www.meydan.tv\/az\/?s={search_term_string}"},"query-input":{"@type":"PropertyValueSpecification","valueRequired":true,"valueName":"search_term_string"}}],"inLanguage":"az"},{"@type":"Organization","@id":"https:\/\/www.meydan.tv\/az\/#organization","name":"Meydan TV","url":"https:\/\/www.meydan.tv\/az\/","logo":{"@type":"ImageObject","inLanguage":"az","@id":"https:\/\/www.meydan.tv\/az\/#\/schema\/logo\/image\/","url":"https:\/\/www.meydan.tv\/wp-content\/uploads\/2021\/07\/meydan-logo.svg","contentUrl":"https:\/\/www.meydan.tv\/wp-content\/uploads\/2021\/07\/meydan-logo.svg","width":195,"height":46,"caption":"Meydan TV"},"image":{"@id":"https:\/\/www.meydan.tv\/az\/#\/schema\/logo\/image\/"}},{"@type":"Person","@id":"https:\/\/www.meydan.tv\/az\/#\/schema\/person\/9cdbecf90d17180ce1dfbd95b08dcf47","name":"elli","sameAs":["https:\/\/x.com\/elli"]}]}},"_links":{"self":[{"href":"https:\/\/www.meydan.tv\/az\/wp-json\/wp\/v2\/posts\/245233","targetHints":{"allow":["GET"]}}],"collection":[{"href":"https:\/\/www.meydan.tv\/az\/wp-json\/wp\/v2\/posts"}],"about":[{"href":"https:\/\/www.meydan.tv\/az\/wp-json\/wp\/v2\/types\/post"}],"author":[{"embeddable":true,"href":"https:\/\/www.meydan.tv\/az\/wp-json\/wp\/v2\/users\/8"}],"replies":[{"embeddable":true,"href":"https:\/\/www.meydan.tv\/az\/wp-json\/wp\/v2\/comments?post=245233"}],"version-history":[{"count":2,"href":"https:\/\/www.meydan.tv\/az\/wp-json\/wp\/v2\/posts\/245233\/revisions"}],"predecessor-version":[{"id":247112,"href":"https:\/\/www.meydan.tv\/az\/wp-json\/wp\/v2\/posts\/245233\/revisions\/247112"}],"wp:featuredmedia":[{"embeddable":true,"href":"https:\/\/www.meydan.tv\/az\/wp-json\/wp\/v2\/media\/213950"}],"wp:attachment":[{"href":"https:\/\/www.meydan.tv\/az\/wp-json\/wp\/v2\/media?parent=245233"}],"wp:term":[{"taxonomy":"category","embeddable":true,"href":"https:\/\/www.meydan.tv\/az\/wp-json\/wp\/v2\/categories?post=245233"},{"taxonomy":"post_tag","embeddable":true,"href":"https:\/\/www.meydan.tv\/az\/wp-json\/wp\/v2\/tags?post=245233"}],"curies":[{"name":"wp","href":"https:\/\/api.w.org\/{rel}","templated":true}]}}