{"id":245221,"date":"2022-05-14T20:51:06","date_gmt":"2022-05-14T16:51:06","guid":{"rendered":"https:\/\/www.meydan.tv\/?p=245221"},"modified":"2022-05-14T20:51:08","modified_gmt":"2022-05-14T16:51:08","slug":"meyart-azerbaycani-avroviziyada-sanssiz-hesab-edirler","status":"publish","type":"post","link":"https:\/\/www.meydan.tv\/az\/article\/meyart-azerbaycani-avroviziyada-sanssiz-hesab-edirler\/","title":{"rendered":"MeyArt- Az\u0259rbaycan\u0131 Avroviziyada \u015fanss\u0131z hesab edirl\u0259r"},"content":{"rendered":"\n<figure class=\"wp-block-embed is-type-video is-provider-youtube wp-block-embed-youtube wp-embed-aspect-16-9 wp-has-aspect-ratio\"><div class=\"wp-block-embed__wrapper\">\n<iframe title=\"MeyArt- Az\u0259rbaycan\u0131 Avroviziyada \u015fanss\u0131z hesab edirl\u0259r\" width=\"1200\" height=\"675\" data-src=\"https:\/\/www.youtube.com\/embed\/gOVLOZ33WNI?feature=oembed\" frameborder=\"0\" allow=\"accelerometer; autoplay; clipboard-write; encrypted-media; gyroscope; picture-in-picture\" allowfullscreen src=\"data:image\/svg+xml;base64,PHN2ZyB3aWR0aD0iMSIgaGVpZ2h0PSIxIiB4bWxucz0iaHR0cDovL3d3dy53My5vcmcvMjAwMC9zdmciPjwvc3ZnPg==\" class=\"lazyload\" data-load-mode=\"1\"><\/iframe>\n<\/div><\/figure>\n\n\n\n<!--more-->\n\n\n\n<p>\u00c7oxdand\u0131r g\u00f6zl\u0259nil\u0259n kitab\u0131n \u00fcz\u0259rind\u0259n \u0259lav\u0259 dey\u0259r vergisi g\u00f6t\u00fcr\u00fcl\u00fcb. Bundan sonra kitab, q\u0259zet, jurnal v\u0259 onlar\u0131n istehsal\u0131 il\u0259 ba\u011fl\u0131 ka\u011f\u0131z m\u0259hsullar\u0131n\u0131n idxal v\u0259 sat\u0131\u015f\u0131na g\u00f6r\u0259 18 faiz \u018fDV tutulmayacaq. Vergi M\u0259c\u0259ll\u0259sin\u0259 olan d\u0259yi\u015fiklikd\u0259n 5 ay sonra &#8211; may\u0131n 13-d\u0259 Ba\u015f nazir bu q\u0259rar\u0131 t\u0259sdiql\u0259y\u0259n s\u0259n\u0259d imzalay\u0131b. Bu o dem\u0259kdir ki, kitablar\u0131n qiym\u0259ti 18% d\u00fc\u015f\u0259c\u0259k.<\/p>\n\n\n\n<p>Bu h\u0259ft\u0259 Az\u0259rbaycan Kinematoqraf\u00e7\u0131lar \u0130ttifaq\u0131n\u0131n (AK\u0130) \u0130dar\u0259 Hey\u0259tinin \u00fcmumi iclas\u0131 ke\u00e7irilib. Kinodramaturq R\u00fcst\u0259m \u0130brahimb\u0259yovun v\u0259fat\u0131ndan sonra yaz\u0131\u00e7\u0131 Anar Rzayev onun yerin\u0259 aktyor Rasim Balayevin namiz\u0259dliyini ir\u0259li s\u00fcr\u00fcl\u00fcb. \u0130clas i\u015ftirak\u00e7\u0131lar\u0131 Rasim Balayevin namiz\u0259dliyini yekdillikl\u0259 t\u0259sdiql\u0259yib. May\u0131n son g\u00fcnl\u0259rind\u0259 AK\u0130-y\u0259 s\u0259dr t\u0259yinat\u0131 il\u0259 ba\u011fl\u0131 iclas ke\u00e7iril\u0259c\u0259k. H\u0259m\u00e7inin Rasim Balayev hesab edir ki, Az\u0259rbaycan Kinematoqraf\u00e7\u0131lar \u0130ttifaq\u0131 il\u0259 xalq artisti \u015e\u0259fiq\u0259 M\u0259mm\u0259dovan\u0131n s\u0259dri oldu\u011fu Kinematoqraf\u00e7\u0131lar \u0130ttifaq\u0131 birl\u0259\u015fm\u0259lidir.<\/p>\n\n\n\n<p>Kinodan s\u00f6z d\u00fc\u015fm\u00fc\u015fk\u0259n, az\u0259rbaycanl\u0131 kinematoqraf\u00e7\u0131lar ilk d\u0259f\u0259 Avropa Film Akademiyas\u0131na \u00fczv se\u00e7ilib. Siyah\u0131da\u00a0 siyah\u0131da \u00fcmumilikd\u0259 11 s\u0259n\u0259t adam\u0131 var. Xalq artisti, kinorejissor Vaqif Mustafayev, \u0130lqar N\u0259c\u0259f, R\u00fcf\u0259t H\u0259s\u0259nov, Elvin Ad\u0131g\u00f6z\u0259l kimi adlar var. Avropa Kino Akademiyas\u0131 1989-cu ild\u0259 ilk prezidenti \u0130nqmar Berqman v\u0259 40 kinorejissorun t\u0259\u015f\u0259bb\u00fcs\u00fc il\u0259 Avropa kino s\u0259nayesinin maraqlar\u0131n\u0131 inki\u015faf etdirm\u0259k \u00fc\u00e7\u00fcn yarad\u0131l\u0131b. M\u00fcst\u0259qil rejissor Elvin Ad\u0131g\u00f6z\u0259l Avropa film Akademiyas\u0131na \u00fczv se\u00e7ilm\u0259yin\u0259 fikir bildirib.<\/p>\n\n\n\n<p>&#8220;B\u00fct\u00fcn hallarda Avropa Kino Akademiyas\u0131na \u00fczv olmaq Az\u0259rbaycan kinosunda h\u0259r hans\u0131sa bir d\u0259yi\u015fiklik, inki\u015faf dem\u0259k deyil. Az\u0259rbaycan Avropan\u0131n bir hiss\u0259sidirs\u0259, Euroimaj\u0131n \u00fczv\u00fc olmal\u0131 idi v\u0259 \u00f6lk\u0259d\u0259 kino fondlar olmal\u0131 idi. Avantaj m\u0259nim \u00fc\u00e7\u00fcn f\u0259rdi \u015f\u0259kild\u0259 sad\u0259c\u0259 ugurdur, Avropa Kino Akademiyas\u0131n\u0131n illik \u00fczvl\u00fck haqq\u0131n\u0131 i\u015fl\u0259diyim prod\u00fcsserl\u0259rin d\u0259st\u0259yi il\u0259 \u00f6z\u00fcm \u00f6d\u0259y\u0259c\u0259m. Kino f\u0259aliyy\u0259timd\u0259 Avropa kino akademiyas\u0131n\u0131n \u00fczv\u00fc olaraq \u00f6z yoluma uy\u011fun s\u0259n\u0259tim \u00fc\u00e7\u00fcn m\u00fcbariz\u0259 davam ed\u0259c\u0259k&#8221;.<\/p>\n\n\n\n<p>Az\u0259rbaycan \u201cAvroviziya-2022\u201dnin final m\u0259rh\u0259l\u0259sind\u0259dir. \u00d6lk\u0259ni \u201cFade to back\u201d mahn\u0131s\u0131 il\u0259 t\u0259msil ed\u0259n m\u00fc\u011f\u0259nni Nadir R\u00fcst\u0259mli. bu g\u00fcn \u2013 may\u0131n 14-\u00fc Turind\u0259 ke\u00e7iril\u0259c\u0259k yar\u0131\u015fmada s\u0259hn\u0259y\u0259 15-ci n\u00f6mr\u0259 alt\u0131nda \u00e7\u0131xacaq. Finalda \u00fcmumilikd\u0259 26 \u00f6lk\u0259 i\u015ftirak\u00e7\u0131s\u0131 \u00e7\u0131x\u0131\u015f ed\u0259c\u0259k. Bukmeykerl\u0259rin proqnozlar\u0131na \u0259sas\u0259n, qalibiyy\u0259t\u0259 \u0259sas favorit Ukraynad\u0131r. Az\u0259rbaycan\u0131n Avroviziya t\u0259msil\u00e7isini is\u0259 \u015fansl\u0131 hesab etmirl\u0259r.<\/p>\n\n\n\n<p>Roman\u0131n Santi-Apostoli meydan\u0131nda rus m\u0259d\u0259niyy\u0259tin\u0259 m\u00fcnasib\u0259td\u0259 ayr\u0131-se\u00e7kiliy\u0259 qar\u015f\u0131 mitinq ke\u00e7irilib. Aksiya \u201cB\u00f6y\u00fck Rusiyan\u0131n dostlar\u0131\u201d assosiasiyas\u0131 t\u0259r\u0259find\u0259n t\u0259\u015fkil olunub. &#8220;Biz \u0130taliyada m\u0259d\u0259niyy\u0259timiz\u0259 qar\u015f\u0131 g\u00f6st\u0259ril\u0259n m\u00fcnasib\u0259ti g\u00f6rd\u00fck. Dostoyevski il\u0259 ba\u011f\u0131 m\u00fchazir\u0259l\u0259rin l\u0259\u011fvin\u0259 c\u0259hd, Neapolda \u00c7aykovskinin baletinin l\u0259\u011fv edilm\u0259si, bu kimi bir \u00e7ox n\u00fcmun\u0259l\u0259r oldu. Y\u0259ni d\u00fcnyan\u0131n bir par\u00e7as\u0131 olan m\u0259d\u0259niyy\u0259timiz\u0259 t\u0259cav\u00fcz olunma\u011fa ba\u015flan\u0131ld\u0131. M\u0259d\u0259niyy\u0259tin d\u0259ri r\u0259ngi, dili, s\u0259rh\u0259dl\u0259ri yoxdur, o, b\u00fct\u00fcn d\u00fcnyaya aiddir\u201d, \u2013 dey\u0259 aksiyan\u0131n t\u0259\u015fkilat\u00e7\u0131lar\u0131ndan olan Yuliya Bazarova deyib. Fevral\u0131n 24-d\u0259 Rusiya Ukraynada h\u0259rbi \u0259m\u0259liyyatlara ba\u015flayandan sonra AB\u015e, Avropa \u0130ttifaq\u0131, B\u00f6y\u00fck Britaniya, el\u0259c\u0259 d\u0259 bir s\u0131ra dig\u0259r d\u00f6vl\u0259tl\u0259r Rusiyaya qar\u015f\u0131 sanksiyalar t\u0259tbiq edib. Bu sanksiyalar m\u0259d\u0259niyy\u0259t sah\u0259sind\u0259 d\u0259 ba\u015f verib.<\/p>\n","protected":false},"excerpt":{"rendered":"","protected":false},"author":14,"featured_media":245222,"comment_status":"closed","ping_status":"closed","sticky":false,"template":"","format":"standard","meta":{"_acf_changed":false,"_sitemap_exclude":false,"_sitemap_priority":"","_sitemap_frequency":"","footnotes":""},"categories":[63],"tags":[],"class_list":["post-245221","post","type-post","status-publish","format-standard","has-post-thumbnail","hentry","category-video-2","infinite-scroll-item","generate-columns","tablet-grid-50","mobile-grid-100","grid-parent","grid-33","no-featured-image-padding"],"acf":[],"yoast_head":"<!-- This site is optimized with the Yoast SEO plugin v27.5 - https:\/\/yoast.com\/product\/yoast-seo-wordpress\/ -->\n<title>MeyArt- Az\u0259rbaycan\u0131 Avroviziyada \u015fanss\u0131z hesab edirl\u0259r - MEYDAN.TV<\/title>\n<meta name=\"robots\" content=\"index, follow, max-snippet:-1, max-image-preview:large, max-video-preview:-1\" \/>\n<link rel=\"canonical\" href=\"https:\/\/www.meydan.tv\/az\/article\/meyart-azerbaycani-avroviziyada-sanssiz-hesab-edirler\/\" \/>\n<meta property=\"og:locale\" content=\"az_AZ\" \/>\n<meta property=\"og:type\" content=\"article\" \/>\n<meta property=\"og:title\" content=\"MeyArt- Az\u0259rbaycan\u0131 Avroviziyada \u015fanss\u0131z hesab edirl\u0259r - MEYDAN.TV\" \/>\n<meta property=\"og:url\" content=\"https:\/\/www.meydan.tv\/az\/article\/meyart-azerbaycani-avroviziyada-sanssiz-hesab-edirler\/\" \/>\n<meta property=\"og:site_name\" content=\"MEYDAN.TV\" \/>\n<meta property=\"article:published_time\" content=\"2022-05-14T16:51:06+00:00\" \/>\n<meta property=\"article:modified_time\" content=\"2022-05-14T16:51:08+00:00\" \/>\n<meta property=\"og:image\" content=\"https:\/\/www.meydan.tv\/wp-content\/uploads\/screenshot-at-may-14-18-48-57.png\" \/>\n\t<meta property=\"og:image:width\" content=\"1232\" \/>\n\t<meta property=\"og:image:height\" content=\"684\" \/>\n\t<meta property=\"og:image:type\" content=\"image\/png\" \/>\n<meta name=\"author\" content=\"roma\" \/>\n<meta name=\"twitter:card\" content=\"summary_large_image\" \/>\n<script type=\"application\/ld+json\" class=\"yoast-schema-graph\">{\"@context\":\"https:\\\/\\\/schema.org\",\"@graph\":[{\"@type\":\"Article\",\"@id\":\"https:\\\/\\\/www.meydan.tv\\\/az\\\/article\\\/meyart-azerbaycani-avroviziyada-sanssiz-hesab-edirler\\\/#article\",\"isPartOf\":{\"@id\":\"https:\\\/\\\/www.meydan.tv\\\/az\\\/article\\\/meyart-azerbaycani-avroviziyada-sanssiz-hesab-edirler\\\/\"},\"author\":{\"name\":\"roma\",\"@id\":\"https:\\\/\\\/www.meydan.tv\\\/az\\\/#\\\/schema\\\/person\\\/8f23e01c4de63326c13c319fb65ee65d\"},\"headline\":\"MeyArt- Az\u0259rbaycan\u0131 Avroviziyada \u015fanss\u0131z hesab edirl\u0259r\",\"datePublished\":\"2022-05-14T16:51:06+00:00\",\"dateModified\":\"2022-05-14T16:51:08+00:00\",\"mainEntityOfPage\":{\"@id\":\"https:\\\/\\\/www.meydan.tv\\\/az\\\/article\\\/meyart-azerbaycani-avroviziyada-sanssiz-hesab-edirler\\\/\"},\"wordCount\":683,\"publisher\":{\"@id\":\"https:\\\/\\\/www.meydan.tv\\\/az\\\/#organization\"},\"image\":{\"@id\":\"https:\\\/\\\/www.meydan.tv\\\/az\\\/article\\\/meyart-azerbaycani-avroviziyada-sanssiz-hesab-edirler\\\/#primaryimage\"},\"thumbnailUrl\":\"https:\\\/\\\/www.meydan.tv\\\/wp-content\\\/uploads\\\/screenshot-at-may-14-18-48-57.png\",\"articleSection\":[\"Video\"],\"inLanguage\":\"az\"},{\"@type\":\"WebPage\",\"@id\":\"https:\\\/\\\/www.meydan.tv\\\/az\\\/article\\\/meyart-azerbaycani-avroviziyada-sanssiz-hesab-edirler\\\/\",\"url\":\"https:\\\/\\\/www.meydan.tv\\\/az\\\/article\\\/meyart-azerbaycani-avroviziyada-sanssiz-hesab-edirler\\\/\",\"name\":\"MeyArt- Az\u0259rbaycan\u0131 Avroviziyada \u015fanss\u0131z hesab edirl\u0259r - MEYDAN.TV\",\"isPartOf\":{\"@id\":\"https:\\\/\\\/www.meydan.tv\\\/az\\\/#website\"},\"primaryImageOfPage\":{\"@id\":\"https:\\\/\\\/www.meydan.tv\\\/az\\\/article\\\/meyart-azerbaycani-avroviziyada-sanssiz-hesab-edirler\\\/#primaryimage\"},\"image\":{\"@id\":\"https:\\\/\\\/www.meydan.tv\\\/az\\\/article\\\/meyart-azerbaycani-avroviziyada-sanssiz-hesab-edirler\\\/#primaryimage\"},\"thumbnailUrl\":\"https:\\\/\\\/www.meydan.tv\\\/wp-content\\\/uploads\\\/screenshot-at-may-14-18-48-57.png\",\"datePublished\":\"2022-05-14T16:51:06+00:00\",\"dateModified\":\"2022-05-14T16:51:08+00:00\",\"breadcrumb\":{\"@id\":\"https:\\\/\\\/www.meydan.tv\\\/az\\\/article\\\/meyart-azerbaycani-avroviziyada-sanssiz-hesab-edirler\\\/#breadcrumb\"},\"inLanguage\":\"az\",\"potentialAction\":[{\"@type\":\"ReadAction\",\"target\":[\"https:\\\/\\\/www.meydan.tv\\\/az\\\/article\\\/meyart-azerbaycani-avroviziyada-sanssiz-hesab-edirler\\\/\"]}]},{\"@type\":\"ImageObject\",\"inLanguage\":\"az\",\"@id\":\"https:\\\/\\\/www.meydan.tv\\\/az\\\/article\\\/meyart-azerbaycani-avroviziyada-sanssiz-hesab-edirler\\\/#primaryimage\",\"url\":\"https:\\\/\\\/www.meydan.tv\\\/wp-content\\\/uploads\\\/screenshot-at-may-14-18-48-57.png\",\"contentUrl\":\"https:\\\/\\\/www.meydan.tv\\\/wp-content\\\/uploads\\\/screenshot-at-may-14-18-48-57.png\",\"width\":1232,\"height\":684},{\"@type\":\"BreadcrumbList\",\"@id\":\"https:\\\/\\\/www.meydan.tv\\\/az\\\/article\\\/meyart-azerbaycani-avroviziyada-sanssiz-hesab-edirler\\\/#breadcrumb\",\"itemListElement\":[{\"@type\":\"ListItem\",\"position\":1,\"name\":\"Ana s\u0259hif\u0259\",\"item\":\"https:\\\/\\\/www.meydan.tv\\\/az\\\/\"},{\"@type\":\"ListItem\",\"position\":2,\"name\":\"Video\",\"item\":\"https:\\\/\\\/www.meydan.tv\\\/az\\\/section\\\/video-2\\\/\"},{\"@type\":\"ListItem\",\"position\":3,\"name\":\"MeyArt- Az\u0259rbaycan\u0131 Avroviziyada \u015fanss\u0131z hesab edirl\u0259r\"}]},{\"@type\":\"WebSite\",\"@id\":\"https:\\\/\\\/www.meydan.tv\\\/az\\\/#website\",\"url\":\"https:\\\/\\\/www.meydan.tv\\\/az\\\/\",\"name\":\"MEYDAN.TV\",\"description\":\"Meydan TV Az\u0259rbaycan\u0131n media m\u0259kan\u0131ndak\u0131 alternativ s\u0259sidir\",\"publisher\":{\"@id\":\"https:\\\/\\\/www.meydan.tv\\\/az\\\/#organization\"},\"potentialAction\":[{\"@type\":\"SearchAction\",\"target\":{\"@type\":\"EntryPoint\",\"urlTemplate\":\"https:\\\/\\\/www.meydan.tv\\\/az\\\/?s={search_term_string}\"},\"query-input\":{\"@type\":\"PropertyValueSpecification\",\"valueRequired\":true,\"valueName\":\"search_term_string\"}}],\"inLanguage\":\"az\"},{\"@type\":\"Organization\",\"@id\":\"https:\\\/\\\/www.meydan.tv\\\/az\\\/#organization\",\"name\":\"Meydan TV\",\"url\":\"https:\\\/\\\/www.meydan.tv\\\/az\\\/\",\"logo\":{\"@type\":\"ImageObject\",\"inLanguage\":\"az\",\"@id\":\"https:\\\/\\\/www.meydan.tv\\\/az\\\/#\\\/schema\\\/logo\\\/image\\\/\",\"url\":\"https:\\\/\\\/www.meydan.tv\\\/wp-content\\\/uploads\\\/2021\\\/07\\\/meydan-logo.svg\",\"contentUrl\":\"https:\\\/\\\/www.meydan.tv\\\/wp-content\\\/uploads\\\/2021\\\/07\\\/meydan-logo.svg\",\"width\":195,\"height\":46,\"caption\":\"Meydan TV\"},\"image\":{\"@id\":\"https:\\\/\\\/www.meydan.tv\\\/az\\\/#\\\/schema\\\/logo\\\/image\\\/\"}},{\"@type\":\"Person\",\"@id\":\"https:\\\/\\\/www.meydan.tv\\\/az\\\/#\\\/schema\\\/person\\\/8f23e01c4de63326c13c319fb65ee65d\",\"name\":\"roma\"}]}<\/script>\n<!-- \/ Yoast SEO plugin. -->","yoast_head_json":{"title":"MeyArt- Az\u0259rbaycan\u0131 Avroviziyada \u015fanss\u0131z hesab edirl\u0259r - MEYDAN.TV","robots":{"index":"index","follow":"follow","max-snippet":"max-snippet:-1","max-image-preview":"max-image-preview:large","max-video-preview":"max-video-preview:-1"},"canonical":"https:\/\/www.meydan.tv\/az\/article\/meyart-azerbaycani-avroviziyada-sanssiz-hesab-edirler\/","og_locale":"az_AZ","og_type":"article","og_title":"MeyArt- Az\u0259rbaycan\u0131 Avroviziyada \u015fanss\u0131z hesab edirl\u0259r - MEYDAN.TV","og_url":"https:\/\/www.meydan.tv\/az\/article\/meyart-azerbaycani-avroviziyada-sanssiz-hesab-edirler\/","og_site_name":"MEYDAN.TV","article_published_time":"2022-05-14T16:51:06+00:00","article_modified_time":"2022-05-14T16:51:08+00:00","og_image":[{"width":1232,"height":684,"url":"https:\/\/www.meydan.tv\/wp-content\/uploads\/screenshot-at-may-14-18-48-57.png","type":"image\/png"}],"author":"roma","twitter_card":"summary_large_image","schema":{"@context":"https:\/\/schema.org","@graph":[{"@type":"Article","@id":"https:\/\/www.meydan.tv\/az\/article\/meyart-azerbaycani-avroviziyada-sanssiz-hesab-edirler\/#article","isPartOf":{"@id":"https:\/\/www.meydan.tv\/az\/article\/meyart-azerbaycani-avroviziyada-sanssiz-hesab-edirler\/"},"author":{"name":"roma","@id":"https:\/\/www.meydan.tv\/az\/#\/schema\/person\/8f23e01c4de63326c13c319fb65ee65d"},"headline":"MeyArt- Az\u0259rbaycan\u0131 Avroviziyada \u015fanss\u0131z hesab edirl\u0259r","datePublished":"2022-05-14T16:51:06+00:00","dateModified":"2022-05-14T16:51:08+00:00","mainEntityOfPage":{"@id":"https:\/\/www.meydan.tv\/az\/article\/meyart-azerbaycani-avroviziyada-sanssiz-hesab-edirler\/"},"wordCount":683,"publisher":{"@id":"https:\/\/www.meydan.tv\/az\/#organization"},"image":{"@id":"https:\/\/www.meydan.tv\/az\/article\/meyart-azerbaycani-avroviziyada-sanssiz-hesab-edirler\/#primaryimage"},"thumbnailUrl":"https:\/\/www.meydan.tv\/wp-content\/uploads\/screenshot-at-may-14-18-48-57.png","articleSection":["Video"],"inLanguage":"az"},{"@type":"WebPage","@id":"https:\/\/www.meydan.tv\/az\/article\/meyart-azerbaycani-avroviziyada-sanssiz-hesab-edirler\/","url":"https:\/\/www.meydan.tv\/az\/article\/meyart-azerbaycani-avroviziyada-sanssiz-hesab-edirler\/","name":"MeyArt- Az\u0259rbaycan\u0131 Avroviziyada \u015fanss\u0131z hesab edirl\u0259r - MEYDAN.TV","isPartOf":{"@id":"https:\/\/www.meydan.tv\/az\/#website"},"primaryImageOfPage":{"@id":"https:\/\/www.meydan.tv\/az\/article\/meyart-azerbaycani-avroviziyada-sanssiz-hesab-edirler\/#primaryimage"},"image":{"@id":"https:\/\/www.meydan.tv\/az\/article\/meyart-azerbaycani-avroviziyada-sanssiz-hesab-edirler\/#primaryimage"},"thumbnailUrl":"https:\/\/www.meydan.tv\/wp-content\/uploads\/screenshot-at-may-14-18-48-57.png","datePublished":"2022-05-14T16:51:06+00:00","dateModified":"2022-05-14T16:51:08+00:00","breadcrumb":{"@id":"https:\/\/www.meydan.tv\/az\/article\/meyart-azerbaycani-avroviziyada-sanssiz-hesab-edirler\/#breadcrumb"},"inLanguage":"az","potentialAction":[{"@type":"ReadAction","target":["https:\/\/www.meydan.tv\/az\/article\/meyart-azerbaycani-avroviziyada-sanssiz-hesab-edirler\/"]}]},{"@type":"ImageObject","inLanguage":"az","@id":"https:\/\/www.meydan.tv\/az\/article\/meyart-azerbaycani-avroviziyada-sanssiz-hesab-edirler\/#primaryimage","url":"https:\/\/www.meydan.tv\/wp-content\/uploads\/screenshot-at-may-14-18-48-57.png","contentUrl":"https:\/\/www.meydan.tv\/wp-content\/uploads\/screenshot-at-may-14-18-48-57.png","width":1232,"height":684},{"@type":"BreadcrumbList","@id":"https:\/\/www.meydan.tv\/az\/article\/meyart-azerbaycani-avroviziyada-sanssiz-hesab-edirler\/#breadcrumb","itemListElement":[{"@type":"ListItem","position":1,"name":"Ana s\u0259hif\u0259","item":"https:\/\/www.meydan.tv\/az\/"},{"@type":"ListItem","position":2,"name":"Video","item":"https:\/\/www.meydan.tv\/az\/section\/video-2\/"},{"@type":"ListItem","position":3,"name":"MeyArt- Az\u0259rbaycan\u0131 Avroviziyada \u015fanss\u0131z hesab edirl\u0259r"}]},{"@type":"WebSite","@id":"https:\/\/www.meydan.tv\/az\/#website","url":"https:\/\/www.meydan.tv\/az\/","name":"MEYDAN.TV","description":"Meydan TV Az\u0259rbaycan\u0131n media m\u0259kan\u0131ndak\u0131 alternativ s\u0259sidir","publisher":{"@id":"https:\/\/www.meydan.tv\/az\/#organization"},"potentialAction":[{"@type":"SearchAction","target":{"@type":"EntryPoint","urlTemplate":"https:\/\/www.meydan.tv\/az\/?s={search_term_string}"},"query-input":{"@type":"PropertyValueSpecification","valueRequired":true,"valueName":"search_term_string"}}],"inLanguage":"az"},{"@type":"Organization","@id":"https:\/\/www.meydan.tv\/az\/#organization","name":"Meydan TV","url":"https:\/\/www.meydan.tv\/az\/","logo":{"@type":"ImageObject","inLanguage":"az","@id":"https:\/\/www.meydan.tv\/az\/#\/schema\/logo\/image\/","url":"https:\/\/www.meydan.tv\/wp-content\/uploads\/2021\/07\/meydan-logo.svg","contentUrl":"https:\/\/www.meydan.tv\/wp-content\/uploads\/2021\/07\/meydan-logo.svg","width":195,"height":46,"caption":"Meydan TV"},"image":{"@id":"https:\/\/www.meydan.tv\/az\/#\/schema\/logo\/image\/"}},{"@type":"Person","@id":"https:\/\/www.meydan.tv\/az\/#\/schema\/person\/8f23e01c4de63326c13c319fb65ee65d","name":"roma"}]}},"_links":{"self":[{"href":"https:\/\/www.meydan.tv\/az\/wp-json\/wp\/v2\/posts\/245221","targetHints":{"allow":["GET"]}}],"collection":[{"href":"https:\/\/www.meydan.tv\/az\/wp-json\/wp\/v2\/posts"}],"about":[{"href":"https:\/\/www.meydan.tv\/az\/wp-json\/wp\/v2\/types\/post"}],"author":[{"embeddable":true,"href":"https:\/\/www.meydan.tv\/az\/wp-json\/wp\/v2\/users\/14"}],"replies":[{"embeddable":true,"href":"https:\/\/www.meydan.tv\/az\/wp-json\/wp\/v2\/comments?post=245221"}],"version-history":[{"count":1,"href":"https:\/\/www.meydan.tv\/az\/wp-json\/wp\/v2\/posts\/245221\/revisions"}],"predecessor-version":[{"id":245225,"href":"https:\/\/www.meydan.tv\/az\/wp-json\/wp\/v2\/posts\/245221\/revisions\/245225"}],"wp:featuredmedia":[{"embeddable":true,"href":"https:\/\/www.meydan.tv\/az\/wp-json\/wp\/v2\/media\/245222"}],"wp:attachment":[{"href":"https:\/\/www.meydan.tv\/az\/wp-json\/wp\/v2\/media?parent=245221"}],"wp:term":[{"taxonomy":"category","embeddable":true,"href":"https:\/\/www.meydan.tv\/az\/wp-json\/wp\/v2\/categories?post=245221"},{"taxonomy":"post_tag","embeddable":true,"href":"https:\/\/www.meydan.tv\/az\/wp-json\/wp\/v2\/tags?post=245221"}],"curies":[{"name":"wp","href":"https:\/\/api.w.org\/{rel}","templated":true}]}}