{"id":245188,"date":"2022-05-14T15:40:59","date_gmt":"2022-05-14T11:40:59","guid":{"rendered":"https:\/\/www.meydan.tv\/?p=245188"},"modified":"2022-05-14T16:35:45","modified_gmt":"2022-05-14T12:35:45","slug":"aksiya-bas-tutdu-saxlanilanlar-var","status":"publish","type":"post","link":"https:\/\/www.meydan.tv\/az\/article\/aksiya-bas-tutdu-saxlanilanlar-var\/","title":{"rendered":"Aksiya ba\u015f tutdu, saxlan\u0131lanlar var (Yenil\u0259nib)"},"content":{"rendered":"\n<figure class=\"wp-block-embed is-type-video is-provider-youtube wp-block-embed-youtube wp-embed-aspect-16-9 wp-has-aspect-ratio\"><div class=\"wp-block-embed__wrapper\">\n<iframe title=\"&quot;Kriminal d\u00f6vl\u0259t ist\u0259mirik!&quot; - Bak\u0131da aksiya - CANLI YAYIM\" width=\"1200\" height=\"675\" data-src=\"https:\/\/www.youtube.com\/embed\/v5w2VgDymLU?feature=oembed\" frameborder=\"0\" allow=\"accelerometer; autoplay; clipboard-write; encrypted-media; gyroscope; picture-in-picture\" allowfullscreen src=\"data:image\/svg+xml;base64,PHN2ZyB3aWR0aD0iMSIgaGVpZ2h0PSIxIiB4bWxucz0iaHR0cDovL3d3dy53My5vcmcvMjAwMC9zdmciPjwvc3ZnPg==\" class=\"lazyload\" data-load-mode=\"1\"><\/iframe>\n<\/div><\/figure>\n\n\n\n<!--more-->\n\n\n\n<p>Aksiya zaman\u0131 saxlan\u0131lan 26 n\u0259f\u0259rin ham\u0131s\u0131n\u0131n s\u0259rb\u0259st burax\u0131ld\u0131\u011f\u0131 bildirilir. <\/p>\n\n\n\n<p>+++<\/p>\n\n\n\n<p><em>Aksiya\u00e7\u0131lar &#8220;Kriminal d\u00f6vl\u0259t ist\u0259mirik&#8221;, &#8220;\u00d6ld\u00fcrm\u0259 \u0259dal\u0259ti, dayand\u0131r cinay\u0259ti&#8221; \u015f\u00fcarlar\u0131 il\u0259 meydana \u00e7\u0131x\u0131blar<\/em><\/p>\n\n\n\n<p>14 may, saat 15.00-da Bak\u0131n\u0131n F\u0259vvar\u0259l\u0259r Meydan\u0131nda t\u0259yin edil\u0259n aksiya ba\u015f tutub.<\/p>\n\n\n\n<p>Aksiya q\u0259rar\u0131 jurnalist Ayt\u0259n M\u0259mm\u0259dova ya\u015fad\u0131\u011f\u0131 binan\u0131n liftind\u0259 soyuq silahl\u0131 t\u0259hdidl\u0259 \u00fczl\u0259\u015fdikd\u0259n sonra q\u0259rarla\u015fd\u0131r\u0131l\u0131b.<\/p>\n\n\n\n<p>Aksiyan\u0131n T\u0259\u015fkilat Komit\u0259sin\u0259 24 ictimai f\u0259al daxildir. T\u0259\u015fkilat\u00e7\u0131lar bildiribl\u0259r ki, bu aksiyaya son vaxtlar jurnalist Ayt\u0259n M\u0259mm\u0259dovaya silahl\u0131 t\u0259hdid, g\u0259nc f\u0259al B\u0259xtiyar Hac\u0131yevin o\u011furlanaraq d\u00f6y\u00fcl\u00fcb, t\u0259hqir edilm\u0259si v\u0259 ba\u015fqa bu kimi olaylara etiraz m\u0259qs\u0259di il\u0259 planla\u015fd\u0131r\u0131l\u0131b.<\/p>\n\n\n\n<p>Aksiya\u00e7\u0131lar &#8220;Kriminal d\u00f6vl\u0259t ist\u0259mirik&#8221;, &#8220;\u00d6ld\u00fcrm\u0259 \u0259dal\u0259ti, dayand\u0131r cinay\u0259ti&#8221; \u015f\u00fcarlar\u0131 il\u0259 meydana \u00e7\u0131x\u0131blar.<\/p>\n\n\n\n<figure class=\"wp-block-image size-large\"><img decoding=\"async\" width=\"1200\" height=\"675\" data-src=\"https:\/\/www.meydan.tv\/wp-content\/uploads\/screenshot-at-may-14-13-33-33-1200x675.png\" alt=\"\" class=\"wp-image-245207 lazyload\" src=\"data:image\/svg+xml;base64,PHN2ZyB3aWR0aD0iMSIgaGVpZ2h0PSIxIiB4bWxucz0iaHR0cDovL3d3dy53My5vcmcvMjAwMC9zdmciPjwvc3ZnPg==\" style=\"--smush-placeholder-width: 1200px; --smush-placeholder-aspect-ratio: 1200\/675;\" \/><\/figure>\n\n\n\n<p>Polis aksiya\u00e7\u0131lara m\u00fcdaxil\u0259 edib, saxlan\u0131lanlar var.<\/p>\n\n\n\n<p>Aksiya\u00e7\u0131lar aras\u0131nda siyas\u0131 f\u0259al Tofiq Yaqublu da var. Polis onunla dayanm\u0131\u015f bir ne\u00e7\u0259 n\u0259f\u0259ri \u0259hat\u0259y\u0259 al\u0131b. Tofiq Yaqublu aksiyan\u0131n dinc xarakter da\u015f\u0131d\u0131\u011f\u0131n\u0131, siyasi cinay\u0259tl\u0259r\u0259 etiraz \u00fc\u00e7\u00fcn topla\u015fd\u0131qlar\u0131n\u0131 deyib.<\/p>\n\n\n\n<p>Polis aksiya\u00e7\u0131lar\u0131 m\u00fchasir\u0259y\u0259 alaraq h\u0259r\u0259k\u0259tl\u0259rin\u0259 imkan vermir. Aksiya i\u015ftirak\u00e7\u0131s\u0131, h\u00fcquq m\u00fcdafi\u0259\u00e7isi R\u00fcf\u0259t S\u0259f\u0259rov Meydan TV-y\u0259 deyib ki, Daxili \u0130\u015fl\u0259r Nazirliyinin qar\u015f\u0131s\u0131na ged\u0259r\u0259k, orada t\u0259l\u0259bl\u0259rini s\u0259sl\u0259ndirm\u0259k v\u0259 dinc aksiyan\u0131 yekunla\u015fd\u0131rmaq ist\u0259yirl\u0259r. Ancaq polisl\u0259r buna imkan vermirl\u0259r.<\/p>\n\n\n\n<p>Daxili \u0130\u015fl\u0259r Nazirliyinin (D\u0130N) M\u0259tbuat Xidm\u0259tinin K\u00fctl\u0259vi informasiya vasit\u0259l\u0259ri (K\u0130V) v\u0259 ictimaiyy\u0259tl\u0259 \u0259laq\u0259l\u0259r \u015f\u00f6b\u0259sinin r\u0259isi El\u015fad Hac\u0131yev \u00f6nc\u0259d\u0259n bildirmi\u015fdi ki, qanunvericiliy\u0259 uy\u011fun olaraq, paytaxtda Bak\u0131 \u015e\u0259h\u0259r \u0130cra Hakimiyy\u0259ti il\u0259 raz\u0131la\u015fd\u0131r\u0131l\u0131b sanksiyala\u015fd\u0131r\u0131lmayan h\u0259r hans\u0131 qanunsuz aksiyan\u0131n, yaxud aksiyaya c\u0259hdl\u0259rin qar\u015f\u0131s\u0131 al\u0131nacaq.<\/p>\n","protected":false},"excerpt":{"rendered":"","protected":false},"author":8,"featured_media":245203,"comment_status":"closed","ping_status":"closed","sticky":false,"template":"","format":"standard","meta":{"_acf_changed":false,"_sitemap_exclude":false,"_sitemap_priority":"","_sitemap_frequency":"","footnotes":""},"categories":[59,79,63,56],"tags":[],"class_list":["post-245188","post","type-post","status-publish","format-standard","has-post-thumbnail","hentry","category-siyaset","category-featured","category-video-2","category-xeberler","infinite-scroll-item","generate-columns","tablet-grid-50","mobile-grid-100","grid-parent","grid-33","no-featured-image-padding"],"acf":[],"yoast_head":"<!-- This site is optimized with the Yoast SEO plugin v27.5 - https:\/\/yoast.com\/product\/yoast-seo-wordpress\/ -->\n<title>Aksiya ba\u015f tutdu, saxlan\u0131lanlar var (Yenil\u0259nib) - MEYDAN.TV<\/title>\n<meta name=\"robots\" content=\"index, follow, max-snippet:-1, max-image-preview:large, max-video-preview:-1\" \/>\n<link rel=\"canonical\" href=\"https:\/\/www.meydan.tv\/az\/article\/aksiya-bas-tutdu-saxlanilanlar-var\/\" \/>\n<meta property=\"og:locale\" content=\"az_AZ\" \/>\n<meta property=\"og:type\" content=\"article\" \/>\n<meta property=\"og:title\" content=\"Aksiya ba\u015f tutdu, saxlan\u0131lanlar var (Yenil\u0259nib) - MEYDAN.TV\" \/>\n<meta property=\"og:url\" content=\"https:\/\/www.meydan.tv\/az\/article\/aksiya-bas-tutdu-saxlanilanlar-var\/\" \/>\n<meta property=\"og:site_name\" content=\"MEYDAN.TV\" \/>\n<meta property=\"article:published_time\" content=\"2022-05-14T11:40:59+00:00\" \/>\n<meta property=\"article:modified_time\" content=\"2022-05-14T12:35:45+00:00\" \/>\n<meta property=\"og:image\" content=\"https:\/\/www.meydan.tv\/wp-content\/uploads\/screenshot-at-may-14-13-27-44-768x430.png\" \/>\n\t<meta property=\"og:image:width\" content=\"768\" \/>\n\t<meta property=\"og:image:height\" content=\"430\" \/>\n\t<meta property=\"og:image:type\" content=\"image\/png\" \/>\n<meta name=\"author\" content=\"elli\" \/>\n<meta name=\"twitter:card\" content=\"summary_large_image\" \/>\n<meta name=\"twitter:creator\" content=\"@elli\" \/>\n<script type=\"application\/ld+json\" class=\"yoast-schema-graph\">{\"@context\":\"https:\\\/\\\/schema.org\",\"@graph\":[{\"@type\":\"Article\",\"@id\":\"https:\\\/\\\/www.meydan.tv\\\/az\\\/article\\\/aksiya-bas-tutdu-saxlanilanlar-var\\\/#article\",\"isPartOf\":{\"@id\":\"https:\\\/\\\/www.meydan.tv\\\/az\\\/article\\\/aksiya-bas-tutdu-saxlanilanlar-var\\\/\"},\"author\":{\"name\":\"elli\",\"@id\":\"https:\\\/\\\/www.meydan.tv\\\/az\\\/#\\\/schema\\\/person\\\/9cdbecf90d17180ce1dfbd95b08dcf47\"},\"headline\":\"Aksiya ba\u015f tutdu, saxlan\u0131lanlar var (Yenil\u0259nib)\",\"datePublished\":\"2022-05-14T11:40:59+00:00\",\"dateModified\":\"2022-05-14T12:35:45+00:00\",\"mainEntityOfPage\":{\"@id\":\"https:\\\/\\\/www.meydan.tv\\\/az\\\/article\\\/aksiya-bas-tutdu-saxlanilanlar-var\\\/\"},\"wordCount\":379,\"publisher\":{\"@id\":\"https:\\\/\\\/www.meydan.tv\\\/az\\\/#organization\"},\"image\":{\"@id\":\"https:\\\/\\\/www.meydan.tv\\\/az\\\/article\\\/aksiya-bas-tutdu-saxlanilanlar-var\\\/#primaryimage\"},\"thumbnailUrl\":\"https:\\\/\\\/www.meydan.tv\\\/wp-content\\\/uploads\\\/screenshot-at-may-14-13-27-44.png\",\"articleSection\":[\"Siyas\u0259t\",\"T\u00f6vsiy\u0259\",\"Video\",\"X\u0259b\u0259rl\u0259r\"],\"inLanguage\":\"az\"},{\"@type\":\"WebPage\",\"@id\":\"https:\\\/\\\/www.meydan.tv\\\/az\\\/article\\\/aksiya-bas-tutdu-saxlanilanlar-var\\\/\",\"url\":\"https:\\\/\\\/www.meydan.tv\\\/az\\\/article\\\/aksiya-bas-tutdu-saxlanilanlar-var\\\/\",\"name\":\"Aksiya ba\u015f tutdu, saxlan\u0131lanlar var (Yenil\u0259nib) - MEYDAN.TV\",\"isPartOf\":{\"@id\":\"https:\\\/\\\/www.meydan.tv\\\/az\\\/#website\"},\"primaryImageOfPage\":{\"@id\":\"https:\\\/\\\/www.meydan.tv\\\/az\\\/article\\\/aksiya-bas-tutdu-saxlanilanlar-var\\\/#primaryimage\"},\"image\":{\"@id\":\"https:\\\/\\\/www.meydan.tv\\\/az\\\/article\\\/aksiya-bas-tutdu-saxlanilanlar-var\\\/#primaryimage\"},\"thumbnailUrl\":\"https:\\\/\\\/www.meydan.tv\\\/wp-content\\\/uploads\\\/screenshot-at-may-14-13-27-44.png\",\"datePublished\":\"2022-05-14T11:40:59+00:00\",\"dateModified\":\"2022-05-14T12:35:45+00:00\",\"breadcrumb\":{\"@id\":\"https:\\\/\\\/www.meydan.tv\\\/az\\\/article\\\/aksiya-bas-tutdu-saxlanilanlar-var\\\/#breadcrumb\"},\"inLanguage\":\"az\",\"potentialAction\":[{\"@type\":\"ReadAction\",\"target\":[\"https:\\\/\\\/www.meydan.tv\\\/az\\\/article\\\/aksiya-bas-tutdu-saxlanilanlar-var\\\/\"]}]},{\"@type\":\"ImageObject\",\"inLanguage\":\"az\",\"@id\":\"https:\\\/\\\/www.meydan.tv\\\/az\\\/article\\\/aksiya-bas-tutdu-saxlanilanlar-var\\\/#primaryimage\",\"url\":\"https:\\\/\\\/www.meydan.tv\\\/wp-content\\\/uploads\\\/screenshot-at-may-14-13-27-44.png\",\"contentUrl\":\"https:\\\/\\\/www.meydan.tv\\\/wp-content\\\/uploads\\\/screenshot-at-may-14-13-27-44.png\",\"width\":1200,\"height\":672},{\"@type\":\"BreadcrumbList\",\"@id\":\"https:\\\/\\\/www.meydan.tv\\\/az\\\/article\\\/aksiya-bas-tutdu-saxlanilanlar-var\\\/#breadcrumb\",\"itemListElement\":[{\"@type\":\"ListItem\",\"position\":1,\"name\":\"Ana s\u0259hif\u0259\",\"item\":\"https:\\\/\\\/www.meydan.tv\\\/az\\\/\"},{\"@type\":\"ListItem\",\"position\":2,\"name\":\"Siyas\u0259t\",\"item\":\"https:\\\/\\\/www.meydan.tv\\\/az\\\/section\\\/siyaset\\\/\"},{\"@type\":\"ListItem\",\"position\":3,\"name\":\"Aksiya ba\u015f tutdu, saxlan\u0131lanlar var (Yenil\u0259nib)\"}]},{\"@type\":\"WebSite\",\"@id\":\"https:\\\/\\\/www.meydan.tv\\\/az\\\/#website\",\"url\":\"https:\\\/\\\/www.meydan.tv\\\/az\\\/\",\"name\":\"MEYDAN.TV\",\"description\":\"Meydan TV Az\u0259rbaycan\u0131n media m\u0259kan\u0131ndak\u0131 alternativ s\u0259sidir\",\"publisher\":{\"@id\":\"https:\\\/\\\/www.meydan.tv\\\/az\\\/#organization\"},\"potentialAction\":[{\"@type\":\"SearchAction\",\"target\":{\"@type\":\"EntryPoint\",\"urlTemplate\":\"https:\\\/\\\/www.meydan.tv\\\/az\\\/?s={search_term_string}\"},\"query-input\":{\"@type\":\"PropertyValueSpecification\",\"valueRequired\":true,\"valueName\":\"search_term_string\"}}],\"inLanguage\":\"az\"},{\"@type\":\"Organization\",\"@id\":\"https:\\\/\\\/www.meydan.tv\\\/az\\\/#organization\",\"name\":\"Meydan TV\",\"url\":\"https:\\\/\\\/www.meydan.tv\\\/az\\\/\",\"logo\":{\"@type\":\"ImageObject\",\"inLanguage\":\"az\",\"@id\":\"https:\\\/\\\/www.meydan.tv\\\/az\\\/#\\\/schema\\\/logo\\\/image\\\/\",\"url\":\"https:\\\/\\\/www.meydan.tv\\\/wp-content\\\/uploads\\\/2021\\\/07\\\/meydan-logo.svg\",\"contentUrl\":\"https:\\\/\\\/www.meydan.tv\\\/wp-content\\\/uploads\\\/2021\\\/07\\\/meydan-logo.svg\",\"width\":195,\"height\":46,\"caption\":\"Meydan TV\"},\"image\":{\"@id\":\"https:\\\/\\\/www.meydan.tv\\\/az\\\/#\\\/schema\\\/logo\\\/image\\\/\"}},{\"@type\":\"Person\",\"@id\":\"https:\\\/\\\/www.meydan.tv\\\/az\\\/#\\\/schema\\\/person\\\/9cdbecf90d17180ce1dfbd95b08dcf47\",\"name\":\"elli\",\"sameAs\":[\"https:\\\/\\\/x.com\\\/elli\"]}]}<\/script>\n<!-- \/ Yoast SEO plugin. -->","yoast_head_json":{"title":"Aksiya ba\u015f tutdu, saxlan\u0131lanlar var (Yenil\u0259nib) - MEYDAN.TV","robots":{"index":"index","follow":"follow","max-snippet":"max-snippet:-1","max-image-preview":"max-image-preview:large","max-video-preview":"max-video-preview:-1"},"canonical":"https:\/\/www.meydan.tv\/az\/article\/aksiya-bas-tutdu-saxlanilanlar-var\/","og_locale":"az_AZ","og_type":"article","og_title":"Aksiya ba\u015f tutdu, saxlan\u0131lanlar var (Yenil\u0259nib) - MEYDAN.TV","og_url":"https:\/\/www.meydan.tv\/az\/article\/aksiya-bas-tutdu-saxlanilanlar-var\/","og_site_name":"MEYDAN.TV","article_published_time":"2022-05-14T11:40:59+00:00","article_modified_time":"2022-05-14T12:35:45+00:00","og_image":[{"width":768,"height":430,"url":"https:\/\/www.meydan.tv\/wp-content\/uploads\/screenshot-at-may-14-13-27-44-768x430.png","type":"image\/png"}],"author":"elli","twitter_card":"summary_large_image","twitter_creator":"@elli","schema":{"@context":"https:\/\/schema.org","@graph":[{"@type":"Article","@id":"https:\/\/www.meydan.tv\/az\/article\/aksiya-bas-tutdu-saxlanilanlar-var\/#article","isPartOf":{"@id":"https:\/\/www.meydan.tv\/az\/article\/aksiya-bas-tutdu-saxlanilanlar-var\/"},"author":{"name":"elli","@id":"https:\/\/www.meydan.tv\/az\/#\/schema\/person\/9cdbecf90d17180ce1dfbd95b08dcf47"},"headline":"Aksiya ba\u015f tutdu, saxlan\u0131lanlar var (Yenil\u0259nib)","datePublished":"2022-05-14T11:40:59+00:00","dateModified":"2022-05-14T12:35:45+00:00","mainEntityOfPage":{"@id":"https:\/\/www.meydan.tv\/az\/article\/aksiya-bas-tutdu-saxlanilanlar-var\/"},"wordCount":379,"publisher":{"@id":"https:\/\/www.meydan.tv\/az\/#organization"},"image":{"@id":"https:\/\/www.meydan.tv\/az\/article\/aksiya-bas-tutdu-saxlanilanlar-var\/#primaryimage"},"thumbnailUrl":"https:\/\/www.meydan.tv\/wp-content\/uploads\/screenshot-at-may-14-13-27-44.png","articleSection":["Siyas\u0259t","T\u00f6vsiy\u0259","Video","X\u0259b\u0259rl\u0259r"],"inLanguage":"az"},{"@type":"WebPage","@id":"https:\/\/www.meydan.tv\/az\/article\/aksiya-bas-tutdu-saxlanilanlar-var\/","url":"https:\/\/www.meydan.tv\/az\/article\/aksiya-bas-tutdu-saxlanilanlar-var\/","name":"Aksiya ba\u015f tutdu, saxlan\u0131lanlar var (Yenil\u0259nib) - MEYDAN.TV","isPartOf":{"@id":"https:\/\/www.meydan.tv\/az\/#website"},"primaryImageOfPage":{"@id":"https:\/\/www.meydan.tv\/az\/article\/aksiya-bas-tutdu-saxlanilanlar-var\/#primaryimage"},"image":{"@id":"https:\/\/www.meydan.tv\/az\/article\/aksiya-bas-tutdu-saxlanilanlar-var\/#primaryimage"},"thumbnailUrl":"https:\/\/www.meydan.tv\/wp-content\/uploads\/screenshot-at-may-14-13-27-44.png","datePublished":"2022-05-14T11:40:59+00:00","dateModified":"2022-05-14T12:35:45+00:00","breadcrumb":{"@id":"https:\/\/www.meydan.tv\/az\/article\/aksiya-bas-tutdu-saxlanilanlar-var\/#breadcrumb"},"inLanguage":"az","potentialAction":[{"@type":"ReadAction","target":["https:\/\/www.meydan.tv\/az\/article\/aksiya-bas-tutdu-saxlanilanlar-var\/"]}]},{"@type":"ImageObject","inLanguage":"az","@id":"https:\/\/www.meydan.tv\/az\/article\/aksiya-bas-tutdu-saxlanilanlar-var\/#primaryimage","url":"https:\/\/www.meydan.tv\/wp-content\/uploads\/screenshot-at-may-14-13-27-44.png","contentUrl":"https:\/\/www.meydan.tv\/wp-content\/uploads\/screenshot-at-may-14-13-27-44.png","width":1200,"height":672},{"@type":"BreadcrumbList","@id":"https:\/\/www.meydan.tv\/az\/article\/aksiya-bas-tutdu-saxlanilanlar-var\/#breadcrumb","itemListElement":[{"@type":"ListItem","position":1,"name":"Ana s\u0259hif\u0259","item":"https:\/\/www.meydan.tv\/az\/"},{"@type":"ListItem","position":2,"name":"Siyas\u0259t","item":"https:\/\/www.meydan.tv\/az\/section\/siyaset\/"},{"@type":"ListItem","position":3,"name":"Aksiya ba\u015f tutdu, saxlan\u0131lanlar var (Yenil\u0259nib)"}]},{"@type":"WebSite","@id":"https:\/\/www.meydan.tv\/az\/#website","url":"https:\/\/www.meydan.tv\/az\/","name":"MEYDAN.TV","description":"Meydan TV Az\u0259rbaycan\u0131n media m\u0259kan\u0131ndak\u0131 alternativ s\u0259sidir","publisher":{"@id":"https:\/\/www.meydan.tv\/az\/#organization"},"potentialAction":[{"@type":"SearchAction","target":{"@type":"EntryPoint","urlTemplate":"https:\/\/www.meydan.tv\/az\/?s={search_term_string}"},"query-input":{"@type":"PropertyValueSpecification","valueRequired":true,"valueName":"search_term_string"}}],"inLanguage":"az"},{"@type":"Organization","@id":"https:\/\/www.meydan.tv\/az\/#organization","name":"Meydan TV","url":"https:\/\/www.meydan.tv\/az\/","logo":{"@type":"ImageObject","inLanguage":"az","@id":"https:\/\/www.meydan.tv\/az\/#\/schema\/logo\/image\/","url":"https:\/\/www.meydan.tv\/wp-content\/uploads\/2021\/07\/meydan-logo.svg","contentUrl":"https:\/\/www.meydan.tv\/wp-content\/uploads\/2021\/07\/meydan-logo.svg","width":195,"height":46,"caption":"Meydan TV"},"image":{"@id":"https:\/\/www.meydan.tv\/az\/#\/schema\/logo\/image\/"}},{"@type":"Person","@id":"https:\/\/www.meydan.tv\/az\/#\/schema\/person\/9cdbecf90d17180ce1dfbd95b08dcf47","name":"elli","sameAs":["https:\/\/x.com\/elli"]}]}},"_links":{"self":[{"href":"https:\/\/www.meydan.tv\/az\/wp-json\/wp\/v2\/posts\/245188","targetHints":{"allow":["GET"]}}],"collection":[{"href":"https:\/\/www.meydan.tv\/az\/wp-json\/wp\/v2\/posts"}],"about":[{"href":"https:\/\/www.meydan.tv\/az\/wp-json\/wp\/v2\/types\/post"}],"author":[{"embeddable":true,"href":"https:\/\/www.meydan.tv\/az\/wp-json\/wp\/v2\/users\/8"}],"replies":[{"embeddable":true,"href":"https:\/\/www.meydan.tv\/az\/wp-json\/wp\/v2\/comments?post=245188"}],"version-history":[{"count":3,"href":"https:\/\/www.meydan.tv\/az\/wp-json\/wp\/v2\/posts\/245188\/revisions"}],"predecessor-version":[{"id":245215,"href":"https:\/\/www.meydan.tv\/az\/wp-json\/wp\/v2\/posts\/245188\/revisions\/245215"}],"wp:featuredmedia":[{"embeddable":true,"href":"https:\/\/www.meydan.tv\/az\/wp-json\/wp\/v2\/media\/245203"}],"wp:attachment":[{"href":"https:\/\/www.meydan.tv\/az\/wp-json\/wp\/v2\/media?parent=245188"}],"wp:term":[{"taxonomy":"category","embeddable":true,"href":"https:\/\/www.meydan.tv\/az\/wp-json\/wp\/v2\/categories?post=245188"},{"taxonomy":"post_tag","embeddable":true,"href":"https:\/\/www.meydan.tv\/az\/wp-json\/wp\/v2\/tags?post=245188"}],"curies":[{"name":"wp","href":"https:\/\/api.w.org\/{rel}","templated":true}]}}