{"id":245147,"date":"2022-05-13T16:55:33","date_gmt":"2022-05-13T12:55:33","guid":{"rendered":"https:\/\/www.meydan.tv\/?p=245147"},"modified":"2022-11-16T15:22:45","modified_gmt":"2022-11-16T11:22:45","slug":"afet-fermanqizi-axtarisa-verildi","status":"publish","type":"post","link":"https:\/\/www.meydan.tv\/az\/article\/afet-fermanqizi-axtarisa-verildi\/","title":{"rendered":"Af\u0259t F\u0259rmanq\u0131z\u0131 axtar\u0131\u015fa verildi"},"content":{"rendered":"\n<p><\/p>\n\n\n\n<p><em>\u201cTovuzdayam, m\u0259ni axtaranlar bura g\u0259lsin\u201d<\/em><\/p>\n\n\n\n<p>Bin\u0259q\u0259di Rayon M\u0259hk\u0259m\u0259sind\u0259 Xalq artisti Flora K\u0259rimovan\u0131n m\u00fc\u011f\u0259nni Af\u0259t H\u0259s\u0259nova (F\u0259rmanq\u0131z\u0131) bar\u0259sind\u0259 x\u00fcsusi ittiham qaydas\u0131nda verdiyi \u015fikay\u0259tl\u0259 ba\u011fl\u0131 n\u00f6vb\u0259ti iclas ke\u00e7irilib.<\/p>\n\n\n\n<p>Flora K\u0259rimovan\u0131n v\u0259kili Xav\u0259r \u0130smay\u0131lovan\u0131n qar\u015f\u0131 t\u0259r\u0259fin m\u0259hk\u0259m\u0259y\u0259 m\u0259cburi qaydada g\u0259tirilm\u0259sin\u0259 dair v\u0259sat\u0259t verdiyi <a href=\"https:\/\/apa.az\/az\/hadise\/afet-fermanqizi-mehkemeye-gelmediyine-gore-axtarisa-verilib-video-703120\" target=\"_blank\" rel=\"noreferrer noopener\">bildirilir<\/a>.<\/p>\n\n\n\n<p>V\u0259sat\u0259t t\u0259min olunub v\u0259 m\u00fc\u011f\u0259nni bar\u0259sind\u0259 h\u0259bs n\u0259z\u0259rd\u0259 tutulmadan axtar\u0131\u015f elan olunub.<\/p>\n\n\n\n<p>M\u00fc\u011f\u0259nni m\u0259hk\u0259m\u0259y\u0259 g\u0259tiril\u0259n\u0259 q\u0259d\u0259r i\u015f \u00fczr\u0259 icraat dayand\u0131r\u0131l\u0131b.<\/p>\n\n\n\n<p>Xalq artisti Flora K\u0259rimova bu ilin mart\u0131nda Af\u0259t F\u0259rmanq\u0131z\u0131n\u0131 haqq\u0131nda qeyri-etik ifad\u0259l\u0259r i\u015fl\u0259tdiyi \u00fc\u00e7\u00fcn m\u0259hk\u0259m\u0259y\u0259 verib.<\/p>\n\n\n\n<p>\u201cM\u0259n xalq artistiy\u0259m, s\u0259n\u0259tkaram. Af\u0259t F\u0259rmanq\u0131z\u0131 m\u0259nim \u015f\u0259r\u0259f v\u0259 l\u0259yaq\u0259timi t\u0259hqir edib. H\u0259m\u00e7inin, ail\u0259 \u00fczvl\u0259rim bar\u0259sind\u0259 etik olmayan ifad\u0259l\u0259r i\u015fl\u0259dib. \u00dcmid edir\u0259m ki, m\u0259hk\u0259m\u0259 m\u0259nim n\u00fcfuzumu v\u0259 t\u0259hqir olunma\u011f\u0131m\u0131 \u0259sasl\u0131 hesab ed\u0259c\u0259k, \u0259dal\u0259tli q\u0259rar ver\u0259c\u0259k\u201d, &#8211; Flora K\u0259rimova APA-ya a\u00e7\u0131qlamas\u0131nda <a href=\"https:\/\/apa.az\/az\/hadise\/flora-kerimova-afet-fermanqizini-seref-ve-leyaqetimi-tehqir-etdiyi-ucun-mehkemeye-vermisem-yenilenib-691528\" target=\"_blank\" rel=\"noreferrer noopener\">deyib<\/a>.<br><\/p>\n\n\n\n<figure class=\"wp-block-image size-full\"><img decoding=\"async\" width=\"1200\" height=\"800\" data-src=\"https:\/\/www.meydan.tv\/wp-content\/uploads\/627e1db241fb1627e1db241fb21652432306627e1db241faf627e1db241fb0.jpg\" alt=\"\" class=\"wp-image-245158 lazyload\" src=\"data:image\/svg+xml;base64,PHN2ZyB3aWR0aD0iMSIgaGVpZ2h0PSIxIiB4bWxucz0iaHR0cDovL3d3dy53My5vcmcvMjAwMC9zdmciPjwvc3ZnPg==\" style=\"--smush-placeholder-width: 1200px; --smush-placeholder-aspect-ratio: 1200\/800;\" \/><figcaption class=\"wp-element-caption\">Foto: APA<\/figcaption><\/figure>\n\n\n\n<p>Flora K\u0259rimova Af\u0259t F\u0259rmanq\u0131z\u0131n\u0131 Cinay\u0259t M\u0259c\u0259ll\u0259sinin 147.2-ci madd\u0259si (a\u011f\u0131r v\u0259 ya x\u00fcsusil\u0259 a\u011f\u0131r cinay\u0259td\u0259 ittiham etm\u0259kl\u0259 b\u00f6htan atma) il\u0259 ittiham edib.<\/p>\n\n\n\n<p>\u0130ttiham s\u00fcbuta yetiril\u0259rs\u0259, Af\u0259t F\u0259rmanq\u0131z\u0131n\u0131 3 il\u0259d\u0259k h\u0259bs c\u0259zas\u0131 g\u00f6zl\u0259yir.<\/p>\n\n\n\n<p>Af\u0259t F\u0259rmanq\u0131z\u0131 \u201c\u0130nstagram\u201d s\u0259hif\u0259sind\u0259 m\u0259hk\u0259m\u0259y\u0259 m\u0259cburi g\u0259tirilm\u0259sin\u0259 m\u00fcnasib\u0259t <a href=\"http:\/\/Af\u0259t F\u0259rmanq\u0131z\u0131 \u201c\u0130nstagram\u201d s\u0259hif\u0259sind\u0259 m\u0259hk\u0259m\u0259y\u0259 m\u0259cburi g\u0259tirilm\u0259sin\u0259 m\u00fcnasib\u0259t bildirib. https:\/\/www.instagram.com\/p\/CdfnK6OsEze\/\" target=\"_blank\" rel=\"noreferrer noopener\">bildirib<\/a>.<\/p>\n\n\n\n<p>O, fotosunu payla\u015faraq, \u201cHaz\u0131rda Tovuzdayam, m\u0259ni axtaranlar bura g\u0259lsin\u201d, &#8211; qeydini yaz\u0131b.<\/p>\n\n\n\n<p>Qalmaqal Af\u0259t F\u0259rmanq\u0131z\u0131n\u0131n 2019-cu ild\u0259 \u0130mad\u0259ddin N\u0259siminin \u201cM\u0259nd\u0259 s\u0131\u011far iki cahan, m\u0259n bu cahana s\u0131\u011fmazam\u201d q\u0259z\u0259lini mahn\u0131 kimi oxumas\u0131ndan sonra ba\u015flay\u0131b.<\/p>\n\n\n\n<p>Flora K\u0259rimova m\u00fc\u011f\u0259nnini ifas\u0131na g\u00f6r\u0259 t\u0259nqid edib.<\/p>\n\n\n\n<p>Af\u0259t F\u0259rmanq\u0131z\u0131 da \u201c\u0130nstagram\u201d s\u0259hif\u0259sind\u0259 Flora K\u0259rimova il\u0259 ba\u011fl\u0131 s\u0259rt fikirl\u0259r s\u00f6yl\u0259yib.<\/p>\n\n\n\n<p>Bu da t\u0259r\u0259fl\u0259r aras\u0131nda qalmqal\u0131n yaranmas\u0131na s\u0259b\u0259b olub.<\/p>\n","protected":false},"excerpt":{"rendered":"<p>\u201cTovuzdayam, m\u0259ni axtaranlar bura g\u0259lsin\u201d Bin\u0259q\u0259di Rayon M\u0259hk\u0259m\u0259sind\u0259 Xalq artisti &#8230; <\/p>\n<p class=\"read-more-container\"><a title=\"Af\u0259t F\u0259rmanq\u0131z\u0131 axtar\u0131\u015fa verildi\" class=\"read-more button\" href=\"https:\/\/www.meydan.tv\/az\/article\/afet-fermanqizi-axtarisa-verildi\/#more-245147\" aria-label=\"Read more about Af\u0259t F\u0259rmanq\u0131z\u0131 axtar\u0131\u015fa verildi\">Davam\u0131<\/a><\/p>\n","protected":false},"author":8,"featured_media":245152,"comment_status":"closed","ping_status":"closed","sticky":false,"template":"","format":"standard","meta":{"_acf_changed":false,"_sitemap_exclude":false,"_sitemap_priority":"","_sitemap_frequency":"","footnotes":""},"categories":[52,56],"tags":[],"class_list":["post-245147","post","type-post","status-publish","format-standard","has-post-thumbnail","hentry","category-medeniyyet","category-xeberler","infinite-scroll-item","generate-columns","tablet-grid-50","mobile-grid-100","grid-parent","grid-33","no-featured-image-padding"],"acf":[],"yoast_head":"<!-- This site is optimized with the Yoast SEO plugin v27.5 - https:\/\/yoast.com\/product\/yoast-seo-wordpress\/ -->\n<title>Af\u0259t F\u0259rmanq\u0131z\u0131 axtar\u0131\u015fa verildi - MEYDAN.TV<\/title>\n<meta name=\"robots\" content=\"index, follow, max-snippet:-1, max-image-preview:large, max-video-preview:-1\" \/>\n<link rel=\"canonical\" href=\"https:\/\/www.meydan.tv\/az\/article\/afet-fermanqizi-axtarisa-verildi\/\" \/>\n<meta property=\"og:locale\" content=\"az_AZ\" \/>\n<meta property=\"og:type\" content=\"article\" \/>\n<meta property=\"og:title\" content=\"Af\u0259t F\u0259rmanq\u0131z\u0131 axtar\u0131\u015fa verildi - MEYDAN.TV\" \/>\n<meta property=\"og:description\" content=\"\u201cTovuzdayam, m\u0259ni axtaranlar bura g\u0259lsin\u201d Bin\u0259q\u0259di Rayon M\u0259hk\u0259m\u0259sind\u0259 Xalq artisti ... Davam\u0131\" \/>\n<meta property=\"og:url\" content=\"https:\/\/www.meydan.tv\/az\/article\/afet-fermanqizi-axtarisa-verildi\/\" \/>\n<meta property=\"og:site_name\" content=\"MEYDAN.TV\" \/>\n<meta property=\"article:published_time\" content=\"2022-05-13T12:55:33+00:00\" \/>\n<meta property=\"article:modified_time\" content=\"2022-11-16T11:22:45+00:00\" \/>\n<meta property=\"og:image\" content=\"https:\/\/www.meydan.tv\/wp-content\/uploads\/afet-e1652446325382.png\" \/>\n\t<meta property=\"og:image:width\" content=\"1200\" \/>\n\t<meta property=\"og:image:height\" content=\"675\" \/>\n\t<meta property=\"og:image:type\" content=\"image\/png\" \/>\n<meta name=\"author\" content=\"elli\" \/>\n<meta name=\"twitter:card\" content=\"summary_large_image\" \/>\n<meta name=\"twitter:creator\" content=\"@elli\" \/>\n<script type=\"application\/ld+json\" class=\"yoast-schema-graph\">{\"@context\":\"https:\\\/\\\/schema.org\",\"@graph\":[{\"@type\":\"Article\",\"@id\":\"https:\\\/\\\/www.meydan.tv\\\/az\\\/article\\\/afet-fermanqizi-axtarisa-verildi\\\/#article\",\"isPartOf\":{\"@id\":\"https:\\\/\\\/www.meydan.tv\\\/az\\\/article\\\/afet-fermanqizi-axtarisa-verildi\\\/\"},\"author\":{\"name\":\"elli\",\"@id\":\"https:\\\/\\\/www.meydan.tv\\\/az\\\/#\\\/schema\\\/person\\\/9cdbecf90d17180ce1dfbd95b08dcf47\"},\"headline\":\"Af\u0259t F\u0259rmanq\u0131z\u0131 axtar\u0131\u015fa verildi\",\"datePublished\":\"2022-05-13T12:55:33+00:00\",\"dateModified\":\"2022-11-16T11:22:45+00:00\",\"mainEntityOfPage\":{\"@id\":\"https:\\\/\\\/www.meydan.tv\\\/az\\\/article\\\/afet-fermanqizi-axtarisa-verildi\\\/\"},\"wordCount\":421,\"publisher\":{\"@id\":\"https:\\\/\\\/www.meydan.tv\\\/az\\\/#organization\"},\"image\":{\"@id\":\"https:\\\/\\\/www.meydan.tv\\\/az\\\/article\\\/afet-fermanqizi-axtarisa-verildi\\\/#primaryimage\"},\"thumbnailUrl\":\"https:\\\/\\\/www.meydan.tv\\\/wp-content\\\/uploads\\\/afet-e1652446325382.png\",\"articleSection\":[\"M\u0259d\u0259niyy\u0259t\",\"X\u0259b\u0259rl\u0259r\"],\"inLanguage\":\"az\"},{\"@type\":\"WebPage\",\"@id\":\"https:\\\/\\\/www.meydan.tv\\\/az\\\/article\\\/afet-fermanqizi-axtarisa-verildi\\\/\",\"url\":\"https:\\\/\\\/www.meydan.tv\\\/az\\\/article\\\/afet-fermanqizi-axtarisa-verildi\\\/\",\"name\":\"Af\u0259t F\u0259rmanq\u0131z\u0131 axtar\u0131\u015fa verildi - MEYDAN.TV\",\"isPartOf\":{\"@id\":\"https:\\\/\\\/www.meydan.tv\\\/az\\\/#website\"},\"primaryImageOfPage\":{\"@id\":\"https:\\\/\\\/www.meydan.tv\\\/az\\\/article\\\/afet-fermanqizi-axtarisa-verildi\\\/#primaryimage\"},\"image\":{\"@id\":\"https:\\\/\\\/www.meydan.tv\\\/az\\\/article\\\/afet-fermanqizi-axtarisa-verildi\\\/#primaryimage\"},\"thumbnailUrl\":\"https:\\\/\\\/www.meydan.tv\\\/wp-content\\\/uploads\\\/afet-e1652446325382.png\",\"datePublished\":\"2022-05-13T12:55:33+00:00\",\"dateModified\":\"2022-11-16T11:22:45+00:00\",\"breadcrumb\":{\"@id\":\"https:\\\/\\\/www.meydan.tv\\\/az\\\/article\\\/afet-fermanqizi-axtarisa-verildi\\\/#breadcrumb\"},\"inLanguage\":\"az\",\"potentialAction\":[{\"@type\":\"ReadAction\",\"target\":[\"https:\\\/\\\/www.meydan.tv\\\/az\\\/article\\\/afet-fermanqizi-axtarisa-verildi\\\/\"]}]},{\"@type\":\"ImageObject\",\"inLanguage\":\"az\",\"@id\":\"https:\\\/\\\/www.meydan.tv\\\/az\\\/article\\\/afet-fermanqizi-axtarisa-verildi\\\/#primaryimage\",\"url\":\"https:\\\/\\\/www.meydan.tv\\\/wp-content\\\/uploads\\\/afet-e1652446325382.png\",\"contentUrl\":\"https:\\\/\\\/www.meydan.tv\\\/wp-content\\\/uploads\\\/afet-e1652446325382.png\",\"width\":1200,\"height\":675,\"caption\":\"Foto: Af\u0259t F\u0259rmanq\u0131z\u0131n\u0131n \u015f\u0259xsi arxivind\u0259n\"},{\"@type\":\"BreadcrumbList\",\"@id\":\"https:\\\/\\\/www.meydan.tv\\\/az\\\/article\\\/afet-fermanqizi-axtarisa-verildi\\\/#breadcrumb\",\"itemListElement\":[{\"@type\":\"ListItem\",\"position\":1,\"name\":\"Ana s\u0259hif\u0259\",\"item\":\"https:\\\/\\\/www.meydan.tv\\\/az\\\/\"},{\"@type\":\"ListItem\",\"position\":2,\"name\":\"M\u0259d\u0259niyy\u0259t\",\"item\":\"https:\\\/\\\/www.meydan.tv\\\/az\\\/section\\\/medeniyyet\\\/\"},{\"@type\":\"ListItem\",\"position\":3,\"name\":\"Af\u0259t F\u0259rmanq\u0131z\u0131 axtar\u0131\u015fa verildi\"}]},{\"@type\":\"WebSite\",\"@id\":\"https:\\\/\\\/www.meydan.tv\\\/az\\\/#website\",\"url\":\"https:\\\/\\\/www.meydan.tv\\\/az\\\/\",\"name\":\"MEYDAN.TV\",\"description\":\"Meydan TV Az\u0259rbaycan\u0131n media m\u0259kan\u0131ndak\u0131 alternativ s\u0259sidir\",\"publisher\":{\"@id\":\"https:\\\/\\\/www.meydan.tv\\\/az\\\/#organization\"},\"potentialAction\":[{\"@type\":\"SearchAction\",\"target\":{\"@type\":\"EntryPoint\",\"urlTemplate\":\"https:\\\/\\\/www.meydan.tv\\\/az\\\/?s={search_term_string}\"},\"query-input\":{\"@type\":\"PropertyValueSpecification\",\"valueRequired\":true,\"valueName\":\"search_term_string\"}}],\"inLanguage\":\"az\"},{\"@type\":\"Organization\",\"@id\":\"https:\\\/\\\/www.meydan.tv\\\/az\\\/#organization\",\"name\":\"Meydan TV\",\"url\":\"https:\\\/\\\/www.meydan.tv\\\/az\\\/\",\"logo\":{\"@type\":\"ImageObject\",\"inLanguage\":\"az\",\"@id\":\"https:\\\/\\\/www.meydan.tv\\\/az\\\/#\\\/schema\\\/logo\\\/image\\\/\",\"url\":\"https:\\\/\\\/www.meydan.tv\\\/wp-content\\\/uploads\\\/2021\\\/07\\\/meydan-logo.svg\",\"contentUrl\":\"https:\\\/\\\/www.meydan.tv\\\/wp-content\\\/uploads\\\/2021\\\/07\\\/meydan-logo.svg\",\"width\":195,\"height\":46,\"caption\":\"Meydan TV\"},\"image\":{\"@id\":\"https:\\\/\\\/www.meydan.tv\\\/az\\\/#\\\/schema\\\/logo\\\/image\\\/\"}},{\"@type\":\"Person\",\"@id\":\"https:\\\/\\\/www.meydan.tv\\\/az\\\/#\\\/schema\\\/person\\\/9cdbecf90d17180ce1dfbd95b08dcf47\",\"name\":\"elli\",\"sameAs\":[\"https:\\\/\\\/x.com\\\/elli\"]}]}<\/script>\n<!-- \/ Yoast SEO plugin. -->","yoast_head_json":{"title":"Af\u0259t F\u0259rmanq\u0131z\u0131 axtar\u0131\u015fa verildi - MEYDAN.TV","robots":{"index":"index","follow":"follow","max-snippet":"max-snippet:-1","max-image-preview":"max-image-preview:large","max-video-preview":"max-video-preview:-1"},"canonical":"https:\/\/www.meydan.tv\/az\/article\/afet-fermanqizi-axtarisa-verildi\/","og_locale":"az_AZ","og_type":"article","og_title":"Af\u0259t F\u0259rmanq\u0131z\u0131 axtar\u0131\u015fa verildi - MEYDAN.TV","og_description":"\u201cTovuzdayam, m\u0259ni axtaranlar bura g\u0259lsin\u201d Bin\u0259q\u0259di Rayon M\u0259hk\u0259m\u0259sind\u0259 Xalq artisti ... Davam\u0131","og_url":"https:\/\/www.meydan.tv\/az\/article\/afet-fermanqizi-axtarisa-verildi\/","og_site_name":"MEYDAN.TV","article_published_time":"2022-05-13T12:55:33+00:00","article_modified_time":"2022-11-16T11:22:45+00:00","og_image":[{"width":1200,"height":675,"url":"https:\/\/www.meydan.tv\/wp-content\/uploads\/afet-e1652446325382.png","type":"image\/png"}],"author":"elli","twitter_card":"summary_large_image","twitter_creator":"@elli","schema":{"@context":"https:\/\/schema.org","@graph":[{"@type":"Article","@id":"https:\/\/www.meydan.tv\/az\/article\/afet-fermanqizi-axtarisa-verildi\/#article","isPartOf":{"@id":"https:\/\/www.meydan.tv\/az\/article\/afet-fermanqizi-axtarisa-verildi\/"},"author":{"name":"elli","@id":"https:\/\/www.meydan.tv\/az\/#\/schema\/person\/9cdbecf90d17180ce1dfbd95b08dcf47"},"headline":"Af\u0259t F\u0259rmanq\u0131z\u0131 axtar\u0131\u015fa verildi","datePublished":"2022-05-13T12:55:33+00:00","dateModified":"2022-11-16T11:22:45+00:00","mainEntityOfPage":{"@id":"https:\/\/www.meydan.tv\/az\/article\/afet-fermanqizi-axtarisa-verildi\/"},"wordCount":421,"publisher":{"@id":"https:\/\/www.meydan.tv\/az\/#organization"},"image":{"@id":"https:\/\/www.meydan.tv\/az\/article\/afet-fermanqizi-axtarisa-verildi\/#primaryimage"},"thumbnailUrl":"https:\/\/www.meydan.tv\/wp-content\/uploads\/afet-e1652446325382.png","articleSection":["M\u0259d\u0259niyy\u0259t","X\u0259b\u0259rl\u0259r"],"inLanguage":"az"},{"@type":"WebPage","@id":"https:\/\/www.meydan.tv\/az\/article\/afet-fermanqizi-axtarisa-verildi\/","url":"https:\/\/www.meydan.tv\/az\/article\/afet-fermanqizi-axtarisa-verildi\/","name":"Af\u0259t F\u0259rmanq\u0131z\u0131 axtar\u0131\u015fa verildi - MEYDAN.TV","isPartOf":{"@id":"https:\/\/www.meydan.tv\/az\/#website"},"primaryImageOfPage":{"@id":"https:\/\/www.meydan.tv\/az\/article\/afet-fermanqizi-axtarisa-verildi\/#primaryimage"},"image":{"@id":"https:\/\/www.meydan.tv\/az\/article\/afet-fermanqizi-axtarisa-verildi\/#primaryimage"},"thumbnailUrl":"https:\/\/www.meydan.tv\/wp-content\/uploads\/afet-e1652446325382.png","datePublished":"2022-05-13T12:55:33+00:00","dateModified":"2022-11-16T11:22:45+00:00","breadcrumb":{"@id":"https:\/\/www.meydan.tv\/az\/article\/afet-fermanqizi-axtarisa-verildi\/#breadcrumb"},"inLanguage":"az","potentialAction":[{"@type":"ReadAction","target":["https:\/\/www.meydan.tv\/az\/article\/afet-fermanqizi-axtarisa-verildi\/"]}]},{"@type":"ImageObject","inLanguage":"az","@id":"https:\/\/www.meydan.tv\/az\/article\/afet-fermanqizi-axtarisa-verildi\/#primaryimage","url":"https:\/\/www.meydan.tv\/wp-content\/uploads\/afet-e1652446325382.png","contentUrl":"https:\/\/www.meydan.tv\/wp-content\/uploads\/afet-e1652446325382.png","width":1200,"height":675,"caption":"Foto: Af\u0259t F\u0259rmanq\u0131z\u0131n\u0131n \u015f\u0259xsi arxivind\u0259n"},{"@type":"BreadcrumbList","@id":"https:\/\/www.meydan.tv\/az\/article\/afet-fermanqizi-axtarisa-verildi\/#breadcrumb","itemListElement":[{"@type":"ListItem","position":1,"name":"Ana s\u0259hif\u0259","item":"https:\/\/www.meydan.tv\/az\/"},{"@type":"ListItem","position":2,"name":"M\u0259d\u0259niyy\u0259t","item":"https:\/\/www.meydan.tv\/az\/section\/medeniyyet\/"},{"@type":"ListItem","position":3,"name":"Af\u0259t F\u0259rmanq\u0131z\u0131 axtar\u0131\u015fa verildi"}]},{"@type":"WebSite","@id":"https:\/\/www.meydan.tv\/az\/#website","url":"https:\/\/www.meydan.tv\/az\/","name":"MEYDAN.TV","description":"Meydan TV Az\u0259rbaycan\u0131n media m\u0259kan\u0131ndak\u0131 alternativ s\u0259sidir","publisher":{"@id":"https:\/\/www.meydan.tv\/az\/#organization"},"potentialAction":[{"@type":"SearchAction","target":{"@type":"EntryPoint","urlTemplate":"https:\/\/www.meydan.tv\/az\/?s={search_term_string}"},"query-input":{"@type":"PropertyValueSpecification","valueRequired":true,"valueName":"search_term_string"}}],"inLanguage":"az"},{"@type":"Organization","@id":"https:\/\/www.meydan.tv\/az\/#organization","name":"Meydan TV","url":"https:\/\/www.meydan.tv\/az\/","logo":{"@type":"ImageObject","inLanguage":"az","@id":"https:\/\/www.meydan.tv\/az\/#\/schema\/logo\/image\/","url":"https:\/\/www.meydan.tv\/wp-content\/uploads\/2021\/07\/meydan-logo.svg","contentUrl":"https:\/\/www.meydan.tv\/wp-content\/uploads\/2021\/07\/meydan-logo.svg","width":195,"height":46,"caption":"Meydan TV"},"image":{"@id":"https:\/\/www.meydan.tv\/az\/#\/schema\/logo\/image\/"}},{"@type":"Person","@id":"https:\/\/www.meydan.tv\/az\/#\/schema\/person\/9cdbecf90d17180ce1dfbd95b08dcf47","name":"elli","sameAs":["https:\/\/x.com\/elli"]}]}},"_links":{"self":[{"href":"https:\/\/www.meydan.tv\/az\/wp-json\/wp\/v2\/posts\/245147","targetHints":{"allow":["GET"]}}],"collection":[{"href":"https:\/\/www.meydan.tv\/az\/wp-json\/wp\/v2\/posts"}],"about":[{"href":"https:\/\/www.meydan.tv\/az\/wp-json\/wp\/v2\/types\/post"}],"author":[{"embeddable":true,"href":"https:\/\/www.meydan.tv\/az\/wp-json\/wp\/v2\/users\/8"}],"replies":[{"embeddable":true,"href":"https:\/\/www.meydan.tv\/az\/wp-json\/wp\/v2\/comments?post=245147"}],"version-history":[{"count":5,"href":"https:\/\/www.meydan.tv\/az\/wp-json\/wp\/v2\/posts\/245147\/revisions"}],"predecessor-version":[{"id":260987,"href":"https:\/\/www.meydan.tv\/az\/wp-json\/wp\/v2\/posts\/245147\/revisions\/260987"}],"wp:featuredmedia":[{"embeddable":true,"href":"https:\/\/www.meydan.tv\/az\/wp-json\/wp\/v2\/media\/245152"}],"wp:attachment":[{"href":"https:\/\/www.meydan.tv\/az\/wp-json\/wp\/v2\/media?parent=245147"}],"wp:term":[{"taxonomy":"category","embeddable":true,"href":"https:\/\/www.meydan.tv\/az\/wp-json\/wp\/v2\/categories?post=245147"},{"taxonomy":"post_tag","embeddable":true,"href":"https:\/\/www.meydan.tv\/az\/wp-json\/wp\/v2\/tags?post=245147"}],"curies":[{"name":"wp","href":"https:\/\/api.w.org\/{rel}","templated":true}]}}