{"id":245063,"date":"2022-05-13T15:20:30","date_gmt":"2022-05-13T11:20:30","guid":{"rendered":"https:\/\/www.meydan.tv\/?p=245063"},"modified":"2022-05-13T15:20:32","modified_gmt":"2022-05-13T11:20:32","slug":"kitablarin-uzerinden-edv-goturuldu","status":"publish","type":"post","link":"https:\/\/www.meydan.tv\/az\/article\/kitablarin-uzerinden-edv-goturuldu\/","title":{"rendered":"Kitablar\u0131n \u00fcz\u0259rind\u0259n \u018fDV g\u00f6t\u00fcr\u00fcld\u00fc"},"content":{"rendered":"\n<p><\/p>\n\n\n\n<p><em>Nazirl\u0259r Kabineti qanunu 5 ay sonra t\u0259sdiql\u0259yib<\/em><\/p>\n\n\n\n<p>Az\u0259rbaycanda kitablara qoyulan 18 faiz \u018flav\u0259 D\u0259y\u0259r Vergisinin (\u018fDV) l\u0259\u011fvinin t\u0259tbiqin\u0259 ba\u015flan\u0131ld\u0131\u011f\u0131 bildirilir.<\/p>\n\n\n\n<p>Bu haqda \u201cQanun\u201d N\u0259\u015frl\u0259r Evinin r\u0259hb\u0259ri \u015eahbaz Xuduo\u011flu m\u0259lumat verib.<\/p>\n\n\n\n<p>O, bu m\u00fcnasib\u0259tl\u0259 b\u00fct\u00fcn oxucular\u0131 t\u0259brik <a href=\"https:\/\/www.facebook.com\/shahbaz.xuduoglu\/posts\/10223828421571990\" target=\"_blank\" rel=\"noreferrer noopener\">edib<\/a>.<\/p>\n\n\n\n<p>2021-ci il dekabr\u0131n 3-d\u0259 Vergi M\u0259c\u0259ll\u0259sin\u0259 edil\u0259n d\u0259yi\u015fikliy\u0259 \u0259sas\u0259n, Az\u0259rbaycanda ka\u011f\u0131z v\u0259 kitab 18 faiz \u018fDV-d\u0259n azad olunub.<\/p>\n\n\n\n<p>Q\u0259rar 2022-ci il yanvar\u0131n 1-d\u0259n q\u00fcvv\u0259y\u0259 minib. Lakin qanundan ir\u0259li g\u0259l\u0259n t\u0259l\u0259bl\u0259r yerin\u0259 yetirilm\u0259yib. Bel\u0259 ki, \u00f6t\u0259n be\u015f ay \u0259rzind\u0259 \u201cQanun\u201d, \u201cAli v\u0259 Nino\u201d, \u201cL\u0130BRAFF\u201d ma\u011fazalar \u015f\u0259b\u0259k\u0259l\u0259ri \u0259lav\u0259 d\u0259y\u0259r vergisi \u00f6d\u0259yib.<\/p>\n\n\n\n<p>Heyd\u0259r \u018fliyev Fondunun t\u0259\u015f\u0259bb\u00fcs\u00fc il\u0259 yarad\u0131lan Bak\u0131 Kitab M\u0259rk\u0259zind\u0259n is\u0259 bildirilmi\u015fdi ki, qanun q\u00fcvv\u0259y\u0259 min\u0259n tarixd\u0259n \u2013 1 yanvar onlar \u0259lav\u0259 d\u0259y\u0259r vergisind\u0259n azad edilib.<\/p>\n\n\n\n<p>M\u0259s\u0259l\u0259 il\u0259 ba\u011fl\u0131 kitab satanlar bir araya topla\u015faraq, kitab \u00fcz\u0259rind\u0259 h\u0259l\u0259 d\u0259 qanunsuz olaraq \u018fDV-nin saxlan\u0131lmas\u0131na etirazlar\u0131n\u0131 <a href=\"https:\/\/d9mc3ts4czbpr.cloudfront.net\/az\/article\/kitab-satanlar-edv-vergisine-etiraz-edir\/\" target=\"_blank\" rel=\"noreferrer noopener\">bildiribl\u0259r<\/a>. H\u0259tta \u201cQanun\u201d N\u0259\u015frl\u0259r Evinin r\u0259hb\u0259ri \u015eahbaz Xuduo\u011flu Ba\u015f nazir \u018fli \u018fsadova a\u00e7\u0131q m\u0259ktub <a href=\"https:\/\/d9mc3ts4czbpr.cloudfront.net\/az\/article\/nasir-bas-nazire-aciq-mektub-unvanladi\/\" target=\"_blank\" rel=\"noreferrer noopener\">\u00fcnvanlay\u0131b<\/a>.<\/p>\n\n\n\n<p>Vergi M\u0259c\u0259ll\u0259sin\u0259 edil\u0259n d\u0259yi\u015fikliy\u0259 \u0259sas\u0259n, siyah\u0131s\u0131 m\u00fcvafiq icra hakimiyy\u0259ti orqan\u0131n\u0131n m\u00fc\u0259yy\u0259n etdiyi orqan (qurum) t\u0259r\u0259find\u0259n t\u0259sdiql\u0259n\u0259nn k\u00fctl\u0259vi informasiya vasit\u0259l\u0259ri m\u0259hsullar\u0131n\u0131n v\u0259 kitablar\u0131n, habel\u0259 d\u0259rslik komplektl\u0259rinin idxal\u0131 v\u0259 sat\u0131\u015f\u0131, h\u0259min mallar\u0131n istehsal\u0131 il\u0259 ba\u011fl\u0131 rulon v\u0259 ya v\u0259r\u0259q\u0259 \u015f\u0259klind\u0259 ka\u011f\u0131z\u0131n idxal\u0131 v\u0259 sat\u0131\u015f\u0131, m\u0259tbu k\u00fctl\u0259vi informasiya vasit\u0259l\u0259ri m\u0259hsullar\u0131n\u0131n v\u0259 kitablar\u0131n, o c\u00fcml\u0259d\u0259n elektron kitablar\u0131n, habel\u0259 d\u0259rslik komplektl\u0259rinin istehsal\u0131 il\u0259 ba\u011fl\u0131 redaksiya, n\u0259\u015friyyat v\u0259 poliqrafiya f\u0259aliyy\u0259tind\u0259n (reklam xidm\u0259tl\u0259ri istisna olmaqla) \u018fDV tutulmayacaq.<\/p>\n","protected":false},"excerpt":{"rendered":"<p>Nazirl\u0259r Kabineti qanunu 5 ay sonra t\u0259sdiql\u0259yib Az\u0259rbaycanda kitablara qoyulan &#8230; <\/p>\n<p class=\"read-more-container\"><a title=\"Kitablar\u0131n \u00fcz\u0259rind\u0259n \u018fDV g\u00f6t\u00fcr\u00fcld\u00fc\" class=\"read-more button\" href=\"https:\/\/www.meydan.tv\/az\/article\/kitablarin-uzerinden-edv-goturuldu\/#more-245063\" aria-label=\"Read more about Kitablar\u0131n \u00fcz\u0259rind\u0259n \u018fDV g\u00f6t\u00fcr\u00fcld\u00fc\">Davam\u0131<\/a><\/p>\n","protected":false},"author":8,"featured_media":232205,"comment_status":"closed","ping_status":"closed","sticky":false,"template":"","format":"standard","meta":{"_acf_changed":false,"_sitemap_exclude":false,"_sitemap_priority":"","_sitemap_frequency":"","footnotes":""},"categories":[52,56],"tags":[],"class_list":["post-245063","post","type-post","status-publish","format-standard","has-post-thumbnail","hentry","category-medeniyyet","category-xeberler","infinite-scroll-item","generate-columns","tablet-grid-50","mobile-grid-100","grid-parent","grid-33","no-featured-image-padding"],"acf":[],"yoast_head":"<!-- This site is optimized with the Yoast SEO plugin v27.4 - https:\/\/yoast.com\/product\/yoast-seo-wordpress\/ -->\n<title>Kitablar\u0131n \u00fcz\u0259rind\u0259n \u018fDV g\u00f6t\u00fcr\u00fcld\u00fc - MEYDAN.TV<\/title>\n<meta name=\"robots\" content=\"index, follow, max-snippet:-1, max-image-preview:large, max-video-preview:-1\" \/>\n<link rel=\"canonical\" href=\"https:\/\/www.meydan.tv\/az\/article\/kitablarin-uzerinden-edv-goturuldu\/\" \/>\n<meta property=\"og:locale\" content=\"az_AZ\" \/>\n<meta property=\"og:type\" content=\"article\" \/>\n<meta property=\"og:title\" content=\"Kitablar\u0131n \u00fcz\u0259rind\u0259n \u018fDV g\u00f6t\u00fcr\u00fcld\u00fc - MEYDAN.TV\" \/>\n<meta property=\"og:description\" content=\"Nazirl\u0259r Kabineti qanunu 5 ay sonra t\u0259sdiql\u0259yib Az\u0259rbaycanda kitablara qoyulan ... Davam\u0131\" \/>\n<meta property=\"og:url\" content=\"https:\/\/www.meydan.tv\/az\/article\/kitablarin-uzerinden-edv-goturuldu\/\" \/>\n<meta property=\"og:site_name\" content=\"MEYDAN.TV\" \/>\n<meta property=\"article:published_time\" content=\"2022-05-13T11:20:30+00:00\" \/>\n<meta property=\"article:modified_time\" content=\"2022-05-13T11:20:32+00:00\" \/>\n<meta property=\"og:image\" content=\"https:\/\/www.meydan.tv\/wp-content\/uploads\/shutterstock_1511837918.jpg\" \/>\n\t<meta property=\"og:image:width\" content=\"1200\" \/>\n\t<meta property=\"og:image:height\" content=\"800\" \/>\n\t<meta property=\"og:image:type\" content=\"image\/jpeg\" \/>\n<meta name=\"author\" content=\"elli\" \/>\n<meta name=\"twitter:card\" content=\"summary_large_image\" \/>\n<meta name=\"twitter:creator\" content=\"@elli\" \/>\n<script type=\"application\/ld+json\" class=\"yoast-schema-graph\">{\"@context\":\"https:\\\/\\\/schema.org\",\"@graph\":[{\"@type\":\"Article\",\"@id\":\"https:\\\/\\\/www.meydan.tv\\\/az\\\/article\\\/kitablarin-uzerinden-edv-goturuldu\\\/#article\",\"isPartOf\":{\"@id\":\"https:\\\/\\\/www.meydan.tv\\\/az\\\/article\\\/kitablarin-uzerinden-edv-goturuldu\\\/\"},\"author\":{\"name\":\"elli\",\"@id\":\"https:\\\/\\\/www.meydan.tv\\\/az\\\/#\\\/schema\\\/person\\\/9cdbecf90d17180ce1dfbd95b08dcf47\"},\"headline\":\"Kitablar\u0131n \u00fcz\u0259rind\u0259n \u018fDV g\u00f6t\u00fcr\u00fcld\u00fc\",\"datePublished\":\"2022-05-13T11:20:30+00:00\",\"dateModified\":\"2022-05-13T11:20:32+00:00\",\"mainEntityOfPage\":{\"@id\":\"https:\\\/\\\/www.meydan.tv\\\/az\\\/article\\\/kitablarin-uzerinden-edv-goturuldu\\\/\"},\"wordCount\":364,\"publisher\":{\"@id\":\"https:\\\/\\\/www.meydan.tv\\\/az\\\/#organization\"},\"image\":{\"@id\":\"https:\\\/\\\/www.meydan.tv\\\/az\\\/article\\\/kitablarin-uzerinden-edv-goturuldu\\\/#primaryimage\"},\"thumbnailUrl\":\"https:\\\/\\\/www.meydan.tv\\\/wp-content\\\/uploads\\\/shutterstock_1511837918.jpg\",\"articleSection\":[\"M\u0259d\u0259niyy\u0259t\",\"X\u0259b\u0259rl\u0259r\"],\"inLanguage\":\"az\"},{\"@type\":\"WebPage\",\"@id\":\"https:\\\/\\\/www.meydan.tv\\\/az\\\/article\\\/kitablarin-uzerinden-edv-goturuldu\\\/\",\"url\":\"https:\\\/\\\/www.meydan.tv\\\/az\\\/article\\\/kitablarin-uzerinden-edv-goturuldu\\\/\",\"name\":\"Kitablar\u0131n \u00fcz\u0259rind\u0259n \u018fDV g\u00f6t\u00fcr\u00fcld\u00fc - MEYDAN.TV\",\"isPartOf\":{\"@id\":\"https:\\\/\\\/www.meydan.tv\\\/az\\\/#website\"},\"primaryImageOfPage\":{\"@id\":\"https:\\\/\\\/www.meydan.tv\\\/az\\\/article\\\/kitablarin-uzerinden-edv-goturuldu\\\/#primaryimage\"},\"image\":{\"@id\":\"https:\\\/\\\/www.meydan.tv\\\/az\\\/article\\\/kitablarin-uzerinden-edv-goturuldu\\\/#primaryimage\"},\"thumbnailUrl\":\"https:\\\/\\\/www.meydan.tv\\\/wp-content\\\/uploads\\\/shutterstock_1511837918.jpg\",\"datePublished\":\"2022-05-13T11:20:30+00:00\",\"dateModified\":\"2022-05-13T11:20:32+00:00\",\"breadcrumb\":{\"@id\":\"https:\\\/\\\/www.meydan.tv\\\/az\\\/article\\\/kitablarin-uzerinden-edv-goturuldu\\\/#breadcrumb\"},\"inLanguage\":\"az\",\"potentialAction\":[{\"@type\":\"ReadAction\",\"target\":[\"https:\\\/\\\/www.meydan.tv\\\/az\\\/article\\\/kitablarin-uzerinden-edv-goturuldu\\\/\"]}]},{\"@type\":\"ImageObject\",\"inLanguage\":\"az\",\"@id\":\"https:\\\/\\\/www.meydan.tv\\\/az\\\/article\\\/kitablarin-uzerinden-edv-goturuldu\\\/#primaryimage\",\"url\":\"https:\\\/\\\/www.meydan.tv\\\/wp-content\\\/uploads\\\/shutterstock_1511837918.jpg\",\"contentUrl\":\"https:\\\/\\\/www.meydan.tv\\\/wp-content\\\/uploads\\\/shutterstock_1511837918.jpg\",\"width\":1200,\"height\":800,\"caption\":\"Kitab, New Africa\\\/shutterstock\"},{\"@type\":\"BreadcrumbList\",\"@id\":\"https:\\\/\\\/www.meydan.tv\\\/az\\\/article\\\/kitablarin-uzerinden-edv-goturuldu\\\/#breadcrumb\",\"itemListElement\":[{\"@type\":\"ListItem\",\"position\":1,\"name\":\"Ana s\u0259hif\u0259\",\"item\":\"https:\\\/\\\/www.meydan.tv\\\/az\\\/\"},{\"@type\":\"ListItem\",\"position\":2,\"name\":\"M\u0259d\u0259niyy\u0259t\",\"item\":\"https:\\\/\\\/www.meydan.tv\\\/az\\\/section\\\/medeniyyet\\\/\"},{\"@type\":\"ListItem\",\"position\":3,\"name\":\"Kitablar\u0131n \u00fcz\u0259rind\u0259n \u018fDV g\u00f6t\u00fcr\u00fcld\u00fc\"}]},{\"@type\":\"WebSite\",\"@id\":\"https:\\\/\\\/www.meydan.tv\\\/az\\\/#website\",\"url\":\"https:\\\/\\\/www.meydan.tv\\\/az\\\/\",\"name\":\"MEYDAN.TV\",\"description\":\"Meydan TV Az\u0259rbaycan\u0131n media m\u0259kan\u0131ndak\u0131 alternativ s\u0259sidir\",\"publisher\":{\"@id\":\"https:\\\/\\\/www.meydan.tv\\\/az\\\/#organization\"},\"potentialAction\":[{\"@type\":\"SearchAction\",\"target\":{\"@type\":\"EntryPoint\",\"urlTemplate\":\"https:\\\/\\\/www.meydan.tv\\\/az\\\/?s={search_term_string}\"},\"query-input\":{\"@type\":\"PropertyValueSpecification\",\"valueRequired\":true,\"valueName\":\"search_term_string\"}}],\"inLanguage\":\"az\"},{\"@type\":\"Organization\",\"@id\":\"https:\\\/\\\/www.meydan.tv\\\/az\\\/#organization\",\"name\":\"Meydan TV\",\"url\":\"https:\\\/\\\/www.meydan.tv\\\/az\\\/\",\"logo\":{\"@type\":\"ImageObject\",\"inLanguage\":\"az\",\"@id\":\"https:\\\/\\\/www.meydan.tv\\\/az\\\/#\\\/schema\\\/logo\\\/image\\\/\",\"url\":\"https:\\\/\\\/www.meydan.tv\\\/wp-content\\\/uploads\\\/2021\\\/07\\\/meydan-logo.svg\",\"contentUrl\":\"https:\\\/\\\/www.meydan.tv\\\/wp-content\\\/uploads\\\/2021\\\/07\\\/meydan-logo.svg\",\"width\":195,\"height\":46,\"caption\":\"Meydan TV\"},\"image\":{\"@id\":\"https:\\\/\\\/www.meydan.tv\\\/az\\\/#\\\/schema\\\/logo\\\/image\\\/\"}},{\"@type\":\"Person\",\"@id\":\"https:\\\/\\\/www.meydan.tv\\\/az\\\/#\\\/schema\\\/person\\\/9cdbecf90d17180ce1dfbd95b08dcf47\",\"name\":\"elli\",\"sameAs\":[\"https:\\\/\\\/x.com\\\/elli\"]}]}<\/script>\n<!-- \/ Yoast SEO plugin. -->","yoast_head_json":{"title":"Kitablar\u0131n \u00fcz\u0259rind\u0259n \u018fDV g\u00f6t\u00fcr\u00fcld\u00fc - MEYDAN.TV","robots":{"index":"index","follow":"follow","max-snippet":"max-snippet:-1","max-image-preview":"max-image-preview:large","max-video-preview":"max-video-preview:-1"},"canonical":"https:\/\/www.meydan.tv\/az\/article\/kitablarin-uzerinden-edv-goturuldu\/","og_locale":"az_AZ","og_type":"article","og_title":"Kitablar\u0131n \u00fcz\u0259rind\u0259n \u018fDV g\u00f6t\u00fcr\u00fcld\u00fc - MEYDAN.TV","og_description":"Nazirl\u0259r Kabineti qanunu 5 ay sonra t\u0259sdiql\u0259yib Az\u0259rbaycanda kitablara qoyulan ... Davam\u0131","og_url":"https:\/\/www.meydan.tv\/az\/article\/kitablarin-uzerinden-edv-goturuldu\/","og_site_name":"MEYDAN.TV","article_published_time":"2022-05-13T11:20:30+00:00","article_modified_time":"2022-05-13T11:20:32+00:00","og_image":[{"width":1200,"height":800,"url":"https:\/\/www.meydan.tv\/wp-content\/uploads\/shutterstock_1511837918.jpg","type":"image\/jpeg"}],"author":"elli","twitter_card":"summary_large_image","twitter_creator":"@elli","schema":{"@context":"https:\/\/schema.org","@graph":[{"@type":"Article","@id":"https:\/\/www.meydan.tv\/az\/article\/kitablarin-uzerinden-edv-goturuldu\/#article","isPartOf":{"@id":"https:\/\/www.meydan.tv\/az\/article\/kitablarin-uzerinden-edv-goturuldu\/"},"author":{"name":"elli","@id":"https:\/\/www.meydan.tv\/az\/#\/schema\/person\/9cdbecf90d17180ce1dfbd95b08dcf47"},"headline":"Kitablar\u0131n \u00fcz\u0259rind\u0259n \u018fDV g\u00f6t\u00fcr\u00fcld\u00fc","datePublished":"2022-05-13T11:20:30+00:00","dateModified":"2022-05-13T11:20:32+00:00","mainEntityOfPage":{"@id":"https:\/\/www.meydan.tv\/az\/article\/kitablarin-uzerinden-edv-goturuldu\/"},"wordCount":364,"publisher":{"@id":"https:\/\/www.meydan.tv\/az\/#organization"},"image":{"@id":"https:\/\/www.meydan.tv\/az\/article\/kitablarin-uzerinden-edv-goturuldu\/#primaryimage"},"thumbnailUrl":"https:\/\/www.meydan.tv\/wp-content\/uploads\/shutterstock_1511837918.jpg","articleSection":["M\u0259d\u0259niyy\u0259t","X\u0259b\u0259rl\u0259r"],"inLanguage":"az"},{"@type":"WebPage","@id":"https:\/\/www.meydan.tv\/az\/article\/kitablarin-uzerinden-edv-goturuldu\/","url":"https:\/\/www.meydan.tv\/az\/article\/kitablarin-uzerinden-edv-goturuldu\/","name":"Kitablar\u0131n \u00fcz\u0259rind\u0259n \u018fDV g\u00f6t\u00fcr\u00fcld\u00fc - MEYDAN.TV","isPartOf":{"@id":"https:\/\/www.meydan.tv\/az\/#website"},"primaryImageOfPage":{"@id":"https:\/\/www.meydan.tv\/az\/article\/kitablarin-uzerinden-edv-goturuldu\/#primaryimage"},"image":{"@id":"https:\/\/www.meydan.tv\/az\/article\/kitablarin-uzerinden-edv-goturuldu\/#primaryimage"},"thumbnailUrl":"https:\/\/www.meydan.tv\/wp-content\/uploads\/shutterstock_1511837918.jpg","datePublished":"2022-05-13T11:20:30+00:00","dateModified":"2022-05-13T11:20:32+00:00","breadcrumb":{"@id":"https:\/\/www.meydan.tv\/az\/article\/kitablarin-uzerinden-edv-goturuldu\/#breadcrumb"},"inLanguage":"az","potentialAction":[{"@type":"ReadAction","target":["https:\/\/www.meydan.tv\/az\/article\/kitablarin-uzerinden-edv-goturuldu\/"]}]},{"@type":"ImageObject","inLanguage":"az","@id":"https:\/\/www.meydan.tv\/az\/article\/kitablarin-uzerinden-edv-goturuldu\/#primaryimage","url":"https:\/\/www.meydan.tv\/wp-content\/uploads\/shutterstock_1511837918.jpg","contentUrl":"https:\/\/www.meydan.tv\/wp-content\/uploads\/shutterstock_1511837918.jpg","width":1200,"height":800,"caption":"Kitab, New Africa\/shutterstock"},{"@type":"BreadcrumbList","@id":"https:\/\/www.meydan.tv\/az\/article\/kitablarin-uzerinden-edv-goturuldu\/#breadcrumb","itemListElement":[{"@type":"ListItem","position":1,"name":"Ana s\u0259hif\u0259","item":"https:\/\/www.meydan.tv\/az\/"},{"@type":"ListItem","position":2,"name":"M\u0259d\u0259niyy\u0259t","item":"https:\/\/www.meydan.tv\/az\/section\/medeniyyet\/"},{"@type":"ListItem","position":3,"name":"Kitablar\u0131n \u00fcz\u0259rind\u0259n \u018fDV g\u00f6t\u00fcr\u00fcld\u00fc"}]},{"@type":"WebSite","@id":"https:\/\/www.meydan.tv\/az\/#website","url":"https:\/\/www.meydan.tv\/az\/","name":"MEYDAN.TV","description":"Meydan TV Az\u0259rbaycan\u0131n media m\u0259kan\u0131ndak\u0131 alternativ s\u0259sidir","publisher":{"@id":"https:\/\/www.meydan.tv\/az\/#organization"},"potentialAction":[{"@type":"SearchAction","target":{"@type":"EntryPoint","urlTemplate":"https:\/\/www.meydan.tv\/az\/?s={search_term_string}"},"query-input":{"@type":"PropertyValueSpecification","valueRequired":true,"valueName":"search_term_string"}}],"inLanguage":"az"},{"@type":"Organization","@id":"https:\/\/www.meydan.tv\/az\/#organization","name":"Meydan TV","url":"https:\/\/www.meydan.tv\/az\/","logo":{"@type":"ImageObject","inLanguage":"az","@id":"https:\/\/www.meydan.tv\/az\/#\/schema\/logo\/image\/","url":"https:\/\/www.meydan.tv\/wp-content\/uploads\/2021\/07\/meydan-logo.svg","contentUrl":"https:\/\/www.meydan.tv\/wp-content\/uploads\/2021\/07\/meydan-logo.svg","width":195,"height":46,"caption":"Meydan TV"},"image":{"@id":"https:\/\/www.meydan.tv\/az\/#\/schema\/logo\/image\/"}},{"@type":"Person","@id":"https:\/\/www.meydan.tv\/az\/#\/schema\/person\/9cdbecf90d17180ce1dfbd95b08dcf47","name":"elli","sameAs":["https:\/\/x.com\/elli"]}]}},"_links":{"self":[{"href":"https:\/\/www.meydan.tv\/az\/wp-json\/wp\/v2\/posts\/245063","targetHints":{"allow":["GET"]}}],"collection":[{"href":"https:\/\/www.meydan.tv\/az\/wp-json\/wp\/v2\/posts"}],"about":[{"href":"https:\/\/www.meydan.tv\/az\/wp-json\/wp\/v2\/types\/post"}],"author":[{"embeddable":true,"href":"https:\/\/www.meydan.tv\/az\/wp-json\/wp\/v2\/users\/8"}],"replies":[{"embeddable":true,"href":"https:\/\/www.meydan.tv\/az\/wp-json\/wp\/v2\/comments?post=245063"}],"version-history":[{"count":1,"href":"https:\/\/www.meydan.tv\/az\/wp-json\/wp\/v2\/posts\/245063\/revisions"}],"predecessor-version":[{"id":245064,"href":"https:\/\/www.meydan.tv\/az\/wp-json\/wp\/v2\/posts\/245063\/revisions\/245064"}],"wp:featuredmedia":[{"embeddable":true,"href":"https:\/\/www.meydan.tv\/az\/wp-json\/wp\/v2\/media\/232205"}],"wp:attachment":[{"href":"https:\/\/www.meydan.tv\/az\/wp-json\/wp\/v2\/media?parent=245063"}],"wp:term":[{"taxonomy":"category","embeddable":true,"href":"https:\/\/www.meydan.tv\/az\/wp-json\/wp\/v2\/categories?post=245063"},{"taxonomy":"post_tag","embeddable":true,"href":"https:\/\/www.meydan.tv\/az\/wp-json\/wp\/v2\/tags?post=245063"}],"curies":[{"name":"wp","href":"https:\/\/api.w.org\/{rel}","templated":true}]}}