{"id":245017,"date":"2022-05-13T13:26:47","date_gmt":"2022-05-13T09:26:47","guid":{"rendered":"https:\/\/www.meydan.tv\/?p=245017"},"modified":"2022-05-13T13:26:49","modified_gmt":"2022-05-13T09:26:49","slug":"romada-rus-medeniyyetine-destek-aksiyasi-kecirilib","status":"publish","type":"post","link":"https:\/\/www.meydan.tv\/az\/article\/romada-rus-medeniyyetine-destek-aksiyasi-kecirilib\/","title":{"rendered":"Romada rus m\u0259d\u0259niyy\u0259tin\u0259 d\u0259st\u0259k aksiyas\u0131 ke\u00e7irilib"},"content":{"rendered":"\n<p><\/p>\n\n\n\n<p><em>&#8220;M\u0259d\u0259niyy\u0259tin d\u0259ri r\u0259ngi, dili, s\u0259rh\u0259dl\u0259ri yoxdur, o, b\u00fct\u00fcn d\u00fcnyaya aiddir&#8221;<\/em><\/p>\n\n\n\n<p>Roman\u0131n Santi-Apostoli meydan\u0131nda rus m\u0259d\u0259niyy\u0259tin\u0259 m\u00fcnasib\u0259td\u0259 ayr\u0131-se\u00e7kiliy\u0259 qar\u015f\u0131 mitinq ke\u00e7irilib.<\/p>\n\n\n\n<p>Aksiya 2014-c\u00fc ild\u0259n \u0130taliya v\u0259 Rusiya aras\u0131nda m\u0259d\u0259ni \u0259laq\u0259l\u0259ri inki\u015faf etdir\u0259n v\u0259 m\u00f6hk\u0259ml\u0259ndir\u0259n \u201cB\u00f6y\u00fck Rusiyan\u0131n dostlar\u0131\u201d assosiasiyas\u0131 t\u0259r\u0259find\u0259n t\u0259\u015fkil olunub.<\/p>\n\n\n\n<p>\u201cBiz \u0130taliyada m\u0259d\u0259niyy\u0259timiz\u0259 qar\u015f\u0131 g\u00f6st\u0259ril\u0259n m\u00fcnasib\u0259ti g\u00f6rd\u00fck. Dostoyevski il\u0259 ba\u011f\u0131 m\u00fchazir\u0259l\u0259rin l\u0259\u011fvin\u0259 c\u0259hd, Neapolda \u00c7aykovskinin baletinin l\u0259\u011fv edilm\u0259si, bu kimi bir \u00e7ox n\u00fcmun\u0259l\u0259r oldu. Y\u0259ni d\u00fcnyan\u0131n bir par\u00e7as\u0131 olan m\u0259d\u0259niyy\u0259timiz\u0259 t\u0259cav\u00fcz olunma\u011fa ba\u015flan\u0131ld\u0131. M\u0259d\u0259niyy\u0259tin d\u0259ri r\u0259ngi, dili, s\u0259rh\u0259dl\u0259ri yoxdur, o, b\u00fct\u00fcn d\u00fcnyaya aiddir\u201d, &#8211; dey\u0259 aksiyan\u0131n t\u0259\u015fkilat\u00e7\u0131lar\u0131ndan olan Yuliya Bazarova <a href=\"https:\/\/ria.ru\/20220512\/rim-1788123727.html\" target=\"_blank\" rel=\"noreferrer noopener\">deyib<\/a>.<\/p>\n\n\n\n<p>Mitinq i\u015ftirak\u00e7\u0131lar\u0131 \u00e7\u0131x\u0131\u015flar\u0131nda Rusiya m\u0259d\u0259niyy\u0259tin\u0259 qar\u015f\u0131 m\u0259hdudiyy\u0259t v\u0259 t\u0259zyiql\u0259ri pisl\u0259yibl\u0259r.<\/p>\n\n\n\n<p>Fevral\u0131n 24-d\u0259 Ukraynada h\u0259rbi \u0259m\u0259liyyatlara ba\u015flayandan sonra AB\u015e, Avropa \u0130ttifaq\u0131, B\u00f6y\u00fck Britaniya, el\u0259c\u0259 d\u0259 bir s\u0131ra dig\u0259r d\u00f6vl\u0259tl\u0259r Rusiyaya qar\u015f\u0131 sanksiyalar t\u0259tbiq edib.<br>Sanksiyalar siyas\u0259t v\u0259 iqtisadiyyatdan sonra m\u0259d\u0259niyy\u0259t sah\u0259sin\u0259 d\u0259 ke\u00e7ib.<\/p>\n\n\n\n<p>\u0130taliyada rus alim v\u0259 m\u0259d\u0259niyy\u0259t n\u00fcmay\u0259nd\u0259l\u0259rinin i\u015fd\u0259n \u00e7\u0131xar\u0131lmas\u0131 hallar\u0131 ba\u015f verib.<\/p>\n\n\n\n<p>Milan-Bicocca Universitetind\u0259 rus yaz\u0131\u00e7\u0131s\u0131 Fyodor Dostoyevski il\u0259 ba\u011fl\u0131 m\u00fchazir\u0259nin l\u0259\u011fvin\u0259 c\u0259hd, h\u0259m\u00e7inin \u0130taliyada ya\u015fayan rus yaz\u0131\u00e7\u0131s\u0131 Nikolay Lilin\u0259 qar\u015f\u0131 sosial \u015f\u0259b\u0259k\u0259l\u0259rd\u0259 h\u00fccumlar olub.<\/p>\n\n\n\n<p>\u201cLa Skala\u201d opera teatr\u0131 Rusiya Xalq artisti, dirijor Valeri Gergiyevi s\u0259hn\u0259d\u0259n uzaqla\u015fd\u0131r\u0131b.<\/p>\n\n\n\n<p>Avropa Yay\u0131m Birliyi d\u0259 Rusiyan\u0131 builki \u201cEurovision\u201d beyn\u0259lxalq mahn\u0131 m\u00fcsabiq\u0259sind\u0259n k\u0259narla\u015fd\u0131r\u0131b.<\/p>\n\n\n\n<p>May\u0131n 17-d\u0259n 28-d\u0259k Fransan\u0131n Lazur sahilind\u0259 ke\u00e7iril\u0259c\u0259k Beyn\u0259lxalq Kann Film Festival\u0131na da Rusiya n\u00fcmay\u0259nd\u0259 hey\u0259ti burax\u0131lmayacaq.<\/p>\n\n\n\n<p>Amerika kinostudiyalar\u0131 da Ukraynadak\u0131 v\u0259ziyy\u0259tl\u0259 \u0259laq\u0259dar Rusiyada filml\u0259rin yay\u0131m\u0131n\u0131 l\u0259\u011fv edib.<\/p>\n\n\n\n<p>\u201cSony Pictures\u201d d\u0259 Ukraynadak\u0131 v\u0259ziyy\u0259tl\u0259 \u0259laq\u0259dar Rusiyada g\u00f6zl\u0259nil\u0259n teatr premyeralar\u0131n\u0131 dayand\u0131r\u0131b.<\/p>\n\n\n\n<p>Amerikan\u0131n Metropoliten-opera teatr\u0131 opera ifa\u00e7\u0131s\u0131 Anna Netrebkonu s\u0259hn\u0259d\u0259n uzaqla\u015fd\u0131r\u0131b.<\/p>\n","protected":false},"excerpt":{"rendered":"<p>&#8220;M\u0259d\u0259niyy\u0259tin d\u0259ri r\u0259ngi, dili, s\u0259rh\u0259dl\u0259ri yoxdur, o, b\u00fct\u00fcn d\u00fcnyaya aiddir&#8221; &#8230; <\/p>\n<p class=\"read-more-container\"><a title=\"Romada rus m\u0259d\u0259niyy\u0259tin\u0259 d\u0259st\u0259k aksiyas\u0131 ke\u00e7irilib\" class=\"read-more button\" href=\"https:\/\/www.meydan.tv\/az\/article\/romada-rus-medeniyyetine-destek-aksiyasi-kecirilib\/#more-245017\" aria-label=\"Read more about Romada rus m\u0259d\u0259niyy\u0259tin\u0259 d\u0259st\u0259k aksiyas\u0131 ke\u00e7irilib\">Davam\u0131<\/a><\/p>\n","protected":false},"author":8,"featured_media":238404,"comment_status":"closed","ping_status":"closed","sticky":false,"template":"","format":"standard","meta":{"_acf_changed":false,"_sitemap_exclude":false,"_sitemap_priority":"","_sitemap_frequency":"","footnotes":""},"categories":[52,56],"tags":[],"class_list":["post-245017","post","type-post","status-publish","format-standard","has-post-thumbnail","hentry","category-medeniyyet","category-xeberler","infinite-scroll-item","generate-columns","tablet-grid-50","mobile-grid-100","grid-parent","grid-33","no-featured-image-padding"],"acf":[],"yoast_head":"<!-- This site is optimized with the Yoast SEO plugin v27.5 - https:\/\/yoast.com\/product\/yoast-seo-wordpress\/ -->\n<title>Romada rus m\u0259d\u0259niyy\u0259tin\u0259 d\u0259st\u0259k aksiyas\u0131 ke\u00e7irilib - MEYDAN.TV<\/title>\n<meta name=\"robots\" content=\"index, follow, max-snippet:-1, max-image-preview:large, max-video-preview:-1\" \/>\n<link rel=\"canonical\" href=\"https:\/\/www.meydan.tv\/az\/article\/romada-rus-medeniyyetine-destek-aksiyasi-kecirilib\/\" \/>\n<meta property=\"og:locale\" content=\"az_AZ\" \/>\n<meta property=\"og:type\" content=\"article\" \/>\n<meta property=\"og:title\" content=\"Romada rus m\u0259d\u0259niyy\u0259tin\u0259 d\u0259st\u0259k aksiyas\u0131 ke\u00e7irilib - MEYDAN.TV\" \/>\n<meta property=\"og:description\" content=\"&#8220;M\u0259d\u0259niyy\u0259tin d\u0259ri r\u0259ngi, dili, s\u0259rh\u0259dl\u0259ri yoxdur, o, b\u00fct\u00fcn d\u00fcnyaya aiddir&#8221; ... Davam\u0131\" \/>\n<meta property=\"og:url\" content=\"https:\/\/www.meydan.tv\/az\/article\/romada-rus-medeniyyetine-destek-aksiyasi-kecirilib\/\" \/>\n<meta property=\"og:site_name\" content=\"MEYDAN.TV\" \/>\n<meta property=\"article:published_time\" content=\"2022-05-13T09:26:47+00:00\" \/>\n<meta property=\"article:modified_time\" content=\"2022-05-13T09:26:49+00:00\" \/>\n<meta property=\"og:image\" content=\"https:\/\/www.meydan.tv\/wp-content\/uploads\/shutterstock_1439825942-e1647340948392.jpg\" \/>\n\t<meta property=\"og:image:width\" content=\"1200\" \/>\n\t<meta property=\"og:image:height\" content=\"696\" \/>\n\t<meta property=\"og:image:type\" content=\"image\/jpeg\" \/>\n<meta name=\"author\" content=\"elli\" \/>\n<meta name=\"twitter:card\" content=\"summary_large_image\" \/>\n<meta name=\"twitter:creator\" content=\"@elli\" \/>\n<script type=\"application\/ld+json\" class=\"yoast-schema-graph\">{\"@context\":\"https:\\\/\\\/schema.org\",\"@graph\":[{\"@type\":\"Article\",\"@id\":\"https:\\\/\\\/www.meydan.tv\\\/az\\\/article\\\/romada-rus-medeniyyetine-destek-aksiyasi-kecirilib\\\/#article\",\"isPartOf\":{\"@id\":\"https:\\\/\\\/www.meydan.tv\\\/az\\\/article\\\/romada-rus-medeniyyetine-destek-aksiyasi-kecirilib\\\/\"},\"author\":{\"name\":\"elli\",\"@id\":\"https:\\\/\\\/www.meydan.tv\\\/az\\\/#\\\/schema\\\/person\\\/9cdbecf90d17180ce1dfbd95b08dcf47\"},\"headline\":\"Romada rus m\u0259d\u0259niyy\u0259tin\u0259 d\u0259st\u0259k aksiyas\u0131 ke\u00e7irilib\",\"datePublished\":\"2022-05-13T09:26:47+00:00\",\"dateModified\":\"2022-05-13T09:26:49+00:00\",\"mainEntityOfPage\":{\"@id\":\"https:\\\/\\\/www.meydan.tv\\\/az\\\/article\\\/romada-rus-medeniyyetine-destek-aksiyasi-kecirilib\\\/\"},\"wordCount\":444,\"publisher\":{\"@id\":\"https:\\\/\\\/www.meydan.tv\\\/az\\\/#organization\"},\"image\":{\"@id\":\"https:\\\/\\\/www.meydan.tv\\\/az\\\/article\\\/romada-rus-medeniyyetine-destek-aksiyasi-kecirilib\\\/#primaryimage\"},\"thumbnailUrl\":\"https:\\\/\\\/www.meydan.tv\\\/wp-content\\\/uploads\\\/shutterstock_1439825942-e1647340948392.jpg\",\"articleSection\":[\"M\u0259d\u0259niyy\u0259t\",\"X\u0259b\u0259rl\u0259r\"],\"inLanguage\":\"az\"},{\"@type\":\"WebPage\",\"@id\":\"https:\\\/\\\/www.meydan.tv\\\/az\\\/article\\\/romada-rus-medeniyyetine-destek-aksiyasi-kecirilib\\\/\",\"url\":\"https:\\\/\\\/www.meydan.tv\\\/az\\\/article\\\/romada-rus-medeniyyetine-destek-aksiyasi-kecirilib\\\/\",\"name\":\"Romada rus m\u0259d\u0259niyy\u0259tin\u0259 d\u0259st\u0259k aksiyas\u0131 ke\u00e7irilib - MEYDAN.TV\",\"isPartOf\":{\"@id\":\"https:\\\/\\\/www.meydan.tv\\\/az\\\/#website\"},\"primaryImageOfPage\":{\"@id\":\"https:\\\/\\\/www.meydan.tv\\\/az\\\/article\\\/romada-rus-medeniyyetine-destek-aksiyasi-kecirilib\\\/#primaryimage\"},\"image\":{\"@id\":\"https:\\\/\\\/www.meydan.tv\\\/az\\\/article\\\/romada-rus-medeniyyetine-destek-aksiyasi-kecirilib\\\/#primaryimage\"},\"thumbnailUrl\":\"https:\\\/\\\/www.meydan.tv\\\/wp-content\\\/uploads\\\/shutterstock_1439825942-e1647340948392.jpg\",\"datePublished\":\"2022-05-13T09:26:47+00:00\",\"dateModified\":\"2022-05-13T09:26:49+00:00\",\"breadcrumb\":{\"@id\":\"https:\\\/\\\/www.meydan.tv\\\/az\\\/article\\\/romada-rus-medeniyyetine-destek-aksiyasi-kecirilib\\\/#breadcrumb\"},\"inLanguage\":\"az\",\"potentialAction\":[{\"@type\":\"ReadAction\",\"target\":[\"https:\\\/\\\/www.meydan.tv\\\/az\\\/article\\\/romada-rus-medeniyyetine-destek-aksiyasi-kecirilib\\\/\"]}]},{\"@type\":\"ImageObject\",\"inLanguage\":\"az\",\"@id\":\"https:\\\/\\\/www.meydan.tv\\\/az\\\/article\\\/romada-rus-medeniyyetine-destek-aksiyasi-kecirilib\\\/#primaryimage\",\"url\":\"https:\\\/\\\/www.meydan.tv\\\/wp-content\\\/uploads\\\/shutterstock_1439825942-e1647340948392.jpg\",\"contentUrl\":\"https:\\\/\\\/www.meydan.tv\\\/wp-content\\\/uploads\\\/shutterstock_1439825942-e1647340948392.jpg\",\"width\":1200,\"height\":696,\"caption\":\"\u0130taliya. Foto: Vladimir Sazonov\\\/shutterstock\"},{\"@type\":\"BreadcrumbList\",\"@id\":\"https:\\\/\\\/www.meydan.tv\\\/az\\\/article\\\/romada-rus-medeniyyetine-destek-aksiyasi-kecirilib\\\/#breadcrumb\",\"itemListElement\":[{\"@type\":\"ListItem\",\"position\":1,\"name\":\"Ana s\u0259hif\u0259\",\"item\":\"https:\\\/\\\/www.meydan.tv\\\/az\\\/\"},{\"@type\":\"ListItem\",\"position\":2,\"name\":\"M\u0259d\u0259niyy\u0259t\",\"item\":\"https:\\\/\\\/www.meydan.tv\\\/az\\\/section\\\/medeniyyet\\\/\"},{\"@type\":\"ListItem\",\"position\":3,\"name\":\"Romada rus m\u0259d\u0259niyy\u0259tin\u0259 d\u0259st\u0259k aksiyas\u0131 ke\u00e7irilib\"}]},{\"@type\":\"WebSite\",\"@id\":\"https:\\\/\\\/www.meydan.tv\\\/az\\\/#website\",\"url\":\"https:\\\/\\\/www.meydan.tv\\\/az\\\/\",\"name\":\"MEYDAN.TV\",\"description\":\"Meydan TV Az\u0259rbaycan\u0131n media m\u0259kan\u0131ndak\u0131 alternativ s\u0259sidir\",\"publisher\":{\"@id\":\"https:\\\/\\\/www.meydan.tv\\\/az\\\/#organization\"},\"potentialAction\":[{\"@type\":\"SearchAction\",\"target\":{\"@type\":\"EntryPoint\",\"urlTemplate\":\"https:\\\/\\\/www.meydan.tv\\\/az\\\/?s={search_term_string}\"},\"query-input\":{\"@type\":\"PropertyValueSpecification\",\"valueRequired\":true,\"valueName\":\"search_term_string\"}}],\"inLanguage\":\"az\"},{\"@type\":\"Organization\",\"@id\":\"https:\\\/\\\/www.meydan.tv\\\/az\\\/#organization\",\"name\":\"Meydan TV\",\"url\":\"https:\\\/\\\/www.meydan.tv\\\/az\\\/\",\"logo\":{\"@type\":\"ImageObject\",\"inLanguage\":\"az\",\"@id\":\"https:\\\/\\\/www.meydan.tv\\\/az\\\/#\\\/schema\\\/logo\\\/image\\\/\",\"url\":\"https:\\\/\\\/www.meydan.tv\\\/wp-content\\\/uploads\\\/2021\\\/07\\\/meydan-logo.svg\",\"contentUrl\":\"https:\\\/\\\/www.meydan.tv\\\/wp-content\\\/uploads\\\/2021\\\/07\\\/meydan-logo.svg\",\"width\":195,\"height\":46,\"caption\":\"Meydan TV\"},\"image\":{\"@id\":\"https:\\\/\\\/www.meydan.tv\\\/az\\\/#\\\/schema\\\/logo\\\/image\\\/\"}},{\"@type\":\"Person\",\"@id\":\"https:\\\/\\\/www.meydan.tv\\\/az\\\/#\\\/schema\\\/person\\\/9cdbecf90d17180ce1dfbd95b08dcf47\",\"name\":\"elli\",\"sameAs\":[\"https:\\\/\\\/x.com\\\/elli\"]}]}<\/script>\n<!-- \/ Yoast SEO plugin. -->","yoast_head_json":{"title":"Romada rus m\u0259d\u0259niyy\u0259tin\u0259 d\u0259st\u0259k aksiyas\u0131 ke\u00e7irilib - MEYDAN.TV","robots":{"index":"index","follow":"follow","max-snippet":"max-snippet:-1","max-image-preview":"max-image-preview:large","max-video-preview":"max-video-preview:-1"},"canonical":"https:\/\/www.meydan.tv\/az\/article\/romada-rus-medeniyyetine-destek-aksiyasi-kecirilib\/","og_locale":"az_AZ","og_type":"article","og_title":"Romada rus m\u0259d\u0259niyy\u0259tin\u0259 d\u0259st\u0259k aksiyas\u0131 ke\u00e7irilib - MEYDAN.TV","og_description":"&#8220;M\u0259d\u0259niyy\u0259tin d\u0259ri r\u0259ngi, dili, s\u0259rh\u0259dl\u0259ri yoxdur, o, b\u00fct\u00fcn d\u00fcnyaya aiddir&#8221; ... Davam\u0131","og_url":"https:\/\/www.meydan.tv\/az\/article\/romada-rus-medeniyyetine-destek-aksiyasi-kecirilib\/","og_site_name":"MEYDAN.TV","article_published_time":"2022-05-13T09:26:47+00:00","article_modified_time":"2022-05-13T09:26:49+00:00","og_image":[{"width":1200,"height":696,"url":"https:\/\/www.meydan.tv\/wp-content\/uploads\/shutterstock_1439825942-e1647340948392.jpg","type":"image\/jpeg"}],"author":"elli","twitter_card":"summary_large_image","twitter_creator":"@elli","schema":{"@context":"https:\/\/schema.org","@graph":[{"@type":"Article","@id":"https:\/\/www.meydan.tv\/az\/article\/romada-rus-medeniyyetine-destek-aksiyasi-kecirilib\/#article","isPartOf":{"@id":"https:\/\/www.meydan.tv\/az\/article\/romada-rus-medeniyyetine-destek-aksiyasi-kecirilib\/"},"author":{"name":"elli","@id":"https:\/\/www.meydan.tv\/az\/#\/schema\/person\/9cdbecf90d17180ce1dfbd95b08dcf47"},"headline":"Romada rus m\u0259d\u0259niyy\u0259tin\u0259 d\u0259st\u0259k aksiyas\u0131 ke\u00e7irilib","datePublished":"2022-05-13T09:26:47+00:00","dateModified":"2022-05-13T09:26:49+00:00","mainEntityOfPage":{"@id":"https:\/\/www.meydan.tv\/az\/article\/romada-rus-medeniyyetine-destek-aksiyasi-kecirilib\/"},"wordCount":444,"publisher":{"@id":"https:\/\/www.meydan.tv\/az\/#organization"},"image":{"@id":"https:\/\/www.meydan.tv\/az\/article\/romada-rus-medeniyyetine-destek-aksiyasi-kecirilib\/#primaryimage"},"thumbnailUrl":"https:\/\/www.meydan.tv\/wp-content\/uploads\/shutterstock_1439825942-e1647340948392.jpg","articleSection":["M\u0259d\u0259niyy\u0259t","X\u0259b\u0259rl\u0259r"],"inLanguage":"az"},{"@type":"WebPage","@id":"https:\/\/www.meydan.tv\/az\/article\/romada-rus-medeniyyetine-destek-aksiyasi-kecirilib\/","url":"https:\/\/www.meydan.tv\/az\/article\/romada-rus-medeniyyetine-destek-aksiyasi-kecirilib\/","name":"Romada rus m\u0259d\u0259niyy\u0259tin\u0259 d\u0259st\u0259k aksiyas\u0131 ke\u00e7irilib - MEYDAN.TV","isPartOf":{"@id":"https:\/\/www.meydan.tv\/az\/#website"},"primaryImageOfPage":{"@id":"https:\/\/www.meydan.tv\/az\/article\/romada-rus-medeniyyetine-destek-aksiyasi-kecirilib\/#primaryimage"},"image":{"@id":"https:\/\/www.meydan.tv\/az\/article\/romada-rus-medeniyyetine-destek-aksiyasi-kecirilib\/#primaryimage"},"thumbnailUrl":"https:\/\/www.meydan.tv\/wp-content\/uploads\/shutterstock_1439825942-e1647340948392.jpg","datePublished":"2022-05-13T09:26:47+00:00","dateModified":"2022-05-13T09:26:49+00:00","breadcrumb":{"@id":"https:\/\/www.meydan.tv\/az\/article\/romada-rus-medeniyyetine-destek-aksiyasi-kecirilib\/#breadcrumb"},"inLanguage":"az","potentialAction":[{"@type":"ReadAction","target":["https:\/\/www.meydan.tv\/az\/article\/romada-rus-medeniyyetine-destek-aksiyasi-kecirilib\/"]}]},{"@type":"ImageObject","inLanguage":"az","@id":"https:\/\/www.meydan.tv\/az\/article\/romada-rus-medeniyyetine-destek-aksiyasi-kecirilib\/#primaryimage","url":"https:\/\/www.meydan.tv\/wp-content\/uploads\/shutterstock_1439825942-e1647340948392.jpg","contentUrl":"https:\/\/www.meydan.tv\/wp-content\/uploads\/shutterstock_1439825942-e1647340948392.jpg","width":1200,"height":696,"caption":"\u0130taliya. Foto: Vladimir Sazonov\/shutterstock"},{"@type":"BreadcrumbList","@id":"https:\/\/www.meydan.tv\/az\/article\/romada-rus-medeniyyetine-destek-aksiyasi-kecirilib\/#breadcrumb","itemListElement":[{"@type":"ListItem","position":1,"name":"Ana s\u0259hif\u0259","item":"https:\/\/www.meydan.tv\/az\/"},{"@type":"ListItem","position":2,"name":"M\u0259d\u0259niyy\u0259t","item":"https:\/\/www.meydan.tv\/az\/section\/medeniyyet\/"},{"@type":"ListItem","position":3,"name":"Romada rus m\u0259d\u0259niyy\u0259tin\u0259 d\u0259st\u0259k aksiyas\u0131 ke\u00e7irilib"}]},{"@type":"WebSite","@id":"https:\/\/www.meydan.tv\/az\/#website","url":"https:\/\/www.meydan.tv\/az\/","name":"MEYDAN.TV","description":"Meydan TV Az\u0259rbaycan\u0131n media m\u0259kan\u0131ndak\u0131 alternativ s\u0259sidir","publisher":{"@id":"https:\/\/www.meydan.tv\/az\/#organization"},"potentialAction":[{"@type":"SearchAction","target":{"@type":"EntryPoint","urlTemplate":"https:\/\/www.meydan.tv\/az\/?s={search_term_string}"},"query-input":{"@type":"PropertyValueSpecification","valueRequired":true,"valueName":"search_term_string"}}],"inLanguage":"az"},{"@type":"Organization","@id":"https:\/\/www.meydan.tv\/az\/#organization","name":"Meydan TV","url":"https:\/\/www.meydan.tv\/az\/","logo":{"@type":"ImageObject","inLanguage":"az","@id":"https:\/\/www.meydan.tv\/az\/#\/schema\/logo\/image\/","url":"https:\/\/www.meydan.tv\/wp-content\/uploads\/2021\/07\/meydan-logo.svg","contentUrl":"https:\/\/www.meydan.tv\/wp-content\/uploads\/2021\/07\/meydan-logo.svg","width":195,"height":46,"caption":"Meydan TV"},"image":{"@id":"https:\/\/www.meydan.tv\/az\/#\/schema\/logo\/image\/"}},{"@type":"Person","@id":"https:\/\/www.meydan.tv\/az\/#\/schema\/person\/9cdbecf90d17180ce1dfbd95b08dcf47","name":"elli","sameAs":["https:\/\/x.com\/elli"]}]}},"_links":{"self":[{"href":"https:\/\/www.meydan.tv\/az\/wp-json\/wp\/v2\/posts\/245017","targetHints":{"allow":["GET"]}}],"collection":[{"href":"https:\/\/www.meydan.tv\/az\/wp-json\/wp\/v2\/posts"}],"about":[{"href":"https:\/\/www.meydan.tv\/az\/wp-json\/wp\/v2\/types\/post"}],"author":[{"embeddable":true,"href":"https:\/\/www.meydan.tv\/az\/wp-json\/wp\/v2\/users\/8"}],"replies":[{"embeddable":true,"href":"https:\/\/www.meydan.tv\/az\/wp-json\/wp\/v2\/comments?post=245017"}],"version-history":[{"count":1,"href":"https:\/\/www.meydan.tv\/az\/wp-json\/wp\/v2\/posts\/245017\/revisions"}],"predecessor-version":[{"id":245018,"href":"https:\/\/www.meydan.tv\/az\/wp-json\/wp\/v2\/posts\/245017\/revisions\/245018"}],"wp:featuredmedia":[{"embeddable":true,"href":"https:\/\/www.meydan.tv\/az\/wp-json\/wp\/v2\/media\/238404"}],"wp:attachment":[{"href":"https:\/\/www.meydan.tv\/az\/wp-json\/wp\/v2\/media?parent=245017"}],"wp:term":[{"taxonomy":"category","embeddable":true,"href":"https:\/\/www.meydan.tv\/az\/wp-json\/wp\/v2\/categories?post=245017"},{"taxonomy":"post_tag","embeddable":true,"href":"https:\/\/www.meydan.tv\/az\/wp-json\/wp\/v2\/tags?post=245017"}],"curies":[{"name":"wp","href":"https:\/\/api.w.org\/{rel}","templated":true}]}}