{"id":245007,"date":"2022-05-13T12:49:07","date_gmt":"2022-05-13T08:49:07","guid":{"rendered":"https:\/\/www.meydan.tv\/?p=245007"},"modified":"2022-05-13T12:49:09","modified_gmt":"2022-05-13T08:49:09","slug":"azerbaycan-eurovision-2022nin-finalinda","status":"publish","type":"post","link":"https:\/\/www.meydan.tv\/az\/article\/azerbaycan-eurovision-2022nin-finalinda\/","title":{"rendered":"Az\u0259rbaycan \u201cEurovision-2022\u201dnin final\u0131nda"},"content":{"rendered":"\n<p><\/p>\n\n\n\n<p><em>Nadir R\u00fcst\u0259mlinin s\u0259hn\u0259y\u0259 ne\u00e7\u0259 n\u00f6mr\u0259 il\u0259 \u00e7\u0131xaca\u011f\u0131 m\u0259lum olub<\/em><\/p>\n\n\n\n<p>Turind\u0259 ke\u00e7iril\u0259n \u201cEurovision-2022\u201d beyn\u0259lxalq mahn\u0131 m\u00fcsabiq\u0259sinin ikinci yar\u0131mfinal\u0131n\u0131n n\u00f6vb\u0259ti on final\u00e7\u0131s\u0131 b\u0259lli olub.<\/p>\n\n\n\n<p>Bel\u00e7ika, \u00c7exiya, Az\u0259rbaycan, Pol\u015fa, Finlandiya, Estoniya, Avstraliya, \u0130sve\u00e7, Rum\u0131niya v\u0259 Serbiya finalda i\u015ftirak \u015fans\u0131 qazan\u0131b.<\/p>\n\n\n\n<p>Bel\u0259likl\u0259, finalda Bel\u00e7ika, \u00c7exiya, Az\u0259rbaycan, Pol\u015fa, Finlandiya, Estoniya, Avstraliya, \u0130sve\u00e7, Rum\u0131niya, Serbiya, \u0130sve\u00e7r\u0259, Erm\u0259nistan, \u0130slandiya, Litva, Portuqaliya, Norve\u00e7, Yunan\u0131stan, Ukrayna, Moldova v\u0259 Hollandiyadan olan i\u015ftirak\u00e7\u0131lar \u00e7\u0131x\u0131\u015f ed\u0259c\u0259kl\u0259r.<\/p>\n\n\n\n<p>Final m\u0259rh\u0259l\u0259sin\u0259 ke\u00e7\u0259n Az\u0259rbaycan t\u0259msil\u00e7isi Nadir R\u00fcst\u0259mli s\u0259hn\u0259y\u0259 14 n\u00f6mr\u0259 il\u0259 \u00e7\u0131xacaq.<\/p>\n\n\n\n<p>O, \u201cFade to black\u201d lirik balladas\u0131n\u0131 oxuyacaq.<\/p>\n\n\n\n<p>\u201cEurovision\u201d mahn\u0131 m\u00fcsabiq\u0259sinin \u0259sas\u0131n\u0131 qoyan be\u015f \u00f6lk\u0259 &#8211; B\u00f6y\u00fck Britaniya, Fransa, Almaniya, \u0130spaniya v\u0259 \u0130taliya, h\u0259m\u00e7inin bu il m\u00fcsabiq\u0259y\u0259 ev sahibliyi ed\u0259n \u0130taliya yar\u0131mfinalda m\u00fcbariz\u0259d\u0259n azad edilib.<\/p>\n\n\n\n<p>Bu \u00f6lk\u0259l\u0259rin n\u00fcmay\u0259nd\u0259l\u0259ri birba\u015fa finalda \u00e7\u0131x\u0131\u015f ed\u0259c\u0259kl\u0259r.<\/p>\n\n\n\n<p>26 \u00f6lk\u0259nin i\u015ftirak ed\u0259c\u0259yi \u201cEurovision 2022\u201d beyn\u0259lxalq mahn\u0131 m\u00fcsabiq\u0259sinin final\u0131 may\u0131n 14-d\u0259 ke\u00e7iril\u0259c\u0259k.<\/p>\n\n\n\n<p>Nadir R\u00fcst\u0259mli \u201c\u0130nstagram\u201d s\u0259hif\u0259sind\u0259 g\u00f6st\u0259rdikl\u0259ri d\u0259st\u0259y\u0259 v\u0259 sevgiy\u0259 g\u00f6r\u0259 h\u0259r k\u0259s\u0259 t\u0259\u015f\u0259kk\u00fcr\u00fcn\u00fc <a href=\"https:\/\/www.instagram.com\/p\/CderwHSqu1A\/\" target=\"_blank\" rel=\"noreferrer noopener\">bildirib<\/a>.<br><\/p>\n\n\n\n<p>Final m\u0259rh\u0259l\u0259sin\u0259 ke\u00e7diyi \u00fc\u00e7\u00fcn \u00f6z\u00fcn\u00fc xo\u015fb\u0259xt hiss etdiyini, hissi ke\u00e7irdiyini qeyd edib:<\/p>\n\n\n\n<p>\u201cBu gec\u0259ni h\u0259mi\u015f\u0259lik xat\u0131rlayaca\u011fam. Bunu ya\u015fad\u0131\u011f\u0131n\u0131z \u00fc\u00e7\u00fcn ham\u0131n\u0131za t\u0259\u015f\u0259kk\u00fcr edir\u0259m\u201d.<\/p>\n","protected":false},"excerpt":{"rendered":"<p>Nadir R\u00fcst\u0259mlinin s\u0259hn\u0259y\u0259 ne\u00e7\u0259 n\u00f6mr\u0259 il\u0259 \u00e7\u0131xaca\u011f\u0131 m\u0259lum olub Turind\u0259 &#8230; <\/p>\n<p class=\"read-more-container\"><a title=\"Az\u0259rbaycan \u201cEurovision-2022\u201dnin final\u0131nda\" class=\"read-more button\" href=\"https:\/\/www.meydan.tv\/az\/article\/azerbaycan-eurovision-2022nin-finalinda\/#more-245007\" aria-label=\"Read more about Az\u0259rbaycan \u201cEurovision-2022\u201dnin final\u0131nda\">Davam\u0131<\/a><\/p>\n","protected":false},"author":8,"featured_media":245004,"comment_status":"closed","ping_status":"closed","sticky":false,"template":"","format":"standard","meta":{"_acf_changed":false,"_sitemap_exclude":false,"_sitemap_priority":"","_sitemap_frequency":"","footnotes":""},"categories":[52,56],"tags":[],"class_list":["post-245007","post","type-post","status-publish","format-standard","has-post-thumbnail","hentry","category-medeniyyet","category-xeberler","infinite-scroll-item","generate-columns","tablet-grid-50","mobile-grid-100","grid-parent","grid-33","no-featured-image-padding"],"acf":[],"yoast_head":"<!-- This site is optimized with the Yoast SEO plugin v27.5 - https:\/\/yoast.com\/product\/yoast-seo-wordpress\/ -->\n<title>Az\u0259rbaycan \u201cEurovision-2022\u201dnin final\u0131nda - MEYDAN.TV<\/title>\n<meta name=\"robots\" content=\"index, follow, max-snippet:-1, max-image-preview:large, max-video-preview:-1\" \/>\n<link rel=\"canonical\" href=\"https:\/\/www.meydan.tv\/az\/article\/azerbaycan-eurovision-2022nin-finalinda\/\" \/>\n<meta property=\"og:locale\" content=\"az_AZ\" \/>\n<meta property=\"og:type\" content=\"article\" \/>\n<meta property=\"og:title\" content=\"Az\u0259rbaycan \u201cEurovision-2022\u201dnin final\u0131nda - MEYDAN.TV\" \/>\n<meta property=\"og:description\" content=\"Nadir R\u00fcst\u0259mlinin s\u0259hn\u0259y\u0259 ne\u00e7\u0259 n\u00f6mr\u0259 il\u0259 \u00e7\u0131xaca\u011f\u0131 m\u0259lum olub Turind\u0259 ... Davam\u0131\" \/>\n<meta property=\"og:url\" content=\"https:\/\/www.meydan.tv\/az\/article\/azerbaycan-eurovision-2022nin-finalinda\/\" \/>\n<meta property=\"og:site_name\" content=\"MEYDAN.TV\" \/>\n<meta property=\"article:published_time\" content=\"2022-05-13T08:49:07+00:00\" \/>\n<meta property=\"article:modified_time\" content=\"2022-05-13T08:49:09+00:00\" \/>\n<meta property=\"og:image\" content=\"https:\/\/www.meydan.tv\/wp-content\/uploads\/wsi-imageoptim-nadir-e1652431275431.jpg\" \/>\n\t<meta property=\"og:image:width\" content=\"1200\" \/>\n\t<meta property=\"og:image:height\" content=\"573\" \/>\n\t<meta property=\"og:image:type\" content=\"image\/jpeg\" \/>\n<meta name=\"author\" content=\"elli\" \/>\n<meta name=\"twitter:card\" content=\"summary_large_image\" \/>\n<meta name=\"twitter:creator\" content=\"@elli\" \/>\n<script type=\"application\/ld+json\" class=\"yoast-schema-graph\">{\"@context\":\"https:\\\/\\\/schema.org\",\"@graph\":[{\"@type\":\"Article\",\"@id\":\"https:\\\/\\\/www.meydan.tv\\\/az\\\/article\\\/azerbaycan-eurovision-2022nin-finalinda\\\/#article\",\"isPartOf\":{\"@id\":\"https:\\\/\\\/www.meydan.tv\\\/az\\\/article\\\/azerbaycan-eurovision-2022nin-finalinda\\\/\"},\"author\":{\"name\":\"elli\",\"@id\":\"https:\\\/\\\/www.meydan.tv\\\/az\\\/#\\\/schema\\\/person\\\/9cdbecf90d17180ce1dfbd95b08dcf47\"},\"headline\":\"Az\u0259rbaycan \u201cEurovision-2022\u201dnin final\u0131nda\",\"datePublished\":\"2022-05-13T08:49:07+00:00\",\"dateModified\":\"2022-05-13T08:49:09+00:00\",\"mainEntityOfPage\":{\"@id\":\"https:\\\/\\\/www.meydan.tv\\\/az\\\/article\\\/azerbaycan-eurovision-2022nin-finalinda\\\/\"},\"wordCount\":289,\"publisher\":{\"@id\":\"https:\\\/\\\/www.meydan.tv\\\/az\\\/#organization\"},\"image\":{\"@id\":\"https:\\\/\\\/www.meydan.tv\\\/az\\\/article\\\/azerbaycan-eurovision-2022nin-finalinda\\\/#primaryimage\"},\"thumbnailUrl\":\"https:\\\/\\\/www.meydan.tv\\\/wp-content\\\/uploads\\\/wsi-imageoptim-nadir-e1652431275431.jpg\",\"articleSection\":[\"M\u0259d\u0259niyy\u0259t\",\"X\u0259b\u0259rl\u0259r\"],\"inLanguage\":\"az\"},{\"@type\":\"WebPage\",\"@id\":\"https:\\\/\\\/www.meydan.tv\\\/az\\\/article\\\/azerbaycan-eurovision-2022nin-finalinda\\\/\",\"url\":\"https:\\\/\\\/www.meydan.tv\\\/az\\\/article\\\/azerbaycan-eurovision-2022nin-finalinda\\\/\",\"name\":\"Az\u0259rbaycan \u201cEurovision-2022\u201dnin final\u0131nda - MEYDAN.TV\",\"isPartOf\":{\"@id\":\"https:\\\/\\\/www.meydan.tv\\\/az\\\/#website\"},\"primaryImageOfPage\":{\"@id\":\"https:\\\/\\\/www.meydan.tv\\\/az\\\/article\\\/azerbaycan-eurovision-2022nin-finalinda\\\/#primaryimage\"},\"image\":{\"@id\":\"https:\\\/\\\/www.meydan.tv\\\/az\\\/article\\\/azerbaycan-eurovision-2022nin-finalinda\\\/#primaryimage\"},\"thumbnailUrl\":\"https:\\\/\\\/www.meydan.tv\\\/wp-content\\\/uploads\\\/wsi-imageoptim-nadir-e1652431275431.jpg\",\"datePublished\":\"2022-05-13T08:49:07+00:00\",\"dateModified\":\"2022-05-13T08:49:09+00:00\",\"breadcrumb\":{\"@id\":\"https:\\\/\\\/www.meydan.tv\\\/az\\\/article\\\/azerbaycan-eurovision-2022nin-finalinda\\\/#breadcrumb\"},\"inLanguage\":\"az\",\"potentialAction\":[{\"@type\":\"ReadAction\",\"target\":[\"https:\\\/\\\/www.meydan.tv\\\/az\\\/article\\\/azerbaycan-eurovision-2022nin-finalinda\\\/\"]}]},{\"@type\":\"ImageObject\",\"inLanguage\":\"az\",\"@id\":\"https:\\\/\\\/www.meydan.tv\\\/az\\\/article\\\/azerbaycan-eurovision-2022nin-finalinda\\\/#primaryimage\",\"url\":\"https:\\\/\\\/www.meydan.tv\\\/wp-content\\\/uploads\\\/wsi-imageoptim-nadir-e1652431275431.jpg\",\"contentUrl\":\"https:\\\/\\\/www.meydan.tv\\\/wp-content\\\/uploads\\\/wsi-imageoptim-nadir-e1652431275431.jpg\",\"width\":1200,\"height\":573,\"caption\":\"Nadir R\u00fcst\u0259mli. Foto: \\\"esctoday.com\\\"\"},{\"@type\":\"BreadcrumbList\",\"@id\":\"https:\\\/\\\/www.meydan.tv\\\/az\\\/article\\\/azerbaycan-eurovision-2022nin-finalinda\\\/#breadcrumb\",\"itemListElement\":[{\"@type\":\"ListItem\",\"position\":1,\"name\":\"Ana s\u0259hif\u0259\",\"item\":\"https:\\\/\\\/www.meydan.tv\\\/az\\\/\"},{\"@type\":\"ListItem\",\"position\":2,\"name\":\"M\u0259d\u0259niyy\u0259t\",\"item\":\"https:\\\/\\\/www.meydan.tv\\\/az\\\/section\\\/medeniyyet\\\/\"},{\"@type\":\"ListItem\",\"position\":3,\"name\":\"Az\u0259rbaycan \u201cEurovision-2022\u201dnin final\u0131nda\"}]},{\"@type\":\"WebSite\",\"@id\":\"https:\\\/\\\/www.meydan.tv\\\/az\\\/#website\",\"url\":\"https:\\\/\\\/www.meydan.tv\\\/az\\\/\",\"name\":\"MEYDAN.TV\",\"description\":\"Meydan TV Az\u0259rbaycan\u0131n media m\u0259kan\u0131ndak\u0131 alternativ s\u0259sidir\",\"publisher\":{\"@id\":\"https:\\\/\\\/www.meydan.tv\\\/az\\\/#organization\"},\"potentialAction\":[{\"@type\":\"SearchAction\",\"target\":{\"@type\":\"EntryPoint\",\"urlTemplate\":\"https:\\\/\\\/www.meydan.tv\\\/az\\\/?s={search_term_string}\"},\"query-input\":{\"@type\":\"PropertyValueSpecification\",\"valueRequired\":true,\"valueName\":\"search_term_string\"}}],\"inLanguage\":\"az\"},{\"@type\":\"Organization\",\"@id\":\"https:\\\/\\\/www.meydan.tv\\\/az\\\/#organization\",\"name\":\"Meydan TV\",\"url\":\"https:\\\/\\\/www.meydan.tv\\\/az\\\/\",\"logo\":{\"@type\":\"ImageObject\",\"inLanguage\":\"az\",\"@id\":\"https:\\\/\\\/www.meydan.tv\\\/az\\\/#\\\/schema\\\/logo\\\/image\\\/\",\"url\":\"https:\\\/\\\/www.meydan.tv\\\/wp-content\\\/uploads\\\/2021\\\/07\\\/meydan-logo.svg\",\"contentUrl\":\"https:\\\/\\\/www.meydan.tv\\\/wp-content\\\/uploads\\\/2021\\\/07\\\/meydan-logo.svg\",\"width\":195,\"height\":46,\"caption\":\"Meydan TV\"},\"image\":{\"@id\":\"https:\\\/\\\/www.meydan.tv\\\/az\\\/#\\\/schema\\\/logo\\\/image\\\/\"}},{\"@type\":\"Person\",\"@id\":\"https:\\\/\\\/www.meydan.tv\\\/az\\\/#\\\/schema\\\/person\\\/9cdbecf90d17180ce1dfbd95b08dcf47\",\"name\":\"elli\",\"sameAs\":[\"https:\\\/\\\/x.com\\\/elli\"]}]}<\/script>\n<!-- \/ Yoast SEO plugin. -->","yoast_head_json":{"title":"Az\u0259rbaycan \u201cEurovision-2022\u201dnin final\u0131nda - MEYDAN.TV","robots":{"index":"index","follow":"follow","max-snippet":"max-snippet:-1","max-image-preview":"max-image-preview:large","max-video-preview":"max-video-preview:-1"},"canonical":"https:\/\/www.meydan.tv\/az\/article\/azerbaycan-eurovision-2022nin-finalinda\/","og_locale":"az_AZ","og_type":"article","og_title":"Az\u0259rbaycan \u201cEurovision-2022\u201dnin final\u0131nda - MEYDAN.TV","og_description":"Nadir R\u00fcst\u0259mlinin s\u0259hn\u0259y\u0259 ne\u00e7\u0259 n\u00f6mr\u0259 il\u0259 \u00e7\u0131xaca\u011f\u0131 m\u0259lum olub Turind\u0259 ... Davam\u0131","og_url":"https:\/\/www.meydan.tv\/az\/article\/azerbaycan-eurovision-2022nin-finalinda\/","og_site_name":"MEYDAN.TV","article_published_time":"2022-05-13T08:49:07+00:00","article_modified_time":"2022-05-13T08:49:09+00:00","og_image":[{"width":1200,"height":573,"url":"https:\/\/www.meydan.tv\/wp-content\/uploads\/wsi-imageoptim-nadir-e1652431275431.jpg","type":"image\/jpeg"}],"author":"elli","twitter_card":"summary_large_image","twitter_creator":"@elli","schema":{"@context":"https:\/\/schema.org","@graph":[{"@type":"Article","@id":"https:\/\/www.meydan.tv\/az\/article\/azerbaycan-eurovision-2022nin-finalinda\/#article","isPartOf":{"@id":"https:\/\/www.meydan.tv\/az\/article\/azerbaycan-eurovision-2022nin-finalinda\/"},"author":{"name":"elli","@id":"https:\/\/www.meydan.tv\/az\/#\/schema\/person\/9cdbecf90d17180ce1dfbd95b08dcf47"},"headline":"Az\u0259rbaycan \u201cEurovision-2022\u201dnin final\u0131nda","datePublished":"2022-05-13T08:49:07+00:00","dateModified":"2022-05-13T08:49:09+00:00","mainEntityOfPage":{"@id":"https:\/\/www.meydan.tv\/az\/article\/azerbaycan-eurovision-2022nin-finalinda\/"},"wordCount":289,"publisher":{"@id":"https:\/\/www.meydan.tv\/az\/#organization"},"image":{"@id":"https:\/\/www.meydan.tv\/az\/article\/azerbaycan-eurovision-2022nin-finalinda\/#primaryimage"},"thumbnailUrl":"https:\/\/www.meydan.tv\/wp-content\/uploads\/wsi-imageoptim-nadir-e1652431275431.jpg","articleSection":["M\u0259d\u0259niyy\u0259t","X\u0259b\u0259rl\u0259r"],"inLanguage":"az"},{"@type":"WebPage","@id":"https:\/\/www.meydan.tv\/az\/article\/azerbaycan-eurovision-2022nin-finalinda\/","url":"https:\/\/www.meydan.tv\/az\/article\/azerbaycan-eurovision-2022nin-finalinda\/","name":"Az\u0259rbaycan \u201cEurovision-2022\u201dnin final\u0131nda - MEYDAN.TV","isPartOf":{"@id":"https:\/\/www.meydan.tv\/az\/#website"},"primaryImageOfPage":{"@id":"https:\/\/www.meydan.tv\/az\/article\/azerbaycan-eurovision-2022nin-finalinda\/#primaryimage"},"image":{"@id":"https:\/\/www.meydan.tv\/az\/article\/azerbaycan-eurovision-2022nin-finalinda\/#primaryimage"},"thumbnailUrl":"https:\/\/www.meydan.tv\/wp-content\/uploads\/wsi-imageoptim-nadir-e1652431275431.jpg","datePublished":"2022-05-13T08:49:07+00:00","dateModified":"2022-05-13T08:49:09+00:00","breadcrumb":{"@id":"https:\/\/www.meydan.tv\/az\/article\/azerbaycan-eurovision-2022nin-finalinda\/#breadcrumb"},"inLanguage":"az","potentialAction":[{"@type":"ReadAction","target":["https:\/\/www.meydan.tv\/az\/article\/azerbaycan-eurovision-2022nin-finalinda\/"]}]},{"@type":"ImageObject","inLanguage":"az","@id":"https:\/\/www.meydan.tv\/az\/article\/azerbaycan-eurovision-2022nin-finalinda\/#primaryimage","url":"https:\/\/www.meydan.tv\/wp-content\/uploads\/wsi-imageoptim-nadir-e1652431275431.jpg","contentUrl":"https:\/\/www.meydan.tv\/wp-content\/uploads\/wsi-imageoptim-nadir-e1652431275431.jpg","width":1200,"height":573,"caption":"Nadir R\u00fcst\u0259mli. Foto: \"esctoday.com\""},{"@type":"BreadcrumbList","@id":"https:\/\/www.meydan.tv\/az\/article\/azerbaycan-eurovision-2022nin-finalinda\/#breadcrumb","itemListElement":[{"@type":"ListItem","position":1,"name":"Ana s\u0259hif\u0259","item":"https:\/\/www.meydan.tv\/az\/"},{"@type":"ListItem","position":2,"name":"M\u0259d\u0259niyy\u0259t","item":"https:\/\/www.meydan.tv\/az\/section\/medeniyyet\/"},{"@type":"ListItem","position":3,"name":"Az\u0259rbaycan \u201cEurovision-2022\u201dnin final\u0131nda"}]},{"@type":"WebSite","@id":"https:\/\/www.meydan.tv\/az\/#website","url":"https:\/\/www.meydan.tv\/az\/","name":"MEYDAN.TV","description":"Meydan TV Az\u0259rbaycan\u0131n media m\u0259kan\u0131ndak\u0131 alternativ s\u0259sidir","publisher":{"@id":"https:\/\/www.meydan.tv\/az\/#organization"},"potentialAction":[{"@type":"SearchAction","target":{"@type":"EntryPoint","urlTemplate":"https:\/\/www.meydan.tv\/az\/?s={search_term_string}"},"query-input":{"@type":"PropertyValueSpecification","valueRequired":true,"valueName":"search_term_string"}}],"inLanguage":"az"},{"@type":"Organization","@id":"https:\/\/www.meydan.tv\/az\/#organization","name":"Meydan TV","url":"https:\/\/www.meydan.tv\/az\/","logo":{"@type":"ImageObject","inLanguage":"az","@id":"https:\/\/www.meydan.tv\/az\/#\/schema\/logo\/image\/","url":"https:\/\/www.meydan.tv\/wp-content\/uploads\/2021\/07\/meydan-logo.svg","contentUrl":"https:\/\/www.meydan.tv\/wp-content\/uploads\/2021\/07\/meydan-logo.svg","width":195,"height":46,"caption":"Meydan TV"},"image":{"@id":"https:\/\/www.meydan.tv\/az\/#\/schema\/logo\/image\/"}},{"@type":"Person","@id":"https:\/\/www.meydan.tv\/az\/#\/schema\/person\/9cdbecf90d17180ce1dfbd95b08dcf47","name":"elli","sameAs":["https:\/\/x.com\/elli"]}]}},"_links":{"self":[{"href":"https:\/\/www.meydan.tv\/az\/wp-json\/wp\/v2\/posts\/245007","targetHints":{"allow":["GET"]}}],"collection":[{"href":"https:\/\/www.meydan.tv\/az\/wp-json\/wp\/v2\/posts"}],"about":[{"href":"https:\/\/www.meydan.tv\/az\/wp-json\/wp\/v2\/types\/post"}],"author":[{"embeddable":true,"href":"https:\/\/www.meydan.tv\/az\/wp-json\/wp\/v2\/users\/8"}],"replies":[{"embeddable":true,"href":"https:\/\/www.meydan.tv\/az\/wp-json\/wp\/v2\/comments?post=245007"}],"version-history":[{"count":2,"href":"https:\/\/www.meydan.tv\/az\/wp-json\/wp\/v2\/posts\/245007\/revisions"}],"predecessor-version":[{"id":245010,"href":"https:\/\/www.meydan.tv\/az\/wp-json\/wp\/v2\/posts\/245007\/revisions\/245010"}],"wp:featuredmedia":[{"embeddable":true,"href":"https:\/\/www.meydan.tv\/az\/wp-json\/wp\/v2\/media\/245004"}],"wp:attachment":[{"href":"https:\/\/www.meydan.tv\/az\/wp-json\/wp\/v2\/media?parent=245007"}],"wp:term":[{"taxonomy":"category","embeddable":true,"href":"https:\/\/www.meydan.tv\/az\/wp-json\/wp\/v2\/categories?post=245007"},{"taxonomy":"post_tag","embeddable":true,"href":"https:\/\/www.meydan.tv\/az\/wp-json\/wp\/v2\/tags?post=245007"}],"curies":[{"name":"wp","href":"https:\/\/api.w.org\/{rel}","templated":true}]}}