{"id":244857,"date":"2022-05-11T12:23:29","date_gmt":"2022-05-11T08:23:29","guid":{"rendered":"https:\/\/www.meydan.tv\/?p=244857"},"modified":"2022-05-11T12:23:30","modified_gmt":"2022-05-11T08:23:30","slug":"rusiya-azerbaycanli-jurnalisti-axtarisa-verdi","status":"publish","type":"post","link":"https:\/\/www.meydan.tv\/az\/article\/rusiya-azerbaycanli-jurnalisti-axtarisa-verdi\/","title":{"rendered":"Rusiya az\u0259rbaycanl\u0131 jurnalisti axtar\u0131\u015fa verdi"},"content":{"rendered":"\n<p><\/p>\n\n\n\n<p><em>R\u00f6v\u015f\u0259n \u018fsg\u0259rovun Jukovu t\u0259hqir etdiyi iddia olunur<\/em><\/p>\n\n\n\n<p>Rusiya Daxili \u0130\u015fl\u0259r Nazirliyi &#8220;N\u0259? Harada? N\u0259 vaxt?&#8221; televiziya oyununun i\u015ftirak\u00e7\u0131s\u0131, az\u0259rbaycanl\u0131 jurnalist R\u00f6v\u015f\u0259n \u018fsg\u0259rov bar\u0259sind\u0259 axtar\u0131\u015f elan edib.<\/p>\n\n\n\n<p>Nazirliyin may\u0131n 10-da yayd\u0131\u011f\u0131 <a href=\"https:\/\/tass.ru\/proisshestviya\/14593257\" target=\"_blank\" rel=\"noreferrer noopener\">m\u0259lumat<\/a>da qeyd olunub ki, aprelin sonunda \u0130stintaq Komit\u0259sinin m\u00fcst\u0259ntiql\u0259ri \u018fsg\u0259rova qar\u015f\u0131 nasizmin reabilitasiyas\u0131 (Rusiya Federasiyas\u0131 Cinay\u0259t M\u0259c\u0259ll\u0259sinin 354.1-ci madd\u0259sinin 4-c\u00fc hiss\u0259si) \u00fczr\u0259 cinay\u0259t i\u015fi a\u00e7\u0131blar.<\/p>\n\n\n\n<p>\u0130stintaq iddia edir ki, o, aprelin 6-da \u201cFacebook\u201d s\u0259hif\u0259sind\u0259 Sovet \u0130ttifaq\u0131 mar\u015fal\u0131 Georgi Konstantinovi\u00e7 Jukovun xatir\u0259sini t\u0259hqir ed\u0259n m\u0259lumatlar yaz\u0131b.<\/p>\n\n\n\n<p>\u018fg\u0259r R.\u018fsg\u0259rov saxlan\u0131larsa, onu 5 milyon rubla q\u0259d\u0259r c\u0259rim\u0259 v\u0259 ya 6 il\u0259d\u0259k m\u00fcdd\u0259t\u0259 azadl\u0131qdan m\u0259hrumetm\u0259 c\u0259zas\u0131 <a href=\"https:\/\/www.meydan.tv\/az\/article\/baku-jurnalinin-direktoruna-rusiyada-cinayet-isi-acilib\/\" target=\"_blank\" rel=\"noreferrer noopener\">g\u00f6zl\u0259yir<\/a>.<\/p>\n\n\n\n<p>49 ya\u015fl\u0131 R\u00f6v\u015f\u0259n \u018fsg\u0259rov Az\u0259rbaycan v\u0259 Rusiya v\u0259t\u0259nda\u015f\u0131d\u0131r. \u018fsas\u0259n Moskvada ya\u015fay\u0131r.<\/p>\n\n\n\n<p>2009-cu ild\u0259n \u201cBaku\u201d jurnal\u0131n\u0131n direktorudur.<\/p>\n\n\n\n<p>Jurnal\u0131n ba\u015f redaktoru Heyd\u0259r \u018fliyev Fondunun vitse-prezidenti Leyla \u018fliyevad\u0131r.<\/p>\n","protected":false},"excerpt":{"rendered":"<p>R\u00f6v\u015f\u0259n \u018fsg\u0259rovun Jukovu t\u0259hqir etdiyi iddia olunur Rusiya Daxili \u0130\u015fl\u0259r &#8230; <\/p>\n<p class=\"read-more-container\"><a title=\"Rusiya az\u0259rbaycanl\u0131 jurnalisti axtar\u0131\u015fa verdi\" class=\"read-more button\" href=\"https:\/\/www.meydan.tv\/az\/article\/rusiya-azerbaycanli-jurnalisti-axtarisa-verdi\/#more-244857\" aria-label=\"Read more about Rusiya az\u0259rbaycanl\u0131 jurnalisti axtar\u0131\u015fa verdi\">Davam\u0131<\/a><\/p>\n","protected":false},"author":8,"featured_media":243510,"comment_status":"closed","ping_status":"closed","sticky":false,"template":"","format":"standard","meta":{"_acf_changed":false,"_sitemap_exclude":false,"_sitemap_priority":"","_sitemap_frequency":"","footnotes":""},"categories":[56],"tags":[],"class_list":["post-244857","post","type-post","status-publish","format-standard","has-post-thumbnail","hentry","category-xeberler","infinite-scroll-item","generate-columns","tablet-grid-50","mobile-grid-100","grid-parent","grid-33","no-featured-image-padding"],"acf":[],"yoast_head":"<!-- This site is optimized with the Yoast SEO plugin v27.4 - https:\/\/yoast.com\/product\/yoast-seo-wordpress\/ -->\n<title>Rusiya az\u0259rbaycanl\u0131 jurnalisti axtar\u0131\u015fa verdi - MEYDAN.TV<\/title>\n<meta name=\"robots\" content=\"index, follow, max-snippet:-1, max-image-preview:large, max-video-preview:-1\" \/>\n<link rel=\"canonical\" href=\"https:\/\/www.meydan.tv\/az\/article\/rusiya-azerbaycanli-jurnalisti-axtarisa-verdi\/\" \/>\n<meta property=\"og:locale\" content=\"az_AZ\" \/>\n<meta property=\"og:type\" content=\"article\" \/>\n<meta property=\"og:title\" content=\"Rusiya az\u0259rbaycanl\u0131 jurnalisti axtar\u0131\u015fa verdi - MEYDAN.TV\" \/>\n<meta property=\"og:description\" content=\"R\u00f6v\u015f\u0259n \u018fsg\u0259rovun Jukovu t\u0259hqir etdiyi iddia olunur Rusiya Daxili \u0130\u015fl\u0259r ... Davam\u0131\" \/>\n<meta property=\"og:url\" content=\"https:\/\/www.meydan.tv\/az\/article\/rusiya-azerbaycanli-jurnalisti-axtarisa-verdi\/\" \/>\n<meta property=\"og:site_name\" content=\"MEYDAN.TV\" \/>\n<meta property=\"article:published_time\" content=\"2022-05-11T08:23:29+00:00\" \/>\n<meta property=\"article:modified_time\" content=\"2022-05-11T08:23:30+00:00\" \/>\n<meta property=\"og:image\" content=\"https:\/\/www.meydan.tv\/wp-content\/uploads\/rovshan_asgarov_270422-e1651067728807.jpg\" \/>\n\t<meta property=\"og:image:width\" content=\"1200\" \/>\n\t<meta property=\"og:image:height\" content=\"522\" \/>\n\t<meta property=\"og:image:type\" content=\"image\/jpeg\" \/>\n<meta name=\"author\" content=\"elli\" \/>\n<meta name=\"twitter:card\" content=\"summary_large_image\" \/>\n<meta name=\"twitter:creator\" content=\"@elli\" \/>\n<script type=\"application\/ld+json\" class=\"yoast-schema-graph\">{\"@context\":\"https:\\\/\\\/schema.org\",\"@graph\":[{\"@type\":\"Article\",\"@id\":\"https:\\\/\\\/www.meydan.tv\\\/az\\\/article\\\/rusiya-azerbaycanli-jurnalisti-axtarisa-verdi\\\/#article\",\"isPartOf\":{\"@id\":\"https:\\\/\\\/www.meydan.tv\\\/az\\\/article\\\/rusiya-azerbaycanli-jurnalisti-axtarisa-verdi\\\/\"},\"author\":{\"name\":\"elli\",\"@id\":\"https:\\\/\\\/www.meydan.tv\\\/az\\\/#\\\/schema\\\/person\\\/9cdbecf90d17180ce1dfbd95b08dcf47\"},\"headline\":\"Rusiya az\u0259rbaycanl\u0131 jurnalisti axtar\u0131\u015fa verdi\",\"datePublished\":\"2022-05-11T08:23:29+00:00\",\"dateModified\":\"2022-05-11T08:23:30+00:00\",\"mainEntityOfPage\":{\"@id\":\"https:\\\/\\\/www.meydan.tv\\\/az\\\/article\\\/rusiya-azerbaycanli-jurnalisti-axtarisa-verdi\\\/\"},\"wordCount\":192,\"publisher\":{\"@id\":\"https:\\\/\\\/www.meydan.tv\\\/az\\\/#organization\"},\"image\":{\"@id\":\"https:\\\/\\\/www.meydan.tv\\\/az\\\/article\\\/rusiya-azerbaycanli-jurnalisti-axtarisa-verdi\\\/#primaryimage\"},\"thumbnailUrl\":\"https:\\\/\\\/www.meydan.tv\\\/wp-content\\\/uploads\\\/rovshan_asgarov_270422-e1651067728807.jpg\",\"articleSection\":[\"X\u0259b\u0259rl\u0259r\"],\"inLanguage\":\"az\"},{\"@type\":\"WebPage\",\"@id\":\"https:\\\/\\\/www.meydan.tv\\\/az\\\/article\\\/rusiya-azerbaycanli-jurnalisti-axtarisa-verdi\\\/\",\"url\":\"https:\\\/\\\/www.meydan.tv\\\/az\\\/article\\\/rusiya-azerbaycanli-jurnalisti-axtarisa-verdi\\\/\",\"name\":\"Rusiya az\u0259rbaycanl\u0131 jurnalisti axtar\u0131\u015fa verdi - MEYDAN.TV\",\"isPartOf\":{\"@id\":\"https:\\\/\\\/www.meydan.tv\\\/az\\\/#website\"},\"primaryImageOfPage\":{\"@id\":\"https:\\\/\\\/www.meydan.tv\\\/az\\\/article\\\/rusiya-azerbaycanli-jurnalisti-axtarisa-verdi\\\/#primaryimage\"},\"image\":{\"@id\":\"https:\\\/\\\/www.meydan.tv\\\/az\\\/article\\\/rusiya-azerbaycanli-jurnalisti-axtarisa-verdi\\\/#primaryimage\"},\"thumbnailUrl\":\"https:\\\/\\\/www.meydan.tv\\\/wp-content\\\/uploads\\\/rovshan_asgarov_270422-e1651067728807.jpg\",\"datePublished\":\"2022-05-11T08:23:29+00:00\",\"dateModified\":\"2022-05-11T08:23:30+00:00\",\"breadcrumb\":{\"@id\":\"https:\\\/\\\/www.meydan.tv\\\/az\\\/article\\\/rusiya-azerbaycanli-jurnalisti-axtarisa-verdi\\\/#breadcrumb\"},\"inLanguage\":\"az\",\"potentialAction\":[{\"@type\":\"ReadAction\",\"target\":[\"https:\\\/\\\/www.meydan.tv\\\/az\\\/article\\\/rusiya-azerbaycanli-jurnalisti-axtarisa-verdi\\\/\"]}]},{\"@type\":\"ImageObject\",\"inLanguage\":\"az\",\"@id\":\"https:\\\/\\\/www.meydan.tv\\\/az\\\/article\\\/rusiya-azerbaycanli-jurnalisti-axtarisa-verdi\\\/#primaryimage\",\"url\":\"https:\\\/\\\/www.meydan.tv\\\/wp-content\\\/uploads\\\/rovshan_asgarov_270422-e1651067728807.jpg\",\"contentUrl\":\"https:\\\/\\\/www.meydan.tv\\\/wp-content\\\/uploads\\\/rovshan_asgarov_270422-e1651067728807.jpg\",\"width\":1200,\"height\":522,\"caption\":\"R\u00f6v\u015f\u0259n \u018fsg\u0259rov. Foto: \\\"Trend.az\\\"\"},{\"@type\":\"BreadcrumbList\",\"@id\":\"https:\\\/\\\/www.meydan.tv\\\/az\\\/article\\\/rusiya-azerbaycanli-jurnalisti-axtarisa-verdi\\\/#breadcrumb\",\"itemListElement\":[{\"@type\":\"ListItem\",\"position\":1,\"name\":\"Ana s\u0259hif\u0259\",\"item\":\"https:\\\/\\\/www.meydan.tv\\\/az\\\/\"},{\"@type\":\"ListItem\",\"position\":2,\"name\":\"X\u0259b\u0259rl\u0259r\",\"item\":\"https:\\\/\\\/www.meydan.tv\\\/az\\\/section\\\/xeberler\\\/\"},{\"@type\":\"ListItem\",\"position\":3,\"name\":\"Rusiya az\u0259rbaycanl\u0131 jurnalisti axtar\u0131\u015fa verdi\"}]},{\"@type\":\"WebSite\",\"@id\":\"https:\\\/\\\/www.meydan.tv\\\/az\\\/#website\",\"url\":\"https:\\\/\\\/www.meydan.tv\\\/az\\\/\",\"name\":\"MEYDAN.TV\",\"description\":\"Meydan TV Az\u0259rbaycan\u0131n media m\u0259kan\u0131ndak\u0131 alternativ s\u0259sidir\",\"publisher\":{\"@id\":\"https:\\\/\\\/www.meydan.tv\\\/az\\\/#organization\"},\"potentialAction\":[{\"@type\":\"SearchAction\",\"target\":{\"@type\":\"EntryPoint\",\"urlTemplate\":\"https:\\\/\\\/www.meydan.tv\\\/az\\\/?s={search_term_string}\"},\"query-input\":{\"@type\":\"PropertyValueSpecification\",\"valueRequired\":true,\"valueName\":\"search_term_string\"}}],\"inLanguage\":\"az\"},{\"@type\":\"Organization\",\"@id\":\"https:\\\/\\\/www.meydan.tv\\\/az\\\/#organization\",\"name\":\"Meydan TV\",\"url\":\"https:\\\/\\\/www.meydan.tv\\\/az\\\/\",\"logo\":{\"@type\":\"ImageObject\",\"inLanguage\":\"az\",\"@id\":\"https:\\\/\\\/www.meydan.tv\\\/az\\\/#\\\/schema\\\/logo\\\/image\\\/\",\"url\":\"https:\\\/\\\/www.meydan.tv\\\/wp-content\\\/uploads\\\/2021\\\/07\\\/meydan-logo.svg\",\"contentUrl\":\"https:\\\/\\\/www.meydan.tv\\\/wp-content\\\/uploads\\\/2021\\\/07\\\/meydan-logo.svg\",\"width\":195,\"height\":46,\"caption\":\"Meydan TV\"},\"image\":{\"@id\":\"https:\\\/\\\/www.meydan.tv\\\/az\\\/#\\\/schema\\\/logo\\\/image\\\/\"}},{\"@type\":\"Person\",\"@id\":\"https:\\\/\\\/www.meydan.tv\\\/az\\\/#\\\/schema\\\/person\\\/9cdbecf90d17180ce1dfbd95b08dcf47\",\"name\":\"elli\",\"sameAs\":[\"https:\\\/\\\/x.com\\\/elli\"]}]}<\/script>\n<!-- \/ Yoast SEO plugin. -->","yoast_head_json":{"title":"Rusiya az\u0259rbaycanl\u0131 jurnalisti axtar\u0131\u015fa verdi - MEYDAN.TV","robots":{"index":"index","follow":"follow","max-snippet":"max-snippet:-1","max-image-preview":"max-image-preview:large","max-video-preview":"max-video-preview:-1"},"canonical":"https:\/\/www.meydan.tv\/az\/article\/rusiya-azerbaycanli-jurnalisti-axtarisa-verdi\/","og_locale":"az_AZ","og_type":"article","og_title":"Rusiya az\u0259rbaycanl\u0131 jurnalisti axtar\u0131\u015fa verdi - MEYDAN.TV","og_description":"R\u00f6v\u015f\u0259n \u018fsg\u0259rovun Jukovu t\u0259hqir etdiyi iddia olunur Rusiya Daxili \u0130\u015fl\u0259r ... Davam\u0131","og_url":"https:\/\/www.meydan.tv\/az\/article\/rusiya-azerbaycanli-jurnalisti-axtarisa-verdi\/","og_site_name":"MEYDAN.TV","article_published_time":"2022-05-11T08:23:29+00:00","article_modified_time":"2022-05-11T08:23:30+00:00","og_image":[{"width":1200,"height":522,"url":"https:\/\/www.meydan.tv\/wp-content\/uploads\/rovshan_asgarov_270422-e1651067728807.jpg","type":"image\/jpeg"}],"author":"elli","twitter_card":"summary_large_image","twitter_creator":"@elli","schema":{"@context":"https:\/\/schema.org","@graph":[{"@type":"Article","@id":"https:\/\/www.meydan.tv\/az\/article\/rusiya-azerbaycanli-jurnalisti-axtarisa-verdi\/#article","isPartOf":{"@id":"https:\/\/www.meydan.tv\/az\/article\/rusiya-azerbaycanli-jurnalisti-axtarisa-verdi\/"},"author":{"name":"elli","@id":"https:\/\/www.meydan.tv\/az\/#\/schema\/person\/9cdbecf90d17180ce1dfbd95b08dcf47"},"headline":"Rusiya az\u0259rbaycanl\u0131 jurnalisti axtar\u0131\u015fa verdi","datePublished":"2022-05-11T08:23:29+00:00","dateModified":"2022-05-11T08:23:30+00:00","mainEntityOfPage":{"@id":"https:\/\/www.meydan.tv\/az\/article\/rusiya-azerbaycanli-jurnalisti-axtarisa-verdi\/"},"wordCount":192,"publisher":{"@id":"https:\/\/www.meydan.tv\/az\/#organization"},"image":{"@id":"https:\/\/www.meydan.tv\/az\/article\/rusiya-azerbaycanli-jurnalisti-axtarisa-verdi\/#primaryimage"},"thumbnailUrl":"https:\/\/www.meydan.tv\/wp-content\/uploads\/rovshan_asgarov_270422-e1651067728807.jpg","articleSection":["X\u0259b\u0259rl\u0259r"],"inLanguage":"az"},{"@type":"WebPage","@id":"https:\/\/www.meydan.tv\/az\/article\/rusiya-azerbaycanli-jurnalisti-axtarisa-verdi\/","url":"https:\/\/www.meydan.tv\/az\/article\/rusiya-azerbaycanli-jurnalisti-axtarisa-verdi\/","name":"Rusiya az\u0259rbaycanl\u0131 jurnalisti axtar\u0131\u015fa verdi - MEYDAN.TV","isPartOf":{"@id":"https:\/\/www.meydan.tv\/az\/#website"},"primaryImageOfPage":{"@id":"https:\/\/www.meydan.tv\/az\/article\/rusiya-azerbaycanli-jurnalisti-axtarisa-verdi\/#primaryimage"},"image":{"@id":"https:\/\/www.meydan.tv\/az\/article\/rusiya-azerbaycanli-jurnalisti-axtarisa-verdi\/#primaryimage"},"thumbnailUrl":"https:\/\/www.meydan.tv\/wp-content\/uploads\/rovshan_asgarov_270422-e1651067728807.jpg","datePublished":"2022-05-11T08:23:29+00:00","dateModified":"2022-05-11T08:23:30+00:00","breadcrumb":{"@id":"https:\/\/www.meydan.tv\/az\/article\/rusiya-azerbaycanli-jurnalisti-axtarisa-verdi\/#breadcrumb"},"inLanguage":"az","potentialAction":[{"@type":"ReadAction","target":["https:\/\/www.meydan.tv\/az\/article\/rusiya-azerbaycanli-jurnalisti-axtarisa-verdi\/"]}]},{"@type":"ImageObject","inLanguage":"az","@id":"https:\/\/www.meydan.tv\/az\/article\/rusiya-azerbaycanli-jurnalisti-axtarisa-verdi\/#primaryimage","url":"https:\/\/www.meydan.tv\/wp-content\/uploads\/rovshan_asgarov_270422-e1651067728807.jpg","contentUrl":"https:\/\/www.meydan.tv\/wp-content\/uploads\/rovshan_asgarov_270422-e1651067728807.jpg","width":1200,"height":522,"caption":"R\u00f6v\u015f\u0259n \u018fsg\u0259rov. Foto: \"Trend.az\""},{"@type":"BreadcrumbList","@id":"https:\/\/www.meydan.tv\/az\/article\/rusiya-azerbaycanli-jurnalisti-axtarisa-verdi\/#breadcrumb","itemListElement":[{"@type":"ListItem","position":1,"name":"Ana s\u0259hif\u0259","item":"https:\/\/www.meydan.tv\/az\/"},{"@type":"ListItem","position":2,"name":"X\u0259b\u0259rl\u0259r","item":"https:\/\/www.meydan.tv\/az\/section\/xeberler\/"},{"@type":"ListItem","position":3,"name":"Rusiya az\u0259rbaycanl\u0131 jurnalisti axtar\u0131\u015fa verdi"}]},{"@type":"WebSite","@id":"https:\/\/www.meydan.tv\/az\/#website","url":"https:\/\/www.meydan.tv\/az\/","name":"MEYDAN.TV","description":"Meydan TV Az\u0259rbaycan\u0131n media m\u0259kan\u0131ndak\u0131 alternativ s\u0259sidir","publisher":{"@id":"https:\/\/www.meydan.tv\/az\/#organization"},"potentialAction":[{"@type":"SearchAction","target":{"@type":"EntryPoint","urlTemplate":"https:\/\/www.meydan.tv\/az\/?s={search_term_string}"},"query-input":{"@type":"PropertyValueSpecification","valueRequired":true,"valueName":"search_term_string"}}],"inLanguage":"az"},{"@type":"Organization","@id":"https:\/\/www.meydan.tv\/az\/#organization","name":"Meydan TV","url":"https:\/\/www.meydan.tv\/az\/","logo":{"@type":"ImageObject","inLanguage":"az","@id":"https:\/\/www.meydan.tv\/az\/#\/schema\/logo\/image\/","url":"https:\/\/www.meydan.tv\/wp-content\/uploads\/2021\/07\/meydan-logo.svg","contentUrl":"https:\/\/www.meydan.tv\/wp-content\/uploads\/2021\/07\/meydan-logo.svg","width":195,"height":46,"caption":"Meydan TV"},"image":{"@id":"https:\/\/www.meydan.tv\/az\/#\/schema\/logo\/image\/"}},{"@type":"Person","@id":"https:\/\/www.meydan.tv\/az\/#\/schema\/person\/9cdbecf90d17180ce1dfbd95b08dcf47","name":"elli","sameAs":["https:\/\/x.com\/elli"]}]}},"_links":{"self":[{"href":"https:\/\/www.meydan.tv\/az\/wp-json\/wp\/v2\/posts\/244857","targetHints":{"allow":["GET"]}}],"collection":[{"href":"https:\/\/www.meydan.tv\/az\/wp-json\/wp\/v2\/posts"}],"about":[{"href":"https:\/\/www.meydan.tv\/az\/wp-json\/wp\/v2\/types\/post"}],"author":[{"embeddable":true,"href":"https:\/\/www.meydan.tv\/az\/wp-json\/wp\/v2\/users\/8"}],"replies":[{"embeddable":true,"href":"https:\/\/www.meydan.tv\/az\/wp-json\/wp\/v2\/comments?post=244857"}],"version-history":[{"count":1,"href":"https:\/\/www.meydan.tv\/az\/wp-json\/wp\/v2\/posts\/244857\/revisions"}],"predecessor-version":[{"id":244858,"href":"https:\/\/www.meydan.tv\/az\/wp-json\/wp\/v2\/posts\/244857\/revisions\/244858"}],"wp:featuredmedia":[{"embeddable":true,"href":"https:\/\/www.meydan.tv\/az\/wp-json\/wp\/v2\/media\/243510"}],"wp:attachment":[{"href":"https:\/\/www.meydan.tv\/az\/wp-json\/wp\/v2\/media?parent=244857"}],"wp:term":[{"taxonomy":"category","embeddable":true,"href":"https:\/\/www.meydan.tv\/az\/wp-json\/wp\/v2\/categories?post=244857"},{"taxonomy":"post_tag","embeddable":true,"href":"https:\/\/www.meydan.tv\/az\/wp-json\/wp\/v2\/tags?post=244857"}],"curies":[{"name":"wp","href":"https:\/\/api.w.org\/{rel}","templated":true}]}}