{"id":244851,"date":"2022-05-11T12:24:19","date_gmt":"2022-05-11T08:24:19","guid":{"rendered":"https:\/\/www.meydan.tv\/?p=244851"},"modified":"2022-05-11T12:24:20","modified_gmt":"2022-05-11T08:24:20","slug":"eurovision-2022nin-ilk-finalcilari-mueyyenlesib","status":"publish","type":"post","link":"https:\/\/www.meydan.tv\/az\/article\/eurovision-2022nin-ilk-finalcilari-mueyyenlesib\/","title":{"rendered":"\u201cEurovision 2022\u201dnin ilk final\u00e7\u0131lar\u0131 m\u00fc\u0259yy\u0259nl\u0259\u015fib"},"content":{"rendered":"\n<p class=\"wp-block-paragraph\"><\/p>\n\n\n\n<p class=\"wp-block-paragraph\"><em>Yar\u0131\u015fman\u0131n yar\u0131mfinal\u0131 may\u0131n 12-d\u0259, final\u0131 is\u0259 14-d\u0259 olacaq<\/em><\/p>\n\n\n\n<p class=\"wp-block-paragraph\">\u201cEurovision 2022\u201dnin ilk final\u00e7\u0131lar\u0131n\u0131n m\u00fc\u0259yy\u0259nl\u0259\u015fdiyi a\u00e7\u0131qlan\u0131b.<\/p>\n\n\n\n<p class=\"wp-block-paragraph\">Bildirilir ki, finala \u0130sve\u00e7r\u0259, Erm\u0259nistan, \u0130slandiya, Litva, Portuqaliya, Norve\u00e7, Yunan\u0131stan, Ukrayna, Moldova v\u0259 Hollandiya \u00e7\u0131x\u0131b.<\/p>\n\n\n\n<p class=\"wp-block-paragraph\">\u201cThe sound of beauty\u201d (\u201cG\u00f6z\u0259lliyin s\u0259si\u201d) \u015f\u00fcar\u0131 il\u0259 66-c\u0131 d\u0259f\u0259dir ki, t\u0259\u015fkil olunan yar\u0131\u015fman\u0131n dig\u0259r yar\u0131mfinal\u0131 may\u0131n 12-d\u0259, final\u0131 is\u0259 14-d\u0259 olacaq.<\/p>\n\n\n\n<p class=\"wp-block-paragraph\">M\u00fcsabiq\u0259d\u0259 Az\u0259rbaycan\u0131 m\u00fc\u011f\u0259nni Nadir R\u00fcst\u0259mli \u201cFade to black\u201d lirik balladas\u0131 il\u0259 t\u0259msil edir.<\/p>\n\n\n\n<p class=\"wp-block-paragraph\">\u0130fa\u00e7\u0131 may\u0131n 12-d\u0259, ikinci yar\u0131mfinalda d\u00f6rd\u00fcnc\u00fc n\u00f6mr\u0259 il\u0259 s\u0259hn\u0259y\u0259 \u00e7\u0131xacaq.<\/p>\n\n\n\n<p class=\"wp-block-paragraph\">\u201cEurovision\u201d mahn\u0131 m\u00fcsabiq\u0259sinin \u0259sas\u0131n\u0131 qoyan be\u015f \u00f6lk\u0259 &#8211; B\u00f6y\u00fck Britaniya, Fransa, Almaniya, \u0130spaniya v\u0259 \u0130taliya, h\u0259m\u00e7inin bu il m\u00fcsabiq\u0259y\u0259 ev sahibliyi ed\u0259n \u0130taliya yar\u0131mfinalda m\u00fcbariz\u0259d\u0259n azad edilib.<\/p>\n\n\n\n<p class=\"wp-block-paragraph\">Bu \u00f6lk\u0259 t\u0259msil\u00e7il\u0259ri birba\u015fa finalda \u00e7\u0131x\u0131\u015f ed\u0259c\u0259kl\u0259r.<\/p>\n","protected":false},"excerpt":{"rendered":"<p>Yar\u0131\u015fman\u0131n yar\u0131mfinal\u0131 may\u0131n 12-d\u0259, final\u0131 is\u0259 14-d\u0259 olacaq \u201cEurovision 2022\u201dnin &#8230; <\/p>\n<p class=\"read-more-container\"><a title=\"\u201cEurovision 2022\u201dnin ilk final\u00e7\u0131lar\u0131 m\u00fc\u0259yy\u0259nl\u0259\u015fib\" class=\"read-more button\" href=\"https:\/\/www.meydan.tv\/az\/article\/eurovision-2022nin-ilk-finalcilari-mueyyenlesib\/#more-244851\" aria-label=\"Read more about \u201cEurovision 2022\u201dnin ilk final\u00e7\u0131lar\u0131 m\u00fc\u0259yy\u0259nl\u0259\u015fib\">Davam\u0131<\/a><\/p>\n","protected":false},"author":8,"featured_media":244756,"comment_status":"closed","ping_status":"closed","sticky":false,"template":"","format":"standard","meta":{"_acf_changed":false,"_sitemap_exclude":false,"_sitemap_priority":"","_sitemap_frequency":"","footnotes":""},"categories":[52,56],"tags":[],"class_list":["post-244851","post","type-post","status-publish","format-standard","has-post-thumbnail","hentry","category-medeniyyet","category-xeberler","infinite-scroll-item","generate-columns","tablet-grid-50","mobile-grid-100","grid-parent","grid-33","no-featured-image-padding"],"acf":[],"yoast_head":"<!-- This site is optimized with the Yoast SEO plugin v28.4 - https:\/\/yoast.com\/product\/yoast-seo-wordpress\/ -->\n<title>\u201cEurovision 2022\u201dnin ilk final\u00e7\u0131lar\u0131 m\u00fc\u0259yy\u0259nl\u0259\u015fib - MEYDAN.TV<\/title>\n<meta name=\"robots\" content=\"index, follow, max-snippet:-1, max-image-preview:large, max-video-preview:-1\" \/>\n<link rel=\"canonical\" href=\"https:\/\/www.meydan.tv\/az\/article\/eurovision-2022nin-ilk-finalcilari-mueyyenlesib\/\" \/>\n<meta property=\"og:locale\" content=\"az_AZ\" \/>\n<meta property=\"og:type\" content=\"article\" \/>\n<meta property=\"og:title\" content=\"\u201cEurovision 2022\u201dnin ilk final\u00e7\u0131lar\u0131 m\u00fc\u0259yy\u0259nl\u0259\u015fib - MEYDAN.TV\" \/>\n<meta property=\"og:description\" content=\"Yar\u0131\u015fman\u0131n yar\u0131mfinal\u0131 may\u0131n 12-d\u0259, final\u0131 is\u0259 14-d\u0259 olacaq \u201cEurovision 2022\u201dnin ... Davam\u0131\" \/>\n<meta property=\"og:url\" content=\"https:\/\/www.meydan.tv\/az\/article\/eurovision-2022nin-ilk-finalcilari-mueyyenlesib\/\" \/>\n<meta property=\"og:site_name\" content=\"MEYDAN.TV\" \/>\n<meta property=\"article:published_time\" content=\"2022-05-11T08:24:19+00:00\" \/>\n<meta property=\"article:modified_time\" content=\"2022-05-11T08:24:20+00:00\" \/>\n<meta property=\"og:image\" content=\"https:\/\/www.meydan.tv\/wp-content\/uploads\/shutterstock_2144550227.jpg\" \/>\n\t<meta property=\"og:image:width\" content=\"1200\" \/>\n\t<meta property=\"og:image:height\" content=\"632\" \/>\n\t<meta property=\"og:image:type\" content=\"image\/jpeg\" \/>\n<meta name=\"twitter:card\" content=\"summary_large_image\" \/>\n<meta name=\"twitter:creator\" content=\"@elli\" \/>\n<!-- \/ Yoast SEO plugin. -->","yoast_head_json":{"title":"\u201cEurovision 2022\u201dnin ilk final\u00e7\u0131lar\u0131 m\u00fc\u0259yy\u0259nl\u0259\u015fib - MEYDAN.TV","robots":{"index":"index","follow":"follow","max-snippet":"max-snippet:-1","max-image-preview":"max-image-preview:large","max-video-preview":"max-video-preview:-1"},"canonical":"https:\/\/www.meydan.tv\/az\/article\/eurovision-2022nin-ilk-finalcilari-mueyyenlesib\/","og_locale":"az_AZ","og_type":"article","og_title":"\u201cEurovision 2022\u201dnin ilk final\u00e7\u0131lar\u0131 m\u00fc\u0259yy\u0259nl\u0259\u015fib - MEYDAN.TV","og_description":"Yar\u0131\u015fman\u0131n yar\u0131mfinal\u0131 may\u0131n 12-d\u0259, final\u0131 is\u0259 14-d\u0259 olacaq \u201cEurovision 2022\u201dnin ... Davam\u0131","og_url":"https:\/\/www.meydan.tv\/az\/article\/eurovision-2022nin-ilk-finalcilari-mueyyenlesib\/","og_site_name":"MEYDAN.TV","article_published_time":"2022-05-11T08:24:19+00:00","article_modified_time":"2022-05-11T08:24:20+00:00","og_image":[{"width":1200,"height":632,"url":"https:\/\/www.meydan.tv\/wp-content\/uploads\/shutterstock_2144550227.jpg","type":"image\/jpeg"}],"twitter_card":"summary_large_image","twitter_creator":"@elli","schema":{"@context":"https:\/\/schema.org","@graph":[{"@type":"Article","@id":"https:\/\/www.meydan.tv\/az\/article\/eurovision-2022nin-ilk-finalcilari-mueyyenlesib\/#article","isPartOf":{"@id":"https:\/\/www.meydan.tv\/az\/article\/eurovision-2022nin-ilk-finalcilari-mueyyenlesib\/"},"author":{"name":"elli","@id":"https:\/\/www.meydan.tv\/az\/#\/schema\/person\/9cdbecf90d17180ce1dfbd95b08dcf47"},"headline":"\u201cEurovision 2022\u201dnin ilk final\u00e7\u0131lar\u0131 m\u00fc\u0259yy\u0259nl\u0259\u015fib","datePublished":"2022-05-11T08:24:19+00:00","dateModified":"2022-05-11T08:24:20+00:00","mainEntityOfPage":{"@id":"https:\/\/www.meydan.tv\/az\/article\/eurovision-2022nin-ilk-finalcilari-mueyyenlesib\/"},"wordCount":179,"publisher":{"@id":"https:\/\/www.meydan.tv\/az\/#organization"},"image":{"@id":"https:\/\/www.meydan.tv\/az\/article\/eurovision-2022nin-ilk-finalcilari-mueyyenlesib\/#primaryimage"},"thumbnailUrl":"https:\/\/www.meydan.tv\/wp-content\/uploads\/shutterstock_2144550227.jpg","articleSection":["M\u0259d\u0259niyy\u0259t","X\u0259b\u0259rl\u0259r"],"inLanguage":"az"},{"@type":"WebPage","@id":"https:\/\/www.meydan.tv\/az\/article\/eurovision-2022nin-ilk-finalcilari-mueyyenlesib\/","url":"https:\/\/www.meydan.tv\/az\/article\/eurovision-2022nin-ilk-finalcilari-mueyyenlesib\/","name":"\u201cEurovision 2022\u201dnin ilk final\u00e7\u0131lar\u0131 m\u00fc\u0259yy\u0259nl\u0259\u015fib - MEYDAN.TV","isPartOf":{"@id":"https:\/\/www.meydan.tv\/az\/#website"},"primaryImageOfPage":{"@id":"https:\/\/www.meydan.tv\/az\/article\/eurovision-2022nin-ilk-finalcilari-mueyyenlesib\/#primaryimage"},"image":{"@id":"https:\/\/www.meydan.tv\/az\/article\/eurovision-2022nin-ilk-finalcilari-mueyyenlesib\/#primaryimage"},"thumbnailUrl":"https:\/\/www.meydan.tv\/wp-content\/uploads\/shutterstock_2144550227.jpg","datePublished":"2022-05-11T08:24:19+00:00","dateModified":"2022-05-11T08:24:20+00:00","breadcrumb":{"@id":"https:\/\/www.meydan.tv\/az\/article\/eurovision-2022nin-ilk-finalcilari-mueyyenlesib\/#breadcrumb"},"inLanguage":"az","potentialAction":[{"@type":"ReadAction","target":["https:\/\/www.meydan.tv\/az\/article\/eurovision-2022nin-ilk-finalcilari-mueyyenlesib\/"]}]},{"@type":"ImageObject","inLanguage":"az","@id":"https:\/\/www.meydan.tv\/az\/article\/eurovision-2022nin-ilk-finalcilari-mueyyenlesib\/#primaryimage","url":"https:\/\/www.meydan.tv\/wp-content\/uploads\/shutterstock_2144550227.jpg","contentUrl":"https:\/\/www.meydan.tv\/wp-content\/uploads\/shutterstock_2144550227.jpg","width":1200,"height":632,"caption":"\u201cEurovision 2022\u201d. Foto: rarrarorro\/shutterstock"},{"@type":"BreadcrumbList","@id":"https:\/\/www.meydan.tv\/az\/article\/eurovision-2022nin-ilk-finalcilari-mueyyenlesib\/#breadcrumb","itemListElement":[{"@type":"ListItem","position":1,"name":"Ana s\u0259hif\u0259","item":"https:\/\/www.meydan.tv\/az\/"},{"@type":"ListItem","position":2,"name":"M\u0259d\u0259niyy\u0259t","item":"https:\/\/www.meydan.tv\/az\/section\/medeniyyet\/"},{"@type":"ListItem","position":3,"name":"\u201cEurovision 2022\u201dnin ilk final\u00e7\u0131lar\u0131 m\u00fc\u0259yy\u0259nl\u0259\u015fib"}]},{"@type":"WebSite","@id":"https:\/\/www.meydan.tv\/az\/#website","url":"https:\/\/www.meydan.tv\/az\/","name":"MEYDAN.TV","description":"Meydan TV Az\u0259rbaycan\u0131n media m\u0259kan\u0131ndak\u0131 alternativ s\u0259sidir","publisher":{"@id":"https:\/\/www.meydan.tv\/az\/#organization"},"potentialAction":[{"@type":"SearchAction","target":{"@type":"EntryPoint","urlTemplate":"https:\/\/www.meydan.tv\/az\/?s={search_term_string}"},"query-input":{"@type":"PropertyValueSpecification","valueRequired":true,"valueName":"search_term_string"}}],"inLanguage":"az"},{"@type":"Organization","@id":"https:\/\/www.meydan.tv\/az\/#organization","name":"Meydan TV","url":"https:\/\/www.meydan.tv\/az\/","logo":{"@type":"ImageObject","inLanguage":"az","@id":"https:\/\/www.meydan.tv\/az\/#\/schema\/logo\/image\/","url":"https:\/\/www.meydan.tv\/wp-content\/uploads\/2021\/07\/meydan-logo.svg","contentUrl":"https:\/\/www.meydan.tv\/wp-content\/uploads\/2021\/07\/meydan-logo.svg","width":195,"height":46,"caption":"Meydan TV"},"image":{"@id":"https:\/\/www.meydan.tv\/az\/#\/schema\/logo\/image\/"}},{"@type":"Person","@id":"https:\/\/www.meydan.tv\/az\/#\/schema\/person\/9cdbecf90d17180ce1dfbd95b08dcf47","name":"elli","sameAs":["https:\/\/x.com\/elli"]}]}},"_links":{"self":[{"href":"https:\/\/www.meydan.tv\/az\/wp-json\/wp\/v2\/posts\/244851","targetHints":{"allow":["GET"]}}],"collection":[{"href":"https:\/\/www.meydan.tv\/az\/wp-json\/wp\/v2\/posts"}],"about":[{"href":"https:\/\/www.meydan.tv\/az\/wp-json\/wp\/v2\/types\/post"}],"author":[{"embeddable":true,"href":"https:\/\/www.meydan.tv\/az\/wp-json\/wp\/v2\/users\/8"}],"replies":[{"embeddable":true,"href":"https:\/\/www.meydan.tv\/az\/wp-json\/wp\/v2\/comments?post=244851"}],"version-history":[{"count":2,"href":"https:\/\/www.meydan.tv\/az\/wp-json\/wp\/v2\/posts\/244851\/revisions"}],"predecessor-version":[{"id":244862,"href":"https:\/\/www.meydan.tv\/az\/wp-json\/wp\/v2\/posts\/244851\/revisions\/244862"}],"wp:featuredmedia":[{"embeddable":true,"href":"https:\/\/www.meydan.tv\/az\/wp-json\/wp\/v2\/media\/244756"}],"wp:attachment":[{"href":"https:\/\/www.meydan.tv\/az\/wp-json\/wp\/v2\/media?parent=244851"}],"wp:term":[{"taxonomy":"category","embeddable":true,"href":"https:\/\/www.meydan.tv\/az\/wp-json\/wp\/v2\/categories?post=244851"},{"taxonomy":"post_tag","embeddable":true,"href":"https:\/\/www.meydan.tv\/az\/wp-json\/wp\/v2\/tags?post=244851"}],"curies":[{"name":"wp","href":"https:\/\/api.w.org\/{rel}","templated":true}]}}