{"id":244825,"date":"2022-05-10T21:59:22","date_gmt":"2022-05-10T17:59:22","guid":{"rendered":"https:\/\/www.meydan.tv\/?p=244825"},"modified":"2022-05-10T21:59:24","modified_gmt":"2022-05-10T17:59:24","slug":"azerbaycanda-polis-cezasizligi-bizi-doye-doye-soyundurub-lente-alirdilar","status":"publish","type":"post","link":"https:\/\/www.meydan.tv\/az\/article\/azerbaycanda-polis-cezasizligi-bizi-doye-doye-soyundurub-lente-alirdilar\/","title":{"rendered":"Az\u0259rbaycanda polis c\u0259zas\u0131zl\u0131\u011f\u0131- \u201cBizi d\u00f6y\u0259-d\u00f6y\u0259 soyundurub lent\u0259 al\u0131rd\u0131lar\u201d\u00a0"},"content":{"rendered":"\n<figure class=\"wp-block-embed is-type-video is-provider-youtube wp-block-embed-youtube wp-embed-aspect-16-9 wp-has-aspect-ratio\"><div class=\"wp-block-embed__wrapper\">\n<iframe title=\"Az\u0259rbaycanda polis c\u0259zas\u0131zl\u0131g\u0306\u0131  \u201cBizi do\u0308y\u0259 do\u0308y\u0259 soyundurub lent\u0259 al\u0131rd\u0131lar\u201d\" width=\"1200\" height=\"675\" data-src=\"https:\/\/www.youtube.com\/embed\/L0XzrkbUb4o?feature=oembed\" frameborder=\"0\" allow=\"accelerometer; autoplay; clipboard-write; encrypted-media; gyroscope; picture-in-picture\" allowfullscreen src=\"data:image\/svg+xml;base64,PHN2ZyB3aWR0aD0iMSIgaGVpZ2h0PSIxIiB4bWxucz0iaHR0cDovL3d3dy53My5vcmcvMjAwMC9zdmciPjwvc3ZnPg==\" class=\"lazyload\" data-load-mode=\"1\"><\/iframe>\n<\/div><\/figure>\n\n\n\n<!--more-->\n\n\n\n<p>Aksiyalarda, mitinql\u0259rd\u0259 v\u0259 ya polis\u0259 d\u0259v\u0259t olunduqdan sonra idar\u0259d\u0259 i\u015fg\u0259nc\u0259y\u0259 m\u0259ruz qal\u0131qlar\u0131n\u0131 dey\u0259n m\u00fcxalif f\u0259allar\u0131n \u015fikay\u0259tl\u0259rin\u0259 bax\u0131lm\u0131r. Onlar\u0131 \u0259n yax\u015f\u0131 halda h\u00fcquq-m\u00fchafiz\u0259 orqanlar\u0131na d\u0259v\u0259t edib, izahatlar\u0131n\u0131 al\u0131rlar, amma zorak\u0131l\u0131qda ittiham olunan polisl\u0259r ad\u0259t\u0259n m\u0259suliyy\u0259t\u0259 c\u0259lb olunmur.&nbsp;<\/p>\n\n\n\n<p>Aprelin 21-d\u0259 ba\u015f\u0131na torba ke\u00e7iril\u0259r\u0259k o\u011furlanan ictimai f\u0259al B\u0259xtiyar Hac\u0131yev ondan daxili i\u015fl\u0259r naziri Vilay\u0259t Eyvazovla ba\u011fl\u0131 t\u0259nqidi statuslar yazmama\u011f\u0131 t\u0259l\u0259b etdikl\u0259rini deyir. O, h\u0259min \u015f\u0259xsl\u0259rin onunla ba\u011fl\u0131 insan l\u0259yaq\u0259tini al\u00e7aldan h\u0259r\u0259k\u0259tl\u0259r\u0259 yol verdikl\u0259rini bildirib. Daha sonra telefonunu \u0259lind\u0259n al\u0131naraq Vilay\u0259t Eyvazovla ba\u011fl\u0131 yazd\u0131\u011f\u0131 b\u00fct\u00fcn t\u0259nqidi statuslar\u0131 silibl\u0259r. Hadis\u0259d\u0259n 19 g\u00fcn ke\u00e7s\u0259 d\u0259, onu o\u011furlayan \u015f\u0259xsl\u0259rin kimliyi m\u00fc\u0259yy\u0259nl\u0259\u015fdirilib istintaqa c\u0259lb olunmay\u0131b.&nbsp;<\/p>\n\n\n\n<p>2021-ci ilin 13 oktyabr\u0131nda YAP-\u0131n binas\u0131n\u0131n qar\u015f\u0131s\u0131nda siyasi motivli h\u0259bsl\u0259r\u0259 etiraz ed\u0259n Demokratiya 1918 H\u0259r\u0259kat\u0131n\u0131n s\u0259dri \u018fhm\u0259d M\u0259mm\u0259dli bildirir ki, aksiyada i\u015ftirak ed\u0259n 6 n\u0259f\u0259rin ham\u0131s\u0131 39-cu polis b\u00f6lm\u0259sind\u0259 d\u00f6y\u00fcl\u00fcb.&nbsp;<\/p>\n\n\n\n<p>H\u0259m B\u0259xtiyar Hac\u0131yev, h\u0259m d\u0259 \u018fhm\u0259d M\u0259mm\u0259dli polis zorak\u0131l\u0131\u011f\u0131na m\u0259ruz qalmalar\u0131 il\u0259 ba\u011fl\u0131 ya\u015fad\u0131qlar\u0131 hadis\u0259l\u0259rin say\u0131-hesab\u0131n\u0131 itirdikl\u0259rini deyirl\u0259r. Faktla ba\u011fl\u0131 Daxili \u0130\u015fl\u0259r Naziliyin\u0259 v\u0259 Ba\u015f Prokurorlu\u011fa \u015fikay\u0259t ets\u0259l\u0259r d\u0259, he\u00e7 bir n\u0259tic\u0259si olmay\u0131b.&nbsp;<\/p>\n\n\n\n<p>Polis zorak\u0131l\u0131\u011f\u0131 \u00fczl\u0259\u015fdiyini bildir\u0259n AXCP s\u0259dri \u018fli K\u0259rimli, Milli \u015euran\u0131n, M\u00fcsavat partiyas\u0131n\u0131n \u00fczv\u00fc Tofiq Yaqublu, feminist f\u0259allar v\u0259 dig\u0259r h\u00f6kum\u0259t\u0259 m\u00fcxalif\u0259td\u0259 olan \u015f\u0259xsl\u0259rin \u015fikay\u0259ti \u0259sas\u0131nda he\u00e7 bir polis \u0259m\u0259kda\u015f\u0131 c\u0259zaland\u0131r\u0131lmay\u0131b.&nbsp;<\/p>\n\n\n\n<p>17 ildir v\u0259kil kimi \u00e7al\u0131\u015fan Nem\u0259t K\u0259rimli bildirir ki, i\u015f t\u0259cr\u00fcb\u0259sind\u0259 zorak\u0131l\u0131qda ittiham olunan polisl\u0259rin c\u0259zaland\u0131r\u0131ld\u0131\u011f\u0131n\u0131n \u015fahidi olmay\u0131b. H\u0259tta Avropa M\u0259hk\u0259m\u0259si i\u015fg\u0259nc\u0259 fakt\u0131n\u0131 tan\u0131sa bel\u0259 h\u00f6kum\u0259t bu i\u015fd\u0259 \u0259dal\u0259ti t\u0259min etm\u0259yib.&nbsp;<\/p>\n\n\n\n<p>B\u0259s polisl\u0259ri toxunulmaz ed\u0259n n\u0259dir ?<\/p>\n\n\n\n<p>H\u0259l\u0259 2013-c\u00fc ild\u0259 Polis Akademiyas\u0131n\u0131n a\u00e7\u0131l\u0131\u015f\u0131ndan i\u015ftirak ed\u0259n \u00f6lk\u0259 ba\u015f\u00e7\u0131s\u0131 \u0130lham \u018fliyev ondan polisl\u0259rin c\u0259zaland\u0131r\u0131lmas\u0131n\u0131 ist\u0259y\u0259n \u015f\u0259xsl\u0259r\u0259 \u201cdaim polis orqanlar\u0131n\u0131 m\u00fcdafi\u0259 etmi\u015f\u0259m v\u0259 m\u00fcdafi\u0259 ed\u0259c\u0259y\u0259m\u201d demi\u015fdi. &nbsp;<\/p>\n\n\n\n<p>Daxili \u0130\u015fl\u0259r Nazirliyinin M\u0259tbuat Xidm\u0259tinin \u015f\u00f6b\u0259 r\u0259isi El\u015fad Hac\u0131yev deyir ki, polisin ittiham olundu\u011fu i\u015fl\u0259rl\u0259 ba\u011fl\u0131 m\u00fcvafiq t\u0259dbirl\u0259r g\u00f6r\u00fcl\u00fcr. Amma bu hans\u0131 i\u015fl\u0259rdir v\u0259 m\u00fcvafiq t\u0259dbirl\u0259r dedikd\u0259 hans\u0131 t\u0259dbirl\u0259ri n\u0259z\u0259rd\u0259 tutur, bu bar\u0259d\u0259 a\u00e7\u0131qlama verm\u0259di.&nbsp;<\/p>\n\n\n\n<p>Polisl\u0259rl\u0259 ba\u011fl\u0131 \u015fikay\u0259tl\u0259ri ara\u015fd\u0131rmamaqda ittiham olunan Ba\u015f prokurorlu\u011fa sor\u011fu g\u00f6nd\u0259rs\u0259k d\u0259, cavab ala bilm\u0259dik.&nbsp;<\/p>\n\n\n\n<p>B\u0259s polisl\u0259rin c\u0259zas\u0131zl\u0131\u011f\u0131 hans\u0131 n\u0259tic\u0259l\u0259r\u0259 g\u0259tirib \u00e7\u0131xara bil\u0259r?&nbsp;<\/p>\n\n\n\n<p>F\u0259allar polisl\u0259 ba\u011fl\u0131 \u015fikay\u0259tl\u0259rinin \u00f6lk\u0259 daxilind\u0259 \u0259dal\u0259tli h\u0259llin\u0259 inanm\u0131rlar. Onlar \u015fikay\u0259tl\u0259rini Avropa M\u0259hk\u0259m\u0259sin\u0259 q\u0259d\u0259r davam etdir\u0259c\u0259kl\u0259r.<\/p>\n","protected":false},"excerpt":{"rendered":"","protected":false},"author":14,"featured_media":244830,"comment_status":"closed","ping_status":"closed","sticky":false,"template":"","format":"standard","meta":{"_acf_changed":false,"_sitemap_exclude":false,"_sitemap_priority":"","_sitemap_frequency":"","footnotes":""},"categories":[61,63],"tags":[],"class_list":["post-244825","post","type-post","status-publish","format-standard","has-post-thumbnail","hentry","category-reportaj","category-video-2","infinite-scroll-item","generate-columns","tablet-grid-50","mobile-grid-100","grid-parent","grid-33","no-featured-image-padding"],"acf":[],"yoast_head":"<!-- This site is optimized with the Yoast SEO plugin v27.4 - https:\/\/yoast.com\/product\/yoast-seo-wordpress\/ -->\n<title>Az\u0259rbaycanda polis c\u0259zas\u0131zl\u0131\u011f\u0131- \u201cBizi d\u00f6y\u0259-d\u00f6y\u0259 soyundurub lent\u0259 al\u0131rd\u0131lar\u201d\u00a0 - MEYDAN.TV<\/title>\n<meta name=\"robots\" content=\"index, follow, max-snippet:-1, max-image-preview:large, max-video-preview:-1\" \/>\n<link rel=\"canonical\" href=\"https:\/\/www.meydan.tv\/az\/article\/azerbaycanda-polis-cezasizligi-bizi-doye-doye-soyundurub-lente-alirdilar\/\" \/>\n<meta property=\"og:locale\" content=\"az_AZ\" \/>\n<meta property=\"og:type\" content=\"article\" \/>\n<meta property=\"og:title\" content=\"Az\u0259rbaycanda polis c\u0259zas\u0131zl\u0131\u011f\u0131- \u201cBizi d\u00f6y\u0259-d\u00f6y\u0259 soyundurub lent\u0259 al\u0131rd\u0131lar\u201d\u00a0 - MEYDAN.TV\" \/>\n<meta property=\"og:url\" content=\"https:\/\/www.meydan.tv\/az\/article\/azerbaycanda-polis-cezasizligi-bizi-doye-doye-soyundurub-lente-alirdilar\/\" \/>\n<meta property=\"og:site_name\" content=\"MEYDAN.TV\" \/>\n<meta property=\"article:published_time\" content=\"2022-05-10T17:59:22+00:00\" \/>\n<meta property=\"article:modified_time\" content=\"2022-05-10T17:59:24+00:00\" \/>\n<meta property=\"og:image\" content=\"https:\/\/www.meydan.tv\/wp-content\/uploads\/photo_2022-05-10-19.34.59.jpeg\" \/>\n\t<meta property=\"og:image:width\" content=\"1025\" \/>\n\t<meta property=\"og:image:height\" content=\"557\" \/>\n\t<meta property=\"og:image:type\" content=\"image\/jpeg\" \/>\n<meta name=\"author\" content=\"roma\" \/>\n<meta name=\"twitter:card\" content=\"summary_large_image\" \/>\n<script type=\"application\/ld+json\" class=\"yoast-schema-graph\">{\"@context\":\"https:\\\/\\\/schema.org\",\"@graph\":[{\"@type\":\"Article\",\"@id\":\"https:\\\/\\\/www.meydan.tv\\\/az\\\/article\\\/azerbaycanda-polis-cezasizligi-bizi-doye-doye-soyundurub-lente-alirdilar\\\/#article\",\"isPartOf\":{\"@id\":\"https:\\\/\\\/www.meydan.tv\\\/az\\\/article\\\/azerbaycanda-polis-cezasizligi-bizi-doye-doye-soyundurub-lente-alirdilar\\\/\"},\"author\":{\"name\":\"roma\",\"@id\":\"https:\\\/\\\/www.meydan.tv\\\/az\\\/#\\\/schema\\\/person\\\/8f23e01c4de63326c13c319fb65ee65d\"},\"headline\":\"Az\u0259rbaycanda polis c\u0259zas\u0131zl\u0131\u011f\u0131- \u201cBizi d\u00f6y\u0259-d\u00f6y\u0259 soyundurub lent\u0259 al\u0131rd\u0131lar\u201d\u00a0\",\"datePublished\":\"2022-05-10T17:59:22+00:00\",\"dateModified\":\"2022-05-10T17:59:24+00:00\",\"mainEntityOfPage\":{\"@id\":\"https:\\\/\\\/www.meydan.tv\\\/az\\\/article\\\/azerbaycanda-polis-cezasizligi-bizi-doye-doye-soyundurub-lente-alirdilar\\\/\"},\"wordCount\":634,\"publisher\":{\"@id\":\"https:\\\/\\\/www.meydan.tv\\\/az\\\/#organization\"},\"image\":{\"@id\":\"https:\\\/\\\/www.meydan.tv\\\/az\\\/article\\\/azerbaycanda-polis-cezasizligi-bizi-doye-doye-soyundurub-lente-alirdilar\\\/#primaryimage\"},\"thumbnailUrl\":\"https:\\\/\\\/www.meydan.tv\\\/wp-content\\\/uploads\\\/photo_2022-05-10-19.34.59.jpeg\",\"articleSection\":[\"Reportaj\",\"Video\"],\"inLanguage\":\"az\"},{\"@type\":\"WebPage\",\"@id\":\"https:\\\/\\\/www.meydan.tv\\\/az\\\/article\\\/azerbaycanda-polis-cezasizligi-bizi-doye-doye-soyundurub-lente-alirdilar\\\/\",\"url\":\"https:\\\/\\\/www.meydan.tv\\\/az\\\/article\\\/azerbaycanda-polis-cezasizligi-bizi-doye-doye-soyundurub-lente-alirdilar\\\/\",\"name\":\"Az\u0259rbaycanda polis c\u0259zas\u0131zl\u0131\u011f\u0131- \u201cBizi d\u00f6y\u0259-d\u00f6y\u0259 soyundurub lent\u0259 al\u0131rd\u0131lar\u201d\u00a0 - MEYDAN.TV\",\"isPartOf\":{\"@id\":\"https:\\\/\\\/www.meydan.tv\\\/az\\\/#website\"},\"primaryImageOfPage\":{\"@id\":\"https:\\\/\\\/www.meydan.tv\\\/az\\\/article\\\/azerbaycanda-polis-cezasizligi-bizi-doye-doye-soyundurub-lente-alirdilar\\\/#primaryimage\"},\"image\":{\"@id\":\"https:\\\/\\\/www.meydan.tv\\\/az\\\/article\\\/azerbaycanda-polis-cezasizligi-bizi-doye-doye-soyundurub-lente-alirdilar\\\/#primaryimage\"},\"thumbnailUrl\":\"https:\\\/\\\/www.meydan.tv\\\/wp-content\\\/uploads\\\/photo_2022-05-10-19.34.59.jpeg\",\"datePublished\":\"2022-05-10T17:59:22+00:00\",\"dateModified\":\"2022-05-10T17:59:24+00:00\",\"breadcrumb\":{\"@id\":\"https:\\\/\\\/www.meydan.tv\\\/az\\\/article\\\/azerbaycanda-polis-cezasizligi-bizi-doye-doye-soyundurub-lente-alirdilar\\\/#breadcrumb\"},\"inLanguage\":\"az\",\"potentialAction\":[{\"@type\":\"ReadAction\",\"target\":[\"https:\\\/\\\/www.meydan.tv\\\/az\\\/article\\\/azerbaycanda-polis-cezasizligi-bizi-doye-doye-soyundurub-lente-alirdilar\\\/\"]}]},{\"@type\":\"ImageObject\",\"inLanguage\":\"az\",\"@id\":\"https:\\\/\\\/www.meydan.tv\\\/az\\\/article\\\/azerbaycanda-polis-cezasizligi-bizi-doye-doye-soyundurub-lente-alirdilar\\\/#primaryimage\",\"url\":\"https:\\\/\\\/www.meydan.tv\\\/wp-content\\\/uploads\\\/photo_2022-05-10-19.34.59.jpeg\",\"contentUrl\":\"https:\\\/\\\/www.meydan.tv\\\/wp-content\\\/uploads\\\/photo_2022-05-10-19.34.59.jpeg\",\"width\":1025,\"height\":557},{\"@type\":\"BreadcrumbList\",\"@id\":\"https:\\\/\\\/www.meydan.tv\\\/az\\\/article\\\/azerbaycanda-polis-cezasizligi-bizi-doye-doye-soyundurub-lente-alirdilar\\\/#breadcrumb\",\"itemListElement\":[{\"@type\":\"ListItem\",\"position\":1,\"name\":\"Ana s\u0259hif\u0259\",\"item\":\"https:\\\/\\\/www.meydan.tv\\\/az\\\/\"},{\"@type\":\"ListItem\",\"position\":2,\"name\":\"Video\",\"item\":\"https:\\\/\\\/www.meydan.tv\\\/az\\\/section\\\/video-2\\\/\"},{\"@type\":\"ListItem\",\"position\":3,\"name\":\"Az\u0259rbaycanda polis c\u0259zas\u0131zl\u0131\u011f\u0131- \u201cBizi d\u00f6y\u0259-d\u00f6y\u0259 soyundurub lent\u0259 al\u0131rd\u0131lar\u201d\u00a0\"}]},{\"@type\":\"WebSite\",\"@id\":\"https:\\\/\\\/www.meydan.tv\\\/az\\\/#website\",\"url\":\"https:\\\/\\\/www.meydan.tv\\\/az\\\/\",\"name\":\"MEYDAN.TV\",\"description\":\"Meydan TV Az\u0259rbaycan\u0131n media m\u0259kan\u0131ndak\u0131 alternativ s\u0259sidir\",\"publisher\":{\"@id\":\"https:\\\/\\\/www.meydan.tv\\\/az\\\/#organization\"},\"potentialAction\":[{\"@type\":\"SearchAction\",\"target\":{\"@type\":\"EntryPoint\",\"urlTemplate\":\"https:\\\/\\\/www.meydan.tv\\\/az\\\/?s={search_term_string}\"},\"query-input\":{\"@type\":\"PropertyValueSpecification\",\"valueRequired\":true,\"valueName\":\"search_term_string\"}}],\"inLanguage\":\"az\"},{\"@type\":\"Organization\",\"@id\":\"https:\\\/\\\/www.meydan.tv\\\/az\\\/#organization\",\"name\":\"Meydan TV\",\"url\":\"https:\\\/\\\/www.meydan.tv\\\/az\\\/\",\"logo\":{\"@type\":\"ImageObject\",\"inLanguage\":\"az\",\"@id\":\"https:\\\/\\\/www.meydan.tv\\\/az\\\/#\\\/schema\\\/logo\\\/image\\\/\",\"url\":\"https:\\\/\\\/www.meydan.tv\\\/wp-content\\\/uploads\\\/2021\\\/07\\\/meydan-logo.svg\",\"contentUrl\":\"https:\\\/\\\/www.meydan.tv\\\/wp-content\\\/uploads\\\/2021\\\/07\\\/meydan-logo.svg\",\"width\":195,\"height\":46,\"caption\":\"Meydan TV\"},\"image\":{\"@id\":\"https:\\\/\\\/www.meydan.tv\\\/az\\\/#\\\/schema\\\/logo\\\/image\\\/\"}},{\"@type\":\"Person\",\"@id\":\"https:\\\/\\\/www.meydan.tv\\\/az\\\/#\\\/schema\\\/person\\\/8f23e01c4de63326c13c319fb65ee65d\",\"name\":\"roma\"}]}<\/script>\n<!-- \/ Yoast SEO plugin. -->","yoast_head_json":{"title":"Az\u0259rbaycanda polis c\u0259zas\u0131zl\u0131\u011f\u0131- \u201cBizi d\u00f6y\u0259-d\u00f6y\u0259 soyundurub lent\u0259 al\u0131rd\u0131lar\u201d\u00a0 - MEYDAN.TV","robots":{"index":"index","follow":"follow","max-snippet":"max-snippet:-1","max-image-preview":"max-image-preview:large","max-video-preview":"max-video-preview:-1"},"canonical":"https:\/\/www.meydan.tv\/az\/article\/azerbaycanda-polis-cezasizligi-bizi-doye-doye-soyundurub-lente-alirdilar\/","og_locale":"az_AZ","og_type":"article","og_title":"Az\u0259rbaycanda polis c\u0259zas\u0131zl\u0131\u011f\u0131- \u201cBizi d\u00f6y\u0259-d\u00f6y\u0259 soyundurub lent\u0259 al\u0131rd\u0131lar\u201d\u00a0 - MEYDAN.TV","og_url":"https:\/\/www.meydan.tv\/az\/article\/azerbaycanda-polis-cezasizligi-bizi-doye-doye-soyundurub-lente-alirdilar\/","og_site_name":"MEYDAN.TV","article_published_time":"2022-05-10T17:59:22+00:00","article_modified_time":"2022-05-10T17:59:24+00:00","og_image":[{"width":1025,"height":557,"url":"https:\/\/www.meydan.tv\/wp-content\/uploads\/photo_2022-05-10-19.34.59.jpeg","type":"image\/jpeg"}],"author":"roma","twitter_card":"summary_large_image","schema":{"@context":"https:\/\/schema.org","@graph":[{"@type":"Article","@id":"https:\/\/www.meydan.tv\/az\/article\/azerbaycanda-polis-cezasizligi-bizi-doye-doye-soyundurub-lente-alirdilar\/#article","isPartOf":{"@id":"https:\/\/www.meydan.tv\/az\/article\/azerbaycanda-polis-cezasizligi-bizi-doye-doye-soyundurub-lente-alirdilar\/"},"author":{"name":"roma","@id":"https:\/\/www.meydan.tv\/az\/#\/schema\/person\/8f23e01c4de63326c13c319fb65ee65d"},"headline":"Az\u0259rbaycanda polis c\u0259zas\u0131zl\u0131\u011f\u0131- \u201cBizi d\u00f6y\u0259-d\u00f6y\u0259 soyundurub lent\u0259 al\u0131rd\u0131lar\u201d\u00a0","datePublished":"2022-05-10T17:59:22+00:00","dateModified":"2022-05-10T17:59:24+00:00","mainEntityOfPage":{"@id":"https:\/\/www.meydan.tv\/az\/article\/azerbaycanda-polis-cezasizligi-bizi-doye-doye-soyundurub-lente-alirdilar\/"},"wordCount":634,"publisher":{"@id":"https:\/\/www.meydan.tv\/az\/#organization"},"image":{"@id":"https:\/\/www.meydan.tv\/az\/article\/azerbaycanda-polis-cezasizligi-bizi-doye-doye-soyundurub-lente-alirdilar\/#primaryimage"},"thumbnailUrl":"https:\/\/www.meydan.tv\/wp-content\/uploads\/photo_2022-05-10-19.34.59.jpeg","articleSection":["Reportaj","Video"],"inLanguage":"az"},{"@type":"WebPage","@id":"https:\/\/www.meydan.tv\/az\/article\/azerbaycanda-polis-cezasizligi-bizi-doye-doye-soyundurub-lente-alirdilar\/","url":"https:\/\/www.meydan.tv\/az\/article\/azerbaycanda-polis-cezasizligi-bizi-doye-doye-soyundurub-lente-alirdilar\/","name":"Az\u0259rbaycanda polis c\u0259zas\u0131zl\u0131\u011f\u0131- \u201cBizi d\u00f6y\u0259-d\u00f6y\u0259 soyundurub lent\u0259 al\u0131rd\u0131lar\u201d\u00a0 - MEYDAN.TV","isPartOf":{"@id":"https:\/\/www.meydan.tv\/az\/#website"},"primaryImageOfPage":{"@id":"https:\/\/www.meydan.tv\/az\/article\/azerbaycanda-polis-cezasizligi-bizi-doye-doye-soyundurub-lente-alirdilar\/#primaryimage"},"image":{"@id":"https:\/\/www.meydan.tv\/az\/article\/azerbaycanda-polis-cezasizligi-bizi-doye-doye-soyundurub-lente-alirdilar\/#primaryimage"},"thumbnailUrl":"https:\/\/www.meydan.tv\/wp-content\/uploads\/photo_2022-05-10-19.34.59.jpeg","datePublished":"2022-05-10T17:59:22+00:00","dateModified":"2022-05-10T17:59:24+00:00","breadcrumb":{"@id":"https:\/\/www.meydan.tv\/az\/article\/azerbaycanda-polis-cezasizligi-bizi-doye-doye-soyundurub-lente-alirdilar\/#breadcrumb"},"inLanguage":"az","potentialAction":[{"@type":"ReadAction","target":["https:\/\/www.meydan.tv\/az\/article\/azerbaycanda-polis-cezasizligi-bizi-doye-doye-soyundurub-lente-alirdilar\/"]}]},{"@type":"ImageObject","inLanguage":"az","@id":"https:\/\/www.meydan.tv\/az\/article\/azerbaycanda-polis-cezasizligi-bizi-doye-doye-soyundurub-lente-alirdilar\/#primaryimage","url":"https:\/\/www.meydan.tv\/wp-content\/uploads\/photo_2022-05-10-19.34.59.jpeg","contentUrl":"https:\/\/www.meydan.tv\/wp-content\/uploads\/photo_2022-05-10-19.34.59.jpeg","width":1025,"height":557},{"@type":"BreadcrumbList","@id":"https:\/\/www.meydan.tv\/az\/article\/azerbaycanda-polis-cezasizligi-bizi-doye-doye-soyundurub-lente-alirdilar\/#breadcrumb","itemListElement":[{"@type":"ListItem","position":1,"name":"Ana s\u0259hif\u0259","item":"https:\/\/www.meydan.tv\/az\/"},{"@type":"ListItem","position":2,"name":"Video","item":"https:\/\/www.meydan.tv\/az\/section\/video-2\/"},{"@type":"ListItem","position":3,"name":"Az\u0259rbaycanda polis c\u0259zas\u0131zl\u0131\u011f\u0131- \u201cBizi d\u00f6y\u0259-d\u00f6y\u0259 soyundurub lent\u0259 al\u0131rd\u0131lar\u201d\u00a0"}]},{"@type":"WebSite","@id":"https:\/\/www.meydan.tv\/az\/#website","url":"https:\/\/www.meydan.tv\/az\/","name":"MEYDAN.TV","description":"Meydan TV Az\u0259rbaycan\u0131n media m\u0259kan\u0131ndak\u0131 alternativ s\u0259sidir","publisher":{"@id":"https:\/\/www.meydan.tv\/az\/#organization"},"potentialAction":[{"@type":"SearchAction","target":{"@type":"EntryPoint","urlTemplate":"https:\/\/www.meydan.tv\/az\/?s={search_term_string}"},"query-input":{"@type":"PropertyValueSpecification","valueRequired":true,"valueName":"search_term_string"}}],"inLanguage":"az"},{"@type":"Organization","@id":"https:\/\/www.meydan.tv\/az\/#organization","name":"Meydan TV","url":"https:\/\/www.meydan.tv\/az\/","logo":{"@type":"ImageObject","inLanguage":"az","@id":"https:\/\/www.meydan.tv\/az\/#\/schema\/logo\/image\/","url":"https:\/\/www.meydan.tv\/wp-content\/uploads\/2021\/07\/meydan-logo.svg","contentUrl":"https:\/\/www.meydan.tv\/wp-content\/uploads\/2021\/07\/meydan-logo.svg","width":195,"height":46,"caption":"Meydan TV"},"image":{"@id":"https:\/\/www.meydan.tv\/az\/#\/schema\/logo\/image\/"}},{"@type":"Person","@id":"https:\/\/www.meydan.tv\/az\/#\/schema\/person\/8f23e01c4de63326c13c319fb65ee65d","name":"roma"}]}},"_links":{"self":[{"href":"https:\/\/www.meydan.tv\/az\/wp-json\/wp\/v2\/posts\/244825","targetHints":{"allow":["GET"]}}],"collection":[{"href":"https:\/\/www.meydan.tv\/az\/wp-json\/wp\/v2\/posts"}],"about":[{"href":"https:\/\/www.meydan.tv\/az\/wp-json\/wp\/v2\/types\/post"}],"author":[{"embeddable":true,"href":"https:\/\/www.meydan.tv\/az\/wp-json\/wp\/v2\/users\/14"}],"replies":[{"embeddable":true,"href":"https:\/\/www.meydan.tv\/az\/wp-json\/wp\/v2\/comments?post=244825"}],"version-history":[{"count":2,"href":"https:\/\/www.meydan.tv\/az\/wp-json\/wp\/v2\/posts\/244825\/revisions"}],"predecessor-version":[{"id":244833,"href":"https:\/\/www.meydan.tv\/az\/wp-json\/wp\/v2\/posts\/244825\/revisions\/244833"}],"wp:featuredmedia":[{"embeddable":true,"href":"https:\/\/www.meydan.tv\/az\/wp-json\/wp\/v2\/media\/244830"}],"wp:attachment":[{"href":"https:\/\/www.meydan.tv\/az\/wp-json\/wp\/v2\/media?parent=244825"}],"wp:term":[{"taxonomy":"category","embeddable":true,"href":"https:\/\/www.meydan.tv\/az\/wp-json\/wp\/v2\/categories?post=244825"},{"taxonomy":"post_tag","embeddable":true,"href":"https:\/\/www.meydan.tv\/az\/wp-json\/wp\/v2\/tags?post=244825"}],"curies":[{"name":"wp","href":"https:\/\/api.w.org\/{rel}","templated":true}]}}