{"id":244778,"date":"2022-05-10T15:22:34","date_gmt":"2022-05-10T11:22:34","guid":{"rendered":"https:\/\/www.meydan.tv\/?p=244778"},"modified":"2022-05-10T15:22:36","modified_gmt":"2022-05-10T11:22:36","slug":"eminliklerin-savasi","status":"publish","type":"post","link":"https:\/\/www.meydan.tv\/az\/article\/eminliklerin-savasi\/","title":{"rendered":"\u018fminlikl\u0259rin sava\u015f\u0131"},"content":{"rendered":"\n<p><\/p>\n\n\n\n<p><em>B\u0259zi hallarda \u0259minlikl\u0259rin amans\u0131z sava\u015f\u0131 qana v\u0259 itkil\u0259r\u0259, b\u0259z\u0259n is\u0259 \u0259minlikl\u0259rin uyu\u015fmas\u0131 \u00e7ox faydal\u0131 v\u0259 g\u0259lirli birg\u0259 layih\u0259l\u0259r\u0259 g\u0259tirir<\/em><\/p>\n\n\n\n<p>Rusiya m\u00fcharib\u0259y\u0259 ba\u015flamazdan \u0259vv\u0259l 100 faiz \u0259min idi ki, Ukraynan\u0131 \u00fc\u00e7c\u0259 g\u00fcn\u0259 m\u0259\u011flub ed\u0259c\u0259k. Kiyev\u0259 h\u00fccum ed\u0259n desant\u00e7\u0131lar \u00f6zl\u0259ri il\u0259 parad libaslar\u0131n\u0131 v\u0259 orden-medallar\u0131n\u0131 g\u00f6t\u00fcrm\u00fc\u015fd\u00fcl\u0259r ki, Kiyevd\u0259 q\u0259l\u0259b\u0259 parad\u0131nda g\u00f6z qama\u015fd\u0131rs\u0131nlar.<\/p>\n\n\n\n<p>Bu \u0259minliyi ukraynal\u0131 zabit v\u0259 \u0259sg\u0259rl\u0259r darmada\u011f\u0131n etdil\u0259r.<\/p>\n\n\n\n<p>Bu \u0259minliyi ba\u015fqa \u0259minlik \u0259v\u0259z etdi. Rusiya elan etdi ki, m\u0259qs\u0259d Kiyevi i\u015f\u011fal etm\u0259k deyilmi\u015f, m\u0259qs\u0259d Luqansk v\u0259 Donetsk respublikalar\u0131n\u0131n d\u00f6vl\u0259t s\u0259rh\u0259dl\u0259rini b\u0259rpa etm\u0259kmi\u015f.<\/p>\n\n\n\n<p>Bu m\u0259qs\u0259dl\u0259 apar\u0131lan \u0259m\u0259liyyatlar nisbi u\u011furla getdiyind\u0259n bu \u0259minliyi bir balaca t\u0259shih edib d\u0259qiql\u0259\u015fdirdil\u0259r v\u0259 dedil\u0259r ki, s\u0259n dem\u0259, i\u015f\u011fal edilmi\u015f Xerson vilay\u0259ti d\u0259 Xalq Respublikas\u0131 elan edib Rusiyaya qat\u0131lmaq ist\u0259yir.<\/p>\n\n\n\n<p>Rusiya \u00f6z \u0259minlikl\u0259ri \u00fcz\u0259rind\u0259 ciddi-c\u0259hdl\u0259 \u00e7al\u0131\u015f\u0131b onlar\u0131 cilalamaqla m\u0259\u015f\u011ful olsun, siz\u0259 kimd\u0259n v\u0259 n\u0259d\u0259n deyim, Ukraynan\u0131n \u0259minlikl\u0259rind\u0259n. M\u00fcharib\u0259 ba\u015flamazdan \u0259vv\u0259l xeyli m\u00f6t\u0259b\u0259r m\u0259nb\u0259 x\u0259b\u0259r verirdi ki, Rusiya h\u00fccum ed\u0259c\u0259k. Bu x\u0259b\u0259rl\u0259rin say\u0131 o q\u0259d\u0259r \u00e7oxalm\u0131\u015fd\u0131 ki, az qala 1941-ci ilin iyun ay\u0131n\u0131n 22-si \u0259r\u0259f\u0259si Stalin\u0259 Almaniyan\u0131n h\u00fccumu bar\u0259sind\u0259 veril\u0259n x\u0259b\u0259rl\u0259rin say\u0131na \u00e7atacaqd\u0131. Bu x\u0259b\u0259rl\u0259r s\u0131ras\u0131nda AB\u015e k\u0259\u015ffiyyat\u0131n\u0131n prezident Baydenin dili il\u0259 yayd\u0131\u011f\u0131 x\u0259b\u0259rl\u0259r d\u0259qiqliyin\u0259 g\u00f6r\u0259 az qala bak\u0131l\u0131 balas\u0131 Rixard Zorgenin Yaponiyadan \u00f6t\u00fcrd\u00fcy\u00fc x\u0259b\u0259rl\u0259r\u0259 \u00e7at\u0131rd\u0131. Lakin nec\u0259 ki, Stalin bu x\u0259b\u0259rl\u0259r\u0259 inanmam\u0131\u015fd\u0131, Volodimir Zelenski d\u0259 h\u0259m\u00e7inin, demi\u015fdi ki, bu x\u0259b\u0259rl\u0259r bekara \u015feydir, h\u0259r\u0259 gedib \u00f6z i\u015fi il\u0259 m\u0259\u015f\u011ful olsa, savaba batar.<\/p>\n\n\n\n<p>M\u00fcharib\u0259 ba\u015flayandan sonra Ukrayna a\u011f\u0131r v\u0259ziyy\u0259t\u0259 d\u00fc\u015fd\u00fc. Zelenski \u0259min oldu ki, ciddi g\u00fcz\u0259\u015ftl\u0259r\u0259 getm\u0259s\u0259, \u00f6lk\u0259si bas\u0131lacaq. Odur ki, Ukraynan\u0131n raz\u0131la\u015fa bil\u0259c\u0259yi g\u00fcz\u0259\u015ftl\u0259rin siyah\u0131s\u0131n\u0131 a\u00e7\u0131qlad\u0131. O c\u00fcml\u0259d\u0259n dedi ki, Ukrayna d\u0259xi NATO-ya \u00fczvl\u00fck x\u0259yal\u0131ndan \u0259l \u00e7\u0259kir, ordusu a\u011f\u0131r h\u00fccum silahlar\u0131n\u0131 daha ist\u0259mir, rus dili s\u0259rb\u0259st i\u015fl\u0259n\u0259c\u0259k, Kr\u0131m\u0131n v\u0259 Luqansk-Donetskin taleyi 15 il \u0259rzind\u0259 beyn\u0259lxalq vasit\u0259\u00e7il\u0259rin i\u015ftirak\u0131 il\u0259 m\u00fczakir\u0259 edil\u0259c\u0259k.<\/p>\n\n\n\n<p>Zelenski bu \u015f\u0259rtl\u0259ri a\u00e7\u0131qlamaqda olsun, siz\u0259 kimd\u0259n deyim, kimd\u0259n deyim, ukraynal\u0131 zabit v\u0259 \u0259sg\u0259rl\u0259rd\u0259n. Bu zabit v\u0259 \u0259sg\u0259rl\u0259r dinm\u0259z-s\u00f6yl\u0259m\u0259z rus ordusunu m\u00f6hk\u0259m \u0259zi\u015fdirdil\u0259r v\u0259 rus zabit v\u0259 \u0259sg\u0259rl\u0259rini m\u0259hv edib, \u0259sir g\u00f6t\u00fcr\u00fcb qa\u00e7ma\u011fa m\u0259cbur etdil\u0259r. V\u0259ziyy\u0259ti bel\u0259 g\u00f6r\u0259n Zelenski \u00f6z \u0259minliyini bir balaca t\u0259shih etdi v\u0259 dedi ki, Ukraynan\u0131n \u0259razi b\u00fct\u00f6vl\u00fcy\u00fc alver m\u00f6vzusu deyil, amma biz h\u0259l\u0259 d\u0259 NATO-nu daha ist\u0259mirik. Ukrayna prezidenti Rusiya prezidenti il\u0259 bilavasit\u0259 g\u00f6r\u00fc\u015fm\u0259y\u0259 v\u0259 s\u00fclh m\u00fcqavil\u0259si imzalama\u011fa haz\u0131r oldu\u011funu s\u00f6yl\u0259di.<\/p>\n\n\n\n<p>Da\u015fdan s\u0259s \u00e7\u0131xd\u0131, Putind\u0259n s\u0259s \u00e7\u0131xmad\u0131. S\u0259ssizliyin t\u0259rc\u00fcm\u0259si ayd\u0131n idi: h\u0259rbi m\u0259\u011flubiyy\u0259td\u0259n sonra s\u00fcr\u00fcn\u0259-s\u00fcr\u00fcn\u0259 g\u0259l\u0259rs\u0259n, s\u0259n\u0259 \u015f\u0259rtl\u0259rimi imla ed\u0259r\u0259m.<\/p>\n\n\n\n<p>B\u00fct\u00fcn bu d\u00f6vr \u0259rzind\u0259 Q\u0259rb d\u00f6vl\u0259tl\u0259ri, ba\u015fda AB\u015e olmaqla, \u0259min idil\u0259r ki, Rusiya Ukraynan\u0131 m\u0259\u011flub ed\u0259c\u0259k. G\u00f6r\u0259nd\u0259 ki, Amerika k\u0259\u015ffiyyat\u0131n\u0131n hesablamalar\u0131 lax \u00e7\u0131xd\u0131 v\u0259 Ukrayna Rusiya ordusunu \u00fcy\u00fcd\u00fcr, \u0259min oldular ki, Ukraynan\u0131 d\u0259st\u0259kl\u0259m\u0259y\u0259 d\u0259y\u0259r. Ona g\u00f6r\u0259 ba\u015flad\u0131lar Ukraynaya silah verm\u0259y\u0259, amma el\u0259 verdil\u0259r ki, Ukrayna Rusiyan\u0131 bilm\u0259rr\u0259 v\u0259 lapdan m\u0259\u011flub etm\u0259sin, yava\u015f-yava\u015f etsin.<\/p>\n\n\n\n<p>Niy\u0259? M\u00fcharib\u0259 davam etdikc\u0259 Rusiya bihal olur, Putinin h\u00f6rm\u0259ti d\u00fc\u015f\u00fcr ayaqlar alt\u0131na, Rusiya yum\u015fal\u0131b muma d\u00f6n\u00fcr. Nec\u0259 dey\u0259rl\u0259r, qon\u015funun ba\u011f\u0131 yand\u0131, bekara \u015fey olsa da, adam\u0131n k\u00f6nl\u00fcn\u00fc ox\u015fay\u0131r.<\/p>\n\n\n\n<p>Kiyev, \u00c7erniqov v\u0259 Sum\u0131 \u0259traf\u0131nda burnu \u0259zil\u0259n rus ordusu quyru\u011funu q\u0131s\u0131b bu \u0259razil\u0259ri bo\u015faltd\u0131 v\u0259 Rusiya \u0259min oldu ki, m\u00fcharib\u0259d\u0259n \u00fcz\u00fcsulu \u00e7\u0131xmaq \u00fc\u00e7\u00fcn hans\u0131sa bir h\u0259rbi u\u011fur laz\u0131md\u0131r. Fasil\u0259 g\u00f6t\u00fcr\u00fcb ehtiyat q\u00fcvv\u0259l\u0259ri c\u0259m etdi v\u0259 yenid\u0259n h\u00fccuma ke\u00e7di. Ukrayna ba\u015flad\u0131 add\u0131m-add\u0131m geri \u00e7\u0259kilm\u0259y\u0259.<\/p>\n\n\n\n<p>Q\u0259rb d\u00f6vl\u0259tl\u0259ri ba\u015fda AB\u015e olmaqla a\u00e7d\u0131lar s\u0259xav\u0259t kis\u0259sinin a\u011fz\u0131n\u0131, ba\u015flad\u0131lar \u0259vv\u0259l-\u0259vv\u0259l Ukraynaya k\u00f6hn\u0259 sovet s\u0131lahlar\u0131n\u0131 g\u00f6nd\u0259rm\u0259y\u0259. Sonra ke\u00e7dil\u0259r m\u00fcasir Q\u0259rb silahlar\u0131na. Ukrayna \u0259min oldu ki, bu silahla v\u0259 \u00f6z zabit v\u0259 \u0259sk\u0259rl\u0259ri il\u0259 Rusiyaya qalib g\u0259l\u0259 bil\u0259c\u0259k. \u018fminliyi o d\u0259r\u0259c\u0259y\u0259 \u00e7atd\u0131 ki, Zelenski t\u0259z\u0259d\u0259n dedi: Ukrayna ist\u0259s\u0259, NATO-ya da gir\u0259 bil\u0259r. He\u00e7 bir \u0259cn\u0259bi d\u00f6vl\u0259t Ukraynaya n\u0259yi is\u0259 qada\u011fan ed\u0259 bilm\u0259z.<\/p>\n\n\n\n<p>\u0130ndi b\u00fct\u00fcn d\u00fcnya bu m\u00fcxt\u0259lif \u0259minlikl\u0259rin sava\u015f\u0131na tama\u015fa edir. Ukrayna \u00f6z g\u0259l\u0259c\u0259k q\u0259l\u0259b\u0259sin\u0259 \u0259mindir v\u0259 deyir ki, b\u00fct\u00fcn torpaqlar\u0131m\u0131, o c\u00fcml\u0259d\u0259n Kr\u0131m\u0131 qaytaraca\u011fam, Rusiyan\u0131 m\u0259cbur ed\u0259c\u0259y\u0259m ki, vurdu\u011fu ziyana g\u00f6r\u0259 bir ne\u00e7\u0259 y\u00fcz milyard dollar h\u0259cmind\u0259 t\u0259zminat \u00f6d\u0259sin.<\/p>\n\n\n\n<p>Rusiya \u00f6z q\u0259l\u0259b\u0259sin\u0259 \u0259mindir v\u0259 deyir ki, n\u0259inki Kr\u0131m\u0131 qaytarmayaca\u011fam, h\u0259tta Luqansk\u0131, Donetski v\u0259 Xersonu \u00f6z \u0259razim\u0259 qataca\u011fam. H\u0259tta imkan olsa, gedib Moldovan\u0131 \u0259zib Dnestryan\u0131 Respublikas\u0131 il\u0259 Ukraynadan ke\u00e7\u0259n quru d\u0259hliz a\u00e7aca\u011fam.<\/p>\n\n\n\n<p>Q\u0259rb \u0259mindir ki, bu yaranm\u0131\u015f \u015fahan\u0259 imkandan tam istifad\u0259 etm\u0259k laz\u0131md\u0131r. Rusiya \u00f6z\u00fcn\u00fc d\u00fcnyada b\u0259dnam edib, t\u0259crid olunub, he\u00e7 bir m\u00fctt\u0259fiqi qalmay\u0131b. B\u00fct\u00fcn d\u00fcnya Rusiyaya qar\u015f\u0131 birl\u0259\u015fib, yekdil t\u0259rzd\u0259 c\u0259za t\u0259dbirl\u0259ri t\u0259tbiq edir. Rus s\u0259nayesinin \u00e7\u00f6k\u00fc\u015f\u00fc s\u00fcr\u0259tl\u0259nib, elmi yox olub, texnoloji t\u0259n\u0259zz\u00fcl\u00fcn\u00fcn qar\u015f\u0131s\u0131n\u0131 ala bilmir. D\u00fcnya silah bazar\u0131nda Rusiya t\u0259dric\u0259n yoxa \u00e7\u0131xacaq, meydan Q\u0259rb silah\u0131 \u00fc\u00e7\u00fcn daha da geni\u015fl\u0259n\u0259c\u0259k.<\/p>\n\n\n\n<p>Q\u0259rb \u0259mindir ki, t\u0259zyiqi m\u0259har\u0259tl\u0259, inadla v\u0259 t\u0259dbirli davam etdirs\u0259, \u015f\u0259raiti el\u0259 d\u0259yi\u015f\u0259 bil\u0259r ki, Rusiyan\u0131n ad\u0131 d\u00fcnyan\u0131n apar\u0131c\u0131 d\u00f6vl\u0259tl\u0259ri siyah\u0131s\u0131ndan tam silin\u0259 bil\u0259r, BMT-nin T\u0259hl\u00fck\u0259sizlik \u015euras\u0131n\u0131n daimi be\u015f \u00fczv\u00fcnd\u0259n biri kimi \u00e7\u0131xda\u015f edil\u0259 bil\u0259r, h\u0259tta i\u015f o yer\u0259 \u00e7ata bil\u0259r ki, \u00f6lk\u0259 da\u011f\u0131lar. Bu zaman Q\u0259rbin \u0259sas qay\u011f\u0131s\u0131 ac rus \u0259halisini yedizdirm\u0259kl\u0259 yana\u015f\u0131, ilk n\u00f6vb\u0259d\u0259 Rusiyan\u0131n n\u00fcv\u0259 c\u0259bb\u0259xanas\u0131 \u00fcz\u0259rind\u0259 ciddi n\u0259zar\u0259t mexanizmini qurmaq olacaq.<\/p>\n\n\n\n<p>D\u00fcnyada \u0259minlikl\u0259rin amans\u0131z sava\u015f\u0131 gedir. Bu sava\u015f \u00f6z\u00fcn\u00fc C\u0259nubi Qafqazda da b\u00fcruz\u0259 verir. Az\u0259rbaycan \u0259mindir ki, 44 g\u00fcnl\u00fck m\u00fcharib\u0259d\u0259 q\u0259l\u0259b\u0259si dan\u0131lmazd\u0131r v\u0259 t\u0259fti\u015f edilm\u0259y\u0259c\u0259k. Nikol Pa\u015finyan da buna \u0259mindir v\u0259 buna g\u00f6r\u0259 \u00e7al\u0131\u015f\u0131r ki, zavall\u0131 xalq\u0131n\u0131 pu\u00e7 x\u0259yallar\u0131n m\u0259ng\u0259n\u0259sind\u0259n xilas edib ay\u0131lts\u0131n v\u0259 s\u0259rt ger\u00e7\u0259klik il\u0259 \u00fczb\u0259\u00fcz qoysun.<\/p>\n\n\n\n<p>Lakin erm\u0259ni m\u00fcxalif\u0259ti \u0259mindir ki, erm\u0259ni xalq\u0131 q\u0259fl\u0259t yuxusundan ay\u0131lsa v\u0259 ger\u00e7\u0259kliyi d\u0259rk ets\u0259, onda g\u0259lib bu m\u00fcxalif\u0259tin c\u0259md\u0259yin\u0259 t\u00fcp\u00fcr\u0259c\u0259k v\u0259 \u00fcz\u00fcn\u00fc ondan \u0259b\u0259di \u00e7evir\u0259c\u0259k. Onda \u0259lvida \u015firin v\u0259 ya\u011fl\u0131 v\u0259zif\u0259l\u0259r! \u018flvida, n\u0259h\u0259ng z\u0259hm\u0259tsiz g\u0259lirl\u0259r! \u018flvida, erm\u0259ni \u0259silli frans\u0131z milyonerl\u0259rinin yaxtalar\u0131nda havay\u0131 kef m\u0259clisl\u0259ri! \u018flvida, Yerevanda tikil\u0259n n\u0259h\u0259ng z\u00f6vqs\u00fcz villalar!<\/p>\n\n\n\n<p>B\u0259li, erm\u0259ni m\u00fcxalif\u0259tinin a\u011f\u0131r g\u00fcnl\u0259ri g\u0259lib. Putin dostu Robik K\u00f6\u00e7\u0259ryan\u0131 zorla h\u0259bsd\u0259n \u00e7\u0131xarm\u0131\u015fd\u0131 ki, Pa\u015finyan onun o\u011flu Levonu h\u0259bs etdi. S\u00f6zs\u00fcz ki, buraxacaq, amma h\u0259bsin \u00f6z\u00fc al\u00e7ald\u0131c\u0131 hadis\u0259dir. Serjikin d\u00f6vr\u00fcnd\u0259 q\u00fcdr\u0259tli oliqarx olmu\u015f g\u00f6mr\u00fck, maliyy\u0259 v\u0259 d\u00f6vl\u0259t g\u0259lirl\u0259ri naziri Xa\u00e7atryan\u0131n Los-Ancelesd\u0259ki n\u0259h\u0259ng villas\u0131na h\u0259bs qoyulub. Bel\u0259 gets\u0259, Allah el\u0259m\u0259sin, Xa\u00e7atryan\u0131n ana s\u00fcd\u00fc kimi halal r\u00fc\u015fv\u0259t puluna ald\u0131\u011f\u0131 Avstriyan\u0131n \u201cMotsart\u201d \u015firniyyat \u015firk\u0259tin\u0259 d\u0259 h\u0259bs qoyacaqlar. \u018f b\u0259 onda Bak\u0131 sakinl\u0259ri bu Avstriya \u015firk\u0259tinin \u015fokolad\u0131n\u0131 n\u0259 t\u0259h\u0259r tapacaq? Bu \u015fokolads\u0131z biz n\u0259 ed\u0259c\u0259yik?<\/p>\n\n\n\n<p>M\u00fcxt\u0259s\u0259r, Az\u0259rbaycan \u0259mindir ki, g\u00f6zl\u0259m\u0259k laz\u0131md\u0131r. Erm\u0259nistan\u0131n a\u011fas\u0131 Rusiyan\u0131n kifay\u0259t q\u0259d\u0259r z\u0259ifl\u0259m\u0259sini, h\u0259tta \u00e7\u00f6km\u0259sini g\u00f6zl\u0259m\u0259k laz\u0131md\u0131r ki, Yerevan \u0259hli-hal olub i\u015far\u0259ni anlas\u0131n v\u0259 h\u0259r iki t\u0259r\u0259fi rus boyunduru\u011fundan xilas ed\u0259c\u0259k s\u00fclh m\u00fcqavil\u0259sin\u0259 raz\u0131 olsun.<\/p>\n\n\n\n<p>Az\u0259rbaycan \u0259mindir ki, daha he\u00e7 vaxt y\u00fczl\u0259rl\u0259 tank\u0131, topu v\u0259 on minl\u0259rl\u0259 \u0259sg\u0259ri olan erm\u0259ni ordusu qurulmayacaq. \u0130ki s\u0259b\u0259bd\u0259n. Birincisi, bel\u0259 ordu qurma\u011fa Erm\u0259nistan\u0131n bundan sonra he\u00e7 vaxt maliyy\u0259 v\u0259 b\u0259\u015f\u0259ri imkan\u0131 olmayacaq. \u0130kincisi, bar\u0131\u015f\u0131b i\u015fg\u00fczar \u0259laq\u0259l\u0259r qurdu\u011fu Az\u0259rbaycanla \u0259dav\u0259t\u0259 he\u00e7 ehtiyac qalmayacaq.<\/p>\n\n\n\n<p>Erm\u0259ni xalq\u0131n\u0131n \u0259ks\u0259riyy\u0259ti art\u0131q \u0259mindir ki, Artsax m\u0259tl\u0259bi ke\u00e7mi\u015fd\u0259 qal\u0131b. Erm\u0259ni xalq\u0131n\u0131n C\u0259nubi Qafqazda qal\u0131b ya\u015famas\u0131n\u0131 ist\u0259y\u0259n h\u0259r bir erm\u0259ni anlay\u0131r ki, bu h\u0259yat \u015fans\u0131 t\u00fcrk \u00fcz\u0259rind\u0259 q\u0259l\u0259b\u0259d\u0259n deyil, t\u00fcrkl\u0259 dostluqdan ke\u00e7ir. Bel\u0259 \u0259minlik erm\u0259nil\u0259rl\u0259 dinc yana\u015f\u0131 ya\u015fama\u011f\u0131n m\u00fcmk\u00fcnl\u00fcy\u00fcn\u0259 \u0259min olan az\u0259rbaycanl\u0131 \u0259minliyi il\u0259 ziddiyy\u0259t t\u0259\u015fkil etmir.<\/p>\n\n\n\n<p>B\u0259zi hallarda \u0259minlikl\u0259rin amans\u0131z sava\u015f\u0131 qana v\u0259 itkil\u0259r\u0259, b\u0259z\u0259n is\u0259 \u0259minlikl\u0259rin uyu\u015fmas\u0131 \u00e7ox faydal\u0131 v\u0259 g\u0259lirli birg\u0259 layih\u0259l\u0259r\u0259 g\u0259tirir.<\/p>\n\n\n\n<p>2022-ci il se\u00e7im ilidir. Rus v\u0259 Ukrayna xalqlar\u0131n\u0131n \u0259minlikl\u0259ri bar\u0131\u015fmaz sava\u015fda, erm\u0259ni v\u0259 Az\u0259rbaycan xalqlar\u0131n\u0131n \u0259minlikl\u0259ri, t\u0259r\u0259dd\u00fcdl\u0259 d\u0259 olsa, s\u00fclh axtar\u0131\u015f\u0131nda rastla\u015f\u0131rlar.<\/p>\n","protected":false},"excerpt":{"rendered":"<p>B\u0259zi hallarda \u0259minlikl\u0259rin amans\u0131z sava\u015f\u0131 qana v\u0259 itkil\u0259r\u0259, b\u0259z\u0259n is\u0259 &#8230; <\/p>\n<p class=\"read-more-container\"><a title=\"\u018fminlikl\u0259rin sava\u015f\u0131\" class=\"read-more button\" href=\"https:\/\/www.meydan.tv\/az\/article\/eminliklerin-savasi\/#more-244778\" aria-label=\"Read more about \u018fminlikl\u0259rin sava\u015f\u0131\">Davam\u0131<\/a><\/p>\n","protected":false},"author":8,"featured_media":126823,"comment_status":"closed","ping_status":"closed","sticky":false,"template":"","format":"standard","meta":{"_acf_changed":false,"_sitemap_exclude":false,"_sitemap_priority":"","_sitemap_frequency":"","footnotes":""},"categories":[57],"tags":[],"class_list":["post-244778","post","type-post","status-publish","format-standard","has-post-thumbnail","hentry","category-menim-fikrimce","infinite-scroll-item","generate-columns","tablet-grid-50","mobile-grid-100","grid-parent","grid-33","no-featured-image-padding"],"acf":[],"yoast_head":"<!-- This site is optimized with the Yoast SEO plugin v27.4 - https:\/\/yoast.com\/product\/yoast-seo-wordpress\/ -->\n<title>\u018fminlikl\u0259rin sava\u015f\u0131 - MEYDAN.TV<\/title>\n<meta name=\"robots\" content=\"index, follow, max-snippet:-1, max-image-preview:large, max-video-preview:-1\" \/>\n<link rel=\"canonical\" href=\"https:\/\/www.meydan.tv\/az\/article\/eminliklerin-savasi\/\" \/>\n<meta property=\"og:locale\" content=\"az_AZ\" \/>\n<meta property=\"og:type\" content=\"article\" \/>\n<meta property=\"og:title\" content=\"\u018fminlikl\u0259rin sava\u015f\u0131 - MEYDAN.TV\" \/>\n<meta property=\"og:description\" content=\"B\u0259zi hallarda \u0259minlikl\u0259rin amans\u0131z sava\u015f\u0131 qana v\u0259 itkil\u0259r\u0259, b\u0259z\u0259n is\u0259 ... Davam\u0131\" \/>\n<meta property=\"og:url\" content=\"https:\/\/www.meydan.tv\/az\/article\/eminliklerin-savasi\/\" \/>\n<meta property=\"og:site_name\" content=\"MEYDAN.TV\" \/>\n<meta property=\"article:published_time\" content=\"2022-05-10T11:22:34+00:00\" \/>\n<meta property=\"article:modified_time\" content=\"2022-05-10T11:22:36+00:00\" \/>\n<meta property=\"og:image\" content=\"https:\/\/www.meydan.tv\/wp-content\/uploads\/image_from_ios_2_p52ittc.original.original-scaled-e1645163166726.jpg\" \/>\n\t<meta property=\"og:image:width\" content=\"2560\" \/>\n\t<meta property=\"og:image:height\" content=\"1292\" \/>\n\t<meta property=\"og:image:type\" content=\"image\/jpeg\" \/>\n<meta name=\"author\" content=\"elli\" \/>\n<meta name=\"twitter:card\" content=\"summary_large_image\" \/>\n<meta name=\"twitter:creator\" content=\"@elli\" \/>\n<script type=\"application\/ld+json\" class=\"yoast-schema-graph\">{\"@context\":\"https:\\\/\\\/schema.org\",\"@graph\":[{\"@type\":\"Article\",\"@id\":\"https:\\\/\\\/www.meydan.tv\\\/az\\\/article\\\/eminliklerin-savasi\\\/#article\",\"isPartOf\":{\"@id\":\"https:\\\/\\\/www.meydan.tv\\\/az\\\/article\\\/eminliklerin-savasi\\\/\"},\"author\":{\"name\":\"elli\",\"@id\":\"https:\\\/\\\/www.meydan.tv\\\/az\\\/#\\\/schema\\\/person\\\/9cdbecf90d17180ce1dfbd95b08dcf47\"},\"headline\":\"\u018fminlikl\u0259rin sava\u015f\u0131\",\"datePublished\":\"2022-05-10T11:22:34+00:00\",\"dateModified\":\"2022-05-10T11:22:36+00:00\",\"mainEntityOfPage\":{\"@id\":\"https:\\\/\\\/www.meydan.tv\\\/az\\\/article\\\/eminliklerin-savasi\\\/\"},\"wordCount\":1879,\"publisher\":{\"@id\":\"https:\\\/\\\/www.meydan.tv\\\/az\\\/#organization\"},\"image\":{\"@id\":\"https:\\\/\\\/www.meydan.tv\\\/az\\\/article\\\/eminliklerin-savasi\\\/#primaryimage\"},\"thumbnailUrl\":\"https:\\\/\\\/www.meydan.tv\\\/wp-content\\\/uploads\\\/image_from_ios_2_p52ittc.original.original-scaled-e1682070233838.jpg\",\"articleSection\":[\"M\u0259nim Fikrimc\u0259\"],\"inLanguage\":\"az\"},{\"@type\":\"WebPage\",\"@id\":\"https:\\\/\\\/www.meydan.tv\\\/az\\\/article\\\/eminliklerin-savasi\\\/\",\"url\":\"https:\\\/\\\/www.meydan.tv\\\/az\\\/article\\\/eminliklerin-savasi\\\/\",\"name\":\"\u018fminlikl\u0259rin sava\u015f\u0131 - MEYDAN.TV\",\"isPartOf\":{\"@id\":\"https:\\\/\\\/www.meydan.tv\\\/az\\\/#website\"},\"primaryImageOfPage\":{\"@id\":\"https:\\\/\\\/www.meydan.tv\\\/az\\\/article\\\/eminliklerin-savasi\\\/#primaryimage\"},\"image\":{\"@id\":\"https:\\\/\\\/www.meydan.tv\\\/az\\\/article\\\/eminliklerin-savasi\\\/#primaryimage\"},\"thumbnailUrl\":\"https:\\\/\\\/www.meydan.tv\\\/wp-content\\\/uploads\\\/image_from_ios_2_p52ittc.original.original-scaled-e1682070233838.jpg\",\"datePublished\":\"2022-05-10T11:22:34+00:00\",\"dateModified\":\"2022-05-10T11:22:36+00:00\",\"breadcrumb\":{\"@id\":\"https:\\\/\\\/www.meydan.tv\\\/az\\\/article\\\/eminliklerin-savasi\\\/#breadcrumb\"},\"inLanguage\":\"az\",\"potentialAction\":[{\"@type\":\"ReadAction\",\"target\":[\"https:\\\/\\\/www.meydan.tv\\\/az\\\/article\\\/eminliklerin-savasi\\\/\"]}]},{\"@type\":\"ImageObject\",\"inLanguage\":\"az\",\"@id\":\"https:\\\/\\\/www.meydan.tv\\\/az\\\/article\\\/eminliklerin-savasi\\\/#primaryimage\",\"url\":\"https:\\\/\\\/www.meydan.tv\\\/wp-content\\\/uploads\\\/image_from_ios_2_p52ittc.original.original-scaled-e1682070233838.jpg\",\"contentUrl\":\"https:\\\/\\\/www.meydan.tv\\\/wp-content\\\/uploads\\\/image_from_ios_2_p52ittc.original.original-scaled-e1682070233838.jpg\",\"width\":2560,\"height\":1158,\"caption\":\"Foto: Meydan TV\"},{\"@type\":\"BreadcrumbList\",\"@id\":\"https:\\\/\\\/www.meydan.tv\\\/az\\\/article\\\/eminliklerin-savasi\\\/#breadcrumb\",\"itemListElement\":[{\"@type\":\"ListItem\",\"position\":1,\"name\":\"Ana s\u0259hif\u0259\",\"item\":\"https:\\\/\\\/www.meydan.tv\\\/az\\\/\"},{\"@type\":\"ListItem\",\"position\":2,\"name\":\"M\u0259nim Fikrimc\u0259\",\"item\":\"https:\\\/\\\/www.meydan.tv\\\/az\\\/section\\\/menim-fikrimce\\\/\"},{\"@type\":\"ListItem\",\"position\":3,\"name\":\"\u018fminlikl\u0259rin sava\u015f\u0131\"}]},{\"@type\":\"WebSite\",\"@id\":\"https:\\\/\\\/www.meydan.tv\\\/az\\\/#website\",\"url\":\"https:\\\/\\\/www.meydan.tv\\\/az\\\/\",\"name\":\"MEYDAN.TV\",\"description\":\"Meydan TV Az\u0259rbaycan\u0131n media m\u0259kan\u0131ndak\u0131 alternativ s\u0259sidir\",\"publisher\":{\"@id\":\"https:\\\/\\\/www.meydan.tv\\\/az\\\/#organization\"},\"potentialAction\":[{\"@type\":\"SearchAction\",\"target\":{\"@type\":\"EntryPoint\",\"urlTemplate\":\"https:\\\/\\\/www.meydan.tv\\\/az\\\/?s={search_term_string}\"},\"query-input\":{\"@type\":\"PropertyValueSpecification\",\"valueRequired\":true,\"valueName\":\"search_term_string\"}}],\"inLanguage\":\"az\"},{\"@type\":\"Organization\",\"@id\":\"https:\\\/\\\/www.meydan.tv\\\/az\\\/#organization\",\"name\":\"Meydan TV\",\"url\":\"https:\\\/\\\/www.meydan.tv\\\/az\\\/\",\"logo\":{\"@type\":\"ImageObject\",\"inLanguage\":\"az\",\"@id\":\"https:\\\/\\\/www.meydan.tv\\\/az\\\/#\\\/schema\\\/logo\\\/image\\\/\",\"url\":\"https:\\\/\\\/www.meydan.tv\\\/wp-content\\\/uploads\\\/2021\\\/07\\\/meydan-logo.svg\",\"contentUrl\":\"https:\\\/\\\/www.meydan.tv\\\/wp-content\\\/uploads\\\/2021\\\/07\\\/meydan-logo.svg\",\"width\":195,\"height\":46,\"caption\":\"Meydan TV\"},\"image\":{\"@id\":\"https:\\\/\\\/www.meydan.tv\\\/az\\\/#\\\/schema\\\/logo\\\/image\\\/\"}},{\"@type\":\"Person\",\"@id\":\"https:\\\/\\\/www.meydan.tv\\\/az\\\/#\\\/schema\\\/person\\\/9cdbecf90d17180ce1dfbd95b08dcf47\",\"name\":\"elli\",\"sameAs\":[\"https:\\\/\\\/x.com\\\/elli\"]}]}<\/script>\n<!-- \/ Yoast SEO plugin. -->","yoast_head_json":{"title":"\u018fminlikl\u0259rin sava\u015f\u0131 - MEYDAN.TV","robots":{"index":"index","follow":"follow","max-snippet":"max-snippet:-1","max-image-preview":"max-image-preview:large","max-video-preview":"max-video-preview:-1"},"canonical":"https:\/\/www.meydan.tv\/az\/article\/eminliklerin-savasi\/","og_locale":"az_AZ","og_type":"article","og_title":"\u018fminlikl\u0259rin sava\u015f\u0131 - MEYDAN.TV","og_description":"B\u0259zi hallarda \u0259minlikl\u0259rin amans\u0131z sava\u015f\u0131 qana v\u0259 itkil\u0259r\u0259, b\u0259z\u0259n is\u0259 ... Davam\u0131","og_url":"https:\/\/www.meydan.tv\/az\/article\/eminliklerin-savasi\/","og_site_name":"MEYDAN.TV","article_published_time":"2022-05-10T11:22:34+00:00","article_modified_time":"2022-05-10T11:22:36+00:00","og_image":[{"width":2560,"height":1292,"url":"https:\/\/www.meydan.tv\/wp-content\/uploads\/image_from_ios_2_p52ittc.original.original-scaled-e1645163166726.jpg","type":"image\/jpeg"}],"author":"elli","twitter_card":"summary_large_image","twitter_creator":"@elli","schema":{"@context":"https:\/\/schema.org","@graph":[{"@type":"Article","@id":"https:\/\/www.meydan.tv\/az\/article\/eminliklerin-savasi\/#article","isPartOf":{"@id":"https:\/\/www.meydan.tv\/az\/article\/eminliklerin-savasi\/"},"author":{"name":"elli","@id":"https:\/\/www.meydan.tv\/az\/#\/schema\/person\/9cdbecf90d17180ce1dfbd95b08dcf47"},"headline":"\u018fminlikl\u0259rin sava\u015f\u0131","datePublished":"2022-05-10T11:22:34+00:00","dateModified":"2022-05-10T11:22:36+00:00","mainEntityOfPage":{"@id":"https:\/\/www.meydan.tv\/az\/article\/eminliklerin-savasi\/"},"wordCount":1879,"publisher":{"@id":"https:\/\/www.meydan.tv\/az\/#organization"},"image":{"@id":"https:\/\/www.meydan.tv\/az\/article\/eminliklerin-savasi\/#primaryimage"},"thumbnailUrl":"https:\/\/www.meydan.tv\/wp-content\/uploads\/image_from_ios_2_p52ittc.original.original-scaled-e1682070233838.jpg","articleSection":["M\u0259nim Fikrimc\u0259"],"inLanguage":"az"},{"@type":"WebPage","@id":"https:\/\/www.meydan.tv\/az\/article\/eminliklerin-savasi\/","url":"https:\/\/www.meydan.tv\/az\/article\/eminliklerin-savasi\/","name":"\u018fminlikl\u0259rin sava\u015f\u0131 - MEYDAN.TV","isPartOf":{"@id":"https:\/\/www.meydan.tv\/az\/#website"},"primaryImageOfPage":{"@id":"https:\/\/www.meydan.tv\/az\/article\/eminliklerin-savasi\/#primaryimage"},"image":{"@id":"https:\/\/www.meydan.tv\/az\/article\/eminliklerin-savasi\/#primaryimage"},"thumbnailUrl":"https:\/\/www.meydan.tv\/wp-content\/uploads\/image_from_ios_2_p52ittc.original.original-scaled-e1682070233838.jpg","datePublished":"2022-05-10T11:22:34+00:00","dateModified":"2022-05-10T11:22:36+00:00","breadcrumb":{"@id":"https:\/\/www.meydan.tv\/az\/article\/eminliklerin-savasi\/#breadcrumb"},"inLanguage":"az","potentialAction":[{"@type":"ReadAction","target":["https:\/\/www.meydan.tv\/az\/article\/eminliklerin-savasi\/"]}]},{"@type":"ImageObject","inLanguage":"az","@id":"https:\/\/www.meydan.tv\/az\/article\/eminliklerin-savasi\/#primaryimage","url":"https:\/\/www.meydan.tv\/wp-content\/uploads\/image_from_ios_2_p52ittc.original.original-scaled-e1682070233838.jpg","contentUrl":"https:\/\/www.meydan.tv\/wp-content\/uploads\/image_from_ios_2_p52ittc.original.original-scaled-e1682070233838.jpg","width":2560,"height":1158,"caption":"Foto: Meydan TV"},{"@type":"BreadcrumbList","@id":"https:\/\/www.meydan.tv\/az\/article\/eminliklerin-savasi\/#breadcrumb","itemListElement":[{"@type":"ListItem","position":1,"name":"Ana s\u0259hif\u0259","item":"https:\/\/www.meydan.tv\/az\/"},{"@type":"ListItem","position":2,"name":"M\u0259nim Fikrimc\u0259","item":"https:\/\/www.meydan.tv\/az\/section\/menim-fikrimce\/"},{"@type":"ListItem","position":3,"name":"\u018fminlikl\u0259rin sava\u015f\u0131"}]},{"@type":"WebSite","@id":"https:\/\/www.meydan.tv\/az\/#website","url":"https:\/\/www.meydan.tv\/az\/","name":"MEYDAN.TV","description":"Meydan TV Az\u0259rbaycan\u0131n media m\u0259kan\u0131ndak\u0131 alternativ s\u0259sidir","publisher":{"@id":"https:\/\/www.meydan.tv\/az\/#organization"},"potentialAction":[{"@type":"SearchAction","target":{"@type":"EntryPoint","urlTemplate":"https:\/\/www.meydan.tv\/az\/?s={search_term_string}"},"query-input":{"@type":"PropertyValueSpecification","valueRequired":true,"valueName":"search_term_string"}}],"inLanguage":"az"},{"@type":"Organization","@id":"https:\/\/www.meydan.tv\/az\/#organization","name":"Meydan TV","url":"https:\/\/www.meydan.tv\/az\/","logo":{"@type":"ImageObject","inLanguage":"az","@id":"https:\/\/www.meydan.tv\/az\/#\/schema\/logo\/image\/","url":"https:\/\/www.meydan.tv\/wp-content\/uploads\/2021\/07\/meydan-logo.svg","contentUrl":"https:\/\/www.meydan.tv\/wp-content\/uploads\/2021\/07\/meydan-logo.svg","width":195,"height":46,"caption":"Meydan TV"},"image":{"@id":"https:\/\/www.meydan.tv\/az\/#\/schema\/logo\/image\/"}},{"@type":"Person","@id":"https:\/\/www.meydan.tv\/az\/#\/schema\/person\/9cdbecf90d17180ce1dfbd95b08dcf47","name":"elli","sameAs":["https:\/\/x.com\/elli"]}]}},"_links":{"self":[{"href":"https:\/\/www.meydan.tv\/az\/wp-json\/wp\/v2\/posts\/244778","targetHints":{"allow":["GET"]}}],"collection":[{"href":"https:\/\/www.meydan.tv\/az\/wp-json\/wp\/v2\/posts"}],"about":[{"href":"https:\/\/www.meydan.tv\/az\/wp-json\/wp\/v2\/types\/post"}],"author":[{"embeddable":true,"href":"https:\/\/www.meydan.tv\/az\/wp-json\/wp\/v2\/users\/8"}],"replies":[{"embeddable":true,"href":"https:\/\/www.meydan.tv\/az\/wp-json\/wp\/v2\/comments?post=244778"}],"version-history":[{"count":2,"href":"https:\/\/www.meydan.tv\/az\/wp-json\/wp\/v2\/posts\/244778\/revisions"}],"predecessor-version":[{"id":247087,"href":"https:\/\/www.meydan.tv\/az\/wp-json\/wp\/v2\/posts\/244778\/revisions\/247087"}],"wp:featuredmedia":[{"embeddable":true,"href":"https:\/\/www.meydan.tv\/az\/wp-json\/wp\/v2\/media\/126823"}],"wp:attachment":[{"href":"https:\/\/www.meydan.tv\/az\/wp-json\/wp\/v2\/media?parent=244778"}],"wp:term":[{"taxonomy":"category","embeddable":true,"href":"https:\/\/www.meydan.tv\/az\/wp-json\/wp\/v2\/categories?post=244778"},{"taxonomy":"post_tag","embeddable":true,"href":"https:\/\/www.meydan.tv\/az\/wp-json\/wp\/v2\/tags?post=244778"}],"curies":[{"name":"wp","href":"https:\/\/api.w.org\/{rel}","templated":true}]}}