{"id":244763,"date":"2022-05-10T14:33:14","date_gmt":"2022-05-10T10:33:14","guid":{"rendered":"https:\/\/www.meydan.tv\/?p=244763"},"modified":"2022-05-10T14:33:16","modified_gmt":"2022-05-10T10:33:16","slug":"pulitzerin-qalibleri-aciqlanib","status":"publish","type":"post","link":"https:\/\/www.meydan.tv\/az\/article\/pulitzerin-qalibleri-aciqlanib\/","title":{"rendered":"&#8220;Pulitzer&#8221;in qalibl\u0259ri a\u00e7\u0131qlan\u0131b"},"content":{"rendered":"\n<p><\/p>\n\n\n\n<p><em>Siyah\u0131da ukraynal\u0131 jurnalistl\u0259r d\u0259 var<\/em><\/p>\n\n\n\n<p>AB\u015e \u0259d\u0259biyyat\u0131 v\u0259 jurnalistikas\u0131 \u00fc\u00e7\u00fcn \u00f6n\u0259mli m\u00fckafatlardan say\u0131lan &#8220;Pulitzer&#8221;in qalibl\u0259ri a\u00e7\u0131qlan\u0131b<\/p>\n\n\n\n<p>M\u00fckafat \u015euras\u0131n\u0131n r\u0259smi internet sayt\u0131 h\u0259r nominasiya \u00fczr\u0259 qalib olmu\u015f n\u0259\u015frl\u0259rin v\u0259 jurnalistl\u0259rin tam siyah\u0131s\u0131n\u0131 d\u0259rc <a href=\"https:\/\/www.pulitzer.org\/prize-winners-by-year?fbclid=IwAR3Tm4Rqo1BKNeA9zWbnh5sMRgdu0ixeMPatNSlRWafhCJ3OWnY4bpakd_Q\" target=\"_blank\" rel=\"noreferrer noopener\">edib<\/a>.<\/p>\n\n\n\n<p>Laureatlar aras\u0131nda q\u0259zet v\u0259 jurnallar, informasiya agentlikl\u0259ri, ara\u015fd\u0131rma m\u0259rk\u0259zl\u0259ri var.<\/p>\n\n\n\n<p>\u201cThe Washington Post\u201d q\u0259zeti ke\u00e7mi\u015f prezident Donald Tramp\u0131n t\u0259r\u0259fdarlar\u0131 t\u0259r\u0259find\u0259n 2021-ci il yanvar\u0131n 6-da AB\u015e Konqresin\u0259 edil\u0259n h\u00fccumla ba\u011fl\u0131 q\u0259r\u0259zsiz m\u0259lumatlar\u0131na g\u00f6r\u0259, \u201cC\u0259miyy\u0259t\u0259 xidm\u0259t\u201d nominasiyas\u0131 \u00fczr\u0259 q\u0131z\u0131l medala layiq g\u00f6r\u00fcl\u00fcb.<\/p>\n\n\n\n<p>\u201cThe New York Times\u201d da beyn\u0259lxalq v\u0259 milli reportajlara g\u00f6r\u0259 m\u00fckafat al\u0131b.<\/p>\n\n\n\n<p>Q\u0259zetin birinci m\u0259qal\u0259sind\u0259 jurnalistl\u0259r Amerikan\u0131n at\u0259\u015f\u0259 tutulmas\u0131 n\u0259tic\u0259sind\u0259 Yax\u0131n \u015e\u0259rqd\u0259 (\u0130raq, Suriya, \u018ffqan\u0131stan) dinc \u0259hali aras\u0131nda ba\u015f ver\u0259n \u00f6l\u00fcml\u0259rd\u0259n, ikinci m\u0259qal\u0259d\u0259 is\u0259 h\u0259bsl\u0259r zaman\u0131 polis \u0259m\u0259kda\u015flar\u0131 t\u0259r\u0259find\u0259n \u00f6ld\u00fcr\u00fcl\u0259n amerikal\u0131 s\u00fcr\u00fcc\u00fcl\u0259rd\u0259n b\u0259hs edibl\u0259r.<\/p>\n\n\n\n<p>\u201cThe Miami Herald\u201d q\u0259zetinin \u0259m\u0259kda\u015flar\u0131 da f\u0259rql\u0259n\u0259nl\u0259r aras\u0131nda olublar. Onlar 2021-ci ilin iyunun 25-d\u0259 Florida \u015ftat\u0131ndak\u0131 \u201cChamplain Towers South\u201d ya\u015fay\u0131\u015f kompleksind\u0259 ba\u015f ver\u0259n da\u011f\u0131nt\u0131lar\u0131 i\u015f\u0131qland\u0131rd\u0131qlar\u0131 \u00fc\u00e7\u00fcn \u201cT\u0259cili Hesabat\u201d m\u00fckafat\u0131na layiq g\u00f6r\u00fcl\u00fcbl\u0259r.<\/p>\n\n\n\n<p>Pulitzer M\u00fckafatlar\u0131 \u015euras\u0131 Floridadak\u0131 yegan\u0259 t\u0259krar emal\u0131 zavodunda y\u00fcks\u0259k z\u0259h\u0259rli tullant\u0131lar haqq\u0131nda ara\u015fd\u0131rma apard\u0131qlar\u0131na g\u00f6r\u0259 \u201cTampa Bay Times\u201d q\u0259zetinin \u0259m\u0259kda\u015flar\u0131 Kori Q. Conson, Rebekka Vulinqton v\u0259 Eli Myurreemi d\u0259 m\u00fckafatland\u0131r\u0131blar.<\/p>\n\n\n\n<p>\u015eura \u201cQuanta\u201d jurnal\u0131n\u0131n \u0259m\u0259kda\u015flar\u0131, x\u00fcsus\u0259n Natalya Vol\u00e7everin AB\u015e-\u0131n Milli Aeronavtika v\u0259 Kosmik T\u0259dqiqatlar Agentliyinin (NASA), Avropa Kosmik Agentliyi v\u0259 Kanada Kosmik Agentliyinin birlikd\u0259 yaratd\u0131qlar\u0131 \u201cJames Webb\u201d kosmik teleskopu il\u0259 ba\u011fl\u0131 reportajlar\u0131 x\u00fcsusi qiym\u0259tl\u0259ndirib.<\/p>\n\n\n\n<p>\u201cThe Better Government Association\u201d ara\u015fd\u0131rma m\u0259rk\u0259zinin \u0259m\u0259kda\u015f\u0131 Medison Hopkins, \u201c Chicago Tribune\u201d q\u0259zetinin \u0259m\u0259kda\u015f\u0131 Sesiliya Reys \u00c7ikaqoda tikintid\u0259 t\u0259hl\u00fck\u0259sizlik qaydalar\u0131na v\u0259 yan\u011f\u0131n t\u0259hl\u00fck\u0259sizliyin\u0259 riay\u0259t edilm\u0259si il\u0259 ba\u011fl\u0131 qanun pozuntular\u0131n\u0131 \u0259ks etdir\u0259n ara\u015fd\u0131rmalar\u0131na g\u00f6r\u0259 qiym\u0259tl\u0259ndirilibl\u0259r.<\/p>\n\n\n\n<p>\u201cThe Atlantic\u201d jurnal\u0131n\u0131n \u0259m\u0259kda\u015f\u0131 Cennifer Senyor 2001-ci il sentyabr\u0131n 11-d\u0259 ba\u015f vermi\u015f terrordan z\u0259r\u0259r \u00e7\u0259k\u0259n ail\u0259d\u0259n haz\u0131rlad\u0131\u011f\u0131 reportaja g\u00f6r\u0259 m\u00fckafatland\u0131r\u0131l\u0131b.<\/p>\n\n\n\n<p>Melind Henneberger \u201cThe Kansas City Star\u201d q\u0259zetind\u0259 t\u0259qa\u00fcdd\u0259 olan polis detektivi t\u0259r\u0259find\u0259n cinsi t\u0259cav\u00fcz\u0259 m\u0259ruz qalm\u0131\u015f qurbanlara \u0259dal\u0259t t\u0259l\u0259b ed\u0259n k\u00f6\u015f\u0259 yaz\u0131lar\u0131na g\u00f6r\u0259 m\u00fckafata layiq g\u00f6r\u00fcl\u00fcb.<\/p>\n\n\n\n<p>\u201cReuters\u201d x\u0259b\u0259r agentliyinin \u0259m\u0259kda\u015flar\u0131 is\u0259 Hindistanda COVID-19 qurbanlar\u0131n\u0131n g\u00f6r\u00fcnt\u00fcl\u0259rin\u0259 g\u00f6r\u0259 m\u00fckafatland\u0131r\u0131l\u0131blar.<\/p>\n\n\n\n<p>Pulitzer M\u00fckafatlar\u0131 \u015euras\u0131 t\u0259r\u0259find\u0259n ukraynal\u0131 jurnalistl\u0259r\u0259 d\u0259 m\u00fckafat verilib.<\/p>\n\n\n\n<p>Onlar \u201cC\u0259sar\u0259t v\u0259 do\u011fru x\u0259b\u0259r verm\u0259y\u0259 sadiqlik\u201d m\u00fckafat\u0131na layiq g\u00f6r\u00fcl\u00fcbl\u0259r.<\/p>\n\n\n\n<p>Pulitzer m\u00fckafatlar\u0131 &#8211; macar \u0259silli amerikal\u0131 jurnalist v\u0259 q\u0259zet na\u015firi Cozef Pulitzer t\u0259r\u0259find\u0259n t\u0259sis edil\u0259n AB\u015e-da \u0259d\u0259biyyat, jurnalistika, musiqi v\u0259 teatr sah\u0259sind\u0259 \u0259n n\u00fcfuzlu m\u00fckafatlardan biridir.<\/p>\n\n\n\n<p>M\u00fckafat 1917-ci ild\u0259n etibar\u0259n Nyu-Yorkdak\u0131 Kolumbiya Universiteti t\u0259r\u0259find\u0259n verilir.<\/p>\n\n\n\n<p>M\u00fckafat\u0131n m\u0259bl\u0259\u011fi 15 000 dollard\u0131r.<\/p>\n\n\n\n<p>19 n\u0259f\u0259rd\u0259n ibar\u0259t Pulitzer \u015euras\u0131n\u0131n t\u0259rkibin\u0259 AB\u015e \u00fczr\u0259 apar\u0131c\u0131 jurnalistl\u0259r v\u0259 ya x\u0259b\u0259r r\u0259hb\u0259rl\u0259ri, h\u0259m\u00e7inin be\u015f akademik v\u0259 ya s\u0259n\u0259t\u00e7i daxildir.<\/p>\n","protected":false},"excerpt":{"rendered":"<p>Siyah\u0131da ukraynal\u0131 jurnalistl\u0259r d\u0259 var AB\u015e \u0259d\u0259biyyat\u0131 v\u0259 jurnalistikas\u0131 \u00fc\u00e7\u00fcn &#8230; <\/p>\n<p class=\"read-more-container\"><a title=\"&#8220;Pulitzer&#8221;in qalibl\u0259ri a\u00e7\u0131qlan\u0131b\" class=\"read-more button\" href=\"https:\/\/www.meydan.tv\/az\/article\/pulitzerin-qalibleri-aciqlanib\/#more-244763\" aria-label=\"Read more about &#8220;Pulitzer&#8221;in qalibl\u0259ri a\u00e7\u0131qlan\u0131b\">Davam\u0131<\/a><\/p>\n","protected":false},"author":8,"featured_media":244760,"comment_status":"closed","ping_status":"closed","sticky":false,"template":"","format":"standard","meta":{"_acf_changed":false,"_sitemap_exclude":false,"_sitemap_priority":"","_sitemap_frequency":"","footnotes":""},"categories":[52,56],"tags":[],"class_list":["post-244763","post","type-post","status-publish","format-standard","has-post-thumbnail","hentry","category-medeniyyet","category-xeberler","infinite-scroll-item","generate-columns","tablet-grid-50","mobile-grid-100","grid-parent","grid-33","no-featured-image-padding"],"acf":[],"yoast_head":"<!-- This site is optimized with the Yoast SEO plugin v27.5 - https:\/\/yoast.com\/product\/yoast-seo-wordpress\/ -->\n<title>&quot;Pulitzer&quot;in qalibl\u0259ri a\u00e7\u0131qlan\u0131b - MEYDAN.TV<\/title>\n<meta name=\"robots\" content=\"index, follow, max-snippet:-1, max-image-preview:large, max-video-preview:-1\" \/>\n<link rel=\"canonical\" href=\"https:\/\/www.meydan.tv\/az\/article\/pulitzerin-qalibleri-aciqlanib\/\" \/>\n<meta property=\"og:locale\" content=\"az_AZ\" \/>\n<meta property=\"og:type\" content=\"article\" \/>\n<meta property=\"og:title\" content=\"&quot;Pulitzer&quot;in qalibl\u0259ri a\u00e7\u0131qlan\u0131b - MEYDAN.TV\" \/>\n<meta property=\"og:description\" content=\"Siyah\u0131da ukraynal\u0131 jurnalistl\u0259r d\u0259 var AB\u015e \u0259d\u0259biyyat\u0131 v\u0259 jurnalistikas\u0131 \u00fc\u00e7\u00fcn ... Davam\u0131\" \/>\n<meta property=\"og:url\" content=\"https:\/\/www.meydan.tv\/az\/article\/pulitzerin-qalibleri-aciqlanib\/\" \/>\n<meta property=\"og:site_name\" content=\"MEYDAN.TV\" \/>\n<meta property=\"article:published_time\" content=\"2022-05-10T10:33:14+00:00\" \/>\n<meta property=\"article:modified_time\" content=\"2022-05-10T10:33:16+00:00\" \/>\n<meta property=\"og:image\" content=\"https:\/\/www.meydan.tv\/wp-content\/uploads\/shutterstock_1812561133.jpg\" \/>\n\t<meta property=\"og:image:width\" content=\"1200\" \/>\n\t<meta property=\"og:image:height\" content=\"797\" \/>\n\t<meta property=\"og:image:type\" content=\"image\/jpeg\" \/>\n<meta name=\"author\" content=\"elli\" \/>\n<meta name=\"twitter:card\" content=\"summary_large_image\" \/>\n<meta name=\"twitter:creator\" content=\"@elli\" \/>\n<script type=\"application\/ld+json\" class=\"yoast-schema-graph\">{\"@context\":\"https:\\\/\\\/schema.org\",\"@graph\":[{\"@type\":\"Article\",\"@id\":\"https:\\\/\\\/www.meydan.tv\\\/az\\\/article\\\/pulitzerin-qalibleri-aciqlanib\\\/#article\",\"isPartOf\":{\"@id\":\"https:\\\/\\\/www.meydan.tv\\\/az\\\/article\\\/pulitzerin-qalibleri-aciqlanib\\\/\"},\"author\":{\"name\":\"elli\",\"@id\":\"https:\\\/\\\/www.meydan.tv\\\/az\\\/#\\\/schema\\\/person\\\/9cdbecf90d17180ce1dfbd95b08dcf47\"},\"headline\":\"&#8220;Pulitzer&#8221;in qalibl\u0259ri a\u00e7\u0131qlan\u0131b\",\"datePublished\":\"2022-05-10T10:33:14+00:00\",\"dateModified\":\"2022-05-10T10:33:16+00:00\",\"mainEntityOfPage\":{\"@id\":\"https:\\\/\\\/www.meydan.tv\\\/az\\\/article\\\/pulitzerin-qalibleri-aciqlanib\\\/\"},\"wordCount\":671,\"publisher\":{\"@id\":\"https:\\\/\\\/www.meydan.tv\\\/az\\\/#organization\"},\"image\":{\"@id\":\"https:\\\/\\\/www.meydan.tv\\\/az\\\/article\\\/pulitzerin-qalibleri-aciqlanib\\\/#primaryimage\"},\"thumbnailUrl\":\"https:\\\/\\\/www.meydan.tv\\\/wp-content\\\/uploads\\\/shutterstock_1812561133.jpg\",\"articleSection\":[\"M\u0259d\u0259niyy\u0259t\",\"X\u0259b\u0259rl\u0259r\"],\"inLanguage\":\"az\"},{\"@type\":\"WebPage\",\"@id\":\"https:\\\/\\\/www.meydan.tv\\\/az\\\/article\\\/pulitzerin-qalibleri-aciqlanib\\\/\",\"url\":\"https:\\\/\\\/www.meydan.tv\\\/az\\\/article\\\/pulitzerin-qalibleri-aciqlanib\\\/\",\"name\":\"\\\"Pulitzer\\\"in qalibl\u0259ri a\u00e7\u0131qlan\u0131b - MEYDAN.TV\",\"isPartOf\":{\"@id\":\"https:\\\/\\\/www.meydan.tv\\\/az\\\/#website\"},\"primaryImageOfPage\":{\"@id\":\"https:\\\/\\\/www.meydan.tv\\\/az\\\/article\\\/pulitzerin-qalibleri-aciqlanib\\\/#primaryimage\"},\"image\":{\"@id\":\"https:\\\/\\\/www.meydan.tv\\\/az\\\/article\\\/pulitzerin-qalibleri-aciqlanib\\\/#primaryimage\"},\"thumbnailUrl\":\"https:\\\/\\\/www.meydan.tv\\\/wp-content\\\/uploads\\\/shutterstock_1812561133.jpg\",\"datePublished\":\"2022-05-10T10:33:14+00:00\",\"dateModified\":\"2022-05-10T10:33:16+00:00\",\"breadcrumb\":{\"@id\":\"https:\\\/\\\/www.meydan.tv\\\/az\\\/article\\\/pulitzerin-qalibleri-aciqlanib\\\/#breadcrumb\"},\"inLanguage\":\"az\",\"potentialAction\":[{\"@type\":\"ReadAction\",\"target\":[\"https:\\\/\\\/www.meydan.tv\\\/az\\\/article\\\/pulitzerin-qalibleri-aciqlanib\\\/\"]}]},{\"@type\":\"ImageObject\",\"inLanguage\":\"az\",\"@id\":\"https:\\\/\\\/www.meydan.tv\\\/az\\\/article\\\/pulitzerin-qalibleri-aciqlanib\\\/#primaryimage\",\"url\":\"https:\\\/\\\/www.meydan.tv\\\/wp-content\\\/uploads\\\/shutterstock_1812561133.jpg\",\"contentUrl\":\"https:\\\/\\\/www.meydan.tv\\\/wp-content\\\/uploads\\\/shutterstock_1812561133.jpg\",\"width\":1200,\"height\":797,\"caption\":\"\\\"Pulitzer\\\". Foto: Dutchmen Photography\\\/shutterstock\"},{\"@type\":\"BreadcrumbList\",\"@id\":\"https:\\\/\\\/www.meydan.tv\\\/az\\\/article\\\/pulitzerin-qalibleri-aciqlanib\\\/#breadcrumb\",\"itemListElement\":[{\"@type\":\"ListItem\",\"position\":1,\"name\":\"Ana s\u0259hif\u0259\",\"item\":\"https:\\\/\\\/www.meydan.tv\\\/az\\\/\"},{\"@type\":\"ListItem\",\"position\":2,\"name\":\"M\u0259d\u0259niyy\u0259t\",\"item\":\"https:\\\/\\\/www.meydan.tv\\\/az\\\/section\\\/medeniyyet\\\/\"},{\"@type\":\"ListItem\",\"position\":3,\"name\":\"&#8220;Pulitzer&#8221;in qalibl\u0259ri a\u00e7\u0131qlan\u0131b\"}]},{\"@type\":\"WebSite\",\"@id\":\"https:\\\/\\\/www.meydan.tv\\\/az\\\/#website\",\"url\":\"https:\\\/\\\/www.meydan.tv\\\/az\\\/\",\"name\":\"MEYDAN.TV\",\"description\":\"Meydan TV Az\u0259rbaycan\u0131n media m\u0259kan\u0131ndak\u0131 alternativ s\u0259sidir\",\"publisher\":{\"@id\":\"https:\\\/\\\/www.meydan.tv\\\/az\\\/#organization\"},\"potentialAction\":[{\"@type\":\"SearchAction\",\"target\":{\"@type\":\"EntryPoint\",\"urlTemplate\":\"https:\\\/\\\/www.meydan.tv\\\/az\\\/?s={search_term_string}\"},\"query-input\":{\"@type\":\"PropertyValueSpecification\",\"valueRequired\":true,\"valueName\":\"search_term_string\"}}],\"inLanguage\":\"az\"},{\"@type\":\"Organization\",\"@id\":\"https:\\\/\\\/www.meydan.tv\\\/az\\\/#organization\",\"name\":\"Meydan TV\",\"url\":\"https:\\\/\\\/www.meydan.tv\\\/az\\\/\",\"logo\":{\"@type\":\"ImageObject\",\"inLanguage\":\"az\",\"@id\":\"https:\\\/\\\/www.meydan.tv\\\/az\\\/#\\\/schema\\\/logo\\\/image\\\/\",\"url\":\"https:\\\/\\\/www.meydan.tv\\\/wp-content\\\/uploads\\\/2021\\\/07\\\/meydan-logo.svg\",\"contentUrl\":\"https:\\\/\\\/www.meydan.tv\\\/wp-content\\\/uploads\\\/2021\\\/07\\\/meydan-logo.svg\",\"width\":195,\"height\":46,\"caption\":\"Meydan TV\"},\"image\":{\"@id\":\"https:\\\/\\\/www.meydan.tv\\\/az\\\/#\\\/schema\\\/logo\\\/image\\\/\"}},{\"@type\":\"Person\",\"@id\":\"https:\\\/\\\/www.meydan.tv\\\/az\\\/#\\\/schema\\\/person\\\/9cdbecf90d17180ce1dfbd95b08dcf47\",\"name\":\"elli\",\"sameAs\":[\"https:\\\/\\\/x.com\\\/elli\"]}]}<\/script>\n<!-- \/ Yoast SEO plugin. -->","yoast_head_json":{"title":"\"Pulitzer\"in qalibl\u0259ri a\u00e7\u0131qlan\u0131b - MEYDAN.TV","robots":{"index":"index","follow":"follow","max-snippet":"max-snippet:-1","max-image-preview":"max-image-preview:large","max-video-preview":"max-video-preview:-1"},"canonical":"https:\/\/www.meydan.tv\/az\/article\/pulitzerin-qalibleri-aciqlanib\/","og_locale":"az_AZ","og_type":"article","og_title":"\"Pulitzer\"in qalibl\u0259ri a\u00e7\u0131qlan\u0131b - MEYDAN.TV","og_description":"Siyah\u0131da ukraynal\u0131 jurnalistl\u0259r d\u0259 var AB\u015e \u0259d\u0259biyyat\u0131 v\u0259 jurnalistikas\u0131 \u00fc\u00e7\u00fcn ... Davam\u0131","og_url":"https:\/\/www.meydan.tv\/az\/article\/pulitzerin-qalibleri-aciqlanib\/","og_site_name":"MEYDAN.TV","article_published_time":"2022-05-10T10:33:14+00:00","article_modified_time":"2022-05-10T10:33:16+00:00","og_image":[{"width":1200,"height":797,"url":"https:\/\/www.meydan.tv\/wp-content\/uploads\/shutterstock_1812561133.jpg","type":"image\/jpeg"}],"author":"elli","twitter_card":"summary_large_image","twitter_creator":"@elli","schema":{"@context":"https:\/\/schema.org","@graph":[{"@type":"Article","@id":"https:\/\/www.meydan.tv\/az\/article\/pulitzerin-qalibleri-aciqlanib\/#article","isPartOf":{"@id":"https:\/\/www.meydan.tv\/az\/article\/pulitzerin-qalibleri-aciqlanib\/"},"author":{"name":"elli","@id":"https:\/\/www.meydan.tv\/az\/#\/schema\/person\/9cdbecf90d17180ce1dfbd95b08dcf47"},"headline":"&#8220;Pulitzer&#8221;in qalibl\u0259ri a\u00e7\u0131qlan\u0131b","datePublished":"2022-05-10T10:33:14+00:00","dateModified":"2022-05-10T10:33:16+00:00","mainEntityOfPage":{"@id":"https:\/\/www.meydan.tv\/az\/article\/pulitzerin-qalibleri-aciqlanib\/"},"wordCount":671,"publisher":{"@id":"https:\/\/www.meydan.tv\/az\/#organization"},"image":{"@id":"https:\/\/www.meydan.tv\/az\/article\/pulitzerin-qalibleri-aciqlanib\/#primaryimage"},"thumbnailUrl":"https:\/\/www.meydan.tv\/wp-content\/uploads\/shutterstock_1812561133.jpg","articleSection":["M\u0259d\u0259niyy\u0259t","X\u0259b\u0259rl\u0259r"],"inLanguage":"az"},{"@type":"WebPage","@id":"https:\/\/www.meydan.tv\/az\/article\/pulitzerin-qalibleri-aciqlanib\/","url":"https:\/\/www.meydan.tv\/az\/article\/pulitzerin-qalibleri-aciqlanib\/","name":"\"Pulitzer\"in qalibl\u0259ri a\u00e7\u0131qlan\u0131b - MEYDAN.TV","isPartOf":{"@id":"https:\/\/www.meydan.tv\/az\/#website"},"primaryImageOfPage":{"@id":"https:\/\/www.meydan.tv\/az\/article\/pulitzerin-qalibleri-aciqlanib\/#primaryimage"},"image":{"@id":"https:\/\/www.meydan.tv\/az\/article\/pulitzerin-qalibleri-aciqlanib\/#primaryimage"},"thumbnailUrl":"https:\/\/www.meydan.tv\/wp-content\/uploads\/shutterstock_1812561133.jpg","datePublished":"2022-05-10T10:33:14+00:00","dateModified":"2022-05-10T10:33:16+00:00","breadcrumb":{"@id":"https:\/\/www.meydan.tv\/az\/article\/pulitzerin-qalibleri-aciqlanib\/#breadcrumb"},"inLanguage":"az","potentialAction":[{"@type":"ReadAction","target":["https:\/\/www.meydan.tv\/az\/article\/pulitzerin-qalibleri-aciqlanib\/"]}]},{"@type":"ImageObject","inLanguage":"az","@id":"https:\/\/www.meydan.tv\/az\/article\/pulitzerin-qalibleri-aciqlanib\/#primaryimage","url":"https:\/\/www.meydan.tv\/wp-content\/uploads\/shutterstock_1812561133.jpg","contentUrl":"https:\/\/www.meydan.tv\/wp-content\/uploads\/shutterstock_1812561133.jpg","width":1200,"height":797,"caption":"\"Pulitzer\". Foto: Dutchmen Photography\/shutterstock"},{"@type":"BreadcrumbList","@id":"https:\/\/www.meydan.tv\/az\/article\/pulitzerin-qalibleri-aciqlanib\/#breadcrumb","itemListElement":[{"@type":"ListItem","position":1,"name":"Ana s\u0259hif\u0259","item":"https:\/\/www.meydan.tv\/az\/"},{"@type":"ListItem","position":2,"name":"M\u0259d\u0259niyy\u0259t","item":"https:\/\/www.meydan.tv\/az\/section\/medeniyyet\/"},{"@type":"ListItem","position":3,"name":"&#8220;Pulitzer&#8221;in qalibl\u0259ri a\u00e7\u0131qlan\u0131b"}]},{"@type":"WebSite","@id":"https:\/\/www.meydan.tv\/az\/#website","url":"https:\/\/www.meydan.tv\/az\/","name":"MEYDAN.TV","description":"Meydan TV Az\u0259rbaycan\u0131n media m\u0259kan\u0131ndak\u0131 alternativ s\u0259sidir","publisher":{"@id":"https:\/\/www.meydan.tv\/az\/#organization"},"potentialAction":[{"@type":"SearchAction","target":{"@type":"EntryPoint","urlTemplate":"https:\/\/www.meydan.tv\/az\/?s={search_term_string}"},"query-input":{"@type":"PropertyValueSpecification","valueRequired":true,"valueName":"search_term_string"}}],"inLanguage":"az"},{"@type":"Organization","@id":"https:\/\/www.meydan.tv\/az\/#organization","name":"Meydan TV","url":"https:\/\/www.meydan.tv\/az\/","logo":{"@type":"ImageObject","inLanguage":"az","@id":"https:\/\/www.meydan.tv\/az\/#\/schema\/logo\/image\/","url":"https:\/\/www.meydan.tv\/wp-content\/uploads\/2021\/07\/meydan-logo.svg","contentUrl":"https:\/\/www.meydan.tv\/wp-content\/uploads\/2021\/07\/meydan-logo.svg","width":195,"height":46,"caption":"Meydan TV"},"image":{"@id":"https:\/\/www.meydan.tv\/az\/#\/schema\/logo\/image\/"}},{"@type":"Person","@id":"https:\/\/www.meydan.tv\/az\/#\/schema\/person\/9cdbecf90d17180ce1dfbd95b08dcf47","name":"elli","sameAs":["https:\/\/x.com\/elli"]}]}},"_links":{"self":[{"href":"https:\/\/www.meydan.tv\/az\/wp-json\/wp\/v2\/posts\/244763","targetHints":{"allow":["GET"]}}],"collection":[{"href":"https:\/\/www.meydan.tv\/az\/wp-json\/wp\/v2\/posts"}],"about":[{"href":"https:\/\/www.meydan.tv\/az\/wp-json\/wp\/v2\/types\/post"}],"author":[{"embeddable":true,"href":"https:\/\/www.meydan.tv\/az\/wp-json\/wp\/v2\/users\/8"}],"replies":[{"embeddable":true,"href":"https:\/\/www.meydan.tv\/az\/wp-json\/wp\/v2\/comments?post=244763"}],"version-history":[{"count":1,"href":"https:\/\/www.meydan.tv\/az\/wp-json\/wp\/v2\/posts\/244763\/revisions"}],"predecessor-version":[{"id":244765,"href":"https:\/\/www.meydan.tv\/az\/wp-json\/wp\/v2\/posts\/244763\/revisions\/244765"}],"wp:featuredmedia":[{"embeddable":true,"href":"https:\/\/www.meydan.tv\/az\/wp-json\/wp\/v2\/media\/244760"}],"wp:attachment":[{"href":"https:\/\/www.meydan.tv\/az\/wp-json\/wp\/v2\/media?parent=244763"}],"wp:term":[{"taxonomy":"category","embeddable":true,"href":"https:\/\/www.meydan.tv\/az\/wp-json\/wp\/v2\/categories?post=244763"},{"taxonomy":"post_tag","embeddable":true,"href":"https:\/\/www.meydan.tv\/az\/wp-json\/wp\/v2\/tags?post=244763"}],"curies":[{"name":"wp","href":"https:\/\/api.w.org\/{rel}","templated":true}]}}