{"id":244670,"date":"2022-05-10T13:51:26","date_gmt":"2022-05-10T09:51:26","guid":{"rendered":"https:\/\/www.meydan.tv\/?p=244670"},"modified":"2022-05-10T13:51:28","modified_gmt":"2022-05-10T09:51:28","slug":"jurnalistler-ayten-memmedovanin-mudafiesine-qalxdi","status":"publish","type":"post","link":"https:\/\/www.meydan.tv\/az\/article\/jurnalistler-ayten-memmedovanin-mudafiesine-qalxdi\/","title":{"rendered":"Jurnalistl\u0259r Ayt\u0259n M\u0259mm\u0259dovan\u0131n m\u00fcdafi\u0259sin\u0259 qalxd\u0131"},"content":{"rendered":"\n<figure class=\"wp-block-embed is-type-video is-provider-youtube wp-block-embed-youtube wp-embed-aspect-16-9 wp-has-aspect-ratio\"><div class=\"wp-block-embed__wrapper\">\n<iframe title=\"Jurnalistl\u0259r Ayt\u0259n M\u0259mm\u0259dovan\u0131n m\u00fcdafi\u0259sin\u0259 qalxd\u0131\" width=\"1200\" height=\"675\" data-src=\"https:\/\/www.youtube.com\/embed\/hb7fVZA4NJk?feature=oembed\" frameborder=\"0\" allow=\"accelerometer; autoplay; clipboard-write; encrypted-media; gyroscope; picture-in-picture\" allowfullscreen src=\"data:image\/svg+xml;base64,PHN2ZyB3aWR0aD0iMSIgaGVpZ2h0PSIxIiB4bWxucz0iaHR0cDovL3d3dy53My5vcmcvMjAwMC9zdmciPjwvc3ZnPg==\" class=\"lazyload\" data-load-mode=\"1\"><\/iframe>\n<\/div><\/figure>\n\n\n\n<!--more-->\n\n\n\n<p>Jurnalist Ayt\u0259n M\u0259mm\u0259dovan\u0131n b\u0131\u00e7aqla h\u00fccuma m\u0259ruz qalmas\u0131 il\u0259 ba\u011fl\u0131 m\u0259tbuat konfrans\u0131 ke\u00e7irilib. H\u00fcquq m\u00fcdafi\u0259\u00e7il\u0259ri v\u0259 jurnalistl\u0259r polisin hadis\u0259ni d\u00fczg\u00fcn ara\u015fd\u0131rmas\u0131n\u0131, \u015f\u0259xsin m\u00fc\u0259yy\u0259n edilm\u0259sini t\u0259l\u0259b edibl\u0259r.&nbsp;<\/p>\n\n\n\n<p>H\u00fcquq m\u00fcdafi\u0259\u00e7il\u0259ri deyir ki, ictimai f\u0259allar\u0131n v\u0259 jurnalistl\u0259rin ba\u015flar\u0131na g\u0259tiril\u0259nl\u0259r tarix\u0259 qar\u0131\u015fmamal\u0131d\u0131r. Bu cinay\u0259tl\u0259r ortal\u0131\u011fa \u00e7\u0131xar\u0131lmal\u0131 v\u0259 cinay\u0259tkarlar c\u0259zaland\u0131r\u0131lmal\u0131d\u0131r.<\/p>\n\n\n\n<p>D\u0130N-in m\u0259lumat\u0131na g\u00f6r\u0259, jurnalist Ayt\u0259n M\u0259mm\u0259dovan\u0131n h\u00fccuma m\u0259ruz qalmas\u0131 il\u0259 ba\u011fl\u0131 CM-nin 134-c\u00fc madd\u0259si il\u0259&nbsp; (\u00d6ld\u00fcrm\u0259kl\u0259 v\u0259 ya sa\u011flaml\u0131\u011fa a\u011f\u0131r z\u0259r\u0259r vurmaqla h\u0259d\u0259l\u0259m\u0259) cinay\u0259t i\u015fi ba\u015flan\u0131b. Jurnalist s\u0259h\u0259r saatlar\u0131nda Bak\u0131 \u015e\u0259h\u0259r Ba\u015f Polis \u0130dar\u0259sin\u0259 \u00e7a\u011f\u0131r\u0131l\u0131b, ifad\u0259si al\u0131n\u0131b.<\/p>\n","protected":false},"excerpt":{"rendered":"","protected":false},"author":14,"featured_media":244736,"comment_status":"closed","ping_status":"closed","sticky":false,"template":"","format":"standard","meta":{"_acf_changed":false,"_sitemap_exclude":false,"_sitemap_priority":"","_sitemap_frequency":"","footnotes":""},"categories":[61,7,63],"tags":[],"class_list":["post-244670","post","type-post","status-publish","format-standard","has-post-thumbnail","hentry","category-reportaj","category-uncategorized-az","category-video-2","infinite-scroll-item","generate-columns","tablet-grid-50","mobile-grid-100","grid-parent","grid-33","no-featured-image-padding"],"acf":[],"yoast_head":"<!-- This site is optimized with the Yoast SEO plugin v27.4 - https:\/\/yoast.com\/product\/yoast-seo-wordpress\/ -->\n<title>Jurnalistl\u0259r Ayt\u0259n M\u0259mm\u0259dovan\u0131n m\u00fcdafi\u0259sin\u0259 qalxd\u0131 - MEYDAN.TV<\/title>\n<meta name=\"robots\" content=\"index, follow, max-snippet:-1, max-image-preview:large, max-video-preview:-1\" \/>\n<link rel=\"canonical\" href=\"https:\/\/www.meydan.tv\/az\/article\/jurnalistler-ayten-memmedovanin-mudafiesine-qalxdi\/\" \/>\n<meta property=\"og:locale\" content=\"az_AZ\" \/>\n<meta property=\"og:type\" content=\"article\" \/>\n<meta property=\"og:title\" content=\"Jurnalistl\u0259r Ayt\u0259n M\u0259mm\u0259dovan\u0131n m\u00fcdafi\u0259sin\u0259 qalxd\u0131 - MEYDAN.TV\" \/>\n<meta property=\"og:url\" content=\"https:\/\/www.meydan.tv\/az\/article\/jurnalistler-ayten-memmedovanin-mudafiesine-qalxdi\/\" \/>\n<meta property=\"og:site_name\" content=\"MEYDAN.TV\" \/>\n<meta property=\"article:published_time\" content=\"2022-05-10T09:51:26+00:00\" \/>\n<meta property=\"article:modified_time\" content=\"2022-05-10T09:51:28+00:00\" \/>\n<meta property=\"og:image\" content=\"https:\/\/www.meydan.tv\/wp-content\/uploads\/screenshot-2022-05-10-at-11.48.07.png\" \/>\n\t<meta property=\"og:image:width\" content=\"1000\" \/>\n\t<meta property=\"og:image:height\" content=\"560\" \/>\n\t<meta property=\"og:image:type\" content=\"image\/png\" \/>\n<meta name=\"author\" content=\"roma\" \/>\n<meta name=\"twitter:card\" content=\"summary_large_image\" \/>\n<script type=\"application\/ld+json\" class=\"yoast-schema-graph\">{\"@context\":\"https:\\\/\\\/schema.org\",\"@graph\":[{\"@type\":\"Article\",\"@id\":\"https:\\\/\\\/www.meydan.tv\\\/az\\\/article\\\/jurnalistler-ayten-memmedovanin-mudafiesine-qalxdi\\\/#article\",\"isPartOf\":{\"@id\":\"https:\\\/\\\/www.meydan.tv\\\/az\\\/article\\\/jurnalistler-ayten-memmedovanin-mudafiesine-qalxdi\\\/\"},\"author\":{\"name\":\"roma\",\"@id\":\"https:\\\/\\\/www.meydan.tv\\\/az\\\/#\\\/schema\\\/person\\\/8f23e01c4de63326c13c319fb65ee65d\"},\"headline\":\"Jurnalistl\u0259r Ayt\u0259n M\u0259mm\u0259dovan\u0131n m\u00fcdafi\u0259sin\u0259 qalxd\u0131\",\"datePublished\":\"2022-05-10T09:51:26+00:00\",\"dateModified\":\"2022-05-10T09:51:28+00:00\",\"mainEntityOfPage\":{\"@id\":\"https:\\\/\\\/www.meydan.tv\\\/az\\\/article\\\/jurnalistler-ayten-memmedovanin-mudafiesine-qalxdi\\\/\"},\"wordCount\":190,\"publisher\":{\"@id\":\"https:\\\/\\\/www.meydan.tv\\\/az\\\/#organization\"},\"image\":{\"@id\":\"https:\\\/\\\/www.meydan.tv\\\/az\\\/article\\\/jurnalistler-ayten-memmedovanin-mudafiesine-qalxdi\\\/#primaryimage\"},\"thumbnailUrl\":\"https:\\\/\\\/www.meydan.tv\\\/wp-content\\\/uploads\\\/screenshot-2022-05-10-at-11.48.07.png\",\"articleSection\":[\"Reportaj\",\"Uncategorized @az\",\"Video\"],\"inLanguage\":\"az\"},{\"@type\":\"WebPage\",\"@id\":\"https:\\\/\\\/www.meydan.tv\\\/az\\\/article\\\/jurnalistler-ayten-memmedovanin-mudafiesine-qalxdi\\\/\",\"url\":\"https:\\\/\\\/www.meydan.tv\\\/az\\\/article\\\/jurnalistler-ayten-memmedovanin-mudafiesine-qalxdi\\\/\",\"name\":\"Jurnalistl\u0259r Ayt\u0259n M\u0259mm\u0259dovan\u0131n m\u00fcdafi\u0259sin\u0259 qalxd\u0131 - MEYDAN.TV\",\"isPartOf\":{\"@id\":\"https:\\\/\\\/www.meydan.tv\\\/az\\\/#website\"},\"primaryImageOfPage\":{\"@id\":\"https:\\\/\\\/www.meydan.tv\\\/az\\\/article\\\/jurnalistler-ayten-memmedovanin-mudafiesine-qalxdi\\\/#primaryimage\"},\"image\":{\"@id\":\"https:\\\/\\\/www.meydan.tv\\\/az\\\/article\\\/jurnalistler-ayten-memmedovanin-mudafiesine-qalxdi\\\/#primaryimage\"},\"thumbnailUrl\":\"https:\\\/\\\/www.meydan.tv\\\/wp-content\\\/uploads\\\/screenshot-2022-05-10-at-11.48.07.png\",\"datePublished\":\"2022-05-10T09:51:26+00:00\",\"dateModified\":\"2022-05-10T09:51:28+00:00\",\"breadcrumb\":{\"@id\":\"https:\\\/\\\/www.meydan.tv\\\/az\\\/article\\\/jurnalistler-ayten-memmedovanin-mudafiesine-qalxdi\\\/#breadcrumb\"},\"inLanguage\":\"az\",\"potentialAction\":[{\"@type\":\"ReadAction\",\"target\":[\"https:\\\/\\\/www.meydan.tv\\\/az\\\/article\\\/jurnalistler-ayten-memmedovanin-mudafiesine-qalxdi\\\/\"]}]},{\"@type\":\"ImageObject\",\"inLanguage\":\"az\",\"@id\":\"https:\\\/\\\/www.meydan.tv\\\/az\\\/article\\\/jurnalistler-ayten-memmedovanin-mudafiesine-qalxdi\\\/#primaryimage\",\"url\":\"https:\\\/\\\/www.meydan.tv\\\/wp-content\\\/uploads\\\/screenshot-2022-05-10-at-11.48.07.png\",\"contentUrl\":\"https:\\\/\\\/www.meydan.tv\\\/wp-content\\\/uploads\\\/screenshot-2022-05-10-at-11.48.07.png\",\"width\":1000,\"height\":560},{\"@type\":\"BreadcrumbList\",\"@id\":\"https:\\\/\\\/www.meydan.tv\\\/az\\\/article\\\/jurnalistler-ayten-memmedovanin-mudafiesine-qalxdi\\\/#breadcrumb\",\"itemListElement\":[{\"@type\":\"ListItem\",\"position\":1,\"name\":\"Ana s\u0259hif\u0259\",\"item\":\"https:\\\/\\\/www.meydan.tv\\\/az\\\/\"},{\"@type\":\"ListItem\",\"position\":2,\"name\":\"Uncategorized @az\",\"item\":\"https:\\\/\\\/www.meydan.tv\\\/az\\\/section\\\/uncategorized-az\\\/\"},{\"@type\":\"ListItem\",\"position\":3,\"name\":\"Jurnalistl\u0259r Ayt\u0259n M\u0259mm\u0259dovan\u0131n m\u00fcdafi\u0259sin\u0259 qalxd\u0131\"}]},{\"@type\":\"WebSite\",\"@id\":\"https:\\\/\\\/www.meydan.tv\\\/az\\\/#website\",\"url\":\"https:\\\/\\\/www.meydan.tv\\\/az\\\/\",\"name\":\"MEYDAN.TV\",\"description\":\"Meydan TV Az\u0259rbaycan\u0131n media m\u0259kan\u0131ndak\u0131 alternativ s\u0259sidir\",\"publisher\":{\"@id\":\"https:\\\/\\\/www.meydan.tv\\\/az\\\/#organization\"},\"potentialAction\":[{\"@type\":\"SearchAction\",\"target\":{\"@type\":\"EntryPoint\",\"urlTemplate\":\"https:\\\/\\\/www.meydan.tv\\\/az\\\/?s={search_term_string}\"},\"query-input\":{\"@type\":\"PropertyValueSpecification\",\"valueRequired\":true,\"valueName\":\"search_term_string\"}}],\"inLanguage\":\"az\"},{\"@type\":\"Organization\",\"@id\":\"https:\\\/\\\/www.meydan.tv\\\/az\\\/#organization\",\"name\":\"Meydan TV\",\"url\":\"https:\\\/\\\/www.meydan.tv\\\/az\\\/\",\"logo\":{\"@type\":\"ImageObject\",\"inLanguage\":\"az\",\"@id\":\"https:\\\/\\\/www.meydan.tv\\\/az\\\/#\\\/schema\\\/logo\\\/image\\\/\",\"url\":\"https:\\\/\\\/www.meydan.tv\\\/wp-content\\\/uploads\\\/2021\\\/07\\\/meydan-logo.svg\",\"contentUrl\":\"https:\\\/\\\/www.meydan.tv\\\/wp-content\\\/uploads\\\/2021\\\/07\\\/meydan-logo.svg\",\"width\":195,\"height\":46,\"caption\":\"Meydan TV\"},\"image\":{\"@id\":\"https:\\\/\\\/www.meydan.tv\\\/az\\\/#\\\/schema\\\/logo\\\/image\\\/\"}},{\"@type\":\"Person\",\"@id\":\"https:\\\/\\\/www.meydan.tv\\\/az\\\/#\\\/schema\\\/person\\\/8f23e01c4de63326c13c319fb65ee65d\",\"name\":\"roma\"}]}<\/script>\n<!-- \/ Yoast SEO plugin. -->","yoast_head_json":{"title":"Jurnalistl\u0259r Ayt\u0259n M\u0259mm\u0259dovan\u0131n m\u00fcdafi\u0259sin\u0259 qalxd\u0131 - MEYDAN.TV","robots":{"index":"index","follow":"follow","max-snippet":"max-snippet:-1","max-image-preview":"max-image-preview:large","max-video-preview":"max-video-preview:-1"},"canonical":"https:\/\/www.meydan.tv\/az\/article\/jurnalistler-ayten-memmedovanin-mudafiesine-qalxdi\/","og_locale":"az_AZ","og_type":"article","og_title":"Jurnalistl\u0259r Ayt\u0259n M\u0259mm\u0259dovan\u0131n m\u00fcdafi\u0259sin\u0259 qalxd\u0131 - MEYDAN.TV","og_url":"https:\/\/www.meydan.tv\/az\/article\/jurnalistler-ayten-memmedovanin-mudafiesine-qalxdi\/","og_site_name":"MEYDAN.TV","article_published_time":"2022-05-10T09:51:26+00:00","article_modified_time":"2022-05-10T09:51:28+00:00","og_image":[{"width":1000,"height":560,"url":"https:\/\/www.meydan.tv\/wp-content\/uploads\/screenshot-2022-05-10-at-11.48.07.png","type":"image\/png"}],"author":"roma","twitter_card":"summary_large_image","schema":{"@context":"https:\/\/schema.org","@graph":[{"@type":"Article","@id":"https:\/\/www.meydan.tv\/az\/article\/jurnalistler-ayten-memmedovanin-mudafiesine-qalxdi\/#article","isPartOf":{"@id":"https:\/\/www.meydan.tv\/az\/article\/jurnalistler-ayten-memmedovanin-mudafiesine-qalxdi\/"},"author":{"name":"roma","@id":"https:\/\/www.meydan.tv\/az\/#\/schema\/person\/8f23e01c4de63326c13c319fb65ee65d"},"headline":"Jurnalistl\u0259r Ayt\u0259n M\u0259mm\u0259dovan\u0131n m\u00fcdafi\u0259sin\u0259 qalxd\u0131","datePublished":"2022-05-10T09:51:26+00:00","dateModified":"2022-05-10T09:51:28+00:00","mainEntityOfPage":{"@id":"https:\/\/www.meydan.tv\/az\/article\/jurnalistler-ayten-memmedovanin-mudafiesine-qalxdi\/"},"wordCount":190,"publisher":{"@id":"https:\/\/www.meydan.tv\/az\/#organization"},"image":{"@id":"https:\/\/www.meydan.tv\/az\/article\/jurnalistler-ayten-memmedovanin-mudafiesine-qalxdi\/#primaryimage"},"thumbnailUrl":"https:\/\/www.meydan.tv\/wp-content\/uploads\/screenshot-2022-05-10-at-11.48.07.png","articleSection":["Reportaj","Uncategorized @az","Video"],"inLanguage":"az"},{"@type":"WebPage","@id":"https:\/\/www.meydan.tv\/az\/article\/jurnalistler-ayten-memmedovanin-mudafiesine-qalxdi\/","url":"https:\/\/www.meydan.tv\/az\/article\/jurnalistler-ayten-memmedovanin-mudafiesine-qalxdi\/","name":"Jurnalistl\u0259r Ayt\u0259n M\u0259mm\u0259dovan\u0131n m\u00fcdafi\u0259sin\u0259 qalxd\u0131 - MEYDAN.TV","isPartOf":{"@id":"https:\/\/www.meydan.tv\/az\/#website"},"primaryImageOfPage":{"@id":"https:\/\/www.meydan.tv\/az\/article\/jurnalistler-ayten-memmedovanin-mudafiesine-qalxdi\/#primaryimage"},"image":{"@id":"https:\/\/www.meydan.tv\/az\/article\/jurnalistler-ayten-memmedovanin-mudafiesine-qalxdi\/#primaryimage"},"thumbnailUrl":"https:\/\/www.meydan.tv\/wp-content\/uploads\/screenshot-2022-05-10-at-11.48.07.png","datePublished":"2022-05-10T09:51:26+00:00","dateModified":"2022-05-10T09:51:28+00:00","breadcrumb":{"@id":"https:\/\/www.meydan.tv\/az\/article\/jurnalistler-ayten-memmedovanin-mudafiesine-qalxdi\/#breadcrumb"},"inLanguage":"az","potentialAction":[{"@type":"ReadAction","target":["https:\/\/www.meydan.tv\/az\/article\/jurnalistler-ayten-memmedovanin-mudafiesine-qalxdi\/"]}]},{"@type":"ImageObject","inLanguage":"az","@id":"https:\/\/www.meydan.tv\/az\/article\/jurnalistler-ayten-memmedovanin-mudafiesine-qalxdi\/#primaryimage","url":"https:\/\/www.meydan.tv\/wp-content\/uploads\/screenshot-2022-05-10-at-11.48.07.png","contentUrl":"https:\/\/www.meydan.tv\/wp-content\/uploads\/screenshot-2022-05-10-at-11.48.07.png","width":1000,"height":560},{"@type":"BreadcrumbList","@id":"https:\/\/www.meydan.tv\/az\/article\/jurnalistler-ayten-memmedovanin-mudafiesine-qalxdi\/#breadcrumb","itemListElement":[{"@type":"ListItem","position":1,"name":"Ana s\u0259hif\u0259","item":"https:\/\/www.meydan.tv\/az\/"},{"@type":"ListItem","position":2,"name":"Uncategorized @az","item":"https:\/\/www.meydan.tv\/az\/section\/uncategorized-az\/"},{"@type":"ListItem","position":3,"name":"Jurnalistl\u0259r Ayt\u0259n M\u0259mm\u0259dovan\u0131n m\u00fcdafi\u0259sin\u0259 qalxd\u0131"}]},{"@type":"WebSite","@id":"https:\/\/www.meydan.tv\/az\/#website","url":"https:\/\/www.meydan.tv\/az\/","name":"MEYDAN.TV","description":"Meydan TV Az\u0259rbaycan\u0131n media m\u0259kan\u0131ndak\u0131 alternativ s\u0259sidir","publisher":{"@id":"https:\/\/www.meydan.tv\/az\/#organization"},"potentialAction":[{"@type":"SearchAction","target":{"@type":"EntryPoint","urlTemplate":"https:\/\/www.meydan.tv\/az\/?s={search_term_string}"},"query-input":{"@type":"PropertyValueSpecification","valueRequired":true,"valueName":"search_term_string"}}],"inLanguage":"az"},{"@type":"Organization","@id":"https:\/\/www.meydan.tv\/az\/#organization","name":"Meydan TV","url":"https:\/\/www.meydan.tv\/az\/","logo":{"@type":"ImageObject","inLanguage":"az","@id":"https:\/\/www.meydan.tv\/az\/#\/schema\/logo\/image\/","url":"https:\/\/www.meydan.tv\/wp-content\/uploads\/2021\/07\/meydan-logo.svg","contentUrl":"https:\/\/www.meydan.tv\/wp-content\/uploads\/2021\/07\/meydan-logo.svg","width":195,"height":46,"caption":"Meydan TV"},"image":{"@id":"https:\/\/www.meydan.tv\/az\/#\/schema\/logo\/image\/"}},{"@type":"Person","@id":"https:\/\/www.meydan.tv\/az\/#\/schema\/person\/8f23e01c4de63326c13c319fb65ee65d","name":"roma"}]}},"_links":{"self":[{"href":"https:\/\/www.meydan.tv\/az\/wp-json\/wp\/v2\/posts\/244670","targetHints":{"allow":["GET"]}}],"collection":[{"href":"https:\/\/www.meydan.tv\/az\/wp-json\/wp\/v2\/posts"}],"about":[{"href":"https:\/\/www.meydan.tv\/az\/wp-json\/wp\/v2\/types\/post"}],"author":[{"embeddable":true,"href":"https:\/\/www.meydan.tv\/az\/wp-json\/wp\/v2\/users\/14"}],"replies":[{"embeddable":true,"href":"https:\/\/www.meydan.tv\/az\/wp-json\/wp\/v2\/comments?post=244670"}],"version-history":[{"count":1,"href":"https:\/\/www.meydan.tv\/az\/wp-json\/wp\/v2\/posts\/244670\/revisions"}],"predecessor-version":[{"id":244741,"href":"https:\/\/www.meydan.tv\/az\/wp-json\/wp\/v2\/posts\/244670\/revisions\/244741"}],"wp:featuredmedia":[{"embeddable":true,"href":"https:\/\/www.meydan.tv\/az\/wp-json\/wp\/v2\/media\/244736"}],"wp:attachment":[{"href":"https:\/\/www.meydan.tv\/az\/wp-json\/wp\/v2\/media?parent=244670"}],"wp:term":[{"taxonomy":"category","embeddable":true,"href":"https:\/\/www.meydan.tv\/az\/wp-json\/wp\/v2\/categories?post=244670"},{"taxonomy":"post_tag","embeddable":true,"href":"https:\/\/www.meydan.tv\/az\/wp-json\/wp\/v2\/tags?post=244670"}],"curies":[{"name":"wp","href":"https:\/\/api.w.org\/{rel}","templated":true}]}}