{"id":244646,"date":"2022-05-09T16:13:34","date_gmt":"2022-05-09T12:13:34","guid":{"rendered":"https:\/\/www.meydan.tv\/?p=244646"},"modified":"2022-05-09T16:13:36","modified_gmt":"2022-05-09T12:13:36","slug":"heftenin-serhi-rusiya-azerbaycanla-bagli-behane-axtarir%ef%bf%bc","status":"publish","type":"post","link":"https:\/\/www.meydan.tv\/az\/article\/heftenin-serhi-rusiya-azerbaycanla-bagli-behane-axtarir%ef%bf%bc\/","title":{"rendered":"H\u0259ft\u0259nin \u015e\u0259rhi: Rusiya Az\u0259rbaycanla ba\u011fl\u0131 b\u0259han\u0259 axtar\u0131r?\ufffc"},"content":{"rendered":"\n<figure class=\"wp-block-embed is-type-video is-provider-youtube wp-block-embed-youtube wp-embed-aspect-16-9 wp-has-aspect-ratio\"><div class=\"wp-block-embed__wrapper\">\n<iframe title=\"H\u0259ft\u0259nin \u015e\u0259rhi: Rusiya Az\u0259rbaycanla ba\u011fl\u0131 b\u0259han\u0259 axtar\u0131r?\" width=\"1200\" height=\"675\" data-src=\"https:\/\/www.youtube.com\/embed\/I7W3xrRpoD0?feature=oembed\" frameborder=\"0\" allow=\"accelerometer; autoplay; clipboard-write; encrypted-media; gyroscope; picture-in-picture\" allowfullscreen src=\"data:image\/svg+xml;base64,PHN2ZyB3aWR0aD0iMSIgaGVpZ2h0PSIxIiB4bWxucz0iaHR0cDovL3d3dy53My5vcmcvMjAwMC9zdmciPjwvc3ZnPg==\" class=\"lazyload\" data-load-mode=\"1\"><\/iframe>\n<\/div><\/figure>\n\n\n\n<!--more-->\n\n\n\n<p>H\u0259ft\u0259nin \u015e\u0259rhind\u0259 bu d\u0259f\u0259: <\/p>\n\n\n\n<p>&#8211; Rusiyan\u0131n bioloji silahlarla ba\u011fl\u0131 dan\u0131\u015fmas\u0131 Az\u0259rbaycanda da Ukrayna kimi &#8220;X\u00fcsusi \u0259m\u0259liyyat&#8221; aparma\u011fa b\u0259han\u0259 ola bil\u0259rmi? <\/p>\n\n\n\n<p>&#8211; Socar\u0131n &#8220;\u015eahd\u0259niz&#8221; qaz kondensant\u0131 yata\u011f\u0131ndan \u0259ld\u0259 etdiyi g\u0259lir 10 d\u0259f\u0259 art\u0131b, m\u00fcsb\u0259t v\u0259 m\u0259nfi t\u0259r\u0259fl\u0259ri hans\u0131lard\u0131r? <\/p>\n\n\n\n<p>&#8211; \u00d6lk\u0259d\u0259 insan azadl\u0131qlar\u0131 il\u0259 ba\u011fl\u0131 v\u0259ziyy\u0259t nec\u0259 d\u0259yi\u015fib? <\/p>\n\n\n\n<p>&#8211; &#8220;Qad\u0131n q\u0259tll\u0259ri siyasidir&#8221; deyil\u0259nd\u0259n b\u0259ri bu sah\u0259d\u0259 m\u00fcsb\u0259t\u0259 do\u011fru n\u0259s\u0259 d\u0259yi\u015fibmi?<\/p>\n","protected":false},"excerpt":{"rendered":"","protected":false},"author":14,"featured_media":244647,"comment_status":"closed","ping_status":"closed","sticky":false,"template":"","format":"standard","meta":{"_acf_changed":false,"_sitemap_exclude":false,"_sitemap_priority":"","_sitemap_frequency":"","footnotes":""},"categories":[63],"tags":[],"class_list":["post-244646","post","type-post","status-publish","format-standard","has-post-thumbnail","hentry","category-video-2","infinite-scroll-item","generate-columns","tablet-grid-50","mobile-grid-100","grid-parent","grid-33","no-featured-image-padding"],"acf":[],"yoast_head":"<!-- This site is optimized with the Yoast SEO plugin v27.5 - https:\/\/yoast.com\/product\/yoast-seo-wordpress\/ -->\n<title>H\u0259ft\u0259nin \u015e\u0259rhi: Rusiya Az\u0259rbaycanla ba\u011fl\u0131 b\u0259han\u0259 axtar\u0131r?\ufffc - MEYDAN.TV<\/title>\n<meta name=\"robots\" content=\"index, follow, max-snippet:-1, max-image-preview:large, max-video-preview:-1\" \/>\n<link rel=\"canonical\" href=\"https:\/\/www.meydan.tv\/az\/article\/heftenin-serhi-rusiya-azerbaycanla-bagli-behane-axtarir%ef%bf%bc\/\" \/>\n<meta property=\"og:locale\" content=\"az_AZ\" \/>\n<meta property=\"og:type\" content=\"article\" \/>\n<meta property=\"og:title\" content=\"H\u0259ft\u0259nin \u015e\u0259rhi: Rusiya Az\u0259rbaycanla ba\u011fl\u0131 b\u0259han\u0259 axtar\u0131r?\ufffc - MEYDAN.TV\" \/>\n<meta property=\"og:url\" content=\"https:\/\/www.meydan.tv\/az\/article\/heftenin-serhi-rusiya-azerbaycanla-bagli-behane-axtarir%ef%bf%bc\/\" \/>\n<meta property=\"og:site_name\" content=\"MEYDAN.TV\" \/>\n<meta property=\"article:published_time\" content=\"2022-05-09T12:13:34+00:00\" \/>\n<meta property=\"article:modified_time\" content=\"2022-05-09T12:13:36+00:00\" \/>\n<meta property=\"og:image\" content=\"https:\/\/www.meydan.tv\/wp-content\/uploads\/screenshot-at-may-09-14-09-15-1200x676.png\" \/>\n\t<meta property=\"og:image:width\" content=\"1200\" \/>\n\t<meta property=\"og:image:height\" content=\"676\" \/>\n\t<meta property=\"og:image:type\" content=\"image\/png\" \/>\n<meta name=\"author\" content=\"roma\" \/>\n<meta name=\"twitter:card\" content=\"summary_large_image\" \/>\n<script type=\"application\/ld+json\" class=\"yoast-schema-graph\">{\"@context\":\"https:\\\/\\\/schema.org\",\"@graph\":[{\"@type\":\"Article\",\"@id\":\"https:\\\/\\\/www.meydan.tv\\\/az\\\/article\\\/heftenin-serhi-rusiya-azerbaycanla-bagli-behane-axtarir%ef%bf%bc\\\/#article\",\"isPartOf\":{\"@id\":\"https:\\\/\\\/www.meydan.tv\\\/az\\\/article\\\/heftenin-serhi-rusiya-azerbaycanla-bagli-behane-axtarir%ef%bf%bc\\\/\"},\"author\":{\"name\":\"roma\",\"@id\":\"https:\\\/\\\/www.meydan.tv\\\/az\\\/#\\\/schema\\\/person\\\/8f23e01c4de63326c13c319fb65ee65d\"},\"headline\":\"H\u0259ft\u0259nin \u015e\u0259rhi: Rusiya Az\u0259rbaycanla ba\u011fl\u0131 b\u0259han\u0259 axtar\u0131r?\ufffc\",\"datePublished\":\"2022-05-09T12:13:34+00:00\",\"dateModified\":\"2022-05-09T12:13:36+00:00\",\"mainEntityOfPage\":{\"@id\":\"https:\\\/\\\/www.meydan.tv\\\/az\\\/article\\\/heftenin-serhi-rusiya-azerbaycanla-bagli-behane-axtarir%ef%bf%bc\\\/\"},\"wordCount\":122,\"publisher\":{\"@id\":\"https:\\\/\\\/www.meydan.tv\\\/az\\\/#organization\"},\"image\":{\"@id\":\"https:\\\/\\\/www.meydan.tv\\\/az\\\/article\\\/heftenin-serhi-rusiya-azerbaycanla-bagli-behane-axtarir%ef%bf%bc\\\/#primaryimage\"},\"thumbnailUrl\":\"https:\\\/\\\/www.meydan.tv\\\/wp-content\\\/uploads\\\/screenshot-at-may-09-14-09-15.png\",\"articleSection\":[\"Video\"],\"inLanguage\":\"az\"},{\"@type\":\"WebPage\",\"@id\":\"https:\\\/\\\/www.meydan.tv\\\/az\\\/article\\\/heftenin-serhi-rusiya-azerbaycanla-bagli-behane-axtarir%ef%bf%bc\\\/\",\"url\":\"https:\\\/\\\/www.meydan.tv\\\/az\\\/article\\\/heftenin-serhi-rusiya-azerbaycanla-bagli-behane-axtarir%ef%bf%bc\\\/\",\"name\":\"H\u0259ft\u0259nin \u015e\u0259rhi: Rusiya Az\u0259rbaycanla ba\u011fl\u0131 b\u0259han\u0259 axtar\u0131r?\ufffc - MEYDAN.TV\",\"isPartOf\":{\"@id\":\"https:\\\/\\\/www.meydan.tv\\\/az\\\/#website\"},\"primaryImageOfPage\":{\"@id\":\"https:\\\/\\\/www.meydan.tv\\\/az\\\/article\\\/heftenin-serhi-rusiya-azerbaycanla-bagli-behane-axtarir%ef%bf%bc\\\/#primaryimage\"},\"image\":{\"@id\":\"https:\\\/\\\/www.meydan.tv\\\/az\\\/article\\\/heftenin-serhi-rusiya-azerbaycanla-bagli-behane-axtarir%ef%bf%bc\\\/#primaryimage\"},\"thumbnailUrl\":\"https:\\\/\\\/www.meydan.tv\\\/wp-content\\\/uploads\\\/screenshot-at-may-09-14-09-15.png\",\"datePublished\":\"2022-05-09T12:13:34+00:00\",\"dateModified\":\"2022-05-09T12:13:36+00:00\",\"breadcrumb\":{\"@id\":\"https:\\\/\\\/www.meydan.tv\\\/az\\\/article\\\/heftenin-serhi-rusiya-azerbaycanla-bagli-behane-axtarir%ef%bf%bc\\\/#breadcrumb\"},\"inLanguage\":\"az\",\"potentialAction\":[{\"@type\":\"ReadAction\",\"target\":[\"https:\\\/\\\/www.meydan.tv\\\/az\\\/article\\\/heftenin-serhi-rusiya-azerbaycanla-bagli-behane-axtarir%ef%bf%bc\\\/\"]}]},{\"@type\":\"ImageObject\",\"inLanguage\":\"az\",\"@id\":\"https:\\\/\\\/www.meydan.tv\\\/az\\\/article\\\/heftenin-serhi-rusiya-azerbaycanla-bagli-behane-axtarir%ef%bf%bc\\\/#primaryimage\",\"url\":\"https:\\\/\\\/www.meydan.tv\\\/wp-content\\\/uploads\\\/screenshot-at-may-09-14-09-15.png\",\"contentUrl\":\"https:\\\/\\\/www.meydan.tv\\\/wp-content\\\/uploads\\\/screenshot-at-may-09-14-09-15.png\",\"width\":1602,\"height\":902},{\"@type\":\"BreadcrumbList\",\"@id\":\"https:\\\/\\\/www.meydan.tv\\\/az\\\/article\\\/heftenin-serhi-rusiya-azerbaycanla-bagli-behane-axtarir%ef%bf%bc\\\/#breadcrumb\",\"itemListElement\":[{\"@type\":\"ListItem\",\"position\":1,\"name\":\"Ana s\u0259hif\u0259\",\"item\":\"https:\\\/\\\/www.meydan.tv\\\/az\\\/\"},{\"@type\":\"ListItem\",\"position\":2,\"name\":\"Video\",\"item\":\"https:\\\/\\\/www.meydan.tv\\\/az\\\/section\\\/video-2\\\/\"},{\"@type\":\"ListItem\",\"position\":3,\"name\":\"H\u0259ft\u0259nin \u015e\u0259rhi: Rusiya Az\u0259rbaycanla ba\u011fl\u0131 b\u0259han\u0259 axtar\u0131r?\ufffc\"}]},{\"@type\":\"WebSite\",\"@id\":\"https:\\\/\\\/www.meydan.tv\\\/az\\\/#website\",\"url\":\"https:\\\/\\\/www.meydan.tv\\\/az\\\/\",\"name\":\"MEYDAN.TV\",\"description\":\"Meydan TV Az\u0259rbaycan\u0131n media m\u0259kan\u0131ndak\u0131 alternativ s\u0259sidir\",\"publisher\":{\"@id\":\"https:\\\/\\\/www.meydan.tv\\\/az\\\/#organization\"},\"potentialAction\":[{\"@type\":\"SearchAction\",\"target\":{\"@type\":\"EntryPoint\",\"urlTemplate\":\"https:\\\/\\\/www.meydan.tv\\\/az\\\/?s={search_term_string}\"},\"query-input\":{\"@type\":\"PropertyValueSpecification\",\"valueRequired\":true,\"valueName\":\"search_term_string\"}}],\"inLanguage\":\"az\"},{\"@type\":\"Organization\",\"@id\":\"https:\\\/\\\/www.meydan.tv\\\/az\\\/#organization\",\"name\":\"Meydan TV\",\"url\":\"https:\\\/\\\/www.meydan.tv\\\/az\\\/\",\"logo\":{\"@type\":\"ImageObject\",\"inLanguage\":\"az\",\"@id\":\"https:\\\/\\\/www.meydan.tv\\\/az\\\/#\\\/schema\\\/logo\\\/image\\\/\",\"url\":\"https:\\\/\\\/www.meydan.tv\\\/wp-content\\\/uploads\\\/2021\\\/07\\\/meydan-logo.svg\",\"contentUrl\":\"https:\\\/\\\/www.meydan.tv\\\/wp-content\\\/uploads\\\/2021\\\/07\\\/meydan-logo.svg\",\"width\":195,\"height\":46,\"caption\":\"Meydan TV\"},\"image\":{\"@id\":\"https:\\\/\\\/www.meydan.tv\\\/az\\\/#\\\/schema\\\/logo\\\/image\\\/\"}},{\"@type\":\"Person\",\"@id\":\"https:\\\/\\\/www.meydan.tv\\\/az\\\/#\\\/schema\\\/person\\\/8f23e01c4de63326c13c319fb65ee65d\",\"name\":\"roma\"}]}<\/script>\n<!-- \/ Yoast SEO plugin. -->","yoast_head_json":{"title":"H\u0259ft\u0259nin \u015e\u0259rhi: Rusiya Az\u0259rbaycanla ba\u011fl\u0131 b\u0259han\u0259 axtar\u0131r?\ufffc - MEYDAN.TV","robots":{"index":"index","follow":"follow","max-snippet":"max-snippet:-1","max-image-preview":"max-image-preview:large","max-video-preview":"max-video-preview:-1"},"canonical":"https:\/\/www.meydan.tv\/az\/article\/heftenin-serhi-rusiya-azerbaycanla-bagli-behane-axtarir%ef%bf%bc\/","og_locale":"az_AZ","og_type":"article","og_title":"H\u0259ft\u0259nin \u015e\u0259rhi: Rusiya Az\u0259rbaycanla ba\u011fl\u0131 b\u0259han\u0259 axtar\u0131r?\ufffc - MEYDAN.TV","og_url":"https:\/\/www.meydan.tv\/az\/article\/heftenin-serhi-rusiya-azerbaycanla-bagli-behane-axtarir%ef%bf%bc\/","og_site_name":"MEYDAN.TV","article_published_time":"2022-05-09T12:13:34+00:00","article_modified_time":"2022-05-09T12:13:36+00:00","og_image":[{"width":1200,"height":676,"url":"https:\/\/www.meydan.tv\/wp-content\/uploads\/screenshot-at-may-09-14-09-15-1200x676.png","type":"image\/png"}],"author":"roma","twitter_card":"summary_large_image","schema":{"@context":"https:\/\/schema.org","@graph":[{"@type":"Article","@id":"https:\/\/www.meydan.tv\/az\/article\/heftenin-serhi-rusiya-azerbaycanla-bagli-behane-axtarir%ef%bf%bc\/#article","isPartOf":{"@id":"https:\/\/www.meydan.tv\/az\/article\/heftenin-serhi-rusiya-azerbaycanla-bagli-behane-axtarir%ef%bf%bc\/"},"author":{"name":"roma","@id":"https:\/\/www.meydan.tv\/az\/#\/schema\/person\/8f23e01c4de63326c13c319fb65ee65d"},"headline":"H\u0259ft\u0259nin \u015e\u0259rhi: Rusiya Az\u0259rbaycanla ba\u011fl\u0131 b\u0259han\u0259 axtar\u0131r?\ufffc","datePublished":"2022-05-09T12:13:34+00:00","dateModified":"2022-05-09T12:13:36+00:00","mainEntityOfPage":{"@id":"https:\/\/www.meydan.tv\/az\/article\/heftenin-serhi-rusiya-azerbaycanla-bagli-behane-axtarir%ef%bf%bc\/"},"wordCount":122,"publisher":{"@id":"https:\/\/www.meydan.tv\/az\/#organization"},"image":{"@id":"https:\/\/www.meydan.tv\/az\/article\/heftenin-serhi-rusiya-azerbaycanla-bagli-behane-axtarir%ef%bf%bc\/#primaryimage"},"thumbnailUrl":"https:\/\/www.meydan.tv\/wp-content\/uploads\/screenshot-at-may-09-14-09-15.png","articleSection":["Video"],"inLanguage":"az"},{"@type":"WebPage","@id":"https:\/\/www.meydan.tv\/az\/article\/heftenin-serhi-rusiya-azerbaycanla-bagli-behane-axtarir%ef%bf%bc\/","url":"https:\/\/www.meydan.tv\/az\/article\/heftenin-serhi-rusiya-azerbaycanla-bagli-behane-axtarir%ef%bf%bc\/","name":"H\u0259ft\u0259nin \u015e\u0259rhi: Rusiya Az\u0259rbaycanla ba\u011fl\u0131 b\u0259han\u0259 axtar\u0131r?\ufffc - MEYDAN.TV","isPartOf":{"@id":"https:\/\/www.meydan.tv\/az\/#website"},"primaryImageOfPage":{"@id":"https:\/\/www.meydan.tv\/az\/article\/heftenin-serhi-rusiya-azerbaycanla-bagli-behane-axtarir%ef%bf%bc\/#primaryimage"},"image":{"@id":"https:\/\/www.meydan.tv\/az\/article\/heftenin-serhi-rusiya-azerbaycanla-bagli-behane-axtarir%ef%bf%bc\/#primaryimage"},"thumbnailUrl":"https:\/\/www.meydan.tv\/wp-content\/uploads\/screenshot-at-may-09-14-09-15.png","datePublished":"2022-05-09T12:13:34+00:00","dateModified":"2022-05-09T12:13:36+00:00","breadcrumb":{"@id":"https:\/\/www.meydan.tv\/az\/article\/heftenin-serhi-rusiya-azerbaycanla-bagli-behane-axtarir%ef%bf%bc\/#breadcrumb"},"inLanguage":"az","potentialAction":[{"@type":"ReadAction","target":["https:\/\/www.meydan.tv\/az\/article\/heftenin-serhi-rusiya-azerbaycanla-bagli-behane-axtarir%ef%bf%bc\/"]}]},{"@type":"ImageObject","inLanguage":"az","@id":"https:\/\/www.meydan.tv\/az\/article\/heftenin-serhi-rusiya-azerbaycanla-bagli-behane-axtarir%ef%bf%bc\/#primaryimage","url":"https:\/\/www.meydan.tv\/wp-content\/uploads\/screenshot-at-may-09-14-09-15.png","contentUrl":"https:\/\/www.meydan.tv\/wp-content\/uploads\/screenshot-at-may-09-14-09-15.png","width":1602,"height":902},{"@type":"BreadcrumbList","@id":"https:\/\/www.meydan.tv\/az\/article\/heftenin-serhi-rusiya-azerbaycanla-bagli-behane-axtarir%ef%bf%bc\/#breadcrumb","itemListElement":[{"@type":"ListItem","position":1,"name":"Ana s\u0259hif\u0259","item":"https:\/\/www.meydan.tv\/az\/"},{"@type":"ListItem","position":2,"name":"Video","item":"https:\/\/www.meydan.tv\/az\/section\/video-2\/"},{"@type":"ListItem","position":3,"name":"H\u0259ft\u0259nin \u015e\u0259rhi: Rusiya Az\u0259rbaycanla ba\u011fl\u0131 b\u0259han\u0259 axtar\u0131r?\ufffc"}]},{"@type":"WebSite","@id":"https:\/\/www.meydan.tv\/az\/#website","url":"https:\/\/www.meydan.tv\/az\/","name":"MEYDAN.TV","description":"Meydan TV Az\u0259rbaycan\u0131n media m\u0259kan\u0131ndak\u0131 alternativ s\u0259sidir","publisher":{"@id":"https:\/\/www.meydan.tv\/az\/#organization"},"potentialAction":[{"@type":"SearchAction","target":{"@type":"EntryPoint","urlTemplate":"https:\/\/www.meydan.tv\/az\/?s={search_term_string}"},"query-input":{"@type":"PropertyValueSpecification","valueRequired":true,"valueName":"search_term_string"}}],"inLanguage":"az"},{"@type":"Organization","@id":"https:\/\/www.meydan.tv\/az\/#organization","name":"Meydan TV","url":"https:\/\/www.meydan.tv\/az\/","logo":{"@type":"ImageObject","inLanguage":"az","@id":"https:\/\/www.meydan.tv\/az\/#\/schema\/logo\/image\/","url":"https:\/\/www.meydan.tv\/wp-content\/uploads\/2021\/07\/meydan-logo.svg","contentUrl":"https:\/\/www.meydan.tv\/wp-content\/uploads\/2021\/07\/meydan-logo.svg","width":195,"height":46,"caption":"Meydan TV"},"image":{"@id":"https:\/\/www.meydan.tv\/az\/#\/schema\/logo\/image\/"}},{"@type":"Person","@id":"https:\/\/www.meydan.tv\/az\/#\/schema\/person\/8f23e01c4de63326c13c319fb65ee65d","name":"roma"}]}},"_links":{"self":[{"href":"https:\/\/www.meydan.tv\/az\/wp-json\/wp\/v2\/posts\/244646","targetHints":{"allow":["GET"]}}],"collection":[{"href":"https:\/\/www.meydan.tv\/az\/wp-json\/wp\/v2\/posts"}],"about":[{"href":"https:\/\/www.meydan.tv\/az\/wp-json\/wp\/v2\/types\/post"}],"author":[{"embeddable":true,"href":"https:\/\/www.meydan.tv\/az\/wp-json\/wp\/v2\/users\/14"}],"replies":[{"embeddable":true,"href":"https:\/\/www.meydan.tv\/az\/wp-json\/wp\/v2\/comments?post=244646"}],"version-history":[{"count":1,"href":"https:\/\/www.meydan.tv\/az\/wp-json\/wp\/v2\/posts\/244646\/revisions"}],"predecessor-version":[{"id":244650,"href":"https:\/\/www.meydan.tv\/az\/wp-json\/wp\/v2\/posts\/244646\/revisions\/244650"}],"wp:featuredmedia":[{"embeddable":true,"href":"https:\/\/www.meydan.tv\/az\/wp-json\/wp\/v2\/media\/244647"}],"wp:attachment":[{"href":"https:\/\/www.meydan.tv\/az\/wp-json\/wp\/v2\/media?parent=244646"}],"wp:term":[{"taxonomy":"category","embeddable":true,"href":"https:\/\/www.meydan.tv\/az\/wp-json\/wp\/v2\/categories?post=244646"},{"taxonomy":"post_tag","embeddable":true,"href":"https:\/\/www.meydan.tv\/az\/wp-json\/wp\/v2\/tags?post=244646"}],"curies":[{"name":"wp","href":"https:\/\/api.w.org\/{rel}","templated":true}]}}