{"id":244637,"date":"2022-05-09T16:24:15","date_gmt":"2022-05-09T12:24:15","guid":{"rendered":"https:\/\/www.meydan.tv\/?p=244637"},"modified":"2022-05-09T16:24:17","modified_gmt":"2022-05-09T12:24:17","slug":"putin-qelebe-paradinda-ukrayna-ile-muharibeni-yegane-duzgun-qerar-adlandirib","status":"publish","type":"post","link":"https:\/\/www.meydan.tv\/az\/article\/putin-qelebe-paradinda-ukrayna-ile-muharibeni-yegane-duzgun-qerar-adlandirib\/","title":{"rendered":"Putin &#8220;Q\u0259l\u0259b\u0259&#8221; parad\u0131nda Ukrayna il\u0259 m\u00fcharib\u0259ni &#8220;yegan\u0259 d\u00fczg\u00fcn q\u0259rar&#8221; adland\u0131r\u0131b"},"content":{"rendered":"\n<figure class=\"wp-block-embed is-type-video is-provider-youtube wp-block-embed-youtube wp-embed-aspect-16-9 wp-has-aspect-ratio\"><div class=\"wp-block-embed__wrapper\">\n<iframe title=\"Putin &quot;Q\u0259l\u0259b\u0259&quot; parad\u0131nda Ukrayna il\u0259 m\u00fcharib\u0259ni &quot;yegan\u0259 d\u00fczg\u00fcn q\u0259rar&quot; adland\u0131r\u0131b\" width=\"1200\" height=\"675\" data-src=\"https:\/\/www.youtube.com\/embed\/Wnwncug2JNs?feature=oembed\" frameborder=\"0\" allow=\"accelerometer; autoplay; clipboard-write; encrypted-media; gyroscope; picture-in-picture\" allowfullscreen src=\"data:image\/svg+xml;base64,PHN2ZyB3aWR0aD0iMSIgaGVpZ2h0PSIxIiB4bWxucz0iaHR0cDovL3d3dy53My5vcmcvMjAwMC9zdmciPjwvc3ZnPg==\" class=\"lazyload\" data-load-mode=\"1\"><\/iframe>\n<\/div><\/figure>\n\n\n\n<!--more-->\n\n\n\n<p>Putin Q\u0259l\u0259b\u0259 Parad\u0131ndak\u0131 \u00e7\u0131x\u0131\u015f\u0131n\u0131 Ukraynaya qar\u015f\u0131 m\u00fcharib\u0259y\u0259 h\u0259sr edib,amma iddialar\u0131n \u0259ksin\u0259 s\u0259f\u0259rb\u0259rlik elan etm\u0259yib.<\/p>\n\n\n\n<p>Rusiya fevral\u0131n 24-d\u0259 Ukraynaya t\u0259cav\u00fcz\u0259 ba\u015flamaqla \u201cqabaqlay\u0131c\u0131 z\u0259rb\u0259\u201d endirib v\u0259 bu, \u201cyegan\u0259 d\u00fczg\u00fcn q\u0259rar idi\u201d. Prezident Vladimir Putin Moskvada Q\u0131rm\u0131z\u0131 meydandak\u0131 paradda deyib.<\/p>\n\n\n\n<p>May\u0131n 9-da Rusiya ordusu Ukraynada \u0259m\u0259liyyat\u0131 intensivl\u0259\u015fdirir. &nbsp;<\/p>\n\n\n\n<p>&nbsp;Rusiya q\u00fcvv\u0259l\u0259ri indiy\u0259d\u0259k Azov d\u0259nizi sahilind\u0259ki Mariupol liman \u015f\u0259h\u0259rinin i\u015f\u011fal\u0131n\u0131 ba\u015fa \u00e7atd\u0131ra bilm\u0259yibl\u0259r. Azovstalda 2 min\u0259d\u0259k ukraynal\u0131 d\u00f6y\u00fc\u015f\u00e7\u00fc m\u00fcqavim\u0259ti davam etdirir.<\/p>\n\n\n\n<p>Ukrayna Prezidenti Volodimir Zelenski is\u0259 may\u0131n 8-d\u0259 Q\u0259l\u0259b\u0259 g\u00fcn\u00fc \u00e7\u0131x\u0131\u015f\u0131nda deyib ki, Rusiya Ukraynaya qar\u015f\u0131 nasist v\u0259h\u015filikl\u0259rini t\u0259krarlay\u0131r.<\/p>\n\n\n\n<p>Zelenski B\u00f6y\u00fck Yeddilik (G7) liderl\u0259ri il\u0259 virtual g\u00f6r\u00fc\u015fd\u0259 d\u0259 i\u015ftirak edib.&nbsp;<\/p>\n\n\n\n<p>Birl\u0259\u015fmi\u015f \u015etatlar iclasdan sonra Rusiyan\u0131n \u00fc\u00e7 televiziyas\u0131na v\u0259 Gazprombank r\u0259smil\u0259rin\u0259 sanksiyalar, el\u0259c\u0259 d\u0259 amerikal\u0131lar\u0131n rusiyal\u0131lara m\u00fchasibat v\u0259 konsultasiya xidm\u0259ti g\u00f6st\u0259rm\u0259sin\u0259 qada\u011fa elan edib.<\/p>\n\n\n\n<p>Britaniya r\u0259smil\u0259ri virtual toplant\u0131dan \u00f6nc\u0259 Ukraynaya 1.6 milyard dollarl\u0131q h\u0259rbi yard\u0131m a\u00e7\u0131qlay\u0131b.<\/p>\n","protected":false},"excerpt":{"rendered":"","protected":false},"author":14,"featured_media":244638,"comment_status":"closed","ping_status":"closed","sticky":false,"template":"","format":"standard","meta":{"_acf_changed":false,"_sitemap_exclude":false,"_sitemap_priority":"","_sitemap_frequency":"","footnotes":""},"categories":[61,63],"tags":[],"class_list":["post-244637","post","type-post","status-publish","format-standard","has-post-thumbnail","hentry","category-reportaj","category-video-2","infinite-scroll-item","generate-columns","tablet-grid-50","mobile-grid-100","grid-parent","grid-33","no-featured-image-padding"],"acf":[],"yoast_head":"<!-- This site is optimized with the Yoast SEO plugin v27.4 - https:\/\/yoast.com\/product\/yoast-seo-wordpress\/ -->\n<title>Putin &quot;Q\u0259l\u0259b\u0259&quot; parad\u0131nda Ukrayna il\u0259 m\u00fcharib\u0259ni &quot;yegan\u0259 d\u00fczg\u00fcn q\u0259rar&quot; adland\u0131r\u0131b - MEYDAN.TV<\/title>\n<meta name=\"robots\" content=\"index, follow, max-snippet:-1, max-image-preview:large, max-video-preview:-1\" \/>\n<link rel=\"canonical\" href=\"https:\/\/www.meydan.tv\/az\/article\/putin-qelebe-paradinda-ukrayna-ile-muharibeni-yegane-duzgun-qerar-adlandirib\/\" \/>\n<meta property=\"og:locale\" content=\"az_AZ\" \/>\n<meta property=\"og:type\" content=\"article\" \/>\n<meta property=\"og:title\" content=\"Putin &quot;Q\u0259l\u0259b\u0259&quot; parad\u0131nda Ukrayna il\u0259 m\u00fcharib\u0259ni &quot;yegan\u0259 d\u00fczg\u00fcn q\u0259rar&quot; adland\u0131r\u0131b - MEYDAN.TV\" \/>\n<meta property=\"og:url\" content=\"https:\/\/www.meydan.tv\/az\/article\/putin-qelebe-paradinda-ukrayna-ile-muharibeni-yegane-duzgun-qerar-adlandirib\/\" \/>\n<meta property=\"og:site_name\" content=\"MEYDAN.TV\" \/>\n<meta property=\"article:published_time\" content=\"2022-05-09T12:24:15+00:00\" \/>\n<meta property=\"article:modified_time\" content=\"2022-05-09T12:24:17+00:00\" \/>\n<meta property=\"og:image\" content=\"https:\/\/www.meydan.tv\/wp-content\/uploads\/screenshot-at-may-09-13-23-37-1200x671.png\" \/>\n\t<meta property=\"og:image:width\" content=\"1200\" \/>\n\t<meta property=\"og:image:height\" content=\"671\" \/>\n\t<meta property=\"og:image:type\" content=\"image\/png\" \/>\n<meta name=\"author\" content=\"roma\" \/>\n<meta name=\"twitter:card\" content=\"summary_large_image\" \/>\n<script type=\"application\/ld+json\" class=\"yoast-schema-graph\">{\"@context\":\"https:\\\/\\\/schema.org\",\"@graph\":[{\"@type\":\"Article\",\"@id\":\"https:\\\/\\\/www.meydan.tv\\\/az\\\/article\\\/putin-qelebe-paradinda-ukrayna-ile-muharibeni-yegane-duzgun-qerar-adlandirib\\\/#article\",\"isPartOf\":{\"@id\":\"https:\\\/\\\/www.meydan.tv\\\/az\\\/article\\\/putin-qelebe-paradinda-ukrayna-ile-muharibeni-yegane-duzgun-qerar-adlandirib\\\/\"},\"author\":{\"name\":\"roma\",\"@id\":\"https:\\\/\\\/www.meydan.tv\\\/az\\\/#\\\/schema\\\/person\\\/8f23e01c4de63326c13c319fb65ee65d\"},\"headline\":\"Putin &#8220;Q\u0259l\u0259b\u0259&#8221; parad\u0131nda Ukrayna il\u0259 m\u00fcharib\u0259ni &#8220;yegan\u0259 d\u00fczg\u00fcn q\u0259rar&#8221; adland\u0131r\u0131b\",\"datePublished\":\"2022-05-09T12:24:15+00:00\",\"dateModified\":\"2022-05-09T12:24:17+00:00\",\"mainEntityOfPage\":{\"@id\":\"https:\\\/\\\/www.meydan.tv\\\/az\\\/article\\\/putin-qelebe-paradinda-ukrayna-ile-muharibeni-yegane-duzgun-qerar-adlandirib\\\/\"},\"wordCount\":239,\"publisher\":{\"@id\":\"https:\\\/\\\/www.meydan.tv\\\/az\\\/#organization\"},\"image\":{\"@id\":\"https:\\\/\\\/www.meydan.tv\\\/az\\\/article\\\/putin-qelebe-paradinda-ukrayna-ile-muharibeni-yegane-duzgun-qerar-adlandirib\\\/#primaryimage\"},\"thumbnailUrl\":\"https:\\\/\\\/www.meydan.tv\\\/wp-content\\\/uploads\\\/screenshot-at-may-09-13-23-37.png\",\"articleSection\":[\"Reportaj\",\"Video\"],\"inLanguage\":\"az\"},{\"@type\":\"WebPage\",\"@id\":\"https:\\\/\\\/www.meydan.tv\\\/az\\\/article\\\/putin-qelebe-paradinda-ukrayna-ile-muharibeni-yegane-duzgun-qerar-adlandirib\\\/\",\"url\":\"https:\\\/\\\/www.meydan.tv\\\/az\\\/article\\\/putin-qelebe-paradinda-ukrayna-ile-muharibeni-yegane-duzgun-qerar-adlandirib\\\/\",\"name\":\"Putin \\\"Q\u0259l\u0259b\u0259\\\" parad\u0131nda Ukrayna il\u0259 m\u00fcharib\u0259ni \\\"yegan\u0259 d\u00fczg\u00fcn q\u0259rar\\\" adland\u0131r\u0131b - MEYDAN.TV\",\"isPartOf\":{\"@id\":\"https:\\\/\\\/www.meydan.tv\\\/az\\\/#website\"},\"primaryImageOfPage\":{\"@id\":\"https:\\\/\\\/www.meydan.tv\\\/az\\\/article\\\/putin-qelebe-paradinda-ukrayna-ile-muharibeni-yegane-duzgun-qerar-adlandirib\\\/#primaryimage\"},\"image\":{\"@id\":\"https:\\\/\\\/www.meydan.tv\\\/az\\\/article\\\/putin-qelebe-paradinda-ukrayna-ile-muharibeni-yegane-duzgun-qerar-adlandirib\\\/#primaryimage\"},\"thumbnailUrl\":\"https:\\\/\\\/www.meydan.tv\\\/wp-content\\\/uploads\\\/screenshot-at-may-09-13-23-37.png\",\"datePublished\":\"2022-05-09T12:24:15+00:00\",\"dateModified\":\"2022-05-09T12:24:17+00:00\",\"breadcrumb\":{\"@id\":\"https:\\\/\\\/www.meydan.tv\\\/az\\\/article\\\/putin-qelebe-paradinda-ukrayna-ile-muharibeni-yegane-duzgun-qerar-adlandirib\\\/#breadcrumb\"},\"inLanguage\":\"az\",\"potentialAction\":[{\"@type\":\"ReadAction\",\"target\":[\"https:\\\/\\\/www.meydan.tv\\\/az\\\/article\\\/putin-qelebe-paradinda-ukrayna-ile-muharibeni-yegane-duzgun-qerar-adlandirib\\\/\"]}]},{\"@type\":\"ImageObject\",\"inLanguage\":\"az\",\"@id\":\"https:\\\/\\\/www.meydan.tv\\\/az\\\/article\\\/putin-qelebe-paradinda-ukrayna-ile-muharibeni-yegane-duzgun-qerar-adlandirib\\\/#primaryimage\",\"url\":\"https:\\\/\\\/www.meydan.tv\\\/wp-content\\\/uploads\\\/screenshot-at-may-09-13-23-37.png\",\"contentUrl\":\"https:\\\/\\\/www.meydan.tv\\\/wp-content\\\/uploads\\\/screenshot-at-may-09-13-23-37.png\",\"width\":1342,\"height\":750},{\"@type\":\"BreadcrumbList\",\"@id\":\"https:\\\/\\\/www.meydan.tv\\\/az\\\/article\\\/putin-qelebe-paradinda-ukrayna-ile-muharibeni-yegane-duzgun-qerar-adlandirib\\\/#breadcrumb\",\"itemListElement\":[{\"@type\":\"ListItem\",\"position\":1,\"name\":\"Ana s\u0259hif\u0259\",\"item\":\"https:\\\/\\\/www.meydan.tv\\\/az\\\/\"},{\"@type\":\"ListItem\",\"position\":2,\"name\":\"Video\",\"item\":\"https:\\\/\\\/www.meydan.tv\\\/az\\\/section\\\/video-2\\\/\"},{\"@type\":\"ListItem\",\"position\":3,\"name\":\"Putin &#8220;Q\u0259l\u0259b\u0259&#8221; parad\u0131nda Ukrayna il\u0259 m\u00fcharib\u0259ni &#8220;yegan\u0259 d\u00fczg\u00fcn q\u0259rar&#8221; adland\u0131r\u0131b\"}]},{\"@type\":\"WebSite\",\"@id\":\"https:\\\/\\\/www.meydan.tv\\\/az\\\/#website\",\"url\":\"https:\\\/\\\/www.meydan.tv\\\/az\\\/\",\"name\":\"MEYDAN.TV\",\"description\":\"Meydan TV Az\u0259rbaycan\u0131n media m\u0259kan\u0131ndak\u0131 alternativ s\u0259sidir\",\"publisher\":{\"@id\":\"https:\\\/\\\/www.meydan.tv\\\/az\\\/#organization\"},\"potentialAction\":[{\"@type\":\"SearchAction\",\"target\":{\"@type\":\"EntryPoint\",\"urlTemplate\":\"https:\\\/\\\/www.meydan.tv\\\/az\\\/?s={search_term_string}\"},\"query-input\":{\"@type\":\"PropertyValueSpecification\",\"valueRequired\":true,\"valueName\":\"search_term_string\"}}],\"inLanguage\":\"az\"},{\"@type\":\"Organization\",\"@id\":\"https:\\\/\\\/www.meydan.tv\\\/az\\\/#organization\",\"name\":\"Meydan TV\",\"url\":\"https:\\\/\\\/www.meydan.tv\\\/az\\\/\",\"logo\":{\"@type\":\"ImageObject\",\"inLanguage\":\"az\",\"@id\":\"https:\\\/\\\/www.meydan.tv\\\/az\\\/#\\\/schema\\\/logo\\\/image\\\/\",\"url\":\"https:\\\/\\\/www.meydan.tv\\\/wp-content\\\/uploads\\\/2021\\\/07\\\/meydan-logo.svg\",\"contentUrl\":\"https:\\\/\\\/www.meydan.tv\\\/wp-content\\\/uploads\\\/2021\\\/07\\\/meydan-logo.svg\",\"width\":195,\"height\":46,\"caption\":\"Meydan TV\"},\"image\":{\"@id\":\"https:\\\/\\\/www.meydan.tv\\\/az\\\/#\\\/schema\\\/logo\\\/image\\\/\"}},{\"@type\":\"Person\",\"@id\":\"https:\\\/\\\/www.meydan.tv\\\/az\\\/#\\\/schema\\\/person\\\/8f23e01c4de63326c13c319fb65ee65d\",\"name\":\"roma\"}]}<\/script>\n<!-- \/ Yoast SEO plugin. -->","yoast_head_json":{"title":"Putin \"Q\u0259l\u0259b\u0259\" parad\u0131nda Ukrayna il\u0259 m\u00fcharib\u0259ni \"yegan\u0259 d\u00fczg\u00fcn q\u0259rar\" adland\u0131r\u0131b - MEYDAN.TV","robots":{"index":"index","follow":"follow","max-snippet":"max-snippet:-1","max-image-preview":"max-image-preview:large","max-video-preview":"max-video-preview:-1"},"canonical":"https:\/\/www.meydan.tv\/az\/article\/putin-qelebe-paradinda-ukrayna-ile-muharibeni-yegane-duzgun-qerar-adlandirib\/","og_locale":"az_AZ","og_type":"article","og_title":"Putin \"Q\u0259l\u0259b\u0259\" parad\u0131nda Ukrayna il\u0259 m\u00fcharib\u0259ni \"yegan\u0259 d\u00fczg\u00fcn q\u0259rar\" adland\u0131r\u0131b - MEYDAN.TV","og_url":"https:\/\/www.meydan.tv\/az\/article\/putin-qelebe-paradinda-ukrayna-ile-muharibeni-yegane-duzgun-qerar-adlandirib\/","og_site_name":"MEYDAN.TV","article_published_time":"2022-05-09T12:24:15+00:00","article_modified_time":"2022-05-09T12:24:17+00:00","og_image":[{"width":1200,"height":671,"url":"https:\/\/www.meydan.tv\/wp-content\/uploads\/screenshot-at-may-09-13-23-37-1200x671.png","type":"image\/png"}],"author":"roma","twitter_card":"summary_large_image","schema":{"@context":"https:\/\/schema.org","@graph":[{"@type":"Article","@id":"https:\/\/www.meydan.tv\/az\/article\/putin-qelebe-paradinda-ukrayna-ile-muharibeni-yegane-duzgun-qerar-adlandirib\/#article","isPartOf":{"@id":"https:\/\/www.meydan.tv\/az\/article\/putin-qelebe-paradinda-ukrayna-ile-muharibeni-yegane-duzgun-qerar-adlandirib\/"},"author":{"name":"roma","@id":"https:\/\/www.meydan.tv\/az\/#\/schema\/person\/8f23e01c4de63326c13c319fb65ee65d"},"headline":"Putin &#8220;Q\u0259l\u0259b\u0259&#8221; parad\u0131nda Ukrayna il\u0259 m\u00fcharib\u0259ni &#8220;yegan\u0259 d\u00fczg\u00fcn q\u0259rar&#8221; adland\u0131r\u0131b","datePublished":"2022-05-09T12:24:15+00:00","dateModified":"2022-05-09T12:24:17+00:00","mainEntityOfPage":{"@id":"https:\/\/www.meydan.tv\/az\/article\/putin-qelebe-paradinda-ukrayna-ile-muharibeni-yegane-duzgun-qerar-adlandirib\/"},"wordCount":239,"publisher":{"@id":"https:\/\/www.meydan.tv\/az\/#organization"},"image":{"@id":"https:\/\/www.meydan.tv\/az\/article\/putin-qelebe-paradinda-ukrayna-ile-muharibeni-yegane-duzgun-qerar-adlandirib\/#primaryimage"},"thumbnailUrl":"https:\/\/www.meydan.tv\/wp-content\/uploads\/screenshot-at-may-09-13-23-37.png","articleSection":["Reportaj","Video"],"inLanguage":"az"},{"@type":"WebPage","@id":"https:\/\/www.meydan.tv\/az\/article\/putin-qelebe-paradinda-ukrayna-ile-muharibeni-yegane-duzgun-qerar-adlandirib\/","url":"https:\/\/www.meydan.tv\/az\/article\/putin-qelebe-paradinda-ukrayna-ile-muharibeni-yegane-duzgun-qerar-adlandirib\/","name":"Putin \"Q\u0259l\u0259b\u0259\" parad\u0131nda Ukrayna il\u0259 m\u00fcharib\u0259ni \"yegan\u0259 d\u00fczg\u00fcn q\u0259rar\" adland\u0131r\u0131b - MEYDAN.TV","isPartOf":{"@id":"https:\/\/www.meydan.tv\/az\/#website"},"primaryImageOfPage":{"@id":"https:\/\/www.meydan.tv\/az\/article\/putin-qelebe-paradinda-ukrayna-ile-muharibeni-yegane-duzgun-qerar-adlandirib\/#primaryimage"},"image":{"@id":"https:\/\/www.meydan.tv\/az\/article\/putin-qelebe-paradinda-ukrayna-ile-muharibeni-yegane-duzgun-qerar-adlandirib\/#primaryimage"},"thumbnailUrl":"https:\/\/www.meydan.tv\/wp-content\/uploads\/screenshot-at-may-09-13-23-37.png","datePublished":"2022-05-09T12:24:15+00:00","dateModified":"2022-05-09T12:24:17+00:00","breadcrumb":{"@id":"https:\/\/www.meydan.tv\/az\/article\/putin-qelebe-paradinda-ukrayna-ile-muharibeni-yegane-duzgun-qerar-adlandirib\/#breadcrumb"},"inLanguage":"az","potentialAction":[{"@type":"ReadAction","target":["https:\/\/www.meydan.tv\/az\/article\/putin-qelebe-paradinda-ukrayna-ile-muharibeni-yegane-duzgun-qerar-adlandirib\/"]}]},{"@type":"ImageObject","inLanguage":"az","@id":"https:\/\/www.meydan.tv\/az\/article\/putin-qelebe-paradinda-ukrayna-ile-muharibeni-yegane-duzgun-qerar-adlandirib\/#primaryimage","url":"https:\/\/www.meydan.tv\/wp-content\/uploads\/screenshot-at-may-09-13-23-37.png","contentUrl":"https:\/\/www.meydan.tv\/wp-content\/uploads\/screenshot-at-may-09-13-23-37.png","width":1342,"height":750},{"@type":"BreadcrumbList","@id":"https:\/\/www.meydan.tv\/az\/article\/putin-qelebe-paradinda-ukrayna-ile-muharibeni-yegane-duzgun-qerar-adlandirib\/#breadcrumb","itemListElement":[{"@type":"ListItem","position":1,"name":"Ana s\u0259hif\u0259","item":"https:\/\/www.meydan.tv\/az\/"},{"@type":"ListItem","position":2,"name":"Video","item":"https:\/\/www.meydan.tv\/az\/section\/video-2\/"},{"@type":"ListItem","position":3,"name":"Putin &#8220;Q\u0259l\u0259b\u0259&#8221; parad\u0131nda Ukrayna il\u0259 m\u00fcharib\u0259ni &#8220;yegan\u0259 d\u00fczg\u00fcn q\u0259rar&#8221; adland\u0131r\u0131b"}]},{"@type":"WebSite","@id":"https:\/\/www.meydan.tv\/az\/#website","url":"https:\/\/www.meydan.tv\/az\/","name":"MEYDAN.TV","description":"Meydan TV Az\u0259rbaycan\u0131n media m\u0259kan\u0131ndak\u0131 alternativ s\u0259sidir","publisher":{"@id":"https:\/\/www.meydan.tv\/az\/#organization"},"potentialAction":[{"@type":"SearchAction","target":{"@type":"EntryPoint","urlTemplate":"https:\/\/www.meydan.tv\/az\/?s={search_term_string}"},"query-input":{"@type":"PropertyValueSpecification","valueRequired":true,"valueName":"search_term_string"}}],"inLanguage":"az"},{"@type":"Organization","@id":"https:\/\/www.meydan.tv\/az\/#organization","name":"Meydan TV","url":"https:\/\/www.meydan.tv\/az\/","logo":{"@type":"ImageObject","inLanguage":"az","@id":"https:\/\/www.meydan.tv\/az\/#\/schema\/logo\/image\/","url":"https:\/\/www.meydan.tv\/wp-content\/uploads\/2021\/07\/meydan-logo.svg","contentUrl":"https:\/\/www.meydan.tv\/wp-content\/uploads\/2021\/07\/meydan-logo.svg","width":195,"height":46,"caption":"Meydan TV"},"image":{"@id":"https:\/\/www.meydan.tv\/az\/#\/schema\/logo\/image\/"}},{"@type":"Person","@id":"https:\/\/www.meydan.tv\/az\/#\/schema\/person\/8f23e01c4de63326c13c319fb65ee65d","name":"roma"}]}},"_links":{"self":[{"href":"https:\/\/www.meydan.tv\/az\/wp-json\/wp\/v2\/posts\/244637","targetHints":{"allow":["GET"]}}],"collection":[{"href":"https:\/\/www.meydan.tv\/az\/wp-json\/wp\/v2\/posts"}],"about":[{"href":"https:\/\/www.meydan.tv\/az\/wp-json\/wp\/v2\/types\/post"}],"author":[{"embeddable":true,"href":"https:\/\/www.meydan.tv\/az\/wp-json\/wp\/v2\/users\/14"}],"replies":[{"embeddable":true,"href":"https:\/\/www.meydan.tv\/az\/wp-json\/wp\/v2\/comments?post=244637"}],"version-history":[{"count":1,"href":"https:\/\/www.meydan.tv\/az\/wp-json\/wp\/v2\/posts\/244637\/revisions"}],"predecessor-version":[{"id":244651,"href":"https:\/\/www.meydan.tv\/az\/wp-json\/wp\/v2\/posts\/244637\/revisions\/244651"}],"wp:featuredmedia":[{"embeddable":true,"href":"https:\/\/www.meydan.tv\/az\/wp-json\/wp\/v2\/media\/244638"}],"wp:attachment":[{"href":"https:\/\/www.meydan.tv\/az\/wp-json\/wp\/v2\/media?parent=244637"}],"wp:term":[{"taxonomy":"category","embeddable":true,"href":"https:\/\/www.meydan.tv\/az\/wp-json\/wp\/v2\/categories?post=244637"},{"taxonomy":"post_tag","embeddable":true,"href":"https:\/\/www.meydan.tv\/az\/wp-json\/wp\/v2\/tags?post=244637"}],"curies":[{"name":"wp","href":"https:\/\/api.w.org\/{rel}","templated":true}]}}