{"id":244538,"date":"2022-05-07T21:22:31","date_gmt":"2022-05-07T17:22:31","guid":{"rendered":"https:\/\/www.meydan.tv\/?p=244538"},"modified":"2022-05-07T21:22:33","modified_gmt":"2022-05-07T17:22:33","slug":"meyart-pantomim-aktyoru-xeyalim-esrin-carli-caplini-olmaqdir","status":"publish","type":"post","link":"https:\/\/www.meydan.tv\/az\/article\/meyart-pantomim-aktyoru-xeyalim-esrin-carli-caplini-olmaqdir\/","title":{"rendered":"MeyArt &#8211; Pantomim aktyoru: &#8220;X\u0259yal\u0131m \u0259srin \u00c7arli \u00c7aplini olmaqd\u0131r&#8221;"},"content":{"rendered":"\n<figure class=\"wp-block-embed is-type-video is-provider-youtube wp-block-embed-youtube wp-embed-aspect-16-9 wp-has-aspect-ratio\"><div class=\"wp-block-embed__wrapper\">\n<iframe title=\"MeyArt - Pantomim aktyoru: &quot;X\u0259yal\u0131m \u0259srin \u00c7arli \u00c7aplini olmaqd\u0131r&quot;\" width=\"1200\" height=\"675\" data-src=\"https:\/\/www.youtube.com\/embed\/eoMnOfwLUbs?feature=oembed\" frameborder=\"0\" allow=\"accelerometer; autoplay; clipboard-write; encrypted-media; gyroscope; picture-in-picture\" allowfullscreen src=\"data:image\/svg+xml;base64,PHN2ZyB3aWR0aD0iMSIgaGVpZ2h0PSIxIiB4bWxucz0iaHR0cDovL3d3dy53My5vcmcvMjAwMC9zdmciPjwvc3ZnPg==\" class=\"lazyload\" data-load-mode=\"1\"><\/iframe>\n<\/div><\/figure>\n\n\n\n<!--more-->\n\n\n\n<p>&#8211;&nbsp; D\u00fcnyan\u0131n bir \u00e7ox \u00f6lk\u0259sind\u0259 k\u00fc\u00e7\u0259 s\u0259n\u0259t\u00e7il\u0259ri performanslar\u0131yla \u015f\u0259h\u0259r sakinl\u0259rinin, turistl\u0259rin k\u00f6nl\u00fcn\u00fc ovsunlay\u0131r. Bak\u0131 k\u00fc\u00e7\u0259l\u0259rin\u0259 d\u0259 s\u0259n\u0259t yenid\u0259n qay\u0131d\u0131r. \u015e\u0259h\u0259rin m\u0259rk\u0259zind\u0259 pantomim g\u00f6st\u0259r\u0259n kim, tama\u015fa\u00e7\u0131lar\u0131 ba\u015f\u0131na y\u0131\u011f\u0131b heyk\u0259l t\u0259k dayanan kim. M\u00fcsahibimiz T\u00fcrkiy\u0259d\u0259n d\u00fcnya turuna \u00e7\u0131xan F\u0259rhat K\u0131l\u0131\u00e7d\u0131r. 27 ya\u015fl\u0131 F\u0259rhat ya\u015f\u0131 q\u0259d\u0259r \u00f6lk\u0259 g\u0259zib, d\u00fcnyan\u0131 s\u0259n\u0259tin\u0259 \u015fahid tutub.<\/p>\n\n\n\n<p>&#8211;&nbsp; \u015eu\u015fada Birinci Beyn\u0259lxalq Kulinariya Festival\u0131 ba\u015flay\u0131b.<\/p>\n\n\n\n<p>T\u0259dbird\u0259 Bel\u00e7ika, Birl\u0259\u015fmi\u015f \u018fr\u0259b \u018fmirlikl\u0259ri, Fransa, \u0130taliya, dig\u0259r \u00f6lk\u0259l\u0259rd\u0259n qida sah\u0259si \u00fczr\u0259 40 beyn\u0259lxalq ekspert, qida \u00fczr\u0259 bloqerl\u0259r d\u0259 t\u0259msil olunurlar.<\/p>\n\n\n\n<p>Festivalda bir \u00e7ox \u00f6lk\u0259d\u0259n olan kulinarlar qonaqlar\u0131 \u00f6lk\u0259l\u0259rinin t\u0259amlar\u0131 il\u0259 tan\u0131\u015f ed\u0259c\u0259kl\u0259r. Qonaqlar pe\u015f\u0259kar a\u015fpazlar\u0131n ustad d\u0259rsl\u0259rind\u0259 d\u0259 i\u015ftirak edib yem\u0259k haz\u0131rlama\u011f\u0131n inc\u0259likl\u0259rini \u00f6yr\u0259n\u0259 bil\u0259c\u0259kl\u0259r.<\/p>\n\n\n\n<p>Festival may\u0131n 8-d\u0259k davam ed\u0259c\u0259k.<\/p>\n\n\n\n<p>&#8211;&nbsp; Ankarada Az\u0259rbaycan\u0131n himninin m\u00fc\u0259llifi, maarif\u00e7i v\u0259 ictimai xadim olan \u018fhm\u0259d Cavad\u0131n heyk\u0259linin a\u00e7\u0131l\u0131\u015f\u0131 olub. 37-ci il repressiyas\u0131n\u0131n qurban\u0131 olan \u015fairin 130-cu ild\u00f6n\u00fcm\u00fcn\u0259 h\u0259sr olunmu\u015f an\u0131m m\u0259rasimi ke\u00e7irilib. \u018fhm\u0259d Cavad\u0131n n\u0259tic\u0259si Cavad Axunzad\u0259 \u015fairin Bak\u0131da ev muzeyinin olmamas\u0131n\u0131 zaman-zaman dil\u0259 g\u0259tirir. O deyir ki, \u018fhm\u0259d Cavad\u0131n \u0130stiqlaliyy\u0259t k\u00fc\u00e7\u0259sind\u0259 evi d\u0259 olub. \u00dcmid edir ki, \u015fairin 130 illiyind\u0259 Bak\u0131da heyk\u0259lini d\u0259 g\u00f6r\u0259 bil\u0259c\u0259yik.<\/p>\n\n\n\n<p>&#8211;&nbsp; Deputat Q\u0259nir\u0259 Pa\u015fayeva Balet artistl\u0259rinin pensiya ya\u015f\u0131n\u0131n azald\u0131lmas\u0131n\u0131 t\u0259klif edib. Qanun layih\u0259si il\u0259 ba\u011fl\u0131 Fikr\u0259t \u018fmirov ad\u0131na Az\u0259rbaycan D\u00f6vl\u0259t Mahn\u0131 v\u0259 R\u0259qs Ansambl\u0131, Opera v\u0259 Balet Teatr\u0131n\u0131n t\u0259klifl\u0259rini s\u0259sl\u0259ndirib. Mill\u0259t v\u0259kili bildirib ki, artistl\u0259r 15-20 il pensiya \u00fc\u00e7\u00fcn g\u00f6zl\u0259m\u0259li olur v\u0259 bu m\u00fcdd\u0259td\u0259 i\u015fsiz qal\u0131rlar.&nbsp; Onlar g\u00fcz\u0259\u015ftli \u015f\u0259rtl\u0259rl\u0259 \u0259m\u0259k pensiyas\u0131 alanlar s\u0131ras\u0131na balet artistl\u0259rinin istisna hal kimi daxil edilm\u0259sini ist\u0259yirl\u0259r.&nbsp;<\/p>\n\n\n\n<p>&#8211;&nbsp; Hollivud ulduzu, Birl\u0259\u015fmi\u015f Mill\u0259tl\u0259r T\u0259\u015fkilat\u0131n\u0131n xo\u015fm\u0259raml\u0131 s\u0259firi Ancelina Coli Ukraynaya g\u00f6zl\u0259nilm\u0259z s\u0259f\u0259r edib. Lvov \u015f\u0259h\u0259rind\u0259 olan aktrisa m\u00fcharib\u0259d\u0259n z\u0259r\u0259r g\u00f6rm\u00fc\u015f yaral\u0131 v\u0259 kims\u0259siz u\u015faqlara ba\u015f \u00e7\u0259kib. O, h\u0259m\u00e7inin \u0131 t\u0259xliy\u0259 edil\u0259nl\u0259r\u0259 tibbi v\u0259 psixoloji yard\u0131m g\u00f6st\u0259r\u0259n k\u00f6n\u00fcll\u00fcl\u0259rl\u0259 d\u0259 g\u00f6r\u00fc\u015f\u00fcb. Aktrisa deyib ki, Ukraynada m\u00fcharib\u0259ni sonland\u0131rmaq m\u00fccadil\u0259si h\u0259r g\u00fcn \u00f6ld\u00fcr\u00fcl\u0259n, yaralanan v\u0259 sars\u0131lm\u0131\u015f insanlar\u0131n say\u0131n\u0131 m\u0259hdudla\u015fd\u0131rmaq \u00fc\u00e7\u00fcn&nbsp; yar\u0131\u015fd\u0131r.<\/p>\n","protected":false},"excerpt":{"rendered":"","protected":false},"author":14,"featured_media":244539,"comment_status":"closed","ping_status":"closed","sticky":false,"template":"","format":"standard","meta":{"_acf_changed":false,"_sitemap_exclude":false,"_sitemap_priority":"","_sitemap_frequency":"","footnotes":""},"categories":[61,63],"tags":[],"class_list":["post-244538","post","type-post","status-publish","format-standard","has-post-thumbnail","hentry","category-reportaj","category-video-2","infinite-scroll-item","generate-columns","tablet-grid-50","mobile-grid-100","grid-parent","grid-33","no-featured-image-padding"],"acf":[],"yoast_head":"<!-- This site is optimized with the Yoast SEO plugin v27.4 - https:\/\/yoast.com\/product\/yoast-seo-wordpress\/ -->\n<title>MeyArt - Pantomim aktyoru: &quot;X\u0259yal\u0131m \u0259srin \u00c7arli \u00c7aplini olmaqd\u0131r&quot; - MEYDAN.TV<\/title>\n<meta name=\"robots\" content=\"index, follow, max-snippet:-1, max-image-preview:large, max-video-preview:-1\" \/>\n<link rel=\"canonical\" href=\"https:\/\/www.meydan.tv\/az\/article\/meyart-pantomim-aktyoru-xeyalim-esrin-carli-caplini-olmaqdir\/\" \/>\n<meta property=\"og:locale\" content=\"az_AZ\" \/>\n<meta property=\"og:type\" content=\"article\" \/>\n<meta property=\"og:title\" content=\"MeyArt - Pantomim aktyoru: &quot;X\u0259yal\u0131m \u0259srin \u00c7arli \u00c7aplini olmaqd\u0131r&quot; - MEYDAN.TV\" \/>\n<meta property=\"og:url\" content=\"https:\/\/www.meydan.tv\/az\/article\/meyart-pantomim-aktyoru-xeyalim-esrin-carli-caplini-olmaqdir\/\" \/>\n<meta property=\"og:site_name\" content=\"MEYDAN.TV\" \/>\n<meta property=\"article:published_time\" content=\"2022-05-07T17:22:31+00:00\" \/>\n<meta property=\"article:modified_time\" content=\"2022-05-07T17:22:33+00:00\" \/>\n<meta property=\"og:image\" content=\"https:\/\/www.meydan.tv\/wp-content\/uploads\/screenshot-at-may-07-17-18-15-768x426.png\" \/>\n\t<meta property=\"og:image:width\" content=\"768\" \/>\n\t<meta property=\"og:image:height\" content=\"426\" \/>\n\t<meta property=\"og:image:type\" content=\"image\/png\" \/>\n<meta name=\"author\" content=\"roma\" \/>\n<meta name=\"twitter:card\" content=\"summary_large_image\" \/>\n<script type=\"application\/ld+json\" class=\"yoast-schema-graph\">{\"@context\":\"https:\\\/\\\/schema.org\",\"@graph\":[{\"@type\":\"Article\",\"@id\":\"https:\\\/\\\/www.meydan.tv\\\/az\\\/article\\\/meyart-pantomim-aktyoru-xeyalim-esrin-carli-caplini-olmaqdir\\\/#article\",\"isPartOf\":{\"@id\":\"https:\\\/\\\/www.meydan.tv\\\/az\\\/article\\\/meyart-pantomim-aktyoru-xeyalim-esrin-carli-caplini-olmaqdir\\\/\"},\"author\":{\"name\":\"roma\",\"@id\":\"https:\\\/\\\/www.meydan.tv\\\/az\\\/#\\\/schema\\\/person\\\/8f23e01c4de63326c13c319fb65ee65d\"},\"headline\":\"MeyArt &#8211; Pantomim aktyoru: &#8220;X\u0259yal\u0131m \u0259srin \u00c7arli \u00c7aplini olmaqd\u0131r&#8221;\",\"datePublished\":\"2022-05-07T17:22:31+00:00\",\"dateModified\":\"2022-05-07T17:22:33+00:00\",\"mainEntityOfPage\":{\"@id\":\"https:\\\/\\\/www.meydan.tv\\\/az\\\/article\\\/meyart-pantomim-aktyoru-xeyalim-esrin-carli-caplini-olmaqdir\\\/\"},\"wordCount\":533,\"publisher\":{\"@id\":\"https:\\\/\\\/www.meydan.tv\\\/az\\\/#organization\"},\"image\":{\"@id\":\"https:\\\/\\\/www.meydan.tv\\\/az\\\/article\\\/meyart-pantomim-aktyoru-xeyalim-esrin-carli-caplini-olmaqdir\\\/#primaryimage\"},\"thumbnailUrl\":\"https:\\\/\\\/www.meydan.tv\\\/wp-content\\\/uploads\\\/screenshot-at-may-07-17-18-15.png\",\"articleSection\":[\"Reportaj\",\"Video\"],\"inLanguage\":\"az\"},{\"@type\":\"WebPage\",\"@id\":\"https:\\\/\\\/www.meydan.tv\\\/az\\\/article\\\/meyart-pantomim-aktyoru-xeyalim-esrin-carli-caplini-olmaqdir\\\/\",\"url\":\"https:\\\/\\\/www.meydan.tv\\\/az\\\/article\\\/meyart-pantomim-aktyoru-xeyalim-esrin-carli-caplini-olmaqdir\\\/\",\"name\":\"MeyArt - Pantomim aktyoru: \\\"X\u0259yal\u0131m \u0259srin \u00c7arli \u00c7aplini olmaqd\u0131r\\\" - MEYDAN.TV\",\"isPartOf\":{\"@id\":\"https:\\\/\\\/www.meydan.tv\\\/az\\\/#website\"},\"primaryImageOfPage\":{\"@id\":\"https:\\\/\\\/www.meydan.tv\\\/az\\\/article\\\/meyart-pantomim-aktyoru-xeyalim-esrin-carli-caplini-olmaqdir\\\/#primaryimage\"},\"image\":{\"@id\":\"https:\\\/\\\/www.meydan.tv\\\/az\\\/article\\\/meyart-pantomim-aktyoru-xeyalim-esrin-carli-caplini-olmaqdir\\\/#primaryimage\"},\"thumbnailUrl\":\"https:\\\/\\\/www.meydan.tv\\\/wp-content\\\/uploads\\\/screenshot-at-may-07-17-18-15.png\",\"datePublished\":\"2022-05-07T17:22:31+00:00\",\"dateModified\":\"2022-05-07T17:22:33+00:00\",\"breadcrumb\":{\"@id\":\"https:\\\/\\\/www.meydan.tv\\\/az\\\/article\\\/meyart-pantomim-aktyoru-xeyalim-esrin-carli-caplini-olmaqdir\\\/#breadcrumb\"},\"inLanguage\":\"az\",\"potentialAction\":[{\"@type\":\"ReadAction\",\"target\":[\"https:\\\/\\\/www.meydan.tv\\\/az\\\/article\\\/meyart-pantomim-aktyoru-xeyalim-esrin-carli-caplini-olmaqdir\\\/\"]}]},{\"@type\":\"ImageObject\",\"inLanguage\":\"az\",\"@id\":\"https:\\\/\\\/www.meydan.tv\\\/az\\\/article\\\/meyart-pantomim-aktyoru-xeyalim-esrin-carli-caplini-olmaqdir\\\/#primaryimage\",\"url\":\"https:\\\/\\\/www.meydan.tv\\\/wp-content\\\/uploads\\\/screenshot-at-may-07-17-18-15.png\",\"contentUrl\":\"https:\\\/\\\/www.meydan.tv\\\/wp-content\\\/uploads\\\/screenshot-at-may-07-17-18-15.png\",\"width\":1000,\"height\":555},{\"@type\":\"BreadcrumbList\",\"@id\":\"https:\\\/\\\/www.meydan.tv\\\/az\\\/article\\\/meyart-pantomim-aktyoru-xeyalim-esrin-carli-caplini-olmaqdir\\\/#breadcrumb\",\"itemListElement\":[{\"@type\":\"ListItem\",\"position\":1,\"name\":\"Ana s\u0259hif\u0259\",\"item\":\"https:\\\/\\\/www.meydan.tv\\\/az\\\/\"},{\"@type\":\"ListItem\",\"position\":2,\"name\":\"Video\",\"item\":\"https:\\\/\\\/www.meydan.tv\\\/az\\\/section\\\/video-2\\\/\"},{\"@type\":\"ListItem\",\"position\":3,\"name\":\"MeyArt &#8211; Pantomim aktyoru: &#8220;X\u0259yal\u0131m \u0259srin \u00c7arli \u00c7aplini olmaqd\u0131r&#8221;\"}]},{\"@type\":\"WebSite\",\"@id\":\"https:\\\/\\\/www.meydan.tv\\\/az\\\/#website\",\"url\":\"https:\\\/\\\/www.meydan.tv\\\/az\\\/\",\"name\":\"MEYDAN.TV\",\"description\":\"Meydan TV Az\u0259rbaycan\u0131n media m\u0259kan\u0131ndak\u0131 alternativ s\u0259sidir\",\"publisher\":{\"@id\":\"https:\\\/\\\/www.meydan.tv\\\/az\\\/#organization\"},\"potentialAction\":[{\"@type\":\"SearchAction\",\"target\":{\"@type\":\"EntryPoint\",\"urlTemplate\":\"https:\\\/\\\/www.meydan.tv\\\/az\\\/?s={search_term_string}\"},\"query-input\":{\"@type\":\"PropertyValueSpecification\",\"valueRequired\":true,\"valueName\":\"search_term_string\"}}],\"inLanguage\":\"az\"},{\"@type\":\"Organization\",\"@id\":\"https:\\\/\\\/www.meydan.tv\\\/az\\\/#organization\",\"name\":\"Meydan TV\",\"url\":\"https:\\\/\\\/www.meydan.tv\\\/az\\\/\",\"logo\":{\"@type\":\"ImageObject\",\"inLanguage\":\"az\",\"@id\":\"https:\\\/\\\/www.meydan.tv\\\/az\\\/#\\\/schema\\\/logo\\\/image\\\/\",\"url\":\"https:\\\/\\\/www.meydan.tv\\\/wp-content\\\/uploads\\\/2021\\\/07\\\/meydan-logo.svg\",\"contentUrl\":\"https:\\\/\\\/www.meydan.tv\\\/wp-content\\\/uploads\\\/2021\\\/07\\\/meydan-logo.svg\",\"width\":195,\"height\":46,\"caption\":\"Meydan TV\"},\"image\":{\"@id\":\"https:\\\/\\\/www.meydan.tv\\\/az\\\/#\\\/schema\\\/logo\\\/image\\\/\"}},{\"@type\":\"Person\",\"@id\":\"https:\\\/\\\/www.meydan.tv\\\/az\\\/#\\\/schema\\\/person\\\/8f23e01c4de63326c13c319fb65ee65d\",\"name\":\"roma\"}]}<\/script>\n<!-- \/ Yoast SEO plugin. -->","yoast_head_json":{"title":"MeyArt - Pantomim aktyoru: \"X\u0259yal\u0131m \u0259srin \u00c7arli \u00c7aplini olmaqd\u0131r\" - MEYDAN.TV","robots":{"index":"index","follow":"follow","max-snippet":"max-snippet:-1","max-image-preview":"max-image-preview:large","max-video-preview":"max-video-preview:-1"},"canonical":"https:\/\/www.meydan.tv\/az\/article\/meyart-pantomim-aktyoru-xeyalim-esrin-carli-caplini-olmaqdir\/","og_locale":"az_AZ","og_type":"article","og_title":"MeyArt - Pantomim aktyoru: \"X\u0259yal\u0131m \u0259srin \u00c7arli \u00c7aplini olmaqd\u0131r\" - MEYDAN.TV","og_url":"https:\/\/www.meydan.tv\/az\/article\/meyart-pantomim-aktyoru-xeyalim-esrin-carli-caplini-olmaqdir\/","og_site_name":"MEYDAN.TV","article_published_time":"2022-05-07T17:22:31+00:00","article_modified_time":"2022-05-07T17:22:33+00:00","og_image":[{"width":768,"height":426,"url":"https:\/\/www.meydan.tv\/wp-content\/uploads\/screenshot-at-may-07-17-18-15-768x426.png","type":"image\/png"}],"author":"roma","twitter_card":"summary_large_image","schema":{"@context":"https:\/\/schema.org","@graph":[{"@type":"Article","@id":"https:\/\/www.meydan.tv\/az\/article\/meyart-pantomim-aktyoru-xeyalim-esrin-carli-caplini-olmaqdir\/#article","isPartOf":{"@id":"https:\/\/www.meydan.tv\/az\/article\/meyart-pantomim-aktyoru-xeyalim-esrin-carli-caplini-olmaqdir\/"},"author":{"name":"roma","@id":"https:\/\/www.meydan.tv\/az\/#\/schema\/person\/8f23e01c4de63326c13c319fb65ee65d"},"headline":"MeyArt &#8211; Pantomim aktyoru: &#8220;X\u0259yal\u0131m \u0259srin \u00c7arli \u00c7aplini olmaqd\u0131r&#8221;","datePublished":"2022-05-07T17:22:31+00:00","dateModified":"2022-05-07T17:22:33+00:00","mainEntityOfPage":{"@id":"https:\/\/www.meydan.tv\/az\/article\/meyart-pantomim-aktyoru-xeyalim-esrin-carli-caplini-olmaqdir\/"},"wordCount":533,"publisher":{"@id":"https:\/\/www.meydan.tv\/az\/#organization"},"image":{"@id":"https:\/\/www.meydan.tv\/az\/article\/meyart-pantomim-aktyoru-xeyalim-esrin-carli-caplini-olmaqdir\/#primaryimage"},"thumbnailUrl":"https:\/\/www.meydan.tv\/wp-content\/uploads\/screenshot-at-may-07-17-18-15.png","articleSection":["Reportaj","Video"],"inLanguage":"az"},{"@type":"WebPage","@id":"https:\/\/www.meydan.tv\/az\/article\/meyart-pantomim-aktyoru-xeyalim-esrin-carli-caplini-olmaqdir\/","url":"https:\/\/www.meydan.tv\/az\/article\/meyart-pantomim-aktyoru-xeyalim-esrin-carli-caplini-olmaqdir\/","name":"MeyArt - Pantomim aktyoru: \"X\u0259yal\u0131m \u0259srin \u00c7arli \u00c7aplini olmaqd\u0131r\" - MEYDAN.TV","isPartOf":{"@id":"https:\/\/www.meydan.tv\/az\/#website"},"primaryImageOfPage":{"@id":"https:\/\/www.meydan.tv\/az\/article\/meyart-pantomim-aktyoru-xeyalim-esrin-carli-caplini-olmaqdir\/#primaryimage"},"image":{"@id":"https:\/\/www.meydan.tv\/az\/article\/meyart-pantomim-aktyoru-xeyalim-esrin-carli-caplini-olmaqdir\/#primaryimage"},"thumbnailUrl":"https:\/\/www.meydan.tv\/wp-content\/uploads\/screenshot-at-may-07-17-18-15.png","datePublished":"2022-05-07T17:22:31+00:00","dateModified":"2022-05-07T17:22:33+00:00","breadcrumb":{"@id":"https:\/\/www.meydan.tv\/az\/article\/meyart-pantomim-aktyoru-xeyalim-esrin-carli-caplini-olmaqdir\/#breadcrumb"},"inLanguage":"az","potentialAction":[{"@type":"ReadAction","target":["https:\/\/www.meydan.tv\/az\/article\/meyart-pantomim-aktyoru-xeyalim-esrin-carli-caplini-olmaqdir\/"]}]},{"@type":"ImageObject","inLanguage":"az","@id":"https:\/\/www.meydan.tv\/az\/article\/meyart-pantomim-aktyoru-xeyalim-esrin-carli-caplini-olmaqdir\/#primaryimage","url":"https:\/\/www.meydan.tv\/wp-content\/uploads\/screenshot-at-may-07-17-18-15.png","contentUrl":"https:\/\/www.meydan.tv\/wp-content\/uploads\/screenshot-at-may-07-17-18-15.png","width":1000,"height":555},{"@type":"BreadcrumbList","@id":"https:\/\/www.meydan.tv\/az\/article\/meyart-pantomim-aktyoru-xeyalim-esrin-carli-caplini-olmaqdir\/#breadcrumb","itemListElement":[{"@type":"ListItem","position":1,"name":"Ana s\u0259hif\u0259","item":"https:\/\/www.meydan.tv\/az\/"},{"@type":"ListItem","position":2,"name":"Video","item":"https:\/\/www.meydan.tv\/az\/section\/video-2\/"},{"@type":"ListItem","position":3,"name":"MeyArt &#8211; Pantomim aktyoru: &#8220;X\u0259yal\u0131m \u0259srin \u00c7arli \u00c7aplini olmaqd\u0131r&#8221;"}]},{"@type":"WebSite","@id":"https:\/\/www.meydan.tv\/az\/#website","url":"https:\/\/www.meydan.tv\/az\/","name":"MEYDAN.TV","description":"Meydan TV Az\u0259rbaycan\u0131n media m\u0259kan\u0131ndak\u0131 alternativ s\u0259sidir","publisher":{"@id":"https:\/\/www.meydan.tv\/az\/#organization"},"potentialAction":[{"@type":"SearchAction","target":{"@type":"EntryPoint","urlTemplate":"https:\/\/www.meydan.tv\/az\/?s={search_term_string}"},"query-input":{"@type":"PropertyValueSpecification","valueRequired":true,"valueName":"search_term_string"}}],"inLanguage":"az"},{"@type":"Organization","@id":"https:\/\/www.meydan.tv\/az\/#organization","name":"Meydan TV","url":"https:\/\/www.meydan.tv\/az\/","logo":{"@type":"ImageObject","inLanguage":"az","@id":"https:\/\/www.meydan.tv\/az\/#\/schema\/logo\/image\/","url":"https:\/\/www.meydan.tv\/wp-content\/uploads\/2021\/07\/meydan-logo.svg","contentUrl":"https:\/\/www.meydan.tv\/wp-content\/uploads\/2021\/07\/meydan-logo.svg","width":195,"height":46,"caption":"Meydan TV"},"image":{"@id":"https:\/\/www.meydan.tv\/az\/#\/schema\/logo\/image\/"}},{"@type":"Person","@id":"https:\/\/www.meydan.tv\/az\/#\/schema\/person\/8f23e01c4de63326c13c319fb65ee65d","name":"roma"}]}},"_links":{"self":[{"href":"https:\/\/www.meydan.tv\/az\/wp-json\/wp\/v2\/posts\/244538","targetHints":{"allow":["GET"]}}],"collection":[{"href":"https:\/\/www.meydan.tv\/az\/wp-json\/wp\/v2\/posts"}],"about":[{"href":"https:\/\/www.meydan.tv\/az\/wp-json\/wp\/v2\/types\/post"}],"author":[{"embeddable":true,"href":"https:\/\/www.meydan.tv\/az\/wp-json\/wp\/v2\/users\/14"}],"replies":[{"embeddable":true,"href":"https:\/\/www.meydan.tv\/az\/wp-json\/wp\/v2\/comments?post=244538"}],"version-history":[{"count":1,"href":"https:\/\/www.meydan.tv\/az\/wp-json\/wp\/v2\/posts\/244538\/revisions"}],"predecessor-version":[{"id":244542,"href":"https:\/\/www.meydan.tv\/az\/wp-json\/wp\/v2\/posts\/244538\/revisions\/244542"}],"wp:featuredmedia":[{"embeddable":true,"href":"https:\/\/www.meydan.tv\/az\/wp-json\/wp\/v2\/media\/244539"}],"wp:attachment":[{"href":"https:\/\/www.meydan.tv\/az\/wp-json\/wp\/v2\/media?parent=244538"}],"wp:term":[{"taxonomy":"category","embeddable":true,"href":"https:\/\/www.meydan.tv\/az\/wp-json\/wp\/v2\/categories?post=244538"},{"taxonomy":"post_tag","embeddable":true,"href":"https:\/\/www.meydan.tv\/az\/wp-json\/wp\/v2\/tags?post=244538"}],"curies":[{"name":"wp","href":"https:\/\/api.w.org\/{rel}","templated":true}]}}