{"id":244508,"date":"2022-05-06T18:09:42","date_gmt":"2022-05-06T14:09:42","guid":{"rendered":"https:\/\/www.meydan.tv\/?p=244508"},"modified":"2022-05-06T18:11:11","modified_gmt":"2022-05-06T14:11:11","slug":"araz-supermarkete-1-milyon-dollardan-cox-maliyye-sanksiyasi-tetbiq-edilib","status":"publish","type":"post","link":"https:\/\/www.meydan.tv\/az\/article\/araz-supermarkete-1-milyon-dollardan-cox-maliyye-sanksiyasi-tetbiq-edilib\/","title":{"rendered":"\u201cAraz Supermarket\u201d\u0259 1 milyon dollardan \u00e7ox maliyy\u0259 sanksiyas\u0131 t\u0259tbiq edilib"},"content":{"rendered":"\n<p><\/p>\n\n\n\n<p><em>Market bu q\u0259rarla ba\u011fl\u0131 yaz\u0131l\u0131 cavab haz\u0131rlay\u0131r<\/em><br><\/p>\n\n\n\n<p>\u201cAraz Supermarket\u201d MMC-y\u0259 haqs\u0131z r\u0259qab\u0259t\u0259 g\u00f6r\u0259 2 milyon 484,6 min manat (1 milyon 461 min AB\u015e dollar\u0131) m\u0259bl\u0259\u011find\u0259 maliyy\u0259 sanksiyas\u0131 t\u0259tbiq edilib, h\u0259m\u00e7inin f\u0259aliyy\u0259tind\u0259 haqs\u0131z v\u0259 qeyri-d\u0259qiq reklam \u00fcsullar\u0131ndan istifad\u0259 etm\u0259m\u0259k tap\u015f\u0131r\u0131l\u0131b.<\/p>\n\n\n\n<p>\u0130qtisadiyyat Nazirliyi yan\u0131nda Antiinhisar v\u0259 \u0130stehlak Bazar\u0131na N\u0259zar\u0259t D\u00f6vl\u0259t Xidm\u0259ti t\u0259r\u0259find\u0259n apar\u0131lan ara\u015fd\u0131rmalar n\u0259tic\u0259sind\u0259 \u201cAraz Supermarket\u201d MMC-nin bar\u0259sind\u0259 q\u0259rar q\u0259bul edilib. Bu bar\u0259d\u0259 Meydan TV quruma istinad\u0259n m\u0259lumat yay\u0131b.<\/p>\n\n\n\n<p>\u201cYeni il \u0259r\u0259f\u0259sind\u0259 \u201cAraz\u201d supermarketl\u0259r \u015f\u0259b\u0259k\u0259si \u0259n ucuz ma\u011fazalar \u015f\u0259b\u0259k\u0259si se\u00e7ilib\u201d ba\u015fl\u0131ql\u0131 elanda mallar\u0131n qiym\u0259tl\u0259ri, al\u0131\u015f v\u0259 \u00f6d\u0259ni\u015f \u015f\u0259rtl\u0259ri il\u0259 ba\u011fl\u0131 qeyri-d\u0259qiq m\u0259lumatlar yer al\u0131b. Eyni zamanda, h\u0259min reklamda dig\u0259r bazar i\u015ftirak\u00e7\u0131lar\u0131 il\u0259 \u0259sass\u0131z qiym\u0259t m\u00fcqayis\u0259si apar\u0131laraq haqs\u0131z v\u0259 qeyri-d\u0259qiq reklama yol verilib. Bununla yana\u015f\u0131 reklam m\u0259lumat\u0131nda dig\u0259r bazar subyektl\u0259rinin i\u015fg\u00fczar n\u00fcfuzu v\u0259 maliyy\u0259 v\u0259ziyy\u0259ti haqq\u0131nda yalan v\u0259 t\u0259hrif olunmu\u015f m\u0259lumatlar\u0131n oldu\u011fu da a\u015fkar edilib. \u201cAraz Supermarket\u201d MMC-d\u0259n Turan-a bildiribl\u0259r ki, Antiinhisar Xidm\u0259tinin bu q\u0259rar\u0131na yaz\u0131l\u0131 cavab haz\u0131rlan\u0131r.<\/p>\n\n\n\n<p>\u201cAraz Supermarket\u201d MMC 2011-ci ild\u0259 &#8220;Veys\u0259lo\u011flu&#8221; distrib\u00fctor \u015firk\u0259tinin t\u0259sis\u00e7il\u0259ri Ayd\u0131n Veys\u0259lo\u011flu, \u0130lqar Tal\u0131bov v\u0259 &#8220;Veys\u0259lo\u011flu&#8221;nun ba\u015f direktoru B\u0259xtiyar Allahverdi t\u0259r\u0259find\u0259n t\u0259sis edilib. \u015eirk\u0259tin \u00f6lk\u0259 \u00fczr\u0259 300-\u0259 yax\u0131n marketi, logistika m\u0259rk\u0259zi v\u0259 6 mind\u0259n \u00e7ox i\u015f\u00e7isi var.<\/p>\n","protected":false},"excerpt":{"rendered":"<p>Market bu q\u0259rarla ba\u011fl\u0131 yaz\u0131l\u0131 cavab haz\u0131rlay\u0131r \u201cAraz Supermarket\u201d MMC-y\u0259 &#8230; <\/p>\n<p class=\"read-more-container\"><a title=\"\u201cAraz Supermarket\u201d\u0259 1 milyon dollardan \u00e7ox maliyy\u0259 sanksiyas\u0131 t\u0259tbiq edilib\" class=\"read-more button\" href=\"https:\/\/www.meydan.tv\/az\/article\/araz-supermarkete-1-milyon-dollardan-cox-maliyye-sanksiyasi-tetbiq-edilib\/#more-244508\" aria-label=\"Read more about \u201cAraz Supermarket\u201d\u0259 1 milyon dollardan \u00e7ox maliyy\u0259 sanksiyas\u0131 t\u0259tbiq edilib\">Davam\u0131<\/a><\/p>\n","protected":false},"author":8,"featured_media":244509,"comment_status":"closed","ping_status":"closed","sticky":false,"template":"","format":"standard","meta":{"_acf_changed":false,"_sitemap_exclude":false,"_sitemap_priority":"","_sitemap_frequency":"","footnotes":""},"categories":[62,79,56],"tags":[],"class_list":["post-244508","post","type-post","status-publish","format-standard","has-post-thumbnail","hentry","category-sosial","category-featured","category-xeberler","infinite-scroll-item","generate-columns","tablet-grid-50","mobile-grid-100","grid-parent","grid-33","no-featured-image-padding"],"acf":[],"yoast_head":"<!-- This site is optimized with the Yoast SEO plugin v27.4 - https:\/\/yoast.com\/product\/yoast-seo-wordpress\/ -->\n<title>\u201cAraz Supermarket\u201d\u0259 1 milyon dollardan \u00e7ox maliyy\u0259 sanksiyas\u0131 t\u0259tbiq edilib - MEYDAN.TV<\/title>\n<meta name=\"robots\" content=\"index, follow, max-snippet:-1, max-image-preview:large, max-video-preview:-1\" \/>\n<link rel=\"canonical\" href=\"https:\/\/www.meydan.tv\/az\/article\/araz-supermarkete-1-milyon-dollardan-cox-maliyye-sanksiyasi-tetbiq-edilib\/\" \/>\n<meta property=\"og:locale\" content=\"az_AZ\" \/>\n<meta property=\"og:type\" content=\"article\" \/>\n<meta property=\"og:title\" content=\"\u201cAraz Supermarket\u201d\u0259 1 milyon dollardan \u00e7ox maliyy\u0259 sanksiyas\u0131 t\u0259tbiq edilib - MEYDAN.TV\" \/>\n<meta property=\"og:description\" content=\"Market bu q\u0259rarla ba\u011fl\u0131 yaz\u0131l\u0131 cavab haz\u0131rlay\u0131r \u201cAraz Supermarket\u201d MMC-y\u0259 ... Davam\u0131\" \/>\n<meta property=\"og:url\" content=\"https:\/\/www.meydan.tv\/az\/article\/araz-supermarkete-1-milyon-dollardan-cox-maliyye-sanksiyasi-tetbiq-edilib\/\" \/>\n<meta property=\"og:site_name\" content=\"MEYDAN.TV\" \/>\n<meta property=\"article:published_time\" content=\"2022-05-06T14:09:42+00:00\" \/>\n<meta property=\"article:modified_time\" content=\"2022-05-06T14:11:11+00:00\" \/>\n<meta property=\"og:image\" content=\"https:\/\/www.meydan.tv\/wp-content\/uploads\/img_9082.jpg\" \/>\n\t<meta property=\"og:image:width\" content=\"1200\" \/>\n\t<meta property=\"og:image:height\" content=\"800\" \/>\n\t<meta property=\"og:image:type\" content=\"image\/jpeg\" \/>\n<meta name=\"author\" content=\"elli\" \/>\n<meta name=\"twitter:card\" content=\"summary_large_image\" \/>\n<meta name=\"twitter:creator\" content=\"@elli\" \/>\n<script type=\"application\/ld+json\" class=\"yoast-schema-graph\">{\"@context\":\"https:\\\/\\\/schema.org\",\"@graph\":[{\"@type\":\"Article\",\"@id\":\"https:\\\/\\\/www.meydan.tv\\\/az\\\/article\\\/araz-supermarkete-1-milyon-dollardan-cox-maliyye-sanksiyasi-tetbiq-edilib\\\/#article\",\"isPartOf\":{\"@id\":\"https:\\\/\\\/www.meydan.tv\\\/az\\\/article\\\/araz-supermarkete-1-milyon-dollardan-cox-maliyye-sanksiyasi-tetbiq-edilib\\\/\"},\"author\":{\"name\":\"elli\",\"@id\":\"https:\\\/\\\/www.meydan.tv\\\/az\\\/#\\\/schema\\\/person\\\/9cdbecf90d17180ce1dfbd95b08dcf47\"},\"headline\":\"\u201cAraz Supermarket\u201d\u0259 1 milyon dollardan \u00e7ox maliyy\u0259 sanksiyas\u0131 t\u0259tbiq edilib\",\"datePublished\":\"2022-05-06T14:09:42+00:00\",\"dateModified\":\"2022-05-06T14:11:11+00:00\",\"mainEntityOfPage\":{\"@id\":\"https:\\\/\\\/www.meydan.tv\\\/az\\\/article\\\/araz-supermarkete-1-milyon-dollardan-cox-maliyye-sanksiyasi-tetbiq-edilib\\\/\"},\"wordCount\":312,\"publisher\":{\"@id\":\"https:\\\/\\\/www.meydan.tv\\\/az\\\/#organization\"},\"image\":{\"@id\":\"https:\\\/\\\/www.meydan.tv\\\/az\\\/article\\\/araz-supermarkete-1-milyon-dollardan-cox-maliyye-sanksiyasi-tetbiq-edilib\\\/#primaryimage\"},\"thumbnailUrl\":\"https:\\\/\\\/www.meydan.tv\\\/wp-content\\\/uploads\\\/img_9082.jpg\",\"articleSection\":[\"Sosial\",\"T\u00f6vsiy\u0259\",\"X\u0259b\u0259rl\u0259r\"],\"inLanguage\":\"az\"},{\"@type\":\"WebPage\",\"@id\":\"https:\\\/\\\/www.meydan.tv\\\/az\\\/article\\\/araz-supermarkete-1-milyon-dollardan-cox-maliyye-sanksiyasi-tetbiq-edilib\\\/\",\"url\":\"https:\\\/\\\/www.meydan.tv\\\/az\\\/article\\\/araz-supermarkete-1-milyon-dollardan-cox-maliyye-sanksiyasi-tetbiq-edilib\\\/\",\"name\":\"\u201cAraz Supermarket\u201d\u0259 1 milyon dollardan \u00e7ox maliyy\u0259 sanksiyas\u0131 t\u0259tbiq edilib - MEYDAN.TV\",\"isPartOf\":{\"@id\":\"https:\\\/\\\/www.meydan.tv\\\/az\\\/#website\"},\"primaryImageOfPage\":{\"@id\":\"https:\\\/\\\/www.meydan.tv\\\/az\\\/article\\\/araz-supermarkete-1-milyon-dollardan-cox-maliyye-sanksiyasi-tetbiq-edilib\\\/#primaryimage\"},\"image\":{\"@id\":\"https:\\\/\\\/www.meydan.tv\\\/az\\\/article\\\/araz-supermarkete-1-milyon-dollardan-cox-maliyye-sanksiyasi-tetbiq-edilib\\\/#primaryimage\"},\"thumbnailUrl\":\"https:\\\/\\\/www.meydan.tv\\\/wp-content\\\/uploads\\\/img_9082.jpg\",\"datePublished\":\"2022-05-06T14:09:42+00:00\",\"dateModified\":\"2022-05-06T14:11:11+00:00\",\"breadcrumb\":{\"@id\":\"https:\\\/\\\/www.meydan.tv\\\/az\\\/article\\\/araz-supermarkete-1-milyon-dollardan-cox-maliyye-sanksiyasi-tetbiq-edilib\\\/#breadcrumb\"},\"inLanguage\":\"az\",\"potentialAction\":[{\"@type\":\"ReadAction\",\"target\":[\"https:\\\/\\\/www.meydan.tv\\\/az\\\/article\\\/araz-supermarkete-1-milyon-dollardan-cox-maliyye-sanksiyasi-tetbiq-edilib\\\/\"]}]},{\"@type\":\"ImageObject\",\"inLanguage\":\"az\",\"@id\":\"https:\\\/\\\/www.meydan.tv\\\/az\\\/article\\\/araz-supermarkete-1-milyon-dollardan-cox-maliyye-sanksiyasi-tetbiq-edilib\\\/#primaryimage\",\"url\":\"https:\\\/\\\/www.meydan.tv\\\/wp-content\\\/uploads\\\/img_9082.jpg\",\"contentUrl\":\"https:\\\/\\\/www.meydan.tv\\\/wp-content\\\/uploads\\\/img_9082.jpg\",\"width\":1200,\"height\":800,\"caption\":\"Foto: \\\"arazmarket.az\\\/\\\"\"},{\"@type\":\"BreadcrumbList\",\"@id\":\"https:\\\/\\\/www.meydan.tv\\\/az\\\/article\\\/araz-supermarkete-1-milyon-dollardan-cox-maliyye-sanksiyasi-tetbiq-edilib\\\/#breadcrumb\",\"itemListElement\":[{\"@type\":\"ListItem\",\"position\":1,\"name\":\"Ana s\u0259hif\u0259\",\"item\":\"https:\\\/\\\/www.meydan.tv\\\/az\\\/\"},{\"@type\":\"ListItem\",\"position\":2,\"name\":\"Sosial\",\"item\":\"https:\\\/\\\/www.meydan.tv\\\/az\\\/section\\\/sosial\\\/\"},{\"@type\":\"ListItem\",\"position\":3,\"name\":\"\u201cAraz Supermarket\u201d\u0259 1 milyon dollardan \u00e7ox maliyy\u0259 sanksiyas\u0131 t\u0259tbiq edilib\"}]},{\"@type\":\"WebSite\",\"@id\":\"https:\\\/\\\/www.meydan.tv\\\/az\\\/#website\",\"url\":\"https:\\\/\\\/www.meydan.tv\\\/az\\\/\",\"name\":\"MEYDAN.TV\",\"description\":\"Meydan TV Az\u0259rbaycan\u0131n media m\u0259kan\u0131ndak\u0131 alternativ s\u0259sidir\",\"publisher\":{\"@id\":\"https:\\\/\\\/www.meydan.tv\\\/az\\\/#organization\"},\"potentialAction\":[{\"@type\":\"SearchAction\",\"target\":{\"@type\":\"EntryPoint\",\"urlTemplate\":\"https:\\\/\\\/www.meydan.tv\\\/az\\\/?s={search_term_string}\"},\"query-input\":{\"@type\":\"PropertyValueSpecification\",\"valueRequired\":true,\"valueName\":\"search_term_string\"}}],\"inLanguage\":\"az\"},{\"@type\":\"Organization\",\"@id\":\"https:\\\/\\\/www.meydan.tv\\\/az\\\/#organization\",\"name\":\"Meydan TV\",\"url\":\"https:\\\/\\\/www.meydan.tv\\\/az\\\/\",\"logo\":{\"@type\":\"ImageObject\",\"inLanguage\":\"az\",\"@id\":\"https:\\\/\\\/www.meydan.tv\\\/az\\\/#\\\/schema\\\/logo\\\/image\\\/\",\"url\":\"https:\\\/\\\/www.meydan.tv\\\/wp-content\\\/uploads\\\/2021\\\/07\\\/meydan-logo.svg\",\"contentUrl\":\"https:\\\/\\\/www.meydan.tv\\\/wp-content\\\/uploads\\\/2021\\\/07\\\/meydan-logo.svg\",\"width\":195,\"height\":46,\"caption\":\"Meydan TV\"},\"image\":{\"@id\":\"https:\\\/\\\/www.meydan.tv\\\/az\\\/#\\\/schema\\\/logo\\\/image\\\/\"}},{\"@type\":\"Person\",\"@id\":\"https:\\\/\\\/www.meydan.tv\\\/az\\\/#\\\/schema\\\/person\\\/9cdbecf90d17180ce1dfbd95b08dcf47\",\"name\":\"elli\",\"sameAs\":[\"https:\\\/\\\/x.com\\\/elli\"]}]}<\/script>\n<!-- \/ Yoast SEO plugin. -->","yoast_head_json":{"title":"\u201cAraz Supermarket\u201d\u0259 1 milyon dollardan \u00e7ox maliyy\u0259 sanksiyas\u0131 t\u0259tbiq edilib - MEYDAN.TV","robots":{"index":"index","follow":"follow","max-snippet":"max-snippet:-1","max-image-preview":"max-image-preview:large","max-video-preview":"max-video-preview:-1"},"canonical":"https:\/\/www.meydan.tv\/az\/article\/araz-supermarkete-1-milyon-dollardan-cox-maliyye-sanksiyasi-tetbiq-edilib\/","og_locale":"az_AZ","og_type":"article","og_title":"\u201cAraz Supermarket\u201d\u0259 1 milyon dollardan \u00e7ox maliyy\u0259 sanksiyas\u0131 t\u0259tbiq edilib - MEYDAN.TV","og_description":"Market bu q\u0259rarla ba\u011fl\u0131 yaz\u0131l\u0131 cavab haz\u0131rlay\u0131r \u201cAraz Supermarket\u201d MMC-y\u0259 ... Davam\u0131","og_url":"https:\/\/www.meydan.tv\/az\/article\/araz-supermarkete-1-milyon-dollardan-cox-maliyye-sanksiyasi-tetbiq-edilib\/","og_site_name":"MEYDAN.TV","article_published_time":"2022-05-06T14:09:42+00:00","article_modified_time":"2022-05-06T14:11:11+00:00","og_image":[{"width":1200,"height":800,"url":"https:\/\/www.meydan.tv\/wp-content\/uploads\/img_9082.jpg","type":"image\/jpeg"}],"author":"elli","twitter_card":"summary_large_image","twitter_creator":"@elli","schema":{"@context":"https:\/\/schema.org","@graph":[{"@type":"Article","@id":"https:\/\/www.meydan.tv\/az\/article\/araz-supermarkete-1-milyon-dollardan-cox-maliyye-sanksiyasi-tetbiq-edilib\/#article","isPartOf":{"@id":"https:\/\/www.meydan.tv\/az\/article\/araz-supermarkete-1-milyon-dollardan-cox-maliyye-sanksiyasi-tetbiq-edilib\/"},"author":{"name":"elli","@id":"https:\/\/www.meydan.tv\/az\/#\/schema\/person\/9cdbecf90d17180ce1dfbd95b08dcf47"},"headline":"\u201cAraz Supermarket\u201d\u0259 1 milyon dollardan \u00e7ox maliyy\u0259 sanksiyas\u0131 t\u0259tbiq edilib","datePublished":"2022-05-06T14:09:42+00:00","dateModified":"2022-05-06T14:11:11+00:00","mainEntityOfPage":{"@id":"https:\/\/www.meydan.tv\/az\/article\/araz-supermarkete-1-milyon-dollardan-cox-maliyye-sanksiyasi-tetbiq-edilib\/"},"wordCount":312,"publisher":{"@id":"https:\/\/www.meydan.tv\/az\/#organization"},"image":{"@id":"https:\/\/www.meydan.tv\/az\/article\/araz-supermarkete-1-milyon-dollardan-cox-maliyye-sanksiyasi-tetbiq-edilib\/#primaryimage"},"thumbnailUrl":"https:\/\/www.meydan.tv\/wp-content\/uploads\/img_9082.jpg","articleSection":["Sosial","T\u00f6vsiy\u0259","X\u0259b\u0259rl\u0259r"],"inLanguage":"az"},{"@type":"WebPage","@id":"https:\/\/www.meydan.tv\/az\/article\/araz-supermarkete-1-milyon-dollardan-cox-maliyye-sanksiyasi-tetbiq-edilib\/","url":"https:\/\/www.meydan.tv\/az\/article\/araz-supermarkete-1-milyon-dollardan-cox-maliyye-sanksiyasi-tetbiq-edilib\/","name":"\u201cAraz Supermarket\u201d\u0259 1 milyon dollardan \u00e7ox maliyy\u0259 sanksiyas\u0131 t\u0259tbiq edilib - MEYDAN.TV","isPartOf":{"@id":"https:\/\/www.meydan.tv\/az\/#website"},"primaryImageOfPage":{"@id":"https:\/\/www.meydan.tv\/az\/article\/araz-supermarkete-1-milyon-dollardan-cox-maliyye-sanksiyasi-tetbiq-edilib\/#primaryimage"},"image":{"@id":"https:\/\/www.meydan.tv\/az\/article\/araz-supermarkete-1-milyon-dollardan-cox-maliyye-sanksiyasi-tetbiq-edilib\/#primaryimage"},"thumbnailUrl":"https:\/\/www.meydan.tv\/wp-content\/uploads\/img_9082.jpg","datePublished":"2022-05-06T14:09:42+00:00","dateModified":"2022-05-06T14:11:11+00:00","breadcrumb":{"@id":"https:\/\/www.meydan.tv\/az\/article\/araz-supermarkete-1-milyon-dollardan-cox-maliyye-sanksiyasi-tetbiq-edilib\/#breadcrumb"},"inLanguage":"az","potentialAction":[{"@type":"ReadAction","target":["https:\/\/www.meydan.tv\/az\/article\/araz-supermarkete-1-milyon-dollardan-cox-maliyye-sanksiyasi-tetbiq-edilib\/"]}]},{"@type":"ImageObject","inLanguage":"az","@id":"https:\/\/www.meydan.tv\/az\/article\/araz-supermarkete-1-milyon-dollardan-cox-maliyye-sanksiyasi-tetbiq-edilib\/#primaryimage","url":"https:\/\/www.meydan.tv\/wp-content\/uploads\/img_9082.jpg","contentUrl":"https:\/\/www.meydan.tv\/wp-content\/uploads\/img_9082.jpg","width":1200,"height":800,"caption":"Foto: \"arazmarket.az\/\""},{"@type":"BreadcrumbList","@id":"https:\/\/www.meydan.tv\/az\/article\/araz-supermarkete-1-milyon-dollardan-cox-maliyye-sanksiyasi-tetbiq-edilib\/#breadcrumb","itemListElement":[{"@type":"ListItem","position":1,"name":"Ana s\u0259hif\u0259","item":"https:\/\/www.meydan.tv\/az\/"},{"@type":"ListItem","position":2,"name":"Sosial","item":"https:\/\/www.meydan.tv\/az\/section\/sosial\/"},{"@type":"ListItem","position":3,"name":"\u201cAraz Supermarket\u201d\u0259 1 milyon dollardan \u00e7ox maliyy\u0259 sanksiyas\u0131 t\u0259tbiq edilib"}]},{"@type":"WebSite","@id":"https:\/\/www.meydan.tv\/az\/#website","url":"https:\/\/www.meydan.tv\/az\/","name":"MEYDAN.TV","description":"Meydan TV Az\u0259rbaycan\u0131n media m\u0259kan\u0131ndak\u0131 alternativ s\u0259sidir","publisher":{"@id":"https:\/\/www.meydan.tv\/az\/#organization"},"potentialAction":[{"@type":"SearchAction","target":{"@type":"EntryPoint","urlTemplate":"https:\/\/www.meydan.tv\/az\/?s={search_term_string}"},"query-input":{"@type":"PropertyValueSpecification","valueRequired":true,"valueName":"search_term_string"}}],"inLanguage":"az"},{"@type":"Organization","@id":"https:\/\/www.meydan.tv\/az\/#organization","name":"Meydan TV","url":"https:\/\/www.meydan.tv\/az\/","logo":{"@type":"ImageObject","inLanguage":"az","@id":"https:\/\/www.meydan.tv\/az\/#\/schema\/logo\/image\/","url":"https:\/\/www.meydan.tv\/wp-content\/uploads\/2021\/07\/meydan-logo.svg","contentUrl":"https:\/\/www.meydan.tv\/wp-content\/uploads\/2021\/07\/meydan-logo.svg","width":195,"height":46,"caption":"Meydan TV"},"image":{"@id":"https:\/\/www.meydan.tv\/az\/#\/schema\/logo\/image\/"}},{"@type":"Person","@id":"https:\/\/www.meydan.tv\/az\/#\/schema\/person\/9cdbecf90d17180ce1dfbd95b08dcf47","name":"elli","sameAs":["https:\/\/x.com\/elli"]}]}},"_links":{"self":[{"href":"https:\/\/www.meydan.tv\/az\/wp-json\/wp\/v2\/posts\/244508","targetHints":{"allow":["GET"]}}],"collection":[{"href":"https:\/\/www.meydan.tv\/az\/wp-json\/wp\/v2\/posts"}],"about":[{"href":"https:\/\/www.meydan.tv\/az\/wp-json\/wp\/v2\/types\/post"}],"author":[{"embeddable":true,"href":"https:\/\/www.meydan.tv\/az\/wp-json\/wp\/v2\/users\/8"}],"replies":[{"embeddable":true,"href":"https:\/\/www.meydan.tv\/az\/wp-json\/wp\/v2\/comments?post=244508"}],"version-history":[{"count":3,"href":"https:\/\/www.meydan.tv\/az\/wp-json\/wp\/v2\/posts\/244508\/revisions"}],"predecessor-version":[{"id":244514,"href":"https:\/\/www.meydan.tv\/az\/wp-json\/wp\/v2\/posts\/244508\/revisions\/244514"}],"wp:featuredmedia":[{"embeddable":true,"href":"https:\/\/www.meydan.tv\/az\/wp-json\/wp\/v2\/media\/244509"}],"wp:attachment":[{"href":"https:\/\/www.meydan.tv\/az\/wp-json\/wp\/v2\/media?parent=244508"}],"wp:term":[{"taxonomy":"category","embeddable":true,"href":"https:\/\/www.meydan.tv\/az\/wp-json\/wp\/v2\/categories?post=244508"},{"taxonomy":"post_tag","embeddable":true,"href":"https:\/\/www.meydan.tv\/az\/wp-json\/wp\/v2\/tags?post=244508"}],"curies":[{"name":"wp","href":"https:\/\/api.w.org\/{rel}","templated":true}]}}