{"id":244497,"date":"2022-05-06T17:38:36","date_gmt":"2022-05-06T13:38:36","guid":{"rendered":"https:\/\/www.meydan.tv\/?p=244497"},"modified":"2022-05-06T17:38:38","modified_gmt":"2022-05-06T13:38:38","slug":"kepezle-turan-tovuzun-azerbaycansayagi-yukselisi","status":"publish","type":"post","link":"https:\/\/www.meydan.tv\/az\/article\/kepezle-turan-tovuzun-azerbaycansayagi-yukselisi\/","title":{"rendered":"\u201cK\u0259p\u0259z\u201dl\u0259 \u201cTuran Tovuz\u201dun Az\u0259rbaycansaya\u011f\u0131 \u201cy\u00fcks\u0259li\u015f\u201di"},"content":{"rendered":"\n<p><\/p>\n\n\n\n<p><em>\u0130dman medias\u0131 qaydalar\u0131n pozulmas\u0131na \u00e7\u0259pik \u00e7al\u0131r<\/em><\/p>\n\n\n\n<p>AFFA Lisenziya Komissiyas\u0131 n\u00f6vb\u0259ti m\u00f6vs\u00fcmd\u0259 Az\u0259rbaycan Premyer Liqas\u0131nda i\u015ftirak etm\u0259k \u00fc\u00e7\u00fcn qap\u0131lar\u0131 taybatay a\u00e7\u0131b, G\u0259nc\u0259nin \u201cK\u0259p\u0259z\u201d, Tovuzun \u201cTuran Tovuz\u201d komandalar\u0131na lisenziya verib. Bu, n\u0259 dem\u0259kdir? O dem\u0259kdir ki, art\u0131q qar\u015f\u0131dak\u0131 futbol ilind\u0259 \u201cK\u0259p\u0259z\u201d v\u0259 \u201cTuran Tovuz\u201d Premyer Liqada m\u00fcbariz\u0259 aparacaq. Pisdir? Suala birba\u015fa \u201ch\u0259, pisdir\u201d cavab\u0131 vers\u0259n, g\u0259nc\u0259lil\u0259r v\u0259 tovuzlular, el\u0259, \u201cAz\u0259rbaycan\u0131n b\u00f6lg\u0259l\u0259rind\u0259 futbol olmal\u0131d\u0131r\u201d deyib\u0259n imdad ed\u0259n bak\u0131l\u0131lar, \u015f\u0259kilil\u0259r, sumqay\u0131tl\u0131lar, coratl\u0131lar, xudatl\u0131lar s\u0259ni lin\u00e7 ed\u0259rl\u0259r. Ona g\u00f6r\u0259 d\u0259, suala birba\u015fa cavab verm\u0259kd\u0259n yay\u0131naq, acizan\u0259 \u015f\u0259kild\u0259, yava\u015f-yava\u015f n\u0259yin pis, n\u0259yin yax\u015f\u0131 oldu\u011funu izah etm\u0259y\u0259 \u00e7al\u0131\u015faq.<\/p>\n\n\n\n<p>Bu yaz\u0131n\u0131 yazmaq \u00fc\u00e7\u00fcn barmaqlar\u0131m klaviaturan\u0131n d\u00fcym\u0259l\u0259rini d\u00f6y\u0259cl\u0259y\u0259nd\u0259 Pe\u015f\u0259kar Futbol Liqas\u0131n\u0131n r\u0259smi sayt\u0131na g\u00f6z at\u0131b, birinci divizionda komandalar\u0131n turnir c\u0259dv\u0259lind\u0259ki m\u00f6vqel\u0259rin\u0259 baxd\u0131m. \u201cK\u0259p\u0259z\u201d 32 xalla 7-ci, \u201cTuran Tovuz\u201d is\u0259 27 xalla 10-cu yerd\u0259dir. Birinci divizionda m\u00f6vs\u00fcm\u00fcn ba\u015fa \u00e7atmas\u0131na is\u0259 c\u0259mi iki tur qal\u0131b. Y\u0259ni d\u00fcnya da\u011f\u0131lsa, g\u00fcn\u0259\u015f \u00e7a\u015f\u0131b gec\u0259, ay g\u00fcnd\u00fcz \u00e7\u0131xma\u011fa ba\u015flasa da, n\u0259 \u201cK\u0259p\u0259z\u201din, n\u0259 d\u0259 \u201cTuran Tovuz\u201dun birinci divizionda birinci yeri tutmaq \u015fans\u0131 var. \u201cBirincil\u0259r\u201din aras\u0131nda birinci yeri 54 xal toplayan \u201cQarada\u011f L\u00f6kbatan\u201d tutub v\u0259 h\u0259m r\u0259smi, h\u0259m d\u0259 qeyri-r\u0259smi \u015f\u0259kild\u0259 birinci divizionun \u00e7empionudur!<\/p>\n\n\n\n<p><strong>Dem\u0259li\u2026<\/strong><\/p>\n\n\n\n<p>Oxuduqca s\u00f6ym\u0259y\u0259c\u0259ksizs\u0259, deyim, Premyer Liqada oynamaq haqq\u0131 sad\u0259c\u0259 \u201cQarada\u011f L\u00f6kbatan\u201d\u0131nd\u0131r. Bu, topun yumru, meydan\u00e7an\u0131n d\u00fcz oldu\u011fu b\u00fct\u00fcn normal, sivil futbol \u00f6lk\u0259l\u0259rind\u0259 bel\u0259dir. Bu, futbolun yaz\u0131lm\u0131\u015f, yaz\u0131lmam\u0131\u015f qanunudur: \u00e7empion olan komanda daha y\u00fcks\u0259k liqaya birba\u015fa v\u0259siq\u0259 qazan\u0131r. Vallah da, billah da, bunu t\u0259kc\u0259 m\u0259n demir\u0259m. Bunu F\u0130FA deyir, UEFA deyir. Bunu F\u0130FA prezidenti Canni \u0130nfantino, UEFA-ya r\u0259hb\u0259rlik ed\u0259n Aleksander \u00c7eferin deyir. Bunu futbolu az-\u00e7ox bil\u0259n 70 ya\u015fl\u0131 adam da bilir, 7 ya\u015fl\u0131 u\u015faq da.<\/p>\n\n\n\n<p>\u201cK\u0259p\u0259z\u201d v\u0259 \u201cTuran Tovuz\u201d birinci divizionda 7-ci, 10-cu yeri tuta-tuta Premyer Liqada niy\u0259 oynamal\u0131d\u0131r? B\u00f6lg\u0259 komandalar\u0131 olduqlar\u0131 \u00fc\u00e7\u00fcn? B\u0259s haqq-\u0259dal\u0259t? B\u0259s h\u00fcquq? B\u0259s r\u0259qab\u0259t? B\u0259s futbolun sad\u0259liyi, g\u00f6z\u0259lliyi?<\/p>\n\n\n\n<p>\u201cK\u0259p\u0259z\u201dl\u0259 \u201cTuran Tovuz\u201dun haqq etm\u0259d\u0259n Premyer Liqaya \u201cv\u0259siq\u0259 qazanmas\u0131\u201d q\u0259d\u0259r adam\u0131 d\u0259h\u015f\u0259t\u0259 salan \u00f6lk\u0259nin idman medias\u0131n\u0131n hadis\u0259l\u0259r\u0259 bax\u0131\u015f\u0131, yana\u015fmas\u0131d\u0131r. Sosial \u015f\u0259b\u0259k\u0259d\u0259 \u0259ks\u0259r idman yazarlar\u0131 toy-bayram i\u00e7ind\u0259dir, \u201cUrra, \u201cK\u0259p\u0259z\u201dl\u0259 \u201cTuran Tovuz\u201d Premyer Liqaya qay\u0131d\u0131r\u201d payla\u015f\u0131mlar\u0131 edirl\u0259r. Bax\u0131rsan, bax\u0131rsan, sonra bir daha bax\u0131rsan. Ki, b\u0259lk\u0259, g\u00f6zl\u0259rim m\u0259ni aldad\u0131r, b\u0259lk\u0259, i\u015fin yor\u011funlu\u011fundan h\u0259r \u015feyi ba\u015f-ayaq g\u00f6r\u00fcr\u0259m? G\u00f6zl\u0259rini silib, bir daha bax\u0131rsan. Yox e, idman medias\u0131 ciddi-ciddi \u201cK\u0259p\u0259z\u201dl\u0259 \u201cTuran Tovuz\u201da AFFA-n\u0131n qeyri-qanuni, futbolun b\u00fct\u00fcn qaydalar\u0131na t\u00fcp\u00fcr\u0259r\u0259k verdiyi \u201cv\u0259siq\u0259\u201dni bayram edirl\u0259r.<\/p>\n\n\n\n<p>\u0130ndi 21-ci \u0259srdir. H\u0259r k\u0259sin internet \u00fcz\u0259rind\u0259n d\u00fcnyan\u0131 \u201cg\u0259zm\u0259k\u201d, \u201cdola\u015fmaq\u201d imkan\u0131 var. \u0130nternet bir yana, televiziya vasit\u0259si il\u0259 \u0130ngilt\u0259r\u0259, \u0130spaniya, Almaniya, \u0130taliya, Fransa, Portuqaliya, Niderland \u00e7empionatlar\u0131n\u0131 izl\u0259m\u0259k he\u00e7 kim \u00fc\u00e7\u00fcn \u00e7\u0259tin olmamal\u0131d\u0131r. \u0130zl\u0259mirl\u0259rmi, oxumurlarm\u0131 bu adamlar? Bu \u00f6lk\u0259l\u0259rin hans\u0131da bel\u0259 \u015feyl\u0259r olur? Hans\u0131nda a\u015fa\u011f\u0131 divizionda 7-ci, 10-cu yerd\u0259 olan komandan\u0131 dart\u0131b g\u0259tirib y\u00fcks\u0259k liqada oynad\u0131rlar? Hans\u0131 \u00f6lk\u0259d\u0259 ill\u0259rl\u0259 a\u015fa\u011f\u0131 divizionda komandalar oynay\u0131rlar, oynay\u0131rlar, y\u00fcks\u0259k liqaya \u00e7\u0131xm\u0131rlar? \u00c7\u0131xanda da, bizd\u0259ki kimi, \u00e7empion komandan\u0131 yox, 7-ci, 10-cu yerd\u0259kini \u00e7\u0131xar\u0131rlar? Yoxdur bel\u0259 bir n\u00fcmun\u0259. Yoxdur bel\u0259 \u00f6zba\u015f\u0131nal\u0131q, biab\u0131r\u00e7\u0131l\u0131q.<\/p>\n\n\n\n<p>Az\u0259rbaycan idman medias\u0131ndak\u0131 \u0259ks\u0259riyy\u0259t haqs\u0131zl\u0131\u011fa, qaydalar\u0131n ayaqlar alt\u0131nda tapdalanmas\u0131na \u00e7\u0259pik \u00e7al\u0131r. F\u0259rqind\u0259 olsalar da, olmasalar da. N\u0259 yaz\u0131q ki, \u00f6lk\u0259d\u0259 futbolun bu g\u00fcnd\u0259 olmas\u0131n\u0131n g\u00fcnah\u0131 h\u0259m d\u0259, onlar\u0131n boynundad\u0131r. Etiraz etm\u0259k, do\u011fru olan\u0131 yazmaq \u0259v\u0259zin\u0259 \u00e7\u0259pik \u00e7ald\u0131qlar\u0131 \u00fc\u00e7\u00fcn.<\/p>\n\n\n\n<p>\u201cK\u0259p\u0259z\u201dl\u0259 \u201cTuran Tovuz\u201d Premyer Liqada oynayacaqm\u0131\u015f. Ur-r-r-ra!<\/p>\n","protected":false},"excerpt":{"rendered":"<p>\u0130dman medias\u0131 qaydalar\u0131n pozulmas\u0131na \u00e7\u0259pik \u00e7al\u0131r AFFA Lisenziya Komissiyas\u0131 n\u00f6vb\u0259ti &#8230; <\/p>\n<p class=\"read-more-container\"><a title=\"\u201cK\u0259p\u0259z\u201dl\u0259 \u201cTuran Tovuz\u201dun Az\u0259rbaycansaya\u011f\u0131 \u201cy\u00fcks\u0259li\u015f\u201di\" class=\"read-more button\" href=\"https:\/\/www.meydan.tv\/az\/article\/kepezle-turan-tovuzun-azerbaycansayagi-yukselisi\/#more-244497\" aria-label=\"Read more about \u201cK\u0259p\u0259z\u201dl\u0259 \u201cTuran Tovuz\u201dun Az\u0259rbaycansaya\u011f\u0131 \u201cy\u00fcks\u0259li\u015f\u201di\">Davam\u0131<\/a><\/p>\n","protected":false},"author":8,"featured_media":244499,"comment_status":"closed","ping_status":"closed","sticky":false,"template":"","format":"standard","meta":{"_acf_changed":false,"_sitemap_exclude":false,"_sitemap_priority":"","_sitemap_frequency":"","footnotes":""},"categories":[57],"tags":[],"class_list":["post-244497","post","type-post","status-publish","format-standard","has-post-thumbnail","hentry","category-menim-fikrimce","infinite-scroll-item","generate-columns","tablet-grid-50","mobile-grid-100","grid-parent","grid-33","no-featured-image-padding"],"acf":[],"yoast_head":"<!-- This site is optimized with the Yoast SEO plugin v27.4 - https:\/\/yoast.com\/product\/yoast-seo-wordpress\/ -->\n<title>\u201cK\u0259p\u0259z\u201dl\u0259 \u201cTuran Tovuz\u201dun Az\u0259rbaycansaya\u011f\u0131 \u201cy\u00fcks\u0259li\u015f\u201di - MEYDAN.TV<\/title>\n<meta name=\"robots\" content=\"index, follow, max-snippet:-1, max-image-preview:large, max-video-preview:-1\" \/>\n<link rel=\"canonical\" href=\"https:\/\/www.meydan.tv\/az\/article\/kepezle-turan-tovuzun-azerbaycansayagi-yukselisi\/\" \/>\n<meta property=\"og:locale\" content=\"az_AZ\" \/>\n<meta property=\"og:type\" content=\"article\" \/>\n<meta property=\"og:title\" content=\"\u201cK\u0259p\u0259z\u201dl\u0259 \u201cTuran Tovuz\u201dun Az\u0259rbaycansaya\u011f\u0131 \u201cy\u00fcks\u0259li\u015f\u201di - MEYDAN.TV\" \/>\n<meta property=\"og:description\" content=\"\u0130dman medias\u0131 qaydalar\u0131n pozulmas\u0131na \u00e7\u0259pik \u00e7al\u0131r AFFA Lisenziya Komissiyas\u0131 n\u00f6vb\u0259ti ... Davam\u0131\" \/>\n<meta property=\"og:url\" content=\"https:\/\/www.meydan.tv\/az\/article\/kepezle-turan-tovuzun-azerbaycansayagi-yukselisi\/\" \/>\n<meta property=\"og:site_name\" content=\"MEYDAN.TV\" \/>\n<meta property=\"article:published_time\" content=\"2022-05-06T13:38:36+00:00\" \/>\n<meta property=\"article:modified_time\" content=\"2022-05-06T13:38:38+00:00\" \/>\n<meta property=\"og:image\" content=\"https:\/\/www.meydan.tv\/wp-content\/uploads\/mail-1.jpeg\" \/>\n\t<meta property=\"og:image:width\" content=\"1200\" \/>\n\t<meta property=\"og:image:height\" content=\"857\" \/>\n\t<meta property=\"og:image:type\" content=\"image\/jpeg\" \/>\n<meta name=\"author\" content=\"elli\" \/>\n<meta name=\"twitter:card\" content=\"summary_large_image\" \/>\n<meta name=\"twitter:creator\" content=\"@elli\" \/>\n<script type=\"application\/ld+json\" class=\"yoast-schema-graph\">{\"@context\":\"https:\\\/\\\/schema.org\",\"@graph\":[{\"@type\":\"Article\",\"@id\":\"https:\\\/\\\/www.meydan.tv\\\/az\\\/article\\\/kepezle-turan-tovuzun-azerbaycansayagi-yukselisi\\\/#article\",\"isPartOf\":{\"@id\":\"https:\\\/\\\/www.meydan.tv\\\/az\\\/article\\\/kepezle-turan-tovuzun-azerbaycansayagi-yukselisi\\\/\"},\"author\":{\"name\":\"elli\",\"@id\":\"https:\\\/\\\/www.meydan.tv\\\/az\\\/#\\\/schema\\\/person\\\/9cdbecf90d17180ce1dfbd95b08dcf47\"},\"headline\":\"\u201cK\u0259p\u0259z\u201dl\u0259 \u201cTuran Tovuz\u201dun Az\u0259rbaycansaya\u011f\u0131 \u201cy\u00fcks\u0259li\u015f\u201di\",\"datePublished\":\"2022-05-06T13:38:36+00:00\",\"dateModified\":\"2022-05-06T13:38:38+00:00\",\"mainEntityOfPage\":{\"@id\":\"https:\\\/\\\/www.meydan.tv\\\/az\\\/article\\\/kepezle-turan-tovuzun-azerbaycansayagi-yukselisi\\\/\"},\"wordCount\":802,\"publisher\":{\"@id\":\"https:\\\/\\\/www.meydan.tv\\\/az\\\/#organization\"},\"image\":{\"@id\":\"https:\\\/\\\/www.meydan.tv\\\/az\\\/article\\\/kepezle-turan-tovuzun-azerbaycansayagi-yukselisi\\\/#primaryimage\"},\"thumbnailUrl\":\"https:\\\/\\\/www.meydan.tv\\\/wp-content\\\/uploads\\\/mail-1.jpeg\",\"articleSection\":[\"M\u0259nim Fikrimc\u0259\"],\"inLanguage\":\"az\"},{\"@type\":\"WebPage\",\"@id\":\"https:\\\/\\\/www.meydan.tv\\\/az\\\/article\\\/kepezle-turan-tovuzun-azerbaycansayagi-yukselisi\\\/\",\"url\":\"https:\\\/\\\/www.meydan.tv\\\/az\\\/article\\\/kepezle-turan-tovuzun-azerbaycansayagi-yukselisi\\\/\",\"name\":\"\u201cK\u0259p\u0259z\u201dl\u0259 \u201cTuran Tovuz\u201dun Az\u0259rbaycansaya\u011f\u0131 \u201cy\u00fcks\u0259li\u015f\u201di - MEYDAN.TV\",\"isPartOf\":{\"@id\":\"https:\\\/\\\/www.meydan.tv\\\/az\\\/#website\"},\"primaryImageOfPage\":{\"@id\":\"https:\\\/\\\/www.meydan.tv\\\/az\\\/article\\\/kepezle-turan-tovuzun-azerbaycansayagi-yukselisi\\\/#primaryimage\"},\"image\":{\"@id\":\"https:\\\/\\\/www.meydan.tv\\\/az\\\/article\\\/kepezle-turan-tovuzun-azerbaycansayagi-yukselisi\\\/#primaryimage\"},\"thumbnailUrl\":\"https:\\\/\\\/www.meydan.tv\\\/wp-content\\\/uploads\\\/mail-1.jpeg\",\"datePublished\":\"2022-05-06T13:38:36+00:00\",\"dateModified\":\"2022-05-06T13:38:38+00:00\",\"breadcrumb\":{\"@id\":\"https:\\\/\\\/www.meydan.tv\\\/az\\\/article\\\/kepezle-turan-tovuzun-azerbaycansayagi-yukselisi\\\/#breadcrumb\"},\"inLanguage\":\"az\",\"potentialAction\":[{\"@type\":\"ReadAction\",\"target\":[\"https:\\\/\\\/www.meydan.tv\\\/az\\\/article\\\/kepezle-turan-tovuzun-azerbaycansayagi-yukselisi\\\/\"]}]},{\"@type\":\"ImageObject\",\"inLanguage\":\"az\",\"@id\":\"https:\\\/\\\/www.meydan.tv\\\/az\\\/article\\\/kepezle-turan-tovuzun-azerbaycansayagi-yukselisi\\\/#primaryimage\",\"url\":\"https:\\\/\\\/www.meydan.tv\\\/wp-content\\\/uploads\\\/mail-1.jpeg\",\"contentUrl\":\"https:\\\/\\\/www.meydan.tv\\\/wp-content\\\/uploads\\\/mail-1.jpeg\",\"width\":1200,\"height\":857,\"caption\":\"Foto: \\\"K\u0259p\u0259z\\\"\"},{\"@type\":\"BreadcrumbList\",\"@id\":\"https:\\\/\\\/www.meydan.tv\\\/az\\\/article\\\/kepezle-turan-tovuzun-azerbaycansayagi-yukselisi\\\/#breadcrumb\",\"itemListElement\":[{\"@type\":\"ListItem\",\"position\":1,\"name\":\"Ana s\u0259hif\u0259\",\"item\":\"https:\\\/\\\/www.meydan.tv\\\/az\\\/\"},{\"@type\":\"ListItem\",\"position\":2,\"name\":\"M\u0259nim Fikrimc\u0259\",\"item\":\"https:\\\/\\\/www.meydan.tv\\\/az\\\/section\\\/menim-fikrimce\\\/\"},{\"@type\":\"ListItem\",\"position\":3,\"name\":\"\u201cK\u0259p\u0259z\u201dl\u0259 \u201cTuran Tovuz\u201dun Az\u0259rbaycansaya\u011f\u0131 \u201cy\u00fcks\u0259li\u015f\u201di\"}]},{\"@type\":\"WebSite\",\"@id\":\"https:\\\/\\\/www.meydan.tv\\\/az\\\/#website\",\"url\":\"https:\\\/\\\/www.meydan.tv\\\/az\\\/\",\"name\":\"MEYDAN.TV\",\"description\":\"Meydan TV Az\u0259rbaycan\u0131n media m\u0259kan\u0131ndak\u0131 alternativ s\u0259sidir\",\"publisher\":{\"@id\":\"https:\\\/\\\/www.meydan.tv\\\/az\\\/#organization\"},\"potentialAction\":[{\"@type\":\"SearchAction\",\"target\":{\"@type\":\"EntryPoint\",\"urlTemplate\":\"https:\\\/\\\/www.meydan.tv\\\/az\\\/?s={search_term_string}\"},\"query-input\":{\"@type\":\"PropertyValueSpecification\",\"valueRequired\":true,\"valueName\":\"search_term_string\"}}],\"inLanguage\":\"az\"},{\"@type\":\"Organization\",\"@id\":\"https:\\\/\\\/www.meydan.tv\\\/az\\\/#organization\",\"name\":\"Meydan TV\",\"url\":\"https:\\\/\\\/www.meydan.tv\\\/az\\\/\",\"logo\":{\"@type\":\"ImageObject\",\"inLanguage\":\"az\",\"@id\":\"https:\\\/\\\/www.meydan.tv\\\/az\\\/#\\\/schema\\\/logo\\\/image\\\/\",\"url\":\"https:\\\/\\\/www.meydan.tv\\\/wp-content\\\/uploads\\\/2021\\\/07\\\/meydan-logo.svg\",\"contentUrl\":\"https:\\\/\\\/www.meydan.tv\\\/wp-content\\\/uploads\\\/2021\\\/07\\\/meydan-logo.svg\",\"width\":195,\"height\":46,\"caption\":\"Meydan TV\"},\"image\":{\"@id\":\"https:\\\/\\\/www.meydan.tv\\\/az\\\/#\\\/schema\\\/logo\\\/image\\\/\"}},{\"@type\":\"Person\",\"@id\":\"https:\\\/\\\/www.meydan.tv\\\/az\\\/#\\\/schema\\\/person\\\/9cdbecf90d17180ce1dfbd95b08dcf47\",\"name\":\"elli\",\"sameAs\":[\"https:\\\/\\\/x.com\\\/elli\"]}]}<\/script>\n<!-- \/ Yoast SEO plugin. -->","yoast_head_json":{"title":"\u201cK\u0259p\u0259z\u201dl\u0259 \u201cTuran Tovuz\u201dun Az\u0259rbaycansaya\u011f\u0131 \u201cy\u00fcks\u0259li\u015f\u201di - MEYDAN.TV","robots":{"index":"index","follow":"follow","max-snippet":"max-snippet:-1","max-image-preview":"max-image-preview:large","max-video-preview":"max-video-preview:-1"},"canonical":"https:\/\/www.meydan.tv\/az\/article\/kepezle-turan-tovuzun-azerbaycansayagi-yukselisi\/","og_locale":"az_AZ","og_type":"article","og_title":"\u201cK\u0259p\u0259z\u201dl\u0259 \u201cTuran Tovuz\u201dun Az\u0259rbaycansaya\u011f\u0131 \u201cy\u00fcks\u0259li\u015f\u201di - MEYDAN.TV","og_description":"\u0130dman medias\u0131 qaydalar\u0131n pozulmas\u0131na \u00e7\u0259pik \u00e7al\u0131r AFFA Lisenziya Komissiyas\u0131 n\u00f6vb\u0259ti ... Davam\u0131","og_url":"https:\/\/www.meydan.tv\/az\/article\/kepezle-turan-tovuzun-azerbaycansayagi-yukselisi\/","og_site_name":"MEYDAN.TV","article_published_time":"2022-05-06T13:38:36+00:00","article_modified_time":"2022-05-06T13:38:38+00:00","og_image":[{"width":1200,"height":857,"url":"https:\/\/www.meydan.tv\/wp-content\/uploads\/mail-1.jpeg","type":"image\/jpeg"}],"author":"elli","twitter_card":"summary_large_image","twitter_creator":"@elli","schema":{"@context":"https:\/\/schema.org","@graph":[{"@type":"Article","@id":"https:\/\/www.meydan.tv\/az\/article\/kepezle-turan-tovuzun-azerbaycansayagi-yukselisi\/#article","isPartOf":{"@id":"https:\/\/www.meydan.tv\/az\/article\/kepezle-turan-tovuzun-azerbaycansayagi-yukselisi\/"},"author":{"name":"elli","@id":"https:\/\/www.meydan.tv\/az\/#\/schema\/person\/9cdbecf90d17180ce1dfbd95b08dcf47"},"headline":"\u201cK\u0259p\u0259z\u201dl\u0259 \u201cTuran Tovuz\u201dun Az\u0259rbaycansaya\u011f\u0131 \u201cy\u00fcks\u0259li\u015f\u201di","datePublished":"2022-05-06T13:38:36+00:00","dateModified":"2022-05-06T13:38:38+00:00","mainEntityOfPage":{"@id":"https:\/\/www.meydan.tv\/az\/article\/kepezle-turan-tovuzun-azerbaycansayagi-yukselisi\/"},"wordCount":802,"publisher":{"@id":"https:\/\/www.meydan.tv\/az\/#organization"},"image":{"@id":"https:\/\/www.meydan.tv\/az\/article\/kepezle-turan-tovuzun-azerbaycansayagi-yukselisi\/#primaryimage"},"thumbnailUrl":"https:\/\/www.meydan.tv\/wp-content\/uploads\/mail-1.jpeg","articleSection":["M\u0259nim Fikrimc\u0259"],"inLanguage":"az"},{"@type":"WebPage","@id":"https:\/\/www.meydan.tv\/az\/article\/kepezle-turan-tovuzun-azerbaycansayagi-yukselisi\/","url":"https:\/\/www.meydan.tv\/az\/article\/kepezle-turan-tovuzun-azerbaycansayagi-yukselisi\/","name":"\u201cK\u0259p\u0259z\u201dl\u0259 \u201cTuran Tovuz\u201dun Az\u0259rbaycansaya\u011f\u0131 \u201cy\u00fcks\u0259li\u015f\u201di - MEYDAN.TV","isPartOf":{"@id":"https:\/\/www.meydan.tv\/az\/#website"},"primaryImageOfPage":{"@id":"https:\/\/www.meydan.tv\/az\/article\/kepezle-turan-tovuzun-azerbaycansayagi-yukselisi\/#primaryimage"},"image":{"@id":"https:\/\/www.meydan.tv\/az\/article\/kepezle-turan-tovuzun-azerbaycansayagi-yukselisi\/#primaryimage"},"thumbnailUrl":"https:\/\/www.meydan.tv\/wp-content\/uploads\/mail-1.jpeg","datePublished":"2022-05-06T13:38:36+00:00","dateModified":"2022-05-06T13:38:38+00:00","breadcrumb":{"@id":"https:\/\/www.meydan.tv\/az\/article\/kepezle-turan-tovuzun-azerbaycansayagi-yukselisi\/#breadcrumb"},"inLanguage":"az","potentialAction":[{"@type":"ReadAction","target":["https:\/\/www.meydan.tv\/az\/article\/kepezle-turan-tovuzun-azerbaycansayagi-yukselisi\/"]}]},{"@type":"ImageObject","inLanguage":"az","@id":"https:\/\/www.meydan.tv\/az\/article\/kepezle-turan-tovuzun-azerbaycansayagi-yukselisi\/#primaryimage","url":"https:\/\/www.meydan.tv\/wp-content\/uploads\/mail-1.jpeg","contentUrl":"https:\/\/www.meydan.tv\/wp-content\/uploads\/mail-1.jpeg","width":1200,"height":857,"caption":"Foto: \"K\u0259p\u0259z\""},{"@type":"BreadcrumbList","@id":"https:\/\/www.meydan.tv\/az\/article\/kepezle-turan-tovuzun-azerbaycansayagi-yukselisi\/#breadcrumb","itemListElement":[{"@type":"ListItem","position":1,"name":"Ana s\u0259hif\u0259","item":"https:\/\/www.meydan.tv\/az\/"},{"@type":"ListItem","position":2,"name":"M\u0259nim Fikrimc\u0259","item":"https:\/\/www.meydan.tv\/az\/section\/menim-fikrimce\/"},{"@type":"ListItem","position":3,"name":"\u201cK\u0259p\u0259z\u201dl\u0259 \u201cTuran Tovuz\u201dun Az\u0259rbaycansaya\u011f\u0131 \u201cy\u00fcks\u0259li\u015f\u201di"}]},{"@type":"WebSite","@id":"https:\/\/www.meydan.tv\/az\/#website","url":"https:\/\/www.meydan.tv\/az\/","name":"MEYDAN.TV","description":"Meydan TV Az\u0259rbaycan\u0131n media m\u0259kan\u0131ndak\u0131 alternativ s\u0259sidir","publisher":{"@id":"https:\/\/www.meydan.tv\/az\/#organization"},"potentialAction":[{"@type":"SearchAction","target":{"@type":"EntryPoint","urlTemplate":"https:\/\/www.meydan.tv\/az\/?s={search_term_string}"},"query-input":{"@type":"PropertyValueSpecification","valueRequired":true,"valueName":"search_term_string"}}],"inLanguage":"az"},{"@type":"Organization","@id":"https:\/\/www.meydan.tv\/az\/#organization","name":"Meydan TV","url":"https:\/\/www.meydan.tv\/az\/","logo":{"@type":"ImageObject","inLanguage":"az","@id":"https:\/\/www.meydan.tv\/az\/#\/schema\/logo\/image\/","url":"https:\/\/www.meydan.tv\/wp-content\/uploads\/2021\/07\/meydan-logo.svg","contentUrl":"https:\/\/www.meydan.tv\/wp-content\/uploads\/2021\/07\/meydan-logo.svg","width":195,"height":46,"caption":"Meydan TV"},"image":{"@id":"https:\/\/www.meydan.tv\/az\/#\/schema\/logo\/image\/"}},{"@type":"Person","@id":"https:\/\/www.meydan.tv\/az\/#\/schema\/person\/9cdbecf90d17180ce1dfbd95b08dcf47","name":"elli","sameAs":["https:\/\/x.com\/elli"]}]}},"_links":{"self":[{"href":"https:\/\/www.meydan.tv\/az\/wp-json\/wp\/v2\/posts\/244497","targetHints":{"allow":["GET"]}}],"collection":[{"href":"https:\/\/www.meydan.tv\/az\/wp-json\/wp\/v2\/posts"}],"about":[{"href":"https:\/\/www.meydan.tv\/az\/wp-json\/wp\/v2\/types\/post"}],"author":[{"embeddable":true,"href":"https:\/\/www.meydan.tv\/az\/wp-json\/wp\/v2\/users\/8"}],"replies":[{"embeddable":true,"href":"https:\/\/www.meydan.tv\/az\/wp-json\/wp\/v2\/comments?post=244497"}],"version-history":[{"count":1,"href":"https:\/\/www.meydan.tv\/az\/wp-json\/wp\/v2\/posts\/244497\/revisions"}],"predecessor-version":[{"id":244502,"href":"https:\/\/www.meydan.tv\/az\/wp-json\/wp\/v2\/posts\/244497\/revisions\/244502"}],"wp:featuredmedia":[{"embeddable":true,"href":"https:\/\/www.meydan.tv\/az\/wp-json\/wp\/v2\/media\/244499"}],"wp:attachment":[{"href":"https:\/\/www.meydan.tv\/az\/wp-json\/wp\/v2\/media?parent=244497"}],"wp:term":[{"taxonomy":"category","embeddable":true,"href":"https:\/\/www.meydan.tv\/az\/wp-json\/wp\/v2\/categories?post=244497"},{"taxonomy":"post_tag","embeddable":true,"href":"https:\/\/www.meydan.tv\/az\/wp-json\/wp\/v2\/tags?post=244497"}],"curies":[{"name":"wp","href":"https:\/\/api.w.org\/{rel}","templated":true}]}}