{"id":244491,"date":"2022-05-06T17:39:01","date_gmt":"2022-05-06T13:39:01","guid":{"rendered":"https:\/\/www.meydan.tv\/?p=244491"},"modified":"2022-05-06T17:39:07","modified_gmt":"2022-05-06T13:39:07","slug":"comedy-bazaarin-yeni-movsumune-start-verilir","status":"publish","type":"post","link":"https:\/\/www.meydan.tv\/az\/article\/comedy-bazaarin-yeni-movsumune-start-verilir\/","title":{"rendered":"\u201cComedy Bazaar\u201d\u0131n yeni m\u00f6vs\u00fcm\u00fcn\u0259 start verilir"},"content":{"rendered":"\n<p><em>Qalib\u0259 2 min manat pul m\u00fckafat\u0131 veril\u0259c\u0259k<\/em><\/p>\n\n\n\n<p>Az\u0259rbaycanda \u201cComedy Bazaar\u201d yumoristik m\u00fcsabiq\u0259sinin yeni m\u00f6vs\u00fcm\u00fcn\u0259 start verilir.<\/p>\n\n\n\n<p>T\u0259\u015fkilat\u00e7\u0131 Teymur K\u0259rimov Meydan TV-y\u0259 m\u00fcsabiq\u0259nin builki \u015f\u0259rtl\u0259ri haqq\u0131nda m\u0259lumat verib.<\/p>\n\n\n\n<p>Bildirib ki, \u201cComedy Bazaar\u201d\u0131n ke\u00e7irilm\u0259sind\u0259 m\u0259qs\u0259d istedadl\u0131 g\u0259ncl\u0259ri tapmaq, onlara m\u00fcmk\u00fcn platformalarda s\u0259hn\u0259y\u0259 \u00e7\u0131xmaq imkan\u0131 yaratmaqd\u0131r.<\/p>\n\n\n\n<p>M\u00fcsabiq\u0259d\u0259 18 ya\u015fdan yuxar\u0131 h\u0259r k\u0259s i\u015ftirak ed\u0259 bil\u0259r.<\/p>\n\n\n\n<p>Se\u00e7im turlar\u0131 may\u0131n 14-15-d\u0259 ke\u00e7iril\u0259c\u0259k.<\/p>\n\n\n\n<p>M\u00fcnsif \u00fczvl\u0259rinin tam hey\u0259ti h\u0259l\u0259 a\u00e7\u0131qlamay\u0131b.<\/p>\n\n\n\n<p>\u201cParni iz Baku\u201dnun ssenari m\u00fc\u0259llifi, aktyoru \u018fl\u0259kb\u0259r \u018fliyev, \u201cParni iz Baku\u201dnun ssenari m\u00fc\u0259llifi, prod\u00fcseri Cavid Qurbanov v\u0259 Teymur K\u0259rimov j\u00fcri \u00fczv\u00fc olacaq.<\/p>\n\n\n\n<p>\u0130\u015ftirak\u00e7\u0131lar\u0131n iyun-avqust aylar\u0131 \u0259rzind\u0259 m\u00fcxt\u0259lif m\u0259kanlarda \u00e7\u0131x\u0131\u015flar\u0131 t\u0259\u015fkil edil\u0259c\u0259k.<\/p>\n\n\n\n<p>Sentyabrda m\u00fcsabiq\u0259nin final m\u0259rh\u0259l\u0259si olacaq.<\/p>\n\n\n\n<p>Qalib\u0259 iki min manat pul m\u00fckafat\u0131 veril\u0259c\u0259k.<\/p>\n\n\n\n<p>\u201cSentyabra q\u0259d\u0259r i\u015ftirak\u00e7\u0131lara t\u0259cr\u00fcb\u0259 toplamaq laz\u0131md\u0131r ki, onlar s\u0259hn\u0259d\u0259 s\u0259rb\u0259st \u00e7\u0131x\u0131\u015f ed\u0259 bilsinl\u0259r. Bu m\u00fcsabiq\u0259, i\u015ftirak\u00e7\u0131lar \u00fc\u00e7\u00fcn g\u0259l\u0259c\u0259k karyeralar\u0131nda tramplin olacaq. 90-c\u0131 ill\u0259rd\u0259 Az\u0259rbaycanda bel\u0259 platforma \u201cParni iz Baku\u201d \u015e\u0259n v\u0259 Haz\u0131rcavablar Klubu idi. \u0130ndiki e-n\u0259sill\u0259 bir az \u00e7\u0259tindir, \u00e7\u00fcnki onlar\u0131n maraq dair\u0259si f\u0259rqlidir. Hesab edir\u0259m ki, bu m\u00fcsabiq\u0259 h\u0259min g\u0259ncl\u0259rin d\u0259 inki\u015faf\u0131na yard\u0131m ed\u0259c\u0259k\u201d, &#8211; Teymur K\u0259rimov bildirib.<\/p>\n\n\n\n<p>Dig\u0259r m\u00fcnsif \u00fczv\u00fc Cavid Qurbanov ideyan\u0131n u\u011furlu oldu\u011funu deyib v\u0259 layih\u0259nin \u00fcst\u00fcnl\u00fckl\u0259rind\u0259n dan\u0131\u015f\u0131b: \u201cM\u0259qs\u0259dimiz, istedadl\u0131 u\u015faqlar\u0131n bir komandada formala\u015fmas\u0131na nail olmaqd\u0131r. Daha sonra h\u0259min i\u015ftirak\u00e7\u0131larla m\u00fc\u0259yy\u0259n \u0259m\u0259kda\u015fl\u0131q m\u00fcqavil\u0259l\u0259ri d\u0259 imzalana bil\u0259r. \u00c7ox ist\u0259rdik ki, biz t\u0259\u015fkilat\u0131 bax\u0131mdan birlikd\u0259 olaq, onlara cavabdehlik da\u015f\u0131yaq v\u0259 bu u\u015faqlar\u0131n da h\u0259mi\u015f\u0259 i\u015fi olsun&#8221;.<\/p>\n\n\n\n<figure class=\"wp-block-image size-full\"><img decoding=\"async\" width=\"1200\" height=\"800\" data-src=\"https:\/\/www.meydan.tv\/wp-content\/uploads\/untitled-design-1-6.png\" alt=\"\" class=\"wp-image-244486 lazyload\" src=\"data:image\/svg+xml;base64,PHN2ZyB3aWR0aD0iMSIgaGVpZ2h0PSIxIiB4bWxucz0iaHR0cDovL3d3dy53My5vcmcvMjAwMC9zdmciPjwvc3ZnPg==\" style=\"--smush-placeholder-width: 1200px; --smush-placeholder-aspect-ratio: 1200\/800;\" \/><figcaption>Cavid Qurbanov v\u0259 Teymur K\u0259rimov. Foto: H\u0259r iki \u015f\u0259xsin arxivind\u0259n g\u00f6t\u00fcr\u00fcl\u00fcb <\/figcaption><\/figure>\n\n\n\n<p>&#8220;Pul m\u00fckafat\u0131 onlar \u00fc\u00e7\u00fcn \u0259lav\u0259 ciddi stimuldur. M\u0259s\u0259l\u0259n, g\u0259ncliyimd\u0259 \u201cKVN\u201dd\u0259 \u00e7\u0131x\u0131\u015f ed\u0259rk\u0259n, buna g\u00f6r\u0259 m\u0259n\u0259 pul verilmirdi. \u018fksin\u0259, s\u0259hn\u0259y\u0259 \u00e7\u0131xmaq \u00fc\u00e7\u00fcn \u00f6z pulumuzu x\u0259rcl\u0259yirdik ki, tama\u015fa\u00e7\u0131 bizi b\u0259y\u0259nsin, alq\u0131\u015flas\u0131n. O vaxtlar m\u0259rhum Anar M\u0259mm\u0259dxanov biz\u0259 \u00e7ox d\u0259st\u0259k olub. M\u00fcraci\u0259t ed\u0259n g\u0259ncl\u0259rin haz\u0131rl\u0131q s\u0259viyy\u0259si q\u0259na\u0259tb\u0259x\u015fdir, onlar layih\u0259nin t\u0259l\u0259bl\u0259rin\u0259, \u0259sas\u0259n, uy\u011fun g\u0259lirl\u0259r\u201d, &#8211; dey\u0259 o qeyd edib.<\/p>\n\n\n\n<p>\u201cComedy Bazaar\u201d m\u00fcsabiq\u0259si Az\u0259rbaycanda ilk d\u0259f\u0259 2021-ci ild\u0259 t\u0259qdim edilib.<\/p>\n\n\n\n<p>M\u00fcsabiq\u0259nin Rusiyada \u201cComedy battl\u201d analoqu var.<\/p>\n\n\n\n<p>Teymur K\u0259rimov iki d\u0259f\u0259 h\u0259min m\u00fcsabiq\u0259nin se\u00e7im turlar\u0131nda i\u015ftirak edib. Daha sonra m\u00fcsabiq\u0259ni Az\u0259rbaycanda ke\u00e7irm\u0259k q\u0259rar\u0131na g\u0259lib.<\/p>\n\n\n\n<p>\u201cKe\u00e7\u0259n il se\u00e7im turlar\u0131 il\u0259 ba\u011fl\u0131 \u201c\u0130nstagram\u201d s\u0259hif\u0259mizd\u0259 elan yerl\u0259\u015fdirdik. M\u00fcraci\u0259t ed\u0259nl\u0259rin aras\u0131ndan 24 n\u0259f\u0259ri se\u00e7dik. Onlardan be\u015f n\u0259f\u0259r Az\u0259rbaycan, qalanlar\u0131 is\u0259 rus dilind\u0259 \u00e7\u0131x\u0131\u015f edirdil\u0259r. M\u00fcnsif \u00fczvl\u0259ri m\u0259n, \u015e\u00f6vqi \u0130brahimov v\u0259 H\u00fcseyn \u015eahverdiyevd\u0259n ibar\u0259t idi. Layih\u0259 \u00fcmumilikd\u0259 yanvar-may aylar\u0131n\u0131 \u0259hat\u0259 etdi. 1\/4, yar\u0131mfinal v\u0259 final m\u0259rh\u0259l\u0259l\u0259rind\u0259n ibar\u0259t on iki \u00e7\u0131x\u0131\u015f oldu. Qalib\u0259 m\u00fckafat fondu t\u0259r\u0259find\u0259n 500 manat verildi\u201d, &#8211; Teymur K\u0259rimov deyib.<\/p>\n\n\n\n<p>\u201cComedy Bazaar\u201d m\u00fcsabiq\u0259si \u201cYouTube\u201dda t\u0259qdim olunacaq.<\/p>\n\n\n\n<p>M\u00fcsabiq\u0259nin davaml\u0131 ke\u00e7irilm\u0259si planla\u015fd\u0131r\u0131l\u0131r.<\/p>\n\n\n\n<p><\/p>\n\n\n\n<p><\/p>\n\n\n\n<p><\/p>\n","protected":false},"excerpt":{"rendered":"<p>Qalib\u0259 2 min manat pul m\u00fckafat\u0131 veril\u0259c\u0259k Az\u0259rbaycanda \u201cComedy Bazaar\u201d &#8230; <\/p>\n<p class=\"read-more-container\"><a title=\"\u201cComedy Bazaar\u201d\u0131n yeni m\u00f6vs\u00fcm\u00fcn\u0259 start verilir\" class=\"read-more button\" href=\"https:\/\/www.meydan.tv\/az\/article\/comedy-bazaarin-yeni-movsumune-start-verilir\/#more-244491\" aria-label=\"Read more about \u201cComedy Bazaar\u201d\u0131n yeni m\u00f6vs\u00fcm\u00fcn\u0259 start verilir\">Davam\u0131<\/a><\/p>\n","protected":false},"author":8,"featured_media":244493,"comment_status":"closed","ping_status":"closed","sticky":false,"template":"","format":"standard","meta":{"_acf_changed":false,"_sitemap_exclude":false,"_sitemap_priority":"","_sitemap_frequency":"","footnotes":""},"categories":[52,56],"tags":[],"class_list":["post-244491","post","type-post","status-publish","format-standard","has-post-thumbnail","hentry","category-medeniyyet","category-xeberler","infinite-scroll-item","generate-columns","tablet-grid-50","mobile-grid-100","grid-parent","grid-33","no-featured-image-padding"],"acf":[],"yoast_head":"<!-- This site is optimized with the Yoast SEO plugin v27.5 - https:\/\/yoast.com\/product\/yoast-seo-wordpress\/ -->\n<title>\u201cComedy Bazaar\u201d\u0131n yeni m\u00f6vs\u00fcm\u00fcn\u0259 start verilir - MEYDAN.TV<\/title>\n<meta name=\"robots\" content=\"index, follow, max-snippet:-1, max-image-preview:large, max-video-preview:-1\" \/>\n<link rel=\"canonical\" href=\"https:\/\/www.meydan.tv\/az\/article\/comedy-bazaarin-yeni-movsumune-start-verilir\/\" \/>\n<meta property=\"og:locale\" content=\"az_AZ\" \/>\n<meta property=\"og:type\" content=\"article\" \/>\n<meta property=\"og:title\" content=\"\u201cComedy Bazaar\u201d\u0131n yeni m\u00f6vs\u00fcm\u00fcn\u0259 start verilir - MEYDAN.TV\" \/>\n<meta property=\"og:description\" content=\"Qalib\u0259 2 min manat pul m\u00fckafat\u0131 veril\u0259c\u0259k Az\u0259rbaycanda \u201cComedy Bazaar\u201d ... Davam\u0131\" \/>\n<meta property=\"og:url\" content=\"https:\/\/www.meydan.tv\/az\/article\/comedy-bazaarin-yeni-movsumune-start-verilir\/\" \/>\n<meta property=\"og:site_name\" content=\"MEYDAN.TV\" \/>\n<meta property=\"article:published_time\" content=\"2022-05-06T13:39:01+00:00\" \/>\n<meta property=\"article:modified_time\" content=\"2022-05-06T13:39:07+00:00\" \/>\n<meta property=\"og:image\" content=\"https:\/\/www.meydan.tv\/wp-content\/uploads\/cominq.png\" \/>\n\t<meta property=\"og:image:width\" content=\"1200\" \/>\n\t<meta property=\"og:image:height\" content=\"1003\" \/>\n\t<meta property=\"og:image:type\" content=\"image\/png\" \/>\n<meta name=\"author\" content=\"elli\" \/>\n<meta name=\"twitter:card\" content=\"summary_large_image\" \/>\n<meta name=\"twitter:creator\" content=\"@elli\" \/>\n<script type=\"application\/ld+json\" class=\"yoast-schema-graph\">{\"@context\":\"https:\\\/\\\/schema.org\",\"@graph\":[{\"@type\":\"Article\",\"@id\":\"https:\\\/\\\/www.meydan.tv\\\/az\\\/article\\\/comedy-bazaarin-yeni-movsumune-start-verilir\\\/#article\",\"isPartOf\":{\"@id\":\"https:\\\/\\\/www.meydan.tv\\\/az\\\/article\\\/comedy-bazaarin-yeni-movsumune-start-verilir\\\/\"},\"author\":{\"name\":\"elli\",\"@id\":\"https:\\\/\\\/www.meydan.tv\\\/az\\\/#\\\/schema\\\/person\\\/9cdbecf90d17180ce1dfbd95b08dcf47\"},\"headline\":\"\u201cComedy Bazaar\u201d\u0131n yeni m\u00f6vs\u00fcm\u00fcn\u0259 start verilir\",\"datePublished\":\"2022-05-06T13:39:01+00:00\",\"dateModified\":\"2022-05-06T13:39:07+00:00\",\"mainEntityOfPage\":{\"@id\":\"https:\\\/\\\/www.meydan.tv\\\/az\\\/article\\\/comedy-bazaarin-yeni-movsumune-start-verilir\\\/\"},\"wordCount\":664,\"publisher\":{\"@id\":\"https:\\\/\\\/www.meydan.tv\\\/az\\\/#organization\"},\"image\":{\"@id\":\"https:\\\/\\\/www.meydan.tv\\\/az\\\/article\\\/comedy-bazaarin-yeni-movsumune-start-verilir\\\/#primaryimage\"},\"thumbnailUrl\":\"https:\\\/\\\/www.meydan.tv\\\/wp-content\\\/uploads\\\/cominq.png\",\"articleSection\":[\"M\u0259d\u0259niyy\u0259t\",\"X\u0259b\u0259rl\u0259r\"],\"inLanguage\":\"az\"},{\"@type\":\"WebPage\",\"@id\":\"https:\\\/\\\/www.meydan.tv\\\/az\\\/article\\\/comedy-bazaarin-yeni-movsumune-start-verilir\\\/\",\"url\":\"https:\\\/\\\/www.meydan.tv\\\/az\\\/article\\\/comedy-bazaarin-yeni-movsumune-start-verilir\\\/\",\"name\":\"\u201cComedy Bazaar\u201d\u0131n yeni m\u00f6vs\u00fcm\u00fcn\u0259 start verilir - MEYDAN.TV\",\"isPartOf\":{\"@id\":\"https:\\\/\\\/www.meydan.tv\\\/az\\\/#website\"},\"primaryImageOfPage\":{\"@id\":\"https:\\\/\\\/www.meydan.tv\\\/az\\\/article\\\/comedy-bazaarin-yeni-movsumune-start-verilir\\\/#primaryimage\"},\"image\":{\"@id\":\"https:\\\/\\\/www.meydan.tv\\\/az\\\/article\\\/comedy-bazaarin-yeni-movsumune-start-verilir\\\/#primaryimage\"},\"thumbnailUrl\":\"https:\\\/\\\/www.meydan.tv\\\/wp-content\\\/uploads\\\/cominq.png\",\"datePublished\":\"2022-05-06T13:39:01+00:00\",\"dateModified\":\"2022-05-06T13:39:07+00:00\",\"breadcrumb\":{\"@id\":\"https:\\\/\\\/www.meydan.tv\\\/az\\\/article\\\/comedy-bazaarin-yeni-movsumune-start-verilir\\\/#breadcrumb\"},\"inLanguage\":\"az\",\"potentialAction\":[{\"@type\":\"ReadAction\",\"target\":[\"https:\\\/\\\/www.meydan.tv\\\/az\\\/article\\\/comedy-bazaarin-yeni-movsumune-start-verilir\\\/\"]}]},{\"@type\":\"ImageObject\",\"inLanguage\":\"az\",\"@id\":\"https:\\\/\\\/www.meydan.tv\\\/az\\\/article\\\/comedy-bazaarin-yeni-movsumune-start-verilir\\\/#primaryimage\",\"url\":\"https:\\\/\\\/www.meydan.tv\\\/wp-content\\\/uploads\\\/cominq.png\",\"contentUrl\":\"https:\\\/\\\/www.meydan.tv\\\/wp-content\\\/uploads\\\/cominq.png\",\"width\":1200,\"height\":1003,\"caption\":\"Foto: \u201cComedy Bazaar\"},{\"@type\":\"BreadcrumbList\",\"@id\":\"https:\\\/\\\/www.meydan.tv\\\/az\\\/article\\\/comedy-bazaarin-yeni-movsumune-start-verilir\\\/#breadcrumb\",\"itemListElement\":[{\"@type\":\"ListItem\",\"position\":1,\"name\":\"Ana s\u0259hif\u0259\",\"item\":\"https:\\\/\\\/www.meydan.tv\\\/az\\\/\"},{\"@type\":\"ListItem\",\"position\":2,\"name\":\"M\u0259d\u0259niyy\u0259t\",\"item\":\"https:\\\/\\\/www.meydan.tv\\\/az\\\/section\\\/medeniyyet\\\/\"},{\"@type\":\"ListItem\",\"position\":3,\"name\":\"\u201cComedy Bazaar\u201d\u0131n yeni m\u00f6vs\u00fcm\u00fcn\u0259 start verilir\"}]},{\"@type\":\"WebSite\",\"@id\":\"https:\\\/\\\/www.meydan.tv\\\/az\\\/#website\",\"url\":\"https:\\\/\\\/www.meydan.tv\\\/az\\\/\",\"name\":\"MEYDAN.TV\",\"description\":\"Meydan TV Az\u0259rbaycan\u0131n media m\u0259kan\u0131ndak\u0131 alternativ s\u0259sidir\",\"publisher\":{\"@id\":\"https:\\\/\\\/www.meydan.tv\\\/az\\\/#organization\"},\"potentialAction\":[{\"@type\":\"SearchAction\",\"target\":{\"@type\":\"EntryPoint\",\"urlTemplate\":\"https:\\\/\\\/www.meydan.tv\\\/az\\\/?s={search_term_string}\"},\"query-input\":{\"@type\":\"PropertyValueSpecification\",\"valueRequired\":true,\"valueName\":\"search_term_string\"}}],\"inLanguage\":\"az\"},{\"@type\":\"Organization\",\"@id\":\"https:\\\/\\\/www.meydan.tv\\\/az\\\/#organization\",\"name\":\"Meydan TV\",\"url\":\"https:\\\/\\\/www.meydan.tv\\\/az\\\/\",\"logo\":{\"@type\":\"ImageObject\",\"inLanguage\":\"az\",\"@id\":\"https:\\\/\\\/www.meydan.tv\\\/az\\\/#\\\/schema\\\/logo\\\/image\\\/\",\"url\":\"https:\\\/\\\/www.meydan.tv\\\/wp-content\\\/uploads\\\/2021\\\/07\\\/meydan-logo.svg\",\"contentUrl\":\"https:\\\/\\\/www.meydan.tv\\\/wp-content\\\/uploads\\\/2021\\\/07\\\/meydan-logo.svg\",\"width\":195,\"height\":46,\"caption\":\"Meydan TV\"},\"image\":{\"@id\":\"https:\\\/\\\/www.meydan.tv\\\/az\\\/#\\\/schema\\\/logo\\\/image\\\/\"}},{\"@type\":\"Person\",\"@id\":\"https:\\\/\\\/www.meydan.tv\\\/az\\\/#\\\/schema\\\/person\\\/9cdbecf90d17180ce1dfbd95b08dcf47\",\"name\":\"elli\",\"sameAs\":[\"https:\\\/\\\/x.com\\\/elli\"]}]}<\/script>\n<!-- \/ Yoast SEO plugin. -->","yoast_head_json":{"title":"\u201cComedy Bazaar\u201d\u0131n yeni m\u00f6vs\u00fcm\u00fcn\u0259 start verilir - MEYDAN.TV","robots":{"index":"index","follow":"follow","max-snippet":"max-snippet:-1","max-image-preview":"max-image-preview:large","max-video-preview":"max-video-preview:-1"},"canonical":"https:\/\/www.meydan.tv\/az\/article\/comedy-bazaarin-yeni-movsumune-start-verilir\/","og_locale":"az_AZ","og_type":"article","og_title":"\u201cComedy Bazaar\u201d\u0131n yeni m\u00f6vs\u00fcm\u00fcn\u0259 start verilir - MEYDAN.TV","og_description":"Qalib\u0259 2 min manat pul m\u00fckafat\u0131 veril\u0259c\u0259k Az\u0259rbaycanda \u201cComedy Bazaar\u201d ... Davam\u0131","og_url":"https:\/\/www.meydan.tv\/az\/article\/comedy-bazaarin-yeni-movsumune-start-verilir\/","og_site_name":"MEYDAN.TV","article_published_time":"2022-05-06T13:39:01+00:00","article_modified_time":"2022-05-06T13:39:07+00:00","og_image":[{"width":1200,"height":1003,"url":"https:\/\/www.meydan.tv\/wp-content\/uploads\/cominq.png","type":"image\/png"}],"author":"elli","twitter_card":"summary_large_image","twitter_creator":"@elli","schema":{"@context":"https:\/\/schema.org","@graph":[{"@type":"Article","@id":"https:\/\/www.meydan.tv\/az\/article\/comedy-bazaarin-yeni-movsumune-start-verilir\/#article","isPartOf":{"@id":"https:\/\/www.meydan.tv\/az\/article\/comedy-bazaarin-yeni-movsumune-start-verilir\/"},"author":{"name":"elli","@id":"https:\/\/www.meydan.tv\/az\/#\/schema\/person\/9cdbecf90d17180ce1dfbd95b08dcf47"},"headline":"\u201cComedy Bazaar\u201d\u0131n yeni m\u00f6vs\u00fcm\u00fcn\u0259 start verilir","datePublished":"2022-05-06T13:39:01+00:00","dateModified":"2022-05-06T13:39:07+00:00","mainEntityOfPage":{"@id":"https:\/\/www.meydan.tv\/az\/article\/comedy-bazaarin-yeni-movsumune-start-verilir\/"},"wordCount":664,"publisher":{"@id":"https:\/\/www.meydan.tv\/az\/#organization"},"image":{"@id":"https:\/\/www.meydan.tv\/az\/article\/comedy-bazaarin-yeni-movsumune-start-verilir\/#primaryimage"},"thumbnailUrl":"https:\/\/www.meydan.tv\/wp-content\/uploads\/cominq.png","articleSection":["M\u0259d\u0259niyy\u0259t","X\u0259b\u0259rl\u0259r"],"inLanguage":"az"},{"@type":"WebPage","@id":"https:\/\/www.meydan.tv\/az\/article\/comedy-bazaarin-yeni-movsumune-start-verilir\/","url":"https:\/\/www.meydan.tv\/az\/article\/comedy-bazaarin-yeni-movsumune-start-verilir\/","name":"\u201cComedy Bazaar\u201d\u0131n yeni m\u00f6vs\u00fcm\u00fcn\u0259 start verilir - MEYDAN.TV","isPartOf":{"@id":"https:\/\/www.meydan.tv\/az\/#website"},"primaryImageOfPage":{"@id":"https:\/\/www.meydan.tv\/az\/article\/comedy-bazaarin-yeni-movsumune-start-verilir\/#primaryimage"},"image":{"@id":"https:\/\/www.meydan.tv\/az\/article\/comedy-bazaarin-yeni-movsumune-start-verilir\/#primaryimage"},"thumbnailUrl":"https:\/\/www.meydan.tv\/wp-content\/uploads\/cominq.png","datePublished":"2022-05-06T13:39:01+00:00","dateModified":"2022-05-06T13:39:07+00:00","breadcrumb":{"@id":"https:\/\/www.meydan.tv\/az\/article\/comedy-bazaarin-yeni-movsumune-start-verilir\/#breadcrumb"},"inLanguage":"az","potentialAction":[{"@type":"ReadAction","target":["https:\/\/www.meydan.tv\/az\/article\/comedy-bazaarin-yeni-movsumune-start-verilir\/"]}]},{"@type":"ImageObject","inLanguage":"az","@id":"https:\/\/www.meydan.tv\/az\/article\/comedy-bazaarin-yeni-movsumune-start-verilir\/#primaryimage","url":"https:\/\/www.meydan.tv\/wp-content\/uploads\/cominq.png","contentUrl":"https:\/\/www.meydan.tv\/wp-content\/uploads\/cominq.png","width":1200,"height":1003,"caption":"Foto: \u201cComedy Bazaar"},{"@type":"BreadcrumbList","@id":"https:\/\/www.meydan.tv\/az\/article\/comedy-bazaarin-yeni-movsumune-start-verilir\/#breadcrumb","itemListElement":[{"@type":"ListItem","position":1,"name":"Ana s\u0259hif\u0259","item":"https:\/\/www.meydan.tv\/az\/"},{"@type":"ListItem","position":2,"name":"M\u0259d\u0259niyy\u0259t","item":"https:\/\/www.meydan.tv\/az\/section\/medeniyyet\/"},{"@type":"ListItem","position":3,"name":"\u201cComedy Bazaar\u201d\u0131n yeni m\u00f6vs\u00fcm\u00fcn\u0259 start verilir"}]},{"@type":"WebSite","@id":"https:\/\/www.meydan.tv\/az\/#website","url":"https:\/\/www.meydan.tv\/az\/","name":"MEYDAN.TV","description":"Meydan TV Az\u0259rbaycan\u0131n media m\u0259kan\u0131ndak\u0131 alternativ s\u0259sidir","publisher":{"@id":"https:\/\/www.meydan.tv\/az\/#organization"},"potentialAction":[{"@type":"SearchAction","target":{"@type":"EntryPoint","urlTemplate":"https:\/\/www.meydan.tv\/az\/?s={search_term_string}"},"query-input":{"@type":"PropertyValueSpecification","valueRequired":true,"valueName":"search_term_string"}}],"inLanguage":"az"},{"@type":"Organization","@id":"https:\/\/www.meydan.tv\/az\/#organization","name":"Meydan TV","url":"https:\/\/www.meydan.tv\/az\/","logo":{"@type":"ImageObject","inLanguage":"az","@id":"https:\/\/www.meydan.tv\/az\/#\/schema\/logo\/image\/","url":"https:\/\/www.meydan.tv\/wp-content\/uploads\/2021\/07\/meydan-logo.svg","contentUrl":"https:\/\/www.meydan.tv\/wp-content\/uploads\/2021\/07\/meydan-logo.svg","width":195,"height":46,"caption":"Meydan TV"},"image":{"@id":"https:\/\/www.meydan.tv\/az\/#\/schema\/logo\/image\/"}},{"@type":"Person","@id":"https:\/\/www.meydan.tv\/az\/#\/schema\/person\/9cdbecf90d17180ce1dfbd95b08dcf47","name":"elli","sameAs":["https:\/\/x.com\/elli"]}]}},"_links":{"self":[{"href":"https:\/\/www.meydan.tv\/az\/wp-json\/wp\/v2\/posts\/244491","targetHints":{"allow":["GET"]}}],"collection":[{"href":"https:\/\/www.meydan.tv\/az\/wp-json\/wp\/v2\/posts"}],"about":[{"href":"https:\/\/www.meydan.tv\/az\/wp-json\/wp\/v2\/types\/post"}],"author":[{"embeddable":true,"href":"https:\/\/www.meydan.tv\/az\/wp-json\/wp\/v2\/users\/8"}],"replies":[{"embeddable":true,"href":"https:\/\/www.meydan.tv\/az\/wp-json\/wp\/v2\/comments?post=244491"}],"version-history":[{"count":1,"href":"https:\/\/www.meydan.tv\/az\/wp-json\/wp\/v2\/posts\/244491\/revisions"}],"predecessor-version":[{"id":244492,"href":"https:\/\/www.meydan.tv\/az\/wp-json\/wp\/v2\/posts\/244491\/revisions\/244492"}],"wp:featuredmedia":[{"embeddable":true,"href":"https:\/\/www.meydan.tv\/az\/wp-json\/wp\/v2\/media\/244493"}],"wp:attachment":[{"href":"https:\/\/www.meydan.tv\/az\/wp-json\/wp\/v2\/media?parent=244491"}],"wp:term":[{"taxonomy":"category","embeddable":true,"href":"https:\/\/www.meydan.tv\/az\/wp-json\/wp\/v2\/categories?post=244491"},{"taxonomy":"post_tag","embeddable":true,"href":"https:\/\/www.meydan.tv\/az\/wp-json\/wp\/v2\/tags?post=244491"}],"curies":[{"name":"wp","href":"https:\/\/api.w.org\/{rel}","templated":true}]}}