{"id":244467,"date":"2022-05-06T16:21:57","date_gmt":"2022-05-06T12:21:57","guid":{"rendered":"https:\/\/www.meydan.tv\/?p=244467"},"modified":"2022-05-06T16:21:59","modified_gmt":"2022-05-06T12:21:59","slug":"ust-covid-19-dan-15-milyonadek-insan-olub","status":"publish","type":"post","link":"https:\/\/www.meydan.tv\/az\/article\/ust-covid-19-dan-15-milyonadek-insan-olub\/","title":{"rendered":"\u00dcST: &#8221; COV\u0130D-19-dan 15 milyonad\u0259k insan \u00f6l\u00fcb&#8221;"},"content":{"rendered":"\n<p><\/p>\n\n\n\n<p><em>&#8220;Hindistanda 4.7 milyon insan \u00f6l\u00fcb, amma r\u0259q\u0259m gizl\u0259dilir, 10 d\u0259f\u0259 azald\u0131l\u0131b&#8221;<\/em><\/p>\n\n\n\n<p>\u00dcmumd\u00fcnya S\u0259hiyy\u0259 T\u0259\u015fkilat\u0131 (\u00dcST) COV\u0130D-19-un d\u00fcnyada s\u0259b\u0259b oldu\u011fu \u00f6l\u00fcm <a href=\"https:\/\/www.who.int\/data\/stories\/global-excess-deaths-associated-with-covid-19-january-2020-december-2021\" target=\"_blank\" rel=\"noreferrer noopener\">statistika<\/a>s\u0131n\u0131 yay\u0131b.<\/p>\n\n\n\n<p>Bildirilir ki, pandemiya bug\u00fcn\u0259d\u0259k 15 milyonad\u0259k insan\u0131n \u00f6l\u00fcm\u00fcn\u0259 s\u0259b\u0259b olub. Bura s\u0131rf COV\u0130D-19-a yoluxub \u00f6l\u0259nl\u0259r, eyni zamanda, pandemiyan\u0131n yaratd\u0131\u011f\u0131 b\u00f6hran s\u0259b\u0259bind\u0259n tibbi xidm\u0259t \u00e7at\u0131\u015fmazl\u0131\u011f\u0131ndan h\u0259yat\u0131n\u0131 itir\u0259nl\u0259r daxildir.<\/p>\n\n\n\n<p>\u00dcST hesab edib ki, pandemiya ill\u0259rind\u0259 daha \u00e7ox \u0259lav\u0259 insan itkisi ya\u015fan\u0131b.<\/p>\n\n\n\n<p>T\u0259\u015fkilat bu n\u0259tic\u0259y\u0259 pandemiyadan \u00f6nc\u0259ki ill\u0259rin \u00f6l\u00fcm statistikalar\u0131n\u0131 qar\u015f\u0131la\u015fd\u0131raraq g\u0259ldiyini deyir.<\/p>\n\n\n\n<p>\u00dcST-\u00fcn ba\u015f direktoru Tedros Adhanom Gebreyesusun s\u00f6zl\u0259rin\u0259 g\u00f6r\u0259, statistika t\u0259kc\u0259 pandemiyan\u0131n t\u0259sirini yox, h\u0259m d\u0259 \u00f6lk\u0259l\u0259rin daha m\u00f6hk\u0259m s\u0259hiyy\u0259 sisteml\u0259rin\u0259 s\u0259rmay\u0259 qoymal\u0131 oldu\u011funu \u00fcz\u0259 \u00e7\u0131xar\u0131b.<\/p>\n\n\n\n<p>COV\u0130D-19 pandemiyas\u0131n\u0131n ilk 2 ilind\u0259 ba\u015f ver\u0259n \u00f6l\u00fcml\u0259rin \u0259ks\u0259riyy\u0259tinin C\u0259nub-\u015e\u0259rqi Asiya, Avropa v\u0259 Amerikada qeyd\u0259 al\u0131nd\u0131\u011f\u0131 bildirilir.<\/p>\n\n\n\n<p>Ba\u015f ver\u0259n \u00f6l\u00fcm hallar\u0131n\u0131n \u00fc\u00e7d\u0259 ikisi 10 \u00f6lk\u0259d\u0259, o c\u00fcml\u0259d\u0259n AB\u015e-da ya\u015fan\u0131b.<\/p>\n\n\n\n<p>Bildirilir ki, r\u0259smi r\u0259q\u0259ml\u0259r\u0259 g\u00f6r\u0259 AB\u015e-da 1 milyona yax\u0131n insan koronavirusdan \u00f6l\u00fcb.<\/p>\n\n\n\n<p>Statistikaya pandemiya d\u00f6vr\u00fcnd\u0259 s\u0259hiyy\u0259 sisteml\u0259ri y\u00fckl\u0259ndiyind\u0259n m\u00fcalic\u0259 ala bilm\u0259y\u0259nl\u0259r daxil edilm\u0259yib.<\/p>\n\n\n\n<p>Virciniya Kommonvels Universitetinin Tibb M\u0259kt\u0259bind\u0259 C\u0259miyy\u0259t v\u0259 S\u0259hiyy\u0259 M\u0259rk\u0259zinin f\u0259xri direktoru Stiven H. Vulf bildirib ki, yuxar g\u0259lirli \u00f6lk\u0259l\u0259r i\u00e7ind\u0259 koronavirusdan \u0259n y\u00fcks\u0259k \u00f6l\u00fcm say\u0131 m\u0259hz AB\u015e-da qeyd\u0259 al\u0131n\u0131b.<\/p>\n\n\n\n<p>Onun fikrinc\u0259, buradan pandemiyan\u0131n n\u0259h\u0259ng sayda h\u0259yat itkisin\u0259 s\u0259b\u0259b oldu\u011fu g\u00f6r\u00fcn\u00fcr.<\/p>\n\n\n\n<p>Statistikada qeyd edil\u0259n \u0259lav\u0259 \u00f6l\u00fcml\u0259rin 81 faizi ortag\u0259lirli, 53 faizi is\u0259 a\u015fa\u011f\u0131-ortag\u0259lirli \u00f6lk\u0259l\u0259rd\u0259 ya\u015fan\u0131b. \u018flav\u0259 \u00f6l\u00fcml\u0259r yuxar\u0131 g\u0259lirli \u00f6lk\u0259l\u0259rd\u0259 15, azg\u0259lirli \u00f6lk\u0259l\u0259rd\u0259 4 faiz olub.<\/p>\n\n\n\n<p>Cons Hopkins Universitetinin hesablamas\u0131na g\u00f6r\u0259, d\u00fcnyada koronavirusdan indiy\u0259d\u0259k 6 milyon 200 mind\u0259n \u00e7ox insan \u00f6l\u00fcb. Virusa yoluxanlar\u0131n say\u0131 is\u0259 500 milyondan art\u0131qd\u0131r.<\/p>\n\n\n\n<p>\u00dcST bildirib ki, COV\u0130D-19 Hindistanda 4.7 milyon n\u0259f\u0259rin \u00f6l\u00fcm\u00fcn\u0259 s\u0259b\u0259b olub. Lakin Hindistan h\u00f6kum\u0259ti \u0259sl r\u0259q\u0259ml\u0259ri gizl\u0259dir. Onlar\u0131n a\u00e7\u0131qlad\u0131\u011f\u0131 r\u0259q\u0259m 4.7 milyondan 10 d\u0259f\u0259 azd\u0131r.<\/p>\n\n\n\n<p>\u018fn son a\u00e7\u0131qlanan statistikaya g\u00f6r\u0259, Az\u0259rbaycanda indiy\u0259d\u0259k koronavirusdan 9 min 700-d\u0259n \u00e7ox \u00f6l\u00fcm v\u0259 792 mind\u0259n \u00e7ox yoluxma t\u0259sdiql\u0259nib.<\/p>\n\n\n\n<p>2019-cu ilin sonlar\u0131nda d\u00fcnyada yeni koronavirus a\u015fkar edilib.<\/p>\n\n\n\n<p>2020-ci il mart\u0131n 11-d\u0259 \u00dcmumd\u00fcnya S\u0259hiyy\u0259 T\u0259\u015fkilat\u0131 koronavirusu pandemiya elan edib.<\/p>\n\n\n\n<p>D\u00fcnyada s\u00fcr\u0259tl\u0259 yay\u0131lan bu virusdan indiy\u0259d\u0259k 15 milyondan \u00e7ox insan\u0131n \u00f6ld\u00fcy\u00fc bildirilir.<\/p>\n","protected":false},"excerpt":{"rendered":"<p>&#8220;Hindistanda 4.7 milyon insan \u00f6l\u00fcb, amma r\u0259q\u0259m gizl\u0259dilir, 10 d\u0259f\u0259 &#8230; <\/p>\n<p class=\"read-more-container\"><a title=\"\u00dcST: &#8221; COV\u0130D-19-dan 15 milyonad\u0259k insan \u00f6l\u00fcb&#8221;\" class=\"read-more button\" href=\"https:\/\/www.meydan.tv\/az\/article\/ust-covid-19-dan-15-milyonadek-insan-olub\/#more-244467\" aria-label=\"Read more about \u00dcST: &#8221; COV\u0130D-19-dan 15 milyonad\u0259k insan \u00f6l\u00fcb&#8221;\">Davam\u0131<\/a><\/p>\n","protected":false},"author":8,"featured_media":244468,"comment_status":"closed","ping_status":"closed","sticky":false,"template":"","format":"standard","meta":{"_acf_changed":false,"_sitemap_exclude":false,"_sitemap_priority":"","_sitemap_frequency":"","footnotes":""},"categories":[54,79,56],"tags":[],"class_list":["post-244467","post","type-post","status-publish","format-standard","has-post-thumbnail","hentry","category-sagliq","category-featured","category-xeberler","infinite-scroll-item","generate-columns","tablet-grid-50","mobile-grid-100","grid-parent","grid-33","no-featured-image-padding"],"acf":[],"yoast_head":"<!-- This site is optimized with the Yoast SEO plugin v27.4 - https:\/\/yoast.com\/product\/yoast-seo-wordpress\/ -->\n<title>\u00dcST: &quot; COV\u0130D-19-dan 15 milyonad\u0259k insan \u00f6l\u00fcb&quot; - MEYDAN.TV<\/title>\n<meta name=\"robots\" content=\"index, follow, max-snippet:-1, max-image-preview:large, max-video-preview:-1\" \/>\n<link rel=\"canonical\" href=\"https:\/\/www.meydan.tv\/az\/article\/ust-covid-19-dan-15-milyonadek-insan-olub\/\" \/>\n<meta property=\"og:locale\" content=\"az_AZ\" \/>\n<meta property=\"og:type\" content=\"article\" \/>\n<meta property=\"og:title\" content=\"\u00dcST: &quot; COV\u0130D-19-dan 15 milyonad\u0259k insan \u00f6l\u00fcb&quot; - MEYDAN.TV\" \/>\n<meta property=\"og:description\" content=\"&#8220;Hindistanda 4.7 milyon insan \u00f6l\u00fcb, amma r\u0259q\u0259m gizl\u0259dilir, 10 d\u0259f\u0259 ... Davam\u0131\" \/>\n<meta property=\"og:url\" content=\"https:\/\/www.meydan.tv\/az\/article\/ust-covid-19-dan-15-milyonadek-insan-olub\/\" \/>\n<meta property=\"og:site_name\" content=\"MEYDAN.TV\" \/>\n<meta property=\"article:published_time\" content=\"2022-05-06T12:21:57+00:00\" \/>\n<meta property=\"article:modified_time\" content=\"2022-05-06T12:21:59+00:00\" \/>\n<meta property=\"og:image\" content=\"https:\/\/www.meydan.tv\/wp-content\/uploads\/shutterstock_1753489781-e1651838531288.jpg\" \/>\n\t<meta property=\"og:image:width\" content=\"1200\" \/>\n\t<meta property=\"og:image:height\" content=\"675\" \/>\n\t<meta property=\"og:image:type\" content=\"image\/jpeg\" \/>\n<meta name=\"author\" content=\"elli\" \/>\n<meta name=\"twitter:card\" content=\"summary_large_image\" \/>\n<meta name=\"twitter:creator\" content=\"@elli\" \/>\n<script type=\"application\/ld+json\" class=\"yoast-schema-graph\">{\"@context\":\"https:\\\/\\\/schema.org\",\"@graph\":[{\"@type\":\"Article\",\"@id\":\"https:\\\/\\\/www.meydan.tv\\\/az\\\/article\\\/ust-covid-19-dan-15-milyonadek-insan-olub\\\/#article\",\"isPartOf\":{\"@id\":\"https:\\\/\\\/www.meydan.tv\\\/az\\\/article\\\/ust-covid-19-dan-15-milyonadek-insan-olub\\\/\"},\"author\":{\"name\":\"elli\",\"@id\":\"https:\\\/\\\/www.meydan.tv\\\/az\\\/#\\\/schema\\\/person\\\/9cdbecf90d17180ce1dfbd95b08dcf47\"},\"headline\":\"\u00dcST: &#8221; COV\u0130D-19-dan 15 milyonad\u0259k insan \u00f6l\u00fcb&#8221;\",\"datePublished\":\"2022-05-06T12:21:57+00:00\",\"dateModified\":\"2022-05-06T12:21:59+00:00\",\"mainEntityOfPage\":{\"@id\":\"https:\\\/\\\/www.meydan.tv\\\/az\\\/article\\\/ust-covid-19-dan-15-milyonadek-insan-olub\\\/\"},\"wordCount\":521,\"publisher\":{\"@id\":\"https:\\\/\\\/www.meydan.tv\\\/az\\\/#organization\"},\"image\":{\"@id\":\"https:\\\/\\\/www.meydan.tv\\\/az\\\/article\\\/ust-covid-19-dan-15-milyonadek-insan-olub\\\/#primaryimage\"},\"thumbnailUrl\":\"https:\\\/\\\/www.meydan.tv\\\/wp-content\\\/uploads\\\/shutterstock_1753489781-e1651838531288.jpg\",\"articleSection\":[\"Sa\u011fl\u0131q\",\"T\u00f6vsiy\u0259\",\"X\u0259b\u0259rl\u0259r\"],\"inLanguage\":\"az\"},{\"@type\":\"WebPage\",\"@id\":\"https:\\\/\\\/www.meydan.tv\\\/az\\\/article\\\/ust-covid-19-dan-15-milyonadek-insan-olub\\\/\",\"url\":\"https:\\\/\\\/www.meydan.tv\\\/az\\\/article\\\/ust-covid-19-dan-15-milyonadek-insan-olub\\\/\",\"name\":\"\u00dcST: \\\" COV\u0130D-19-dan 15 milyonad\u0259k insan \u00f6l\u00fcb\\\" - MEYDAN.TV\",\"isPartOf\":{\"@id\":\"https:\\\/\\\/www.meydan.tv\\\/az\\\/#website\"},\"primaryImageOfPage\":{\"@id\":\"https:\\\/\\\/www.meydan.tv\\\/az\\\/article\\\/ust-covid-19-dan-15-milyonadek-insan-olub\\\/#primaryimage\"},\"image\":{\"@id\":\"https:\\\/\\\/www.meydan.tv\\\/az\\\/article\\\/ust-covid-19-dan-15-milyonadek-insan-olub\\\/#primaryimage\"},\"thumbnailUrl\":\"https:\\\/\\\/www.meydan.tv\\\/wp-content\\\/uploads\\\/shutterstock_1753489781-e1651838531288.jpg\",\"datePublished\":\"2022-05-06T12:21:57+00:00\",\"dateModified\":\"2022-05-06T12:21:59+00:00\",\"breadcrumb\":{\"@id\":\"https:\\\/\\\/www.meydan.tv\\\/az\\\/article\\\/ust-covid-19-dan-15-milyonadek-insan-olub\\\/#breadcrumb\"},\"inLanguage\":\"az\",\"potentialAction\":[{\"@type\":\"ReadAction\",\"target\":[\"https:\\\/\\\/www.meydan.tv\\\/az\\\/article\\\/ust-covid-19-dan-15-milyonadek-insan-olub\\\/\"]}]},{\"@type\":\"ImageObject\",\"inLanguage\":\"az\",\"@id\":\"https:\\\/\\\/www.meydan.tv\\\/az\\\/article\\\/ust-covid-19-dan-15-milyonadek-insan-olub\\\/#primaryimage\",\"url\":\"https:\\\/\\\/www.meydan.tv\\\/wp-content\\\/uploads\\\/shutterstock_1753489781-e1651838531288.jpg\",\"contentUrl\":\"https:\\\/\\\/www.meydan.tv\\\/wp-content\\\/uploads\\\/shutterstock_1753489781-e1651838531288.jpg\",\"width\":1200,\"height\":675,\"caption\":\"\u00dcmumd\u00fcnya S\u0259hiyy\u0259 T\u0259\u015fkilat\u0131. Foto: rafapress\\\/shutterstock\"},{\"@type\":\"BreadcrumbList\",\"@id\":\"https:\\\/\\\/www.meydan.tv\\\/az\\\/article\\\/ust-covid-19-dan-15-milyonadek-insan-olub\\\/#breadcrumb\",\"itemListElement\":[{\"@type\":\"ListItem\",\"position\":1,\"name\":\"Ana s\u0259hif\u0259\",\"item\":\"https:\\\/\\\/www.meydan.tv\\\/az\\\/\"},{\"@type\":\"ListItem\",\"position\":2,\"name\":\"Sa\u011fl\u0131q\",\"item\":\"https:\\\/\\\/www.meydan.tv\\\/az\\\/section\\\/sagliq\\\/\"},{\"@type\":\"ListItem\",\"position\":3,\"name\":\"\u00dcST: &#8221; COV\u0130D-19-dan 15 milyonad\u0259k insan \u00f6l\u00fcb&#8221;\"}]},{\"@type\":\"WebSite\",\"@id\":\"https:\\\/\\\/www.meydan.tv\\\/az\\\/#website\",\"url\":\"https:\\\/\\\/www.meydan.tv\\\/az\\\/\",\"name\":\"MEYDAN.TV\",\"description\":\"Meydan TV Az\u0259rbaycan\u0131n media m\u0259kan\u0131ndak\u0131 alternativ s\u0259sidir\",\"publisher\":{\"@id\":\"https:\\\/\\\/www.meydan.tv\\\/az\\\/#organization\"},\"potentialAction\":[{\"@type\":\"SearchAction\",\"target\":{\"@type\":\"EntryPoint\",\"urlTemplate\":\"https:\\\/\\\/www.meydan.tv\\\/az\\\/?s={search_term_string}\"},\"query-input\":{\"@type\":\"PropertyValueSpecification\",\"valueRequired\":true,\"valueName\":\"search_term_string\"}}],\"inLanguage\":\"az\"},{\"@type\":\"Organization\",\"@id\":\"https:\\\/\\\/www.meydan.tv\\\/az\\\/#organization\",\"name\":\"Meydan TV\",\"url\":\"https:\\\/\\\/www.meydan.tv\\\/az\\\/\",\"logo\":{\"@type\":\"ImageObject\",\"inLanguage\":\"az\",\"@id\":\"https:\\\/\\\/www.meydan.tv\\\/az\\\/#\\\/schema\\\/logo\\\/image\\\/\",\"url\":\"https:\\\/\\\/www.meydan.tv\\\/wp-content\\\/uploads\\\/2021\\\/07\\\/meydan-logo.svg\",\"contentUrl\":\"https:\\\/\\\/www.meydan.tv\\\/wp-content\\\/uploads\\\/2021\\\/07\\\/meydan-logo.svg\",\"width\":195,\"height\":46,\"caption\":\"Meydan TV\"},\"image\":{\"@id\":\"https:\\\/\\\/www.meydan.tv\\\/az\\\/#\\\/schema\\\/logo\\\/image\\\/\"}},{\"@type\":\"Person\",\"@id\":\"https:\\\/\\\/www.meydan.tv\\\/az\\\/#\\\/schema\\\/person\\\/9cdbecf90d17180ce1dfbd95b08dcf47\",\"name\":\"elli\",\"sameAs\":[\"https:\\\/\\\/x.com\\\/elli\"]}]}<\/script>\n<!-- \/ Yoast SEO plugin. -->","yoast_head_json":{"title":"\u00dcST: \" COV\u0130D-19-dan 15 milyonad\u0259k insan \u00f6l\u00fcb\" - MEYDAN.TV","robots":{"index":"index","follow":"follow","max-snippet":"max-snippet:-1","max-image-preview":"max-image-preview:large","max-video-preview":"max-video-preview:-1"},"canonical":"https:\/\/www.meydan.tv\/az\/article\/ust-covid-19-dan-15-milyonadek-insan-olub\/","og_locale":"az_AZ","og_type":"article","og_title":"\u00dcST: \" COV\u0130D-19-dan 15 milyonad\u0259k insan \u00f6l\u00fcb\" - MEYDAN.TV","og_description":"&#8220;Hindistanda 4.7 milyon insan \u00f6l\u00fcb, amma r\u0259q\u0259m gizl\u0259dilir, 10 d\u0259f\u0259 ... Davam\u0131","og_url":"https:\/\/www.meydan.tv\/az\/article\/ust-covid-19-dan-15-milyonadek-insan-olub\/","og_site_name":"MEYDAN.TV","article_published_time":"2022-05-06T12:21:57+00:00","article_modified_time":"2022-05-06T12:21:59+00:00","og_image":[{"width":1200,"height":675,"url":"https:\/\/www.meydan.tv\/wp-content\/uploads\/shutterstock_1753489781-e1651838531288.jpg","type":"image\/jpeg"}],"author":"elli","twitter_card":"summary_large_image","twitter_creator":"@elli","schema":{"@context":"https:\/\/schema.org","@graph":[{"@type":"Article","@id":"https:\/\/www.meydan.tv\/az\/article\/ust-covid-19-dan-15-milyonadek-insan-olub\/#article","isPartOf":{"@id":"https:\/\/www.meydan.tv\/az\/article\/ust-covid-19-dan-15-milyonadek-insan-olub\/"},"author":{"name":"elli","@id":"https:\/\/www.meydan.tv\/az\/#\/schema\/person\/9cdbecf90d17180ce1dfbd95b08dcf47"},"headline":"\u00dcST: &#8221; COV\u0130D-19-dan 15 milyonad\u0259k insan \u00f6l\u00fcb&#8221;","datePublished":"2022-05-06T12:21:57+00:00","dateModified":"2022-05-06T12:21:59+00:00","mainEntityOfPage":{"@id":"https:\/\/www.meydan.tv\/az\/article\/ust-covid-19-dan-15-milyonadek-insan-olub\/"},"wordCount":521,"publisher":{"@id":"https:\/\/www.meydan.tv\/az\/#organization"},"image":{"@id":"https:\/\/www.meydan.tv\/az\/article\/ust-covid-19-dan-15-milyonadek-insan-olub\/#primaryimage"},"thumbnailUrl":"https:\/\/www.meydan.tv\/wp-content\/uploads\/shutterstock_1753489781-e1651838531288.jpg","articleSection":["Sa\u011fl\u0131q","T\u00f6vsiy\u0259","X\u0259b\u0259rl\u0259r"],"inLanguage":"az"},{"@type":"WebPage","@id":"https:\/\/www.meydan.tv\/az\/article\/ust-covid-19-dan-15-milyonadek-insan-olub\/","url":"https:\/\/www.meydan.tv\/az\/article\/ust-covid-19-dan-15-milyonadek-insan-olub\/","name":"\u00dcST: \" COV\u0130D-19-dan 15 milyonad\u0259k insan \u00f6l\u00fcb\" - MEYDAN.TV","isPartOf":{"@id":"https:\/\/www.meydan.tv\/az\/#website"},"primaryImageOfPage":{"@id":"https:\/\/www.meydan.tv\/az\/article\/ust-covid-19-dan-15-milyonadek-insan-olub\/#primaryimage"},"image":{"@id":"https:\/\/www.meydan.tv\/az\/article\/ust-covid-19-dan-15-milyonadek-insan-olub\/#primaryimage"},"thumbnailUrl":"https:\/\/www.meydan.tv\/wp-content\/uploads\/shutterstock_1753489781-e1651838531288.jpg","datePublished":"2022-05-06T12:21:57+00:00","dateModified":"2022-05-06T12:21:59+00:00","breadcrumb":{"@id":"https:\/\/www.meydan.tv\/az\/article\/ust-covid-19-dan-15-milyonadek-insan-olub\/#breadcrumb"},"inLanguage":"az","potentialAction":[{"@type":"ReadAction","target":["https:\/\/www.meydan.tv\/az\/article\/ust-covid-19-dan-15-milyonadek-insan-olub\/"]}]},{"@type":"ImageObject","inLanguage":"az","@id":"https:\/\/www.meydan.tv\/az\/article\/ust-covid-19-dan-15-milyonadek-insan-olub\/#primaryimage","url":"https:\/\/www.meydan.tv\/wp-content\/uploads\/shutterstock_1753489781-e1651838531288.jpg","contentUrl":"https:\/\/www.meydan.tv\/wp-content\/uploads\/shutterstock_1753489781-e1651838531288.jpg","width":1200,"height":675,"caption":"\u00dcmumd\u00fcnya S\u0259hiyy\u0259 T\u0259\u015fkilat\u0131. Foto: rafapress\/shutterstock"},{"@type":"BreadcrumbList","@id":"https:\/\/www.meydan.tv\/az\/article\/ust-covid-19-dan-15-milyonadek-insan-olub\/#breadcrumb","itemListElement":[{"@type":"ListItem","position":1,"name":"Ana s\u0259hif\u0259","item":"https:\/\/www.meydan.tv\/az\/"},{"@type":"ListItem","position":2,"name":"Sa\u011fl\u0131q","item":"https:\/\/www.meydan.tv\/az\/section\/sagliq\/"},{"@type":"ListItem","position":3,"name":"\u00dcST: &#8221; COV\u0130D-19-dan 15 milyonad\u0259k insan \u00f6l\u00fcb&#8221;"}]},{"@type":"WebSite","@id":"https:\/\/www.meydan.tv\/az\/#website","url":"https:\/\/www.meydan.tv\/az\/","name":"MEYDAN.TV","description":"Meydan TV Az\u0259rbaycan\u0131n media m\u0259kan\u0131ndak\u0131 alternativ s\u0259sidir","publisher":{"@id":"https:\/\/www.meydan.tv\/az\/#organization"},"potentialAction":[{"@type":"SearchAction","target":{"@type":"EntryPoint","urlTemplate":"https:\/\/www.meydan.tv\/az\/?s={search_term_string}"},"query-input":{"@type":"PropertyValueSpecification","valueRequired":true,"valueName":"search_term_string"}}],"inLanguage":"az"},{"@type":"Organization","@id":"https:\/\/www.meydan.tv\/az\/#organization","name":"Meydan TV","url":"https:\/\/www.meydan.tv\/az\/","logo":{"@type":"ImageObject","inLanguage":"az","@id":"https:\/\/www.meydan.tv\/az\/#\/schema\/logo\/image\/","url":"https:\/\/www.meydan.tv\/wp-content\/uploads\/2021\/07\/meydan-logo.svg","contentUrl":"https:\/\/www.meydan.tv\/wp-content\/uploads\/2021\/07\/meydan-logo.svg","width":195,"height":46,"caption":"Meydan TV"},"image":{"@id":"https:\/\/www.meydan.tv\/az\/#\/schema\/logo\/image\/"}},{"@type":"Person","@id":"https:\/\/www.meydan.tv\/az\/#\/schema\/person\/9cdbecf90d17180ce1dfbd95b08dcf47","name":"elli","sameAs":["https:\/\/x.com\/elli"]}]}},"_links":{"self":[{"href":"https:\/\/www.meydan.tv\/az\/wp-json\/wp\/v2\/posts\/244467","targetHints":{"allow":["GET"]}}],"collection":[{"href":"https:\/\/www.meydan.tv\/az\/wp-json\/wp\/v2\/posts"}],"about":[{"href":"https:\/\/www.meydan.tv\/az\/wp-json\/wp\/v2\/types\/post"}],"author":[{"embeddable":true,"href":"https:\/\/www.meydan.tv\/az\/wp-json\/wp\/v2\/users\/8"}],"replies":[{"embeddable":true,"href":"https:\/\/www.meydan.tv\/az\/wp-json\/wp\/v2\/comments?post=244467"}],"version-history":[{"count":1,"href":"https:\/\/www.meydan.tv\/az\/wp-json\/wp\/v2\/posts\/244467\/revisions"}],"predecessor-version":[{"id":244471,"href":"https:\/\/www.meydan.tv\/az\/wp-json\/wp\/v2\/posts\/244467\/revisions\/244471"}],"wp:featuredmedia":[{"embeddable":true,"href":"https:\/\/www.meydan.tv\/az\/wp-json\/wp\/v2\/media\/244468"}],"wp:attachment":[{"href":"https:\/\/www.meydan.tv\/az\/wp-json\/wp\/v2\/media?parent=244467"}],"wp:term":[{"taxonomy":"category","embeddable":true,"href":"https:\/\/www.meydan.tv\/az\/wp-json\/wp\/v2\/categories?post=244467"},{"taxonomy":"post_tag","embeddable":true,"href":"https:\/\/www.meydan.tv\/az\/wp-json\/wp\/v2\/tags?post=244467"}],"curies":[{"name":"wp","href":"https:\/\/api.w.org\/{rel}","templated":true}]}}