{"id":244330,"date":"2022-05-05T12:30:35","date_gmt":"2022-05-05T08:30:35","guid":{"rendered":"https:\/\/www.meydan.tv\/?p=244330"},"modified":"2022-05-05T12:46:32","modified_gmt":"2022-05-05T08:46:32","slug":"ancelina-coli-ukraynada-gorduklerini-paylasdi","status":"publish","type":"post","link":"https:\/\/www.meydan.tv\/az\/article\/ancelina-coli-ukraynada-gorduklerini-paylasdi\/","title":{"rendered":"Ancelina Coli Ukraynada g\u00f6rd\u00fckl\u0259rini payla\u015fd\u0131"},"content":{"rendered":"\n<p><\/p>\n\n\n\n<p><em>&#8220;Da\u015fla oynayan q\u0131zc\u0131\u011faz onun bomba q\u0259lp\u0259si olmas\u0131ndan x\u0259b\u0259rsiz idi&#8221;<\/em><\/p>\n\n\n\n<p>&#8220;Lvovda olark\u0259n m\u0259n\u0259 balaca bir q\u0131zc\u0131\u011faz\u0131n tapd\u0131\u011f\u0131 \u201cx\u00fcsusi da\u015f\u201d\u0131 g\u00f6st\u0259rdil\u0259r. Da\u015fla oynayan q\u0131zc\u0131\u011faz, \u0259lb\u0259tt\u0259 ki, ovcundak\u0131n\u0131n bomba q\u0259lp\u0259si olmas\u0131ndan x\u0259b\u0259rsiz idi. Y\u0259qin ki, onun diqq\u0259tini da\u015f\u0131n qeyri-adi g\u00f6r\u00fcn\u00fc\u015f\u00fc v\u0259 parlaql\u0131\u011f\u0131 c\u0259lb etmi\u015fdi&#8221;.<\/p>\n\n\n\n<p>Bunu bir ne\u00e7\u0259 g\u00fcn \u00f6nc\u0259 Ukraynaya s\u0259f\u0259r ed\u0259n aktrisa, Birl\u0259\u015fmi\u015f Mill\u0259tl\u0259r T\u0259\u015fkilat\u0131n\u0131n (BMT) xo\u015fm\u0259raml\u0131 s\u0259firi Ancelina Coli sosial \u015f\u0259b\u0259k\u0259d\u0259 yaz\u0131b.<\/p>\n\n\n\n<p>Aktrisa h\u0259m\u00e7inin Ukraynadan fotolar da <a href=\"https:\/\/www.instagram.com\/p\/CdJbEWgp_gZ\/\" target=\"_blank\" rel=\"noreferrer noopener\">payla\u015f\u0131b<\/a>.<\/p>\n\n\n\n<p>\u201cBomba v\u0259 ya m\u0259rmi partlayan zaman bu metal q\u0259lp\u0259l\u0259r yax\u0131nl\u0131qda olan insanlar\u0131n b\u0259d\u0259nin\u0259 bataraq par\u00e7alay\u0131r. Kramatorsk va\u011fzal\u0131 bombalananda orada olan u\u015faqlar\u0131n \u00e7oxunun b\u0259d\u0259nin\u0259 bu q\u0259lp\u0259l\u0259rd\u0259n bat\u0131b. H\u0259min q\u0259lp\u0259l\u0259rin b\u0259d\u0259nd\u0259n \u00e7\u0131xar\u0131lmas\u0131 a\u011f\u0131r v\u0259 a\u011fr\u0131l\u0131 prosesdir. H\u0259tta b\u0259zi u\u015faqlar\u0131n h\u0259yati vacib orqanlar\u0131na yax\u0131n olan q\u0259lp\u0259l\u0259r \u00f6l\u00fcm t\u0259hl\u00fck\u0259si yaratd\u0131\u011f\u0131na g\u00f6r\u0259 \u00e7\u0131xar\u0131lmay\u0131b\u201d, &#8211; Coli bildirib.<\/p>\n\n\n\n<p>Aktrisa u\u015faqlar\u0131n fiziki x\u0259sar\u0259t almas\u0131 il\u0259 yana\u015f\u0131, onlar\u0131n m\u0259n\u0259vi, psixoloji v\u0259ziyy\u0259tl\u0259rin\u0259 diqq\u0259t \u00e7\u0259kib.<\/p>\n\n\n\n<figure class=\"wp-block-image size-full\"><img decoding=\"async\" width=\"1200\" height=\"800\" data-src=\"https:\/\/www.meydan.tv\/wp-content\/uploads\/untitled-design-3-20.jpg\" alt=\"\" class=\"wp-image-244324 lazyload\" src=\"data:image\/svg+xml;base64,PHN2ZyB3aWR0aD0iMSIgaGVpZ2h0PSIxIiB4bWxucz0iaHR0cDovL3d3dy53My5vcmcvMjAwMC9zdmciPjwvc3ZnPg==\" style=\"--smush-placeholder-width: 1200px; --smush-placeholder-aspect-ratio: 1200\/800;\" \/><figcaption>Foto: A.Colinin &#8220;\u0130nstagram&#8221; s\u0259hif\u0259sind\u0259n<\/figcaption><\/figure>\n\n\n\n<p>Ancelina Coli aprelin 30-da BMT-d\u0259n olan h\u0259mkarlar\u0131 il\u0259 Lvov \u015f\u0259h\u0259rin\u0259 s\u0259f\u0259r <a href=\"https:\/\/www.youtube.com\/watch?v=x0kMPbMLhpM\" target=\"_blank\" rel=\"noreferrer noopener\">edib<\/a>.<\/p>\n\n\n\n<p>Aktrisa Rusiyan\u0131n Ukraynaya h\u0259rbi m\u00fcdaxil\u0259sinin ilk g\u00fcn\u00fcnd\u0259n m\u00fcharib\u0259ni pisl\u0259yib. H\u0259m\u00e7inin m\u00fcharib\u0259d\u0259n z\u0259r\u0259r \u00e7\u0259kmi\u015f u\u015faqlarla, el\u0259c\u0259 d\u0259 onkoloji x\u0259st\u0259l\u0259rl\u0259 d\u0259f\u0259l\u0259rl\u0259 g\u00f6r\u00fc\u015f\u00fcb.<\/p>\n\n\n\n<p>Rusiya fevral\u0131n 24-d\u0259 Ukraynada h\u0259rbi m\u00fcdaxil\u0259y\u0259 ba\u015flay\u0131b.<\/p>\n\n\n\n<p>H\u0259rbi m\u00fcnaqi\u015f\u0259 z\u0259minind\u0259 aprelin 8-d\u0259 Kramatorsk d\u0259mir yolu va\u011fzal\u0131na raket at\u0131l\u0131b.<\/p>\n\n\n\n<p>Ukrayna Prezidenti Volodimir Zelenski va\u011fzal\u0131n To\u00e7ka-U il\u0259 vuruldu\u011funu <a href=\"https:\/\/www.meydan.tv\/az\/article\/ukraynada-demir-yolu-vagzalina-raket-zerbesinde-2-si-usaq-olmaqla-30-nefer-olub\/\" target=\"_blank\" rel=\"noreferrer noopener\">bildirib<\/a>.<\/p>\n\n\n\n<p>Ukrayna Ba\u015f Prokurorlu\u011funun may\u0131n 1-n\u0259 olan m\u0259lumat\u0131na g\u00f6r\u0259, m\u00fcharib\u0259 ba\u015flayandan 221 u\u015faq \u00f6l\u00fcb, 408-\u00fc is\u0259 yaralan\u0131b.<\/p>\n\n\n\n<p>Rusiya ordusunun Bu\u00e7a v\u0259 dig\u0259r Ukrayna \u015f\u0259h\u0259rl\u0259rind\u0259 k\u00fctl\u0259vi q\u0259tliamlar v\u0259 m\u00fcharib\u0259 cinay\u0259tl\u0259ri t\u00f6r\u0259tdiyi iddia olunur.<\/p>\n","protected":false},"excerpt":{"rendered":"<p>&#8220;Da\u015fla oynayan q\u0131zc\u0131\u011faz onun bomba q\u0259lp\u0259si olmas\u0131ndan x\u0259b\u0259rsiz idi&#8221; &#8220;Lvovda &#8230; <\/p>\n<p class=\"read-more-container\"><a title=\"Ancelina Coli Ukraynada g\u00f6rd\u00fckl\u0259rini payla\u015fd\u0131\" class=\"read-more button\" href=\"https:\/\/www.meydan.tv\/az\/article\/ancelina-coli-ukraynada-gorduklerini-paylasdi\/#more-244330\" aria-label=\"Read more about Ancelina Coli Ukraynada g\u00f6rd\u00fckl\u0259rini payla\u015fd\u0131\">Davam\u0131<\/a><\/p>\n","protected":false},"author":8,"featured_media":244327,"comment_status":"closed","ping_status":"closed","sticky":false,"template":"","format":"standard","meta":{"_acf_changed":false,"_sitemap_exclude":false,"_sitemap_priority":"","_sitemap_frequency":"","footnotes":""},"categories":[52,56],"tags":[],"class_list":["post-244330","post","type-post","status-publish","format-standard","has-post-thumbnail","hentry","category-medeniyyet","category-xeberler","infinite-scroll-item","generate-columns","tablet-grid-50","mobile-grid-100","grid-parent","grid-33","no-featured-image-padding"],"acf":[],"yoast_head":"<!-- This site is optimized with the Yoast SEO plugin v27.5 - https:\/\/yoast.com\/product\/yoast-seo-wordpress\/ -->\n<title>Ancelina Coli Ukraynada g\u00f6rd\u00fckl\u0259rini payla\u015fd\u0131 - MEYDAN.TV<\/title>\n<meta name=\"robots\" content=\"index, follow, max-snippet:-1, max-image-preview:large, max-video-preview:-1\" \/>\n<link rel=\"canonical\" href=\"https:\/\/www.meydan.tv\/az\/article\/ancelina-coli-ukraynada-gorduklerini-paylasdi\/\" \/>\n<meta property=\"og:locale\" content=\"az_AZ\" \/>\n<meta property=\"og:type\" content=\"article\" \/>\n<meta property=\"og:title\" content=\"Ancelina Coli Ukraynada g\u00f6rd\u00fckl\u0259rini payla\u015fd\u0131 - MEYDAN.TV\" \/>\n<meta property=\"og:description\" content=\"&#8220;Da\u015fla oynayan q\u0131zc\u0131\u011faz onun bomba q\u0259lp\u0259si olmas\u0131ndan x\u0259b\u0259rsiz idi&#8221; &#8220;Lvovda ... Davam\u0131\" \/>\n<meta property=\"og:url\" content=\"https:\/\/www.meydan.tv\/az\/article\/ancelina-coli-ukraynada-gorduklerini-paylasdi\/\" \/>\n<meta property=\"og:site_name\" content=\"MEYDAN.TV\" \/>\n<meta property=\"article:published_time\" content=\"2022-05-05T08:30:35+00:00\" \/>\n<meta property=\"article:modified_time\" content=\"2022-05-05T08:46:32+00:00\" \/>\n<meta property=\"og:image\" content=\"https:\/\/www.meydan.tv\/wp-content\/uploads\/untitled-design-4-18.jpg\" \/>\n\t<meta property=\"og:image:width\" content=\"1200\" \/>\n\t<meta property=\"og:image:height\" content=\"800\" \/>\n\t<meta property=\"og:image:type\" content=\"image\/jpeg\" \/>\n<meta name=\"author\" content=\"elli\" \/>\n<meta name=\"twitter:card\" content=\"summary_large_image\" \/>\n<meta name=\"twitter:creator\" content=\"@elli\" \/>\n<script type=\"application\/ld+json\" class=\"yoast-schema-graph\">{\"@context\":\"https:\\\/\\\/schema.org\",\"@graph\":[{\"@type\":\"Article\",\"@id\":\"https:\\\/\\\/www.meydan.tv\\\/az\\\/article\\\/ancelina-coli-ukraynada-gorduklerini-paylasdi\\\/#article\",\"isPartOf\":{\"@id\":\"https:\\\/\\\/www.meydan.tv\\\/az\\\/article\\\/ancelina-coli-ukraynada-gorduklerini-paylasdi\\\/\"},\"author\":{\"name\":\"elli\",\"@id\":\"https:\\\/\\\/www.meydan.tv\\\/az\\\/#\\\/schema\\\/person\\\/9cdbecf90d17180ce1dfbd95b08dcf47\"},\"headline\":\"Ancelina Coli Ukraynada g\u00f6rd\u00fckl\u0259rini payla\u015fd\u0131\",\"datePublished\":\"2022-05-05T08:30:35+00:00\",\"dateModified\":\"2022-05-05T08:46:32+00:00\",\"mainEntityOfPage\":{\"@id\":\"https:\\\/\\\/www.meydan.tv\\\/az\\\/article\\\/ancelina-coli-ukraynada-gorduklerini-paylasdi\\\/\"},\"wordCount\":424,\"publisher\":{\"@id\":\"https:\\\/\\\/www.meydan.tv\\\/az\\\/#organization\"},\"image\":{\"@id\":\"https:\\\/\\\/www.meydan.tv\\\/az\\\/article\\\/ancelina-coli-ukraynada-gorduklerini-paylasdi\\\/#primaryimage\"},\"thumbnailUrl\":\"https:\\\/\\\/www.meydan.tv\\\/wp-content\\\/uploads\\\/untitled-design-4-18.jpg\",\"articleSection\":[\"M\u0259d\u0259niyy\u0259t\",\"X\u0259b\u0259rl\u0259r\"],\"inLanguage\":\"az\"},{\"@type\":\"WebPage\",\"@id\":\"https:\\\/\\\/www.meydan.tv\\\/az\\\/article\\\/ancelina-coli-ukraynada-gorduklerini-paylasdi\\\/\",\"url\":\"https:\\\/\\\/www.meydan.tv\\\/az\\\/article\\\/ancelina-coli-ukraynada-gorduklerini-paylasdi\\\/\",\"name\":\"Ancelina Coli Ukraynada g\u00f6rd\u00fckl\u0259rini payla\u015fd\u0131 - MEYDAN.TV\",\"isPartOf\":{\"@id\":\"https:\\\/\\\/www.meydan.tv\\\/az\\\/#website\"},\"primaryImageOfPage\":{\"@id\":\"https:\\\/\\\/www.meydan.tv\\\/az\\\/article\\\/ancelina-coli-ukraynada-gorduklerini-paylasdi\\\/#primaryimage\"},\"image\":{\"@id\":\"https:\\\/\\\/www.meydan.tv\\\/az\\\/article\\\/ancelina-coli-ukraynada-gorduklerini-paylasdi\\\/#primaryimage\"},\"thumbnailUrl\":\"https:\\\/\\\/www.meydan.tv\\\/wp-content\\\/uploads\\\/untitled-design-4-18.jpg\",\"datePublished\":\"2022-05-05T08:30:35+00:00\",\"dateModified\":\"2022-05-05T08:46:32+00:00\",\"breadcrumb\":{\"@id\":\"https:\\\/\\\/www.meydan.tv\\\/az\\\/article\\\/ancelina-coli-ukraynada-gorduklerini-paylasdi\\\/#breadcrumb\"},\"inLanguage\":\"az\",\"potentialAction\":[{\"@type\":\"ReadAction\",\"target\":[\"https:\\\/\\\/www.meydan.tv\\\/az\\\/article\\\/ancelina-coli-ukraynada-gorduklerini-paylasdi\\\/\"]}]},{\"@type\":\"ImageObject\",\"inLanguage\":\"az\",\"@id\":\"https:\\\/\\\/www.meydan.tv\\\/az\\\/article\\\/ancelina-coli-ukraynada-gorduklerini-paylasdi\\\/#primaryimage\",\"url\":\"https:\\\/\\\/www.meydan.tv\\\/wp-content\\\/uploads\\\/untitled-design-4-18.jpg\",\"contentUrl\":\"https:\\\/\\\/www.meydan.tv\\\/wp-content\\\/uploads\\\/untitled-design-4-18.jpg\",\"width\":1200,\"height\":800,\"caption\":\"Foto: A.Colinin \\\"\u0130nstagram\\\" s\u0259hif\u0259sind\u0259n\"},{\"@type\":\"BreadcrumbList\",\"@id\":\"https:\\\/\\\/www.meydan.tv\\\/az\\\/article\\\/ancelina-coli-ukraynada-gorduklerini-paylasdi\\\/#breadcrumb\",\"itemListElement\":[{\"@type\":\"ListItem\",\"position\":1,\"name\":\"Ana s\u0259hif\u0259\",\"item\":\"https:\\\/\\\/www.meydan.tv\\\/az\\\/\"},{\"@type\":\"ListItem\",\"position\":2,\"name\":\"M\u0259d\u0259niyy\u0259t\",\"item\":\"https:\\\/\\\/www.meydan.tv\\\/az\\\/section\\\/medeniyyet\\\/\"},{\"@type\":\"ListItem\",\"position\":3,\"name\":\"Ancelina Coli Ukraynada g\u00f6rd\u00fckl\u0259rini payla\u015fd\u0131\"}]},{\"@type\":\"WebSite\",\"@id\":\"https:\\\/\\\/www.meydan.tv\\\/az\\\/#website\",\"url\":\"https:\\\/\\\/www.meydan.tv\\\/az\\\/\",\"name\":\"MEYDAN.TV\",\"description\":\"Meydan TV Az\u0259rbaycan\u0131n media m\u0259kan\u0131ndak\u0131 alternativ s\u0259sidir\",\"publisher\":{\"@id\":\"https:\\\/\\\/www.meydan.tv\\\/az\\\/#organization\"},\"potentialAction\":[{\"@type\":\"SearchAction\",\"target\":{\"@type\":\"EntryPoint\",\"urlTemplate\":\"https:\\\/\\\/www.meydan.tv\\\/az\\\/?s={search_term_string}\"},\"query-input\":{\"@type\":\"PropertyValueSpecification\",\"valueRequired\":true,\"valueName\":\"search_term_string\"}}],\"inLanguage\":\"az\"},{\"@type\":\"Organization\",\"@id\":\"https:\\\/\\\/www.meydan.tv\\\/az\\\/#organization\",\"name\":\"Meydan TV\",\"url\":\"https:\\\/\\\/www.meydan.tv\\\/az\\\/\",\"logo\":{\"@type\":\"ImageObject\",\"inLanguage\":\"az\",\"@id\":\"https:\\\/\\\/www.meydan.tv\\\/az\\\/#\\\/schema\\\/logo\\\/image\\\/\",\"url\":\"https:\\\/\\\/www.meydan.tv\\\/wp-content\\\/uploads\\\/2021\\\/07\\\/meydan-logo.svg\",\"contentUrl\":\"https:\\\/\\\/www.meydan.tv\\\/wp-content\\\/uploads\\\/2021\\\/07\\\/meydan-logo.svg\",\"width\":195,\"height\":46,\"caption\":\"Meydan TV\"},\"image\":{\"@id\":\"https:\\\/\\\/www.meydan.tv\\\/az\\\/#\\\/schema\\\/logo\\\/image\\\/\"}},{\"@type\":\"Person\",\"@id\":\"https:\\\/\\\/www.meydan.tv\\\/az\\\/#\\\/schema\\\/person\\\/9cdbecf90d17180ce1dfbd95b08dcf47\",\"name\":\"elli\",\"sameAs\":[\"https:\\\/\\\/x.com\\\/elli\"]}]}<\/script>\n<!-- \/ Yoast SEO plugin. -->","yoast_head_json":{"title":"Ancelina Coli Ukraynada g\u00f6rd\u00fckl\u0259rini payla\u015fd\u0131 - MEYDAN.TV","robots":{"index":"index","follow":"follow","max-snippet":"max-snippet:-1","max-image-preview":"max-image-preview:large","max-video-preview":"max-video-preview:-1"},"canonical":"https:\/\/www.meydan.tv\/az\/article\/ancelina-coli-ukraynada-gorduklerini-paylasdi\/","og_locale":"az_AZ","og_type":"article","og_title":"Ancelina Coli Ukraynada g\u00f6rd\u00fckl\u0259rini payla\u015fd\u0131 - MEYDAN.TV","og_description":"&#8220;Da\u015fla oynayan q\u0131zc\u0131\u011faz onun bomba q\u0259lp\u0259si olmas\u0131ndan x\u0259b\u0259rsiz idi&#8221; &#8220;Lvovda ... Davam\u0131","og_url":"https:\/\/www.meydan.tv\/az\/article\/ancelina-coli-ukraynada-gorduklerini-paylasdi\/","og_site_name":"MEYDAN.TV","article_published_time":"2022-05-05T08:30:35+00:00","article_modified_time":"2022-05-05T08:46:32+00:00","og_image":[{"width":1200,"height":800,"url":"https:\/\/www.meydan.tv\/wp-content\/uploads\/untitled-design-4-18.jpg","type":"image\/jpeg"}],"author":"elli","twitter_card":"summary_large_image","twitter_creator":"@elli","schema":{"@context":"https:\/\/schema.org","@graph":[{"@type":"Article","@id":"https:\/\/www.meydan.tv\/az\/article\/ancelina-coli-ukraynada-gorduklerini-paylasdi\/#article","isPartOf":{"@id":"https:\/\/www.meydan.tv\/az\/article\/ancelina-coli-ukraynada-gorduklerini-paylasdi\/"},"author":{"name":"elli","@id":"https:\/\/www.meydan.tv\/az\/#\/schema\/person\/9cdbecf90d17180ce1dfbd95b08dcf47"},"headline":"Ancelina Coli Ukraynada g\u00f6rd\u00fckl\u0259rini payla\u015fd\u0131","datePublished":"2022-05-05T08:30:35+00:00","dateModified":"2022-05-05T08:46:32+00:00","mainEntityOfPage":{"@id":"https:\/\/www.meydan.tv\/az\/article\/ancelina-coli-ukraynada-gorduklerini-paylasdi\/"},"wordCount":424,"publisher":{"@id":"https:\/\/www.meydan.tv\/az\/#organization"},"image":{"@id":"https:\/\/www.meydan.tv\/az\/article\/ancelina-coli-ukraynada-gorduklerini-paylasdi\/#primaryimage"},"thumbnailUrl":"https:\/\/www.meydan.tv\/wp-content\/uploads\/untitled-design-4-18.jpg","articleSection":["M\u0259d\u0259niyy\u0259t","X\u0259b\u0259rl\u0259r"],"inLanguage":"az"},{"@type":"WebPage","@id":"https:\/\/www.meydan.tv\/az\/article\/ancelina-coli-ukraynada-gorduklerini-paylasdi\/","url":"https:\/\/www.meydan.tv\/az\/article\/ancelina-coli-ukraynada-gorduklerini-paylasdi\/","name":"Ancelina Coli Ukraynada g\u00f6rd\u00fckl\u0259rini payla\u015fd\u0131 - MEYDAN.TV","isPartOf":{"@id":"https:\/\/www.meydan.tv\/az\/#website"},"primaryImageOfPage":{"@id":"https:\/\/www.meydan.tv\/az\/article\/ancelina-coli-ukraynada-gorduklerini-paylasdi\/#primaryimage"},"image":{"@id":"https:\/\/www.meydan.tv\/az\/article\/ancelina-coli-ukraynada-gorduklerini-paylasdi\/#primaryimage"},"thumbnailUrl":"https:\/\/www.meydan.tv\/wp-content\/uploads\/untitled-design-4-18.jpg","datePublished":"2022-05-05T08:30:35+00:00","dateModified":"2022-05-05T08:46:32+00:00","breadcrumb":{"@id":"https:\/\/www.meydan.tv\/az\/article\/ancelina-coli-ukraynada-gorduklerini-paylasdi\/#breadcrumb"},"inLanguage":"az","potentialAction":[{"@type":"ReadAction","target":["https:\/\/www.meydan.tv\/az\/article\/ancelina-coli-ukraynada-gorduklerini-paylasdi\/"]}]},{"@type":"ImageObject","inLanguage":"az","@id":"https:\/\/www.meydan.tv\/az\/article\/ancelina-coli-ukraynada-gorduklerini-paylasdi\/#primaryimage","url":"https:\/\/www.meydan.tv\/wp-content\/uploads\/untitled-design-4-18.jpg","contentUrl":"https:\/\/www.meydan.tv\/wp-content\/uploads\/untitled-design-4-18.jpg","width":1200,"height":800,"caption":"Foto: A.Colinin \"\u0130nstagram\" s\u0259hif\u0259sind\u0259n"},{"@type":"BreadcrumbList","@id":"https:\/\/www.meydan.tv\/az\/article\/ancelina-coli-ukraynada-gorduklerini-paylasdi\/#breadcrumb","itemListElement":[{"@type":"ListItem","position":1,"name":"Ana s\u0259hif\u0259","item":"https:\/\/www.meydan.tv\/az\/"},{"@type":"ListItem","position":2,"name":"M\u0259d\u0259niyy\u0259t","item":"https:\/\/www.meydan.tv\/az\/section\/medeniyyet\/"},{"@type":"ListItem","position":3,"name":"Ancelina Coli Ukraynada g\u00f6rd\u00fckl\u0259rini payla\u015fd\u0131"}]},{"@type":"WebSite","@id":"https:\/\/www.meydan.tv\/az\/#website","url":"https:\/\/www.meydan.tv\/az\/","name":"MEYDAN.TV","description":"Meydan TV Az\u0259rbaycan\u0131n media m\u0259kan\u0131ndak\u0131 alternativ s\u0259sidir","publisher":{"@id":"https:\/\/www.meydan.tv\/az\/#organization"},"potentialAction":[{"@type":"SearchAction","target":{"@type":"EntryPoint","urlTemplate":"https:\/\/www.meydan.tv\/az\/?s={search_term_string}"},"query-input":{"@type":"PropertyValueSpecification","valueRequired":true,"valueName":"search_term_string"}}],"inLanguage":"az"},{"@type":"Organization","@id":"https:\/\/www.meydan.tv\/az\/#organization","name":"Meydan TV","url":"https:\/\/www.meydan.tv\/az\/","logo":{"@type":"ImageObject","inLanguage":"az","@id":"https:\/\/www.meydan.tv\/az\/#\/schema\/logo\/image\/","url":"https:\/\/www.meydan.tv\/wp-content\/uploads\/2021\/07\/meydan-logo.svg","contentUrl":"https:\/\/www.meydan.tv\/wp-content\/uploads\/2021\/07\/meydan-logo.svg","width":195,"height":46,"caption":"Meydan TV"},"image":{"@id":"https:\/\/www.meydan.tv\/az\/#\/schema\/logo\/image\/"}},{"@type":"Person","@id":"https:\/\/www.meydan.tv\/az\/#\/schema\/person\/9cdbecf90d17180ce1dfbd95b08dcf47","name":"elli","sameAs":["https:\/\/x.com\/elli"]}]}},"_links":{"self":[{"href":"https:\/\/www.meydan.tv\/az\/wp-json\/wp\/v2\/posts\/244330","targetHints":{"allow":["GET"]}}],"collection":[{"href":"https:\/\/www.meydan.tv\/az\/wp-json\/wp\/v2\/posts"}],"about":[{"href":"https:\/\/www.meydan.tv\/az\/wp-json\/wp\/v2\/types\/post"}],"author":[{"embeddable":true,"href":"https:\/\/www.meydan.tv\/az\/wp-json\/wp\/v2\/users\/8"}],"replies":[{"embeddable":true,"href":"https:\/\/www.meydan.tv\/az\/wp-json\/wp\/v2\/comments?post=244330"}],"version-history":[{"count":3,"href":"https:\/\/www.meydan.tv\/az\/wp-json\/wp\/v2\/posts\/244330\/revisions"}],"predecessor-version":[{"id":244335,"href":"https:\/\/www.meydan.tv\/az\/wp-json\/wp\/v2\/posts\/244330\/revisions\/244335"}],"wp:featuredmedia":[{"embeddable":true,"href":"https:\/\/www.meydan.tv\/az\/wp-json\/wp\/v2\/media\/244327"}],"wp:attachment":[{"href":"https:\/\/www.meydan.tv\/az\/wp-json\/wp\/v2\/media?parent=244330"}],"wp:term":[{"taxonomy":"category","embeddable":true,"href":"https:\/\/www.meydan.tv\/az\/wp-json\/wp\/v2\/categories?post=244330"},{"taxonomy":"post_tag","embeddable":true,"href":"https:\/\/www.meydan.tv\/az\/wp-json\/wp\/v2\/tags?post=244330"}],"curies":[{"name":"wp","href":"https:\/\/api.w.org\/{rel}","templated":true}]}}