{"id":244276,"date":"2022-05-04T22:18:06","date_gmt":"2022-05-04T18:18:06","guid":{"rendered":"https:\/\/www.meydan.tv\/?p=244276"},"modified":"2022-05-04T22:19:30","modified_gmt":"2022-05-04T18:19:30","slug":"peter-mixalko-media-ancaq-musteqil-olduqda-inkisaf-ede-biler","status":"publish","type":"post","link":"https:\/\/www.meydan.tv\/az\/article\/peter-mixalko-media-ancaq-musteqil-olduqda-inkisaf-ede-biler\/","title":{"rendered":"Peter Mixalko: \u201cMedia ancaq m\u00fcst\u0259qil olduqda inki\u015faf ed\u0259 bil\u0259r\u201d"},"content":{"rendered":"\n<p><\/p>\n\n\n\n<p>\u201c<em>Minalardan t\u0259mizl\u0259nm\u0259 i\u015fin\u0259 ayr\u0131lan \u00fcmumi paket 2,5 milyon avro civar\u0131ndad\u0131r\u201d<\/em><\/p>\n\n\n\n<p>\u201cDol\u011fun, etibarl\u0131 m\u0259lumatlar\u0131n \u00e7atd\u0131r\u0131lmas\u0131 h\u0259r zaman m\u00fch\u00fcm olub. Jurnalistl\u0259r d\u0259 \u00e7ox vaxt h\u0259yatlar\u0131n\u0131 risk\u0259 ataraq bu v\u0259zif\u0259ni yerin\u0259 yetirirl\u0259r. Haz\u0131rda Rusiyan\u0131n Ukraynaya qar\u015f\u0131 ba\u015flad\u0131\u011f\u0131 \u0259sass\u0131z m\u00fcharib\u0259d\u0259 d\u0259 jurnalistl\u0259rin v\u0259ziyy\u0259tini g\u00f6r\u00fcr\u00fck\u201d.<\/p>\n\n\n\n<p>Bu a\u00e7\u0131qlaman\u0131 may\u0131n 4-d\u0259 Avropa \u0130ttifaq\u0131n\u0131n Az\u0259rbaycandak\u0131 N\u00fcmay\u0259nd\u0259liyinin r\u0259hb\u0259ri Peter Mixalko ke\u00e7irdiyi m\u0259tbuat konfrans\u0131nda s\u0259sl\u0259ndirib.<\/p>\n\n\n\n<p>Diplomat Az\u0259rbaycan jurnalistl\u0259ri il\u0259 tez-tez \u0259laq\u0259 saxlama\u011fa maraql\u0131 oldu\u011funu bildirdi:<\/p>\n\n\n\n<p>\u201cBir \u00e7oxunuzla \u0259vv\u0259ll\u0259r g\u00f6r\u00fc\u015fs\u0259m d\u0259, bundan sonra daha \u00e7ox jurnalistl\u0259 g\u00f6r\u00fc\u015fm\u0259y\u0259 haz\u0131ram. Bu, x\u00fcsusil\u0259 regionlardan g\u0259l\u0259n media n\u00fcmay\u0259nd\u0259l\u0259rin\u0259 aiddir. \u00c7\u00fcnki onlar b\u00f6lg\u0259l\u0259rd\u0259ki insanlara dol\u011fun m\u0259lumat verirl\u0259r, bu da c\u0259miyy\u0259t \u00fc\u00e7\u00fcn \u00e7ox m\u00fch\u00fcmd\u00fcr. H\u0259r zaman regionlara s\u0259f\u0259r etdikd\u0259, media n\u00fcmay\u0259nl\u0259rl\u0259ri il\u0259 g\u00f6r\u00fc\u015f\u00fcm g\u00fcnd\u0259likd\u0259 olur. Bug\u00fcnk\u00fc g\u00f6r\u00fc\u015f d\u0259 m\u0259tbuat konfrans\u0131ndan \u00e7ox bir g\u00f6r\u00fc\u015fd\u00fcr v\u0259 bunun bir \u0259n\u0259n\u0259y\u0259 \u00e7evrilm\u0259sini ist\u0259yir\u0259m. Pandemiyadan sonra daha tez-tez g\u00f6r\u00fc\u015f\u0259c\u0259yimiz\u0259 \u00fcmid edir\u0259m\u201d.<\/p>\n\n\n\n<p>\u201c<strong>\u0130qtisadi v\u0259 investisiya \u00e7\u0259r\u00e7iv\u0259sind\u0259 Az\u0259rbaycandak\u0131 layih\u0259l\u0259r\u0259 2 milyard avro ayr\u0131l\u0131b\u201d<\/strong><\/p>\n\n\n\n<p>Peter Mixalko Avropa \u0130ttifaq\u0131n\u0131n iqtisadi v\u0259 investisiya \u00e7\u0259r\u00e7iv\u0259sind\u0259 Az\u0259rbaycandak\u0131 layih\u0259l\u0259r \u00fc\u00e7\u00fcn 2 milyard avro ay\u0131rd\u0131\u011f\u0131n\u0131 xat\u0131rladaraq \u0259lav\u0259 edib ki, iqtisadiyyat, ticar\u0259t v\u0259 enerji sah\u0259sind\u0259 \u0259m\u0259kda\u015fl\u0131q geni\u015fl\u0259nir:<\/p>\n\n\n\n<p>\u201cAvropa \u0130ttifaq\u0131 ticar\u0259t v\u0259 iqtisadiyyat sah\u0259sind\u0259 Az\u0259rbaycan\u0131n t\u0259r\u0259fda\u015f\u0131 olaraq qal\u0131r, h\u0259m d\u0259 Avropa bazar\u0131 Az\u0259rbaycan \u00fc\u00e7\u00fcn birinci bazard\u0131r. Y\u0259ni Az\u0259rbaycandan ixrac olunan mallar\u0131n 51 faizi Avropa bazar\u0131na gedir. Ke\u00e7\u0259n ilin r\u0259q\u0259ml\u0259rin\u0259 baxd\u0131qda m\u0259lum olur ki, pandemiyadan \u0259vv\u0259lki r\u0259q\u0259ml\u0259r\u0259 \u00e7atm\u0131\u015f\u0131q v\u0259 bu sahad\u0259 ir\u0259lil\u0259yi\u015f davam edir. C\u0259nub-Qaz d\u0259hlizi birlikd\u0259 \u0259rs\u0259y\u0259 g\u0259tirdiyimiz m\u00fcv\u0259f\u0259qiyy\u0259tli layih\u0259dir v\u0259 bu \u0259m\u0259kda\u015fl\u0131q daha da geni\u015fl\u0259nm\u0259lidir\u201d.<\/p>\n\n\n\n<p>O, Avropa \u0130ttifaq\u0131 \u015euras\u0131n\u0131n Prezidenti \u015earl Mi\u015felin Erm\u0259nistan-Az\u0259rbaycan aras\u0131nda s\u00fclh\u00fcn \u0259ld\u0259 olunmas\u0131 \u00fc\u00e7\u00fcn c\u0259hdl\u0259r g\u00f6st\u0259rdiyini vur\u011fulad\u0131:<\/p>\n\n\n\n<p>\u201cSon m\u0259qs\u0259d d\u0259 s\u00fclh\u00fcn \u0259ld\u0259 olnmas\u0131d\u0131r\u201d.<\/p>\n\n\n\n<p><strong>\u201cBak\u0131ya 2 milyon civar\u0131nda vaksin verildi\u201d<\/strong><\/p>\n\n\n\n<p>\u201cAvropa \u0130ttifaq\u0131 minalardan t\u0259mizl\u0259m\u0259 i\u015fl\u0259rind\u0259 ANAMA-ya BMT-nin \u0130nki\u015faf Proqram\u0131 \u00e7\u0259r\u00e7iv\u0259sind\u0259 b\u00f6y\u00fck yard\u0131m g\u00f6st\u0259rir. H\u0259m d\u0259 pandemiya zaman\u0131 bu \u0259m\u0259kda\u015fl\u0131q \u00f6z\u00fcn\u00fc daha yax\u015f\u0131 g\u00f6st\u0259rdi, regionda peyv\u0259ndl\u0259m\u0259ni \u0259n yax\u015f\u0131 Az\u0259rbaycan h\u00f6kum\u0259ti ger\u00e7\u0259kl\u0259\u015fdirdi. Avropa \u0130ttifaq\u0131 \u00dcmumd\u00fcnya S\u0259hiyy\u0259 T\u0259\u015fkilat\u0131 il\u0259 birlikd\u0259 ke\u00e7irdiyi layih\u0259 \u00e7\u0259r\u00e7iv\u0259sind\u0259 COV\u0130D infeksiyas\u0131yla m\u00fcbariz\u0259d\u0259 r\u0259smi Bak\u0131ya avadanl\u0131qlar verdi. Eyni zamanda, Az\u0259rbaycandak\u0131 40 x\u0259st\u0259xanada 7 min\u0259 q\u0259d\u0259r h\u0259kim\u0259 t\u0259liml\u0259r ke\u00e7irildi, 2 milyon civar\u0131nda vaksin verildi. Bunlar \u00e7\u0259tin g\u00fcnd\u0259 bir-birimiz\u0259 n\u0259 q\u0259d\u0259r yax\u0131n oldu\u011fumuzu g\u00f6st\u0259rdi\u201d, &#8211; Peter Mixalko bel\u0259 deyib.<\/p>\n\n\n\n<p>Diplomat yeni g\u00f6zl\u0259nil\u0259n sazi\u015fl\u0259 Bak\u0131-Br\u00fcssel t\u0259r\u0259fda\u015fl\u0131\u011f\u0131n\u0131n daha y\u00fcks\u0259k s\u0259viyy\u0259y\u0259 \u00e7\u0131xa bil\u0259c\u0259yini d\u00fc\u015f\u00fcn\u00fcr. Onun s\u00f6zl\u0259rin\u0259 g\u00f6r\u0259, layih\u0259 v\u0259 proqramlar d\u00f6vl\u0259t qurumlar\u0131, v\u0259t\u0259nda\u015f c\u0259miyy\u0259ti v\u0259 t\u0259l\u0259b\u0259l\u0259r \u00fc\u00e7\u00fcn yeni imkanlar a\u00e7\u0131r:<\/p>\n\n\n\n<p>\u201cM\u0259s\u0259l\u0259n, \u201cERASMUS+\u201d proqram\u0131 \u00e7\u0259r\u00e7iv\u0259sind\u0259 minl\u0259rl\u0259 t\u0259l\u0259b\u0259 Avropa \u0130ttifaq\u0131 \u00f6lk\u0259l\u0259rin\u0259 gedir. Yaxud 25 min orta sahibkar\u0131n d\u0259st\u0259kl\u0259nm\u0259si proqram\u0131 var. Daha sonra Bak\u0131 liman\u0131na yard\u0131m g\u00f6zl\u0259nilir, iqtisadiyyat\u0131n, n\u0259qliyyat\u0131n r\u0259q\u0259msalla\u015fmas\u0131na yard\u0131m n\u0259z\u0259rd\u0259 tutulur. A\u011f\u0131ll\u0131 \u015f\u0259h\u0259rl\u0259r v\u0259 k\u0259ndl\u0259r t\u0259\u015f\u0259bb\u00fcs\u00fc d\u0259st\u0259kl\u0259n\u0259c\u0259k, \u0259lb\u0259tt\u0259, b\u00fct\u00fcn bunlar Az\u0259rbaycan h\u00f6kum\u0259tinin prioritetl\u0259rin\u0259 uy\u011funla\u015fd\u0131r\u0131l\u0131r. Bizim media \u00fc\u00e7\u00fcn d\u0259 layih\u0259l\u0259rimiz var, media savadl\u0131l\u0131\u011f\u0131 v\u0259 diffamasiya \u00fczr\u0259 t\u0259liml\u0259r ke\u00e7irilib. Bu ilin noyabr\u0131na bir t\u0259lim planla\u015f\u0131d\u0131r\u0131l\u0131r\u201d.<\/p>\n\n\n\n<p>N\u00fcmay\u0259nd\u0259liyin r\u0259hb\u0259ri may ay\u0131nda ke\u00e7iril\u0259c\u0259k t\u0259dbirl\u0259rd\u0259n s\u00f6z a\u00e7araq dedi ki, 9 mayda Avropa G\u00fcn\u00fc, ondan 3 g\u00fcn sonra ADA Universitetind\u0259 debatlar v\u0259 seminarlar, o c\u00fcml\u0259d\u0259n, biznes forumlar, Avropa \u015e\u0259h\u0259rciyin\u0259, C\u0259lilabad rayonuna s\u0259f\u0259r proqram\u0131 h\u0259yata ke\u00e7iril\u0259c\u0259k.<\/p>\n\n\n\n<figure class=\"wp-block-image size-large\"><img decoding=\"async\" width=\"1095\" height=\"821\" data-src=\"https:\/\/www.meydan.tv\/wp-content\/uploads\/20220504_150231-1095x821.jpg\" alt=\"\" class=\"wp-image-244277 lazyload\" src=\"data:image\/svg+xml;base64,PHN2ZyB3aWR0aD0iMSIgaGVpZ2h0PSIxIiB4bWxucz0iaHR0cDovL3d3dy53My5vcmcvMjAwMC9zdmciPjwvc3ZnPg==\" style=\"--smush-placeholder-width: 1095px; --smush-placeholder-aspect-ratio: 1095\/821;\" \/><figcaption>Peter Mixalko. Foto: Meydan TV<\/figcaption><\/figure>\n\n\n\n<p>Daha sonra Peter Mixalko suallar\u0131 cavabland\u0131rd\u0131<\/p>\n\n\n\n<p><strong>Meydan TV:<\/strong><\/p>\n\n\n\n<p>Siz minalar\u0131n t\u0259mizl\u0259nm\u0259si il\u0259 ba\u011fl\u0131 Az\u0259rbaycana yard\u0131m edildiyini s\u00f6yl\u0259diniz. Ancaq d\u00f6vl\u0259t ba\u015f\u00e7\u0131s\u0131 \u0130lham \u018fliyev son \u00e7\u0131x\u0131\u015flar\u0131nda bu istiqam\u0259td\u0259 Az\u0259rbaycana he\u00e7 bir yard\u0131m g\u00f6st\u0259rilm\u0259diyini bildirib. Bu m\u0259nada v\u0259ziyy\u0259ti nec\u0259 izah ed\u0259rdiniz?<\/p>\n\n\n\n<p><em>Peter Mixalko:<\/em><\/p>\n\n\n\n<p>Biz minalardan t\u0259mizl\u0259nm\u0259 \u00fczr\u0259 h\u00f6kum\u0259tl\u0259 daim kommunikasiya apar\u0131r\u0131q. Konkret, 1.5 milyon avroluq layih\u0259 h\u0259yata ke\u00e7irilir, bura minalardan t\u0259mizl\u0259nm\u0259, \u0259halinin m\u0259lumatland\u0131r\u0131lmas\u0131 daxildir. H\u0259m d\u0259 BMT-nin \u0130nki\u015faf Proqram\u0131 vasit\u0259sil\u0259 ANAMA-n\u0131 d\u0259st\u0259kl\u0259yirik, y\u0259ni biz pulu veririk, onlar da ekspert qruplar\u0131yla yard\u0131m edir. \u00dcmumi paket is\u0259 2.5 milyon avro civar\u0131ndad\u0131r, bunlar \u00e7ox b\u00f6y\u00fck i\u015fdir. Art\u0131q yard\u0131m\u0131n n\u00f6vb\u0259ti m\u0259rh\u0259l\u0259sini haz\u0131rlamaq \u00fcz\u0259rind\u0259 i\u015fl\u0259yirik.<\/p>\n\n\n\n<p><strong>Meydan TV:<\/strong><\/p>\n\n\n\n<p>Avropa \u0130ttifaq\u0131 il\u0259 Az\u0259rbaycan aras\u0131nda g\u00f6zl\u0259nil\u0259n ikit\u0259r\u0259fli sazi\u015fin imzalanmas\u0131n\u0131n gecikm\u0259si il\u0259 ba\u011fl\u0131 m\u00fcxalif\u0259t d\u00fc\u015f\u0259rg\u0259sind\u0259 iki yana\u015fma var: birincil\u0259r sazi\u015fin gecikm\u0259sini demokratiya v\u0259 insan haqlar\u0131, ikincil\u0259r is\u0259 ticar\u0259t v\u0259 iqtisadi amill\u0259rl\u0259 \u0259laq\u0259l\u0259ndirir. B\u0259s \u0259sl s\u0259b\u0259b n\u0259dir, n\u0259 \u00fc\u00e7\u00fcn sazi\u015fin imzalanmas\u0131 gecikir?<\/p>\n\n\n\n<p><em>Peter Mixalko:<\/em><\/p>\n\n\n\n<p>Sazi\u015fl\u0259 ba\u011fl\u0131 i\u015f daha da intensivl\u0259\u015fib, t\u0259r\u0259fl\u0259r aras\u0131nda n\u00f6vb\u0259ti h\u0259ft\u0259l\u0259rd\u0259 bu bel\u0259 d\u0259 davam ed\u0259c\u0259k, i\u015f \u00e7ox ir\u0259li gedib. Bu, h\u0259rt\u0259r\u0259fli sazi\u015f olacaq, b\u00fct\u00fcn sah\u0259l\u0259ri \u0259hat\u0259 ed\u0259c\u0259k v\u0259 90-c\u0131 ill\u0259rin sazi\u015fini \u0259v\u0259z etm\u0259lidir, \u00e7\u00fcnki o vaxtdan \u00e7ox d\u0259yi\u015fiklikl\u0259r olub. Ticar\u0259t d\u0259 bunun bir hiss\u0259si oldu\u011fundan m\u00fcr\u0259kk\u0259b bir sazi\u015fdir. \u00dcmid edirik, dan\u0131\u015f\u0131qlar tezlikl\u0259 bit\u0259c\u0259k, qalan m\u0259s\u0259l\u0259l\u0259r d\u0259 h\u0259ll olunacaq.<\/p>\n\n\n\n<p><strong>\u201cTuran\u201d \u0130A:<\/strong><\/p>\n\n\n\n<p>Avropa \u0130ttifaq\u0131 il\u0259 Az\u0259rbaycan aras\u0131nda \u201cViza Sad\u0259l\u0259\u015fdirilm\u0259si v\u0259 Riadmisiya\u201d sazi\u015fi var, h\u00fcquq m\u00fcdafi\u0259 t\u0259\u015fkilatlar\u0131 h\u0259r iki t\u0259r\u0259fi s\u0259n\u0259din qoydu\u011fu \u00f6hd\u0259likl\u0259r\u0259 \u0259m\u0259l etm\u0259m\u0259kd\u0259 q\u0131nay\u0131rlar. Bu, onunla izah olunur ki, Avropadan riadmisiya olunan \u015f\u0259xsl\u0259r Az\u0259rbaycanda h\u0259bs olunub, \u0259n az\u0131 5 n\u0259f\u0259r h\u0259bsd\u0259dir. Az\u0259rbaycan h\u00f6kum\u0259ti ordan qaytar\u0131lan \u015f\u0259xsl\u0259rin h\u0259bs etm\u0259y\u0259c\u0259yi t\u0259minat\u0131n\u0131 yerin\u0259 yetirmir, Avropa \u0130ttifaq\u0131 is\u0259 buna n\u0259zar\u0259t etmir. X\u00fcsusil\u0259 d\u0259 Almaniyadan qaytar\u0131lan \u015f\u0259xsl\u0259r h\u0259bs edilir. B\u0259s t\u0259r\u0259fl\u0259r aras\u0131ndak\u0131 dialoqda bu m\u0259s\u0259l\u0259l\u0259r qald\u0131r\u0131l\u0131rm\u0131, \u00fcmumiyy\u0259tl\u0259, insan h\u00fcquqlar\u0131 g\u00fcnd\u0259md\u0259dir, yoxsa, prioritetl\u0259rd\u0259n \u00e7\u0131x\u0131b?<\/p>\n\n\n\n<p><em>Peter Mixalko:<\/em><\/p>\n\n\n\n<p>-\u0130nsan h\u00fcquqlar\u0131 Avropa \u0130ttifaq\u0131n\u0131n xarici v\u0259 daxili siyas\u0259tind\u0259 \u0259sasland\u0131\u011f\u0131 \u0259sas d\u0259y\u0259rl\u0259rdir. Biz insan h\u00fcquqlar\u0131na, demokratiya m\u0259s\u0259l\u0259l\u0259rin\u0259 diqq\u0259t ay\u0131r\u0131r\u0131q. Avropa \u015euras\u0131 qar\u015f\u0131s\u0131nda \u00fczv \u00f6lk\u0259l\u0259rin g\u00f6t\u00fcrd\u00fcy\u00fc \u00f6hd\u0259likl\u0259r d\u0259 bura daxildir. Az\u0259rbaycan hakimiyy\u0259tinin n\u00fcmay\u0259nd\u0259l\u0259ril\u0259 g\u00f6r\u00fc\u015fl\u0259rd\u0259 h\u0259m f\u0259rdi xarakterli, h\u0259m d\u0259 \u00fcmumilikd\u0259 insan h\u00fcquqlar\u0131n\u0131n t\u0259min edilm\u0259si m\u0259s\u0259l\u0259l\u0259ri m\u00fczakir\u0259 olunur ki, bunlara \u0259m\u0259l edilm\u0259si Avropa \u015euras\u0131 \u00e7\u0259r\u00e7iv\u0259sind\u0259 \u00f6hd\u0259likdir. M\u0259n g\u0259l\u0259n g\u00fcnd\u0259n bu m\u0259s\u0259l\u0259l\u0259r\u0259 toxunmu\u015fam. H\u00f6kum\u0259tl\u0259 m\u00fcxt\u0259lif s\u0259viyy\u0259l\u0259rd\u0259 dialoq apar\u0131r\u0131q, bunlardan biri d\u0259 \u0259dliyy\u0259, t\u0259hl\u00fck\u0259sizlik, azadl\u0131q, insan h\u00fcquqlar\u0131 \u00fczr\u0259 alt komit\u0259 iclaslar\u0131d\u0131r. Sonuncu iclas ke\u00e7\u0259n il olub.<\/p>\n\n\n\n<p><strong>\u201cAmerikan\u0131n s\u0259si\u201d:<\/strong><\/p>\n\n\n\n<p>-Siz media azadl\u0131\u011f\u0131ndan dan\u0131\u015fd\u0131n\u0131z. B\u0259s Avropa \u0130ttifaq\u0131 m\u00fcst\u0259qil median\u0131n inki\u015faf\u0131 \u00fc\u00e7\u00fcn hans\u0131 t\u00f6hf\u0259l\u0259r ver\u0259 bil\u0259r? Y\u0259qin ki, \u201cMedia haqq\u0131nda\u201d qanundan x\u0259b\u0259rdars\u0131n\u0131z, bir \u00e7ox beyn\u0259lxalq v\u0259 yerli t\u0259\u015fkilatlar s\u0259n\u0259din jurnalistl\u0259rin f\u0259aliyy\u0259tinin daha da m\u0259hdudla\u015fd\u0131raca\u011f\u0131 q\u0259na\u0259tind\u0259dir. B\u0259s siz n\u0259 d\u00fc\u015f\u00fcn\u00fcrs\u00fcn\u00fcz?<\/p>\n\n\n\n<p><em>Peter Mixalko:<\/em><\/p>\n\n\n\n<p>-Biz bu m\u0259s\u0259l\u0259y\u0259 diqq\u0259t ay\u0131rm\u0131\u015fd\u0131q. H\u0259m qanunun q\u0259bulu prosesini, h\u0259m d\u0259 jurnalistl\u0259rin m\u0259s\u0259l\u0259yl\u0259 ba\u011fl\u0131 m\u00fczakir\u0259sini izl\u0259mi\u015fik. \u00d6z\u00fcm d\u0259 h\u00f6kum\u0259tl\u0259 dan\u0131\u015f\u0131qlarda diqq\u0259t ay\u0131r\u0131rd\u0131m. \u00dcmidvaram ki, qanun median\u0131n h\u00fcquqlar\u0131na \u0259ks-t\u0259sir g\u00f6st\u0259rm\u0259y\u0259c\u0259k. D\u00fc\u015f\u00fcn\u00fcr\u0259m ki, qanunun icras\u0131 neqativ hallar\u0131n yaranmas\u0131na imkan verm\u0259y\u0259c\u0259k. Media ancaq m\u00fcst\u0259qil olduqda inki\u015faf ed\u0259 bil\u0259r. Biz median\u0131n s\u0259ri\u015ft\u0259sinin art\u0131r\u0131lmas\u0131na konkret yard\u0131m g\u00f6st\u0259rm\u0259k ist\u0259yirik, el\u0259c\u0259 d\u0259 regionlardak\u0131 median\u0131n.<\/p>\n","protected":false},"excerpt":{"rendered":"<p>\u201cMinalardan t\u0259mizl\u0259nm\u0259 i\u015fin\u0259 ayr\u0131lan \u00fcmumi paket 2,5 milyon avro civar\u0131ndad\u0131r\u201d &#8230; <\/p>\n<p class=\"read-more-container\"><a title=\"Peter Mixalko: \u201cMedia ancaq m\u00fcst\u0259qil olduqda inki\u015faf ed\u0259 bil\u0259r\u201d\" class=\"read-more button\" href=\"https:\/\/www.meydan.tv\/az\/article\/peter-mixalko-media-ancaq-musteqil-olduqda-inkisaf-ede-biler\/#more-244276\" aria-label=\"Read more about Peter Mixalko: \u201cMedia ancaq m\u00fcst\u0259qil olduqda inki\u015faf ed\u0259 bil\u0259r\u201d\">Davam\u0131<\/a><\/p>\n","protected":false},"author":8,"featured_media":244283,"comment_status":"closed","ping_status":"closed","sticky":false,"template":"","format":"standard","meta":{"_acf_changed":false,"_sitemap_exclude":false,"_sitemap_priority":"","_sitemap_frequency":"","footnotes":""},"categories":[59,56],"tags":[],"class_list":["post-244276","post","type-post","status-publish","format-standard","has-post-thumbnail","hentry","category-siyaset","category-xeberler","infinite-scroll-item","generate-columns","tablet-grid-50","mobile-grid-100","grid-parent","grid-33","no-featured-image-padding"],"acf":[],"yoast_head":"<!-- This site is optimized with the Yoast SEO plugin v27.4 - https:\/\/yoast.com\/product\/yoast-seo-wordpress\/ -->\n<title>Peter Mixalko: \u201cMedia ancaq m\u00fcst\u0259qil olduqda inki\u015faf ed\u0259 bil\u0259r\u201d - MEYDAN.TV<\/title>\n<meta name=\"robots\" content=\"index, follow, max-snippet:-1, max-image-preview:large, max-video-preview:-1\" \/>\n<link rel=\"canonical\" href=\"https:\/\/www.meydan.tv\/az\/article\/peter-mixalko-media-ancaq-musteqil-olduqda-inkisaf-ede-biler\/\" \/>\n<meta property=\"og:locale\" content=\"az_AZ\" \/>\n<meta property=\"og:type\" content=\"article\" \/>\n<meta property=\"og:title\" content=\"Peter Mixalko: \u201cMedia ancaq m\u00fcst\u0259qil olduqda inki\u015faf ed\u0259 bil\u0259r\u201d - MEYDAN.TV\" \/>\n<meta property=\"og:description\" content=\"\u201cMinalardan t\u0259mizl\u0259nm\u0259 i\u015fin\u0259 ayr\u0131lan \u00fcmumi paket 2,5 milyon avro civar\u0131ndad\u0131r\u201d ... Davam\u0131\" \/>\n<meta property=\"og:url\" content=\"https:\/\/www.meydan.tv\/az\/article\/peter-mixalko-media-ancaq-musteqil-olduqda-inkisaf-ede-biler\/\" \/>\n<meta property=\"og:site_name\" content=\"MEYDAN.TV\" \/>\n<meta property=\"article:published_time\" content=\"2022-05-04T18:18:06+00:00\" \/>\n<meta property=\"article:modified_time\" content=\"2022-05-04T18:19:30+00:00\" \/>\n<meta property=\"og:image\" content=\"https:\/\/www.meydan.tv\/wp-content\/uploads\/20220504_150218-scaled-e1651688360279.jpg\" \/>\n\t<meta property=\"og:image:width\" content=\"2560\" \/>\n\t<meta property=\"og:image:height\" content=\"1753\" \/>\n\t<meta property=\"og:image:type\" content=\"image\/jpeg\" \/>\n<meta name=\"author\" content=\"elli\" \/>\n<meta name=\"twitter:card\" content=\"summary_large_image\" \/>\n<meta name=\"twitter:creator\" content=\"@elli\" \/>\n<script type=\"application\/ld+json\" class=\"yoast-schema-graph\">{\"@context\":\"https:\\\/\\\/schema.org\",\"@graph\":[{\"@type\":\"Article\",\"@id\":\"https:\\\/\\\/www.meydan.tv\\\/az\\\/article\\\/peter-mixalko-media-ancaq-musteqil-olduqda-inkisaf-ede-biler\\\/#article\",\"isPartOf\":{\"@id\":\"https:\\\/\\\/www.meydan.tv\\\/az\\\/article\\\/peter-mixalko-media-ancaq-musteqil-olduqda-inkisaf-ede-biler\\\/\"},\"author\":{\"name\":\"elli\",\"@id\":\"https:\\\/\\\/www.meydan.tv\\\/az\\\/#\\\/schema\\\/person\\\/9cdbecf90d17180ce1dfbd95b08dcf47\"},\"headline\":\"Peter Mixalko: \u201cMedia ancaq m\u00fcst\u0259qil olduqda inki\u015faf ed\u0259 bil\u0259r\u201d\",\"datePublished\":\"2022-05-04T18:18:06+00:00\",\"dateModified\":\"2022-05-04T18:19:30+00:00\",\"mainEntityOfPage\":{\"@id\":\"https:\\\/\\\/www.meydan.tv\\\/az\\\/article\\\/peter-mixalko-media-ancaq-musteqil-olduqda-inkisaf-ede-biler\\\/\"},\"wordCount\":1680,\"publisher\":{\"@id\":\"https:\\\/\\\/www.meydan.tv\\\/az\\\/#organization\"},\"image\":{\"@id\":\"https:\\\/\\\/www.meydan.tv\\\/az\\\/article\\\/peter-mixalko-media-ancaq-musteqil-olduqda-inkisaf-ede-biler\\\/#primaryimage\"},\"thumbnailUrl\":\"https:\\\/\\\/www.meydan.tv\\\/wp-content\\\/uploads\\\/20220504_150218-scaled-e1651688360279.jpg\",\"articleSection\":[\"Siyas\u0259t\",\"X\u0259b\u0259rl\u0259r\"],\"inLanguage\":\"az\"},{\"@type\":\"WebPage\",\"@id\":\"https:\\\/\\\/www.meydan.tv\\\/az\\\/article\\\/peter-mixalko-media-ancaq-musteqil-olduqda-inkisaf-ede-biler\\\/\",\"url\":\"https:\\\/\\\/www.meydan.tv\\\/az\\\/article\\\/peter-mixalko-media-ancaq-musteqil-olduqda-inkisaf-ede-biler\\\/\",\"name\":\"Peter Mixalko: \u201cMedia ancaq m\u00fcst\u0259qil olduqda inki\u015faf ed\u0259 bil\u0259r\u201d - MEYDAN.TV\",\"isPartOf\":{\"@id\":\"https:\\\/\\\/www.meydan.tv\\\/az\\\/#website\"},\"primaryImageOfPage\":{\"@id\":\"https:\\\/\\\/www.meydan.tv\\\/az\\\/article\\\/peter-mixalko-media-ancaq-musteqil-olduqda-inkisaf-ede-biler\\\/#primaryimage\"},\"image\":{\"@id\":\"https:\\\/\\\/www.meydan.tv\\\/az\\\/article\\\/peter-mixalko-media-ancaq-musteqil-olduqda-inkisaf-ede-biler\\\/#primaryimage\"},\"thumbnailUrl\":\"https:\\\/\\\/www.meydan.tv\\\/wp-content\\\/uploads\\\/20220504_150218-scaled-e1651688360279.jpg\",\"datePublished\":\"2022-05-04T18:18:06+00:00\",\"dateModified\":\"2022-05-04T18:19:30+00:00\",\"breadcrumb\":{\"@id\":\"https:\\\/\\\/www.meydan.tv\\\/az\\\/article\\\/peter-mixalko-media-ancaq-musteqil-olduqda-inkisaf-ede-biler\\\/#breadcrumb\"},\"inLanguage\":\"az\",\"potentialAction\":[{\"@type\":\"ReadAction\",\"target\":[\"https:\\\/\\\/www.meydan.tv\\\/az\\\/article\\\/peter-mixalko-media-ancaq-musteqil-olduqda-inkisaf-ede-biler\\\/\"]}]},{\"@type\":\"ImageObject\",\"inLanguage\":\"az\",\"@id\":\"https:\\\/\\\/www.meydan.tv\\\/az\\\/article\\\/peter-mixalko-media-ancaq-musteqil-olduqda-inkisaf-ede-biler\\\/#primaryimage\",\"url\":\"https:\\\/\\\/www.meydan.tv\\\/wp-content\\\/uploads\\\/20220504_150218-scaled-e1651688360279.jpg\",\"contentUrl\":\"https:\\\/\\\/www.meydan.tv\\\/wp-content\\\/uploads\\\/20220504_150218-scaled-e1651688360279.jpg\",\"width\":2560,\"height\":1753,\"caption\":\"Peter Mixalko. Foto: Meydan TV\"},{\"@type\":\"BreadcrumbList\",\"@id\":\"https:\\\/\\\/www.meydan.tv\\\/az\\\/article\\\/peter-mixalko-media-ancaq-musteqil-olduqda-inkisaf-ede-biler\\\/#breadcrumb\",\"itemListElement\":[{\"@type\":\"ListItem\",\"position\":1,\"name\":\"Ana s\u0259hif\u0259\",\"item\":\"https:\\\/\\\/www.meydan.tv\\\/az\\\/\"},{\"@type\":\"ListItem\",\"position\":2,\"name\":\"Siyas\u0259t\",\"item\":\"https:\\\/\\\/www.meydan.tv\\\/az\\\/section\\\/siyaset\\\/\"},{\"@type\":\"ListItem\",\"position\":3,\"name\":\"Peter Mixalko: \u201cMedia ancaq m\u00fcst\u0259qil olduqda inki\u015faf ed\u0259 bil\u0259r\u201d\"}]},{\"@type\":\"WebSite\",\"@id\":\"https:\\\/\\\/www.meydan.tv\\\/az\\\/#website\",\"url\":\"https:\\\/\\\/www.meydan.tv\\\/az\\\/\",\"name\":\"MEYDAN.TV\",\"description\":\"Meydan TV Az\u0259rbaycan\u0131n media m\u0259kan\u0131ndak\u0131 alternativ s\u0259sidir\",\"publisher\":{\"@id\":\"https:\\\/\\\/www.meydan.tv\\\/az\\\/#organization\"},\"potentialAction\":[{\"@type\":\"SearchAction\",\"target\":{\"@type\":\"EntryPoint\",\"urlTemplate\":\"https:\\\/\\\/www.meydan.tv\\\/az\\\/?s={search_term_string}\"},\"query-input\":{\"@type\":\"PropertyValueSpecification\",\"valueRequired\":true,\"valueName\":\"search_term_string\"}}],\"inLanguage\":\"az\"},{\"@type\":\"Organization\",\"@id\":\"https:\\\/\\\/www.meydan.tv\\\/az\\\/#organization\",\"name\":\"Meydan TV\",\"url\":\"https:\\\/\\\/www.meydan.tv\\\/az\\\/\",\"logo\":{\"@type\":\"ImageObject\",\"inLanguage\":\"az\",\"@id\":\"https:\\\/\\\/www.meydan.tv\\\/az\\\/#\\\/schema\\\/logo\\\/image\\\/\",\"url\":\"https:\\\/\\\/www.meydan.tv\\\/wp-content\\\/uploads\\\/2021\\\/07\\\/meydan-logo.svg\",\"contentUrl\":\"https:\\\/\\\/www.meydan.tv\\\/wp-content\\\/uploads\\\/2021\\\/07\\\/meydan-logo.svg\",\"width\":195,\"height\":46,\"caption\":\"Meydan TV\"},\"image\":{\"@id\":\"https:\\\/\\\/www.meydan.tv\\\/az\\\/#\\\/schema\\\/logo\\\/image\\\/\"}},{\"@type\":\"Person\",\"@id\":\"https:\\\/\\\/www.meydan.tv\\\/az\\\/#\\\/schema\\\/person\\\/9cdbecf90d17180ce1dfbd95b08dcf47\",\"name\":\"elli\",\"sameAs\":[\"https:\\\/\\\/x.com\\\/elli\"]}]}<\/script>\n<!-- \/ Yoast SEO plugin. -->","yoast_head_json":{"title":"Peter Mixalko: \u201cMedia ancaq m\u00fcst\u0259qil olduqda inki\u015faf ed\u0259 bil\u0259r\u201d - MEYDAN.TV","robots":{"index":"index","follow":"follow","max-snippet":"max-snippet:-1","max-image-preview":"max-image-preview:large","max-video-preview":"max-video-preview:-1"},"canonical":"https:\/\/www.meydan.tv\/az\/article\/peter-mixalko-media-ancaq-musteqil-olduqda-inkisaf-ede-biler\/","og_locale":"az_AZ","og_type":"article","og_title":"Peter Mixalko: \u201cMedia ancaq m\u00fcst\u0259qil olduqda inki\u015faf ed\u0259 bil\u0259r\u201d - MEYDAN.TV","og_description":"\u201cMinalardan t\u0259mizl\u0259nm\u0259 i\u015fin\u0259 ayr\u0131lan \u00fcmumi paket 2,5 milyon avro civar\u0131ndad\u0131r\u201d ... Davam\u0131","og_url":"https:\/\/www.meydan.tv\/az\/article\/peter-mixalko-media-ancaq-musteqil-olduqda-inkisaf-ede-biler\/","og_site_name":"MEYDAN.TV","article_published_time":"2022-05-04T18:18:06+00:00","article_modified_time":"2022-05-04T18:19:30+00:00","og_image":[{"width":2560,"height":1753,"url":"https:\/\/www.meydan.tv\/wp-content\/uploads\/20220504_150218-scaled-e1651688360279.jpg","type":"image\/jpeg"}],"author":"elli","twitter_card":"summary_large_image","twitter_creator":"@elli","schema":{"@context":"https:\/\/schema.org","@graph":[{"@type":"Article","@id":"https:\/\/www.meydan.tv\/az\/article\/peter-mixalko-media-ancaq-musteqil-olduqda-inkisaf-ede-biler\/#article","isPartOf":{"@id":"https:\/\/www.meydan.tv\/az\/article\/peter-mixalko-media-ancaq-musteqil-olduqda-inkisaf-ede-biler\/"},"author":{"name":"elli","@id":"https:\/\/www.meydan.tv\/az\/#\/schema\/person\/9cdbecf90d17180ce1dfbd95b08dcf47"},"headline":"Peter Mixalko: \u201cMedia ancaq m\u00fcst\u0259qil olduqda inki\u015faf ed\u0259 bil\u0259r\u201d","datePublished":"2022-05-04T18:18:06+00:00","dateModified":"2022-05-04T18:19:30+00:00","mainEntityOfPage":{"@id":"https:\/\/www.meydan.tv\/az\/article\/peter-mixalko-media-ancaq-musteqil-olduqda-inkisaf-ede-biler\/"},"wordCount":1680,"publisher":{"@id":"https:\/\/www.meydan.tv\/az\/#organization"},"image":{"@id":"https:\/\/www.meydan.tv\/az\/article\/peter-mixalko-media-ancaq-musteqil-olduqda-inkisaf-ede-biler\/#primaryimage"},"thumbnailUrl":"https:\/\/www.meydan.tv\/wp-content\/uploads\/20220504_150218-scaled-e1651688360279.jpg","articleSection":["Siyas\u0259t","X\u0259b\u0259rl\u0259r"],"inLanguage":"az"},{"@type":"WebPage","@id":"https:\/\/www.meydan.tv\/az\/article\/peter-mixalko-media-ancaq-musteqil-olduqda-inkisaf-ede-biler\/","url":"https:\/\/www.meydan.tv\/az\/article\/peter-mixalko-media-ancaq-musteqil-olduqda-inkisaf-ede-biler\/","name":"Peter Mixalko: \u201cMedia ancaq m\u00fcst\u0259qil olduqda inki\u015faf ed\u0259 bil\u0259r\u201d - MEYDAN.TV","isPartOf":{"@id":"https:\/\/www.meydan.tv\/az\/#website"},"primaryImageOfPage":{"@id":"https:\/\/www.meydan.tv\/az\/article\/peter-mixalko-media-ancaq-musteqil-olduqda-inkisaf-ede-biler\/#primaryimage"},"image":{"@id":"https:\/\/www.meydan.tv\/az\/article\/peter-mixalko-media-ancaq-musteqil-olduqda-inkisaf-ede-biler\/#primaryimage"},"thumbnailUrl":"https:\/\/www.meydan.tv\/wp-content\/uploads\/20220504_150218-scaled-e1651688360279.jpg","datePublished":"2022-05-04T18:18:06+00:00","dateModified":"2022-05-04T18:19:30+00:00","breadcrumb":{"@id":"https:\/\/www.meydan.tv\/az\/article\/peter-mixalko-media-ancaq-musteqil-olduqda-inkisaf-ede-biler\/#breadcrumb"},"inLanguage":"az","potentialAction":[{"@type":"ReadAction","target":["https:\/\/www.meydan.tv\/az\/article\/peter-mixalko-media-ancaq-musteqil-olduqda-inkisaf-ede-biler\/"]}]},{"@type":"ImageObject","inLanguage":"az","@id":"https:\/\/www.meydan.tv\/az\/article\/peter-mixalko-media-ancaq-musteqil-olduqda-inkisaf-ede-biler\/#primaryimage","url":"https:\/\/www.meydan.tv\/wp-content\/uploads\/20220504_150218-scaled-e1651688360279.jpg","contentUrl":"https:\/\/www.meydan.tv\/wp-content\/uploads\/20220504_150218-scaled-e1651688360279.jpg","width":2560,"height":1753,"caption":"Peter Mixalko. Foto: Meydan TV"},{"@type":"BreadcrumbList","@id":"https:\/\/www.meydan.tv\/az\/article\/peter-mixalko-media-ancaq-musteqil-olduqda-inkisaf-ede-biler\/#breadcrumb","itemListElement":[{"@type":"ListItem","position":1,"name":"Ana s\u0259hif\u0259","item":"https:\/\/www.meydan.tv\/az\/"},{"@type":"ListItem","position":2,"name":"Siyas\u0259t","item":"https:\/\/www.meydan.tv\/az\/section\/siyaset\/"},{"@type":"ListItem","position":3,"name":"Peter Mixalko: \u201cMedia ancaq m\u00fcst\u0259qil olduqda inki\u015faf ed\u0259 bil\u0259r\u201d"}]},{"@type":"WebSite","@id":"https:\/\/www.meydan.tv\/az\/#website","url":"https:\/\/www.meydan.tv\/az\/","name":"MEYDAN.TV","description":"Meydan TV Az\u0259rbaycan\u0131n media m\u0259kan\u0131ndak\u0131 alternativ s\u0259sidir","publisher":{"@id":"https:\/\/www.meydan.tv\/az\/#organization"},"potentialAction":[{"@type":"SearchAction","target":{"@type":"EntryPoint","urlTemplate":"https:\/\/www.meydan.tv\/az\/?s={search_term_string}"},"query-input":{"@type":"PropertyValueSpecification","valueRequired":true,"valueName":"search_term_string"}}],"inLanguage":"az"},{"@type":"Organization","@id":"https:\/\/www.meydan.tv\/az\/#organization","name":"Meydan TV","url":"https:\/\/www.meydan.tv\/az\/","logo":{"@type":"ImageObject","inLanguage":"az","@id":"https:\/\/www.meydan.tv\/az\/#\/schema\/logo\/image\/","url":"https:\/\/www.meydan.tv\/wp-content\/uploads\/2021\/07\/meydan-logo.svg","contentUrl":"https:\/\/www.meydan.tv\/wp-content\/uploads\/2021\/07\/meydan-logo.svg","width":195,"height":46,"caption":"Meydan TV"},"image":{"@id":"https:\/\/www.meydan.tv\/az\/#\/schema\/logo\/image\/"}},{"@type":"Person","@id":"https:\/\/www.meydan.tv\/az\/#\/schema\/person\/9cdbecf90d17180ce1dfbd95b08dcf47","name":"elli","sameAs":["https:\/\/x.com\/elli"]}]}},"_links":{"self":[{"href":"https:\/\/www.meydan.tv\/az\/wp-json\/wp\/v2\/posts\/244276","targetHints":{"allow":["GET"]}}],"collection":[{"href":"https:\/\/www.meydan.tv\/az\/wp-json\/wp\/v2\/posts"}],"about":[{"href":"https:\/\/www.meydan.tv\/az\/wp-json\/wp\/v2\/types\/post"}],"author":[{"embeddable":true,"href":"https:\/\/www.meydan.tv\/az\/wp-json\/wp\/v2\/users\/8"}],"replies":[{"embeddable":true,"href":"https:\/\/www.meydan.tv\/az\/wp-json\/wp\/v2\/comments?post=244276"}],"version-history":[{"count":2,"href":"https:\/\/www.meydan.tv\/az\/wp-json\/wp\/v2\/posts\/244276\/revisions"}],"predecessor-version":[{"id":244287,"href":"https:\/\/www.meydan.tv\/az\/wp-json\/wp\/v2\/posts\/244276\/revisions\/244287"}],"wp:featuredmedia":[{"embeddable":true,"href":"https:\/\/www.meydan.tv\/az\/wp-json\/wp\/v2\/media\/244283"}],"wp:attachment":[{"href":"https:\/\/www.meydan.tv\/az\/wp-json\/wp\/v2\/media?parent=244276"}],"wp:term":[{"taxonomy":"category","embeddable":true,"href":"https:\/\/www.meydan.tv\/az\/wp-json\/wp\/v2\/categories?post=244276"},{"taxonomy":"post_tag","embeddable":true,"href":"https:\/\/www.meydan.tv\/az\/wp-json\/wp\/v2\/tags?post=244276"}],"curies":[{"name":"wp","href":"https:\/\/api.w.org\/{rel}","templated":true}]}}