{"id":244184,"date":"2022-05-04T13:05:49","date_gmt":"2022-05-04T09:05:49","guid":{"rendered":"https:\/\/www.meydan.tv\/?p=244184"},"modified":"2022-05-04T13:05:51","modified_gmt":"2022-05-04T09:05:51","slug":"azerbaycanda-medianin-durumu-4-ayda-60-insident","status":"publish","type":"post","link":"https:\/\/www.meydan.tv\/az\/article\/azerbaycanda-medianin-durumu-4-ayda-60-insident\/","title":{"rendered":"Az\u0259rbaycanda median\u0131n durumu: 4 ayda 60 insident"},"content":{"rendered":"\n<p><\/p>\n\n\n\n<p><em>&#8220;Diffamasiyaya g\u00f6r\u0259 m\u0259hk\u0259m\u0259 \u00e7\u0259ki\u015fm\u0259l\u0259ri art\u0131b&#8221;<\/em><\/p>\n\n\n\n<p>Bu ilin ilk 4 ay\u0131nda Az\u0259rbaycanda jurnalistl\u0259rl\u0259 ba\u011fl\u0131 az\u0131 60 insident ba\u015f verib.<\/p>\n\n\n\n<p>Buraya pe\u015f\u0259 f\u0259aliyy\u0259tini yerin\u0259 yetir\u0259n jurnalistl\u0259r\u0259 basq\u0131lar, jurnalistl\u0259rin m\u0259hk\u0259m\u0259y\u0259 \u00e7\u0259kilm\u0259si, c\u0259rim\u0259 olunmas\u0131, cinay\u0259t i\u015finin a\u00e7\u0131lmas\u0131, \u00f6lk\u0259d\u0259n \u00e7\u0131x\u0131\u015fa yasaq qoyulmas\u0131, m\u0259hk\u0259m\u0259 prosesl\u0259rind\u0259n bilgi toplanmas\u0131na imkan verilm\u0259m\u0259si, prokurorlu\u011fa \u00e7a\u011f\u0131r\u0131l\u0131b sor\u011fu-sual edilm\u0259l\u0259ri v\u0259 s. olaylar daxildir.<\/p>\n\n\n\n<p>May\u0131n 3-\u00fc d\u00fcnyada M\u0259tbuat Azadl\u0131\u011f\u0131 G\u00fcn\u00fc kimi qeyd edilir.<\/p>\n\n\n\n<p>Media h\u00fcququ \u00fczr\u0259 m\u00fct\u0259x\u0259ssis Xalid A\u011f\u0259liyevin h\u0259min g\u00fcn Az\u0259rbaycanda jurnalistl\u0259rin v\u0259 median\u0131n durumu il\u0259 ba\u011fl\u0131 a\u00e7\u0131qlad\u0131\u011f\u0131 m\u0259lumatda bel\u0259 deyilir.<\/p>\n\n\n\n<p>Bildirilir ki, insidentl\u0259rd\u0259n \u0259ziyy\u0259t \u00e7\u0259k\u0259nl\u0259r &#8211; \u018fl\u0259kb\u0259r Azayev, \u018fmin\u0259 M\u0259mm\u0259dova, Fikr\u0259t F\u0259r\u0259m\u0259zo\u011flu, Sevinc Vaqifq\u0131z\u0131, Anar Qaraxan\u00e7all\u0131, Fatim\u0259 M\u00f6vlaml\u0131, \u018fv\u0259z Hafizli, Sevinc Sad\u0131qova, S\u0259ad\u0259t Cahangir, Polad Aslanov, C\u0259mil M\u0259mm\u0259dli, N\u0259rgiz Absalamova, \u0130lkin Muradov, \u0130mran \u018fliyev, Vasif H\u0259s\u0259nli, Zahir Amanov, Taleh \u015eahsuvarov, Cavid \u015eir\u0259liyev, G\u00fcnel \u018fliyeva, V\u00fcsal\u0259 N\u0259ciyeva, Nurlan Q\u0259hr\u0259manl\u0131 v\u0259 ba\u015fqalar\u0131 olub.<\/p>\n\n\n\n<figure class=\"wp-block-image size-full is-resized\"><img decoding=\"async\" data-src=\"https:\/\/www.meydan.tv\/wp-content\/uploads\/cover-site_y6zmquc.png\" alt=\"Media H\u00fcquq \u0130nstitutunun eksperti Xalid A\u011faliyev\" class=\"wp-image-121120 lazyload\" width=\"480\" height=\"266\" src=\"data:image\/svg+xml;base64,PHN2ZyB3aWR0aD0iMSIgaGVpZ2h0PSIxIiB4bWxucz0iaHR0cDovL3d3dy53My5vcmcvMjAwMC9zdmciPjwvc3ZnPg==\" style=\"--smush-placeholder-width: 480px; --smush-placeholder-aspect-ratio: 480\/266;\" \/><figcaption>Xalid A\u011f\u0259liyev. Foto: Meydan.TV<\/figcaption><\/figure>\n\n\n\n<p>\u0130nsident\u0259rin az qala ham\u0131s\u0131nda qar\u015f\u0131 t\u0259r\u0259f r\u0259smil\u0259r olub.<\/p>\n\n\n\n<p>H\u00fcquq\u015f\u00fcnas bildirib ki, son 4 ayda n\u0259z\u0259r\u0259\u00e7arpan trend diffamasiyaya g\u00f6r\u0259 m\u0259hk\u0259m\u0259 \u00e7\u0259ki\u015fm\u0259l\u0259rinin artmas\u0131d\u0131r: <\/p>\n\n\n\n<p>&#8220;4 ayda bel\u0259 \u015fikay\u0259t v\u0259 iddialar\u0131n say\u0131 10-u \u00f6t\u00fcb. \u00d6t\u0259n il \u0259rzind\u0259 bel\u0259 iddia v\u0259 \u015fikay\u0259tl\u0259rin say\u0131 13 olub. M\u0259hk\u0259m\u0259l\u0259rin bel\u0259 i\u015fl\u0259rl\u0259 ba\u011fl\u0131 h\u00f6km v\u0259 q\u0259rarlar\u0131n\u0131n, dem\u0259k olar ki, ham\u0131s\u0131 \u0259sasland\u0131r\u0131lmam\u0131\u015f olub&#8221;.<\/p>\n\n\n\n<p>\u201cM\u0259s\u0259l\u0259n, C\u0259mil M\u0259mm\u0259dlinin i\u015find\u0259 m\u00fcbahis\u0259 predmeti olan m\u0259zmun, 200 v\u0259t\u0259nda\u015f\u0131n ifad\u0259si il\u0259 ba\u011fl\u0131d\u0131r (\u0130H ba\u015f\u00e7\u0131s\u0131 maa\u015f yaz\u0131b, m\u0259nims\u0259yib). Ancaq m\u0259hk\u0259m\u0259 200 n\u0259f\u0259rd\u0259n birinin bel\u0259 ifad\u0259sini dinl\u0259m\u0259y\u0259 l\u00fczum g\u00f6rm\u0259yib. Jurnalistl\u0259rin pe\u015f\u0259 f\u0259aliyy\u0259tl\u0259rini yerin\u0259 yetirm\u0259l\u0259rin\u0259 mane\u00e7ilik yarad\u0131lmas\u0131ndan verdikl\u0259ri 20-y\u0259 yax\u0131n \u015fikay\u0259tin he\u00e7 biri t\u0259min edilm\u0259yib, \u015fikay\u0259tl\u0259rinin \u0259sass\u0131z oldu\u011fu q\u0259rar\u0131 verilib\u201d, &#8211; dey\u0259 o bildirib.<\/p>\n\n\n\n<p>Xalid A\u011f\u0259liyev bildirib ki, 4 ayda jurnalistl\u0259rin t\u0259r\u0259f oldu\u011fu i\u015fl\u0259rd\u0259 d\u00f6vl\u0259t qurumlar\u0131, m\u0259hk\u0259m\u0259l\u0259r 40-dan art\u0131q q\u0259rar q\u0259bul edib. Onlardan 3-\u00fc jurnalistl\u0259rin xeyrin\u0259 olub: <\/p>\n\n\n\n<p>\u201cSevinc Vaqifq\u0131z\u0131n\u0131n \u00f6lk\u0259d\u0259n \u00e7\u0131x\u0131\u015f\u0131na qada\u011fa qoyulmas\u0131 t\u0259l\u0259bi t\u0259min olunmay\u0131b. Vasif H\u0259s\u0259nliy\u0259, Cavid \u015eir\u0259liyev\u0259 qar\u015f\u0131 x\u00fcsusi ittiham qaydas\u0131nda \u015fikay\u0259tin icraata q\u0259bul edilm\u0259sind\u0259n imtina olunub\u201d.<\/p>\n\n\n\n<p>Az\u0259rbaycanda 2005-ci ild\u0259 evinin \u00f6n\u00fcnd\u0259 odlu silahla q\u0259tl\u0259 yetiril\u0259n \u201cMonitor\u201d jurnal\u0131n\u0131n t\u0259sis\u00e7isi v\u0259 ba\u015f redaktoru Elmar H\u00fcseynovun cinay\u0259t i\u015fi indiy\u0259d\u0259k a\u00e7\u0131lmay\u0131b.<\/p>\n","protected":false},"excerpt":{"rendered":"<p>&#8220;Diffamasiyaya g\u00f6r\u0259 m\u0259hk\u0259m\u0259 \u00e7\u0259ki\u015fm\u0259l\u0259ri art\u0131b&#8221; Bu ilin ilk 4 ay\u0131nda &#8230; <\/p>\n<p class=\"read-more-container\"><a title=\"Az\u0259rbaycanda median\u0131n durumu: 4 ayda 60 insident\" class=\"read-more button\" href=\"https:\/\/www.meydan.tv\/az\/article\/azerbaycanda-medianin-durumu-4-ayda-60-insident\/#more-244184\" aria-label=\"Read more about Az\u0259rbaycanda median\u0131n durumu: 4 ayda 60 insident\">Davam\u0131<\/a><\/p>\n","protected":false},"author":8,"featured_media":228850,"comment_status":"closed","ping_status":"closed","sticky":false,"template":"","format":"standard","meta":{"_acf_changed":false,"_sitemap_exclude":false,"_sitemap_priority":"","_sitemap_frequency":"","footnotes":""},"categories":[59,79,56],"tags":[],"class_list":["post-244184","post","type-post","status-publish","format-standard","has-post-thumbnail","hentry","category-siyaset","category-featured","category-xeberler","infinite-scroll-item","generate-columns","tablet-grid-50","mobile-grid-100","grid-parent","grid-33","no-featured-image-padding"],"acf":[],"yoast_head":"<!-- This site is optimized with the Yoast SEO plugin v27.4 - https:\/\/yoast.com\/product\/yoast-seo-wordpress\/ -->\n<title>Az\u0259rbaycanda median\u0131n durumu: 4 ayda 60 insident - MEYDAN.TV<\/title>\n<meta name=\"robots\" content=\"index, follow, max-snippet:-1, max-image-preview:large, max-video-preview:-1\" \/>\n<link rel=\"canonical\" href=\"https:\/\/www.meydan.tv\/az\/article\/azerbaycanda-medianin-durumu-4-ayda-60-insident\/\" \/>\n<meta property=\"og:locale\" content=\"az_AZ\" \/>\n<meta property=\"og:type\" content=\"article\" \/>\n<meta property=\"og:title\" content=\"Az\u0259rbaycanda median\u0131n durumu: 4 ayda 60 insident - MEYDAN.TV\" \/>\n<meta property=\"og:description\" content=\"&#8220;Diffamasiyaya g\u00f6r\u0259 m\u0259hk\u0259m\u0259 \u00e7\u0259ki\u015fm\u0259l\u0259ri art\u0131b&#8221; Bu ilin ilk 4 ay\u0131nda ... Davam\u0131\" \/>\n<meta property=\"og:url\" content=\"https:\/\/www.meydan.tv\/az\/article\/azerbaycanda-medianin-durumu-4-ayda-60-insident\/\" \/>\n<meta property=\"og:site_name\" content=\"MEYDAN.TV\" \/>\n<meta property=\"article:published_time\" content=\"2022-05-04T09:05:49+00:00\" \/>\n<meta property=\"article:modified_time\" content=\"2022-05-04T09:05:51+00:00\" \/>\n<meta property=\"og:image\" content=\"https:\/\/www.meydan.tv\/wp-content\/uploads\/shutterstock_1916809865-e1639045110670.jpg\" \/>\n\t<meta property=\"og:image:width\" content=\"1200\" \/>\n\t<meta property=\"og:image:height\" content=\"543\" \/>\n\t<meta property=\"og:image:type\" content=\"image\/jpeg\" \/>\n<meta name=\"author\" content=\"elli\" \/>\n<meta name=\"twitter:card\" content=\"summary_large_image\" \/>\n<meta name=\"twitter:creator\" content=\"@elli\" \/>\n<script type=\"application\/ld+json\" class=\"yoast-schema-graph\">{\"@context\":\"https:\\\/\\\/schema.org\",\"@graph\":[{\"@type\":\"Article\",\"@id\":\"https:\\\/\\\/www.meydan.tv\\\/az\\\/article\\\/azerbaycanda-medianin-durumu-4-ayda-60-insident\\\/#article\",\"isPartOf\":{\"@id\":\"https:\\\/\\\/www.meydan.tv\\\/az\\\/article\\\/azerbaycanda-medianin-durumu-4-ayda-60-insident\\\/\"},\"author\":{\"name\":\"elli\",\"@id\":\"https:\\\/\\\/www.meydan.tv\\\/az\\\/#\\\/schema\\\/person\\\/9cdbecf90d17180ce1dfbd95b08dcf47\"},\"headline\":\"Az\u0259rbaycanda median\u0131n durumu: 4 ayda 60 insident\",\"datePublished\":\"2022-05-04T09:05:49+00:00\",\"dateModified\":\"2022-05-04T09:05:51+00:00\",\"mainEntityOfPage\":{\"@id\":\"https:\\\/\\\/www.meydan.tv\\\/az\\\/article\\\/azerbaycanda-medianin-durumu-4-ayda-60-insident\\\/\"},\"wordCount\":543,\"publisher\":{\"@id\":\"https:\\\/\\\/www.meydan.tv\\\/az\\\/#organization\"},\"image\":{\"@id\":\"https:\\\/\\\/www.meydan.tv\\\/az\\\/article\\\/azerbaycanda-medianin-durumu-4-ayda-60-insident\\\/#primaryimage\"},\"thumbnailUrl\":\"https:\\\/\\\/www.meydan.tv\\\/wp-content\\\/uploads\\\/shutterstock_1916809865-e1639045110670.jpg\",\"articleSection\":[\"Siyas\u0259t\",\"T\u00f6vsiy\u0259\",\"X\u0259b\u0259rl\u0259r\"],\"inLanguage\":\"az\"},{\"@type\":\"WebPage\",\"@id\":\"https:\\\/\\\/www.meydan.tv\\\/az\\\/article\\\/azerbaycanda-medianin-durumu-4-ayda-60-insident\\\/\",\"url\":\"https:\\\/\\\/www.meydan.tv\\\/az\\\/article\\\/azerbaycanda-medianin-durumu-4-ayda-60-insident\\\/\",\"name\":\"Az\u0259rbaycanda median\u0131n durumu: 4 ayda 60 insident - MEYDAN.TV\",\"isPartOf\":{\"@id\":\"https:\\\/\\\/www.meydan.tv\\\/az\\\/#website\"},\"primaryImageOfPage\":{\"@id\":\"https:\\\/\\\/www.meydan.tv\\\/az\\\/article\\\/azerbaycanda-medianin-durumu-4-ayda-60-insident\\\/#primaryimage\"},\"image\":{\"@id\":\"https:\\\/\\\/www.meydan.tv\\\/az\\\/article\\\/azerbaycanda-medianin-durumu-4-ayda-60-insident\\\/#primaryimage\"},\"thumbnailUrl\":\"https:\\\/\\\/www.meydan.tv\\\/wp-content\\\/uploads\\\/shutterstock_1916809865-e1639045110670.jpg\",\"datePublished\":\"2022-05-04T09:05:49+00:00\",\"dateModified\":\"2022-05-04T09:05:51+00:00\",\"breadcrumb\":{\"@id\":\"https:\\\/\\\/www.meydan.tv\\\/az\\\/article\\\/azerbaycanda-medianin-durumu-4-ayda-60-insident\\\/#breadcrumb\"},\"inLanguage\":\"az\",\"potentialAction\":[{\"@type\":\"ReadAction\",\"target\":[\"https:\\\/\\\/www.meydan.tv\\\/az\\\/article\\\/azerbaycanda-medianin-durumu-4-ayda-60-insident\\\/\"]}]},{\"@type\":\"ImageObject\",\"inLanguage\":\"az\",\"@id\":\"https:\\\/\\\/www.meydan.tv\\\/az\\\/article\\\/azerbaycanda-medianin-durumu-4-ayda-60-insident\\\/#primaryimage\",\"url\":\"https:\\\/\\\/www.meydan.tv\\\/wp-content\\\/uploads\\\/shutterstock_1916809865-e1639045110670.jpg\",\"contentUrl\":\"https:\\\/\\\/www.meydan.tv\\\/wp-content\\\/uploads\\\/shutterstock_1916809865-e1639045110670.jpg\",\"width\":1200,\"height\":543,\"caption\":\"Media, Foto: By zef art\\\/Shutterstock\"},{\"@type\":\"BreadcrumbList\",\"@id\":\"https:\\\/\\\/www.meydan.tv\\\/az\\\/article\\\/azerbaycanda-medianin-durumu-4-ayda-60-insident\\\/#breadcrumb\",\"itemListElement\":[{\"@type\":\"ListItem\",\"position\":1,\"name\":\"Ana s\u0259hif\u0259\",\"item\":\"https:\\\/\\\/www.meydan.tv\\\/az\\\/\"},{\"@type\":\"ListItem\",\"position\":2,\"name\":\"Siyas\u0259t\",\"item\":\"https:\\\/\\\/www.meydan.tv\\\/az\\\/section\\\/siyaset\\\/\"},{\"@type\":\"ListItem\",\"position\":3,\"name\":\"Az\u0259rbaycanda median\u0131n durumu: 4 ayda 60 insident\"}]},{\"@type\":\"WebSite\",\"@id\":\"https:\\\/\\\/www.meydan.tv\\\/az\\\/#website\",\"url\":\"https:\\\/\\\/www.meydan.tv\\\/az\\\/\",\"name\":\"MEYDAN.TV\",\"description\":\"Meydan TV Az\u0259rbaycan\u0131n media m\u0259kan\u0131ndak\u0131 alternativ s\u0259sidir\",\"publisher\":{\"@id\":\"https:\\\/\\\/www.meydan.tv\\\/az\\\/#organization\"},\"potentialAction\":[{\"@type\":\"SearchAction\",\"target\":{\"@type\":\"EntryPoint\",\"urlTemplate\":\"https:\\\/\\\/www.meydan.tv\\\/az\\\/?s={search_term_string}\"},\"query-input\":{\"@type\":\"PropertyValueSpecification\",\"valueRequired\":true,\"valueName\":\"search_term_string\"}}],\"inLanguage\":\"az\"},{\"@type\":\"Organization\",\"@id\":\"https:\\\/\\\/www.meydan.tv\\\/az\\\/#organization\",\"name\":\"Meydan TV\",\"url\":\"https:\\\/\\\/www.meydan.tv\\\/az\\\/\",\"logo\":{\"@type\":\"ImageObject\",\"inLanguage\":\"az\",\"@id\":\"https:\\\/\\\/www.meydan.tv\\\/az\\\/#\\\/schema\\\/logo\\\/image\\\/\",\"url\":\"https:\\\/\\\/www.meydan.tv\\\/wp-content\\\/uploads\\\/2021\\\/07\\\/meydan-logo.svg\",\"contentUrl\":\"https:\\\/\\\/www.meydan.tv\\\/wp-content\\\/uploads\\\/2021\\\/07\\\/meydan-logo.svg\",\"width\":195,\"height\":46,\"caption\":\"Meydan TV\"},\"image\":{\"@id\":\"https:\\\/\\\/www.meydan.tv\\\/az\\\/#\\\/schema\\\/logo\\\/image\\\/\"}},{\"@type\":\"Person\",\"@id\":\"https:\\\/\\\/www.meydan.tv\\\/az\\\/#\\\/schema\\\/person\\\/9cdbecf90d17180ce1dfbd95b08dcf47\",\"name\":\"elli\",\"sameAs\":[\"https:\\\/\\\/x.com\\\/elli\"]}]}<\/script>\n<!-- \/ Yoast SEO plugin. -->","yoast_head_json":{"title":"Az\u0259rbaycanda median\u0131n durumu: 4 ayda 60 insident - MEYDAN.TV","robots":{"index":"index","follow":"follow","max-snippet":"max-snippet:-1","max-image-preview":"max-image-preview:large","max-video-preview":"max-video-preview:-1"},"canonical":"https:\/\/www.meydan.tv\/az\/article\/azerbaycanda-medianin-durumu-4-ayda-60-insident\/","og_locale":"az_AZ","og_type":"article","og_title":"Az\u0259rbaycanda median\u0131n durumu: 4 ayda 60 insident - MEYDAN.TV","og_description":"&#8220;Diffamasiyaya g\u00f6r\u0259 m\u0259hk\u0259m\u0259 \u00e7\u0259ki\u015fm\u0259l\u0259ri art\u0131b&#8221; Bu ilin ilk 4 ay\u0131nda ... Davam\u0131","og_url":"https:\/\/www.meydan.tv\/az\/article\/azerbaycanda-medianin-durumu-4-ayda-60-insident\/","og_site_name":"MEYDAN.TV","article_published_time":"2022-05-04T09:05:49+00:00","article_modified_time":"2022-05-04T09:05:51+00:00","og_image":[{"width":1200,"height":543,"url":"https:\/\/www.meydan.tv\/wp-content\/uploads\/shutterstock_1916809865-e1639045110670.jpg","type":"image\/jpeg"}],"author":"elli","twitter_card":"summary_large_image","twitter_creator":"@elli","schema":{"@context":"https:\/\/schema.org","@graph":[{"@type":"Article","@id":"https:\/\/www.meydan.tv\/az\/article\/azerbaycanda-medianin-durumu-4-ayda-60-insident\/#article","isPartOf":{"@id":"https:\/\/www.meydan.tv\/az\/article\/azerbaycanda-medianin-durumu-4-ayda-60-insident\/"},"author":{"name":"elli","@id":"https:\/\/www.meydan.tv\/az\/#\/schema\/person\/9cdbecf90d17180ce1dfbd95b08dcf47"},"headline":"Az\u0259rbaycanda median\u0131n durumu: 4 ayda 60 insident","datePublished":"2022-05-04T09:05:49+00:00","dateModified":"2022-05-04T09:05:51+00:00","mainEntityOfPage":{"@id":"https:\/\/www.meydan.tv\/az\/article\/azerbaycanda-medianin-durumu-4-ayda-60-insident\/"},"wordCount":543,"publisher":{"@id":"https:\/\/www.meydan.tv\/az\/#organization"},"image":{"@id":"https:\/\/www.meydan.tv\/az\/article\/azerbaycanda-medianin-durumu-4-ayda-60-insident\/#primaryimage"},"thumbnailUrl":"https:\/\/www.meydan.tv\/wp-content\/uploads\/shutterstock_1916809865-e1639045110670.jpg","articleSection":["Siyas\u0259t","T\u00f6vsiy\u0259","X\u0259b\u0259rl\u0259r"],"inLanguage":"az"},{"@type":"WebPage","@id":"https:\/\/www.meydan.tv\/az\/article\/azerbaycanda-medianin-durumu-4-ayda-60-insident\/","url":"https:\/\/www.meydan.tv\/az\/article\/azerbaycanda-medianin-durumu-4-ayda-60-insident\/","name":"Az\u0259rbaycanda median\u0131n durumu: 4 ayda 60 insident - MEYDAN.TV","isPartOf":{"@id":"https:\/\/www.meydan.tv\/az\/#website"},"primaryImageOfPage":{"@id":"https:\/\/www.meydan.tv\/az\/article\/azerbaycanda-medianin-durumu-4-ayda-60-insident\/#primaryimage"},"image":{"@id":"https:\/\/www.meydan.tv\/az\/article\/azerbaycanda-medianin-durumu-4-ayda-60-insident\/#primaryimage"},"thumbnailUrl":"https:\/\/www.meydan.tv\/wp-content\/uploads\/shutterstock_1916809865-e1639045110670.jpg","datePublished":"2022-05-04T09:05:49+00:00","dateModified":"2022-05-04T09:05:51+00:00","breadcrumb":{"@id":"https:\/\/www.meydan.tv\/az\/article\/azerbaycanda-medianin-durumu-4-ayda-60-insident\/#breadcrumb"},"inLanguage":"az","potentialAction":[{"@type":"ReadAction","target":["https:\/\/www.meydan.tv\/az\/article\/azerbaycanda-medianin-durumu-4-ayda-60-insident\/"]}]},{"@type":"ImageObject","inLanguage":"az","@id":"https:\/\/www.meydan.tv\/az\/article\/azerbaycanda-medianin-durumu-4-ayda-60-insident\/#primaryimage","url":"https:\/\/www.meydan.tv\/wp-content\/uploads\/shutterstock_1916809865-e1639045110670.jpg","contentUrl":"https:\/\/www.meydan.tv\/wp-content\/uploads\/shutterstock_1916809865-e1639045110670.jpg","width":1200,"height":543,"caption":"Media, Foto: By zef art\/Shutterstock"},{"@type":"BreadcrumbList","@id":"https:\/\/www.meydan.tv\/az\/article\/azerbaycanda-medianin-durumu-4-ayda-60-insident\/#breadcrumb","itemListElement":[{"@type":"ListItem","position":1,"name":"Ana s\u0259hif\u0259","item":"https:\/\/www.meydan.tv\/az\/"},{"@type":"ListItem","position":2,"name":"Siyas\u0259t","item":"https:\/\/www.meydan.tv\/az\/section\/siyaset\/"},{"@type":"ListItem","position":3,"name":"Az\u0259rbaycanda median\u0131n durumu: 4 ayda 60 insident"}]},{"@type":"WebSite","@id":"https:\/\/www.meydan.tv\/az\/#website","url":"https:\/\/www.meydan.tv\/az\/","name":"MEYDAN.TV","description":"Meydan TV Az\u0259rbaycan\u0131n media m\u0259kan\u0131ndak\u0131 alternativ s\u0259sidir","publisher":{"@id":"https:\/\/www.meydan.tv\/az\/#organization"},"potentialAction":[{"@type":"SearchAction","target":{"@type":"EntryPoint","urlTemplate":"https:\/\/www.meydan.tv\/az\/?s={search_term_string}"},"query-input":{"@type":"PropertyValueSpecification","valueRequired":true,"valueName":"search_term_string"}}],"inLanguage":"az"},{"@type":"Organization","@id":"https:\/\/www.meydan.tv\/az\/#organization","name":"Meydan TV","url":"https:\/\/www.meydan.tv\/az\/","logo":{"@type":"ImageObject","inLanguage":"az","@id":"https:\/\/www.meydan.tv\/az\/#\/schema\/logo\/image\/","url":"https:\/\/www.meydan.tv\/wp-content\/uploads\/2021\/07\/meydan-logo.svg","contentUrl":"https:\/\/www.meydan.tv\/wp-content\/uploads\/2021\/07\/meydan-logo.svg","width":195,"height":46,"caption":"Meydan TV"},"image":{"@id":"https:\/\/www.meydan.tv\/az\/#\/schema\/logo\/image\/"}},{"@type":"Person","@id":"https:\/\/www.meydan.tv\/az\/#\/schema\/person\/9cdbecf90d17180ce1dfbd95b08dcf47","name":"elli","sameAs":["https:\/\/x.com\/elli"]}]}},"_links":{"self":[{"href":"https:\/\/www.meydan.tv\/az\/wp-json\/wp\/v2\/posts\/244184","targetHints":{"allow":["GET"]}}],"collection":[{"href":"https:\/\/www.meydan.tv\/az\/wp-json\/wp\/v2\/posts"}],"about":[{"href":"https:\/\/www.meydan.tv\/az\/wp-json\/wp\/v2\/types\/post"}],"author":[{"embeddable":true,"href":"https:\/\/www.meydan.tv\/az\/wp-json\/wp\/v2\/users\/8"}],"replies":[{"embeddable":true,"href":"https:\/\/www.meydan.tv\/az\/wp-json\/wp\/v2\/comments?post=244184"}],"version-history":[{"count":2,"href":"https:\/\/www.meydan.tv\/az\/wp-json\/wp\/v2\/posts\/244184\/revisions"}],"predecessor-version":[{"id":244187,"href":"https:\/\/www.meydan.tv\/az\/wp-json\/wp\/v2\/posts\/244184\/revisions\/244187"}],"wp:featuredmedia":[{"embeddable":true,"href":"https:\/\/www.meydan.tv\/az\/wp-json\/wp\/v2\/media\/228850"}],"wp:attachment":[{"href":"https:\/\/www.meydan.tv\/az\/wp-json\/wp\/v2\/media?parent=244184"}],"wp:term":[{"taxonomy":"category","embeddable":true,"href":"https:\/\/www.meydan.tv\/az\/wp-json\/wp\/v2\/categories?post=244184"},{"taxonomy":"post_tag","embeddable":true,"href":"https:\/\/www.meydan.tv\/az\/wp-json\/wp\/v2\/tags?post=244184"}],"curies":[{"name":"wp","href":"https:\/\/api.w.org\/{rel}","templated":true}]}}