{"id":244179,"date":"2022-05-04T12:44:06","date_gmt":"2022-05-04T08:44:06","guid":{"rendered":"https:\/\/www.meydan.tv\/?p=244179"},"modified":"2022-05-04T18:12:40","modified_gmt":"2022-05-04T14:12:40","slug":"rusiyanin-ukraynaya-herbi-mudaxilesinin-70-ci-gunu-yenilenen-xeberler","status":"publish","type":"post","link":"https:\/\/www.meydan.tv\/az\/article\/rusiyanin-ukraynaya-herbi-mudaxilesinin-70-ci-gunu-yenilenen-xeberler\/","title":{"rendered":"Rusiyan\u0131n Ukraynaya h\u0259rbi m\u00fcdaxil\u0259sinin 70-ci g\u00fcn\u00fc: yenil\u0259n\u0259n x\u0259b\u0259rl\u0259r"},"content":{"rendered":"\n<figure class=\"wp-block-embed is-type-video is-provider-youtube wp-block-embed-youtube wp-embed-aspect-16-9 wp-has-aspect-ratio\"><div class=\"wp-block-embed__wrapper\">\n<iframe title=\"Rusiya ordusu Mariupoldak\u0131 Azovstal polad zavoduna h\u00fccumlar\u0131 b\u0259rpa edib\" width=\"1200\" height=\"675\" data-src=\"https:\/\/www.youtube.com\/embed\/vKvstl5W69A?feature=oembed\" frameborder=\"0\" allow=\"accelerometer; autoplay; clipboard-write; encrypted-media; gyroscope; picture-in-picture\" allowfullscreen src=\"data:image\/svg+xml;base64,PHN2ZyB3aWR0aD0iMSIgaGVpZ2h0PSIxIiB4bWxucz0iaHR0cDovL3d3dy53My5vcmcvMjAwMC9zdmciPjwvc3ZnPg==\" class=\"lazyload\" data-load-mode=\"1\"><\/iframe>\n<\/div><\/figure>\n\n\n\n<p><\/p>\n\n\n\n<p><\/p>\n\n\n\n<p><strong>Avropa \u0130ttifaq\u0131 Rusiyaya qar\u015f\u0131 sanksiyalar\u0131 a\u00e7\u0131qlad\u0131<\/strong><br><\/p>\n\n\n\n<p>Avropa \u0130ttifaq\u0131 Rusiyaya qar\u015f\u0131 6-c\u0131 sanksiya paketini elan <a href=\"https:\/\/www.meydan.tv\/az\/article\/rusiyanin-ukraynaya-herbi-mudaxilesinin-70-ci-gunu-yenilenen-xeberler\/\" target=\"_blank\" rel=\"noreferrer noopener\">edib<\/a>.<br><\/p>\n\n\n\n<div class=\"wp-block-image\"><figure class=\"alignright size-full is-resized\"><img decoding=\"async\" data-src=\"https:\/\/www.meydan.tv\/wp-content\/uploads\/shutterstock_1630485025.jpg\" alt=\"\" class=\"wp-image-238894 lazyload\" width=\"374\" height=\"249\" src=\"data:image\/svg+xml;base64,PHN2ZyB3aWR0aD0iMSIgaGVpZ2h0PSIxIiB4bWxucz0iaHR0cDovL3d3dy53My5vcmcvMjAwMC9zdmciPjwvc3ZnPg==\" style=\"--smush-placeholder-width: 374px; --smush-placeholder-aspect-ratio: 374\/249;\" \/><figcaption>Rusiyaya qar\u015f\u0131 sanksiyalar. Foto: Anton Petrus\/shutterstock<\/figcaption><\/figure><\/div>\n\n\n\n<p>Avropa Komissiyas\u0131n\u0131n Prezidenti Ursula von der Leyen Avropa Parlamentind\u0259 \u00e7\u0131x\u0131\u015f\u0131nda bildirib ki, Bu\u00e7ada h\u0259rbi cinay\u0259tl\u0259r t\u00f6r\u0259tmi\u015f y\u00fcks\u0259k r\u00fctb\u0259li h\u0259rbi zabitl\u0259rin v\u0259 dig\u0259r \u015f\u0259xsl\u0259rin siyah\u0131s\u0131n\u0131 haz\u0131rlay\u0131blar.<br><\/p>\n\n\n\n<p>O deyib ki, cinay\u0259ti t\u00f6r\u0259d\u0259nl\u0259rin kiml\u0259r oldu\u011funu bilirl\u0259r.<\/p>\n\n\n\n<p><\/p>\n\n\n\n<p><\/p>\n\n\n\n<p><\/p>\n\n\n\n<p><\/p>\n\n\n\n<p><\/p>\n\n\n\n<hr class=\"wp-block-separator\"\/>\n\n\n\n<p><strong>\u015eoyqu: \u201cUkraynaya silah da\u015f\u0131yan NATO ma\u015f\u0131nlar\u0131 m\u0259hv edil\u0259c\u0259k\u201d<\/strong><\/p>\n\n\n\n<p><em>\u201cRusiya ordusu Mariupola n\u0259zar\u0259t edir\u201d.<\/em><\/p>\n\n\n\n<p>Bunu Rusiyan\u0131n m\u00fcdafi\u0259 naziri Sergey \u015eoyqu may\u0131n 4-d\u0259 ke\u00e7irdiyi m\u0259tbuat konfrans\u0131nda deyib.<\/p>\n\n\n\n<p>Nazir iddia edib ki, Mariupol da daxil olmaqla, \u201cseparat\u00e7\u0131\u201clar\u0131n n\u0259zar\u0259t etdiyi b\u00f6lg\u0259l\u0259rd\u0259 dinc h\u0259yat b\u0259rpa olunur.<\/p>\n\n\n\n<div class=\"wp-block-image\"><figure class=\"alignleft size-large is-resized\"><img decoding=\"async\" data-src=\"https:\/\/www.meydan.tv\/wp-content\/uploads\/trend_sergey_shoygu_131014_3-1095x821.jpg\" alt=\"\" class=\"wp-image-226320 lazyload\" width=\"452\" height=\"338\" src=\"data:image\/svg+xml;base64,PHN2ZyB3aWR0aD0iMSIgaGVpZ2h0PSIxIiB4bWxucz0iaHR0cDovL3d3dy53My5vcmcvMjAwMC9zdmciPjwvc3ZnPg==\" style=\"--smush-placeholder-width: 452px; --smush-placeholder-aspect-ratio: 452\/338;\" \/><figcaption>Sergey \u015eoyqu, Foto: Trend.az<\/figcaption><\/figure><\/div>\n\n\n\n<p>S.\u015eoyqu NATO-ya da x\u0259b\u0259rdarl\u0131q edib: \u201cUkrayna Silahl\u0131 Q\u00fcvv\u0259l\u0259ri \u00fc\u00e7\u00fcn g\u0259l\u0259n silah v\u0259 sursat olan NATO ma\u015f\u0131nlar\u0131 m\u0259hv edil\u0259c\u0259k. AB\u015e v\u0259 onun NATO m\u00fctt\u0259fiql\u0259ri Ukraynaya silah g\u00f6nd\u0259rm\u0259kd\u0259 davam edirl\u0259r. Onlar\u0131n silah v\u0259 ya materialla g\u0259l\u0259n ist\u0259nil\u0259n n\u0259qliyyat\u0131 bizim h\u0259d\u0259fimizd\u0259dir\u201d.<\/p>\n\n\n\n<hr class=\"wp-block-separator\"\/>\n\n\n\n<p><\/p>\n\n\n\n<p><\/p>\n\n\n\n<p><\/p>\n\n\n\n<p><\/p>\n\n\n\n<p><strong>Yaponiyan\u0131n Ba\u015f naziri Rusiyaya g\u0259l\u0259 bilm\u0259y\u0259c\u0259k<\/strong><\/p>\n\n\n\n<p>Moskva Yaponiyan\u0131n Ba\u015f naziri Fumio Ki\u015fida v\u0259 xarici i\u015fl\u0259r naziri Yosimasa Haya\u015finin Rusiyaya giri\u015fini qada\u011fan edir.<\/p>\n\n\n\n<p>Bu bar\u0259d\u0259 Rusiya Xarici \u0130\u015fl\u0259r Nazirliyi m\u0259lumat <a href=\"https:\/\/mid.ru\/ru\/foreign_policy\/news\/1811646\/\" target=\"_blank\" rel=\"noreferrer noopener\">yay\u0131b<\/a>.<\/p>\n\n\n\n<div class=\"wp-block-image\"><figure class=\"alignright size-full is-resized\"><img decoding=\"async\" data-src=\"https:\/\/www.meydan.tv\/wp-content\/uploads\/shutterstock_1580142451.jpg\" alt=\"\" class=\"wp-image-239146 lazyload\" width=\"401\" height=\"267\" src=\"data:image\/svg+xml;base64,PHN2ZyB3aWR0aD0iMSIgaGVpZ2h0PSIxIiB4bWxucz0iaHR0cDovL3d3dy53My5vcmcvMjAwMC9zdmciPjwvc3ZnPg==\" style=\"--smush-placeholder-width: 401px; --smush-placeholder-aspect-ratio: 401\/267;\" \/><figcaption>Rusiya Xarici \u0130\u015fl\u0259r Nazirliyi. Foto: MikroKon\/shutterstock<\/figcaption><\/figure><\/div>\n\n\n\n<p>Bildirilir ki, onlar\u0131 ad\u0131 Rusiyan\u0131n maliyy\u0259, m\u00fcdafi\u0259 v\u0259 \u0259dliyy\u0259 nazirl\u0259rinin &#8220;qara siyah\u0131s\u0131&#8221;nda var.<\/p>\n\n\n\n<p>&#8220;Fumio Ki\u015fida administrasiyas\u0131 misli g\u00f6r\u00fcnm\u0259mi\u015f anti-Rusiya kampaniyas\u0131na ba\u015flay\u0131b. Rusiyaya qar\u015f\u0131 q\u0259buledilm\u0259z ritorikaya, o c\u00fcml\u0259d\u0259n b\u00f6htan v\u0259 birba\u015fa t\u0259hdidl\u0259r\u0259 yol verir. Bunu Yaponiyan\u0131n ictimai xadiml\u0259ri, ekspertl\u0259ri v\u0259 media n\u00fcmay\u0259nd\u0259l\u0259ri d\u0259 t\u0259sdiql\u0259yir\u201d, &#8211; nazirliyin sayt\u0131nda bildirilir.<\/p>\n\n\n\n<p><\/p>\n\n\n\n<p><\/p>\n\n\n\n<p><\/p>\n\n\n\n<hr class=\"wp-block-separator\"\/>\n\n\n\n<p><strong>Ruslar \u201cEurovision\u201dda s\u0259sverm\u0259 h\u00fcququndan m\u0259hrum edilib<\/strong><br><\/p>\n\n\n\n<p>Ruslar builki \u201cEurovision\u201d yar\u0131\u015fmas\u0131nda s\u0259sverm\u0259 h\u00fcququndan m\u0259hrum edilib.<\/p>\n\n\n\n<p>\u201cS\u0259s verm\u0259k h\u00fcququ yaln\u0131z m\u00fcsabiq\u0259d\u0259 i\u015ftirak ed\u0259n \u00f6lk\u0259l\u0259r\u0259 \u015famil olunacaq. Rusiya m\u00fcsabiq\u0259d\u0259 yoxdur, buna g\u00f6r\u0259 d\u0259 h\u0259min \u00f6lk\u0259 \u0259razisind\u0259n s\u0259s verm\u0259k m\u00fcmk\u00fcn olmayacaq\u201d, &#8211; m\u00fcsabiq\u0259nin icra\u00e7\u0131 prod\u00fcseri Klaudio Fazulo bel\u0259 <a href=\"https:\/\/ria.ru\/20220503\/evrovidenie-1786632307.html\" target=\"_blank\" rel=\"noreferrer noopener\">deyib<\/a>.<\/p>\n\n\n\n<div class=\"wp-block-image\"><figure class=\"alignleft size-full is-resized\"><img decoding=\"async\" data-src=\"https:\/\/www.meydan.tv\/wp-content\/uploads\/shutterstock_1643769724.jpg\" alt=\"\" class=\"wp-image-236083 lazyload\" width=\"400\" height=\"266\" src=\"data:image\/svg+xml;base64,PHN2ZyB3aWR0aD0iMSIgaGVpZ2h0PSIxIiB4bWxucz0iaHR0cDovL3d3dy53My5vcmcvMjAwMC9zdmciPjwvc3ZnPg==\" style=\"--smush-placeholder-width: 400px; --smush-placeholder-aspect-ratio: 400\/266;\" \/><figcaption> \u201cEurovision\u201d. M\u0259nb\u0259: Review News\/shutterstock<\/figcaption><\/figure><\/div>\n\n\n\n<p>Avropa Yay\u0131m Birliyi bu ilin fevral\u0131nda Rusiya \u201cEurovision\u201d yar\u0131\u015fmas\u0131ndan <a href=\"https:\/\/www.meydan.tv\/az\/article\/rusiya-eurovision-yarismasindan-uzaqlasdirildi\/\" target=\"_blank\" rel=\"noreferrer noopener\">uzaqla\u015fd\u0131r\u0131b<\/a>.<br>Q\u0259rar Ukraynadak\u0131 h\u0259rbi \u0259m\u0259liyyatlarla \u0259laq\u0259dar verilib.<\/p>\n\n\n\n<p>Yar\u0131\u015fman\u0131n prod\u00fcseri Simone Martorelli q\u0259rar\u0131n m\u00fcv\u0259qq\u0259ti oldu\u011funu, g\u0259l\u0259c\u0259kd\u0259 yenid\u0259n m\u0259s\u0259l\u0259y\u0259 bax\u0131la bil\u0259c\u0259yini deyib.<\/p>\n\n\n\n<p>Bu il \u0130taliyan\u0131n Turin \u015f\u0259h\u0259rind\u0259 \u201cThe sound of beauty\u201d (\u201cG\u00f6z\u0259lliyin s\u0259si\u201d) \u015f\u00fcar\u0131 il\u0259 ke\u00e7iril\u0259c\u0259k 66-c\u0131 \u201cEurovision\u201d mahn\u0131 m\u00fcsabiq\u0259sinin yar\u0131mfinal m\u0259rh\u0259l\u0259l\u0259ri may\u0131n 10 v\u0259 12-d\u0259 olacaq.<br>M\u00fcsabiq\u0259nin final\u0131 is\u0259 may\u0131n 14-d\u0259 \u201cPalaOlimpico\u201d arenada t\u0259\u015fkil olunacaq.<br><\/p>\n\n\n\n<p><\/p>\n\n\n\n<p><\/p>\n\n\n\n<hr class=\"wp-block-separator\"\/>\n\n\n\n<p><strong>Rusiya ordusu \u201cAzovstal\u201da h\u00fccumu g\u00fccl\u0259ndirib<\/strong><br><\/p>\n\n\n\n<p>Mariupolda \u201cAzovstal\u201ddan m\u00fclki \u0259halinin ilk t\u0259xliy\u0259sini ba\u015fa vurduqdan sonra rus qo\u015funlar\u0131 zavoda h\u00fccumu g\u00fccl\u0259ndirdil\u0259r.<\/p>\n\n\n\n<p>Bu bar\u0259d\u0259 \u201ceuronews\u201dm\u0259lumat <a href=\"https:\/\/ru.euronews.com\/2022\/05\/04\/ukraine-azovtali-evacuation-and-shelling-of-western-territories\" target=\"_blank\" rel=\"noreferrer noopener\">yay\u0131b<\/a>.<\/p>\n\n\n\n<div class=\"wp-block-image\"><figure class=\"alignright size-full is-resized\"><img decoding=\"async\" data-src=\"https:\/\/www.meydan.tv\/wp-content\/uploads\/kgpsu4izgznp5gd6uw77mv5ege.jpg\" alt=\"\" class=\"wp-image-242637 lazyload\" width=\"424\" height=\"225\" src=\"data:image\/svg+xml;base64,PHN2ZyB3aWR0aD0iMSIgaGVpZ2h0PSIxIiB4bWxucz0iaHR0cDovL3d3dy53My5vcmcvMjAwMC9zdmciPjwvc3ZnPg==\" style=\"--smush-placeholder-width: 424px; --smush-placeholder-aspect-ratio: 424\/225;\" \/><figcaption>\u201cAzovstal\u201d. Foto: Reuters<\/figcaption><\/figure><\/div>\n\n\n\n<p>Sayt BMT-y\u0259 istinad\u0259n bildirib ki, Zaporojyey\u0259 g\u0259l\u0259n 159 qa\u00e7q\u0131ndan 101-i \u201cAzovstal\u201ddan, 58-i is\u0259 Mariupolun k\u0259nar\u0131ndan konvoya qo\u015fulub.<\/p>\n\n\n\n<p>\u201cEhtimal olunur ki, 200-\u0259 yax\u0131n m\u00fclki \u015f\u0259xs h\u0259l\u0259 d\u0259 zavodun tunell\u0259rind\u0259 v\u0259 bunkerl\u0259rind\u0259dir\u201d, &#8211; dey\u0259 qeyd olunub.<\/p>\n\n\n\n<p><\/p>\n\n\n\n<p><br><\/p>\n\n\n\n<hr class=\"wp-block-separator\"\/>\n\n\n\n<p><strong>Ukraynal\u0131 nazird\u0259n d\u00fcnyaya \u00e7a\u011f\u0131r\u0131\u015f<\/strong><\/p>\n\n\n\n<p>Ukraynan\u0131n xarici i\u015fl\u0259r naziri Dmitri Kuleba d\u00fcnyan\u0131 Rusiyan\u0131n raket terroruna sanksiyalar\u0131 s\u0259rtl\u0259\u015fdirm\u0259k v\u0259 Ukraynan\u0131 a\u011f\u0131r silahlarla t\u0259chiz etm\u0259kl\u0259 cavab verm\u0259y\u0259 \u00e7a\u011f\u0131r\u0131b.<\/p>\n\n\n\n<p>Bu bar\u0259d\u0259 Ukrayna diplomatiyas\u0131n\u0131n r\u0259hb\u0259ri \u201cTwitter\u201d s\u0259hif\u0259sind\u0259 <a href=\"https:\/\/twitter.com\/DmytroKuleba\/status\/1521747579008131074\" target=\"_blank\" rel=\"noreferrer noopener\">yaz\u0131b<\/a>.<\/p>\n\n\n\n<div class=\"wp-block-image\"><figure class=\"alignleft size-large is-resized\"><img decoding=\"async\" data-src=\"https:\/\/www.meydan.tv\/wp-content\/uploads\/shutterstock_2130371765-1197x821.jpg\" alt=\"\" class=\"wp-image-237905 lazyload\" width=\"383\" height=\"262\" src=\"data:image\/svg+xml;base64,PHN2ZyB3aWR0aD0iMSIgaGVpZ2h0PSIxIiB4bWxucz0iaHR0cDovL3d3dy53My5vcmcvMjAwMC9zdmciPjwvc3ZnPg==\" style=\"--smush-placeholder-width: 383px; --smush-placeholder-aspect-ratio: 383\/262;\" \/><figcaption>D.Kuleba. Foto:Photographer RM\/shutterstock<\/figcaption><\/figure><\/div>\n\n\n\n<p>\u201cRusiya ir\u0259lil\u0259m\u0259y\u0259 \u00e7al\u0131\u015f\u0131r v\u0259 d\u0259h\u015f\u0259tli itkil\u0259r verir, sonra is\u0259 Ukraynaya qar\u015f\u0131 \u00e7\u0131x\u0131lmaz raket terroruna \u0259l at\u0131r. Amma biz qorxmuruq, d\u00fcnya da qorxmamal\u0131 v\u0259 Rusiyaya qar\u015f\u0131 daha \u00e7ox sanksiyalar t\u0259tbiq etm\u0259lidir\u201d, &#8211; dey\u0259 Kuleba bildirib.<\/p>\n\n\n\n<p>May\u0131n 3-d\u0259 Rusiya ordusu Ukrayna \u0259razisin\u0259 18 qanadl\u0131 raket at\u0131b, onlardan 8-i hava h\u00fccumundan m\u00fcdafi\u0259 vasit\u0259l\u0259ri il\u0259 vurulub.<br><\/p>\n\n\n\n<hr class=\"wp-block-separator\"\/>\n\n\n\n<p><\/p>\n\n\n\n<p><\/p>\n\n\n\n<p><\/p>\n\n\n\n<p><strong>Xat\u0131rlatma<\/strong><br><\/p>\n\n\n\n<p>Rusiya fevral\u0131n 24-d\u0259 Ukraynada h\u0259rbi \u0259m\u0259liyyatlara ba\u015flay\u0131b.<\/p>\n\n\n\n<p>Ondan 2 g\u00fcn \u00f6nc\u0259 is\u0259 Rusiya Prezidenti Vladimir Putin a\u00e7\u0131qlama ver\u0259r\u0259k Ukraynan\u0131n \u015f\u0259rqind\u0259ki separat\u00e7\u0131 qurumlar\u0131 tan\u0131d\u0131\u011f\u0131n\u0131 b\u0259yan edib.<\/p>\n\n\n\n<p>Ukrayna, Q\u0259rb liderl\u0259ri h\u0259rbi \u0259m\u0259liyyatlar\u0131 pisl\u0259yib, Putinin buna g\u00f6r\u0259 cavab ver\u0259c\u0259yini bildirib.<\/p>\n\n\n\n<p>Bundan sonra Avropa Birliyi \u00f6lk\u0259l\u0259rind\u0259n, el\u0259c\u0259 d\u0259 AB\u015e-dan Rusiyaya qar\u015f\u0131 sanksiyalar g\u0259lm\u0259y\u0259 ba\u015flay\u0131b.<br>Sanksiya t\u0259tbiq edil\u0259n 600-d\u0259n \u00e7ox \u015f\u0259xsin i\u00e7ind\u0259 oliqarxlar, y\u00fcks\u0259k r\u00fctb\u0259li h\u0259rb\u00e7il\u0259r, \u015firk\u0259t sahibl\u0259ri, biznesmenl\u0259rl\u0259 yana\u015f\u0131, Rusiya Prezidenti Vladimir Putin v\u0259 xarici i\u015fl\u0259r naziri Sergey Lavrov da var.<\/p>\n\n\n\n<p>Aprelin 7-d\u0259 is\u0259 BMT Ba\u015f Assambleyas\u0131 Rusiyan\u0131n t\u0259\u015fkilat\u0131n \u0130nsan H\u00fcquqlar\u0131 \u015euras\u0131ndan \u00e7\u0131xar\u0131lmas\u0131 il\u0259 ba\u011fl\u0131 q\u0259tnam\u0259 q\u0259bul edib.<\/p>\n\n\n\n<p>Rusiya ordusunun Bu\u00e7a v\u0259 dig\u0259r Ukrayna \u015f\u0259h\u0259rl\u0259rind\u0259 k\u00fctl\u0259vi q\u0259tliamlar v\u0259 m\u00fcharib\u0259 cinay\u0259tl\u0259ri t\u00f6r\u0259tdiyi iddia olunur.<\/p>\n","protected":false},"excerpt":{"rendered":"<p>Avropa \u0130ttifaq\u0131 Rusiyaya qar\u015f\u0131 sanksiyalar\u0131 a\u00e7\u0131qlad\u0131 Avropa \u0130ttifaq\u0131 Rusiyaya qar\u015f\u0131 &#8230; <\/p>\n<p class=\"read-more-container\"><a title=\"Rusiyan\u0131n Ukraynaya h\u0259rbi m\u00fcdaxil\u0259sinin 70-ci g\u00fcn\u00fc: yenil\u0259n\u0259n x\u0259b\u0259rl\u0259r\" class=\"read-more button\" href=\"https:\/\/www.meydan.tv\/az\/article\/rusiyanin-ukraynaya-herbi-mudaxilesinin-70-ci-gunu-yenilenen-xeberler\/#more-244179\" aria-label=\"Read more about Rusiyan\u0131n Ukraynaya h\u0259rbi m\u00fcdaxil\u0259sinin 70-ci g\u00fcn\u00fc: yenil\u0259n\u0259n x\u0259b\u0259rl\u0259r\">Davam\u0131<\/a><\/p>\n","protected":false},"author":8,"featured_media":236995,"comment_status":"closed","ping_status":"closed","sticky":false,"template":"","format":"standard","meta":{"_acf_changed":false,"_sitemap_exclude":false,"_sitemap_priority":"","_sitemap_frequency":"","footnotes":""},"categories":[88,63,56],"tags":[],"class_list":["post-244179","post","type-post","status-publish","format-standard","has-post-thumbnail","hentry","category-redaktor-secimi","category-video-2","category-xeberler","infinite-scroll-item","generate-columns","tablet-grid-50","mobile-grid-100","grid-parent","grid-33","no-featured-image-padding"],"acf":[],"yoast_head":"<!-- This site is optimized with the Yoast SEO plugin v27.5 - https:\/\/yoast.com\/product\/yoast-seo-wordpress\/ -->\n<title>Rusiyan\u0131n Ukraynaya h\u0259rbi m\u00fcdaxil\u0259sinin 70-ci g\u00fcn\u00fc: yenil\u0259n\u0259n x\u0259b\u0259rl\u0259r - MEYDAN.TV<\/title>\n<meta name=\"robots\" content=\"index, follow, max-snippet:-1, max-image-preview:large, max-video-preview:-1\" \/>\n<link rel=\"canonical\" href=\"https:\/\/www.meydan.tv\/az\/article\/rusiyanin-ukraynaya-herbi-mudaxilesinin-70-ci-gunu-yenilenen-xeberler\/\" \/>\n<meta property=\"og:locale\" content=\"az_AZ\" \/>\n<meta property=\"og:type\" content=\"article\" \/>\n<meta property=\"og:title\" content=\"Rusiyan\u0131n Ukraynaya h\u0259rbi m\u00fcdaxil\u0259sinin 70-ci g\u00fcn\u00fc: yenil\u0259n\u0259n x\u0259b\u0259rl\u0259r - MEYDAN.TV\" \/>\n<meta property=\"og:description\" content=\"Avropa \u0130ttifaq\u0131 Rusiyaya qar\u015f\u0131 sanksiyalar\u0131 a\u00e7\u0131qlad\u0131 Avropa \u0130ttifaq\u0131 Rusiyaya qar\u015f\u0131 ... Davam\u0131\" \/>\n<meta property=\"og:url\" content=\"https:\/\/www.meydan.tv\/az\/article\/rusiyanin-ukraynaya-herbi-mudaxilesinin-70-ci-gunu-yenilenen-xeberler\/\" \/>\n<meta property=\"og:site_name\" content=\"MEYDAN.TV\" \/>\n<meta property=\"article:published_time\" content=\"2022-05-04T08:44:06+00:00\" \/>\n<meta property=\"article:modified_time\" content=\"2022-05-04T14:12:40+00:00\" \/>\n<meta property=\"og:image\" content=\"https:\/\/www.meydan.tv\/wp-content\/uploads\/image_from_ios-17.jpg\" \/>\n\t<meta property=\"og:image:width\" content=\"750\" \/>\n\t<meta property=\"og:image:height\" content=\"510\" \/>\n\t<meta property=\"og:image:type\" content=\"image\/jpeg\" \/>\n<meta name=\"author\" content=\"elli\" \/>\n<meta name=\"twitter:card\" content=\"summary_large_image\" \/>\n<meta name=\"twitter:creator\" content=\"@elli\" \/>\n<script type=\"application\/ld+json\" class=\"yoast-schema-graph\">{\"@context\":\"https:\\\/\\\/schema.org\",\"@graph\":[{\"@type\":\"Article\",\"@id\":\"https:\\\/\\\/www.meydan.tv\\\/az\\\/article\\\/rusiyanin-ukraynaya-herbi-mudaxilesinin-70-ci-gunu-yenilenen-xeberler\\\/#article\",\"isPartOf\":{\"@id\":\"https:\\\/\\\/www.meydan.tv\\\/az\\\/article\\\/rusiyanin-ukraynaya-herbi-mudaxilesinin-70-ci-gunu-yenilenen-xeberler\\\/\"},\"author\":{\"name\":\"elli\",\"@id\":\"https:\\\/\\\/www.meydan.tv\\\/az\\\/#\\\/schema\\\/person\\\/9cdbecf90d17180ce1dfbd95b08dcf47\"},\"headline\":\"Rusiyan\u0131n Ukraynaya h\u0259rbi m\u00fcdaxil\u0259sinin 70-ci g\u00fcn\u00fc: yenil\u0259n\u0259n x\u0259b\u0259rl\u0259r\",\"datePublished\":\"2022-05-04T08:44:06+00:00\",\"dateModified\":\"2022-05-04T14:12:40+00:00\",\"mainEntityOfPage\":{\"@id\":\"https:\\\/\\\/www.meydan.tv\\\/az\\\/article\\\/rusiyanin-ukraynaya-herbi-mudaxilesinin-70-ci-gunu-yenilenen-xeberler\\\/\"},\"wordCount\":973,\"publisher\":{\"@id\":\"https:\\\/\\\/www.meydan.tv\\\/az\\\/#organization\"},\"image\":{\"@id\":\"https:\\\/\\\/www.meydan.tv\\\/az\\\/article\\\/rusiyanin-ukraynaya-herbi-mudaxilesinin-70-ci-gunu-yenilenen-xeberler\\\/#primaryimage\"},\"thumbnailUrl\":\"https:\\\/\\\/www.meydan.tv\\\/wp-content\\\/uploads\\\/image_from_ios-17.jpg\",\"articleSection\":[\"Redaktor se\u00e7imi\",\"Video\",\"X\u0259b\u0259rl\u0259r\"],\"inLanguage\":\"az\"},{\"@type\":\"WebPage\",\"@id\":\"https:\\\/\\\/www.meydan.tv\\\/az\\\/article\\\/rusiyanin-ukraynaya-herbi-mudaxilesinin-70-ci-gunu-yenilenen-xeberler\\\/\",\"url\":\"https:\\\/\\\/www.meydan.tv\\\/az\\\/article\\\/rusiyanin-ukraynaya-herbi-mudaxilesinin-70-ci-gunu-yenilenen-xeberler\\\/\",\"name\":\"Rusiyan\u0131n Ukraynaya h\u0259rbi m\u00fcdaxil\u0259sinin 70-ci g\u00fcn\u00fc: yenil\u0259n\u0259n x\u0259b\u0259rl\u0259r - MEYDAN.TV\",\"isPartOf\":{\"@id\":\"https:\\\/\\\/www.meydan.tv\\\/az\\\/#website\"},\"primaryImageOfPage\":{\"@id\":\"https:\\\/\\\/www.meydan.tv\\\/az\\\/article\\\/rusiyanin-ukraynaya-herbi-mudaxilesinin-70-ci-gunu-yenilenen-xeberler\\\/#primaryimage\"},\"image\":{\"@id\":\"https:\\\/\\\/www.meydan.tv\\\/az\\\/article\\\/rusiyanin-ukraynaya-herbi-mudaxilesinin-70-ci-gunu-yenilenen-xeberler\\\/#primaryimage\"},\"thumbnailUrl\":\"https:\\\/\\\/www.meydan.tv\\\/wp-content\\\/uploads\\\/image_from_ios-17.jpg\",\"datePublished\":\"2022-05-04T08:44:06+00:00\",\"dateModified\":\"2022-05-04T14:12:40+00:00\",\"breadcrumb\":{\"@id\":\"https:\\\/\\\/www.meydan.tv\\\/az\\\/article\\\/rusiyanin-ukraynaya-herbi-mudaxilesinin-70-ci-gunu-yenilenen-xeberler\\\/#breadcrumb\"},\"inLanguage\":\"az\",\"potentialAction\":[{\"@type\":\"ReadAction\",\"target\":[\"https:\\\/\\\/www.meydan.tv\\\/az\\\/article\\\/rusiyanin-ukraynaya-herbi-mudaxilesinin-70-ci-gunu-yenilenen-xeberler\\\/\"]}]},{\"@type\":\"ImageObject\",\"inLanguage\":\"az\",\"@id\":\"https:\\\/\\\/www.meydan.tv\\\/az\\\/article\\\/rusiyanin-ukraynaya-herbi-mudaxilesinin-70-ci-gunu-yenilenen-xeberler\\\/#primaryimage\",\"url\":\"https:\\\/\\\/www.meydan.tv\\\/wp-content\\\/uploads\\\/image_from_ios-17.jpg\",\"contentUrl\":\"https:\\\/\\\/www.meydan.tv\\\/wp-content\\\/uploads\\\/image_from_ios-17.jpg\",\"width\":750,\"height\":510,\"caption\":\"Ukrayna, Bardyanka. Foto: Reuters\"},{\"@type\":\"BreadcrumbList\",\"@id\":\"https:\\\/\\\/www.meydan.tv\\\/az\\\/article\\\/rusiyanin-ukraynaya-herbi-mudaxilesinin-70-ci-gunu-yenilenen-xeberler\\\/#breadcrumb\",\"itemListElement\":[{\"@type\":\"ListItem\",\"position\":1,\"name\":\"Ana s\u0259hif\u0259\",\"item\":\"https:\\\/\\\/www.meydan.tv\\\/az\\\/\"},{\"@type\":\"ListItem\",\"position\":2,\"name\":\"Redaktor se\u00e7imi\",\"item\":\"https:\\\/\\\/www.meydan.tv\\\/az\\\/section\\\/redaktor-secimi\\\/\"},{\"@type\":\"ListItem\",\"position\":3,\"name\":\"Rusiyan\u0131n Ukraynaya h\u0259rbi m\u00fcdaxil\u0259sinin 70-ci g\u00fcn\u00fc: yenil\u0259n\u0259n x\u0259b\u0259rl\u0259r\"}]},{\"@type\":\"WebSite\",\"@id\":\"https:\\\/\\\/www.meydan.tv\\\/az\\\/#website\",\"url\":\"https:\\\/\\\/www.meydan.tv\\\/az\\\/\",\"name\":\"MEYDAN.TV\",\"description\":\"Meydan TV Az\u0259rbaycan\u0131n media m\u0259kan\u0131ndak\u0131 alternativ s\u0259sidir\",\"publisher\":{\"@id\":\"https:\\\/\\\/www.meydan.tv\\\/az\\\/#organization\"},\"potentialAction\":[{\"@type\":\"SearchAction\",\"target\":{\"@type\":\"EntryPoint\",\"urlTemplate\":\"https:\\\/\\\/www.meydan.tv\\\/az\\\/?s={search_term_string}\"},\"query-input\":{\"@type\":\"PropertyValueSpecification\",\"valueRequired\":true,\"valueName\":\"search_term_string\"}}],\"inLanguage\":\"az\"},{\"@type\":\"Organization\",\"@id\":\"https:\\\/\\\/www.meydan.tv\\\/az\\\/#organization\",\"name\":\"Meydan TV\",\"url\":\"https:\\\/\\\/www.meydan.tv\\\/az\\\/\",\"logo\":{\"@type\":\"ImageObject\",\"inLanguage\":\"az\",\"@id\":\"https:\\\/\\\/www.meydan.tv\\\/az\\\/#\\\/schema\\\/logo\\\/image\\\/\",\"url\":\"https:\\\/\\\/www.meydan.tv\\\/wp-content\\\/uploads\\\/2021\\\/07\\\/meydan-logo.svg\",\"contentUrl\":\"https:\\\/\\\/www.meydan.tv\\\/wp-content\\\/uploads\\\/2021\\\/07\\\/meydan-logo.svg\",\"width\":195,\"height\":46,\"caption\":\"Meydan TV\"},\"image\":{\"@id\":\"https:\\\/\\\/www.meydan.tv\\\/az\\\/#\\\/schema\\\/logo\\\/image\\\/\"}},{\"@type\":\"Person\",\"@id\":\"https:\\\/\\\/www.meydan.tv\\\/az\\\/#\\\/schema\\\/person\\\/9cdbecf90d17180ce1dfbd95b08dcf47\",\"name\":\"elli\",\"sameAs\":[\"https:\\\/\\\/x.com\\\/elli\"]}]}<\/script>\n<!-- \/ Yoast SEO plugin. -->","yoast_head_json":{"title":"Rusiyan\u0131n Ukraynaya h\u0259rbi m\u00fcdaxil\u0259sinin 70-ci g\u00fcn\u00fc: yenil\u0259n\u0259n x\u0259b\u0259rl\u0259r - MEYDAN.TV","robots":{"index":"index","follow":"follow","max-snippet":"max-snippet:-1","max-image-preview":"max-image-preview:large","max-video-preview":"max-video-preview:-1"},"canonical":"https:\/\/www.meydan.tv\/az\/article\/rusiyanin-ukraynaya-herbi-mudaxilesinin-70-ci-gunu-yenilenen-xeberler\/","og_locale":"az_AZ","og_type":"article","og_title":"Rusiyan\u0131n Ukraynaya h\u0259rbi m\u00fcdaxil\u0259sinin 70-ci g\u00fcn\u00fc: yenil\u0259n\u0259n x\u0259b\u0259rl\u0259r - MEYDAN.TV","og_description":"Avropa \u0130ttifaq\u0131 Rusiyaya qar\u015f\u0131 sanksiyalar\u0131 a\u00e7\u0131qlad\u0131 Avropa \u0130ttifaq\u0131 Rusiyaya qar\u015f\u0131 ... Davam\u0131","og_url":"https:\/\/www.meydan.tv\/az\/article\/rusiyanin-ukraynaya-herbi-mudaxilesinin-70-ci-gunu-yenilenen-xeberler\/","og_site_name":"MEYDAN.TV","article_published_time":"2022-05-04T08:44:06+00:00","article_modified_time":"2022-05-04T14:12:40+00:00","og_image":[{"width":750,"height":510,"url":"https:\/\/www.meydan.tv\/wp-content\/uploads\/image_from_ios-17.jpg","type":"image\/jpeg"}],"author":"elli","twitter_card":"summary_large_image","twitter_creator":"@elli","schema":{"@context":"https:\/\/schema.org","@graph":[{"@type":"Article","@id":"https:\/\/www.meydan.tv\/az\/article\/rusiyanin-ukraynaya-herbi-mudaxilesinin-70-ci-gunu-yenilenen-xeberler\/#article","isPartOf":{"@id":"https:\/\/www.meydan.tv\/az\/article\/rusiyanin-ukraynaya-herbi-mudaxilesinin-70-ci-gunu-yenilenen-xeberler\/"},"author":{"name":"elli","@id":"https:\/\/www.meydan.tv\/az\/#\/schema\/person\/9cdbecf90d17180ce1dfbd95b08dcf47"},"headline":"Rusiyan\u0131n Ukraynaya h\u0259rbi m\u00fcdaxil\u0259sinin 70-ci g\u00fcn\u00fc: yenil\u0259n\u0259n x\u0259b\u0259rl\u0259r","datePublished":"2022-05-04T08:44:06+00:00","dateModified":"2022-05-04T14:12:40+00:00","mainEntityOfPage":{"@id":"https:\/\/www.meydan.tv\/az\/article\/rusiyanin-ukraynaya-herbi-mudaxilesinin-70-ci-gunu-yenilenen-xeberler\/"},"wordCount":973,"publisher":{"@id":"https:\/\/www.meydan.tv\/az\/#organization"},"image":{"@id":"https:\/\/www.meydan.tv\/az\/article\/rusiyanin-ukraynaya-herbi-mudaxilesinin-70-ci-gunu-yenilenen-xeberler\/#primaryimage"},"thumbnailUrl":"https:\/\/www.meydan.tv\/wp-content\/uploads\/image_from_ios-17.jpg","articleSection":["Redaktor se\u00e7imi","Video","X\u0259b\u0259rl\u0259r"],"inLanguage":"az"},{"@type":"WebPage","@id":"https:\/\/www.meydan.tv\/az\/article\/rusiyanin-ukraynaya-herbi-mudaxilesinin-70-ci-gunu-yenilenen-xeberler\/","url":"https:\/\/www.meydan.tv\/az\/article\/rusiyanin-ukraynaya-herbi-mudaxilesinin-70-ci-gunu-yenilenen-xeberler\/","name":"Rusiyan\u0131n Ukraynaya h\u0259rbi m\u00fcdaxil\u0259sinin 70-ci g\u00fcn\u00fc: yenil\u0259n\u0259n x\u0259b\u0259rl\u0259r - MEYDAN.TV","isPartOf":{"@id":"https:\/\/www.meydan.tv\/az\/#website"},"primaryImageOfPage":{"@id":"https:\/\/www.meydan.tv\/az\/article\/rusiyanin-ukraynaya-herbi-mudaxilesinin-70-ci-gunu-yenilenen-xeberler\/#primaryimage"},"image":{"@id":"https:\/\/www.meydan.tv\/az\/article\/rusiyanin-ukraynaya-herbi-mudaxilesinin-70-ci-gunu-yenilenen-xeberler\/#primaryimage"},"thumbnailUrl":"https:\/\/www.meydan.tv\/wp-content\/uploads\/image_from_ios-17.jpg","datePublished":"2022-05-04T08:44:06+00:00","dateModified":"2022-05-04T14:12:40+00:00","breadcrumb":{"@id":"https:\/\/www.meydan.tv\/az\/article\/rusiyanin-ukraynaya-herbi-mudaxilesinin-70-ci-gunu-yenilenen-xeberler\/#breadcrumb"},"inLanguage":"az","potentialAction":[{"@type":"ReadAction","target":["https:\/\/www.meydan.tv\/az\/article\/rusiyanin-ukraynaya-herbi-mudaxilesinin-70-ci-gunu-yenilenen-xeberler\/"]}]},{"@type":"ImageObject","inLanguage":"az","@id":"https:\/\/www.meydan.tv\/az\/article\/rusiyanin-ukraynaya-herbi-mudaxilesinin-70-ci-gunu-yenilenen-xeberler\/#primaryimage","url":"https:\/\/www.meydan.tv\/wp-content\/uploads\/image_from_ios-17.jpg","contentUrl":"https:\/\/www.meydan.tv\/wp-content\/uploads\/image_from_ios-17.jpg","width":750,"height":510,"caption":"Ukrayna, Bardyanka. Foto: Reuters"},{"@type":"BreadcrumbList","@id":"https:\/\/www.meydan.tv\/az\/article\/rusiyanin-ukraynaya-herbi-mudaxilesinin-70-ci-gunu-yenilenen-xeberler\/#breadcrumb","itemListElement":[{"@type":"ListItem","position":1,"name":"Ana s\u0259hif\u0259","item":"https:\/\/www.meydan.tv\/az\/"},{"@type":"ListItem","position":2,"name":"Redaktor se\u00e7imi","item":"https:\/\/www.meydan.tv\/az\/section\/redaktor-secimi\/"},{"@type":"ListItem","position":3,"name":"Rusiyan\u0131n Ukraynaya h\u0259rbi m\u00fcdaxil\u0259sinin 70-ci g\u00fcn\u00fc: yenil\u0259n\u0259n x\u0259b\u0259rl\u0259r"}]},{"@type":"WebSite","@id":"https:\/\/www.meydan.tv\/az\/#website","url":"https:\/\/www.meydan.tv\/az\/","name":"MEYDAN.TV","description":"Meydan TV Az\u0259rbaycan\u0131n media m\u0259kan\u0131ndak\u0131 alternativ s\u0259sidir","publisher":{"@id":"https:\/\/www.meydan.tv\/az\/#organization"},"potentialAction":[{"@type":"SearchAction","target":{"@type":"EntryPoint","urlTemplate":"https:\/\/www.meydan.tv\/az\/?s={search_term_string}"},"query-input":{"@type":"PropertyValueSpecification","valueRequired":true,"valueName":"search_term_string"}}],"inLanguage":"az"},{"@type":"Organization","@id":"https:\/\/www.meydan.tv\/az\/#organization","name":"Meydan TV","url":"https:\/\/www.meydan.tv\/az\/","logo":{"@type":"ImageObject","inLanguage":"az","@id":"https:\/\/www.meydan.tv\/az\/#\/schema\/logo\/image\/","url":"https:\/\/www.meydan.tv\/wp-content\/uploads\/2021\/07\/meydan-logo.svg","contentUrl":"https:\/\/www.meydan.tv\/wp-content\/uploads\/2021\/07\/meydan-logo.svg","width":195,"height":46,"caption":"Meydan TV"},"image":{"@id":"https:\/\/www.meydan.tv\/az\/#\/schema\/logo\/image\/"}},{"@type":"Person","@id":"https:\/\/www.meydan.tv\/az\/#\/schema\/person\/9cdbecf90d17180ce1dfbd95b08dcf47","name":"elli","sameAs":["https:\/\/x.com\/elli"]}]}},"_links":{"self":[{"href":"https:\/\/www.meydan.tv\/az\/wp-json\/wp\/v2\/posts\/244179","targetHints":{"allow":["GET"]}}],"collection":[{"href":"https:\/\/www.meydan.tv\/az\/wp-json\/wp\/v2\/posts"}],"about":[{"href":"https:\/\/www.meydan.tv\/az\/wp-json\/wp\/v2\/types\/post"}],"author":[{"embeddable":true,"href":"https:\/\/www.meydan.tv\/az\/wp-json\/wp\/v2\/users\/8"}],"replies":[{"embeddable":true,"href":"https:\/\/www.meydan.tv\/az\/wp-json\/wp\/v2\/comments?post=244179"}],"version-history":[{"count":7,"href":"https:\/\/www.meydan.tv\/az\/wp-json\/wp\/v2\/posts\/244179\/revisions"}],"predecessor-version":[{"id":244263,"href":"https:\/\/www.meydan.tv\/az\/wp-json\/wp\/v2\/posts\/244179\/revisions\/244263"}],"wp:featuredmedia":[{"embeddable":true,"href":"https:\/\/www.meydan.tv\/az\/wp-json\/wp\/v2\/media\/236995"}],"wp:attachment":[{"href":"https:\/\/www.meydan.tv\/az\/wp-json\/wp\/v2\/media?parent=244179"}],"wp:term":[{"taxonomy":"category","embeddable":true,"href":"https:\/\/www.meydan.tv\/az\/wp-json\/wp\/v2\/categories?post=244179"},{"taxonomy":"post_tag","embeddable":true,"href":"https:\/\/www.meydan.tv\/az\/wp-json\/wp\/v2\/tags?post=244179"}],"curies":[{"name":"wp","href":"https:\/\/api.w.org\/{rel}","templated":true}]}}