{"id":244117,"date":"2022-05-02T19:48:20","date_gmt":"2022-05-02T15:48:20","guid":{"rendered":"https:\/\/www.meydan.tv\/?p=244117"},"modified":"2022-05-02T19:48:21","modified_gmt":"2022-05-02T15:48:21","slug":"yerevanda-hokumetin-istefasi-telebi-ile-aksiyalarda-244-etirazci-saxlanib","status":"publish","type":"post","link":"https:\/\/www.meydan.tv\/az\/article\/yerevanda-hokumetin-istefasi-telebi-ile-aksiyalarda-244-etirazci-saxlanib\/","title":{"rendered":"Yerevanda h\u00f6kum\u0259tin istefas\u0131 t\u0259l\u0259bi il\u0259 aksiyalarda 244 etiraz\u00e7\u0131 saxlan\u0131b"},"content":{"rendered":"\n<figure class=\"wp-block-embed is-type-video is-provider-youtube wp-block-embed-youtube wp-embed-aspect-16-9 wp-has-aspect-ratio\"><div class=\"wp-block-embed__wrapper\">\n<iframe title=\"Yerevanda h\u00f6kum\u0259tin istefas\u0131 t\u0259l\u0259bi il\u0259 aksiyalarda 244 etiraz\u00e7\u0131 saxlan\u0131b\" width=\"1200\" height=\"675\" data-src=\"https:\/\/www.youtube.com\/embed\/EAO7FCetyyQ?feature=oembed\" frameborder=\"0\" allow=\"accelerometer; autoplay; clipboard-write; encrypted-media; gyroscope; picture-in-picture\" allowfullscreen src=\"data:image\/svg+xml;base64,PHN2ZyB3aWR0aD0iMSIgaGVpZ2h0PSIxIiB4bWxucz0iaHR0cDovL3d3dy53My5vcmcvMjAwMC9zdmciPjwvc3ZnPg==\" class=\"lazyload\" data-load-mode=\"1\"><\/iframe>\n<\/div><\/figure>\n\n\n\n<!--more-->\n\n\n\n<p>Erm\u0259nistan\u0131n paytaxt\u0131 Yerevan \u015f\u0259h\u0259rind\u0259 m\u00fcxalif\u0259tin elan etdiyi v\u0259t\u0259nda\u015f ita\u0259tsizliyi aksiyas\u0131 ke\u00e7irilib. Ba\u015f nazir Nikol Pa\u015finyan\u0131n istefas\u0131n\u0131 t\u0259l\u0259b ed\u0259n 244 etiraz\u00e7\u0131n\u0131n polis t\u0259r\u0259find\u0259n saxlan\u0131ld\u0131\u011f\u0131 bildirilir. \u015e\u0259h\u0259rin \u0259sas yollar\u0131n\u0131 ba\u011flama\u011fa c\u0259hd ed\u0259n aksiya\u00e7\u0131larla polis aras\u0131nda qar\u015f\u0131durmalar ya\u015fan\u0131b. Hakimiyy\u0259tin istefas\u0131n\u0131 t\u0259l\u0259b ed\u0259n m\u00fcxalif\u0259t bir h\u0259ft\u0259dir \u0259halini m\u0259lumatland\u0131rma aksiyas\u0131 ke\u00e7irir. Fransa meydan\u0131nda topla\u015fm\u0131\u015f m\u00fcxalif\u0259t\u00e7il\u0259r gec\u0259-g\u00fcnd\u00fcz etiraz aksiyas\u0131 ke\u00e7irm\u0259k \u00fc\u00e7\u00fcn \u00e7ad\u0131rlar qurublar.<\/p>\n","protected":false},"excerpt":{"rendered":"","protected":false},"author":14,"featured_media":244118,"comment_status":"closed","ping_status":"closed","sticky":false,"template":"","format":"standard","meta":{"_acf_changed":false,"_sitemap_exclude":false,"_sitemap_priority":"","_sitemap_frequency":"","footnotes":""},"categories":[61,63],"tags":[],"class_list":["post-244117","post","type-post","status-publish","format-standard","has-post-thumbnail","hentry","category-reportaj","category-video-2","infinite-scroll-item","generate-columns","tablet-grid-50","mobile-grid-100","grid-parent","grid-33","no-featured-image-padding"],"acf":[],"yoast_head":"<!-- This site is optimized with the Yoast SEO plugin v27.4 - https:\/\/yoast.com\/product\/yoast-seo-wordpress\/ -->\n<title>Yerevanda h\u00f6kum\u0259tin istefas\u0131 t\u0259l\u0259bi il\u0259 aksiyalarda 244 etiraz\u00e7\u0131 saxlan\u0131b - MEYDAN.TV<\/title>\n<meta name=\"robots\" content=\"index, follow, max-snippet:-1, max-image-preview:large, max-video-preview:-1\" \/>\n<link rel=\"canonical\" href=\"https:\/\/www.meydan.tv\/az\/article\/yerevanda-hokumetin-istefasi-telebi-ile-aksiyalarda-244-etirazci-saxlanib\/\" \/>\n<meta property=\"og:locale\" content=\"az_AZ\" \/>\n<meta property=\"og:type\" content=\"article\" \/>\n<meta property=\"og:title\" content=\"Yerevanda h\u00f6kum\u0259tin istefas\u0131 t\u0259l\u0259bi il\u0259 aksiyalarda 244 etiraz\u00e7\u0131 saxlan\u0131b - MEYDAN.TV\" \/>\n<meta property=\"og:url\" content=\"https:\/\/www.meydan.tv\/az\/article\/yerevanda-hokumetin-istefasi-telebi-ile-aksiyalarda-244-etirazci-saxlanib\/\" \/>\n<meta property=\"og:site_name\" content=\"MEYDAN.TV\" \/>\n<meta property=\"article:published_time\" content=\"2022-05-02T15:48:20+00:00\" \/>\n<meta property=\"article:modified_time\" content=\"2022-05-02T15:48:21+00:00\" \/>\n<meta property=\"og:image\" content=\"https:\/\/www.meydan.tv\/wp-content\/uploads\/screenshot-at-may-02-17-45-19-768x431.png\" \/>\n\t<meta property=\"og:image:width\" content=\"768\" \/>\n\t<meta property=\"og:image:height\" content=\"431\" \/>\n\t<meta property=\"og:image:type\" content=\"image\/png\" \/>\n<meta name=\"author\" content=\"roma\" \/>\n<meta name=\"twitter:card\" content=\"summary_large_image\" \/>\n<script type=\"application\/ld+json\" class=\"yoast-schema-graph\">{\"@context\":\"https:\\\/\\\/schema.org\",\"@graph\":[{\"@type\":\"Article\",\"@id\":\"https:\\\/\\\/www.meydan.tv\\\/az\\\/article\\\/yerevanda-hokumetin-istefasi-telebi-ile-aksiyalarda-244-etirazci-saxlanib\\\/#article\",\"isPartOf\":{\"@id\":\"https:\\\/\\\/www.meydan.tv\\\/az\\\/article\\\/yerevanda-hokumetin-istefasi-telebi-ile-aksiyalarda-244-etirazci-saxlanib\\\/\"},\"author\":{\"name\":\"roma\",\"@id\":\"https:\\\/\\\/www.meydan.tv\\\/az\\\/#\\\/schema\\\/person\\\/8f23e01c4de63326c13c319fb65ee65d\"},\"headline\":\"Yerevanda h\u00f6kum\u0259tin istefas\u0131 t\u0259l\u0259bi il\u0259 aksiyalarda 244 etiraz\u00e7\u0131 saxlan\u0131b\",\"datePublished\":\"2022-05-02T15:48:20+00:00\",\"dateModified\":\"2022-05-02T15:48:21+00:00\",\"mainEntityOfPage\":{\"@id\":\"https:\\\/\\\/www.meydan.tv\\\/az\\\/article\\\/yerevanda-hokumetin-istefasi-telebi-ile-aksiyalarda-244-etirazci-saxlanib\\\/\"},\"wordCount\":130,\"publisher\":{\"@id\":\"https:\\\/\\\/www.meydan.tv\\\/az\\\/#organization\"},\"image\":{\"@id\":\"https:\\\/\\\/www.meydan.tv\\\/az\\\/article\\\/yerevanda-hokumetin-istefasi-telebi-ile-aksiyalarda-244-etirazci-saxlanib\\\/#primaryimage\"},\"thumbnailUrl\":\"https:\\\/\\\/www.meydan.tv\\\/wp-content\\\/uploads\\\/screenshot-at-may-02-17-45-19.png\",\"articleSection\":[\"Reportaj\",\"Video\"],\"inLanguage\":\"az\"},{\"@type\":\"WebPage\",\"@id\":\"https:\\\/\\\/www.meydan.tv\\\/az\\\/article\\\/yerevanda-hokumetin-istefasi-telebi-ile-aksiyalarda-244-etirazci-saxlanib\\\/\",\"url\":\"https:\\\/\\\/www.meydan.tv\\\/az\\\/article\\\/yerevanda-hokumetin-istefasi-telebi-ile-aksiyalarda-244-etirazci-saxlanib\\\/\",\"name\":\"Yerevanda h\u00f6kum\u0259tin istefas\u0131 t\u0259l\u0259bi il\u0259 aksiyalarda 244 etiraz\u00e7\u0131 saxlan\u0131b - MEYDAN.TV\",\"isPartOf\":{\"@id\":\"https:\\\/\\\/www.meydan.tv\\\/az\\\/#website\"},\"primaryImageOfPage\":{\"@id\":\"https:\\\/\\\/www.meydan.tv\\\/az\\\/article\\\/yerevanda-hokumetin-istefasi-telebi-ile-aksiyalarda-244-etirazci-saxlanib\\\/#primaryimage\"},\"image\":{\"@id\":\"https:\\\/\\\/www.meydan.tv\\\/az\\\/article\\\/yerevanda-hokumetin-istefasi-telebi-ile-aksiyalarda-244-etirazci-saxlanib\\\/#primaryimage\"},\"thumbnailUrl\":\"https:\\\/\\\/www.meydan.tv\\\/wp-content\\\/uploads\\\/screenshot-at-may-02-17-45-19.png\",\"datePublished\":\"2022-05-02T15:48:20+00:00\",\"dateModified\":\"2022-05-02T15:48:21+00:00\",\"breadcrumb\":{\"@id\":\"https:\\\/\\\/www.meydan.tv\\\/az\\\/article\\\/yerevanda-hokumetin-istefasi-telebi-ile-aksiyalarda-244-etirazci-saxlanib\\\/#breadcrumb\"},\"inLanguage\":\"az\",\"potentialAction\":[{\"@type\":\"ReadAction\",\"target\":[\"https:\\\/\\\/www.meydan.tv\\\/az\\\/article\\\/yerevanda-hokumetin-istefasi-telebi-ile-aksiyalarda-244-etirazci-saxlanib\\\/\"]}]},{\"@type\":\"ImageObject\",\"inLanguage\":\"az\",\"@id\":\"https:\\\/\\\/www.meydan.tv\\\/az\\\/article\\\/yerevanda-hokumetin-istefasi-telebi-ile-aksiyalarda-244-etirazci-saxlanib\\\/#primaryimage\",\"url\":\"https:\\\/\\\/www.meydan.tv\\\/wp-content\\\/uploads\\\/screenshot-at-may-02-17-45-19.png\",\"contentUrl\":\"https:\\\/\\\/www.meydan.tv\\\/wp-content\\\/uploads\\\/screenshot-at-may-02-17-45-19.png\",\"width\":1200,\"height\":674},{\"@type\":\"BreadcrumbList\",\"@id\":\"https:\\\/\\\/www.meydan.tv\\\/az\\\/article\\\/yerevanda-hokumetin-istefasi-telebi-ile-aksiyalarda-244-etirazci-saxlanib\\\/#breadcrumb\",\"itemListElement\":[{\"@type\":\"ListItem\",\"position\":1,\"name\":\"Ana s\u0259hif\u0259\",\"item\":\"https:\\\/\\\/www.meydan.tv\\\/az\\\/\"},{\"@type\":\"ListItem\",\"position\":2,\"name\":\"Video\",\"item\":\"https:\\\/\\\/www.meydan.tv\\\/az\\\/section\\\/video-2\\\/\"},{\"@type\":\"ListItem\",\"position\":3,\"name\":\"Yerevanda h\u00f6kum\u0259tin istefas\u0131 t\u0259l\u0259bi il\u0259 aksiyalarda 244 etiraz\u00e7\u0131 saxlan\u0131b\"}]},{\"@type\":\"WebSite\",\"@id\":\"https:\\\/\\\/www.meydan.tv\\\/az\\\/#website\",\"url\":\"https:\\\/\\\/www.meydan.tv\\\/az\\\/\",\"name\":\"MEYDAN.TV\",\"description\":\"Meydan TV Az\u0259rbaycan\u0131n media m\u0259kan\u0131ndak\u0131 alternativ s\u0259sidir\",\"publisher\":{\"@id\":\"https:\\\/\\\/www.meydan.tv\\\/az\\\/#organization\"},\"potentialAction\":[{\"@type\":\"SearchAction\",\"target\":{\"@type\":\"EntryPoint\",\"urlTemplate\":\"https:\\\/\\\/www.meydan.tv\\\/az\\\/?s={search_term_string}\"},\"query-input\":{\"@type\":\"PropertyValueSpecification\",\"valueRequired\":true,\"valueName\":\"search_term_string\"}}],\"inLanguage\":\"az\"},{\"@type\":\"Organization\",\"@id\":\"https:\\\/\\\/www.meydan.tv\\\/az\\\/#organization\",\"name\":\"Meydan TV\",\"url\":\"https:\\\/\\\/www.meydan.tv\\\/az\\\/\",\"logo\":{\"@type\":\"ImageObject\",\"inLanguage\":\"az\",\"@id\":\"https:\\\/\\\/www.meydan.tv\\\/az\\\/#\\\/schema\\\/logo\\\/image\\\/\",\"url\":\"https:\\\/\\\/www.meydan.tv\\\/wp-content\\\/uploads\\\/2021\\\/07\\\/meydan-logo.svg\",\"contentUrl\":\"https:\\\/\\\/www.meydan.tv\\\/wp-content\\\/uploads\\\/2021\\\/07\\\/meydan-logo.svg\",\"width\":195,\"height\":46,\"caption\":\"Meydan TV\"},\"image\":{\"@id\":\"https:\\\/\\\/www.meydan.tv\\\/az\\\/#\\\/schema\\\/logo\\\/image\\\/\"}},{\"@type\":\"Person\",\"@id\":\"https:\\\/\\\/www.meydan.tv\\\/az\\\/#\\\/schema\\\/person\\\/8f23e01c4de63326c13c319fb65ee65d\",\"name\":\"roma\"}]}<\/script>\n<!-- \/ Yoast SEO plugin. -->","yoast_head_json":{"title":"Yerevanda h\u00f6kum\u0259tin istefas\u0131 t\u0259l\u0259bi il\u0259 aksiyalarda 244 etiraz\u00e7\u0131 saxlan\u0131b - MEYDAN.TV","robots":{"index":"index","follow":"follow","max-snippet":"max-snippet:-1","max-image-preview":"max-image-preview:large","max-video-preview":"max-video-preview:-1"},"canonical":"https:\/\/www.meydan.tv\/az\/article\/yerevanda-hokumetin-istefasi-telebi-ile-aksiyalarda-244-etirazci-saxlanib\/","og_locale":"az_AZ","og_type":"article","og_title":"Yerevanda h\u00f6kum\u0259tin istefas\u0131 t\u0259l\u0259bi il\u0259 aksiyalarda 244 etiraz\u00e7\u0131 saxlan\u0131b - MEYDAN.TV","og_url":"https:\/\/www.meydan.tv\/az\/article\/yerevanda-hokumetin-istefasi-telebi-ile-aksiyalarda-244-etirazci-saxlanib\/","og_site_name":"MEYDAN.TV","article_published_time":"2022-05-02T15:48:20+00:00","article_modified_time":"2022-05-02T15:48:21+00:00","og_image":[{"width":768,"height":431,"url":"https:\/\/www.meydan.tv\/wp-content\/uploads\/screenshot-at-may-02-17-45-19-768x431.png","type":"image\/png"}],"author":"roma","twitter_card":"summary_large_image","schema":{"@context":"https:\/\/schema.org","@graph":[{"@type":"Article","@id":"https:\/\/www.meydan.tv\/az\/article\/yerevanda-hokumetin-istefasi-telebi-ile-aksiyalarda-244-etirazci-saxlanib\/#article","isPartOf":{"@id":"https:\/\/www.meydan.tv\/az\/article\/yerevanda-hokumetin-istefasi-telebi-ile-aksiyalarda-244-etirazci-saxlanib\/"},"author":{"name":"roma","@id":"https:\/\/www.meydan.tv\/az\/#\/schema\/person\/8f23e01c4de63326c13c319fb65ee65d"},"headline":"Yerevanda h\u00f6kum\u0259tin istefas\u0131 t\u0259l\u0259bi il\u0259 aksiyalarda 244 etiraz\u00e7\u0131 saxlan\u0131b","datePublished":"2022-05-02T15:48:20+00:00","dateModified":"2022-05-02T15:48:21+00:00","mainEntityOfPage":{"@id":"https:\/\/www.meydan.tv\/az\/article\/yerevanda-hokumetin-istefasi-telebi-ile-aksiyalarda-244-etirazci-saxlanib\/"},"wordCount":130,"publisher":{"@id":"https:\/\/www.meydan.tv\/az\/#organization"},"image":{"@id":"https:\/\/www.meydan.tv\/az\/article\/yerevanda-hokumetin-istefasi-telebi-ile-aksiyalarda-244-etirazci-saxlanib\/#primaryimage"},"thumbnailUrl":"https:\/\/www.meydan.tv\/wp-content\/uploads\/screenshot-at-may-02-17-45-19.png","articleSection":["Reportaj","Video"],"inLanguage":"az"},{"@type":"WebPage","@id":"https:\/\/www.meydan.tv\/az\/article\/yerevanda-hokumetin-istefasi-telebi-ile-aksiyalarda-244-etirazci-saxlanib\/","url":"https:\/\/www.meydan.tv\/az\/article\/yerevanda-hokumetin-istefasi-telebi-ile-aksiyalarda-244-etirazci-saxlanib\/","name":"Yerevanda h\u00f6kum\u0259tin istefas\u0131 t\u0259l\u0259bi il\u0259 aksiyalarda 244 etiraz\u00e7\u0131 saxlan\u0131b - MEYDAN.TV","isPartOf":{"@id":"https:\/\/www.meydan.tv\/az\/#website"},"primaryImageOfPage":{"@id":"https:\/\/www.meydan.tv\/az\/article\/yerevanda-hokumetin-istefasi-telebi-ile-aksiyalarda-244-etirazci-saxlanib\/#primaryimage"},"image":{"@id":"https:\/\/www.meydan.tv\/az\/article\/yerevanda-hokumetin-istefasi-telebi-ile-aksiyalarda-244-etirazci-saxlanib\/#primaryimage"},"thumbnailUrl":"https:\/\/www.meydan.tv\/wp-content\/uploads\/screenshot-at-may-02-17-45-19.png","datePublished":"2022-05-02T15:48:20+00:00","dateModified":"2022-05-02T15:48:21+00:00","breadcrumb":{"@id":"https:\/\/www.meydan.tv\/az\/article\/yerevanda-hokumetin-istefasi-telebi-ile-aksiyalarda-244-etirazci-saxlanib\/#breadcrumb"},"inLanguage":"az","potentialAction":[{"@type":"ReadAction","target":["https:\/\/www.meydan.tv\/az\/article\/yerevanda-hokumetin-istefasi-telebi-ile-aksiyalarda-244-etirazci-saxlanib\/"]}]},{"@type":"ImageObject","inLanguage":"az","@id":"https:\/\/www.meydan.tv\/az\/article\/yerevanda-hokumetin-istefasi-telebi-ile-aksiyalarda-244-etirazci-saxlanib\/#primaryimage","url":"https:\/\/www.meydan.tv\/wp-content\/uploads\/screenshot-at-may-02-17-45-19.png","contentUrl":"https:\/\/www.meydan.tv\/wp-content\/uploads\/screenshot-at-may-02-17-45-19.png","width":1200,"height":674},{"@type":"BreadcrumbList","@id":"https:\/\/www.meydan.tv\/az\/article\/yerevanda-hokumetin-istefasi-telebi-ile-aksiyalarda-244-etirazci-saxlanib\/#breadcrumb","itemListElement":[{"@type":"ListItem","position":1,"name":"Ana s\u0259hif\u0259","item":"https:\/\/www.meydan.tv\/az\/"},{"@type":"ListItem","position":2,"name":"Video","item":"https:\/\/www.meydan.tv\/az\/section\/video-2\/"},{"@type":"ListItem","position":3,"name":"Yerevanda h\u00f6kum\u0259tin istefas\u0131 t\u0259l\u0259bi il\u0259 aksiyalarda 244 etiraz\u00e7\u0131 saxlan\u0131b"}]},{"@type":"WebSite","@id":"https:\/\/www.meydan.tv\/az\/#website","url":"https:\/\/www.meydan.tv\/az\/","name":"MEYDAN.TV","description":"Meydan TV Az\u0259rbaycan\u0131n media m\u0259kan\u0131ndak\u0131 alternativ s\u0259sidir","publisher":{"@id":"https:\/\/www.meydan.tv\/az\/#organization"},"potentialAction":[{"@type":"SearchAction","target":{"@type":"EntryPoint","urlTemplate":"https:\/\/www.meydan.tv\/az\/?s={search_term_string}"},"query-input":{"@type":"PropertyValueSpecification","valueRequired":true,"valueName":"search_term_string"}}],"inLanguage":"az"},{"@type":"Organization","@id":"https:\/\/www.meydan.tv\/az\/#organization","name":"Meydan TV","url":"https:\/\/www.meydan.tv\/az\/","logo":{"@type":"ImageObject","inLanguage":"az","@id":"https:\/\/www.meydan.tv\/az\/#\/schema\/logo\/image\/","url":"https:\/\/www.meydan.tv\/wp-content\/uploads\/2021\/07\/meydan-logo.svg","contentUrl":"https:\/\/www.meydan.tv\/wp-content\/uploads\/2021\/07\/meydan-logo.svg","width":195,"height":46,"caption":"Meydan TV"},"image":{"@id":"https:\/\/www.meydan.tv\/az\/#\/schema\/logo\/image\/"}},{"@type":"Person","@id":"https:\/\/www.meydan.tv\/az\/#\/schema\/person\/8f23e01c4de63326c13c319fb65ee65d","name":"roma"}]}},"_links":{"self":[{"href":"https:\/\/www.meydan.tv\/az\/wp-json\/wp\/v2\/posts\/244117","targetHints":{"allow":["GET"]}}],"collection":[{"href":"https:\/\/www.meydan.tv\/az\/wp-json\/wp\/v2\/posts"}],"about":[{"href":"https:\/\/www.meydan.tv\/az\/wp-json\/wp\/v2\/types\/post"}],"author":[{"embeddable":true,"href":"https:\/\/www.meydan.tv\/az\/wp-json\/wp\/v2\/users\/14"}],"replies":[{"embeddable":true,"href":"https:\/\/www.meydan.tv\/az\/wp-json\/wp\/v2\/comments?post=244117"}],"version-history":[{"count":1,"href":"https:\/\/www.meydan.tv\/az\/wp-json\/wp\/v2\/posts\/244117\/revisions"}],"predecessor-version":[{"id":244121,"href":"https:\/\/www.meydan.tv\/az\/wp-json\/wp\/v2\/posts\/244117\/revisions\/244121"}],"wp:featuredmedia":[{"embeddable":true,"href":"https:\/\/www.meydan.tv\/az\/wp-json\/wp\/v2\/media\/244118"}],"wp:attachment":[{"href":"https:\/\/www.meydan.tv\/az\/wp-json\/wp\/v2\/media?parent=244117"}],"wp:term":[{"taxonomy":"category","embeddable":true,"href":"https:\/\/www.meydan.tv\/az\/wp-json\/wp\/v2\/categories?post=244117"},{"taxonomy":"post_tag","embeddable":true,"href":"https:\/\/www.meydan.tv\/az\/wp-json\/wp\/v2\/tags?post=244117"}],"curies":[{"name":"wp","href":"https:\/\/api.w.org\/{rel}","templated":true}]}}