{"id":244063,"date":"2022-04-30T17:28:16","date_gmt":"2022-04-30T13:28:16","guid":{"rendered":"https:\/\/www.meydan.tv\/?p=244063"},"modified":"2022-04-30T17:28:18","modified_gmt":"2022-04-30T13:28:18","slug":"meyart-behram-bagirzadeden-doyulen-motosiklet-surucusune-destek","status":"publish","type":"post","link":"https:\/\/www.meydan.tv\/az\/article\/meyart-behram-bagirzadeden-doyulen-motosiklet-surucusune-destek\/","title":{"rendered":"MeyArt &#8211; B\u0259hram Ba\u011f\u0131rzad\u0259d\u0259n d\u00f6y\u00fcl\u0259n motosiklet s\u00fcr\u00fcc\u00fcs\u00fcn\u0259 d\u0259st\u0259k"},"content":{"rendered":"\n<figure class=\"wp-block-embed is-type-video is-provider-youtube wp-block-embed-youtube wp-embed-aspect-16-9 wp-has-aspect-ratio\"><div class=\"wp-block-embed__wrapper\">\n<iframe title=\"MeyArt - B\u0259hram Ba\u011f\u0131rzad\u0259d\u0259n d\u00f6y\u00fcl\u0259n motosiklet s\u00fcr\u00fcc\u00fcs\u00fcn\u0259 d\u0259st\u0259k\" width=\"1200\" height=\"675\" data-src=\"https:\/\/www.youtube.com\/embed\/mnD3-t79iJA?feature=oembed\" frameborder=\"0\" allow=\"accelerometer; autoplay; clipboard-write; encrypted-media; gyroscope; picture-in-picture\" allowfullscreen src=\"data:image\/svg+xml;base64,PHN2ZyB3aWR0aD0iMSIgaGVpZ2h0PSIxIiB4bWxucz0iaHR0cDovL3d3dy53My5vcmcvMjAwMC9zdmciPjwvc3ZnPg==\" class=\"lazyload\" data-load-mode=\"1\"><\/iframe>\n<\/div><\/figure>\n\n\n\n<!--more-->\n\n\n\n<p>Bir ne\u00e7\u0259 g\u00fcn \u0259vv\u0259l Prezident Saray\u0131n\u0131n t\u0259minat\u0131 \u015f\u00f6b\u0259sinin m\u00fcdiri&nbsp; Sultan Dada\u015fovun motosiklet s\u00fcr\u00fcc\u00fcs\u00fcn\u00fc vurmas\u0131n\u0131 v\u0259 t\u0259hqir etm\u0259sini \u0259ks etdir\u0259n g\u00f6r\u00fcnt\u00fcl\u0259r yay\u0131lm\u0131\u015fd\u0131.<\/p>\n\n\n\n<p>\u018fm\u0259kdar artist B\u0259hram Ba\u011f\u0131rzad\u0259 motosiklet s\u00fcr\u00fcc\u00fcs\u00fcn\u0259 zorak\u0131l\u0131q ed\u0259n m\u0259murla ba\u011fl\u0131 ironik video payla\u015f\u0131b. \u0130nstagram hesab\u0131ndan payla\u015f\u0131m ed\u0259n B\u0259hram Ba\u011f\u0131rzad\u0259 kuryerl\u0259rin xidm\u0259t haqq\u0131na g\u00f6r\u0259 etiraz etdiyi \u201cWolt\u201d \u015firk\u0259tini d\u0259 i\u015far\u0259l\u0259yib.&nbsp; &nbsp; &nbsp; &nbsp; &nbsp; &nbsp; &nbsp; &nbsp; &nbsp; &nbsp; &nbsp; &nbsp; &nbsp; &nbsp; &nbsp; &nbsp; &nbsp; &nbsp; &nbsp; &nbsp; &nbsp; &nbsp; &nbsp; &nbsp; &nbsp; Bir m\u00fcdd\u0259tdir az\u0259rbaycanl\u0131 g\u0259nc aktyor Elvin A\u011fayev sirroz x\u0259st\u0259liyind\u0259n \u0259ziyy\u0259t \u00e7\u0259kir. Aktyor v\u0259 h\u0259mkarlar\u0131 m\u0259tbuat vasit\u0259si il\u0259 maliyy\u0259 yard\u0131m\u0131 \u00fc\u00e7\u00fcn imkanl\u0131 \u015f\u0259xsl\u0259rd\u0259n, h\u00f6kum\u0259td\u0259n yard\u0131m ist\u0259yib. Ancaq m\u00fcraci\u0259tl\u0259rin\u0259 nazirlikd\u0259n m\u00fcsb\u0259t cavab g\u0259lm\u0259yib. M\u0259d\u0259niyy\u0259t Nazirliyi m\u0259tbuata bildirib ki, Nazirliyin kino b\u00fcdc\u0259sind\u0259 s\u0259n\u0259t adamlar\u0131n\u0131n m\u00fcalic\u0259si \u00fc\u00e7\u00fcn v\u0259sait n\u0259z\u0259rd\u0259 tutulmay\u0131b. Aktyorun \u0259m\u0259liyyat\u0131 \u00fc\u00e7\u00fcn is\u0259 \u00fcmumilikd\u0259 90 min manat laz\u0131md\u0131r.<\/p>\n\n\n\n<p>Bak\u0131da Beyn\u0259lxalq Caz G\u00fcn\u00fc ke\u00e7irilir. M\u0259d\u0259niyy\u0259t Nazirliyinin t\u0259\u015fkilat\u00e7\u0131l\u0131\u011f\u0131 il\u0259 29 aprel- 4 may tarixl\u0259rind\u0259 R\u0259\u015fid Behbudov ad\u0131na D\u00f6vl\u0259t Mahn\u0131 Teatr\u0131 v\u0259 Beyn\u0259lxalq Mu\u011fam M\u0259rk\u0259zind\u0259 Az\u0259rbaycan cazmenl\u0259rinin i\u015ftirak\u0131 il\u0259 t\u0259dbirl\u0259r silsil\u0259si ke\u00e7irilir. UNESCO-nun s\u00fclhm\u0259raml\u0131 s\u0259firi, H\u00f6rbi H\u0259nkokun t\u0259\u015f\u0259bb\u00fcs\u00fc il\u0259 30 aprel tarixind\u0259 d\u00fcnyada Caz G\u00fcn\u00fc qeyd olunur.<\/p>\n\n\n\n<p>T\u00fcrkiy\u0259d\u0259 kino adamlar\u0131 Gezi hadis\u0259l\u0259ri il\u0259 ba\u011fl\u0131 m\u0259hk\u0259m\u0259 q\u0259rarlar\u0131na etiraz olaraq m\u00fcraci\u0259t haz\u0131rlay\u0131b. M\u00fcraci\u0259ti imzalayanlar aras\u0131nda Nuri Bilge Ceylan, Nejat \u0130\u015fler, Emin Alper, Fatih Ak\u0131n kimi adlar var. \u201cBiz qorxu imperiyas\u0131 yaratmaq \u00fc\u00e7\u00fcn a\u00e7\u0131q-a\u015fkar edil\u0259n bu qanunsuzlu\u011fa seyrci qalmayaca\u011f\u0131q. Biz susmayaca\u011f\u0131q v\u0259 qorxmuruq!\u201d \u2013 dey\u0259 onlar bildirib.<\/p>\n\n\n\n<p>Qeyd ed\u0259k ki, m\u0259hk\u0259m\u0259 i\u015f adam\u0131 Osman Kavalan\u0131 \u00f6m\u00fcrl\u00fck m\u0259hkum edib, dig\u0259rl\u0259rin\u0259 18 illik h\u0259bs c\u0259zas\u0131 verib.<\/p>\n\n\n\n<p>Estoniya h\u00f6kum\u0259ti m\u00fc\u011f\u0259nni Filip Kirkorovun 5 il m\u00fcdd\u0259tin\u0259 \u00f6lk\u0259y\u0259 giri\u015fini qada\u011fan edib. Bu bar\u0259d\u0259 Estoniya Daxili \u0130\u015fl\u0259r Nazirliyinin m\u0259tbuat xidm\u0259ti m\u0259lumat yay\u0131b. H\u0259m\u00e7inin, m\u00fc\u011f\u0259nni Polina Qaqarinan\u0131n da \u00f6lk\u0259y\u0259 giri\u015fin\u0259 5 il qada\u011fa qoyulub. Buna s\u0259b\u0259b s\u0259n\u0259t\u00e7il\u0259rin Rusiyan\u0131n Ukraynadak\u0131 h\u0259rbi \u0259m\u0259liyyat\u0131n\u0131 d\u0259st\u0259kl\u0259m\u0259l\u0259ri olub.<\/p>\n","protected":false},"excerpt":{"rendered":"","protected":false},"author":14,"featured_media":244064,"comment_status":"closed","ping_status":"closed","sticky":false,"template":"","format":"standard","meta":{"_acf_changed":false,"_sitemap_exclude":false,"_sitemap_priority":"","_sitemap_frequency":"","footnotes":""},"categories":[52,63],"tags":[],"class_list":["post-244063","post","type-post","status-publish","format-standard","has-post-thumbnail","hentry","category-medeniyyet","category-video-2","infinite-scroll-item","generate-columns","tablet-grid-50","mobile-grid-100","grid-parent","grid-33","no-featured-image-padding"],"acf":[],"yoast_head":"<!-- This site is optimized with the Yoast SEO plugin v27.5 - https:\/\/yoast.com\/product\/yoast-seo-wordpress\/ -->\n<title>MeyArt - B\u0259hram Ba\u011f\u0131rzad\u0259d\u0259n d\u00f6y\u00fcl\u0259n motosiklet s\u00fcr\u00fcc\u00fcs\u00fcn\u0259 d\u0259st\u0259k - MEYDAN.TV<\/title>\n<meta name=\"robots\" content=\"index, follow, max-snippet:-1, max-image-preview:large, max-video-preview:-1\" \/>\n<link rel=\"canonical\" href=\"https:\/\/www.meydan.tv\/az\/article\/meyart-behram-bagirzadeden-doyulen-motosiklet-surucusune-destek\/\" \/>\n<meta property=\"og:locale\" content=\"az_AZ\" \/>\n<meta property=\"og:type\" content=\"article\" \/>\n<meta property=\"og:title\" content=\"MeyArt - B\u0259hram Ba\u011f\u0131rzad\u0259d\u0259n d\u00f6y\u00fcl\u0259n motosiklet s\u00fcr\u00fcc\u00fcs\u00fcn\u0259 d\u0259st\u0259k - MEYDAN.TV\" \/>\n<meta property=\"og:url\" content=\"https:\/\/www.meydan.tv\/az\/article\/meyart-behram-bagirzadeden-doyulen-motosiklet-surucusune-destek\/\" \/>\n<meta property=\"og:site_name\" content=\"MEYDAN.TV\" \/>\n<meta property=\"article:published_time\" content=\"2022-04-30T13:28:16+00:00\" \/>\n<meta property=\"article:modified_time\" content=\"2022-04-30T13:28:18+00:00\" \/>\n<meta property=\"og:image\" content=\"https:\/\/www.meydan.tv\/wp-content\/uploads\/screenshot-at-apr-30-15-25-52.png\" \/>\n\t<meta property=\"og:image:width\" content=\"1490\" \/>\n\t<meta property=\"og:image:height\" content=\"836\" \/>\n\t<meta property=\"og:image:type\" content=\"image\/png\" \/>\n<meta name=\"author\" content=\"roma\" \/>\n<meta name=\"twitter:card\" content=\"summary_large_image\" \/>\n<script type=\"application\/ld+json\" class=\"yoast-schema-graph\">{\"@context\":\"https:\\\/\\\/schema.org\",\"@graph\":[{\"@type\":\"Article\",\"@id\":\"https:\\\/\\\/www.meydan.tv\\\/az\\\/article\\\/meyart-behram-bagirzadeden-doyulen-motosiklet-surucusune-destek\\\/#article\",\"isPartOf\":{\"@id\":\"https:\\\/\\\/www.meydan.tv\\\/az\\\/article\\\/meyart-behram-bagirzadeden-doyulen-motosiklet-surucusune-destek\\\/\"},\"author\":{\"name\":\"roma\",\"@id\":\"https:\\\/\\\/www.meydan.tv\\\/az\\\/#\\\/schema\\\/person\\\/8f23e01c4de63326c13c319fb65ee65d\"},\"headline\":\"MeyArt &#8211; B\u0259hram Ba\u011f\u0131rzad\u0259d\u0259n d\u00f6y\u00fcl\u0259n motosiklet s\u00fcr\u00fcc\u00fcs\u00fcn\u0259 d\u0259st\u0259k\",\"datePublished\":\"2022-04-30T13:28:16+00:00\",\"dateModified\":\"2022-04-30T13:28:18+00:00\",\"mainEntityOfPage\":{\"@id\":\"https:\\\/\\\/www.meydan.tv\\\/az\\\/article\\\/meyart-behram-bagirzadeden-doyulen-motosiklet-surucusune-destek\\\/\"},\"wordCount\":500,\"publisher\":{\"@id\":\"https:\\\/\\\/www.meydan.tv\\\/az\\\/#organization\"},\"image\":{\"@id\":\"https:\\\/\\\/www.meydan.tv\\\/az\\\/article\\\/meyart-behram-bagirzadeden-doyulen-motosiklet-surucusune-destek\\\/#primaryimage\"},\"thumbnailUrl\":\"https:\\\/\\\/www.meydan.tv\\\/wp-content\\\/uploads\\\/screenshot-at-apr-30-15-25-52.png\",\"articleSection\":[\"M\u0259d\u0259niyy\u0259t\",\"Video\"],\"inLanguage\":\"az\"},{\"@type\":\"WebPage\",\"@id\":\"https:\\\/\\\/www.meydan.tv\\\/az\\\/article\\\/meyart-behram-bagirzadeden-doyulen-motosiklet-surucusune-destek\\\/\",\"url\":\"https:\\\/\\\/www.meydan.tv\\\/az\\\/article\\\/meyart-behram-bagirzadeden-doyulen-motosiklet-surucusune-destek\\\/\",\"name\":\"MeyArt - B\u0259hram Ba\u011f\u0131rzad\u0259d\u0259n d\u00f6y\u00fcl\u0259n motosiklet s\u00fcr\u00fcc\u00fcs\u00fcn\u0259 d\u0259st\u0259k - MEYDAN.TV\",\"isPartOf\":{\"@id\":\"https:\\\/\\\/www.meydan.tv\\\/az\\\/#website\"},\"primaryImageOfPage\":{\"@id\":\"https:\\\/\\\/www.meydan.tv\\\/az\\\/article\\\/meyart-behram-bagirzadeden-doyulen-motosiklet-surucusune-destek\\\/#primaryimage\"},\"image\":{\"@id\":\"https:\\\/\\\/www.meydan.tv\\\/az\\\/article\\\/meyart-behram-bagirzadeden-doyulen-motosiklet-surucusune-destek\\\/#primaryimage\"},\"thumbnailUrl\":\"https:\\\/\\\/www.meydan.tv\\\/wp-content\\\/uploads\\\/screenshot-at-apr-30-15-25-52.png\",\"datePublished\":\"2022-04-30T13:28:16+00:00\",\"dateModified\":\"2022-04-30T13:28:18+00:00\",\"breadcrumb\":{\"@id\":\"https:\\\/\\\/www.meydan.tv\\\/az\\\/article\\\/meyart-behram-bagirzadeden-doyulen-motosiklet-surucusune-destek\\\/#breadcrumb\"},\"inLanguage\":\"az\",\"potentialAction\":[{\"@type\":\"ReadAction\",\"target\":[\"https:\\\/\\\/www.meydan.tv\\\/az\\\/article\\\/meyart-behram-bagirzadeden-doyulen-motosiklet-surucusune-destek\\\/\"]}]},{\"@type\":\"ImageObject\",\"inLanguage\":\"az\",\"@id\":\"https:\\\/\\\/www.meydan.tv\\\/az\\\/article\\\/meyart-behram-bagirzadeden-doyulen-motosiklet-surucusune-destek\\\/#primaryimage\",\"url\":\"https:\\\/\\\/www.meydan.tv\\\/wp-content\\\/uploads\\\/screenshot-at-apr-30-15-25-52.png\",\"contentUrl\":\"https:\\\/\\\/www.meydan.tv\\\/wp-content\\\/uploads\\\/screenshot-at-apr-30-15-25-52.png\",\"width\":1490,\"height\":836},{\"@type\":\"BreadcrumbList\",\"@id\":\"https:\\\/\\\/www.meydan.tv\\\/az\\\/article\\\/meyart-behram-bagirzadeden-doyulen-motosiklet-surucusune-destek\\\/#breadcrumb\",\"itemListElement\":[{\"@type\":\"ListItem\",\"position\":1,\"name\":\"Ana s\u0259hif\u0259\",\"item\":\"https:\\\/\\\/www.meydan.tv\\\/az\\\/\"},{\"@type\":\"ListItem\",\"position\":2,\"name\":\"Video\",\"item\":\"https:\\\/\\\/www.meydan.tv\\\/az\\\/section\\\/video-2\\\/\"},{\"@type\":\"ListItem\",\"position\":3,\"name\":\"MeyArt &#8211; B\u0259hram Ba\u011f\u0131rzad\u0259d\u0259n d\u00f6y\u00fcl\u0259n motosiklet s\u00fcr\u00fcc\u00fcs\u00fcn\u0259 d\u0259st\u0259k\"}]},{\"@type\":\"WebSite\",\"@id\":\"https:\\\/\\\/www.meydan.tv\\\/az\\\/#website\",\"url\":\"https:\\\/\\\/www.meydan.tv\\\/az\\\/\",\"name\":\"MEYDAN.TV\",\"description\":\"Meydan TV Az\u0259rbaycan\u0131n media m\u0259kan\u0131ndak\u0131 alternativ s\u0259sidir\",\"publisher\":{\"@id\":\"https:\\\/\\\/www.meydan.tv\\\/az\\\/#organization\"},\"potentialAction\":[{\"@type\":\"SearchAction\",\"target\":{\"@type\":\"EntryPoint\",\"urlTemplate\":\"https:\\\/\\\/www.meydan.tv\\\/az\\\/?s={search_term_string}\"},\"query-input\":{\"@type\":\"PropertyValueSpecification\",\"valueRequired\":true,\"valueName\":\"search_term_string\"}}],\"inLanguage\":\"az\"},{\"@type\":\"Organization\",\"@id\":\"https:\\\/\\\/www.meydan.tv\\\/az\\\/#organization\",\"name\":\"Meydan TV\",\"url\":\"https:\\\/\\\/www.meydan.tv\\\/az\\\/\",\"logo\":{\"@type\":\"ImageObject\",\"inLanguage\":\"az\",\"@id\":\"https:\\\/\\\/www.meydan.tv\\\/az\\\/#\\\/schema\\\/logo\\\/image\\\/\",\"url\":\"https:\\\/\\\/www.meydan.tv\\\/wp-content\\\/uploads\\\/2021\\\/07\\\/meydan-logo.svg\",\"contentUrl\":\"https:\\\/\\\/www.meydan.tv\\\/wp-content\\\/uploads\\\/2021\\\/07\\\/meydan-logo.svg\",\"width\":195,\"height\":46,\"caption\":\"Meydan TV\"},\"image\":{\"@id\":\"https:\\\/\\\/www.meydan.tv\\\/az\\\/#\\\/schema\\\/logo\\\/image\\\/\"}},{\"@type\":\"Person\",\"@id\":\"https:\\\/\\\/www.meydan.tv\\\/az\\\/#\\\/schema\\\/person\\\/8f23e01c4de63326c13c319fb65ee65d\",\"name\":\"roma\"}]}<\/script>\n<!-- \/ Yoast SEO plugin. -->","yoast_head_json":{"title":"MeyArt - B\u0259hram Ba\u011f\u0131rzad\u0259d\u0259n d\u00f6y\u00fcl\u0259n motosiklet s\u00fcr\u00fcc\u00fcs\u00fcn\u0259 d\u0259st\u0259k - MEYDAN.TV","robots":{"index":"index","follow":"follow","max-snippet":"max-snippet:-1","max-image-preview":"max-image-preview:large","max-video-preview":"max-video-preview:-1"},"canonical":"https:\/\/www.meydan.tv\/az\/article\/meyart-behram-bagirzadeden-doyulen-motosiklet-surucusune-destek\/","og_locale":"az_AZ","og_type":"article","og_title":"MeyArt - B\u0259hram Ba\u011f\u0131rzad\u0259d\u0259n d\u00f6y\u00fcl\u0259n motosiklet s\u00fcr\u00fcc\u00fcs\u00fcn\u0259 d\u0259st\u0259k - MEYDAN.TV","og_url":"https:\/\/www.meydan.tv\/az\/article\/meyart-behram-bagirzadeden-doyulen-motosiklet-surucusune-destek\/","og_site_name":"MEYDAN.TV","article_published_time":"2022-04-30T13:28:16+00:00","article_modified_time":"2022-04-30T13:28:18+00:00","og_image":[{"width":1490,"height":836,"url":"https:\/\/www.meydan.tv\/wp-content\/uploads\/screenshot-at-apr-30-15-25-52.png","type":"image\/png"}],"author":"roma","twitter_card":"summary_large_image","schema":{"@context":"https:\/\/schema.org","@graph":[{"@type":"Article","@id":"https:\/\/www.meydan.tv\/az\/article\/meyart-behram-bagirzadeden-doyulen-motosiklet-surucusune-destek\/#article","isPartOf":{"@id":"https:\/\/www.meydan.tv\/az\/article\/meyart-behram-bagirzadeden-doyulen-motosiklet-surucusune-destek\/"},"author":{"name":"roma","@id":"https:\/\/www.meydan.tv\/az\/#\/schema\/person\/8f23e01c4de63326c13c319fb65ee65d"},"headline":"MeyArt &#8211; B\u0259hram Ba\u011f\u0131rzad\u0259d\u0259n d\u00f6y\u00fcl\u0259n motosiklet s\u00fcr\u00fcc\u00fcs\u00fcn\u0259 d\u0259st\u0259k","datePublished":"2022-04-30T13:28:16+00:00","dateModified":"2022-04-30T13:28:18+00:00","mainEntityOfPage":{"@id":"https:\/\/www.meydan.tv\/az\/article\/meyart-behram-bagirzadeden-doyulen-motosiklet-surucusune-destek\/"},"wordCount":500,"publisher":{"@id":"https:\/\/www.meydan.tv\/az\/#organization"},"image":{"@id":"https:\/\/www.meydan.tv\/az\/article\/meyart-behram-bagirzadeden-doyulen-motosiklet-surucusune-destek\/#primaryimage"},"thumbnailUrl":"https:\/\/www.meydan.tv\/wp-content\/uploads\/screenshot-at-apr-30-15-25-52.png","articleSection":["M\u0259d\u0259niyy\u0259t","Video"],"inLanguage":"az"},{"@type":"WebPage","@id":"https:\/\/www.meydan.tv\/az\/article\/meyart-behram-bagirzadeden-doyulen-motosiklet-surucusune-destek\/","url":"https:\/\/www.meydan.tv\/az\/article\/meyart-behram-bagirzadeden-doyulen-motosiklet-surucusune-destek\/","name":"MeyArt - B\u0259hram Ba\u011f\u0131rzad\u0259d\u0259n d\u00f6y\u00fcl\u0259n motosiklet s\u00fcr\u00fcc\u00fcs\u00fcn\u0259 d\u0259st\u0259k - MEYDAN.TV","isPartOf":{"@id":"https:\/\/www.meydan.tv\/az\/#website"},"primaryImageOfPage":{"@id":"https:\/\/www.meydan.tv\/az\/article\/meyart-behram-bagirzadeden-doyulen-motosiklet-surucusune-destek\/#primaryimage"},"image":{"@id":"https:\/\/www.meydan.tv\/az\/article\/meyart-behram-bagirzadeden-doyulen-motosiklet-surucusune-destek\/#primaryimage"},"thumbnailUrl":"https:\/\/www.meydan.tv\/wp-content\/uploads\/screenshot-at-apr-30-15-25-52.png","datePublished":"2022-04-30T13:28:16+00:00","dateModified":"2022-04-30T13:28:18+00:00","breadcrumb":{"@id":"https:\/\/www.meydan.tv\/az\/article\/meyart-behram-bagirzadeden-doyulen-motosiklet-surucusune-destek\/#breadcrumb"},"inLanguage":"az","potentialAction":[{"@type":"ReadAction","target":["https:\/\/www.meydan.tv\/az\/article\/meyart-behram-bagirzadeden-doyulen-motosiklet-surucusune-destek\/"]}]},{"@type":"ImageObject","inLanguage":"az","@id":"https:\/\/www.meydan.tv\/az\/article\/meyart-behram-bagirzadeden-doyulen-motosiklet-surucusune-destek\/#primaryimage","url":"https:\/\/www.meydan.tv\/wp-content\/uploads\/screenshot-at-apr-30-15-25-52.png","contentUrl":"https:\/\/www.meydan.tv\/wp-content\/uploads\/screenshot-at-apr-30-15-25-52.png","width":1490,"height":836},{"@type":"BreadcrumbList","@id":"https:\/\/www.meydan.tv\/az\/article\/meyart-behram-bagirzadeden-doyulen-motosiklet-surucusune-destek\/#breadcrumb","itemListElement":[{"@type":"ListItem","position":1,"name":"Ana s\u0259hif\u0259","item":"https:\/\/www.meydan.tv\/az\/"},{"@type":"ListItem","position":2,"name":"Video","item":"https:\/\/www.meydan.tv\/az\/section\/video-2\/"},{"@type":"ListItem","position":3,"name":"MeyArt &#8211; B\u0259hram Ba\u011f\u0131rzad\u0259d\u0259n d\u00f6y\u00fcl\u0259n motosiklet s\u00fcr\u00fcc\u00fcs\u00fcn\u0259 d\u0259st\u0259k"}]},{"@type":"WebSite","@id":"https:\/\/www.meydan.tv\/az\/#website","url":"https:\/\/www.meydan.tv\/az\/","name":"MEYDAN.TV","description":"Meydan TV Az\u0259rbaycan\u0131n media m\u0259kan\u0131ndak\u0131 alternativ s\u0259sidir","publisher":{"@id":"https:\/\/www.meydan.tv\/az\/#organization"},"potentialAction":[{"@type":"SearchAction","target":{"@type":"EntryPoint","urlTemplate":"https:\/\/www.meydan.tv\/az\/?s={search_term_string}"},"query-input":{"@type":"PropertyValueSpecification","valueRequired":true,"valueName":"search_term_string"}}],"inLanguage":"az"},{"@type":"Organization","@id":"https:\/\/www.meydan.tv\/az\/#organization","name":"Meydan TV","url":"https:\/\/www.meydan.tv\/az\/","logo":{"@type":"ImageObject","inLanguage":"az","@id":"https:\/\/www.meydan.tv\/az\/#\/schema\/logo\/image\/","url":"https:\/\/www.meydan.tv\/wp-content\/uploads\/2021\/07\/meydan-logo.svg","contentUrl":"https:\/\/www.meydan.tv\/wp-content\/uploads\/2021\/07\/meydan-logo.svg","width":195,"height":46,"caption":"Meydan TV"},"image":{"@id":"https:\/\/www.meydan.tv\/az\/#\/schema\/logo\/image\/"}},{"@type":"Person","@id":"https:\/\/www.meydan.tv\/az\/#\/schema\/person\/8f23e01c4de63326c13c319fb65ee65d","name":"roma"}]}},"_links":{"self":[{"href":"https:\/\/www.meydan.tv\/az\/wp-json\/wp\/v2\/posts\/244063","targetHints":{"allow":["GET"]}}],"collection":[{"href":"https:\/\/www.meydan.tv\/az\/wp-json\/wp\/v2\/posts"}],"about":[{"href":"https:\/\/www.meydan.tv\/az\/wp-json\/wp\/v2\/types\/post"}],"author":[{"embeddable":true,"href":"https:\/\/www.meydan.tv\/az\/wp-json\/wp\/v2\/users\/14"}],"replies":[{"embeddable":true,"href":"https:\/\/www.meydan.tv\/az\/wp-json\/wp\/v2\/comments?post=244063"}],"version-history":[{"count":1,"href":"https:\/\/www.meydan.tv\/az\/wp-json\/wp\/v2\/posts\/244063\/revisions"}],"predecessor-version":[{"id":244067,"href":"https:\/\/www.meydan.tv\/az\/wp-json\/wp\/v2\/posts\/244063\/revisions\/244067"}],"wp:featuredmedia":[{"embeddable":true,"href":"https:\/\/www.meydan.tv\/az\/wp-json\/wp\/v2\/media\/244064"}],"wp:attachment":[{"href":"https:\/\/www.meydan.tv\/az\/wp-json\/wp\/v2\/media?parent=244063"}],"wp:term":[{"taxonomy":"category","embeddable":true,"href":"https:\/\/www.meydan.tv\/az\/wp-json\/wp\/v2\/categories?post=244063"},{"taxonomy":"post_tag","embeddable":true,"href":"https:\/\/www.meydan.tv\/az\/wp-json\/wp\/v2\/tags?post=244063"}],"curies":[{"name":"wp","href":"https:\/\/api.w.org\/{rel}","templated":true}]}}