{"id":243751,"date":"2022-04-29T16:16:34","date_gmt":"2022-04-29T12:16:34","guid":{"rendered":"https:\/\/www.meydan.tv\/?p=243751"},"modified":"2022-04-29T16:16:35","modified_gmt":"2022-04-29T12:16:35","slug":"kreml-ucun-olum-fermani","status":"publish","type":"post","link":"https:\/\/www.meydan.tv\/az\/article\/kreml-ucun-olum-fermani\/","title":{"rendered":"Kreml \u00fc\u00e7\u00fcn \u201c\u00f6l\u00fcm f\u0259rman\u0131\u201d"},"content":{"rendered":"\n<p><\/p>\n\n\n\n<p><em>Elizabet Trass Rusiyan\u0131n BMT T\u015e, AT\u018fT v\u0259 G-20 d\u0259n \u00e7\u0131xaca\u011f\u0131na i\u015far\u0259 etdi<\/em><\/p>\n\n\n\n<p>B\u00f6y\u00fck Britaniyan\u0131n xarici i\u015fl\u0259r naziri Elizabet Trass (Elizabeth Truss) tarixi <a href=\"https:\/\/www.unian.net\/world\/voyna-v-ukraine-voyna-vseh-polnyy-tekst-istoricheskoy-rechi-elizabet-trass-novosti-mira-11804535.html?utm_source=telegram&amp;utm_medium=social&amp;utm_campaign=unian_channel&amp;fbclid=IwAR09ek7goUndB7kDp2Bbu6egWyExRBgwkG-JkeaBSdLT2lkaXS2YvOWGQ2w\" target=\"_blank\" rel=\"noreferrer noopener\">\u00e7\u0131x\u0131\u015f<\/a> edib.<br>O, 2022-ci ilin 28 aprelind\u0259 Britaniya parlamentind\u0259 yeni d\u00fcnyan\u0131n \u015ftrixl\u0259rini c\u0131z\u0131b. Trass sivil d\u00fcnyan\u0131 g\u00f6zl\u0259y\u0259n t\u0259hdidl\u0259r, onlar\u0131n tarixi siyasi k\u00f6kl\u0259ri, g\u00fcn\u00fcm\u00fczd\u0259 davam ed\u0259n Ukrayna m\u00fcharib\u0259si v\u0259 onun ehtimal olunan n\u0259tic\u0259l\u0259rini t\u0259hlil edib. Bu t\u0259hlil kontekstind\u0259 yeni d\u00fcnya d\u00fcz\u0259ninin nec\u0259 olaca\u011f\u0131n\u0131 da a\u00e7\u0131qlay\u0131b.<\/p>\n\n\n\n<p><strong>Putin t\u0259k deyil<\/strong><\/p>\n\n\n\n<p>\u00c7\u0131x\u0131\u015f\u0131n\u0131n \u0259vv\u0259lind\u0259 Elizabet Trass xat\u0131rlad\u0131b ki, \u00fc\u00e7 il \u0259vv\u0259l Vladimir Putin Q\u0259rb liberalizminin \u00f6ld\u00fcy\u00fcn\u00fc b\u0259yan edib, onun ard\u0131nca is\u0259 \u00c7in lideri \u00c7i Q\u0259rbin t\u0259n\u0259zz\u00fcl\u0259 u\u011frad\u0131\u011f\u0131n\u0131 vur\u011fulay\u0131b. Putinin ard\u0131nca \u00c7in liderinin ad\u0131n\u0131n a\u00e7\u0131qlanmas\u0131 bu g\u00fcnl\u0259rd\u0259 t\u0259sad\u00fcfi say\u0131la bil\u0259rmi? \u018flb\u0259tt\u0259 ki, xeyr. \u00c7\u00fcnki bunun bir ne\u00e7\u0259 s\u0259b\u0259bi var:<\/p>\n\n\n\n<p>Birincisi ona g\u00f6r\u0259 ki haz\u0131rda he\u00e7 bir siyas\u0259t\u00e7i t\u0259sad\u00fcf\u0259n ba\u015fqa bir liderin ad\u0131n\u0131 Putin\u0259 yana\u015f\u0131 \u00e7\u0259kmir. Bu, t\u0259kc\u0259 siyasi bax\u0131mdan deyil, h\u0259m d\u0259 psixoloji bax\u0131mdan da m\u00fcmk\u00fcn g\u00f6r\u00fcnm\u00fcr. \u00c7\u00fcnki indiki m\u0259qamda Putinl\u0259 o liderl\u0259rin ad\u0131 qo\u015fa \u00e7\u0259kilir ki, bu sava\u015f\u0131n paralelind\u0259, ya da sava\u015fdan sonra onun haqq\u0131nda hans\u0131sa planlar var. M\u0259s\u0259l\u0259n, sava\u015f\u0131n gedi\u015find\u0259 Belarus bel\u0259 planlar\u0131n subyektin\u0259 \u00e7evril\u0259n \u00f6lk\u0259l\u0259rd\u0259n biridir.<\/p>\n\n\n\n<p>\u0130kincisi is\u0259 biz AB\u015e Prezidenti Baydenin \u00c7inl\u0259 ba\u011fl\u0131 a\u00e7\u0131qlamalar\u0131n\u0131 xat\u0131rlaya bil\u0259rik. Bayden bildirmi\u015fdi ki, \u00c7in liderin\u0259 Rusiyaya d\u0259st\u0259k ver\u0259c\u0259kl\u0259ri halda onlar\u0131 n\u0259 g\u00f6zl\u0259diyini deyib, o da anlay\u0131b. Sonuncu xat\u0131rlatma m\u0259hz ona xidm\u0259t edir ki, \u00c7\u0130 Plinin ad\u0131 Q\u0259rb liderl\u0259rinin dilin\u0259 t\u0259sad\u00fcf\u0259m d\u00fc\u015fm\u0259yib v\u0259 onun \u201cQ\u0259rb t\u0259n\u0259zz\u00fcl\u0259 u\u011fray\u0131b\u201d ifad\u0259si d\u0259 t\u0259kc\u0259 bir t\u0259svir v\u0259 ya \u201ct\u0259sbit\u201d deyil, h\u0259m d\u0259 d\u00fcnyaya dair siyasi iddiad\u0131r. Bu bax\u0131mdan da xan\u0131m Trass\u0131n tarixi \u00e7\u0131x\u0131\u015f\u0131nda ikinci isim kimi \u00c7in liderinin ad\u0131n\u0131n ke\u00e7m\u0259si bizim \u00fc\u00e7\u00fcn m\u00fcbariz\u0259nin yol x\u0259rit\u0259sind\u0259 x\u00fcsusi ayd\u0131nla\u015fma olmal\u0131d\u0131r.<\/p>\n\n\n\n<p><strong>Putin u\u011fur qazanarsa\u2026<\/strong><\/p>\n\n\n\n<p>Xan\u0131m Trass sonra davam edir ki, Ukraynan\u0131n taleyi t\u00fckd\u0259n as\u0131l\u0131d\u0131r v\u0259 Putin u\u011fur qazanarsa, Avropan\u0131 f\u0259lak\u0259tl\u0259r, d\u00fcnyan\u0131 izdirablar g\u00f6zl\u0259yir. Bu, \u0259slind\u0259 Rusiyan\u0131 \u00f6n c\u0259bh\u0259d\u0259n geri oturtmu\u015f t\u0259r\u0259fin \u0259sas oyun\u00e7ular\u0131ndan birinin ifad\u0259si kimi t\u0259\u0259cc\u00fcbl\u00fc g\u00f6r\u00fcn\u00fcr. Bu \u00e7\u0131x\u0131\u015f\u0131 Rusiya Kiyev \u0259traf\u0131nda olark\u0259n ets\u0259ydi, Britaniyan\u0131n ba\u015f diplomat\u0131n\u0131 ba\u015fa d\u00fc\u015fm\u0259k olard\u0131.<\/p>\n\n\n\n<p>\u0130ndi t\u0259xmin\u0259n 70 min\u0259 yax\u0131n \u015f\u0259xsi hey\u0259ti s\u0131radan \u00e7\u0131xar\u0131lm\u0131\u015f rus ordusunun u\u011fur qazanmas\u0131ndan niy\u0259 dan\u0131\u015f\u0131ls\u0131n ki? \u00c7\u00fcnki m\u0259hz Britaniyada ayd\u0131n qiym\u0259tl\u0259ndirilir ki, ba\u015f ver\u0259nl\u0259r arxay\u0131nl\u0131\u011f\u0131n n\u0259tic\u0259sidir. Bundan sonra is\u0259 arxay\u0131n olmaq olmaz. O ba\u015fa d\u00fc\u015f\u00fcr ki, b\u0259\u015f\u0259riyy\u0259t n\u00f6vb\u0259ti bel\u0259 s\u0259hvin n\u0259tic\u0259l\u0259rini qald\u0131rma\u011fa m\u0259n\u0259vi bax\u0131mdan haz\u0131r deyil. Ona g\u00f6r\u0259 d\u0259 c\u0259hdl\u0259ri iki d\u0259f\u0259 d\u0259 art\u0131rma\u011f\u0131 t\u0259klif edir. \u00dcst\u0259lik, Q\u0259rbin haz\u0131rki birliyind\u0259n d\u0259 naraz\u0131d\u0131r v\u0259 daha monolit bir performans\u0131n vaciblinin alt\u0131n\u0131 c\u0131z\u0131r.<\/p>\n\n\n\n<p><strong>BMT, AT\u018fT v\u0259 B\u00f6y\u00fck 20-l\u0259r<\/strong><\/p>\n\n\n\n<p>Xan\u0131m Trass deyir ki, BMT-d\u0259 Rusiyan\u0131n veto h\u00fcququ qapal\u0131 sisteml\u0259r \u00fc\u00e7\u00fcn ya\u015f\u0131l i\u015f\u0131q f\u00fcrs\u0259tidir. Bununla raz\u0131la\u015fmamaq m\u00fcmk\u00fcn deyil. \u00dcst\u0259lik, AT\u018fT n\u0259zdind\u0259 bir s\u0131ra h\u0259rbi v\u0259 m\u00fclki anla\u015fmalara d\u0131rnaqaras\u0131 yana\u015fan Rusiya, dem\u0259k olar ki, t\u0259hl\u00fck\u0259y\u0259 \u00e7evrilib.<\/p>\n\n\n\n<p>Qeyd edim ki, Az\u0259rbaycanda Rusiya h\u0259rbi kontingentinin yerl\u0259\u015fm\u0259si d\u0259 ist\u0259r BMT, ist\u0259rs\u0259 d\u0259 AT\u018fT-in t\u0259m\u0259l prinsipl\u0259rin\u0259 ziddir. Bu bax\u0131mdan Rusiyan\u0131n art\u0131q beyn\u0259lxalq nizam\u0131n qurucular\u0131 v\u0259 qoruyucular\u0131 aras\u0131nda olmas\u0131 m\u00fcmk\u00fcn g\u00f6r\u00fcnm\u00fcr.<\/p>\n\n\n\n<p>\u201cBiz d\u0259st\u0259yimizi iki d\u0259f\u0259 art\u0131rmal\u0131y\u0131q\u201d, \u201cBu m\u00fcharib\u0259 bizim m\u00fcharib\u0259mizdir\u201d ifad\u0259l\u0259ri is\u0259 a\u00e7\u0131q \u015f\u0259kild\u0259 Putin\u0259 v\u0259 onun konyukturas\u0131na he\u00e7 bir haqq tan\u0131nmayaca\u011f\u0131n\u0131 b\u0259yan edir.<\/p>\n","protected":false},"excerpt":{"rendered":"<p>Elizabet Trass Rusiyan\u0131n BMT T\u015e, AT\u018fT v\u0259 G-20 d\u0259n \u00e7\u0131xaca\u011f\u0131na &#8230; <\/p>\n<p class=\"read-more-container\"><a title=\"Kreml \u00fc\u00e7\u00fcn \u201c\u00f6l\u00fcm f\u0259rman\u0131\u201d\" class=\"read-more button\" href=\"https:\/\/www.meydan.tv\/az\/article\/kreml-ucun-olum-fermani\/#more-243751\" aria-label=\"Read more about Kreml \u00fc\u00e7\u00fcn \u201c\u00f6l\u00fcm f\u0259rman\u0131\u201d\">Davam\u0131<\/a><\/p>\n","protected":false},"author":8,"featured_media":129937,"comment_status":"closed","ping_status":"closed","sticky":false,"template":"","format":"standard","meta":{"_acf_changed":false,"_sitemap_exclude":false,"_sitemap_priority":"","_sitemap_frequency":"","footnotes":""},"categories":[57],"tags":[],"class_list":["post-243751","post","type-post","status-publish","format-standard","has-post-thumbnail","hentry","category-menim-fikrimce","infinite-scroll-item","generate-columns","tablet-grid-50","mobile-grid-100","grid-parent","grid-33","no-featured-image-padding"],"acf":[],"yoast_head":"<!-- This site is optimized with the Yoast SEO plugin v27.4 - https:\/\/yoast.com\/product\/yoast-seo-wordpress\/ -->\n<title>Kreml \u00fc\u00e7\u00fcn \u201c\u00f6l\u00fcm f\u0259rman\u0131\u201d - MEYDAN.TV<\/title>\n<meta name=\"robots\" content=\"index, follow, max-snippet:-1, max-image-preview:large, max-video-preview:-1\" \/>\n<link rel=\"canonical\" href=\"https:\/\/www.meydan.tv\/az\/article\/kreml-ucun-olum-fermani\/\" \/>\n<meta property=\"og:locale\" content=\"az_AZ\" \/>\n<meta property=\"og:type\" content=\"article\" \/>\n<meta property=\"og:title\" content=\"Kreml \u00fc\u00e7\u00fcn \u201c\u00f6l\u00fcm f\u0259rman\u0131\u201d - MEYDAN.TV\" \/>\n<meta property=\"og:description\" content=\"Elizabet Trass Rusiyan\u0131n BMT T\u015e, AT\u018fT v\u0259 G-20 d\u0259n \u00e7\u0131xaca\u011f\u0131na ... Davam\u0131\" \/>\n<meta property=\"og:url\" content=\"https:\/\/www.meydan.tv\/az\/article\/kreml-ucun-olum-fermani\/\" \/>\n<meta property=\"og:site_name\" content=\"MEYDAN.TV\" \/>\n<meta property=\"article:published_time\" content=\"2022-04-29T12:16:34+00:00\" \/>\n<meta property=\"article:modified_time\" content=\"2022-04-29T12:16:35+00:00\" \/>\n<meta property=\"og:image\" content=\"https:\/\/www.meydan.tv\/wp-content\/uploads\/untitled_artwork_5iccn6j-scaled.jpg\" \/>\n\t<meta property=\"og:image:width\" content=\"2560\" \/>\n\t<meta property=\"og:image:height\" content=\"1440\" \/>\n\t<meta property=\"og:image:type\" content=\"image\/jpeg\" \/>\n<meta name=\"author\" content=\"elli\" \/>\n<meta name=\"twitter:card\" content=\"summary_large_image\" \/>\n<meta name=\"twitter:creator\" content=\"@elli\" \/>\n<script type=\"application\/ld+json\" class=\"yoast-schema-graph\">{\"@context\":\"https:\\\/\\\/schema.org\",\"@graph\":[{\"@type\":\"Article\",\"@id\":\"https:\\\/\\\/www.meydan.tv\\\/az\\\/article\\\/kreml-ucun-olum-fermani\\\/#article\",\"isPartOf\":{\"@id\":\"https:\\\/\\\/www.meydan.tv\\\/az\\\/article\\\/kreml-ucun-olum-fermani\\\/\"},\"author\":{\"name\":\"elli\",\"@id\":\"https:\\\/\\\/www.meydan.tv\\\/az\\\/#\\\/schema\\\/person\\\/9cdbecf90d17180ce1dfbd95b08dcf47\"},\"headline\":\"Kreml \u00fc\u00e7\u00fcn \u201c\u00f6l\u00fcm f\u0259rman\u0131\u201d\",\"datePublished\":\"2022-04-29T12:16:34+00:00\",\"dateModified\":\"2022-04-29T12:16:35+00:00\",\"mainEntityOfPage\":{\"@id\":\"https:\\\/\\\/www.meydan.tv\\\/az\\\/article\\\/kreml-ucun-olum-fermani\\\/\"},\"wordCount\":792,\"publisher\":{\"@id\":\"https:\\\/\\\/www.meydan.tv\\\/az\\\/#organization\"},\"image\":{\"@id\":\"https:\\\/\\\/www.meydan.tv\\\/az\\\/article\\\/kreml-ucun-olum-fermani\\\/#primaryimage\"},\"thumbnailUrl\":\"https:\\\/\\\/www.meydan.tv\\\/wp-content\\\/uploads\\\/untitled_artwork_5iccn6j-scaled.jpg\",\"articleSection\":[\"M\u0259nim Fikrimc\u0259\"],\"inLanguage\":\"az\"},{\"@type\":\"WebPage\",\"@id\":\"https:\\\/\\\/www.meydan.tv\\\/az\\\/article\\\/kreml-ucun-olum-fermani\\\/\",\"url\":\"https:\\\/\\\/www.meydan.tv\\\/az\\\/article\\\/kreml-ucun-olum-fermani\\\/\",\"name\":\"Kreml \u00fc\u00e7\u00fcn \u201c\u00f6l\u00fcm f\u0259rman\u0131\u201d - MEYDAN.TV\",\"isPartOf\":{\"@id\":\"https:\\\/\\\/www.meydan.tv\\\/az\\\/#website\"},\"primaryImageOfPage\":{\"@id\":\"https:\\\/\\\/www.meydan.tv\\\/az\\\/article\\\/kreml-ucun-olum-fermani\\\/#primaryimage\"},\"image\":{\"@id\":\"https:\\\/\\\/www.meydan.tv\\\/az\\\/article\\\/kreml-ucun-olum-fermani\\\/#primaryimage\"},\"thumbnailUrl\":\"https:\\\/\\\/www.meydan.tv\\\/wp-content\\\/uploads\\\/untitled_artwork_5iccn6j-scaled.jpg\",\"datePublished\":\"2022-04-29T12:16:34+00:00\",\"dateModified\":\"2022-04-29T12:16:35+00:00\",\"breadcrumb\":{\"@id\":\"https:\\\/\\\/www.meydan.tv\\\/az\\\/article\\\/kreml-ucun-olum-fermani\\\/#breadcrumb\"},\"inLanguage\":\"az\",\"potentialAction\":[{\"@type\":\"ReadAction\",\"target\":[\"https:\\\/\\\/www.meydan.tv\\\/az\\\/article\\\/kreml-ucun-olum-fermani\\\/\"]}]},{\"@type\":\"ImageObject\",\"inLanguage\":\"az\",\"@id\":\"https:\\\/\\\/www.meydan.tv\\\/az\\\/article\\\/kreml-ucun-olum-fermani\\\/#primaryimage\",\"url\":\"https:\\\/\\\/www.meydan.tv\\\/wp-content\\\/uploads\\\/untitled_artwork_5iccn6j-scaled.jpg\",\"contentUrl\":\"https:\\\/\\\/www.meydan.tv\\\/wp-content\\\/uploads\\\/untitled_artwork_5iccn6j-scaled.jpg\",\"width\":2560,\"height\":1440,\"caption\":\"Seymur H\u0259zi, Foto:: Meydan TV\"},{\"@type\":\"BreadcrumbList\",\"@id\":\"https:\\\/\\\/www.meydan.tv\\\/az\\\/article\\\/kreml-ucun-olum-fermani\\\/#breadcrumb\",\"itemListElement\":[{\"@type\":\"ListItem\",\"position\":1,\"name\":\"Ana s\u0259hif\u0259\",\"item\":\"https:\\\/\\\/www.meydan.tv\\\/az\\\/\"},{\"@type\":\"ListItem\",\"position\":2,\"name\":\"M\u0259nim Fikrimc\u0259\",\"item\":\"https:\\\/\\\/www.meydan.tv\\\/az\\\/section\\\/menim-fikrimce\\\/\"},{\"@type\":\"ListItem\",\"position\":3,\"name\":\"Kreml \u00fc\u00e7\u00fcn \u201c\u00f6l\u00fcm f\u0259rman\u0131\u201d\"}]},{\"@type\":\"WebSite\",\"@id\":\"https:\\\/\\\/www.meydan.tv\\\/az\\\/#website\",\"url\":\"https:\\\/\\\/www.meydan.tv\\\/az\\\/\",\"name\":\"MEYDAN.TV\",\"description\":\"Meydan TV Az\u0259rbaycan\u0131n media m\u0259kan\u0131ndak\u0131 alternativ s\u0259sidir\",\"publisher\":{\"@id\":\"https:\\\/\\\/www.meydan.tv\\\/az\\\/#organization\"},\"potentialAction\":[{\"@type\":\"SearchAction\",\"target\":{\"@type\":\"EntryPoint\",\"urlTemplate\":\"https:\\\/\\\/www.meydan.tv\\\/az\\\/?s={search_term_string}\"},\"query-input\":{\"@type\":\"PropertyValueSpecification\",\"valueRequired\":true,\"valueName\":\"search_term_string\"}}],\"inLanguage\":\"az\"},{\"@type\":\"Organization\",\"@id\":\"https:\\\/\\\/www.meydan.tv\\\/az\\\/#organization\",\"name\":\"Meydan TV\",\"url\":\"https:\\\/\\\/www.meydan.tv\\\/az\\\/\",\"logo\":{\"@type\":\"ImageObject\",\"inLanguage\":\"az\",\"@id\":\"https:\\\/\\\/www.meydan.tv\\\/az\\\/#\\\/schema\\\/logo\\\/image\\\/\",\"url\":\"https:\\\/\\\/www.meydan.tv\\\/wp-content\\\/uploads\\\/2021\\\/07\\\/meydan-logo.svg\",\"contentUrl\":\"https:\\\/\\\/www.meydan.tv\\\/wp-content\\\/uploads\\\/2021\\\/07\\\/meydan-logo.svg\",\"width\":195,\"height\":46,\"caption\":\"Meydan TV\"},\"image\":{\"@id\":\"https:\\\/\\\/www.meydan.tv\\\/az\\\/#\\\/schema\\\/logo\\\/image\\\/\"}},{\"@type\":\"Person\",\"@id\":\"https:\\\/\\\/www.meydan.tv\\\/az\\\/#\\\/schema\\\/person\\\/9cdbecf90d17180ce1dfbd95b08dcf47\",\"name\":\"elli\",\"sameAs\":[\"https:\\\/\\\/x.com\\\/elli\"]}]}<\/script>\n<!-- \/ Yoast SEO plugin. -->","yoast_head_json":{"title":"Kreml \u00fc\u00e7\u00fcn \u201c\u00f6l\u00fcm f\u0259rman\u0131\u201d - MEYDAN.TV","robots":{"index":"index","follow":"follow","max-snippet":"max-snippet:-1","max-image-preview":"max-image-preview:large","max-video-preview":"max-video-preview:-1"},"canonical":"https:\/\/www.meydan.tv\/az\/article\/kreml-ucun-olum-fermani\/","og_locale":"az_AZ","og_type":"article","og_title":"Kreml \u00fc\u00e7\u00fcn \u201c\u00f6l\u00fcm f\u0259rman\u0131\u201d - MEYDAN.TV","og_description":"Elizabet Trass Rusiyan\u0131n BMT T\u015e, AT\u018fT v\u0259 G-20 d\u0259n \u00e7\u0131xaca\u011f\u0131na ... Davam\u0131","og_url":"https:\/\/www.meydan.tv\/az\/article\/kreml-ucun-olum-fermani\/","og_site_name":"MEYDAN.TV","article_published_time":"2022-04-29T12:16:34+00:00","article_modified_time":"2022-04-29T12:16:35+00:00","og_image":[{"width":2560,"height":1440,"url":"https:\/\/www.meydan.tv\/wp-content\/uploads\/untitled_artwork_5iccn6j-scaled.jpg","type":"image\/jpeg"}],"author":"elli","twitter_card":"summary_large_image","twitter_creator":"@elli","schema":{"@context":"https:\/\/schema.org","@graph":[{"@type":"Article","@id":"https:\/\/www.meydan.tv\/az\/article\/kreml-ucun-olum-fermani\/#article","isPartOf":{"@id":"https:\/\/www.meydan.tv\/az\/article\/kreml-ucun-olum-fermani\/"},"author":{"name":"elli","@id":"https:\/\/www.meydan.tv\/az\/#\/schema\/person\/9cdbecf90d17180ce1dfbd95b08dcf47"},"headline":"Kreml \u00fc\u00e7\u00fcn \u201c\u00f6l\u00fcm f\u0259rman\u0131\u201d","datePublished":"2022-04-29T12:16:34+00:00","dateModified":"2022-04-29T12:16:35+00:00","mainEntityOfPage":{"@id":"https:\/\/www.meydan.tv\/az\/article\/kreml-ucun-olum-fermani\/"},"wordCount":792,"publisher":{"@id":"https:\/\/www.meydan.tv\/az\/#organization"},"image":{"@id":"https:\/\/www.meydan.tv\/az\/article\/kreml-ucun-olum-fermani\/#primaryimage"},"thumbnailUrl":"https:\/\/www.meydan.tv\/wp-content\/uploads\/untitled_artwork_5iccn6j-scaled.jpg","articleSection":["M\u0259nim Fikrimc\u0259"],"inLanguage":"az"},{"@type":"WebPage","@id":"https:\/\/www.meydan.tv\/az\/article\/kreml-ucun-olum-fermani\/","url":"https:\/\/www.meydan.tv\/az\/article\/kreml-ucun-olum-fermani\/","name":"Kreml \u00fc\u00e7\u00fcn \u201c\u00f6l\u00fcm f\u0259rman\u0131\u201d - MEYDAN.TV","isPartOf":{"@id":"https:\/\/www.meydan.tv\/az\/#website"},"primaryImageOfPage":{"@id":"https:\/\/www.meydan.tv\/az\/article\/kreml-ucun-olum-fermani\/#primaryimage"},"image":{"@id":"https:\/\/www.meydan.tv\/az\/article\/kreml-ucun-olum-fermani\/#primaryimage"},"thumbnailUrl":"https:\/\/www.meydan.tv\/wp-content\/uploads\/untitled_artwork_5iccn6j-scaled.jpg","datePublished":"2022-04-29T12:16:34+00:00","dateModified":"2022-04-29T12:16:35+00:00","breadcrumb":{"@id":"https:\/\/www.meydan.tv\/az\/article\/kreml-ucun-olum-fermani\/#breadcrumb"},"inLanguage":"az","potentialAction":[{"@type":"ReadAction","target":["https:\/\/www.meydan.tv\/az\/article\/kreml-ucun-olum-fermani\/"]}]},{"@type":"ImageObject","inLanguage":"az","@id":"https:\/\/www.meydan.tv\/az\/article\/kreml-ucun-olum-fermani\/#primaryimage","url":"https:\/\/www.meydan.tv\/wp-content\/uploads\/untitled_artwork_5iccn6j-scaled.jpg","contentUrl":"https:\/\/www.meydan.tv\/wp-content\/uploads\/untitled_artwork_5iccn6j-scaled.jpg","width":2560,"height":1440,"caption":"Seymur H\u0259zi, Foto:: Meydan TV"},{"@type":"BreadcrumbList","@id":"https:\/\/www.meydan.tv\/az\/article\/kreml-ucun-olum-fermani\/#breadcrumb","itemListElement":[{"@type":"ListItem","position":1,"name":"Ana s\u0259hif\u0259","item":"https:\/\/www.meydan.tv\/az\/"},{"@type":"ListItem","position":2,"name":"M\u0259nim Fikrimc\u0259","item":"https:\/\/www.meydan.tv\/az\/section\/menim-fikrimce\/"},{"@type":"ListItem","position":3,"name":"Kreml \u00fc\u00e7\u00fcn \u201c\u00f6l\u00fcm f\u0259rman\u0131\u201d"}]},{"@type":"WebSite","@id":"https:\/\/www.meydan.tv\/az\/#website","url":"https:\/\/www.meydan.tv\/az\/","name":"MEYDAN.TV","description":"Meydan TV Az\u0259rbaycan\u0131n media m\u0259kan\u0131ndak\u0131 alternativ s\u0259sidir","publisher":{"@id":"https:\/\/www.meydan.tv\/az\/#organization"},"potentialAction":[{"@type":"SearchAction","target":{"@type":"EntryPoint","urlTemplate":"https:\/\/www.meydan.tv\/az\/?s={search_term_string}"},"query-input":{"@type":"PropertyValueSpecification","valueRequired":true,"valueName":"search_term_string"}}],"inLanguage":"az"},{"@type":"Organization","@id":"https:\/\/www.meydan.tv\/az\/#organization","name":"Meydan TV","url":"https:\/\/www.meydan.tv\/az\/","logo":{"@type":"ImageObject","inLanguage":"az","@id":"https:\/\/www.meydan.tv\/az\/#\/schema\/logo\/image\/","url":"https:\/\/www.meydan.tv\/wp-content\/uploads\/2021\/07\/meydan-logo.svg","contentUrl":"https:\/\/www.meydan.tv\/wp-content\/uploads\/2021\/07\/meydan-logo.svg","width":195,"height":46,"caption":"Meydan TV"},"image":{"@id":"https:\/\/www.meydan.tv\/az\/#\/schema\/logo\/image\/"}},{"@type":"Person","@id":"https:\/\/www.meydan.tv\/az\/#\/schema\/person\/9cdbecf90d17180ce1dfbd95b08dcf47","name":"elli","sameAs":["https:\/\/x.com\/elli"]}]}},"_links":{"self":[{"href":"https:\/\/www.meydan.tv\/az\/wp-json\/wp\/v2\/posts\/243751","targetHints":{"allow":["GET"]}}],"collection":[{"href":"https:\/\/www.meydan.tv\/az\/wp-json\/wp\/v2\/posts"}],"about":[{"href":"https:\/\/www.meydan.tv\/az\/wp-json\/wp\/v2\/types\/post"}],"author":[{"embeddable":true,"href":"https:\/\/www.meydan.tv\/az\/wp-json\/wp\/v2\/users\/8"}],"replies":[{"embeddable":true,"href":"https:\/\/www.meydan.tv\/az\/wp-json\/wp\/v2\/comments?post=243751"}],"version-history":[{"count":1,"href":"https:\/\/www.meydan.tv\/az\/wp-json\/wp\/v2\/posts\/243751\/revisions"}],"predecessor-version":[{"id":243752,"href":"https:\/\/www.meydan.tv\/az\/wp-json\/wp\/v2\/posts\/243751\/revisions\/243752"}],"wp:featuredmedia":[{"embeddable":true,"href":"https:\/\/www.meydan.tv\/az\/wp-json\/wp\/v2\/media\/129937"}],"wp:attachment":[{"href":"https:\/\/www.meydan.tv\/az\/wp-json\/wp\/v2\/media?parent=243751"}],"wp:term":[{"taxonomy":"category","embeddable":true,"href":"https:\/\/www.meydan.tv\/az\/wp-json\/wp\/v2\/categories?post=243751"},{"taxonomy":"post_tag","embeddable":true,"href":"https:\/\/www.meydan.tv\/az\/wp-json\/wp\/v2\/tags?post=243751"}],"curies":[{"name":"wp","href":"https:\/\/api.w.org\/{rel}","templated":true}]}}