{"id":243656,"date":"2022-04-28T22:10:38","date_gmt":"2022-04-28T18:10:38","guid":{"rendered":"https:\/\/www.meydan.tv\/?p=243656"},"modified":"2022-04-28T22:10:40","modified_gmt":"2022-04-28T18:10:40","slug":"leyla-seyidbeyli-teqaude-gonderilib","status":"publish","type":"post","link":"https:\/\/www.meydan.tv\/az\/article\/leyla-seyidbeyli-teqaude-gonderilib\/","title":{"rendered":"Leyla Seyidb\u0259yli t\u0259qa\u00fcd\u0259 g\u00f6nd\u0259rilib"},"content":{"rendered":"\n<p><\/p>\n\n\n\n<p><em>Elmi T\u0259dqiqat A\u011fciy\u0259r X\u0259st\u0259likl\u0259ri \u0130nstitunun direktoru da v\u0259zif\u0259sind\u0259n azad edilib<\/em><\/p>\n\n\n\n<p>Aprelin 28-d\u0259 Bak\u0131dak\u0131 7 sayl\u0131 do\u011fum evinin ba\u015f h\u0259kimi Leyla Seyidb\u0259yli t\u0259qa\u00fcd\u0259 g\u00f6nd\u0259rilib. Fakt\u0131 T\u018fB\u0130B-d\u0259n t\u0259sdiql\u0259yibl\u0259r. Onun yerin\u0259 mama-ginekoloq S\u0259ad\u0259t \u015e\u0259miyeva t\u0259yin olunub.<\/p>\n\n\n\n<p>Leyla Seyidb\u0259yli 2012-ci il\u0259 q\u0259d\u0259r Bak\u0131 \u015f\u0259h\u0259r S\u0259hiyy\u0259 \u0130dar\u0259sinin r\u0259isi olub. 2012-2018-ci ill\u0259rd\u0259 M\u0259rk\u0259zi Neft\u00e7il\u0259r X\u0259st\u0259xanas\u0131n\u0131n ba\u015f h\u0259kimi, 2018-ci ild\u0259n is\u0259 7 sayl\u0131 do\u011fum evinin ba\u015f h\u0259kimi idi.<\/p>\n\n\n\n<p>O, Bak\u0131 A\u011f\u0131r Cinay\u0259tl\u0259r M\u0259hk\u0259m\u0259sinin hakimi \u018fnv\u0259r Seyidovun bac\u0131s\u0131 v\u0259 parlamentin ke\u00e7mi\u015f spikeri Oqtay \u018fs\u0259dovun qudas\u0131 kimi d\u0259 tan\u0131n\u0131rd\u0131. Yerli m\u0259tbuatda ba\u015f h\u0259kimin f\u0259aliyy\u0259ti il\u0259 ba\u011fl\u0131 xeyli t\u0259nqidi materiallara rast g\u0259lm\u0259k m\u00fcmk\u00fcnd\u00fcr.<\/p>\n\n\n\n<p>Bir g\u00fcn \u0259vv\u0259l is\u0259 Elmi T\u0259dqiqat A\u011fciy\u0259r X\u0259st\u0259likl\u0259ri \u0130nstitunun direktoru H\u0259qiq\u0259t Q\u0259dirova v\u0259zif\u0259sind\u0259n azad edilib. O, 2017-ci ild\u0259n bu v\u0259zif\u0259d\u0259 idi. H\u0259qiq\u0259t Q\u0259dirovan\u0131n ad\u0131 bir \u00e7ox qalmaqalda hallan\u0131rd\u0131. 2018-ci ild\u0259 U\u015faq A\u011fciy\u0259r V\u0259r\u0259mi \u015f\u00f6b\u0259sinin h\u0259kimi, tibb elml\u0259ri namiz\u0259di S\u0259bin\u0259 M\u0259mm\u0259dova ke\u00e7iril\u0259n iclasda direktora etiraz etmi\u015fdi v\u0259 bununla ba\u011fl\u0131 videog\u00f6r\u00fcnt\u00fc yay\u0131mlanm\u0131\u015fd\u0131. H\u0259min iclasdan sonra S\u0259bin\u0259 M\u0259mm\u0259dova i\u015fd\u0259n <a href=\"https:\/\/www.meydan.tv\/az\/article\/isden-cixarilan-hekim-institutun-direktorunu-mehkemeye-vermeye-hazirlasir\/\" target=\"_blank\" rel=\"noreferrer noopener\">\u00e7\u0131xar\u0131lm\u0131\u015fd\u0131<\/a>.<\/p>\n\n\n\n<p>V\u0259r\u0259mli x\u0259st\u0259l\u0259r\u0259 saxta aray\u0131\u015flar\u0131n verilm\u0259si m\u0259s\u0259l\u0259sind\u0259 d\u0259 institutun ad\u0131 <a href=\"https:\/\/www.meydan.tv\/az\/article\/veremli-xestelere-islemeleri-ucun-saxta-arayis-verilir\/\" target=\"_blank\" rel=\"noreferrer noopener\">hallan\u0131rd\u0131<\/a>.<\/p>\n\n\n\n<p>Elmi T\u0259dqiqat A\u011fciy\u0259r X\u0259st\u0259likl\u0259ri \u0130nstitunun daha bir h\u0259kimi is\u0259 ayr\u0131-se\u00e7kiliy\u0259 m\u0259ruz qald\u0131\u011f\u0131 \u00fc\u00e7\u00fcn intihar h\u0259ddin\u0259 \u00e7atd\u0131\u011f\u0131n\u0131 <a href=\"https:\/\/www.meydan.tv\/az\/article\/ayri-seckiliye-haqsizliga-dozmeyen-hekim-intihar-heddine-catib\/\" target=\"_blank\" rel=\"noreferrer noopener\">deyirdi<\/a>.<\/p>\n","protected":false},"excerpt":{"rendered":"<p>Elmi T\u0259dqiqat A\u011fciy\u0259r X\u0259st\u0259likl\u0259ri \u0130nstitunun direktoru da v\u0259zif\u0259sind\u0259n azad edilib &#8230; <\/p>\n<p class=\"read-more-container\"><a title=\"Leyla Seyidb\u0259yli t\u0259qa\u00fcd\u0259 g\u00f6nd\u0259rilib\" class=\"read-more button\" href=\"https:\/\/www.meydan.tv\/az\/article\/leyla-seyidbeyli-teqaude-gonderilib\/#more-243656\" aria-label=\"Read more about Leyla Seyidb\u0259yli t\u0259qa\u00fcd\u0259 g\u00f6nd\u0259rilib\">Davam\u0131<\/a><\/p>\n","protected":false},"author":8,"featured_media":243657,"comment_status":"closed","ping_status":"closed","sticky":false,"template":"","format":"standard","meta":{"_acf_changed":false,"_sitemap_exclude":false,"_sitemap_priority":"","_sitemap_frequency":"","footnotes":""},"categories":[54,56],"tags":[],"class_list":["post-243656","post","type-post","status-publish","format-standard","has-post-thumbnail","hentry","category-sagliq","category-xeberler","infinite-scroll-item","generate-columns","tablet-grid-50","mobile-grid-100","grid-parent","grid-33","no-featured-image-padding"],"acf":[],"yoast_head":"<!-- This site is optimized with the Yoast SEO plugin v27.4 - https:\/\/yoast.com\/product\/yoast-seo-wordpress\/ -->\n<title>Leyla Seyidb\u0259yli t\u0259qa\u00fcd\u0259 g\u00f6nd\u0259rilib - MEYDAN.TV<\/title>\n<meta name=\"robots\" content=\"index, follow, max-snippet:-1, max-image-preview:large, max-video-preview:-1\" \/>\n<link rel=\"canonical\" href=\"https:\/\/www.meydan.tv\/az\/article\/leyla-seyidbeyli-teqaude-gonderilib\/\" \/>\n<meta property=\"og:locale\" content=\"az_AZ\" \/>\n<meta property=\"og:type\" content=\"article\" \/>\n<meta property=\"og:title\" content=\"Leyla Seyidb\u0259yli t\u0259qa\u00fcd\u0259 g\u00f6nd\u0259rilib - MEYDAN.TV\" \/>\n<meta property=\"og:description\" content=\"Elmi T\u0259dqiqat A\u011fciy\u0259r X\u0259st\u0259likl\u0259ri \u0130nstitunun direktoru da v\u0259zif\u0259sind\u0259n azad edilib ... Davam\u0131\" \/>\n<meta property=\"og:url\" content=\"https:\/\/www.meydan.tv\/az\/article\/leyla-seyidbeyli-teqaude-gonderilib\/\" \/>\n<meta property=\"og:site_name\" content=\"MEYDAN.TV\" \/>\n<meta property=\"article:published_time\" content=\"2022-04-28T18:10:38+00:00\" \/>\n<meta property=\"article:modified_time\" content=\"2022-04-28T18:10:40+00:00\" \/>\n<meta property=\"og:image\" content=\"https:\/\/www.meydan.tv\/wp-content\/uploads\/untitled-design-23-2.jpg\" \/>\n\t<meta property=\"og:image:width\" content=\"1200\" \/>\n\t<meta property=\"og:image:height\" content=\"800\" \/>\n\t<meta property=\"og:image:type\" content=\"image\/jpeg\" \/>\n<meta name=\"author\" content=\"elli\" \/>\n<meta name=\"twitter:card\" content=\"summary_large_image\" \/>\n<meta name=\"twitter:creator\" content=\"@elli\" \/>\n<script type=\"application\/ld+json\" class=\"yoast-schema-graph\">{\"@context\":\"https:\\\/\\\/schema.org\",\"@graph\":[{\"@type\":\"Article\",\"@id\":\"https:\\\/\\\/www.meydan.tv\\\/az\\\/article\\\/leyla-seyidbeyli-teqaude-gonderilib\\\/#article\",\"isPartOf\":{\"@id\":\"https:\\\/\\\/www.meydan.tv\\\/az\\\/article\\\/leyla-seyidbeyli-teqaude-gonderilib\\\/\"},\"author\":{\"name\":\"elli\",\"@id\":\"https:\\\/\\\/www.meydan.tv\\\/az\\\/#\\\/schema\\\/person\\\/9cdbecf90d17180ce1dfbd95b08dcf47\"},\"headline\":\"Leyla Seyidb\u0259yli t\u0259qa\u00fcd\u0259 g\u00f6nd\u0259rilib\",\"datePublished\":\"2022-04-28T18:10:38+00:00\",\"dateModified\":\"2022-04-28T18:10:40+00:00\",\"mainEntityOfPage\":{\"@id\":\"https:\\\/\\\/www.meydan.tv\\\/az\\\/article\\\/leyla-seyidbeyli-teqaude-gonderilib\\\/\"},\"wordCount\":328,\"publisher\":{\"@id\":\"https:\\\/\\\/www.meydan.tv\\\/az\\\/#organization\"},\"image\":{\"@id\":\"https:\\\/\\\/www.meydan.tv\\\/az\\\/article\\\/leyla-seyidbeyli-teqaude-gonderilib\\\/#primaryimage\"},\"thumbnailUrl\":\"https:\\\/\\\/www.meydan.tv\\\/wp-content\\\/uploads\\\/untitled-design-23-2.jpg\",\"articleSection\":[\"Sa\u011fl\u0131q\",\"X\u0259b\u0259rl\u0259r\"],\"inLanguage\":\"az\"},{\"@type\":\"WebPage\",\"@id\":\"https:\\\/\\\/www.meydan.tv\\\/az\\\/article\\\/leyla-seyidbeyli-teqaude-gonderilib\\\/\",\"url\":\"https:\\\/\\\/www.meydan.tv\\\/az\\\/article\\\/leyla-seyidbeyli-teqaude-gonderilib\\\/\",\"name\":\"Leyla Seyidb\u0259yli t\u0259qa\u00fcd\u0259 g\u00f6nd\u0259rilib - MEYDAN.TV\",\"isPartOf\":{\"@id\":\"https:\\\/\\\/www.meydan.tv\\\/az\\\/#website\"},\"primaryImageOfPage\":{\"@id\":\"https:\\\/\\\/www.meydan.tv\\\/az\\\/article\\\/leyla-seyidbeyli-teqaude-gonderilib\\\/#primaryimage\"},\"image\":{\"@id\":\"https:\\\/\\\/www.meydan.tv\\\/az\\\/article\\\/leyla-seyidbeyli-teqaude-gonderilib\\\/#primaryimage\"},\"thumbnailUrl\":\"https:\\\/\\\/www.meydan.tv\\\/wp-content\\\/uploads\\\/untitled-design-23-2.jpg\",\"datePublished\":\"2022-04-28T18:10:38+00:00\",\"dateModified\":\"2022-04-28T18:10:40+00:00\",\"breadcrumb\":{\"@id\":\"https:\\\/\\\/www.meydan.tv\\\/az\\\/article\\\/leyla-seyidbeyli-teqaude-gonderilib\\\/#breadcrumb\"},\"inLanguage\":\"az\",\"potentialAction\":[{\"@type\":\"ReadAction\",\"target\":[\"https:\\\/\\\/www.meydan.tv\\\/az\\\/article\\\/leyla-seyidbeyli-teqaude-gonderilib\\\/\"]}]},{\"@type\":\"ImageObject\",\"inLanguage\":\"az\",\"@id\":\"https:\\\/\\\/www.meydan.tv\\\/az\\\/article\\\/leyla-seyidbeyli-teqaude-gonderilib\\\/#primaryimage\",\"url\":\"https:\\\/\\\/www.meydan.tv\\\/wp-content\\\/uploads\\\/untitled-design-23-2.jpg\",\"contentUrl\":\"https:\\\/\\\/www.meydan.tv\\\/wp-content\\\/uploads\\\/untitled-design-23-2.jpg\",\"width\":1200,\"height\":800,\"caption\":\"Leyla Seyidb\u0259yli v\u0259 H\u0259qiq\u0259t Q\u0259dirova. Foto: report.az v\u0259 konkret.az\"},{\"@type\":\"BreadcrumbList\",\"@id\":\"https:\\\/\\\/www.meydan.tv\\\/az\\\/article\\\/leyla-seyidbeyli-teqaude-gonderilib\\\/#breadcrumb\",\"itemListElement\":[{\"@type\":\"ListItem\",\"position\":1,\"name\":\"Ana s\u0259hif\u0259\",\"item\":\"https:\\\/\\\/www.meydan.tv\\\/az\\\/\"},{\"@type\":\"ListItem\",\"position\":2,\"name\":\"Sa\u011fl\u0131q\",\"item\":\"https:\\\/\\\/www.meydan.tv\\\/az\\\/section\\\/sagliq\\\/\"},{\"@type\":\"ListItem\",\"position\":3,\"name\":\"Leyla Seyidb\u0259yli t\u0259qa\u00fcd\u0259 g\u00f6nd\u0259rilib\"}]},{\"@type\":\"WebSite\",\"@id\":\"https:\\\/\\\/www.meydan.tv\\\/az\\\/#website\",\"url\":\"https:\\\/\\\/www.meydan.tv\\\/az\\\/\",\"name\":\"MEYDAN.TV\",\"description\":\"Meydan TV Az\u0259rbaycan\u0131n media m\u0259kan\u0131ndak\u0131 alternativ s\u0259sidir\",\"publisher\":{\"@id\":\"https:\\\/\\\/www.meydan.tv\\\/az\\\/#organization\"},\"potentialAction\":[{\"@type\":\"SearchAction\",\"target\":{\"@type\":\"EntryPoint\",\"urlTemplate\":\"https:\\\/\\\/www.meydan.tv\\\/az\\\/?s={search_term_string}\"},\"query-input\":{\"@type\":\"PropertyValueSpecification\",\"valueRequired\":true,\"valueName\":\"search_term_string\"}}],\"inLanguage\":\"az\"},{\"@type\":\"Organization\",\"@id\":\"https:\\\/\\\/www.meydan.tv\\\/az\\\/#organization\",\"name\":\"Meydan TV\",\"url\":\"https:\\\/\\\/www.meydan.tv\\\/az\\\/\",\"logo\":{\"@type\":\"ImageObject\",\"inLanguage\":\"az\",\"@id\":\"https:\\\/\\\/www.meydan.tv\\\/az\\\/#\\\/schema\\\/logo\\\/image\\\/\",\"url\":\"https:\\\/\\\/www.meydan.tv\\\/wp-content\\\/uploads\\\/2021\\\/07\\\/meydan-logo.svg\",\"contentUrl\":\"https:\\\/\\\/www.meydan.tv\\\/wp-content\\\/uploads\\\/2021\\\/07\\\/meydan-logo.svg\",\"width\":195,\"height\":46,\"caption\":\"Meydan TV\"},\"image\":{\"@id\":\"https:\\\/\\\/www.meydan.tv\\\/az\\\/#\\\/schema\\\/logo\\\/image\\\/\"}},{\"@type\":\"Person\",\"@id\":\"https:\\\/\\\/www.meydan.tv\\\/az\\\/#\\\/schema\\\/person\\\/9cdbecf90d17180ce1dfbd95b08dcf47\",\"name\":\"elli\",\"sameAs\":[\"https:\\\/\\\/x.com\\\/elli\"]}]}<\/script>\n<!-- \/ Yoast SEO plugin. -->","yoast_head_json":{"title":"Leyla Seyidb\u0259yli t\u0259qa\u00fcd\u0259 g\u00f6nd\u0259rilib - MEYDAN.TV","robots":{"index":"index","follow":"follow","max-snippet":"max-snippet:-1","max-image-preview":"max-image-preview:large","max-video-preview":"max-video-preview:-1"},"canonical":"https:\/\/www.meydan.tv\/az\/article\/leyla-seyidbeyli-teqaude-gonderilib\/","og_locale":"az_AZ","og_type":"article","og_title":"Leyla Seyidb\u0259yli t\u0259qa\u00fcd\u0259 g\u00f6nd\u0259rilib - MEYDAN.TV","og_description":"Elmi T\u0259dqiqat A\u011fciy\u0259r X\u0259st\u0259likl\u0259ri \u0130nstitunun direktoru da v\u0259zif\u0259sind\u0259n azad edilib ... Davam\u0131","og_url":"https:\/\/www.meydan.tv\/az\/article\/leyla-seyidbeyli-teqaude-gonderilib\/","og_site_name":"MEYDAN.TV","article_published_time":"2022-04-28T18:10:38+00:00","article_modified_time":"2022-04-28T18:10:40+00:00","og_image":[{"width":1200,"height":800,"url":"https:\/\/www.meydan.tv\/wp-content\/uploads\/untitled-design-23-2.jpg","type":"image\/jpeg"}],"author":"elli","twitter_card":"summary_large_image","twitter_creator":"@elli","schema":{"@context":"https:\/\/schema.org","@graph":[{"@type":"Article","@id":"https:\/\/www.meydan.tv\/az\/article\/leyla-seyidbeyli-teqaude-gonderilib\/#article","isPartOf":{"@id":"https:\/\/www.meydan.tv\/az\/article\/leyla-seyidbeyli-teqaude-gonderilib\/"},"author":{"name":"elli","@id":"https:\/\/www.meydan.tv\/az\/#\/schema\/person\/9cdbecf90d17180ce1dfbd95b08dcf47"},"headline":"Leyla Seyidb\u0259yli t\u0259qa\u00fcd\u0259 g\u00f6nd\u0259rilib","datePublished":"2022-04-28T18:10:38+00:00","dateModified":"2022-04-28T18:10:40+00:00","mainEntityOfPage":{"@id":"https:\/\/www.meydan.tv\/az\/article\/leyla-seyidbeyli-teqaude-gonderilib\/"},"wordCount":328,"publisher":{"@id":"https:\/\/www.meydan.tv\/az\/#organization"},"image":{"@id":"https:\/\/www.meydan.tv\/az\/article\/leyla-seyidbeyli-teqaude-gonderilib\/#primaryimage"},"thumbnailUrl":"https:\/\/www.meydan.tv\/wp-content\/uploads\/untitled-design-23-2.jpg","articleSection":["Sa\u011fl\u0131q","X\u0259b\u0259rl\u0259r"],"inLanguage":"az"},{"@type":"WebPage","@id":"https:\/\/www.meydan.tv\/az\/article\/leyla-seyidbeyli-teqaude-gonderilib\/","url":"https:\/\/www.meydan.tv\/az\/article\/leyla-seyidbeyli-teqaude-gonderilib\/","name":"Leyla Seyidb\u0259yli t\u0259qa\u00fcd\u0259 g\u00f6nd\u0259rilib - MEYDAN.TV","isPartOf":{"@id":"https:\/\/www.meydan.tv\/az\/#website"},"primaryImageOfPage":{"@id":"https:\/\/www.meydan.tv\/az\/article\/leyla-seyidbeyli-teqaude-gonderilib\/#primaryimage"},"image":{"@id":"https:\/\/www.meydan.tv\/az\/article\/leyla-seyidbeyli-teqaude-gonderilib\/#primaryimage"},"thumbnailUrl":"https:\/\/www.meydan.tv\/wp-content\/uploads\/untitled-design-23-2.jpg","datePublished":"2022-04-28T18:10:38+00:00","dateModified":"2022-04-28T18:10:40+00:00","breadcrumb":{"@id":"https:\/\/www.meydan.tv\/az\/article\/leyla-seyidbeyli-teqaude-gonderilib\/#breadcrumb"},"inLanguage":"az","potentialAction":[{"@type":"ReadAction","target":["https:\/\/www.meydan.tv\/az\/article\/leyla-seyidbeyli-teqaude-gonderilib\/"]}]},{"@type":"ImageObject","inLanguage":"az","@id":"https:\/\/www.meydan.tv\/az\/article\/leyla-seyidbeyli-teqaude-gonderilib\/#primaryimage","url":"https:\/\/www.meydan.tv\/wp-content\/uploads\/untitled-design-23-2.jpg","contentUrl":"https:\/\/www.meydan.tv\/wp-content\/uploads\/untitled-design-23-2.jpg","width":1200,"height":800,"caption":"Leyla Seyidb\u0259yli v\u0259 H\u0259qiq\u0259t Q\u0259dirova. Foto: report.az v\u0259 konkret.az"},{"@type":"BreadcrumbList","@id":"https:\/\/www.meydan.tv\/az\/article\/leyla-seyidbeyli-teqaude-gonderilib\/#breadcrumb","itemListElement":[{"@type":"ListItem","position":1,"name":"Ana s\u0259hif\u0259","item":"https:\/\/www.meydan.tv\/az\/"},{"@type":"ListItem","position":2,"name":"Sa\u011fl\u0131q","item":"https:\/\/www.meydan.tv\/az\/section\/sagliq\/"},{"@type":"ListItem","position":3,"name":"Leyla Seyidb\u0259yli t\u0259qa\u00fcd\u0259 g\u00f6nd\u0259rilib"}]},{"@type":"WebSite","@id":"https:\/\/www.meydan.tv\/az\/#website","url":"https:\/\/www.meydan.tv\/az\/","name":"MEYDAN.TV","description":"Meydan TV Az\u0259rbaycan\u0131n media m\u0259kan\u0131ndak\u0131 alternativ s\u0259sidir","publisher":{"@id":"https:\/\/www.meydan.tv\/az\/#organization"},"potentialAction":[{"@type":"SearchAction","target":{"@type":"EntryPoint","urlTemplate":"https:\/\/www.meydan.tv\/az\/?s={search_term_string}"},"query-input":{"@type":"PropertyValueSpecification","valueRequired":true,"valueName":"search_term_string"}}],"inLanguage":"az"},{"@type":"Organization","@id":"https:\/\/www.meydan.tv\/az\/#organization","name":"Meydan TV","url":"https:\/\/www.meydan.tv\/az\/","logo":{"@type":"ImageObject","inLanguage":"az","@id":"https:\/\/www.meydan.tv\/az\/#\/schema\/logo\/image\/","url":"https:\/\/www.meydan.tv\/wp-content\/uploads\/2021\/07\/meydan-logo.svg","contentUrl":"https:\/\/www.meydan.tv\/wp-content\/uploads\/2021\/07\/meydan-logo.svg","width":195,"height":46,"caption":"Meydan TV"},"image":{"@id":"https:\/\/www.meydan.tv\/az\/#\/schema\/logo\/image\/"}},{"@type":"Person","@id":"https:\/\/www.meydan.tv\/az\/#\/schema\/person\/9cdbecf90d17180ce1dfbd95b08dcf47","name":"elli","sameAs":["https:\/\/x.com\/elli"]}]}},"_links":{"self":[{"href":"https:\/\/www.meydan.tv\/az\/wp-json\/wp\/v2\/posts\/243656","targetHints":{"allow":["GET"]}}],"collection":[{"href":"https:\/\/www.meydan.tv\/az\/wp-json\/wp\/v2\/posts"}],"about":[{"href":"https:\/\/www.meydan.tv\/az\/wp-json\/wp\/v2\/types\/post"}],"author":[{"embeddable":true,"href":"https:\/\/www.meydan.tv\/az\/wp-json\/wp\/v2\/users\/8"}],"replies":[{"embeddable":true,"href":"https:\/\/www.meydan.tv\/az\/wp-json\/wp\/v2\/comments?post=243656"}],"version-history":[{"count":2,"href":"https:\/\/www.meydan.tv\/az\/wp-json\/wp\/v2\/posts\/243656\/revisions"}],"predecessor-version":[{"id":243661,"href":"https:\/\/www.meydan.tv\/az\/wp-json\/wp\/v2\/posts\/243656\/revisions\/243661"}],"wp:featuredmedia":[{"embeddable":true,"href":"https:\/\/www.meydan.tv\/az\/wp-json\/wp\/v2\/media\/243657"}],"wp:attachment":[{"href":"https:\/\/www.meydan.tv\/az\/wp-json\/wp\/v2\/media?parent=243656"}],"wp:term":[{"taxonomy":"category","embeddable":true,"href":"https:\/\/www.meydan.tv\/az\/wp-json\/wp\/v2\/categories?post=243656"},{"taxonomy":"post_tag","embeddable":true,"href":"https:\/\/www.meydan.tv\/az\/wp-json\/wp\/v2\/tags?post=243656"}],"curies":[{"name":"wp","href":"https:\/\/api.w.org\/{rel}","templated":true}]}}