{"id":243636,"date":"2022-04-28T18:50:33","date_gmt":"2022-04-28T14:50:33","guid":{"rendered":"https:\/\/www.meydan.tv\/?p=243636"},"modified":"2022-04-28T18:50:35","modified_gmt":"2022-04-28T14:50:35","slug":"terter-isi-ne-gore-hebs-edilenlerin-yeniden-arasdirmasi-aparilirmi","status":"publish","type":"post","link":"https:\/\/www.meydan.tv\/az\/article\/terter-isi-ne-gore-hebs-edilenlerin-yeniden-arasdirmasi-aparilirmi\/","title":{"rendered":"&#8220;T\u0259rt\u0259r i\u015fi&#8221; n\u0259 g\u00f6r\u0259 h\u0259bs edil\u0259nl\u0259rin yenid\u0259n ara\u015fd\u0131rmas\u0131 apar\u0131l\u0131rm\u0131?"},"content":{"rendered":"\n<figure class=\"wp-block-embed is-type-video is-provider-youtube wp-block-embed-youtube wp-embed-aspect-16-9 wp-has-aspect-ratio\"><div class=\"wp-block-embed__wrapper\">\n<iframe title=\"&quot;T\u0259rt\u0259r i\u015fi&quot; n\u0259 g\u00f6r\u0259 h\u0259bs edil\u0259nl\u0259rin yenid\u0259n ara\u015fd\u0131rmas\u0131 apar\u0131l\u0131rm\u0131?\" width=\"1200\" height=\"675\" data-src=\"https:\/\/www.youtube.com\/embed\/6k5Dm5UWCuM?feature=oembed\" frameborder=\"0\" allow=\"accelerometer; autoplay; clipboard-write; encrypted-media; gyroscope; picture-in-picture\" allowfullscreen src=\"data:image\/svg+xml;base64,PHN2ZyB3aWR0aD0iMSIgaGVpZ2h0PSIxIiB4bWxucz0iaHR0cDovL3d3dy53My5vcmcvMjAwMC9zdmciPjwvc3ZnPg==\" class=\"lazyload\" data-load-mode=\"1\"><\/iframe>\n<\/div><\/figure>\n\n\n\n<!--more-->\n\n\n\n<p>T\u0259rt\u0259r hadis\u0259l\u0259rinin qurban\u0131 olan \u015f\u0259xsin atas\u0131 Nasir \u018fliyev: &#8221; &#8220;T\u0259rt\u0259r i\u015fi&#8221; il\u0259 ba\u011fl\u0131 yeni yarad\u0131lan istintaq qrupu ancaq T\u0259rt\u0259rin \u00f6z\u00fcnd\u0259 ba\u015f ver\u0259nl\u0259ri ara\u015fd\u0131r\u0131r. T\u0259\u0259ss\u00fcf ki, prokurorluq bu cinay\u0259t i\u015fi \u00fczr\u0259 T\u0259rt\u0259rin \u00f6z\u00fcnd\u0259 yox, dig\u0259r rayonlarda i\u015fg\u0259nc\u0259 g\u00f6r\u0259n, h\u0259bs edil\u0259nl\u0259rin i\u015fini saxlad\u0131b. O ki qald\u0131, 397 n\u0259f\u0259rin z\u0259r\u0259r\u00e7\u0259kmi\u015f kimi tan\u0131nmas\u0131na, bu m\u00fcdd\u0259t \u0259rzind\u0259 mediaya \u00e7\u0131x\u0131b ba\u015f\u0131na g\u0259l\u0259nl\u0259ri dan\u0131\u015fan z\u0259r\u0259r\u00e7\u0259kmi\u015fl\u0259r i\u015f\u0259 b\u0259rpa edilmirl\u0259r. \u00d6z\u00fcn\u00fc gizli saxlayan, m\u0259tbuatda g\u00f6r\u00fcnm\u0259y\u0259nl\u0259r is\u0259 i\u015fin\u0259 b\u0259rpa olunur. M\u00fcdafi\u0259 Nazirliyi burda da bir oyun qurub sanki&#8221;<\/p>\n","protected":false},"excerpt":{"rendered":"","protected":false},"author":14,"featured_media":243637,"comment_status":"closed","ping_status":"closed","sticky":false,"template":"","format":"standard","meta":{"_acf_changed":false,"_sitemap_exclude":false,"_sitemap_priority":"","_sitemap_frequency":"","footnotes":""},"categories":[63],"tags":[],"class_list":["post-243636","post","type-post","status-publish","format-standard","has-post-thumbnail","hentry","category-video-2","infinite-scroll-item","generate-columns","tablet-grid-50","mobile-grid-100","grid-parent","grid-33","no-featured-image-padding"],"acf":[],"yoast_head":"<!-- This site is optimized with the Yoast SEO plugin v27.5 - https:\/\/yoast.com\/product\/yoast-seo-wordpress\/ -->\n<title>&quot;T\u0259rt\u0259r i\u015fi&quot; n\u0259 g\u00f6r\u0259 h\u0259bs edil\u0259nl\u0259rin yenid\u0259n ara\u015fd\u0131rmas\u0131 apar\u0131l\u0131rm\u0131? - MEYDAN.TV<\/title>\n<meta name=\"robots\" content=\"index, follow, max-snippet:-1, max-image-preview:large, max-video-preview:-1\" \/>\n<link rel=\"canonical\" href=\"https:\/\/www.meydan.tv\/az\/article\/terter-isi-ne-gore-hebs-edilenlerin-yeniden-arasdirmasi-aparilirmi\/\" \/>\n<meta property=\"og:locale\" content=\"az_AZ\" \/>\n<meta property=\"og:type\" content=\"article\" \/>\n<meta property=\"og:title\" content=\"&quot;T\u0259rt\u0259r i\u015fi&quot; n\u0259 g\u00f6r\u0259 h\u0259bs edil\u0259nl\u0259rin yenid\u0259n ara\u015fd\u0131rmas\u0131 apar\u0131l\u0131rm\u0131? - MEYDAN.TV\" \/>\n<meta property=\"og:url\" content=\"https:\/\/www.meydan.tv\/az\/article\/terter-isi-ne-gore-hebs-edilenlerin-yeniden-arasdirmasi-aparilirmi\/\" \/>\n<meta property=\"og:site_name\" content=\"MEYDAN.TV\" \/>\n<meta property=\"article:published_time\" content=\"2022-04-28T14:50:33+00:00\" \/>\n<meta property=\"article:modified_time\" content=\"2022-04-28T14:50:35+00:00\" \/>\n<meta property=\"og:image\" content=\"https:\/\/www.meydan.tv\/wp-content\/uploads\/5544.png\" \/>\n\t<meta property=\"og:image:width\" content=\"1280\" \/>\n\t<meta property=\"og:image:height\" content=\"720\" \/>\n\t<meta property=\"og:image:type\" content=\"image\/png\" \/>\n<meta name=\"author\" content=\"roma\" \/>\n<meta name=\"twitter:card\" content=\"summary_large_image\" \/>\n<script type=\"application\/ld+json\" class=\"yoast-schema-graph\">{\"@context\":\"https:\\\/\\\/schema.org\",\"@graph\":[{\"@type\":\"Article\",\"@id\":\"https:\\\/\\\/www.meydan.tv\\\/az\\\/article\\\/terter-isi-ne-gore-hebs-edilenlerin-yeniden-arasdirmasi-aparilirmi\\\/#article\",\"isPartOf\":{\"@id\":\"https:\\\/\\\/www.meydan.tv\\\/az\\\/article\\\/terter-isi-ne-gore-hebs-edilenlerin-yeniden-arasdirmasi-aparilirmi\\\/\"},\"author\":{\"name\":\"roma\",\"@id\":\"https:\\\/\\\/www.meydan.tv\\\/az\\\/#\\\/schema\\\/person\\\/8f23e01c4de63326c13c319fb65ee65d\"},\"headline\":\"&#8220;T\u0259rt\u0259r i\u015fi&#8221; n\u0259 g\u00f6r\u0259 h\u0259bs edil\u0259nl\u0259rin yenid\u0259n ara\u015fd\u0131rmas\u0131 apar\u0131l\u0131rm\u0131?\",\"datePublished\":\"2022-04-28T14:50:33+00:00\",\"dateModified\":\"2022-04-28T14:50:35+00:00\",\"mainEntityOfPage\":{\"@id\":\"https:\\\/\\\/www.meydan.tv\\\/az\\\/article\\\/terter-isi-ne-gore-hebs-edilenlerin-yeniden-arasdirmasi-aparilirmi\\\/\"},\"wordCount\":169,\"publisher\":{\"@id\":\"https:\\\/\\\/www.meydan.tv\\\/az\\\/#organization\"},\"image\":{\"@id\":\"https:\\\/\\\/www.meydan.tv\\\/az\\\/article\\\/terter-isi-ne-gore-hebs-edilenlerin-yeniden-arasdirmasi-aparilirmi\\\/#primaryimage\"},\"thumbnailUrl\":\"https:\\\/\\\/www.meydan.tv\\\/wp-content\\\/uploads\\\/5544.png\",\"articleSection\":[\"Video\"],\"inLanguage\":\"az\"},{\"@type\":\"WebPage\",\"@id\":\"https:\\\/\\\/www.meydan.tv\\\/az\\\/article\\\/terter-isi-ne-gore-hebs-edilenlerin-yeniden-arasdirmasi-aparilirmi\\\/\",\"url\":\"https:\\\/\\\/www.meydan.tv\\\/az\\\/article\\\/terter-isi-ne-gore-hebs-edilenlerin-yeniden-arasdirmasi-aparilirmi\\\/\",\"name\":\"\\\"T\u0259rt\u0259r i\u015fi\\\" n\u0259 g\u00f6r\u0259 h\u0259bs edil\u0259nl\u0259rin yenid\u0259n ara\u015fd\u0131rmas\u0131 apar\u0131l\u0131rm\u0131? - MEYDAN.TV\",\"isPartOf\":{\"@id\":\"https:\\\/\\\/www.meydan.tv\\\/az\\\/#website\"},\"primaryImageOfPage\":{\"@id\":\"https:\\\/\\\/www.meydan.tv\\\/az\\\/article\\\/terter-isi-ne-gore-hebs-edilenlerin-yeniden-arasdirmasi-aparilirmi\\\/#primaryimage\"},\"image\":{\"@id\":\"https:\\\/\\\/www.meydan.tv\\\/az\\\/article\\\/terter-isi-ne-gore-hebs-edilenlerin-yeniden-arasdirmasi-aparilirmi\\\/#primaryimage\"},\"thumbnailUrl\":\"https:\\\/\\\/www.meydan.tv\\\/wp-content\\\/uploads\\\/5544.png\",\"datePublished\":\"2022-04-28T14:50:33+00:00\",\"dateModified\":\"2022-04-28T14:50:35+00:00\",\"breadcrumb\":{\"@id\":\"https:\\\/\\\/www.meydan.tv\\\/az\\\/article\\\/terter-isi-ne-gore-hebs-edilenlerin-yeniden-arasdirmasi-aparilirmi\\\/#breadcrumb\"},\"inLanguage\":\"az\",\"potentialAction\":[{\"@type\":\"ReadAction\",\"target\":[\"https:\\\/\\\/www.meydan.tv\\\/az\\\/article\\\/terter-isi-ne-gore-hebs-edilenlerin-yeniden-arasdirmasi-aparilirmi\\\/\"]}]},{\"@type\":\"ImageObject\",\"inLanguage\":\"az\",\"@id\":\"https:\\\/\\\/www.meydan.tv\\\/az\\\/article\\\/terter-isi-ne-gore-hebs-edilenlerin-yeniden-arasdirmasi-aparilirmi\\\/#primaryimage\",\"url\":\"https:\\\/\\\/www.meydan.tv\\\/wp-content\\\/uploads\\\/5544.png\",\"contentUrl\":\"https:\\\/\\\/www.meydan.tv\\\/wp-content\\\/uploads\\\/5544.png\",\"width\":1280,\"height\":720},{\"@type\":\"BreadcrumbList\",\"@id\":\"https:\\\/\\\/www.meydan.tv\\\/az\\\/article\\\/terter-isi-ne-gore-hebs-edilenlerin-yeniden-arasdirmasi-aparilirmi\\\/#breadcrumb\",\"itemListElement\":[{\"@type\":\"ListItem\",\"position\":1,\"name\":\"Ana s\u0259hif\u0259\",\"item\":\"https:\\\/\\\/www.meydan.tv\\\/az\\\/\"},{\"@type\":\"ListItem\",\"position\":2,\"name\":\"Video\",\"item\":\"https:\\\/\\\/www.meydan.tv\\\/az\\\/section\\\/video-2\\\/\"},{\"@type\":\"ListItem\",\"position\":3,\"name\":\"&#8220;T\u0259rt\u0259r i\u015fi&#8221; n\u0259 g\u00f6r\u0259 h\u0259bs edil\u0259nl\u0259rin yenid\u0259n ara\u015fd\u0131rmas\u0131 apar\u0131l\u0131rm\u0131?\"}]},{\"@type\":\"WebSite\",\"@id\":\"https:\\\/\\\/www.meydan.tv\\\/az\\\/#website\",\"url\":\"https:\\\/\\\/www.meydan.tv\\\/az\\\/\",\"name\":\"MEYDAN.TV\",\"description\":\"Meydan TV Az\u0259rbaycan\u0131n media m\u0259kan\u0131ndak\u0131 alternativ s\u0259sidir\",\"publisher\":{\"@id\":\"https:\\\/\\\/www.meydan.tv\\\/az\\\/#organization\"},\"potentialAction\":[{\"@type\":\"SearchAction\",\"target\":{\"@type\":\"EntryPoint\",\"urlTemplate\":\"https:\\\/\\\/www.meydan.tv\\\/az\\\/?s={search_term_string}\"},\"query-input\":{\"@type\":\"PropertyValueSpecification\",\"valueRequired\":true,\"valueName\":\"search_term_string\"}}],\"inLanguage\":\"az\"},{\"@type\":\"Organization\",\"@id\":\"https:\\\/\\\/www.meydan.tv\\\/az\\\/#organization\",\"name\":\"Meydan TV\",\"url\":\"https:\\\/\\\/www.meydan.tv\\\/az\\\/\",\"logo\":{\"@type\":\"ImageObject\",\"inLanguage\":\"az\",\"@id\":\"https:\\\/\\\/www.meydan.tv\\\/az\\\/#\\\/schema\\\/logo\\\/image\\\/\",\"url\":\"https:\\\/\\\/www.meydan.tv\\\/wp-content\\\/uploads\\\/2021\\\/07\\\/meydan-logo.svg\",\"contentUrl\":\"https:\\\/\\\/www.meydan.tv\\\/wp-content\\\/uploads\\\/2021\\\/07\\\/meydan-logo.svg\",\"width\":195,\"height\":46,\"caption\":\"Meydan TV\"},\"image\":{\"@id\":\"https:\\\/\\\/www.meydan.tv\\\/az\\\/#\\\/schema\\\/logo\\\/image\\\/\"}},{\"@type\":\"Person\",\"@id\":\"https:\\\/\\\/www.meydan.tv\\\/az\\\/#\\\/schema\\\/person\\\/8f23e01c4de63326c13c319fb65ee65d\",\"name\":\"roma\"}]}<\/script>\n<!-- \/ Yoast SEO plugin. -->","yoast_head_json":{"title":"\"T\u0259rt\u0259r i\u015fi\" n\u0259 g\u00f6r\u0259 h\u0259bs edil\u0259nl\u0259rin yenid\u0259n ara\u015fd\u0131rmas\u0131 apar\u0131l\u0131rm\u0131? - MEYDAN.TV","robots":{"index":"index","follow":"follow","max-snippet":"max-snippet:-1","max-image-preview":"max-image-preview:large","max-video-preview":"max-video-preview:-1"},"canonical":"https:\/\/www.meydan.tv\/az\/article\/terter-isi-ne-gore-hebs-edilenlerin-yeniden-arasdirmasi-aparilirmi\/","og_locale":"az_AZ","og_type":"article","og_title":"\"T\u0259rt\u0259r i\u015fi\" n\u0259 g\u00f6r\u0259 h\u0259bs edil\u0259nl\u0259rin yenid\u0259n ara\u015fd\u0131rmas\u0131 apar\u0131l\u0131rm\u0131? - MEYDAN.TV","og_url":"https:\/\/www.meydan.tv\/az\/article\/terter-isi-ne-gore-hebs-edilenlerin-yeniden-arasdirmasi-aparilirmi\/","og_site_name":"MEYDAN.TV","article_published_time":"2022-04-28T14:50:33+00:00","article_modified_time":"2022-04-28T14:50:35+00:00","og_image":[{"width":1280,"height":720,"url":"https:\/\/www.meydan.tv\/wp-content\/uploads\/5544.png","type":"image\/png"}],"author":"roma","twitter_card":"summary_large_image","schema":{"@context":"https:\/\/schema.org","@graph":[{"@type":"Article","@id":"https:\/\/www.meydan.tv\/az\/article\/terter-isi-ne-gore-hebs-edilenlerin-yeniden-arasdirmasi-aparilirmi\/#article","isPartOf":{"@id":"https:\/\/www.meydan.tv\/az\/article\/terter-isi-ne-gore-hebs-edilenlerin-yeniden-arasdirmasi-aparilirmi\/"},"author":{"name":"roma","@id":"https:\/\/www.meydan.tv\/az\/#\/schema\/person\/8f23e01c4de63326c13c319fb65ee65d"},"headline":"&#8220;T\u0259rt\u0259r i\u015fi&#8221; n\u0259 g\u00f6r\u0259 h\u0259bs edil\u0259nl\u0259rin yenid\u0259n ara\u015fd\u0131rmas\u0131 apar\u0131l\u0131rm\u0131?","datePublished":"2022-04-28T14:50:33+00:00","dateModified":"2022-04-28T14:50:35+00:00","mainEntityOfPage":{"@id":"https:\/\/www.meydan.tv\/az\/article\/terter-isi-ne-gore-hebs-edilenlerin-yeniden-arasdirmasi-aparilirmi\/"},"wordCount":169,"publisher":{"@id":"https:\/\/www.meydan.tv\/az\/#organization"},"image":{"@id":"https:\/\/www.meydan.tv\/az\/article\/terter-isi-ne-gore-hebs-edilenlerin-yeniden-arasdirmasi-aparilirmi\/#primaryimage"},"thumbnailUrl":"https:\/\/www.meydan.tv\/wp-content\/uploads\/5544.png","articleSection":["Video"],"inLanguage":"az"},{"@type":"WebPage","@id":"https:\/\/www.meydan.tv\/az\/article\/terter-isi-ne-gore-hebs-edilenlerin-yeniden-arasdirmasi-aparilirmi\/","url":"https:\/\/www.meydan.tv\/az\/article\/terter-isi-ne-gore-hebs-edilenlerin-yeniden-arasdirmasi-aparilirmi\/","name":"\"T\u0259rt\u0259r i\u015fi\" n\u0259 g\u00f6r\u0259 h\u0259bs edil\u0259nl\u0259rin yenid\u0259n ara\u015fd\u0131rmas\u0131 apar\u0131l\u0131rm\u0131? - MEYDAN.TV","isPartOf":{"@id":"https:\/\/www.meydan.tv\/az\/#website"},"primaryImageOfPage":{"@id":"https:\/\/www.meydan.tv\/az\/article\/terter-isi-ne-gore-hebs-edilenlerin-yeniden-arasdirmasi-aparilirmi\/#primaryimage"},"image":{"@id":"https:\/\/www.meydan.tv\/az\/article\/terter-isi-ne-gore-hebs-edilenlerin-yeniden-arasdirmasi-aparilirmi\/#primaryimage"},"thumbnailUrl":"https:\/\/www.meydan.tv\/wp-content\/uploads\/5544.png","datePublished":"2022-04-28T14:50:33+00:00","dateModified":"2022-04-28T14:50:35+00:00","breadcrumb":{"@id":"https:\/\/www.meydan.tv\/az\/article\/terter-isi-ne-gore-hebs-edilenlerin-yeniden-arasdirmasi-aparilirmi\/#breadcrumb"},"inLanguage":"az","potentialAction":[{"@type":"ReadAction","target":["https:\/\/www.meydan.tv\/az\/article\/terter-isi-ne-gore-hebs-edilenlerin-yeniden-arasdirmasi-aparilirmi\/"]}]},{"@type":"ImageObject","inLanguage":"az","@id":"https:\/\/www.meydan.tv\/az\/article\/terter-isi-ne-gore-hebs-edilenlerin-yeniden-arasdirmasi-aparilirmi\/#primaryimage","url":"https:\/\/www.meydan.tv\/wp-content\/uploads\/5544.png","contentUrl":"https:\/\/www.meydan.tv\/wp-content\/uploads\/5544.png","width":1280,"height":720},{"@type":"BreadcrumbList","@id":"https:\/\/www.meydan.tv\/az\/article\/terter-isi-ne-gore-hebs-edilenlerin-yeniden-arasdirmasi-aparilirmi\/#breadcrumb","itemListElement":[{"@type":"ListItem","position":1,"name":"Ana s\u0259hif\u0259","item":"https:\/\/www.meydan.tv\/az\/"},{"@type":"ListItem","position":2,"name":"Video","item":"https:\/\/www.meydan.tv\/az\/section\/video-2\/"},{"@type":"ListItem","position":3,"name":"&#8220;T\u0259rt\u0259r i\u015fi&#8221; n\u0259 g\u00f6r\u0259 h\u0259bs edil\u0259nl\u0259rin yenid\u0259n ara\u015fd\u0131rmas\u0131 apar\u0131l\u0131rm\u0131?"}]},{"@type":"WebSite","@id":"https:\/\/www.meydan.tv\/az\/#website","url":"https:\/\/www.meydan.tv\/az\/","name":"MEYDAN.TV","description":"Meydan TV Az\u0259rbaycan\u0131n media m\u0259kan\u0131ndak\u0131 alternativ s\u0259sidir","publisher":{"@id":"https:\/\/www.meydan.tv\/az\/#organization"},"potentialAction":[{"@type":"SearchAction","target":{"@type":"EntryPoint","urlTemplate":"https:\/\/www.meydan.tv\/az\/?s={search_term_string}"},"query-input":{"@type":"PropertyValueSpecification","valueRequired":true,"valueName":"search_term_string"}}],"inLanguage":"az"},{"@type":"Organization","@id":"https:\/\/www.meydan.tv\/az\/#organization","name":"Meydan TV","url":"https:\/\/www.meydan.tv\/az\/","logo":{"@type":"ImageObject","inLanguage":"az","@id":"https:\/\/www.meydan.tv\/az\/#\/schema\/logo\/image\/","url":"https:\/\/www.meydan.tv\/wp-content\/uploads\/2021\/07\/meydan-logo.svg","contentUrl":"https:\/\/www.meydan.tv\/wp-content\/uploads\/2021\/07\/meydan-logo.svg","width":195,"height":46,"caption":"Meydan TV"},"image":{"@id":"https:\/\/www.meydan.tv\/az\/#\/schema\/logo\/image\/"}},{"@type":"Person","@id":"https:\/\/www.meydan.tv\/az\/#\/schema\/person\/8f23e01c4de63326c13c319fb65ee65d","name":"roma"}]}},"_links":{"self":[{"href":"https:\/\/www.meydan.tv\/az\/wp-json\/wp\/v2\/posts\/243636","targetHints":{"allow":["GET"]}}],"collection":[{"href":"https:\/\/www.meydan.tv\/az\/wp-json\/wp\/v2\/posts"}],"about":[{"href":"https:\/\/www.meydan.tv\/az\/wp-json\/wp\/v2\/types\/post"}],"author":[{"embeddable":true,"href":"https:\/\/www.meydan.tv\/az\/wp-json\/wp\/v2\/users\/14"}],"replies":[{"embeddable":true,"href":"https:\/\/www.meydan.tv\/az\/wp-json\/wp\/v2\/comments?post=243636"}],"version-history":[{"count":1,"href":"https:\/\/www.meydan.tv\/az\/wp-json\/wp\/v2\/posts\/243636\/revisions"}],"predecessor-version":[{"id":243640,"href":"https:\/\/www.meydan.tv\/az\/wp-json\/wp\/v2\/posts\/243636\/revisions\/243640"}],"wp:featuredmedia":[{"embeddable":true,"href":"https:\/\/www.meydan.tv\/az\/wp-json\/wp\/v2\/media\/243637"}],"wp:attachment":[{"href":"https:\/\/www.meydan.tv\/az\/wp-json\/wp\/v2\/media?parent=243636"}],"wp:term":[{"taxonomy":"category","embeddable":true,"href":"https:\/\/www.meydan.tv\/az\/wp-json\/wp\/v2\/categories?post=243636"},{"taxonomy":"post_tag","embeddable":true,"href":"https:\/\/www.meydan.tv\/az\/wp-json\/wp\/v2\/tags?post=243636"}],"curies":[{"name":"wp","href":"https:\/\/api.w.org\/{rel}","templated":true}]}}